{"id":59426,"date":"2019-03-09T09:00:50","date_gmt":"2019-03-09T12:00:50","guid":{"rendered":"http:\/\/patagoniambiental.com.ar\/info\/?p=59426"},"modified":"2019-03-08T15:43:46","modified_gmt":"2019-03-08T18:43:46","slug":"planifican-una-oficina-de-informacion-turistica-en-anelo","status":"publish","type":"post","link":"https:\/\/patagoniambiental.com.ar\/info\/planifican-una-oficina-de-informacion-turistica-en-anelo\/","title":{"rendered":"Planifican una oficina de informaci\u00f3n tur\u00edstica en A\u00f1elo"},"content":{"rendered":"<div class=\"td-post-header td-container\">\n<div class=\"td-post-header-holder sombra\">\n<header class=\"td-post-title\">\n<div class=\"td-module-meta-info\">A\u00f1elo.-Autoridades provinciales y municipales del sector se reunieron para avanzar en las capacitaciones, colocaci\u00f3n de carteler\u00eda informativa y b\u00fasqueda de financiamiento.<\/div>\n<\/header>\n<\/div>\n<\/div>\n<p><!--more--><\/p>\n<div class=\"td-container\">\n<div class=\"td-pb-row\">\n<div class=\"td-pb-span8 td-main-content\" role=\"main\">\n<div class=\"td-ss-main-content\">\n<div class=\"td-post-content\">\n<p>Comenzaron las gestiones para el funcionamiento de una oficina tur\u00edstica en A\u00f1elo.\u00a0 Durante la jornada de hoy, la subsecretaria de Turismo, Magdalena Ardito se reuni\u00f3 con la directora del \u00e1rea de esa ciudad, Cristina Banfi.<\/p>\n<p>El encuentro, tuvo como objetivo comenzar con un plan de capacitaciones para el presente a\u00f1o, la colocaci\u00f3n de carteler\u00eda informativa en la regi\u00f3n y la b\u00fasqueda de financiamiento para la construcci\u00f3n de una oficina de informaci\u00f3n tur\u00edstica para la localidad.<\/p>\n<p>Banfi explic\u00f3 que \u201cen este momento estamos en la etapa de capacitaciones, vamos a enfocar un programa para j\u00f3venes \u2013chicos que est\u00e1n cursando el \u00faltimo a\u00f1o de la secundaria o j\u00f3venes emprendedores\u2013 para capacitarlos a fin de que puedan formarse durante este a\u00f1o\u201d.<\/p>\n<p>Adem\u00e1s, se refiri\u00f3 al circuito tur\u00edstico de la regi\u00f3n de Vaca Muerta y el tri\u00e1ngulo que forman A\u00f1elo, Aguada San Roque y Los Chihuidos. Explic\u00f3 que A\u00f1elo \u201ces la localidad que cuenta con los servicios y las otras dos localidades tienen los atractivos naturales.\u00a0 La proyecci\u00f3n es el desarrollo de las diversas actividades que se pueden realizar en la zona, como la gastronom\u00eda, con el sello de distinci\u00f3n de la Gastronom\u00eda Neuquina, sumando a m\u00e1s establecimientos en ese rubro\u201d.<\/p>\n<p>Por otra parte, explic\u00f3 que la ministra de Turismo, Marisa Focarazzo \u201csiempre tuvo la intenci\u00f3n de colocar carteler\u00eda informativa, hay cuatro carteles que se van a colocar en todo lo que es el circuito de la ruta tur\u00edstica, en A\u00f1elo, en Aguada San Roque y en Los Chihuidos, y tambi\u00e9n, con un financiamiento del Banco Provincia del Neuqu\u00e9n, una carteler\u00eda informativa que identifica a los distintos atractivos que hoy tenemos en la zona\u201d.<\/p>\n<p>Del encuentro, tambi\u00e9n particip\u00f3 personal t\u00e9cnico de la Direcci\u00f3n Provincial de Desarrollo Tur\u00edstico y la Direcci\u00f3n General de Inversiones y Financiamiento del Ministerio de Turismo.<\/p>\n<p>Fuente: Neuquen Informa<\/p>\n<\/div>\n<\/div>\n<\/div>\n<\/div>\n<\/div>\n","protected":false},"excerpt":{"rendered":"<p>A\u00f1elo.-Autoridades provinciales y municipales del sector se reunieron para avanzar en las capacitaciones, colocaci\u00f3n de carteler\u00eda informativa y b\u00fasqueda de [&hellip;]<\/p>\n","protected":false},"author":2,"featured_media":59427,"comment_status":"open","ping_status":"open","sticky":false,"template":"","format":"standard","meta":{"site-sidebar-layout":"default","site-content-layout":"","ast-site-content-layout":"default","site-content-style":"default","site-sidebar-style":"default","ast-global-header-display":"","ast-banner-title-visibility":"","ast-main-header-display":"","ast-hfb-above-header-display":"","ast-hfb-below-header-display":"","ast-hfb-mobile-header-display":"","site-post-title":"","ast-breadcrumbs-content":"","ast-featured-img":"","footer-sml-layout":"","ast-disable-related-posts":"","theme-transparent-header-meta":"","adv-header-id-meta":"","stick-header-meta":"","header-above-stick-meta":"","header-main-stick-meta":"","header-below-stick-meta":"","astra-migrate-meta-layouts":"default","ast-page-background-enabled":"default","ast-page-background-meta":{"desktop":{"background-color":"var(--ast-global-color-5)","background-image":"","background-repeat":"repeat","background-position":"center center","background-size":"auto","background-attachment":"scroll","background-type":"","background-media":"","overlay-type":"","overlay-color":"","overlay-opacity":"","overlay-gradient":""},"tablet":{"background-color":"","background-image":"","background-repeat":"repeat","background-position":"center center","background-size":"auto","background-attachment":"scroll","background-type":"","background-media":"","overlay-type":"","overlay-color":"","overlay-opacity":"","overlay-gradient":""},"mobile":{"background-color":"","background-image":"","background-repeat":"repeat","background-position":"center center","background-size":"auto","background-attachment":"scroll","background-type":"","background-media":"","overlay-type":"","overlay-color":"","overlay-opacity":"","overlay-gradient":""}},"ast-content-background-meta":{"desktop":{"background-color":"var(--ast-global-color-4)","background-image":"","background-repeat":"repeat","background-position":"center center","background-size":"auto","background-attachment":"scroll","background-type":"","background-media":"","overlay-type":"","overlay-color":"","overlay-opacity":"","overlay-gradient":""},"tablet":{"background-color":"var(--ast-global-color-4)","background-image":"","background-repeat":"repeat","background-position":"center center","background-size":"auto","background-attachment":"scroll","background-type":"","background-media":"","overlay-type":"","overlay-color":"","overlay-opacity":"","overlay-gradient":""},"mobile":{"background-color":"var(--ast-global-color-4)","background-image":"","background-repeat":"repeat","background-position":"center center","background-size":"auto","background-attachment":"scroll","background-type":"","background-media":"","overlay-type":"","overlay-color":"","overlay-opacity":"","overlay-gradient":""}},"footnotes":""},"categories":[18,1,13],"tags":[],"class_list":["post-59426","post","type-post","status-publish","format-standard","has-post-thumbnail","hentry","category-neuquen","category-noticias","category-provinciales"],"yoast_head":"<!-- This site is optimized with the Yoast SEO Premium plugin v23.0 (Yoast SEO v27.4) - https:\/\/yoast.com\/product\/yoast-seo-premium-wordpress\/ -->\n<title>Planifican una oficina de informaci\u00f3n tur\u00edstica en A\u00f1elo<\/title>\n<meta name=\"robots\" content=\"index, follow, max-snippet:-1, max-image-preview:large, max-video-preview:-1\" \/>\n<link rel=\"canonical\" href=\"https:\/\/patagoniambiental.com.ar\/info\/planifican-una-oficina-de-informacion-turistica-en-anelo\/\" \/>\n<meta property=\"og:locale\" content=\"es_ES\" \/>\n<meta property=\"og:type\" content=\"article\" \/>\n<meta property=\"og:title\" content=\"Planifican una oficina de informaci\u00f3n tur\u00edstica en A\u00f1elo\" \/>\n<meta property=\"og:description\" content=\"A\u00f1elo.-Autoridades provinciales y municipales del sector se reunieron para avanzar en las capacitaciones, colocaci\u00f3n de carteler\u00eda informativa y b\u00fasqueda de [&hellip;]\" \/>\n<meta property=\"og:url\" content=\"https:\/\/patagoniambiental.com.ar\/info\/planifican-una-oficina-de-informacion-turistica-en-anelo\/\" \/>\n<meta property=\"og:site_name\" content=\"Patagonia Ambiental\" \/>\n<meta property=\"article:publisher\" content=\"https:\/\/www.facebook.com\/patagonia.ambiental\" \/>\n<meta property=\"article:author\" content=\"https:\/\/www.facebook.com\/share\/1C1V8Gv9BX\/?mibextid=qi2Omg\" \/>\n<meta property=\"article:published_time\" content=\"2019-03-09T12:00:50+00:00\" \/>\n<meta property=\"og:image\" content=\"https:\/\/patagoniambiental.com.ar\/info\/wp-content\/uploads\/2019\/03\/WEB-Planifican-construir-una-oficina-de-informaci\u00f3n-tur\u00edstica-en-A\u00f1elo-DSC_0223-1068x528.jpg\" \/>\n\t<meta property=\"og:image:width\" content=\"1068\" \/>\n\t<meta property=\"og:image:height\" content=\"528\" \/>\n\t<meta property=\"og:image:type\" content=\"image\/jpeg\" \/>\n<meta name=\"author\" content=\"Patagonia Ambiental\" \/>\n<meta name=\"twitter:card\" content=\"summary_large_image\" \/>\n<meta name=\"twitter:creator\" content=\"@PatAmb\" \/>\n<meta name=\"twitter:site\" content=\"@PatAmb\" \/>\n<script type=\"application\/ld+json\" class=\"yoast-schema-graph\">{\"@context\":\"https:\\\/\\\/schema.org\",\"@graph\":[{\"@type\":\"Article\",\"@id\":\"https:\\\/\\\/patagoniambiental.com.ar\\\/info\\\/planifican-una-oficina-de-informacion-turistica-en-anelo\\\/#article\",\"isPartOf\":{\"@id\":\"https:\\\/\\\/patagoniambiental.com.ar\\\/info\\\/planifican-una-oficina-de-informacion-turistica-en-anelo\\\/\"},\"author\":{\"name\":\"Patagonia Ambiental\",\"@id\":\"https:\\\/\\\/patagoniambiental.com.ar\\\/info\\\/#\\\/schema\\\/person\\\/db12bff64bbcbf6a253710bf0ea37b5d\"},\"headline\":\"Planifican una oficina de informaci\u00f3n tur\u00edstica en A\u00f1elo\",\"datePublished\":\"2019-03-09T12:00:50+00:00\",\"mainEntityOfPage\":{\"@id\":\"https:\\\/\\\/patagoniambiental.com.ar\\\/info\\\/planifican-una-oficina-de-informacion-turistica-en-anelo\\\/\"},\"wordCount\":373,\"commentCount\":0,\"publisher\":{\"@id\":\"https:\\\/\\\/patagoniambiental.com.ar\\\/info\\\/#organization\"},\"image\":{\"@id\":\"https:\\\/\\\/patagoniambiental.com.ar\\\/info\\\/planifican-una-oficina-de-informacion-turistica-en-anelo\\\/#primaryimage\"},\"thumbnailUrl\":\"https:\\\/\\\/patagoniambiental.com.ar\\\/info\\\/wp-content\\\/uploads\\\/2019\\\/03\\\/WEB-Planifican-construir-una-oficina-de-informaci\u00f3n-tur\u00edstica-en-A\u00f1elo-DSC_0223-1068x528.jpg\",\"articleSection\":[\"Neuqu\u00e9n\",\"Noticias\",\"Provinciales\"],\"inLanguage\":\"es\",\"potentialAction\":[{\"@type\":\"CommentAction\",\"name\":\"Comment\",\"target\":[\"https:\\\/\\\/patagoniambiental.com.ar\\\/info\\\/planifican-una-oficina-de-informacion-turistica-en-anelo\\\/#respond\"]}]},{\"@type\":\"WebPage\",\"@id\":\"https:\\\/\\\/patagoniambiental.com.ar\\\/info\\\/planifican-una-oficina-de-informacion-turistica-en-anelo\\\/\",\"url\":\"https:\\\/\\\/patagoniambiental.com.ar\\\/info\\\/planifican-una-oficina-de-informacion-turistica-en-anelo\\\/\",\"name\":\"Planifican una oficina de informaci\u00f3n tur\u00edstica en A\u00f1elo\",\"isPartOf\":{\"@id\":\"https:\\\/\\\/patagoniambiental.com.ar\\\/info\\\/#website\"},\"primaryImageOfPage\":{\"@id\":\"https:\\\/\\\/patagoniambiental.com.ar\\\/info\\\/planifican-una-oficina-de-informacion-turistica-en-anelo\\\/#primaryimage\"},\"image\":{\"@id\":\"https:\\\/\\\/patagoniambiental.com.ar\\\/info\\\/planifican-una-oficina-de-informacion-turistica-en-anelo\\\/#primaryimage\"},\"thumbnailUrl\":\"https:\\\/\\\/patagoniambiental.com.ar\\\/info\\\/wp-content\\\/uploads\\\/2019\\\/03\\\/WEB-Planifican-construir-una-oficina-de-informaci\u00f3n-tur\u00edstica-en-A\u00f1elo-DSC_0223-1068x528.jpg\",\"datePublished\":\"2019-03-09T12:00:50+00:00\",\"breadcrumb\":{\"@id\":\"https:\\\/\\\/patagoniambiental.com.ar\\\/info\\\/planifican-una-oficina-de-informacion-turistica-en-anelo\\\/#breadcrumb\"},\"inLanguage\":\"es\",\"potentialAction\":[{\"@type\":\"ReadAction\",\"target\":[\"https:\\\/\\\/patagoniambiental.com.ar\\\/info\\\/planifican-una-oficina-de-informacion-turistica-en-anelo\\\/\"]}]},{\"@type\":\"ImageObject\",\"inLanguage\":\"es\",\"@id\":\"https:\\\/\\\/patagoniambiental.com.ar\\\/info\\\/planifican-una-oficina-de-informacion-turistica-en-anelo\\\/#primaryimage\",\"url\":\"https:\\\/\\\/patagoniambiental.com.ar\\\/info\\\/wp-content\\\/uploads\\\/2019\\\/03\\\/WEB-Planifican-construir-una-oficina-de-informaci\u00f3n-tur\u00edstica-en-A\u00f1elo-DSC_0223-1068x528.jpg\",\"contentUrl\":\"https:\\\/\\\/patagoniambiental.com.ar\\\/info\\\/wp-content\\\/uploads\\\/2019\\\/03\\\/WEB-Planifican-construir-una-oficina-de-informaci\u00f3n-tur\u00edstica-en-A\u00f1elo-DSC_0223-1068x528.jpg\",\"width\":1068,\"height\":528},{\"@type\":\"BreadcrumbList\",\"@id\":\"https:\\\/\\\/patagoniambiental.com.ar\\\/info\\\/planifican-una-oficina-de-informacion-turistica-en-anelo\\\/#breadcrumb\",\"itemListElement\":[{\"@type\":\"ListItem\",\"position\":1,\"name\":\"Inicio\",\"item\":\"https:\\\/\\\/patagoniambiental.com.ar\\\/info\\\/\"},{\"@type\":\"ListItem\",\"position\":2,\"name\":\"Planifican una oficina de informaci\u00f3n tur\u00edstica en A\u00f1elo\"}]},{\"@type\":\"WebSite\",\"@id\":\"https:\\\/\\\/patagoniambiental.com.ar\\\/info\\\/#website\",\"url\":\"https:\\\/\\\/patagoniambiental.com.ar\\\/info\\\/\",\"name\":\"Patagonia Ambiental\",\"description\":\"Monitoreo y an\u00e1lisis de la situaci\u00f3n geopol\u00edtica en el mundo y su implicancia en la Patagonia\",\"publisher\":{\"@id\":\"https:\\\/\\\/patagoniambiental.com.ar\\\/info\\\/#organization\"},\"potentialAction\":[{\"@type\":\"SearchAction\",\"target\":{\"@type\":\"EntryPoint\",\"urlTemplate\":\"https:\\\/\\\/patagoniambiental.com.ar\\\/info\\\/?s={search_term_string}\"},\"query-input\":{\"@type\":\"PropertyValueSpecification\",\"valueRequired\":true,\"valueName\":\"search_term_string\"}}],\"inLanguage\":\"es\"},{\"@type\":\"Organization\",\"@id\":\"https:\\\/\\\/patagoniambiental.com.ar\\\/info\\\/#organization\",\"name\":\"Patagonia Ambiental\",\"url\":\"https:\\\/\\\/patagoniambiental.com.ar\\\/info\\\/\",\"logo\":{\"@type\":\"ImageObject\",\"inLanguage\":\"es\",\"@id\":\"https:\\\/\\\/patagoniambiental.com.ar\\\/info\\\/#\\\/schema\\\/logo\\\/image\\\/\",\"url\":\"https:\\\/\\\/patagoniambiental.com.ar\\\/info\\\/wp-content\\\/uploads\\\/2025\\\/05\\\/LOGO-PATAGONIA-AMBIENTAL.png\",\"contentUrl\":\"https:\\\/\\\/patagoniambiental.com.ar\\\/info\\\/wp-content\\\/uploads\\\/2025\\\/05\\\/LOGO-PATAGONIA-AMBIENTAL.png\",\"width\":433,\"height\":250,\"caption\":\"Patagonia Ambiental\"},\"image\":{\"@id\":\"https:\\\/\\\/patagoniambiental.com.ar\\\/info\\\/#\\\/schema\\\/logo\\\/image\\\/\"},\"sameAs\":[\"https:\\\/\\\/www.facebook.com\\\/patagonia.ambiental\",\"https:\\\/\\\/x.com\\\/PatAmb\"]},{\"@type\":\"Person\",\"@id\":\"https:\\\/\\\/patagoniambiental.com.ar\\\/info\\\/#\\\/schema\\\/person\\\/db12bff64bbcbf6a253710bf0ea37b5d\",\"name\":\"Patagonia Ambiental\",\"description\":\"Andr\u00e9s Nievas T\u00e9cnico en manejo ambiental, consultor Ambiental y escritor para medios locales e internacionales sobre temas de geopolitica y medio ambiente.\",\"sameAs\":[\"http:\\\/\\\/www.patagoniambiental.com.ar\",\"https:\\\/\\\/www.facebook.com\\\/share\\\/1C1V8Gv9BX\\\/?mibextid=qi2Omg\",\"@patagoniambiental\",\"https:\\\/\\\/youtube.com\\\/@patagoniaambiental2023?si=BLt58t0wuXquxlYZ\"]}]}<\/script>\n<!-- \/ Yoast SEO Premium plugin. -->","yoast_head_json":{"title":"Planifican una oficina de informaci\u00f3n tur\u00edstica en A\u00f1elo","robots":{"index":"index","follow":"follow","max-snippet":"max-snippet:-1","max-image-preview":"max-image-preview:large","max-video-preview":"max-video-preview:-1"},"canonical":"https:\/\/patagoniambiental.com.ar\/info\/planifican-una-oficina-de-informacion-turistica-en-anelo\/","og_locale":"es_ES","og_type":"article","og_title":"Planifican una oficina de informaci\u00f3n tur\u00edstica en A\u00f1elo","og_description":"A\u00f1elo.-Autoridades provinciales y municipales del sector se reunieron para avanzar en las capacitaciones, colocaci\u00f3n de carteler\u00eda informativa y b\u00fasqueda de [&hellip;]","og_url":"https:\/\/patagoniambiental.com.ar\/info\/planifican-una-oficina-de-informacion-turistica-en-anelo\/","og_site_name":"Patagonia Ambiental","article_publisher":"https:\/\/www.facebook.com\/patagonia.ambiental","article_author":"https:\/\/www.facebook.com\/share\/1C1V8Gv9BX\/?mibextid=qi2Omg","article_published_time":"2019-03-09T12:00:50+00:00","og_image":[{"width":1068,"height":528,"url":"https:\/\/patagoniambiental.com.ar\/info\/wp-content\/uploads\/2019\/03\/WEB-Planifican-construir-una-oficina-de-informaci\u00f3n-tur\u00edstica-en-A\u00f1elo-DSC_0223-1068x528.jpg","type":"image\/jpeg"}],"author":"Patagonia Ambiental","twitter_card":"summary_large_image","twitter_creator":"@PatAmb","twitter_site":"@PatAmb","schema":{"@context":"https:\/\/schema.org","@graph":[{"@type":"Article","@id":"https:\/\/patagoniambiental.com.ar\/info\/planifican-una-oficina-de-informacion-turistica-en-anelo\/#article","isPartOf":{"@id":"https:\/\/patagoniambiental.com.ar\/info\/planifican-una-oficina-de-informacion-turistica-en-anelo\/"},"author":{"name":"Patagonia Ambiental","@id":"https:\/\/patagoniambiental.com.ar\/info\/#\/schema\/person\/db12bff64bbcbf6a253710bf0ea37b5d"},"headline":"Planifican una oficina de informaci\u00f3n tur\u00edstica en A\u00f1elo","datePublished":"2019-03-09T12:00:50+00:00","mainEntityOfPage":{"@id":"https:\/\/patagoniambiental.com.ar\/info\/planifican-una-oficina-de-informacion-turistica-en-anelo\/"},"wordCount":373,"commentCount":0,"publisher":{"@id":"https:\/\/patagoniambiental.com.ar\/info\/#organization"},"image":{"@id":"https:\/\/patagoniambiental.com.ar\/info\/planifican-una-oficina-de-informacion-turistica-en-anelo\/#primaryimage"},"thumbnailUrl":"https:\/\/patagoniambiental.com.ar\/info\/wp-content\/uploads\/2019\/03\/WEB-Planifican-construir-una-oficina-de-informaci\u00f3n-tur\u00edstica-en-A\u00f1elo-DSC_0223-1068x528.jpg","articleSection":["Neuqu\u00e9n","Noticias","Provinciales"],"inLanguage":"es","potentialAction":[{"@type":"CommentAction","name":"Comment","target":["https:\/\/patagoniambiental.com.ar\/info\/planifican-una-oficina-de-informacion-turistica-en-anelo\/#respond"]}]},{"@type":"WebPage","@id":"https:\/\/patagoniambiental.com.ar\/info\/planifican-una-oficina-de-informacion-turistica-en-anelo\/","url":"https:\/\/patagoniambiental.com.ar\/info\/planifican-una-oficina-de-informacion-turistica-en-anelo\/","name":"Planifican una oficina de informaci\u00f3n tur\u00edstica en A\u00f1elo","isPartOf":{"@id":"https:\/\/patagoniambiental.com.ar\/info\/#website"},"primaryImageOfPage":{"@id":"https:\/\/patagoniambiental.com.ar\/info\/planifican-una-oficina-de-informacion-turistica-en-anelo\/#primaryimage"},"image":{"@id":"https:\/\/patagoniambiental.com.ar\/info\/planifican-una-oficina-de-informacion-turistica-en-anelo\/#primaryimage"},"thumbnailUrl":"https:\/\/patagoniambiental.com.ar\/info\/wp-content\/uploads\/2019\/03\/WEB-Planifican-construir-una-oficina-de-informaci\u00f3n-tur\u00edstica-en-A\u00f1elo-DSC_0223-1068x528.jpg","datePublished":"2019-03-09T12:00:50+00:00","breadcrumb":{"@id":"https:\/\/patagoniambiental.com.ar\/info\/planifican-una-oficina-de-informacion-turistica-en-anelo\/#breadcrumb"},"inLanguage":"es","potentialAction":[{"@type":"ReadAction","target":["https:\/\/patagoniambiental.com.ar\/info\/planifican-una-oficina-de-informacion-turistica-en-anelo\/"]}]},{"@type":"ImageObject","inLanguage":"es","@id":"https:\/\/patagoniambiental.com.ar\/info\/planifican-una-oficina-de-informacion-turistica-en-anelo\/#primaryimage","url":"https:\/\/patagoniambiental.com.ar\/info\/wp-content\/uploads\/2019\/03\/WEB-Planifican-construir-una-oficina-de-informaci\u00f3n-tur\u00edstica-en-A\u00f1elo-DSC_0223-1068x528.jpg","contentUrl":"https:\/\/patagoniambiental.com.ar\/info\/wp-content\/uploads\/2019\/03\/WEB-Planifican-construir-una-oficina-de-informaci\u00f3n-tur\u00edstica-en-A\u00f1elo-DSC_0223-1068x528.jpg","width":1068,"height":528},{"@type":"BreadcrumbList","@id":"https:\/\/patagoniambiental.com.ar\/info\/planifican-una-oficina-de-informacion-turistica-en-anelo\/#breadcrumb","itemListElement":[{"@type":"ListItem","position":1,"name":"Inicio","item":"https:\/\/patagoniambiental.com.ar\/info\/"},{"@type":"ListItem","position":2,"name":"Planifican una oficina de informaci\u00f3n tur\u00edstica en A\u00f1elo"}]},{"@type":"WebSite","@id":"https:\/\/patagoniambiental.com.ar\/info\/#website","url":"https:\/\/patagoniambiental.com.ar\/info\/","name":"Patagonia Ambiental","description":"Monitoreo y an\u00e1lisis de la situaci\u00f3n geopol\u00edtica en el mundo y su implicancia en la Patagonia","publisher":{"@id":"https:\/\/patagoniambiental.com.ar\/info\/#organization"},"potentialAction":[{"@type":"SearchAction","target":{"@type":"EntryPoint","urlTemplate":"https:\/\/patagoniambiental.com.ar\/info\/?s={search_term_string}"},"query-input":{"@type":"PropertyValueSpecification","valueRequired":true,"valueName":"search_term_string"}}],"inLanguage":"es"},{"@type":"Organization","@id":"https:\/\/patagoniambiental.com.ar\/info\/#organization","name":"Patagonia Ambiental","url":"https:\/\/patagoniambiental.com.ar\/info\/","logo":{"@type":"ImageObject","inLanguage":"es","@id":"https:\/\/patagoniambiental.com.ar\/info\/#\/schema\/logo\/image\/","url":"https:\/\/patagoniambiental.com.ar\/info\/wp-content\/uploads\/2025\/05\/LOGO-PATAGONIA-AMBIENTAL.png","contentUrl":"https:\/\/patagoniambiental.com.ar\/info\/wp-content\/uploads\/2025\/05\/LOGO-PATAGONIA-AMBIENTAL.png","width":433,"height":250,"caption":"Patagonia Ambiental"},"image":{"@id":"https:\/\/patagoniambiental.com.ar\/info\/#\/schema\/logo\/image\/"},"sameAs":["https:\/\/www.facebook.com\/patagonia.ambiental","https:\/\/x.com\/PatAmb"]},{"@type":"Person","@id":"https:\/\/patagoniambiental.com.ar\/info\/#\/schema\/person\/db12bff64bbcbf6a253710bf0ea37b5d","name":"Patagonia Ambiental","description":"Andr\u00e9s Nievas T\u00e9cnico en manejo ambiental, consultor Ambiental y escritor para medios locales e internacionales sobre temas de geopolitica y medio ambiente.","sameAs":["http:\/\/www.patagoniambiental.com.ar","https:\/\/www.facebook.com\/share\/1C1V8Gv9BX\/?mibextid=qi2Omg","@patagoniambiental","https:\/\/youtube.com\/@patagoniaambiental2023?si=BLt58t0wuXquxlYZ"]}]}},"_links":{"self":[{"href":"https:\/\/patagoniambiental.com.ar\/info\/wp-json\/wp\/v2\/posts\/59426","targetHints":{"allow":["GET"]}}],"collection":[{"href":"https:\/\/patagoniambiental.com.ar\/info\/wp-json\/wp\/v2\/posts"}],"about":[{"href":"https:\/\/patagoniambiental.com.ar\/info\/wp-json\/wp\/v2\/types\/post"}],"author":[{"embeddable":true,"href":"https:\/\/patagoniambiental.com.ar\/info\/wp-json\/wp\/v2\/users\/2"}],"replies":[{"embeddable":true,"href":"https:\/\/patagoniambiental.com.ar\/info\/wp-json\/wp\/v2\/comments?post=59426"}],"version-history":[{"count":0,"href":"https:\/\/patagoniambiental.com.ar\/info\/wp-json\/wp\/v2\/posts\/59426\/revisions"}],"wp:featuredmedia":[{"embeddable":true,"href":"https:\/\/patagoniambiental.com.ar\/info\/wp-json\/wp\/v2\/media\/59427"}],"wp:attachment":[{"href":"https:\/\/patagoniambiental.com.ar\/info\/wp-json\/wp\/v2\/media?parent=59426"}],"wp:term":[{"taxonomy":"category","embeddable":true,"href":"https:\/\/patagoniambiental.com.ar\/info\/wp-json\/wp\/v2\/categories?post=59426"},{"taxonomy":"post_tag","embeddable":true,"href":"https:\/\/patagoniambiental.com.ar\/info\/wp-json\/wp\/v2\/tags?post=59426"}],"curies":[{"name":"wp","href":"https:\/\/api.w.org\/{rel}","templated":true}]}}