{"id":59448,"date":"2019-03-12T09:00:54","date_gmt":"2019-03-12T12:00:54","guid":{"rendered":"http:\/\/patagoniambiental.com.ar\/info\/?p=59448"},"modified":"2019-03-11T16:14:53","modified_gmt":"2019-03-11T19:14:53","slug":"neuquen-animalistas-van-contra-las-carreras-de-caballos","status":"publish","type":"post","link":"https:\/\/patagoniambiental.com.ar\/info\/neuquen-animalistas-van-contra-las-carreras-de-caballos\/","title":{"rendered":"Neuquen: Animalistas van contra las carreras de caballos"},"content":{"rendered":"<article id=\"article-post\" class=\"cat-rojo\">\n<header>\n<div class=\"row\">\n<div class=\"col-xs-12\">\n<p class=\"title\">Neuqu\u00e9n.-Intentar\u00e1n erradicar todo tipo de espect\u00e1culo p\u00fablico.<\/p>\n<p><!--more--><\/p>\n<\/div>\n<\/div>\n<\/header>\n<div class=\"head-image thumb-wrap relative\">\n<div id=\"content-gallery\">\n<div id=\"fotogaleria-Object_3184_1797\" class=\"gallery\">\n<div class=\"col2\">\n<div class=\"image itemGallery classid554867\"><a title=\"\" href=\"https:\/\/media.lmneuquen.com\/adjuntos\/195\/imagenes\/003\/518\/0003518234.jpg\"><img fetchpriority=\"high\" decoding=\"async\" title=\"Animalistas van contra las carreras de caballos\" src=\"https:\/\/media.lmneuquen.com\/adjuntos\/195\/imagenes\/003\/518\/0003518234.jpg\" alt=\"Animalistas van contra las carreras de caballos\" width=\"770\" height=\"433\" \/><\/a><\/p>\n<div class=\"gallery-header\"><\/div>\n<\/div>\n<\/div>\n<div class=\"clearfix\"><\/div>\n<\/div>\n<\/div>\n<\/div>\n<div class=\"cuerpo\">\n<p><strong>POR ANA LAURA CALDUCCI &#8211; calduccia@lmneuquen.com.ar<\/strong><\/p>\n<p>Ya les ganaron la batalla a los galgueros y ahora van por el hip\u00f3dromo. Las organizaciones protectoras de animales de Neuqu\u00e9n quieren prohibir las carreras de caballos, a las que consideran una forma m\u00e1s de maltrato a los \u201cno humanos\u201d. Denuncian que no hay controles antidoping y que los propietarios ocultan los cuerpos de equinos fallecidos para encubrir el uso ilegal de drogas durante las competencias.<\/p>\n<\/div>\n<\/article>\n<p>&nbsp;<\/p>\n<article id=\"article-post\" class=\"cat-rojo\">\n<div class=\"cuerpo\">\n<p>Desde el Instituto de Derecho Animal neuquino impulsan la prohibici\u00f3n por ley de las carreras de caballo en toda la provincia. Adem\u00e1s, hasta lograr la erradicaci\u00f3n, buscar\u00e1n que se hagan pruebas antidoping en cada competencia.<\/p>\n<\/div>\n<\/article>\n<article id=\"article-post\" class=\"cat-rojo\">\n<div class=\"cuerpo\">\n<p>\u201cNuestro objetivo es que se proh\u00edban las cuadreras y las carreras de caballos, como ya ocurri\u00f3 con los perros, porque para nosotros el hip\u00f3dromo de Neuqu\u00e9n son los galgos VIP; explotan a los animales y no cumplen ni siquiera con los controles m\u00ednimos que contempla la ley\u201d, explic\u00f3 Julia Busqueta, abogada especializada en el tema y referente del Instituto de Derecho Animal.<\/p>\n<p><strong>Intereses<\/strong><\/p>\n<p>Se\u00f1al\u00f3 que las corridas h\u00edpicas \u201cmueven mucho dinero y muchos intereses\u201d. \u201cPor eso, hasta que tengamos la ley, queremos que cumplan las normativas m\u00ednimas y que no maten a los caballos explot\u00e1ndolos de drogas y despu\u00e9s hagan desaparecer el cuerpo para que no podamos investigar la causa de muerte\u201d, sostuvo.<\/p>\n<p>Cont\u00f3 que las organizaciones animalistas elevaron varias notas al Instituto de Juegos de Azar de Neuqu\u00e9n (IJAN), aunque hasta ahora no obtuvieron respuesta.<\/p>\n<div id=\"498666-Libre-1093651081_wrap\" class=\"embed_cont type_imagen\">\n<div id=\"498666-Libre-1093651081_content\" class=\"embed_content\"><img decoding=\"async\" id=\"498666-Libre-1093651081_embed\" src=\"https:\/\/media.lmneuquen.com\/adjuntos\/195\/imagenes\/002\/791\/0002791191.jpg?0000-00-00-00-00-00\" alt=\"Gran fiesta del turf en el hip\u00f3dromo local.\" longdesc=\"https:\/\/media.lmneuquen.com\/adjuntos\/195\/imagenes\/002\/791\/0002791191.jpg?0000-00-00-00-00-00\" \/><\/div>\n<div id=\"498666-Libre-1093651081_epigrafe\" class=\"embed_epigrafe\">Gran fiesta del turf en el hip\u00f3dromo local.<\/div>\n<div id=\"498666-Libre-1093651081_copyright\" class=\"embed_copyright\">Omar Novoa<\/div>\n<\/div>\n<p><strong>Estrategia<\/strong><\/p>\n<p>Para frenar a los corredores de caballos, los animalistas usar\u00e1n una estrategia similar a la que aplicaron con los galgos: har\u00e1n el reclamo de prohibici\u00f3n tanto a nivel municipal como provincial y nacional. En la Legislatura neuquina, el \u00fanico antecedente es un proyecto de 2004, que buscaba erradicar todos los espect\u00e1culos con animales y se archiv\u00f3 sin tratamiento.<\/p>\n<p>Adem\u00e1s de las competencias h\u00edpicas, las asociaciones proteccionistas quieren erradicar las jineteadas y el uso de caballos para tracci\u00f3n a sangre. \u201cEn todos esos casos hay maltrato y entendemos que hoy no est\u00e1 prohibido por una cuesti\u00f3n de costumbre entre comillas, porque se puede usar ese argumento, pero en realidad lo que est\u00e1 en juego es la explotaci\u00f3n animal\u201d, remarc\u00f3 Busqueta.<\/p>\n<p><strong>Controles<\/strong><\/p>\n<p>El primer y \u00faltimo control antidoping que se hizo p\u00fablico en el hip\u00f3dromo de Neuqu\u00e9n fue a mediados de 2015, durante un operativo sorpresivo que orden\u00f3 la Fiscal\u00eda General de la provincia. En esa oportunidad, se tomaron muestras de 15 caballos y al 80 por ciento les hab\u00edan inyectado alguna sustancia ilegal.<\/p>\n<p>El uso de drogas no medicinales en competencias con animales est\u00e1 prohibido por ley nacional desde 1954, pero la pena m\u00e1xima prevista es un a\u00f1o de prisi\u00f3n, lo que lo convierte en un delito excarcelable.<\/p>\n<div id=\"554868-Libre-1854140750_wrap\" class=\"embed_cont type_imagen\">\n<div id=\"554868-Libre-1854140750_content\" class=\"embed_content\"><img decoding=\"async\" id=\"554868-Libre-1854140750_embed\" src=\"https:\/\/media.lmneuquen.com\/adjuntos\/195\/imagenes\/003\/518\/0003518245.jpg?0000-00-00-00-00-00\" alt=\"\" longdesc=\"https:\/\/media.lmneuquen.com\/adjuntos\/195\/imagenes\/003\/518\/0003518245.jpg?0000-00-00-00-00-00\" \/><\/div>\n<\/div>\n<h3>&#8211;&gt; Las competencias con galgos fueron el gran antecedente<\/h3>\n<p>Hace casi tres a\u00f1os, las organizaciones defensoras de animales de Neuqu\u00e9n les ganaron una larga batalla a los galgueros. Luego de movilizaciones, campa\u00f1as de difusi\u00f3n y numerosas denuncias, los proteccionistas consiguieron que la Legislatura sancione una ley pionera, que prohibi\u00f3 las carreras con perros en toda la provincia.<\/p>\n<p>En 2015, tras a\u00f1os de reclamos, las asociaciones proteccionistas llegaron a incluir en la agenda pol\u00edtica la prohibici\u00f3n de las carreras de galgos. Eso abri\u00f3 un extenso debate en la Legislatura, que tuvo fuerte repercusi\u00f3n medi\u00e1tica. Durante la discusi\u00f3n del tema, se habl\u00f3 de las drogas que les inyectaban a los animales y del cruel descarte de los canes que ya no pod\u00edan correr.<\/p>\n<p>A mediados de 2016, los diputados aprobaron la ley provincial que impide las competencias con perros con fines comerciales en Neuqu\u00e9n. Unos meses despu\u00e9s, la medida se extendi\u00f3 a todo el pa\u00eds, a partir de otra norma similar que sancion\u00f3 el Congreso.<\/p>\n<p>Este triunfo es el que le dio un impulso a estas asociaciones protectoras de animales para seguir con los caballos.<\/p>\n<p>Fuente: La Ma\u00f1ana Neuqu\u00e9n<\/p>\n<\/div>\n<\/article>\n","protected":false},"excerpt":{"rendered":"<p>Neuqu\u00e9n.-Intentar\u00e1n erradicar todo tipo de espect\u00e1culo p\u00fablico.<\/p>\n","protected":false},"author":2,"featured_media":59449,"comment_status":"open","ping_status":"open","sticky":false,"template":"","format":"standard","meta":{"site-sidebar-layout":"default","site-content-layout":"","ast-site-content-layout":"default","site-content-style":"default","site-sidebar-style":"default","ast-global-header-display":"","ast-banner-title-visibility":"","ast-main-header-display":"","ast-hfb-above-header-display":"","ast-hfb-below-header-display":"","ast-hfb-mobile-header-display":"","site-post-title":"","ast-breadcrumbs-content":"","ast-featured-img":"","footer-sml-layout":"","ast-disable-related-posts":"","theme-transparent-header-meta":"","adv-header-id-meta":"","stick-header-meta":"","header-above-stick-meta":"","header-main-stick-meta":"","header-below-stick-meta":"","astra-migrate-meta-layouts":"default","ast-page-background-enabled":"default","ast-page-background-meta":{"desktop":{"background-color":"var(--ast-global-color-5)","background-image":"","background-repeat":"repeat","background-position":"center center","background-size":"auto","background-attachment":"scroll","background-type":"","background-media":"","overlay-type":"","overlay-color":"","overlay-opacity":"","overlay-gradient":""},"tablet":{"background-color":"","background-image":"","background-repeat":"repeat","background-position":"center center","background-size":"auto","background-attachment":"scroll","background-type":"","background-media":"","overlay-type":"","overlay-color":"","overlay-opacity":"","overlay-gradient":""},"mobile":{"background-color":"","background-image":"","background-repeat":"repeat","background-position":"center center","background-size":"auto","background-attachment":"scroll","background-type":"","background-media":"","overlay-type":"","overlay-color":"","overlay-opacity":"","overlay-gradient":""}},"ast-content-background-meta":{"desktop":{"background-color":"var(--ast-global-color-4)","background-image":"","background-repeat":"repeat","background-position":"center center","background-size":"auto","background-attachment":"scroll","background-type":"","background-media":"","overlay-type":"","overlay-color":"","overlay-opacity":"","overlay-gradient":""},"tablet":{"background-color":"var(--ast-global-color-4)","background-image":"","background-repeat":"repeat","background-position":"center center","background-size":"auto","background-attachment":"scroll","background-type":"","background-media":"","overlay-type":"","overlay-color":"","overlay-opacity":"","overlay-gradient":""},"mobile":{"background-color":"var(--ast-global-color-4)","background-image":"","background-repeat":"repeat","background-position":"center center","background-size":"auto","background-attachment":"scroll","background-type":"","background-media":"","overlay-type":"","overlay-color":"","overlay-opacity":"","overlay-gradient":""}},"footnotes":""},"categories":[18,1,13],"tags":[],"class_list":["post-59448","post","type-post","status-publish","format-standard","has-post-thumbnail","hentry","category-neuquen","category-noticias","category-provinciales"],"yoast_head":"<!-- This site is optimized with the Yoast SEO Premium plugin v23.0 (Yoast SEO v27.4) - https:\/\/yoast.com\/product\/yoast-seo-premium-wordpress\/ -->\n<title>Neuquen: Animalistas van contra las carreras de caballos<\/title>\n<meta name=\"robots\" content=\"index, follow, max-snippet:-1, max-image-preview:large, max-video-preview:-1\" \/>\n<link rel=\"canonical\" href=\"https:\/\/patagoniambiental.com.ar\/info\/neuquen-animalistas-van-contra-las-carreras-de-caballos\/\" \/>\n<meta property=\"og:locale\" content=\"es_ES\" \/>\n<meta property=\"og:type\" content=\"article\" \/>\n<meta property=\"og:title\" content=\"Neuquen: Animalistas van contra las carreras de caballos\" \/>\n<meta property=\"og:description\" content=\"Neuqu\u00e9n.-Intentar\u00e1n erradicar todo tipo de espect\u00e1culo p\u00fablico.\" \/>\n<meta property=\"og:url\" content=\"https:\/\/patagoniambiental.com.ar\/info\/neuquen-animalistas-van-contra-las-carreras-de-caballos\/\" \/>\n<meta property=\"og:site_name\" content=\"Patagonia Ambiental\" \/>\n<meta property=\"article:publisher\" content=\"https:\/\/www.facebook.com\/patagonia.ambiental\" \/>\n<meta property=\"article:author\" content=\"https:\/\/www.facebook.com\/share\/1C1V8Gv9BX\/?mibextid=qi2Omg\" \/>\n<meta property=\"article:published_time\" content=\"2019-03-12T12:00:54+00:00\" \/>\n<meta property=\"og:image\" content=\"https:\/\/patagoniambiental.com.ar\/info\/wp-content\/uploads\/2019\/03\/0003518234.jpg\" \/>\n\t<meta property=\"og:image:width\" content=\"770\" \/>\n\t<meta property=\"og:image:height\" content=\"433\" \/>\n\t<meta property=\"og:image:type\" content=\"image\/jpeg\" \/>\n<meta name=\"author\" content=\"Patagonia Ambiental\" \/>\n<meta name=\"twitter:card\" content=\"summary_large_image\" \/>\n<meta name=\"twitter:creator\" content=\"@PatAmb\" \/>\n<meta name=\"twitter:site\" content=\"@PatAmb\" \/>\n<script type=\"application\/ld+json\" class=\"yoast-schema-graph\">{\"@context\":\"https:\\\/\\\/schema.org\",\"@graph\":[{\"@type\":\"Article\",\"@id\":\"https:\\\/\\\/patagoniambiental.com.ar\\\/info\\\/neuquen-animalistas-van-contra-las-carreras-de-caballos\\\/#article\",\"isPartOf\":{\"@id\":\"https:\\\/\\\/patagoniambiental.com.ar\\\/info\\\/neuquen-animalistas-van-contra-las-carreras-de-caballos\\\/\"},\"author\":{\"name\":\"Patagonia Ambiental\",\"@id\":\"https:\\\/\\\/patagoniambiental.com.ar\\\/info\\\/#\\\/schema\\\/person\\\/db12bff64bbcbf6a253710bf0ea37b5d\"},\"headline\":\"Neuquen: Animalistas van contra las carreras de caballos\",\"datePublished\":\"2019-03-12T12:00:54+00:00\",\"mainEntityOfPage\":{\"@id\":\"https:\\\/\\\/patagoniambiental.com.ar\\\/info\\\/neuquen-animalistas-van-contra-las-carreras-de-caballos\\\/\"},\"wordCount\":717,\"commentCount\":0,\"publisher\":{\"@id\":\"https:\\\/\\\/patagoniambiental.com.ar\\\/info\\\/#organization\"},\"image\":{\"@id\":\"https:\\\/\\\/patagoniambiental.com.ar\\\/info\\\/neuquen-animalistas-van-contra-las-carreras-de-caballos\\\/#primaryimage\"},\"thumbnailUrl\":\"https:\\\/\\\/patagoniambiental.com.ar\\\/info\\\/wp-content\\\/uploads\\\/2019\\\/03\\\/0003518234.jpg\",\"articleSection\":[\"Neuqu\u00e9n\",\"Noticias\",\"Provinciales\"],\"inLanguage\":\"es\",\"potentialAction\":[{\"@type\":\"CommentAction\",\"name\":\"Comment\",\"target\":[\"https:\\\/\\\/patagoniambiental.com.ar\\\/info\\\/neuquen-animalistas-van-contra-las-carreras-de-caballos\\\/#respond\"]}]},{\"@type\":\"WebPage\",\"@id\":\"https:\\\/\\\/patagoniambiental.com.ar\\\/info\\\/neuquen-animalistas-van-contra-las-carreras-de-caballos\\\/\",\"url\":\"https:\\\/\\\/patagoniambiental.com.ar\\\/info\\\/neuquen-animalistas-van-contra-las-carreras-de-caballos\\\/\",\"name\":\"Neuquen: Animalistas van contra las carreras de caballos\",\"isPartOf\":{\"@id\":\"https:\\\/\\\/patagoniambiental.com.ar\\\/info\\\/#website\"},\"primaryImageOfPage\":{\"@id\":\"https:\\\/\\\/patagoniambiental.com.ar\\\/info\\\/neuquen-animalistas-van-contra-las-carreras-de-caballos\\\/#primaryimage\"},\"image\":{\"@id\":\"https:\\\/\\\/patagoniambiental.com.ar\\\/info\\\/neuquen-animalistas-van-contra-las-carreras-de-caballos\\\/#primaryimage\"},\"thumbnailUrl\":\"https:\\\/\\\/patagoniambiental.com.ar\\\/info\\\/wp-content\\\/uploads\\\/2019\\\/03\\\/0003518234.jpg\",\"datePublished\":\"2019-03-12T12:00:54+00:00\",\"breadcrumb\":{\"@id\":\"https:\\\/\\\/patagoniambiental.com.ar\\\/info\\\/neuquen-animalistas-van-contra-las-carreras-de-caballos\\\/#breadcrumb\"},\"inLanguage\":\"es\",\"potentialAction\":[{\"@type\":\"ReadAction\",\"target\":[\"https:\\\/\\\/patagoniambiental.com.ar\\\/info\\\/neuquen-animalistas-van-contra-las-carreras-de-caballos\\\/\"]}]},{\"@type\":\"ImageObject\",\"inLanguage\":\"es\",\"@id\":\"https:\\\/\\\/patagoniambiental.com.ar\\\/info\\\/neuquen-animalistas-van-contra-las-carreras-de-caballos\\\/#primaryimage\",\"url\":\"https:\\\/\\\/patagoniambiental.com.ar\\\/info\\\/wp-content\\\/uploads\\\/2019\\\/03\\\/0003518234.jpg\",\"contentUrl\":\"https:\\\/\\\/patagoniambiental.com.ar\\\/info\\\/wp-content\\\/uploads\\\/2019\\\/03\\\/0003518234.jpg\",\"width\":770,\"height\":433},{\"@type\":\"BreadcrumbList\",\"@id\":\"https:\\\/\\\/patagoniambiental.com.ar\\\/info\\\/neuquen-animalistas-van-contra-las-carreras-de-caballos\\\/#breadcrumb\",\"itemListElement\":[{\"@type\":\"ListItem\",\"position\":1,\"name\":\"Inicio\",\"item\":\"https:\\\/\\\/patagoniambiental.com.ar\\\/info\\\/\"},{\"@type\":\"ListItem\",\"position\":2,\"name\":\"Neuquen: Animalistas van contra las carreras de caballos\"}]},{\"@type\":\"WebSite\",\"@id\":\"https:\\\/\\\/patagoniambiental.com.ar\\\/info\\\/#website\",\"url\":\"https:\\\/\\\/patagoniambiental.com.ar\\\/info\\\/\",\"name\":\"Patagonia Ambiental\",\"description\":\"Monitoreo y an\u00e1lisis de la situaci\u00f3n geopol\u00edtica en el mundo y su implicancia en la Patagonia\",\"publisher\":{\"@id\":\"https:\\\/\\\/patagoniambiental.com.ar\\\/info\\\/#organization\"},\"potentialAction\":[{\"@type\":\"SearchAction\",\"target\":{\"@type\":\"EntryPoint\",\"urlTemplate\":\"https:\\\/\\\/patagoniambiental.com.ar\\\/info\\\/?s={search_term_string}\"},\"query-input\":{\"@type\":\"PropertyValueSpecification\",\"valueRequired\":true,\"valueName\":\"search_term_string\"}}],\"inLanguage\":\"es\"},{\"@type\":\"Organization\",\"@id\":\"https:\\\/\\\/patagoniambiental.com.ar\\\/info\\\/#organization\",\"name\":\"Patagonia Ambiental\",\"url\":\"https:\\\/\\\/patagoniambiental.com.ar\\\/info\\\/\",\"logo\":{\"@type\":\"ImageObject\",\"inLanguage\":\"es\",\"@id\":\"https:\\\/\\\/patagoniambiental.com.ar\\\/info\\\/#\\\/schema\\\/logo\\\/image\\\/\",\"url\":\"https:\\\/\\\/patagoniambiental.com.ar\\\/info\\\/wp-content\\\/uploads\\\/2025\\\/05\\\/LOGO-PATAGONIA-AMBIENTAL.png\",\"contentUrl\":\"https:\\\/\\\/patagoniambiental.com.ar\\\/info\\\/wp-content\\\/uploads\\\/2025\\\/05\\\/LOGO-PATAGONIA-AMBIENTAL.png\",\"width\":433,\"height\":250,\"caption\":\"Patagonia Ambiental\"},\"image\":{\"@id\":\"https:\\\/\\\/patagoniambiental.com.ar\\\/info\\\/#\\\/schema\\\/logo\\\/image\\\/\"},\"sameAs\":[\"https:\\\/\\\/www.facebook.com\\\/patagonia.ambiental\",\"https:\\\/\\\/x.com\\\/PatAmb\"]},{\"@type\":\"Person\",\"@id\":\"https:\\\/\\\/patagoniambiental.com.ar\\\/info\\\/#\\\/schema\\\/person\\\/db12bff64bbcbf6a253710bf0ea37b5d\",\"name\":\"Patagonia Ambiental\",\"description\":\"Andr\u00e9s Nievas T\u00e9cnico en manejo ambiental, consultor Ambiental y escritor para medios locales e internacionales sobre temas de geopolitica y medio ambiente.\",\"sameAs\":[\"http:\\\/\\\/www.patagoniambiental.com.ar\",\"https:\\\/\\\/www.facebook.com\\\/share\\\/1C1V8Gv9BX\\\/?mibextid=qi2Omg\",\"@patagoniambiental\",\"https:\\\/\\\/youtube.com\\\/@patagoniaambiental2023?si=BLt58t0wuXquxlYZ\"]}]}<\/script>\n<!-- \/ Yoast SEO Premium plugin. -->","yoast_head_json":{"title":"Neuquen: Animalistas van contra las carreras de caballos","robots":{"index":"index","follow":"follow","max-snippet":"max-snippet:-1","max-image-preview":"max-image-preview:large","max-video-preview":"max-video-preview:-1"},"canonical":"https:\/\/patagoniambiental.com.ar\/info\/neuquen-animalistas-van-contra-las-carreras-de-caballos\/","og_locale":"es_ES","og_type":"article","og_title":"Neuquen: Animalistas van contra las carreras de caballos","og_description":"Neuqu\u00e9n.-Intentar\u00e1n erradicar todo tipo de espect\u00e1culo p\u00fablico.","og_url":"https:\/\/patagoniambiental.com.ar\/info\/neuquen-animalistas-van-contra-las-carreras-de-caballos\/","og_site_name":"Patagonia Ambiental","article_publisher":"https:\/\/www.facebook.com\/patagonia.ambiental","article_author":"https:\/\/www.facebook.com\/share\/1C1V8Gv9BX\/?mibextid=qi2Omg","article_published_time":"2019-03-12T12:00:54+00:00","og_image":[{"width":770,"height":433,"url":"https:\/\/patagoniambiental.com.ar\/info\/wp-content\/uploads\/2019\/03\/0003518234.jpg","type":"image\/jpeg"}],"author":"Patagonia Ambiental","twitter_card":"summary_large_image","twitter_creator":"@PatAmb","twitter_site":"@PatAmb","schema":{"@context":"https:\/\/schema.org","@graph":[{"@type":"Article","@id":"https:\/\/patagoniambiental.com.ar\/info\/neuquen-animalistas-van-contra-las-carreras-de-caballos\/#article","isPartOf":{"@id":"https:\/\/patagoniambiental.com.ar\/info\/neuquen-animalistas-van-contra-las-carreras-de-caballos\/"},"author":{"name":"Patagonia Ambiental","@id":"https:\/\/patagoniambiental.com.ar\/info\/#\/schema\/person\/db12bff64bbcbf6a253710bf0ea37b5d"},"headline":"Neuquen: Animalistas van contra las carreras de caballos","datePublished":"2019-03-12T12:00:54+00:00","mainEntityOfPage":{"@id":"https:\/\/patagoniambiental.com.ar\/info\/neuquen-animalistas-van-contra-las-carreras-de-caballos\/"},"wordCount":717,"commentCount":0,"publisher":{"@id":"https:\/\/patagoniambiental.com.ar\/info\/#organization"},"image":{"@id":"https:\/\/patagoniambiental.com.ar\/info\/neuquen-animalistas-van-contra-las-carreras-de-caballos\/#primaryimage"},"thumbnailUrl":"https:\/\/patagoniambiental.com.ar\/info\/wp-content\/uploads\/2019\/03\/0003518234.jpg","articleSection":["Neuqu\u00e9n","Noticias","Provinciales"],"inLanguage":"es","potentialAction":[{"@type":"CommentAction","name":"Comment","target":["https:\/\/patagoniambiental.com.ar\/info\/neuquen-animalistas-van-contra-las-carreras-de-caballos\/#respond"]}]},{"@type":"WebPage","@id":"https:\/\/patagoniambiental.com.ar\/info\/neuquen-animalistas-van-contra-las-carreras-de-caballos\/","url":"https:\/\/patagoniambiental.com.ar\/info\/neuquen-animalistas-van-contra-las-carreras-de-caballos\/","name":"Neuquen: Animalistas van contra las carreras de caballos","isPartOf":{"@id":"https:\/\/patagoniambiental.com.ar\/info\/#website"},"primaryImageOfPage":{"@id":"https:\/\/patagoniambiental.com.ar\/info\/neuquen-animalistas-van-contra-las-carreras-de-caballos\/#primaryimage"},"image":{"@id":"https:\/\/patagoniambiental.com.ar\/info\/neuquen-animalistas-van-contra-las-carreras-de-caballos\/#primaryimage"},"thumbnailUrl":"https:\/\/patagoniambiental.com.ar\/info\/wp-content\/uploads\/2019\/03\/0003518234.jpg","datePublished":"2019-03-12T12:00:54+00:00","breadcrumb":{"@id":"https:\/\/patagoniambiental.com.ar\/info\/neuquen-animalistas-van-contra-las-carreras-de-caballos\/#breadcrumb"},"inLanguage":"es","potentialAction":[{"@type":"ReadAction","target":["https:\/\/patagoniambiental.com.ar\/info\/neuquen-animalistas-van-contra-las-carreras-de-caballos\/"]}]},{"@type":"ImageObject","inLanguage":"es","@id":"https:\/\/patagoniambiental.com.ar\/info\/neuquen-animalistas-van-contra-las-carreras-de-caballos\/#primaryimage","url":"https:\/\/patagoniambiental.com.ar\/info\/wp-content\/uploads\/2019\/03\/0003518234.jpg","contentUrl":"https:\/\/patagoniambiental.com.ar\/info\/wp-content\/uploads\/2019\/03\/0003518234.jpg","width":770,"height":433},{"@type":"BreadcrumbList","@id":"https:\/\/patagoniambiental.com.ar\/info\/neuquen-animalistas-van-contra-las-carreras-de-caballos\/#breadcrumb","itemListElement":[{"@type":"ListItem","position":1,"name":"Inicio","item":"https:\/\/patagoniambiental.com.ar\/info\/"},{"@type":"ListItem","position":2,"name":"Neuquen: Animalistas van contra las carreras de caballos"}]},{"@type":"WebSite","@id":"https:\/\/patagoniambiental.com.ar\/info\/#website","url":"https:\/\/patagoniambiental.com.ar\/info\/","name":"Patagonia Ambiental","description":"Monitoreo y an\u00e1lisis de la situaci\u00f3n geopol\u00edtica en el mundo y su implicancia en la Patagonia","publisher":{"@id":"https:\/\/patagoniambiental.com.ar\/info\/#organization"},"potentialAction":[{"@type":"SearchAction","target":{"@type":"EntryPoint","urlTemplate":"https:\/\/patagoniambiental.com.ar\/info\/?s={search_term_string}"},"query-input":{"@type":"PropertyValueSpecification","valueRequired":true,"valueName":"search_term_string"}}],"inLanguage":"es"},{"@type":"Organization","@id":"https:\/\/patagoniambiental.com.ar\/info\/#organization","name":"Patagonia Ambiental","url":"https:\/\/patagoniambiental.com.ar\/info\/","logo":{"@type":"ImageObject","inLanguage":"es","@id":"https:\/\/patagoniambiental.com.ar\/info\/#\/schema\/logo\/image\/","url":"https:\/\/patagoniambiental.com.ar\/info\/wp-content\/uploads\/2025\/05\/LOGO-PATAGONIA-AMBIENTAL.png","contentUrl":"https:\/\/patagoniambiental.com.ar\/info\/wp-content\/uploads\/2025\/05\/LOGO-PATAGONIA-AMBIENTAL.png","width":433,"height":250,"caption":"Patagonia Ambiental"},"image":{"@id":"https:\/\/patagoniambiental.com.ar\/info\/#\/schema\/logo\/image\/"},"sameAs":["https:\/\/www.facebook.com\/patagonia.ambiental","https:\/\/x.com\/PatAmb"]},{"@type":"Person","@id":"https:\/\/patagoniambiental.com.ar\/info\/#\/schema\/person\/db12bff64bbcbf6a253710bf0ea37b5d","name":"Patagonia Ambiental","description":"Andr\u00e9s Nievas T\u00e9cnico en manejo ambiental, consultor Ambiental y escritor para medios locales e internacionales sobre temas de geopolitica y medio ambiente.","sameAs":["http:\/\/www.patagoniambiental.com.ar","https:\/\/www.facebook.com\/share\/1C1V8Gv9BX\/?mibextid=qi2Omg","@patagoniambiental","https:\/\/youtube.com\/@patagoniaambiental2023?si=BLt58t0wuXquxlYZ"]}]}},"_links":{"self":[{"href":"https:\/\/patagoniambiental.com.ar\/info\/wp-json\/wp\/v2\/posts\/59448","targetHints":{"allow":["GET"]}}],"collection":[{"href":"https:\/\/patagoniambiental.com.ar\/info\/wp-json\/wp\/v2\/posts"}],"about":[{"href":"https:\/\/patagoniambiental.com.ar\/info\/wp-json\/wp\/v2\/types\/post"}],"author":[{"embeddable":true,"href":"https:\/\/patagoniambiental.com.ar\/info\/wp-json\/wp\/v2\/users\/2"}],"replies":[{"embeddable":true,"href":"https:\/\/patagoniambiental.com.ar\/info\/wp-json\/wp\/v2\/comments?post=59448"}],"version-history":[{"count":0,"href":"https:\/\/patagoniambiental.com.ar\/info\/wp-json\/wp\/v2\/posts\/59448\/revisions"}],"wp:featuredmedia":[{"embeddable":true,"href":"https:\/\/patagoniambiental.com.ar\/info\/wp-json\/wp\/v2\/media\/59449"}],"wp:attachment":[{"href":"https:\/\/patagoniambiental.com.ar\/info\/wp-json\/wp\/v2\/media?parent=59448"}],"wp:term":[{"taxonomy":"category","embeddable":true,"href":"https:\/\/patagoniambiental.com.ar\/info\/wp-json\/wp\/v2\/categories?post=59448"},{"taxonomy":"post_tag","embeddable":true,"href":"https:\/\/patagoniambiental.com.ar\/info\/wp-json\/wp\/v2\/tags?post=59448"}],"curies":[{"name":"wp","href":"https:\/\/api.w.org\/{rel}","templated":true}]}}