{"id":59487,"date":"2019-03-15T09:00:21","date_gmt":"2019-03-15T12:00:21","guid":{"rendered":"http:\/\/patagoniambiental.com.ar\/info\/?p=59487"},"modified":"2019-03-13T16:15:29","modified_gmt":"2019-03-13T19:15:29","slug":"ambiente-de-la-pampa-otorgara-el-premio-gaia-al-merito-ambiental-municipal","status":"publish","type":"post","link":"https:\/\/patagoniambiental.com.ar\/info\/ambiente-de-la-pampa-otorgara-el-premio-gaia-al-merito-ambiental-municipal\/","title":{"rendered":"Ambiente de La Pampa otorgar\u00e1 el Premio Gaia al m\u00e9rito ambiental municipal"},"content":{"rendered":"<div class=\"header-standard header-classic single-header\">\n<div class=\"post-box-meta-single\">La Pampa.-La Subsecretar\u00eda de Ambiente de La Pampa entregar\u00e1 el<strong>\u00a0Premio Gaia<\/strong>\u00a0en reconocimiento a los municipios que impulsan acciones para el cuidado y la sostenibilidad del\u00a0entorno y, en general, del\u00a0planeta.<\/div>\n<\/div>\n<p><!--more--><\/p>\n<div><\/div>\n<div><a href=\"http:\/\/diariotextual.com\/inicio\/wp-content\/uploads\/2019\/03\/tittarellifabian999.jpg\" data-rel=\"penci-gallery-image-content\"><img decoding=\"async\" class=\"attachment-penci-full-thumb size-penci-full-thumb penci-lazy wp-post-image\" src=\"http:\/\/diariotextual.com\/inicio\/wp-content\/uploads\/2019\/03\/tittarellifabian999.jpg\" alt=\"Ambiente otorgar\u00e1 el Premio Gaia al m\u00e9rito ambiental municipal\" \/><\/a><\/div>\n<div class=\"post-entry blockquote-style-1\">\n<div class=\"inner-post-entry\">\n<div class=\"nota-detalle-cuerpo\">\n<p>El subsecretario de Ambiente de La Pampa, Fabi\u00e1n Tittarelli, detall\u00f3 la iniciativa propuesta desde su cartera. \u201cLa modalidad funciona con la entrega de un premio anual a un municipio elegido a fin de cada a\u00f1o\u201d, dijo. \u201cEl premio ser\u00e1 entregado en el marco del D\u00eda de la Tierra, el 22 de abril.\u00a0<strong>La idea consiste en premiar y reconocer a aquel municipio que tenga alguna iniciativa o inquietud\u00a0de realizar actividades ambientales o ecol\u00f3gicas\u00a0con la finalidad de mejorar su ambiente, como as\u00ed tambi\u00e9n la forma de vida de las personas en relaci\u00f3n con esa mejora<\/strong>\u201d, sostuvo.<\/p>\n<p>\u201cM\u00e1s all\u00e1 de los incentivos propuestos con este reconocimiento, se busca que los municipios tengan el tema ambiental en sus agendas de Gobierno, como uno de los objetivos primarios. Creemos que una de las condiciones primarias para vivir como sociedad, es contar con un ambiente digno en el cual establecerse\u201d, manifest\u00f3.<\/p>\n<p>Las inscripciones estar\u00e1n abiertas en la\u00a0Subsecretar\u00eda de Ambiente, donde se completar\u00e1 una planilla describiendo\u00a0las actividades que est\u00e1n desarrollando en pos del Premio Gaia.<\/p>\n<div class=\"g g-1\">\n<div class=\"g-single a-4\">\u201cPor medio de un jurado que estar\u00e1 integrado por equipos t\u00e9cnicos de la Subsecretaria de Ambiente, Universidad Nacional de La Pampa, y de una ONG, se determinar\u00e1 al ganador.\u00a0<strong>El Premio Gaia consiste en una certificaci\u00f3n por parte del Gobierno de La Pampa, y una escultura de un artesano pampeano, y cada a\u00f1o se convocar\u00e1 un artesano distinto, que realizar\u00e1 la obra en concepto a la idea ganadora de cada a\u00f1o<\/strong>\u201d, concluy\u00f3 Tittarelli.<\/div>\n<\/div>\n<p>La hip\u00f3tesis de Gaia, propuesta a inicios de la d\u00e9cada del sesenta para analizar los procesos fisiol\u00f3gicos autorreguladores del planeta tierra, hac\u00eda referencia a la tierra como un \u201cplaneta vivo\u201d. De all\u00ed \u201cGaia, Geo, Pachamama o Madre Tierra\u201d para evocarla. M\u00e1s all\u00e1 de la postura m\u00edstica que encarna la idea, desde la Subsecretar\u00eda de Ambiente se impulsa el proceso de cuidado y protecci\u00f3n de todas las formas de vida del planeta y es lo que nos conducir\u00e1 al afianzamiento definitivo como especie evolucionada, y a nuestra supervivencia.<\/p>\n<p>Fuente:\u00a0http:\/\/diariotextual.com\/inicio\/index.php\/2019\/03\/13\/ambiente-otorgara-premio-gaia-al-merito-ambiental-municipal\/<\/p>\n<\/div>\n<\/div>\n<\/div>\n","protected":false},"excerpt":{"rendered":"<p>La Pampa.-La Subsecretar\u00eda de Ambiente de La Pampa entregar\u00e1 el\u00a0Premio Gaia\u00a0en reconocimiento a los municipios que impulsan acciones para el [&hellip;]<\/p>\n","protected":false},"author":2,"featured_media":59488,"comment_status":"open","ping_status":"open","sticky":false,"template":"","format":"standard","meta":{"site-sidebar-layout":"default","site-content-layout":"","ast-site-content-layout":"default","site-content-style":"default","site-sidebar-style":"default","ast-global-header-display":"","ast-banner-title-visibility":"","ast-main-header-display":"","ast-hfb-above-header-display":"","ast-hfb-below-header-display":"","ast-hfb-mobile-header-display":"","site-post-title":"","ast-breadcrumbs-content":"","ast-featured-img":"","footer-sml-layout":"","ast-disable-related-posts":"","theme-transparent-header-meta":"","adv-header-id-meta":"","stick-header-meta":"","header-above-stick-meta":"","header-main-stick-meta":"","header-below-stick-meta":"","astra-migrate-meta-layouts":"default","ast-page-background-enabled":"default","ast-page-background-meta":{"desktop":{"background-color":"var(--ast-global-color-5)","background-image":"","background-repeat":"repeat","background-position":"center center","background-size":"auto","background-attachment":"scroll","background-type":"","background-media":"","overlay-type":"","overlay-color":"","overlay-opacity":"","overlay-gradient":""},"tablet":{"background-color":"","background-image":"","background-repeat":"repeat","background-position":"center center","background-size":"auto","background-attachment":"scroll","background-type":"","background-media":"","overlay-type":"","overlay-color":"","overlay-opacity":"","overlay-gradient":""},"mobile":{"background-color":"","background-image":"","background-repeat":"repeat","background-position":"center center","background-size":"auto","background-attachment":"scroll","background-type":"","background-media":"","overlay-type":"","overlay-color":"","overlay-opacity":"","overlay-gradient":""}},"ast-content-background-meta":{"desktop":{"background-color":"var(--ast-global-color-4)","background-image":"","background-repeat":"repeat","background-position":"center center","background-size":"auto","background-attachment":"scroll","background-type":"","background-media":"","overlay-type":"","overlay-color":"","overlay-opacity":"","overlay-gradient":""},"tablet":{"background-color":"var(--ast-global-color-4)","background-image":"","background-repeat":"repeat","background-position":"center center","background-size":"auto","background-attachment":"scroll","background-type":"","background-media":"","overlay-type":"","overlay-color":"","overlay-opacity":"","overlay-gradient":""},"mobile":{"background-color":"var(--ast-global-color-4)","background-image":"","background-repeat":"repeat","background-position":"center center","background-size":"auto","background-attachment":"scroll","background-type":"","background-media":"","overlay-type":"","overlay-color":"","overlay-opacity":"","overlay-gradient":""}},"footnotes":""},"categories":[59,1,13],"tags":[],"class_list":["post-59487","post","type-post","status-publish","format-standard","has-post-thumbnail","hentry","category-la-pampa","category-noticias","category-provinciales"],"yoast_head":"<!-- This site is optimized with the Yoast SEO Premium plugin v23.0 (Yoast SEO v27.4) - https:\/\/yoast.com\/product\/yoast-seo-premium-wordpress\/ -->\n<title>Ambiente de La Pampa otorgar\u00e1 el Premio Gaia al m\u00e9rito ambiental municipal<\/title>\n<meta name=\"robots\" content=\"index, follow, max-snippet:-1, max-image-preview:large, max-video-preview:-1\" \/>\n<link rel=\"canonical\" href=\"https:\/\/patagoniambiental.com.ar\/info\/ambiente-de-la-pampa-otorgara-el-premio-gaia-al-merito-ambiental-municipal\/\" \/>\n<meta property=\"og:locale\" content=\"es_ES\" \/>\n<meta property=\"og:type\" content=\"article\" \/>\n<meta property=\"og:title\" content=\"Ambiente de La Pampa otorgar\u00e1 el Premio Gaia al m\u00e9rito ambiental municipal\" \/>\n<meta property=\"og:description\" content=\"La Pampa.-La Subsecretar\u00eda de Ambiente de La Pampa entregar\u00e1 el\u00a0Premio Gaia\u00a0en reconocimiento a los municipios que impulsan acciones para el [&hellip;]\" \/>\n<meta property=\"og:url\" content=\"https:\/\/patagoniambiental.com.ar\/info\/ambiente-de-la-pampa-otorgara-el-premio-gaia-al-merito-ambiental-municipal\/\" \/>\n<meta property=\"og:site_name\" content=\"Patagonia Ambiental\" \/>\n<meta property=\"article:publisher\" content=\"https:\/\/www.facebook.com\/patagonia.ambiental\" \/>\n<meta property=\"article:author\" content=\"https:\/\/www.facebook.com\/share\/1C1V8Gv9BX\/?mibextid=qi2Omg\" \/>\n<meta property=\"article:published_time\" content=\"2019-03-15T12:00:21+00:00\" \/>\n<meta property=\"og:image\" content=\"https:\/\/patagoniambiental.com.ar\/info\/wp-content\/uploads\/2019\/03\/tittarellifabian999.jpg\" \/>\n\t<meta property=\"og:image:width\" content=\"900\" \/>\n\t<meta property=\"og:image:height\" content=\"507\" \/>\n\t<meta property=\"og:image:type\" content=\"image\/jpeg\" \/>\n<meta name=\"author\" content=\"Patagonia Ambiental\" \/>\n<meta name=\"twitter:card\" content=\"summary_large_image\" \/>\n<meta name=\"twitter:creator\" content=\"@PatAmb\" \/>\n<meta name=\"twitter:site\" content=\"@PatAmb\" \/>\n<script type=\"application\/ld+json\" class=\"yoast-schema-graph\">{\"@context\":\"https:\\\/\\\/schema.org\",\"@graph\":[{\"@type\":\"Article\",\"@id\":\"https:\\\/\\\/patagoniambiental.com.ar\\\/info\\\/ambiente-de-la-pampa-otorgara-el-premio-gaia-al-merito-ambiental-municipal\\\/#article\",\"isPartOf\":{\"@id\":\"https:\\\/\\\/patagoniambiental.com.ar\\\/info\\\/ambiente-de-la-pampa-otorgara-el-premio-gaia-al-merito-ambiental-municipal\\\/\"},\"author\":{\"name\":\"Patagonia Ambiental\",\"@id\":\"https:\\\/\\\/patagoniambiental.com.ar\\\/info\\\/#\\\/schema\\\/person\\\/db12bff64bbcbf6a253710bf0ea37b5d\"},\"headline\":\"Ambiente de La Pampa otorgar\u00e1 el Premio Gaia al m\u00e9rito ambiental municipal\",\"datePublished\":\"2019-03-15T12:00:21+00:00\",\"mainEntityOfPage\":{\"@id\":\"https:\\\/\\\/patagoniambiental.com.ar\\\/info\\\/ambiente-de-la-pampa-otorgara-el-premio-gaia-al-merito-ambiental-municipal\\\/\"},\"wordCount\":410,\"commentCount\":0,\"publisher\":{\"@id\":\"https:\\\/\\\/patagoniambiental.com.ar\\\/info\\\/#organization\"},\"image\":{\"@id\":\"https:\\\/\\\/patagoniambiental.com.ar\\\/info\\\/ambiente-de-la-pampa-otorgara-el-premio-gaia-al-merito-ambiental-municipal\\\/#primaryimage\"},\"thumbnailUrl\":\"https:\\\/\\\/patagoniambiental.com.ar\\\/info\\\/wp-content\\\/uploads\\\/2019\\\/03\\\/tittarellifabian999.jpg\",\"articleSection\":[\"La Pampa\",\"Noticias\",\"Provinciales\"],\"inLanguage\":\"es\",\"potentialAction\":[{\"@type\":\"CommentAction\",\"name\":\"Comment\",\"target\":[\"https:\\\/\\\/patagoniambiental.com.ar\\\/info\\\/ambiente-de-la-pampa-otorgara-el-premio-gaia-al-merito-ambiental-municipal\\\/#respond\"]}]},{\"@type\":\"WebPage\",\"@id\":\"https:\\\/\\\/patagoniambiental.com.ar\\\/info\\\/ambiente-de-la-pampa-otorgara-el-premio-gaia-al-merito-ambiental-municipal\\\/\",\"url\":\"https:\\\/\\\/patagoniambiental.com.ar\\\/info\\\/ambiente-de-la-pampa-otorgara-el-premio-gaia-al-merito-ambiental-municipal\\\/\",\"name\":\"Ambiente de La Pampa otorgar\u00e1 el Premio Gaia al m\u00e9rito ambiental municipal\",\"isPartOf\":{\"@id\":\"https:\\\/\\\/patagoniambiental.com.ar\\\/info\\\/#website\"},\"primaryImageOfPage\":{\"@id\":\"https:\\\/\\\/patagoniambiental.com.ar\\\/info\\\/ambiente-de-la-pampa-otorgara-el-premio-gaia-al-merito-ambiental-municipal\\\/#primaryimage\"},\"image\":{\"@id\":\"https:\\\/\\\/patagoniambiental.com.ar\\\/info\\\/ambiente-de-la-pampa-otorgara-el-premio-gaia-al-merito-ambiental-municipal\\\/#primaryimage\"},\"thumbnailUrl\":\"https:\\\/\\\/patagoniambiental.com.ar\\\/info\\\/wp-content\\\/uploads\\\/2019\\\/03\\\/tittarellifabian999.jpg\",\"datePublished\":\"2019-03-15T12:00:21+00:00\",\"breadcrumb\":{\"@id\":\"https:\\\/\\\/patagoniambiental.com.ar\\\/info\\\/ambiente-de-la-pampa-otorgara-el-premio-gaia-al-merito-ambiental-municipal\\\/#breadcrumb\"},\"inLanguage\":\"es\",\"potentialAction\":[{\"@type\":\"ReadAction\",\"target\":[\"https:\\\/\\\/patagoniambiental.com.ar\\\/info\\\/ambiente-de-la-pampa-otorgara-el-premio-gaia-al-merito-ambiental-municipal\\\/\"]}]},{\"@type\":\"ImageObject\",\"inLanguage\":\"es\",\"@id\":\"https:\\\/\\\/patagoniambiental.com.ar\\\/info\\\/ambiente-de-la-pampa-otorgara-el-premio-gaia-al-merito-ambiental-municipal\\\/#primaryimage\",\"url\":\"https:\\\/\\\/patagoniambiental.com.ar\\\/info\\\/wp-content\\\/uploads\\\/2019\\\/03\\\/tittarellifabian999.jpg\",\"contentUrl\":\"https:\\\/\\\/patagoniambiental.com.ar\\\/info\\\/wp-content\\\/uploads\\\/2019\\\/03\\\/tittarellifabian999.jpg\",\"width\":900,\"height\":507},{\"@type\":\"BreadcrumbList\",\"@id\":\"https:\\\/\\\/patagoniambiental.com.ar\\\/info\\\/ambiente-de-la-pampa-otorgara-el-premio-gaia-al-merito-ambiental-municipal\\\/#breadcrumb\",\"itemListElement\":[{\"@type\":\"ListItem\",\"position\":1,\"name\":\"Inicio\",\"item\":\"https:\\\/\\\/patagoniambiental.com.ar\\\/info\\\/\"},{\"@type\":\"ListItem\",\"position\":2,\"name\":\"Ambiente de La Pampa otorgar\u00e1 el Premio Gaia al m\u00e9rito ambiental municipal\"}]},{\"@type\":\"WebSite\",\"@id\":\"https:\\\/\\\/patagoniambiental.com.ar\\\/info\\\/#website\",\"url\":\"https:\\\/\\\/patagoniambiental.com.ar\\\/info\\\/\",\"name\":\"Patagonia Ambiental\",\"description\":\"Monitoreo y an\u00e1lisis de la situaci\u00f3n geopol\u00edtica en el mundo y su implicancia en la Patagonia\",\"publisher\":{\"@id\":\"https:\\\/\\\/patagoniambiental.com.ar\\\/info\\\/#organization\"},\"potentialAction\":[{\"@type\":\"SearchAction\",\"target\":{\"@type\":\"EntryPoint\",\"urlTemplate\":\"https:\\\/\\\/patagoniambiental.com.ar\\\/info\\\/?s={search_term_string}\"},\"query-input\":{\"@type\":\"PropertyValueSpecification\",\"valueRequired\":true,\"valueName\":\"search_term_string\"}}],\"inLanguage\":\"es\"},{\"@type\":\"Organization\",\"@id\":\"https:\\\/\\\/patagoniambiental.com.ar\\\/info\\\/#organization\",\"name\":\"Patagonia Ambiental\",\"url\":\"https:\\\/\\\/patagoniambiental.com.ar\\\/info\\\/\",\"logo\":{\"@type\":\"ImageObject\",\"inLanguage\":\"es\",\"@id\":\"https:\\\/\\\/patagoniambiental.com.ar\\\/info\\\/#\\\/schema\\\/logo\\\/image\\\/\",\"url\":\"https:\\\/\\\/patagoniambiental.com.ar\\\/info\\\/wp-content\\\/uploads\\\/2025\\\/05\\\/LOGO-PATAGONIA-AMBIENTAL.png\",\"contentUrl\":\"https:\\\/\\\/patagoniambiental.com.ar\\\/info\\\/wp-content\\\/uploads\\\/2025\\\/05\\\/LOGO-PATAGONIA-AMBIENTAL.png\",\"width\":433,\"height\":250,\"caption\":\"Patagonia Ambiental\"},\"image\":{\"@id\":\"https:\\\/\\\/patagoniambiental.com.ar\\\/info\\\/#\\\/schema\\\/logo\\\/image\\\/\"},\"sameAs\":[\"https:\\\/\\\/www.facebook.com\\\/patagonia.ambiental\",\"https:\\\/\\\/x.com\\\/PatAmb\"]},{\"@type\":\"Person\",\"@id\":\"https:\\\/\\\/patagoniambiental.com.ar\\\/info\\\/#\\\/schema\\\/person\\\/db12bff64bbcbf6a253710bf0ea37b5d\",\"name\":\"Patagonia Ambiental\",\"description\":\"Andr\u00e9s Nievas T\u00e9cnico en manejo ambiental, consultor Ambiental y escritor para medios locales e internacionales sobre temas de geopolitica y medio ambiente.\",\"sameAs\":[\"http:\\\/\\\/www.patagoniambiental.com.ar\",\"https:\\\/\\\/www.facebook.com\\\/share\\\/1C1V8Gv9BX\\\/?mibextid=qi2Omg\",\"@patagoniambiental\",\"https:\\\/\\\/youtube.com\\\/@patagoniaambiental2023?si=BLt58t0wuXquxlYZ\"]}]}<\/script>\n<!-- \/ Yoast SEO Premium plugin. -->","yoast_head_json":{"title":"Ambiente de La Pampa otorgar\u00e1 el Premio Gaia al m\u00e9rito ambiental municipal","robots":{"index":"index","follow":"follow","max-snippet":"max-snippet:-1","max-image-preview":"max-image-preview:large","max-video-preview":"max-video-preview:-1"},"canonical":"https:\/\/patagoniambiental.com.ar\/info\/ambiente-de-la-pampa-otorgara-el-premio-gaia-al-merito-ambiental-municipal\/","og_locale":"es_ES","og_type":"article","og_title":"Ambiente de La Pampa otorgar\u00e1 el Premio Gaia al m\u00e9rito ambiental municipal","og_description":"La Pampa.-La Subsecretar\u00eda de Ambiente de La Pampa entregar\u00e1 el\u00a0Premio Gaia\u00a0en reconocimiento a los municipios que impulsan acciones para el [&hellip;]","og_url":"https:\/\/patagoniambiental.com.ar\/info\/ambiente-de-la-pampa-otorgara-el-premio-gaia-al-merito-ambiental-municipal\/","og_site_name":"Patagonia Ambiental","article_publisher":"https:\/\/www.facebook.com\/patagonia.ambiental","article_author":"https:\/\/www.facebook.com\/share\/1C1V8Gv9BX\/?mibextid=qi2Omg","article_published_time":"2019-03-15T12:00:21+00:00","og_image":[{"width":900,"height":507,"url":"https:\/\/patagoniambiental.com.ar\/info\/wp-content\/uploads\/2019\/03\/tittarellifabian999.jpg","type":"image\/jpeg"}],"author":"Patagonia Ambiental","twitter_card":"summary_large_image","twitter_creator":"@PatAmb","twitter_site":"@PatAmb","schema":{"@context":"https:\/\/schema.org","@graph":[{"@type":"Article","@id":"https:\/\/patagoniambiental.com.ar\/info\/ambiente-de-la-pampa-otorgara-el-premio-gaia-al-merito-ambiental-municipal\/#article","isPartOf":{"@id":"https:\/\/patagoniambiental.com.ar\/info\/ambiente-de-la-pampa-otorgara-el-premio-gaia-al-merito-ambiental-municipal\/"},"author":{"name":"Patagonia Ambiental","@id":"https:\/\/patagoniambiental.com.ar\/info\/#\/schema\/person\/db12bff64bbcbf6a253710bf0ea37b5d"},"headline":"Ambiente de La Pampa otorgar\u00e1 el Premio Gaia al m\u00e9rito ambiental municipal","datePublished":"2019-03-15T12:00:21+00:00","mainEntityOfPage":{"@id":"https:\/\/patagoniambiental.com.ar\/info\/ambiente-de-la-pampa-otorgara-el-premio-gaia-al-merito-ambiental-municipal\/"},"wordCount":410,"commentCount":0,"publisher":{"@id":"https:\/\/patagoniambiental.com.ar\/info\/#organization"},"image":{"@id":"https:\/\/patagoniambiental.com.ar\/info\/ambiente-de-la-pampa-otorgara-el-premio-gaia-al-merito-ambiental-municipal\/#primaryimage"},"thumbnailUrl":"https:\/\/patagoniambiental.com.ar\/info\/wp-content\/uploads\/2019\/03\/tittarellifabian999.jpg","articleSection":["La Pampa","Noticias","Provinciales"],"inLanguage":"es","potentialAction":[{"@type":"CommentAction","name":"Comment","target":["https:\/\/patagoniambiental.com.ar\/info\/ambiente-de-la-pampa-otorgara-el-premio-gaia-al-merito-ambiental-municipal\/#respond"]}]},{"@type":"WebPage","@id":"https:\/\/patagoniambiental.com.ar\/info\/ambiente-de-la-pampa-otorgara-el-premio-gaia-al-merito-ambiental-municipal\/","url":"https:\/\/patagoniambiental.com.ar\/info\/ambiente-de-la-pampa-otorgara-el-premio-gaia-al-merito-ambiental-municipal\/","name":"Ambiente de La Pampa otorgar\u00e1 el Premio Gaia al m\u00e9rito ambiental municipal","isPartOf":{"@id":"https:\/\/patagoniambiental.com.ar\/info\/#website"},"primaryImageOfPage":{"@id":"https:\/\/patagoniambiental.com.ar\/info\/ambiente-de-la-pampa-otorgara-el-premio-gaia-al-merito-ambiental-municipal\/#primaryimage"},"image":{"@id":"https:\/\/patagoniambiental.com.ar\/info\/ambiente-de-la-pampa-otorgara-el-premio-gaia-al-merito-ambiental-municipal\/#primaryimage"},"thumbnailUrl":"https:\/\/patagoniambiental.com.ar\/info\/wp-content\/uploads\/2019\/03\/tittarellifabian999.jpg","datePublished":"2019-03-15T12:00:21+00:00","breadcrumb":{"@id":"https:\/\/patagoniambiental.com.ar\/info\/ambiente-de-la-pampa-otorgara-el-premio-gaia-al-merito-ambiental-municipal\/#breadcrumb"},"inLanguage":"es","potentialAction":[{"@type":"ReadAction","target":["https:\/\/patagoniambiental.com.ar\/info\/ambiente-de-la-pampa-otorgara-el-premio-gaia-al-merito-ambiental-municipal\/"]}]},{"@type":"ImageObject","inLanguage":"es","@id":"https:\/\/patagoniambiental.com.ar\/info\/ambiente-de-la-pampa-otorgara-el-premio-gaia-al-merito-ambiental-municipal\/#primaryimage","url":"https:\/\/patagoniambiental.com.ar\/info\/wp-content\/uploads\/2019\/03\/tittarellifabian999.jpg","contentUrl":"https:\/\/patagoniambiental.com.ar\/info\/wp-content\/uploads\/2019\/03\/tittarellifabian999.jpg","width":900,"height":507},{"@type":"BreadcrumbList","@id":"https:\/\/patagoniambiental.com.ar\/info\/ambiente-de-la-pampa-otorgara-el-premio-gaia-al-merito-ambiental-municipal\/#breadcrumb","itemListElement":[{"@type":"ListItem","position":1,"name":"Inicio","item":"https:\/\/patagoniambiental.com.ar\/info\/"},{"@type":"ListItem","position":2,"name":"Ambiente de La Pampa otorgar\u00e1 el Premio Gaia al m\u00e9rito ambiental municipal"}]},{"@type":"WebSite","@id":"https:\/\/patagoniambiental.com.ar\/info\/#website","url":"https:\/\/patagoniambiental.com.ar\/info\/","name":"Patagonia Ambiental","description":"Monitoreo y an\u00e1lisis de la situaci\u00f3n geopol\u00edtica en el mundo y su implicancia en la Patagonia","publisher":{"@id":"https:\/\/patagoniambiental.com.ar\/info\/#organization"},"potentialAction":[{"@type":"SearchAction","target":{"@type":"EntryPoint","urlTemplate":"https:\/\/patagoniambiental.com.ar\/info\/?s={search_term_string}"},"query-input":{"@type":"PropertyValueSpecification","valueRequired":true,"valueName":"search_term_string"}}],"inLanguage":"es"},{"@type":"Organization","@id":"https:\/\/patagoniambiental.com.ar\/info\/#organization","name":"Patagonia Ambiental","url":"https:\/\/patagoniambiental.com.ar\/info\/","logo":{"@type":"ImageObject","inLanguage":"es","@id":"https:\/\/patagoniambiental.com.ar\/info\/#\/schema\/logo\/image\/","url":"https:\/\/patagoniambiental.com.ar\/info\/wp-content\/uploads\/2025\/05\/LOGO-PATAGONIA-AMBIENTAL.png","contentUrl":"https:\/\/patagoniambiental.com.ar\/info\/wp-content\/uploads\/2025\/05\/LOGO-PATAGONIA-AMBIENTAL.png","width":433,"height":250,"caption":"Patagonia Ambiental"},"image":{"@id":"https:\/\/patagoniambiental.com.ar\/info\/#\/schema\/logo\/image\/"},"sameAs":["https:\/\/www.facebook.com\/patagonia.ambiental","https:\/\/x.com\/PatAmb"]},{"@type":"Person","@id":"https:\/\/patagoniambiental.com.ar\/info\/#\/schema\/person\/db12bff64bbcbf6a253710bf0ea37b5d","name":"Patagonia Ambiental","description":"Andr\u00e9s Nievas T\u00e9cnico en manejo ambiental, consultor Ambiental y escritor para medios locales e internacionales sobre temas de geopolitica y medio ambiente.","sameAs":["http:\/\/www.patagoniambiental.com.ar","https:\/\/www.facebook.com\/share\/1C1V8Gv9BX\/?mibextid=qi2Omg","@patagoniambiental","https:\/\/youtube.com\/@patagoniaambiental2023?si=BLt58t0wuXquxlYZ"]}]}},"_links":{"self":[{"href":"https:\/\/patagoniambiental.com.ar\/info\/wp-json\/wp\/v2\/posts\/59487","targetHints":{"allow":["GET"]}}],"collection":[{"href":"https:\/\/patagoniambiental.com.ar\/info\/wp-json\/wp\/v2\/posts"}],"about":[{"href":"https:\/\/patagoniambiental.com.ar\/info\/wp-json\/wp\/v2\/types\/post"}],"author":[{"embeddable":true,"href":"https:\/\/patagoniambiental.com.ar\/info\/wp-json\/wp\/v2\/users\/2"}],"replies":[{"embeddable":true,"href":"https:\/\/patagoniambiental.com.ar\/info\/wp-json\/wp\/v2\/comments?post=59487"}],"version-history":[{"count":0,"href":"https:\/\/patagoniambiental.com.ar\/info\/wp-json\/wp\/v2\/posts\/59487\/revisions"}],"wp:featuredmedia":[{"embeddable":true,"href":"https:\/\/patagoniambiental.com.ar\/info\/wp-json\/wp\/v2\/media\/59488"}],"wp:attachment":[{"href":"https:\/\/patagoniambiental.com.ar\/info\/wp-json\/wp\/v2\/media?parent=59487"}],"wp:term":[{"taxonomy":"category","embeddable":true,"href":"https:\/\/patagoniambiental.com.ar\/info\/wp-json\/wp\/v2\/categories?post=59487"},{"taxonomy":"post_tag","embeddable":true,"href":"https:\/\/patagoniambiental.com.ar\/info\/wp-json\/wp\/v2\/tags?post=59487"}],"curies":[{"name":"wp","href":"https:\/\/api.w.org\/{rel}","templated":true}]}}