{"id":59578,"date":"2019-03-19T09:00:43","date_gmt":"2019-03-19T12:00:43","guid":{"rendered":"http:\/\/patagoniambiental.com.ar\/info\/?p=59578"},"modified":"2019-03-18T21:26:09","modified_gmt":"2019-03-19T00:26:09","slug":"neuquen-artesanias-neuquinas-suma-valor-al-trabajo-de-las-comunidades-mapuche","status":"publish","type":"post","link":"https:\/\/patagoniambiental.com.ar\/info\/neuquen-artesanias-neuquinas-suma-valor-al-trabajo-de-las-comunidades-mapuche\/","title":{"rendered":"Neuqu\u00e9n: Artesan\u00edas Neuquinas suma valor al trabajo de las\u00a0comunidades mapuche"},"content":{"rendered":"<div class=\"td-post-header td-container\">\n<div class=\"td-post-header-holder sombra\">\n<header class=\"td-post-title\">\n<div class=\"td-module-meta-info\">Neuqu\u00e9n.-La empresa del Estado provincial se encuentra realizando un trabajo antropol\u00f3gico de investigaci\u00f3n para sumar a cada pieza una ficha t\u00e9cnica en la que se detalle la significaci\u00f3n e impronta cultural de esa artesan\u00eda, del hacedor del trabajo y de la comunidad mapuche de la cual proviene.<\/div>\n<\/header>\n<\/div>\n<\/div>\n<p><!--more--><\/p>\n<div class=\"td-container\">\n<div class=\"td-pb-row\">\n<div class=\"td-pb-span8 td-main-content\" role=\"main\">\n<div class=\"td-ss-main-content\">\n<div class=\"td-post-content\">\n<p>La empresa estatal Artesan\u00edas Neuquinas se encuentra trabajando para sumar valor al trabajo de cientos de artesanos de las comunidades mapuche distribuidas en todo el territorio. \u201cEstamos convencidos de que el trabajo artesanal genera una fuente de ingreso familiar genuina y eso dignifica mucho a las familias\u201d, asegur\u00f3 la presidenta de la firma provincial, Rossana Benigar.<\/p>\n<p>El organismo realiza desde hace varios meses un trabajo antropol\u00f3gico de investigaci\u00f3n para sumar una ficha t\u00e9cnica a cada pieza, en la que se detalle la significaci\u00f3n e impronta cultural de esa artesan\u00eda, del hacedor del trabajo y de la comunidad mapuche de la cual proviene. \u201cCada comprador sabr\u00e1 que no s\u00f3lo se lleva una pieza hecha a mano, sino una porci\u00f3n fundamental de la historia y la cultura de Neuqu\u00e9n\u201d, sostuvo Benigar.<\/p>\n<p>Explic\u00f3 luego que \u201cse trata de un antrop\u00f3logo de la ciudad de La Plata que cuenta con una beca del Consejo Federal de Inversiones (CFI) y hace m\u00e1s de un a\u00f1o se desempe\u00f1a junto a las autoridades y los trabajadores de la empresa, en un trabajo de investigaci\u00f3n que involucra sumarle contenido y valor a las piezas realizadas por las comunidades mapuche\u201d.<\/p>\n<figure id=\"attachment_129049\" class=\"wp-caption alignnone\"><img fetchpriority=\"high\" decoding=\"async\" class=\"wp-image-129049 size-full\" src=\"https:\/\/www.neuqueninforma.gob.ar\/wp-content\/uploads\/2019\/03\/WEB-ARTESANIAS-NEUQUINAS_MG_8435.jpg\" sizes=\"(max-width: 1403px) 100vw, 1403px\" srcset=\"https:\/\/www.neuqueninforma.gob.ar\/wp-content\/uploads\/2019\/03\/WEB-ARTESANIAS-NEUQUINAS_MG_8435.jpg 1403w, https:\/\/www.neuqueninforma.gob.ar\/wp-content\/uploads\/2019\/03\/WEB-ARTESANIAS-NEUQUINAS_MG_8435-300x176.jpg 300w, https:\/\/www.neuqueninforma.gob.ar\/wp-content\/uploads\/2019\/03\/WEB-ARTESANIAS-NEUQUINAS_MG_8435-1024x601.jpg 1024w, https:\/\/www.neuqueninforma.gob.ar\/wp-content\/uploads\/2019\/03\/WEB-ARTESANIAS-NEUQUINAS_MG_8435-696x408.jpg 696w, https:\/\/www.neuqueninforma.gob.ar\/wp-content\/uploads\/2019\/03\/WEB-ARTESANIAS-NEUQUINAS_MG_8435-1068x626.jpg 1068w, https:\/\/www.neuqueninforma.gob.ar\/wp-content\/uploads\/2019\/03\/WEB-ARTESANIAS-NEUQUINAS_MG_8435-716x420.jpg 716w, https:\/\/www.neuqueninforma.gob.ar\/wp-content\/uploads\/2019\/03\/WEB-ARTESANIAS-NEUQUINAS_MG_8435-1320x774.jpg 1320w\" alt=\"\" width=\"1403\" height=\"823\" \/><figcaption class=\"wp-caption-text\">\u201cEstamos convencidos de que el trabajo artesanal genera una fuente de ingreso familiar genuina y eso dignifica mucho a las familias\u201d, asegur\u00f3 la presidenta de la firma provincial, Rossana Benigar.<\/figcaption><\/figure>\n<p>En este sentido, confirm\u00f3 que ya est\u00e1 terminado uno de esos documentos sobre las piezas de plater\u00eda y de toda la producci\u00f3n textil de la provincia.<\/p>\n<p>La funcionaria asegur\u00f3 que \u201ceste proceso tiene como objetivo revalorizar el fuerte contenido e impronta cultural con que cuenta cada una de las artesan\u00edas. La tarea es transmitir estos conocimientos a los compradores ocasionales y visitantes de la provincia que adquieran una pieza, a trav\u00e9s de la elaboraci\u00f3n de fichas t\u00e9cnicas para que la gente sepa y se interiorice de lo que se est\u00e1 llevando y su significaci\u00f3n\u201d.<\/p>\n<p>A\u00f1adi\u00f3 que \u201cla tarea de investigaci\u00f3n antropol\u00f3gica tambi\u00e9n significa todo un proceso de aprendizaje hacia el interior del organismo provincial, y por eso el personal se est\u00e1 capacitando para brindar m\u00e1s y mejor informaci\u00f3n a quienes se acercan a comprar una artesan\u00eda de nuestros pobladores del interior\u201d.<\/p>\n<p>Adem\u00e1s, la titular de Artesan\u00edas Neuquinas indic\u00f3 que tambi\u00e9n se est\u00e1 llevando adelante un proceso de investigaci\u00f3n que \u201cindaga los or\u00edgenes y la trayectoria de la empresa desde su creaci\u00f3n en la d\u00e9cada del 70, junto con el rescate de piezas que fueron resguardadas \u2013en el tiempo y en las distintas gestiones de gobierno\u2013 y que forman parte del patrimonio hist\u00f3rico de Artesan\u00edas Neuquinas\u201d.<\/p>\n<p>En 1969, la provincia del Neuqu\u00e9n firm\u00f3 el primer convenio con el Fondo Nacional de las Artes para la aplicaci\u00f3n del R\u00e9gimen de Est\u00edmulo a las Artesan\u00edas y, posteriormente, cre\u00f3 la firma en 1975 ante la existencia de numerosos centros artesanales distribuidos en todo el territorio y la necesidad de recuperar, desarrollar y promover la actividad artesanal tradicional dentro de las comunidades mapuche.<\/p>\n<figure id=\"attachment_129048\" class=\"wp-caption alignnone\"><img decoding=\"async\" class=\"wp-image-129048 size-full\" src=\"https:\/\/www.neuqueninforma.gob.ar\/wp-content\/uploads\/2019\/03\/WEB-ARTESANIAS-NEUQUINAS_MG_8449.jpg\" sizes=\"(max-width: 1403px) 100vw, 1403px\" srcset=\"https:\/\/www.neuqueninforma.gob.ar\/wp-content\/uploads\/2019\/03\/WEB-ARTESANIAS-NEUQUINAS_MG_8449.jpg 1403w, https:\/\/www.neuqueninforma.gob.ar\/wp-content\/uploads\/2019\/03\/WEB-ARTESANIAS-NEUQUINAS_MG_8449-300x148.jpg 300w, https:\/\/www.neuqueninforma.gob.ar\/wp-content\/uploads\/2019\/03\/WEB-ARTESANIAS-NEUQUINAS_MG_8449-1024x506.jpg 1024w, https:\/\/www.neuqueninforma.gob.ar\/wp-content\/uploads\/2019\/03\/WEB-ARTESANIAS-NEUQUINAS_MG_8449-324x160.jpg 324w, https:\/\/www.neuqueninforma.gob.ar\/wp-content\/uploads\/2019\/03\/WEB-ARTESANIAS-NEUQUINAS_MG_8449-696x344.jpg 696w, https:\/\/www.neuqueninforma.gob.ar\/wp-content\/uploads\/2019\/03\/WEB-ARTESANIAS-NEUQUINAS_MG_8449-1068x528.jpg 1068w, https:\/\/www.neuqueninforma.gob.ar\/wp-content\/uploads\/2019\/03\/WEB-ARTESANIAS-NEUQUINAS_MG_8449-850x420.jpg 850w, https:\/\/www.neuqueninforma.gob.ar\/wp-content\/uploads\/2019\/03\/WEB-ARTESANIAS-NEUQUINAS_MG_8449-1320x652.jpg 1320w\" alt=\"\" width=\"1403\" height=\"693\" \/><figcaption class=\"wp-caption-text\">El organismo realiza un trabajo de investigaci\u00f3n para sumar una ficha t\u00e9cnica a cada pieza, en la que se detalle la significaci\u00f3n e impronta cultural de esa artesan\u00eda, del hacedor del trabajo y de la comunidad de la cual proviene.<\/figcaption><\/figure>\n<p>Fuente: Neuquen Informa<\/p>\n<\/div>\n<\/div>\n<\/div>\n<\/div>\n<\/div>\n","protected":false},"excerpt":{"rendered":"<p>Neuqu\u00e9n.-La empresa del Estado provincial se encuentra realizando un trabajo antropol\u00f3gico de investigaci\u00f3n para sumar a cada pieza una ficha [&hellip;]<\/p>\n","protected":false},"author":2,"featured_media":59579,"comment_status":"open","ping_status":"open","sticky":false,"template":"","format":"standard","meta":{"site-sidebar-layout":"default","site-content-layout":"","ast-site-content-layout":"default","site-content-style":"default","site-sidebar-style":"default","ast-global-header-display":"","ast-banner-title-visibility":"","ast-main-header-display":"","ast-hfb-above-header-display":"","ast-hfb-below-header-display":"","ast-hfb-mobile-header-display":"","site-post-title":"","ast-breadcrumbs-content":"","ast-featured-img":"","footer-sml-layout":"","ast-disable-related-posts":"","theme-transparent-header-meta":"","adv-header-id-meta":"","stick-header-meta":"","header-above-stick-meta":"","header-main-stick-meta":"","header-below-stick-meta":"","astra-migrate-meta-layouts":"default","ast-page-background-enabled":"default","ast-page-background-meta":{"desktop":{"background-color":"var(--ast-global-color-5)","background-image":"","background-repeat":"repeat","background-position":"center center","background-size":"auto","background-attachment":"scroll","background-type":"","background-media":"","overlay-type":"","overlay-color":"","overlay-opacity":"","overlay-gradient":""},"tablet":{"background-color":"","background-image":"","background-repeat":"repeat","background-position":"center center","background-size":"auto","background-attachment":"scroll","background-type":"","background-media":"","overlay-type":"","overlay-color":"","overlay-opacity":"","overlay-gradient":""},"mobile":{"background-color":"","background-image":"","background-repeat":"repeat","background-position":"center center","background-size":"auto","background-attachment":"scroll","background-type":"","background-media":"","overlay-type":"","overlay-color":"","overlay-opacity":"","overlay-gradient":""}},"ast-content-background-meta":{"desktop":{"background-color":"var(--ast-global-color-4)","background-image":"","background-repeat":"repeat","background-position":"center center","background-size":"auto","background-attachment":"scroll","background-type":"","background-media":"","overlay-type":"","overlay-color":"","overlay-opacity":"","overlay-gradient":""},"tablet":{"background-color":"var(--ast-global-color-4)","background-image":"","background-repeat":"repeat","background-position":"center center","background-size":"auto","background-attachment":"scroll","background-type":"","background-media":"","overlay-type":"","overlay-color":"","overlay-opacity":"","overlay-gradient":""},"mobile":{"background-color":"var(--ast-global-color-4)","background-image":"","background-repeat":"repeat","background-position":"center center","background-size":"auto","background-attachment":"scroll","background-type":"","background-media":"","overlay-type":"","overlay-color":"","overlay-opacity":"","overlay-gradient":""}},"footnotes":""},"categories":[18,1,13],"tags":[],"class_list":["post-59578","post","type-post","status-publish","format-standard","has-post-thumbnail","hentry","category-neuquen","category-noticias","category-provinciales"],"yoast_head":"<!-- This site is optimized with the Yoast SEO Premium plugin v23.0 (Yoast SEO v27.4) - https:\/\/yoast.com\/product\/yoast-seo-premium-wordpress\/ -->\n<title>Neuqu\u00e9n: Artesan\u00edas Neuquinas suma valor al trabajo de las\u00a0comunidades mapuche<\/title>\n<meta name=\"robots\" content=\"index, follow, max-snippet:-1, max-image-preview:large, max-video-preview:-1\" \/>\n<link rel=\"canonical\" href=\"https:\/\/patagoniambiental.com.ar\/info\/neuquen-artesanias-neuquinas-suma-valor-al-trabajo-de-las-comunidades-mapuche\/\" \/>\n<meta property=\"og:locale\" content=\"es_ES\" \/>\n<meta property=\"og:type\" content=\"article\" \/>\n<meta property=\"og:title\" content=\"Neuqu\u00e9n: Artesan\u00edas Neuquinas suma valor al trabajo de las\u00a0comunidades mapuche\" \/>\n<meta property=\"og:description\" content=\"Neuqu\u00e9n.-La empresa del Estado provincial se encuentra realizando un trabajo antropol\u00f3gico de investigaci\u00f3n para sumar a cada pieza una ficha [&hellip;]\" \/>\n<meta property=\"og:url\" content=\"https:\/\/patagoniambiental.com.ar\/info\/neuquen-artesanias-neuquinas-suma-valor-al-trabajo-de-las-comunidades-mapuche\/\" \/>\n<meta property=\"og:site_name\" content=\"Patagonia Ambiental\" \/>\n<meta property=\"article:publisher\" content=\"https:\/\/www.facebook.com\/patagonia.ambiental\" \/>\n<meta property=\"article:author\" content=\"https:\/\/www.facebook.com\/share\/1C1V8Gv9BX\/?mibextid=qi2Omg\" \/>\n<meta property=\"article:published_time\" content=\"2019-03-19T12:00:43+00:00\" \/>\n<meta property=\"og:image\" content=\"https:\/\/patagoniambiental.com.ar\/info\/wp-content\/uploads\/2019\/03\/WEB-ARTESANIAS-NEUQUINAS_MG_8449-850x420.jpg\" \/>\n\t<meta property=\"og:image:width\" content=\"850\" \/>\n\t<meta property=\"og:image:height\" content=\"420\" \/>\n\t<meta property=\"og:image:type\" content=\"image\/jpeg\" \/>\n<meta name=\"author\" content=\"Patagonia Ambiental\" \/>\n<meta name=\"twitter:card\" content=\"summary_large_image\" \/>\n<meta name=\"twitter:creator\" content=\"@PatAmb\" \/>\n<meta name=\"twitter:site\" content=\"@PatAmb\" \/>\n<script type=\"application\/ld+json\" class=\"yoast-schema-graph\">{\"@context\":\"https:\\\/\\\/schema.org\",\"@graph\":[{\"@type\":\"Article\",\"@id\":\"https:\\\/\\\/patagoniambiental.com.ar\\\/info\\\/neuquen-artesanias-neuquinas-suma-valor-al-trabajo-de-las-comunidades-mapuche\\\/#article\",\"isPartOf\":{\"@id\":\"https:\\\/\\\/patagoniambiental.com.ar\\\/info\\\/neuquen-artesanias-neuquinas-suma-valor-al-trabajo-de-las-comunidades-mapuche\\\/\"},\"author\":{\"name\":\"Patagonia Ambiental\",\"@id\":\"https:\\\/\\\/patagoniambiental.com.ar\\\/info\\\/#\\\/schema\\\/person\\\/db12bff64bbcbf6a253710bf0ea37b5d\"},\"headline\":\"Neuqu\u00e9n: Artesan\u00edas Neuquinas suma valor al trabajo de las\u00a0comunidades mapuche\",\"datePublished\":\"2019-03-19T12:00:43+00:00\",\"mainEntityOfPage\":{\"@id\":\"https:\\\/\\\/patagoniambiental.com.ar\\\/info\\\/neuquen-artesanias-neuquinas-suma-valor-al-trabajo-de-las-comunidades-mapuche\\\/\"},\"wordCount\":642,\"commentCount\":0,\"publisher\":{\"@id\":\"https:\\\/\\\/patagoniambiental.com.ar\\\/info\\\/#organization\"},\"image\":{\"@id\":\"https:\\\/\\\/patagoniambiental.com.ar\\\/info\\\/neuquen-artesanias-neuquinas-suma-valor-al-trabajo-de-las-comunidades-mapuche\\\/#primaryimage\"},\"thumbnailUrl\":\"https:\\\/\\\/patagoniambiental.com.ar\\\/info\\\/wp-content\\\/uploads\\\/2019\\\/03\\\/WEB-ARTESANIAS-NEUQUINAS_MG_8449-850x420.jpg\",\"articleSection\":[\"Neuqu\u00e9n\",\"Noticias\",\"Provinciales\"],\"inLanguage\":\"es\",\"potentialAction\":[{\"@type\":\"CommentAction\",\"name\":\"Comment\",\"target\":[\"https:\\\/\\\/patagoniambiental.com.ar\\\/info\\\/neuquen-artesanias-neuquinas-suma-valor-al-trabajo-de-las-comunidades-mapuche\\\/#respond\"]}]},{\"@type\":\"WebPage\",\"@id\":\"https:\\\/\\\/patagoniambiental.com.ar\\\/info\\\/neuquen-artesanias-neuquinas-suma-valor-al-trabajo-de-las-comunidades-mapuche\\\/\",\"url\":\"https:\\\/\\\/patagoniambiental.com.ar\\\/info\\\/neuquen-artesanias-neuquinas-suma-valor-al-trabajo-de-las-comunidades-mapuche\\\/\",\"name\":\"Neuqu\u00e9n: Artesan\u00edas Neuquinas suma valor al trabajo de las\u00a0comunidades mapuche\",\"isPartOf\":{\"@id\":\"https:\\\/\\\/patagoniambiental.com.ar\\\/info\\\/#website\"},\"primaryImageOfPage\":{\"@id\":\"https:\\\/\\\/patagoniambiental.com.ar\\\/info\\\/neuquen-artesanias-neuquinas-suma-valor-al-trabajo-de-las-comunidades-mapuche\\\/#primaryimage\"},\"image\":{\"@id\":\"https:\\\/\\\/patagoniambiental.com.ar\\\/info\\\/neuquen-artesanias-neuquinas-suma-valor-al-trabajo-de-las-comunidades-mapuche\\\/#primaryimage\"},\"thumbnailUrl\":\"https:\\\/\\\/patagoniambiental.com.ar\\\/info\\\/wp-content\\\/uploads\\\/2019\\\/03\\\/WEB-ARTESANIAS-NEUQUINAS_MG_8449-850x420.jpg\",\"datePublished\":\"2019-03-19T12:00:43+00:00\",\"breadcrumb\":{\"@id\":\"https:\\\/\\\/patagoniambiental.com.ar\\\/info\\\/neuquen-artesanias-neuquinas-suma-valor-al-trabajo-de-las-comunidades-mapuche\\\/#breadcrumb\"},\"inLanguage\":\"es\",\"potentialAction\":[{\"@type\":\"ReadAction\",\"target\":[\"https:\\\/\\\/patagoniambiental.com.ar\\\/info\\\/neuquen-artesanias-neuquinas-suma-valor-al-trabajo-de-las-comunidades-mapuche\\\/\"]}]},{\"@type\":\"ImageObject\",\"inLanguage\":\"es\",\"@id\":\"https:\\\/\\\/patagoniambiental.com.ar\\\/info\\\/neuquen-artesanias-neuquinas-suma-valor-al-trabajo-de-las-comunidades-mapuche\\\/#primaryimage\",\"url\":\"https:\\\/\\\/patagoniambiental.com.ar\\\/info\\\/wp-content\\\/uploads\\\/2019\\\/03\\\/WEB-ARTESANIAS-NEUQUINAS_MG_8449-850x420.jpg\",\"contentUrl\":\"https:\\\/\\\/patagoniambiental.com.ar\\\/info\\\/wp-content\\\/uploads\\\/2019\\\/03\\\/WEB-ARTESANIAS-NEUQUINAS_MG_8449-850x420.jpg\",\"width\":850,\"height\":420},{\"@type\":\"BreadcrumbList\",\"@id\":\"https:\\\/\\\/patagoniambiental.com.ar\\\/info\\\/neuquen-artesanias-neuquinas-suma-valor-al-trabajo-de-las-comunidades-mapuche\\\/#breadcrumb\",\"itemListElement\":[{\"@type\":\"ListItem\",\"position\":1,\"name\":\"Inicio\",\"item\":\"https:\\\/\\\/patagoniambiental.com.ar\\\/info\\\/\"},{\"@type\":\"ListItem\",\"position\":2,\"name\":\"Neuqu\u00e9n: Artesan\u00edas Neuquinas suma valor al trabajo de las\u00a0comunidades mapuche\"}]},{\"@type\":\"WebSite\",\"@id\":\"https:\\\/\\\/patagoniambiental.com.ar\\\/info\\\/#website\",\"url\":\"https:\\\/\\\/patagoniambiental.com.ar\\\/info\\\/\",\"name\":\"Patagonia Ambiental\",\"description\":\"Monitoreo y an\u00e1lisis de la situaci\u00f3n geopol\u00edtica en el mundo y su implicancia en la Patagonia\",\"publisher\":{\"@id\":\"https:\\\/\\\/patagoniambiental.com.ar\\\/info\\\/#organization\"},\"potentialAction\":[{\"@type\":\"SearchAction\",\"target\":{\"@type\":\"EntryPoint\",\"urlTemplate\":\"https:\\\/\\\/patagoniambiental.com.ar\\\/info\\\/?s={search_term_string}\"},\"query-input\":{\"@type\":\"PropertyValueSpecification\",\"valueRequired\":true,\"valueName\":\"search_term_string\"}}],\"inLanguage\":\"es\"},{\"@type\":\"Organization\",\"@id\":\"https:\\\/\\\/patagoniambiental.com.ar\\\/info\\\/#organization\",\"name\":\"Patagonia Ambiental\",\"url\":\"https:\\\/\\\/patagoniambiental.com.ar\\\/info\\\/\",\"logo\":{\"@type\":\"ImageObject\",\"inLanguage\":\"es\",\"@id\":\"https:\\\/\\\/patagoniambiental.com.ar\\\/info\\\/#\\\/schema\\\/logo\\\/image\\\/\",\"url\":\"https:\\\/\\\/patagoniambiental.com.ar\\\/info\\\/wp-content\\\/uploads\\\/2025\\\/05\\\/LOGO-PATAGONIA-AMBIENTAL.png\",\"contentUrl\":\"https:\\\/\\\/patagoniambiental.com.ar\\\/info\\\/wp-content\\\/uploads\\\/2025\\\/05\\\/LOGO-PATAGONIA-AMBIENTAL.png\",\"width\":433,\"height\":250,\"caption\":\"Patagonia Ambiental\"},\"image\":{\"@id\":\"https:\\\/\\\/patagoniambiental.com.ar\\\/info\\\/#\\\/schema\\\/logo\\\/image\\\/\"},\"sameAs\":[\"https:\\\/\\\/www.facebook.com\\\/patagonia.ambiental\",\"https:\\\/\\\/x.com\\\/PatAmb\"]},{\"@type\":\"Person\",\"@id\":\"https:\\\/\\\/patagoniambiental.com.ar\\\/info\\\/#\\\/schema\\\/person\\\/db12bff64bbcbf6a253710bf0ea37b5d\",\"name\":\"Patagonia Ambiental\",\"description\":\"Andr\u00e9s Nievas T\u00e9cnico en manejo ambiental, consultor Ambiental y escritor para medios locales e internacionales sobre temas de geopolitica y medio ambiente.\",\"sameAs\":[\"http:\\\/\\\/www.patagoniambiental.com.ar\",\"https:\\\/\\\/www.facebook.com\\\/share\\\/1C1V8Gv9BX\\\/?mibextid=qi2Omg\",\"@patagoniambiental\",\"https:\\\/\\\/youtube.com\\\/@patagoniaambiental2023?si=BLt58t0wuXquxlYZ\"]}]}<\/script>\n<!-- \/ Yoast SEO Premium plugin. -->","yoast_head_json":{"title":"Neuqu\u00e9n: Artesan\u00edas Neuquinas suma valor al trabajo de las\u00a0comunidades mapuche","robots":{"index":"index","follow":"follow","max-snippet":"max-snippet:-1","max-image-preview":"max-image-preview:large","max-video-preview":"max-video-preview:-1"},"canonical":"https:\/\/patagoniambiental.com.ar\/info\/neuquen-artesanias-neuquinas-suma-valor-al-trabajo-de-las-comunidades-mapuche\/","og_locale":"es_ES","og_type":"article","og_title":"Neuqu\u00e9n: Artesan\u00edas Neuquinas suma valor al trabajo de las\u00a0comunidades mapuche","og_description":"Neuqu\u00e9n.-La empresa del Estado provincial se encuentra realizando un trabajo antropol\u00f3gico de investigaci\u00f3n para sumar a cada pieza una ficha [&hellip;]","og_url":"https:\/\/patagoniambiental.com.ar\/info\/neuquen-artesanias-neuquinas-suma-valor-al-trabajo-de-las-comunidades-mapuche\/","og_site_name":"Patagonia Ambiental","article_publisher":"https:\/\/www.facebook.com\/patagonia.ambiental","article_author":"https:\/\/www.facebook.com\/share\/1C1V8Gv9BX\/?mibextid=qi2Omg","article_published_time":"2019-03-19T12:00:43+00:00","og_image":[{"width":850,"height":420,"url":"https:\/\/patagoniambiental.com.ar\/info\/wp-content\/uploads\/2019\/03\/WEB-ARTESANIAS-NEUQUINAS_MG_8449-850x420.jpg","type":"image\/jpeg"}],"author":"Patagonia Ambiental","twitter_card":"summary_large_image","twitter_creator":"@PatAmb","twitter_site":"@PatAmb","schema":{"@context":"https:\/\/schema.org","@graph":[{"@type":"Article","@id":"https:\/\/patagoniambiental.com.ar\/info\/neuquen-artesanias-neuquinas-suma-valor-al-trabajo-de-las-comunidades-mapuche\/#article","isPartOf":{"@id":"https:\/\/patagoniambiental.com.ar\/info\/neuquen-artesanias-neuquinas-suma-valor-al-trabajo-de-las-comunidades-mapuche\/"},"author":{"name":"Patagonia Ambiental","@id":"https:\/\/patagoniambiental.com.ar\/info\/#\/schema\/person\/db12bff64bbcbf6a253710bf0ea37b5d"},"headline":"Neuqu\u00e9n: Artesan\u00edas Neuquinas suma valor al trabajo de las\u00a0comunidades mapuche","datePublished":"2019-03-19T12:00:43+00:00","mainEntityOfPage":{"@id":"https:\/\/patagoniambiental.com.ar\/info\/neuquen-artesanias-neuquinas-suma-valor-al-trabajo-de-las-comunidades-mapuche\/"},"wordCount":642,"commentCount":0,"publisher":{"@id":"https:\/\/patagoniambiental.com.ar\/info\/#organization"},"image":{"@id":"https:\/\/patagoniambiental.com.ar\/info\/neuquen-artesanias-neuquinas-suma-valor-al-trabajo-de-las-comunidades-mapuche\/#primaryimage"},"thumbnailUrl":"https:\/\/patagoniambiental.com.ar\/info\/wp-content\/uploads\/2019\/03\/WEB-ARTESANIAS-NEUQUINAS_MG_8449-850x420.jpg","articleSection":["Neuqu\u00e9n","Noticias","Provinciales"],"inLanguage":"es","potentialAction":[{"@type":"CommentAction","name":"Comment","target":["https:\/\/patagoniambiental.com.ar\/info\/neuquen-artesanias-neuquinas-suma-valor-al-trabajo-de-las-comunidades-mapuche\/#respond"]}]},{"@type":"WebPage","@id":"https:\/\/patagoniambiental.com.ar\/info\/neuquen-artesanias-neuquinas-suma-valor-al-trabajo-de-las-comunidades-mapuche\/","url":"https:\/\/patagoniambiental.com.ar\/info\/neuquen-artesanias-neuquinas-suma-valor-al-trabajo-de-las-comunidades-mapuche\/","name":"Neuqu\u00e9n: Artesan\u00edas Neuquinas suma valor al trabajo de las\u00a0comunidades mapuche","isPartOf":{"@id":"https:\/\/patagoniambiental.com.ar\/info\/#website"},"primaryImageOfPage":{"@id":"https:\/\/patagoniambiental.com.ar\/info\/neuquen-artesanias-neuquinas-suma-valor-al-trabajo-de-las-comunidades-mapuche\/#primaryimage"},"image":{"@id":"https:\/\/patagoniambiental.com.ar\/info\/neuquen-artesanias-neuquinas-suma-valor-al-trabajo-de-las-comunidades-mapuche\/#primaryimage"},"thumbnailUrl":"https:\/\/patagoniambiental.com.ar\/info\/wp-content\/uploads\/2019\/03\/WEB-ARTESANIAS-NEUQUINAS_MG_8449-850x420.jpg","datePublished":"2019-03-19T12:00:43+00:00","breadcrumb":{"@id":"https:\/\/patagoniambiental.com.ar\/info\/neuquen-artesanias-neuquinas-suma-valor-al-trabajo-de-las-comunidades-mapuche\/#breadcrumb"},"inLanguage":"es","potentialAction":[{"@type":"ReadAction","target":["https:\/\/patagoniambiental.com.ar\/info\/neuquen-artesanias-neuquinas-suma-valor-al-trabajo-de-las-comunidades-mapuche\/"]}]},{"@type":"ImageObject","inLanguage":"es","@id":"https:\/\/patagoniambiental.com.ar\/info\/neuquen-artesanias-neuquinas-suma-valor-al-trabajo-de-las-comunidades-mapuche\/#primaryimage","url":"https:\/\/patagoniambiental.com.ar\/info\/wp-content\/uploads\/2019\/03\/WEB-ARTESANIAS-NEUQUINAS_MG_8449-850x420.jpg","contentUrl":"https:\/\/patagoniambiental.com.ar\/info\/wp-content\/uploads\/2019\/03\/WEB-ARTESANIAS-NEUQUINAS_MG_8449-850x420.jpg","width":850,"height":420},{"@type":"BreadcrumbList","@id":"https:\/\/patagoniambiental.com.ar\/info\/neuquen-artesanias-neuquinas-suma-valor-al-trabajo-de-las-comunidades-mapuche\/#breadcrumb","itemListElement":[{"@type":"ListItem","position":1,"name":"Inicio","item":"https:\/\/patagoniambiental.com.ar\/info\/"},{"@type":"ListItem","position":2,"name":"Neuqu\u00e9n: Artesan\u00edas Neuquinas suma valor al trabajo de las\u00a0comunidades mapuche"}]},{"@type":"WebSite","@id":"https:\/\/patagoniambiental.com.ar\/info\/#website","url":"https:\/\/patagoniambiental.com.ar\/info\/","name":"Patagonia Ambiental","description":"Monitoreo y an\u00e1lisis de la situaci\u00f3n geopol\u00edtica en el mundo y su implicancia en la Patagonia","publisher":{"@id":"https:\/\/patagoniambiental.com.ar\/info\/#organization"},"potentialAction":[{"@type":"SearchAction","target":{"@type":"EntryPoint","urlTemplate":"https:\/\/patagoniambiental.com.ar\/info\/?s={search_term_string}"},"query-input":{"@type":"PropertyValueSpecification","valueRequired":true,"valueName":"search_term_string"}}],"inLanguage":"es"},{"@type":"Organization","@id":"https:\/\/patagoniambiental.com.ar\/info\/#organization","name":"Patagonia Ambiental","url":"https:\/\/patagoniambiental.com.ar\/info\/","logo":{"@type":"ImageObject","inLanguage":"es","@id":"https:\/\/patagoniambiental.com.ar\/info\/#\/schema\/logo\/image\/","url":"https:\/\/patagoniambiental.com.ar\/info\/wp-content\/uploads\/2025\/05\/LOGO-PATAGONIA-AMBIENTAL.png","contentUrl":"https:\/\/patagoniambiental.com.ar\/info\/wp-content\/uploads\/2025\/05\/LOGO-PATAGONIA-AMBIENTAL.png","width":433,"height":250,"caption":"Patagonia Ambiental"},"image":{"@id":"https:\/\/patagoniambiental.com.ar\/info\/#\/schema\/logo\/image\/"},"sameAs":["https:\/\/www.facebook.com\/patagonia.ambiental","https:\/\/x.com\/PatAmb"]},{"@type":"Person","@id":"https:\/\/patagoniambiental.com.ar\/info\/#\/schema\/person\/db12bff64bbcbf6a253710bf0ea37b5d","name":"Patagonia Ambiental","description":"Andr\u00e9s Nievas T\u00e9cnico en manejo ambiental, consultor Ambiental y escritor para medios locales e internacionales sobre temas de geopolitica y medio ambiente.","sameAs":["http:\/\/www.patagoniambiental.com.ar","https:\/\/www.facebook.com\/share\/1C1V8Gv9BX\/?mibextid=qi2Omg","@patagoniambiental","https:\/\/youtube.com\/@patagoniaambiental2023?si=BLt58t0wuXquxlYZ"]}]}},"_links":{"self":[{"href":"https:\/\/patagoniambiental.com.ar\/info\/wp-json\/wp\/v2\/posts\/59578","targetHints":{"allow":["GET"]}}],"collection":[{"href":"https:\/\/patagoniambiental.com.ar\/info\/wp-json\/wp\/v2\/posts"}],"about":[{"href":"https:\/\/patagoniambiental.com.ar\/info\/wp-json\/wp\/v2\/types\/post"}],"author":[{"embeddable":true,"href":"https:\/\/patagoniambiental.com.ar\/info\/wp-json\/wp\/v2\/users\/2"}],"replies":[{"embeddable":true,"href":"https:\/\/patagoniambiental.com.ar\/info\/wp-json\/wp\/v2\/comments?post=59578"}],"version-history":[{"count":0,"href":"https:\/\/patagoniambiental.com.ar\/info\/wp-json\/wp\/v2\/posts\/59578\/revisions"}],"wp:featuredmedia":[{"embeddable":true,"href":"https:\/\/patagoniambiental.com.ar\/info\/wp-json\/wp\/v2\/media\/59579"}],"wp:attachment":[{"href":"https:\/\/patagoniambiental.com.ar\/info\/wp-json\/wp\/v2\/media?parent=59578"}],"wp:term":[{"taxonomy":"category","embeddable":true,"href":"https:\/\/patagoniambiental.com.ar\/info\/wp-json\/wp\/v2\/categories?post=59578"},{"taxonomy":"post_tag","embeddable":true,"href":"https:\/\/patagoniambiental.com.ar\/info\/wp-json\/wp\/v2\/tags?post=59578"}],"curies":[{"name":"wp","href":"https:\/\/api.w.org\/{rel}","templated":true}]}}