{"id":59634,"date":"2019-03-23T09:00:40","date_gmt":"2019-03-23T12:00:40","guid":{"rendered":"http:\/\/patagoniambiental.com.ar\/info\/?p=59634"},"modified":"2019-03-22T14:08:04","modified_gmt":"2019-03-22T17:08:04","slug":"ley-malvinas-intervencion-del-congreso-en-decisiones-nacionales-sobre-malvinas-argentinas","status":"publish","type":"post","link":"https:\/\/patagoniambiental.com.ar\/info\/ley-malvinas-intervencion-del-congreso-en-decisiones-nacionales-sobre-malvinas-argentinas\/","title":{"rendered":"LEY MALVINAS Intervenci\u00f3n del Congreso en decisiones nacionales sobre MALVINAS ARGENTINAS"},"content":{"rendered":"<div class=\"js-petition-content\">\n<div class=\"sm-txt-c mtxxl xs-mtm xs-phs\">\n<h1 class=\"mtl mbxxxl xs-mts xs-mbxs type-break-word petition-title\"><strong class=\"type-s type-weak\" style=\"font-size: 16px;\"><a class=\"link-subtle\" href=\"https:\/\/www.change.org\/o\/no_me_olvides_tdf\" target=\"\" data-pass-thru=\"\">No me olvides Tdf<\/a>\u00a0ha iniciado esta petici\u00f3n dirigida a\u00a0<a class=\"link-subtle\" href=\"https:\/\/www.change.org\/decision-makers\/c%C3%A1mara-de-senadores\" target=\"\" data-pass-thru=\"\">C\u00e1mara de Senadores<\/a>\u00a0y\u00a0<span class=\"link link-subtle js-other-dms-link\">1 otro\/a<\/span><\/strong><\/h1>\n<p><!--more--><\/p>\n<p><img decoding=\"async\" class=\"image-cropper-nodrag position-absolute-center   alignleft\" src=\"https:\/\/assets.change.org\/photos\/5\/td\/cc\/DWtdcCpyflNHUoM-800x450-noPad.jpg?1551288960\" alt=\"\" \/><\/p>\n<\/div>\n<\/div>\n<p>Si Firm\u00e1s esta petici\u00f3n podremos lograr que el Congreso Nacional tome intervenci\u00f3n sobre los ACUERDOS o decisiones que el PODER EJECUTIVO REALICE EN RELACI\u00d3N A MALVINAS ARGENTINAS<\/p>\n<div class=\"row mbxxl xs-mbn xs-mhn\">\n<div class=\"col-xs-12 col-sm-8 js-petition-content xs-pan\">\n<div class=\"mrxxl xs-mrn\">\n<div class=\"xs-phs\">\n<div class=\"mbl\">\n<div class=\"type-break-word type-l description\">\n<div class=\"rte js-description-content\">\n<p>S\u00famate con tu firma, y acomp\u00e1\u00f1anos en el pedido al Congreso de la Naci\u00f3n, para que el proyecto sea ley.<br \/>\nCon tu firma, podremos unificar las voces pidiendo por una pol\u00edtica de estado real y el grito sagrado e incansable del pueblo argentino por la soberan\u00eda sobre nuestras Islas Malvinas..<\/p>\n<p>Funcionarios, ciudadanos argentinos, extranjeros,TODOS,\u00a0 necesitamos de vuestro inter\u00e9s y participaci\u00f3n en defensa de nuestro territorio nacional y sus recursos. EN MEMORIA DE NUESTROS H\u00c9ROES CA\u00cdDOS POR LA PATRIA.Nadie puede quitarnos soberan\u00eda a trav\u00e9s de acuerdos firmados solo por el poder ejecutivo.<\/p>\n<p>Se hace necesario que en todo instrumento jur\u00eddico en que se afecten o establezcan derechos u obligaciones cuyo objeto y fin este directa o indirectamente relacionado a las Islas Malvinas, Georgias del Sur, Sandwich del Sur y los espacios mar\u00edtimos circundantes se siga el procedimiento estrictamente constitucional de aprobaci\u00f3n parlamentaria y ratificaci\u00f3n.<\/p>\n<p>El punto esencial de la participaci\u00f3n del Poder Legislativo en la aprobaci\u00f3n de los tratados es la tan caracter\u00edstica relaci\u00f3n de control de poderes propia del sistema republicano de gobierno, que confiere participaci\u00f3n al \u00f3rgano Legislativo en el manejo final de algo de trascendental importancia como es el hecho de contraer compromisos internacionales que vinculen al Estado argentino. Sustraer de la aprobaci\u00f3n parlamentaria compromisos internaciones que incluyen a nuestro Estado impide un control inmediato y sobre el mismo acto, dejando en el arbitrio del poder administrador la consumaci\u00f3n de un acto para el que la Constituci\u00f3n ha fijado una competencia compartida entre dos poderes del Estado. En los acuerdos en forma simplificada las partes manifiestan su consentimiento solo a trav\u00e9s de la firma y su entrada en vigor es inmediata, siendo todo el proceso realizado por el Poder Ejecutivo generando una anomal\u00eda en el sistema establecido en la Constituci\u00f3n Nacional .El problema esencial con aquellos instrumentos sin participaci\u00f3n parlamentaria es que quiebran la posibilidad del control democr\u00e1tico por el Congreso, y al mismo tiempo la posibilidad de participaci\u00f3n de representaciones de las provincias en la decisi\u00f3n.<\/p>\n<p>PROYECTO\u00a0 LEY MALVINAS. 3 ART\u00cdCULOS QUE NECESITAN DE TODOS.<\/p>\n<p>Art\u00edculo 1\u00b0: Todo instrumento jur\u00eddico internacional que establezca derechos y obligaciones, sin importar su denominaci\u00f3n particular, cuyo objeto y fin involucre directa o indirectamente a las Islas Malvinas, Georgias del Sur y Sandwich del Sur y los espacios mar\u00edtimos circundantes deber\u00e1 contar con la aprobaci\u00f3n del Congreso de la Naci\u00f3n de conformidad con el art\u00edculo 75 inciso 22 de la Constituci\u00f3n Nacional.<br \/>\nArt\u00edculo 2\u00b0: Se proh\u00edbe la celebraci\u00f3n de instrumentos jur\u00eddicos internacionales mediante cualquier modalidad distinta a la establecida en la Constituci\u00f3n Nacional para la celebraci\u00f3n y aprobaci\u00f3n de tratados, cuyo objeto y fin involucre directa o indirectamente a las Islas Malvinas, Georgias del Sur y Sandwich del Sur y los espacios mar\u00edtimos circundantes.<br \/>\nArt\u00edculo 3\u00b0: La presente reviste car\u00e1cter de orden p\u00fablico. Los instrumentos que se celebren en violaci\u00f3n a lo prescripto en la presente ley, se considerar\u00e1n nulos en los t\u00e9rminos del art. 46 de la Convenci\u00f3n de Viena en tanto implican una violaci\u00f3n manifiesta de la competencia para expresar el consentimiento del Estado argentino y afectan a una norma de importancia fundamental.<br \/>\nArt\u00edculo 4\u00b0: Comun\u00edquese al Poder Ejecutivo.<\/p>\n<p>Este proyecto de ley, que es una iniciativa gestada en la Provincia de Tierra de Fuego, Ant\u00e1rtida e Islas del Atl\u00e1ntico Sur, en el marco de su Pol\u00edtica de Estado tendiente a instar acciones destinadas a garantizar el objetivo central e irrenunciable de la Rep\u00fablica Argentina, de recuperar el ejercicio de la leg\u00edtima soberan\u00eda sobre las Islas Malvinas y sus espacios circundantes, necesita del apoyo de todos los argentinos para solicitar a los Diputados y Senadores, integrantes del Congreso de la Naci\u00f3n, su tratamiento y aprobaci\u00f3n.<\/p>\n<p>Fuente:\u00a0https:\/\/www.change.org\/p\/camara-de-senadores-ley-malvinas-intervenci%C3%B3n-del-crongreso-en-decisiones-nacionales-sobre-malvinas-argentinas?recruiter=938471286&amp;utm_source=share_petition&amp;utm_medium=copylink&amp;utm_campaign=share_petition<\/p>\n<\/div>\n<\/div>\n<\/div>\n<\/div>\n<\/div>\n<\/div>\n<\/div>\n","protected":false},"excerpt":{"rendered":"<p>No me olvides Tdf\u00a0ha iniciado esta petici\u00f3n dirigida a\u00a0C\u00e1mara de Senadores\u00a0y\u00a01 otro\/a<\/p>\n","protected":false},"author":2,"featured_media":59635,"comment_status":"open","ping_status":"open","sticky":false,"template":"","format":"standard","meta":{"site-sidebar-layout":"default","site-content-layout":"","ast-site-content-layout":"default","site-content-style":"default","site-sidebar-style":"default","ast-global-header-display":"","ast-banner-title-visibility":"","ast-main-header-display":"","ast-hfb-above-header-display":"","ast-hfb-below-header-display":"","ast-hfb-mobile-header-display":"","site-post-title":"","ast-breadcrumbs-content":"","ast-featured-img":"","footer-sml-layout":"","ast-disable-related-posts":"","theme-transparent-header-meta":"","adv-header-id-meta":"","stick-header-meta":"","header-above-stick-meta":"","header-main-stick-meta":"","header-below-stick-meta":"","astra-migrate-meta-layouts":"default","ast-page-background-enabled":"default","ast-page-background-meta":{"desktop":{"background-color":"var(--ast-global-color-5)","background-image":"","background-repeat":"repeat","background-position":"center center","background-size":"auto","background-attachment":"scroll","background-type":"","background-media":"","overlay-type":"","overlay-color":"","overlay-opacity":"","overlay-gradient":""},"tablet":{"background-color":"","background-image":"","background-repeat":"repeat","background-position":"center center","background-size":"auto","background-attachment":"scroll","background-type":"","background-media":"","overlay-type":"","overlay-color":"","overlay-opacity":"","overlay-gradient":""},"mobile":{"background-color":"","background-image":"","background-repeat":"repeat","background-position":"center center","background-size":"auto","background-attachment":"scroll","background-type":"","background-media":"","overlay-type":"","overlay-color":"","overlay-opacity":"","overlay-gradient":""}},"ast-content-background-meta":{"desktop":{"background-color":"var(--ast-global-color-4)","background-image":"","background-repeat":"repeat","background-position":"center center","background-size":"auto","background-attachment":"scroll","background-type":"","background-media":"","overlay-type":"","overlay-color":"","overlay-opacity":"","overlay-gradient":""},"tablet":{"background-color":"var(--ast-global-color-4)","background-image":"","background-repeat":"repeat","background-position":"center center","background-size":"auto","background-attachment":"scroll","background-type":"","background-media":"","overlay-type":"","overlay-color":"","overlay-opacity":"","overlay-gradient":""},"mobile":{"background-color":"var(--ast-global-color-4)","background-image":"","background-repeat":"repeat","background-position":"center center","background-size":"auto","background-attachment":"scroll","background-type":"","background-media":"","overlay-type":"","overlay-color":"","overlay-opacity":"","overlay-gradient":""}},"footnotes":""},"categories":[11,1,13,25],"tags":[],"class_list":["post-59634","post","type-post","status-publish","format-standard","has-post-thumbnail","hentry","category-boletin","category-noticias","category-provinciales","category-tierra-del-fuego"],"yoast_head":"<!-- This site is optimized with the Yoast SEO Premium plugin v23.0 (Yoast SEO v27.4) - https:\/\/yoast.com\/product\/yoast-seo-premium-wordpress\/ -->\n<title>LEY MALVINAS Intervenci\u00f3n del Congreso en decisiones nacionales sobre MALVINAS ARGENTINAS<\/title>\n<meta name=\"robots\" content=\"index, follow, max-snippet:-1, max-image-preview:large, max-video-preview:-1\" \/>\n<link rel=\"canonical\" href=\"https:\/\/patagoniambiental.com.ar\/info\/ley-malvinas-intervencion-del-congreso-en-decisiones-nacionales-sobre-malvinas-argentinas\/\" \/>\n<meta property=\"og:locale\" content=\"es_ES\" \/>\n<meta property=\"og:type\" content=\"article\" \/>\n<meta property=\"og:title\" content=\"LEY MALVINAS Intervenci\u00f3n del Congreso en decisiones nacionales sobre MALVINAS ARGENTINAS\" \/>\n<meta property=\"og:description\" content=\"No me olvides Tdf\u00a0ha iniciado esta petici\u00f3n dirigida a\u00a0C\u00e1mara de Senadores\u00a0y\u00a01 otro\/a\" \/>\n<meta property=\"og:url\" content=\"https:\/\/patagoniambiental.com.ar\/info\/ley-malvinas-intervencion-del-congreso-en-decisiones-nacionales-sobre-malvinas-argentinas\/\" \/>\n<meta property=\"og:site_name\" content=\"Patagonia Ambiental\" \/>\n<meta property=\"article:publisher\" content=\"https:\/\/www.facebook.com\/patagonia.ambiental\" \/>\n<meta property=\"article:author\" content=\"https:\/\/www.facebook.com\/share\/1C1V8Gv9BX\/?mibextid=qi2Omg\" \/>\n<meta property=\"article:published_time\" content=\"2019-03-23T12:00:40+00:00\" \/>\n<meta property=\"og:image\" content=\"https:\/\/patagoniambiental.com.ar\/info\/wp-content\/uploads\/2019\/03\/DWtdcCpyflNHUoM-800x450-noPad.jpg\" \/>\n\t<meta property=\"og:image:width\" content=\"500\" \/>\n\t<meta property=\"og:image:height\" content=\"249\" \/>\n\t<meta property=\"og:image:type\" content=\"image\/jpeg\" \/>\n<meta name=\"author\" content=\"Patagonia Ambiental\" \/>\n<meta name=\"twitter:card\" content=\"summary_large_image\" \/>\n<meta name=\"twitter:creator\" content=\"@PatAmb\" \/>\n<meta name=\"twitter:site\" content=\"@PatAmb\" \/>\n<script type=\"application\/ld+json\" class=\"yoast-schema-graph\">{\"@context\":\"https:\\\/\\\/schema.org\",\"@graph\":[{\"@type\":\"Article\",\"@id\":\"https:\\\/\\\/patagoniambiental.com.ar\\\/info\\\/ley-malvinas-intervencion-del-congreso-en-decisiones-nacionales-sobre-malvinas-argentinas\\\/#article\",\"isPartOf\":{\"@id\":\"https:\\\/\\\/patagoniambiental.com.ar\\\/info\\\/ley-malvinas-intervencion-del-congreso-en-decisiones-nacionales-sobre-malvinas-argentinas\\\/\"},\"author\":{\"name\":\"Patagonia Ambiental\",\"@id\":\"https:\\\/\\\/patagoniambiental.com.ar\\\/info\\\/#\\\/schema\\\/person\\\/db12bff64bbcbf6a253710bf0ea37b5d\"},\"headline\":\"LEY MALVINAS Intervenci\u00f3n del Congreso en decisiones nacionales sobre MALVINAS ARGENTINAS\",\"datePublished\":\"2019-03-23T12:00:40+00:00\",\"mainEntityOfPage\":{\"@id\":\"https:\\\/\\\/patagoniambiental.com.ar\\\/info\\\/ley-malvinas-intervencion-del-congreso-en-decisiones-nacionales-sobre-malvinas-argentinas\\\/\"},\"wordCount\":750,\"commentCount\":0,\"publisher\":{\"@id\":\"https:\\\/\\\/patagoniambiental.com.ar\\\/info\\\/#organization\"},\"image\":{\"@id\":\"https:\\\/\\\/patagoniambiental.com.ar\\\/info\\\/ley-malvinas-intervencion-del-congreso-en-decisiones-nacionales-sobre-malvinas-argentinas\\\/#primaryimage\"},\"thumbnailUrl\":\"https:\\\/\\\/patagoniambiental.com.ar\\\/info\\\/wp-content\\\/uploads\\\/2019\\\/03\\\/DWtdcCpyflNHUoM-800x450-noPad.jpg\",\"articleSection\":[\"Bolet\u00edn\",\"Noticias\",\"Provinciales\",\"Tierra del Fuego\"],\"inLanguage\":\"es\",\"potentialAction\":[{\"@type\":\"CommentAction\",\"name\":\"Comment\",\"target\":[\"https:\\\/\\\/patagoniambiental.com.ar\\\/info\\\/ley-malvinas-intervencion-del-congreso-en-decisiones-nacionales-sobre-malvinas-argentinas\\\/#respond\"]}]},{\"@type\":\"WebPage\",\"@id\":\"https:\\\/\\\/patagoniambiental.com.ar\\\/info\\\/ley-malvinas-intervencion-del-congreso-en-decisiones-nacionales-sobre-malvinas-argentinas\\\/\",\"url\":\"https:\\\/\\\/patagoniambiental.com.ar\\\/info\\\/ley-malvinas-intervencion-del-congreso-en-decisiones-nacionales-sobre-malvinas-argentinas\\\/\",\"name\":\"LEY MALVINAS Intervenci\u00f3n del Congreso en decisiones nacionales sobre MALVINAS ARGENTINAS\",\"isPartOf\":{\"@id\":\"https:\\\/\\\/patagoniambiental.com.ar\\\/info\\\/#website\"},\"primaryImageOfPage\":{\"@id\":\"https:\\\/\\\/patagoniambiental.com.ar\\\/info\\\/ley-malvinas-intervencion-del-congreso-en-decisiones-nacionales-sobre-malvinas-argentinas\\\/#primaryimage\"},\"image\":{\"@id\":\"https:\\\/\\\/patagoniambiental.com.ar\\\/info\\\/ley-malvinas-intervencion-del-congreso-en-decisiones-nacionales-sobre-malvinas-argentinas\\\/#primaryimage\"},\"thumbnailUrl\":\"https:\\\/\\\/patagoniambiental.com.ar\\\/info\\\/wp-content\\\/uploads\\\/2019\\\/03\\\/DWtdcCpyflNHUoM-800x450-noPad.jpg\",\"datePublished\":\"2019-03-23T12:00:40+00:00\",\"breadcrumb\":{\"@id\":\"https:\\\/\\\/patagoniambiental.com.ar\\\/info\\\/ley-malvinas-intervencion-del-congreso-en-decisiones-nacionales-sobre-malvinas-argentinas\\\/#breadcrumb\"},\"inLanguage\":\"es\",\"potentialAction\":[{\"@type\":\"ReadAction\",\"target\":[\"https:\\\/\\\/patagoniambiental.com.ar\\\/info\\\/ley-malvinas-intervencion-del-congreso-en-decisiones-nacionales-sobre-malvinas-argentinas\\\/\"]}]},{\"@type\":\"ImageObject\",\"inLanguage\":\"es\",\"@id\":\"https:\\\/\\\/patagoniambiental.com.ar\\\/info\\\/ley-malvinas-intervencion-del-congreso-en-decisiones-nacionales-sobre-malvinas-argentinas\\\/#primaryimage\",\"url\":\"https:\\\/\\\/patagoniambiental.com.ar\\\/info\\\/wp-content\\\/uploads\\\/2019\\\/03\\\/DWtdcCpyflNHUoM-800x450-noPad.jpg\",\"contentUrl\":\"https:\\\/\\\/patagoniambiental.com.ar\\\/info\\\/wp-content\\\/uploads\\\/2019\\\/03\\\/DWtdcCpyflNHUoM-800x450-noPad.jpg\",\"width\":500,\"height\":249},{\"@type\":\"BreadcrumbList\",\"@id\":\"https:\\\/\\\/patagoniambiental.com.ar\\\/info\\\/ley-malvinas-intervencion-del-congreso-en-decisiones-nacionales-sobre-malvinas-argentinas\\\/#breadcrumb\",\"itemListElement\":[{\"@type\":\"ListItem\",\"position\":1,\"name\":\"Inicio\",\"item\":\"https:\\\/\\\/patagoniambiental.com.ar\\\/info\\\/\"},{\"@type\":\"ListItem\",\"position\":2,\"name\":\"LEY MALVINAS Intervenci\u00f3n del Congreso en decisiones nacionales sobre MALVINAS ARGENTINAS\"}]},{\"@type\":\"WebSite\",\"@id\":\"https:\\\/\\\/patagoniambiental.com.ar\\\/info\\\/#website\",\"url\":\"https:\\\/\\\/patagoniambiental.com.ar\\\/info\\\/\",\"name\":\"Patagonia Ambiental\",\"description\":\"Monitoreo y an\u00e1lisis de la situaci\u00f3n geopol\u00edtica en el mundo y su implicancia en la Patagonia\",\"publisher\":{\"@id\":\"https:\\\/\\\/patagoniambiental.com.ar\\\/info\\\/#organization\"},\"potentialAction\":[{\"@type\":\"SearchAction\",\"target\":{\"@type\":\"EntryPoint\",\"urlTemplate\":\"https:\\\/\\\/patagoniambiental.com.ar\\\/info\\\/?s={search_term_string}\"},\"query-input\":{\"@type\":\"PropertyValueSpecification\",\"valueRequired\":true,\"valueName\":\"search_term_string\"}}],\"inLanguage\":\"es\"},{\"@type\":\"Organization\",\"@id\":\"https:\\\/\\\/patagoniambiental.com.ar\\\/info\\\/#organization\",\"name\":\"Patagonia Ambiental\",\"url\":\"https:\\\/\\\/patagoniambiental.com.ar\\\/info\\\/\",\"logo\":{\"@type\":\"ImageObject\",\"inLanguage\":\"es\",\"@id\":\"https:\\\/\\\/patagoniambiental.com.ar\\\/info\\\/#\\\/schema\\\/logo\\\/image\\\/\",\"url\":\"https:\\\/\\\/patagoniambiental.com.ar\\\/info\\\/wp-content\\\/uploads\\\/2025\\\/05\\\/LOGO-PATAGONIA-AMBIENTAL.png\",\"contentUrl\":\"https:\\\/\\\/patagoniambiental.com.ar\\\/info\\\/wp-content\\\/uploads\\\/2025\\\/05\\\/LOGO-PATAGONIA-AMBIENTAL.png\",\"width\":433,\"height\":250,\"caption\":\"Patagonia Ambiental\"},\"image\":{\"@id\":\"https:\\\/\\\/patagoniambiental.com.ar\\\/info\\\/#\\\/schema\\\/logo\\\/image\\\/\"},\"sameAs\":[\"https:\\\/\\\/www.facebook.com\\\/patagonia.ambiental\",\"https:\\\/\\\/x.com\\\/PatAmb\"]},{\"@type\":\"Person\",\"@id\":\"https:\\\/\\\/patagoniambiental.com.ar\\\/info\\\/#\\\/schema\\\/person\\\/db12bff64bbcbf6a253710bf0ea37b5d\",\"name\":\"Patagonia Ambiental\",\"description\":\"Andr\u00e9s Nievas T\u00e9cnico en manejo ambiental, consultor Ambiental y escritor para medios locales e internacionales sobre temas de geopolitica y medio ambiente.\",\"sameAs\":[\"http:\\\/\\\/www.patagoniambiental.com.ar\",\"https:\\\/\\\/www.facebook.com\\\/share\\\/1C1V8Gv9BX\\\/?mibextid=qi2Omg\",\"@patagoniambiental\",\"https:\\\/\\\/youtube.com\\\/@patagoniaambiental2023?si=BLt58t0wuXquxlYZ\"]}]}<\/script>\n<!-- \/ Yoast SEO Premium plugin. -->","yoast_head_json":{"title":"LEY MALVINAS Intervenci\u00f3n del Congreso en decisiones nacionales sobre MALVINAS ARGENTINAS","robots":{"index":"index","follow":"follow","max-snippet":"max-snippet:-1","max-image-preview":"max-image-preview:large","max-video-preview":"max-video-preview:-1"},"canonical":"https:\/\/patagoniambiental.com.ar\/info\/ley-malvinas-intervencion-del-congreso-en-decisiones-nacionales-sobre-malvinas-argentinas\/","og_locale":"es_ES","og_type":"article","og_title":"LEY MALVINAS Intervenci\u00f3n del Congreso en decisiones nacionales sobre MALVINAS ARGENTINAS","og_description":"No me olvides Tdf\u00a0ha iniciado esta petici\u00f3n dirigida a\u00a0C\u00e1mara de Senadores\u00a0y\u00a01 otro\/a","og_url":"https:\/\/patagoniambiental.com.ar\/info\/ley-malvinas-intervencion-del-congreso-en-decisiones-nacionales-sobre-malvinas-argentinas\/","og_site_name":"Patagonia Ambiental","article_publisher":"https:\/\/www.facebook.com\/patagonia.ambiental","article_author":"https:\/\/www.facebook.com\/share\/1C1V8Gv9BX\/?mibextid=qi2Omg","article_published_time":"2019-03-23T12:00:40+00:00","og_image":[{"width":500,"height":249,"url":"https:\/\/patagoniambiental.com.ar\/info\/wp-content\/uploads\/2019\/03\/DWtdcCpyflNHUoM-800x450-noPad.jpg","type":"image\/jpeg"}],"author":"Patagonia Ambiental","twitter_card":"summary_large_image","twitter_creator":"@PatAmb","twitter_site":"@PatAmb","schema":{"@context":"https:\/\/schema.org","@graph":[{"@type":"Article","@id":"https:\/\/patagoniambiental.com.ar\/info\/ley-malvinas-intervencion-del-congreso-en-decisiones-nacionales-sobre-malvinas-argentinas\/#article","isPartOf":{"@id":"https:\/\/patagoniambiental.com.ar\/info\/ley-malvinas-intervencion-del-congreso-en-decisiones-nacionales-sobre-malvinas-argentinas\/"},"author":{"name":"Patagonia Ambiental","@id":"https:\/\/patagoniambiental.com.ar\/info\/#\/schema\/person\/db12bff64bbcbf6a253710bf0ea37b5d"},"headline":"LEY MALVINAS Intervenci\u00f3n del Congreso en decisiones nacionales sobre MALVINAS ARGENTINAS","datePublished":"2019-03-23T12:00:40+00:00","mainEntityOfPage":{"@id":"https:\/\/patagoniambiental.com.ar\/info\/ley-malvinas-intervencion-del-congreso-en-decisiones-nacionales-sobre-malvinas-argentinas\/"},"wordCount":750,"commentCount":0,"publisher":{"@id":"https:\/\/patagoniambiental.com.ar\/info\/#organization"},"image":{"@id":"https:\/\/patagoniambiental.com.ar\/info\/ley-malvinas-intervencion-del-congreso-en-decisiones-nacionales-sobre-malvinas-argentinas\/#primaryimage"},"thumbnailUrl":"https:\/\/patagoniambiental.com.ar\/info\/wp-content\/uploads\/2019\/03\/DWtdcCpyflNHUoM-800x450-noPad.jpg","articleSection":["Bolet\u00edn","Noticias","Provinciales","Tierra del Fuego"],"inLanguage":"es","potentialAction":[{"@type":"CommentAction","name":"Comment","target":["https:\/\/patagoniambiental.com.ar\/info\/ley-malvinas-intervencion-del-congreso-en-decisiones-nacionales-sobre-malvinas-argentinas\/#respond"]}]},{"@type":"WebPage","@id":"https:\/\/patagoniambiental.com.ar\/info\/ley-malvinas-intervencion-del-congreso-en-decisiones-nacionales-sobre-malvinas-argentinas\/","url":"https:\/\/patagoniambiental.com.ar\/info\/ley-malvinas-intervencion-del-congreso-en-decisiones-nacionales-sobre-malvinas-argentinas\/","name":"LEY MALVINAS Intervenci\u00f3n del Congreso en decisiones nacionales sobre MALVINAS ARGENTINAS","isPartOf":{"@id":"https:\/\/patagoniambiental.com.ar\/info\/#website"},"primaryImageOfPage":{"@id":"https:\/\/patagoniambiental.com.ar\/info\/ley-malvinas-intervencion-del-congreso-en-decisiones-nacionales-sobre-malvinas-argentinas\/#primaryimage"},"image":{"@id":"https:\/\/patagoniambiental.com.ar\/info\/ley-malvinas-intervencion-del-congreso-en-decisiones-nacionales-sobre-malvinas-argentinas\/#primaryimage"},"thumbnailUrl":"https:\/\/patagoniambiental.com.ar\/info\/wp-content\/uploads\/2019\/03\/DWtdcCpyflNHUoM-800x450-noPad.jpg","datePublished":"2019-03-23T12:00:40+00:00","breadcrumb":{"@id":"https:\/\/patagoniambiental.com.ar\/info\/ley-malvinas-intervencion-del-congreso-en-decisiones-nacionales-sobre-malvinas-argentinas\/#breadcrumb"},"inLanguage":"es","potentialAction":[{"@type":"ReadAction","target":["https:\/\/patagoniambiental.com.ar\/info\/ley-malvinas-intervencion-del-congreso-en-decisiones-nacionales-sobre-malvinas-argentinas\/"]}]},{"@type":"ImageObject","inLanguage":"es","@id":"https:\/\/patagoniambiental.com.ar\/info\/ley-malvinas-intervencion-del-congreso-en-decisiones-nacionales-sobre-malvinas-argentinas\/#primaryimage","url":"https:\/\/patagoniambiental.com.ar\/info\/wp-content\/uploads\/2019\/03\/DWtdcCpyflNHUoM-800x450-noPad.jpg","contentUrl":"https:\/\/patagoniambiental.com.ar\/info\/wp-content\/uploads\/2019\/03\/DWtdcCpyflNHUoM-800x450-noPad.jpg","width":500,"height":249},{"@type":"BreadcrumbList","@id":"https:\/\/patagoniambiental.com.ar\/info\/ley-malvinas-intervencion-del-congreso-en-decisiones-nacionales-sobre-malvinas-argentinas\/#breadcrumb","itemListElement":[{"@type":"ListItem","position":1,"name":"Inicio","item":"https:\/\/patagoniambiental.com.ar\/info\/"},{"@type":"ListItem","position":2,"name":"LEY MALVINAS Intervenci\u00f3n del Congreso en decisiones nacionales sobre MALVINAS ARGENTINAS"}]},{"@type":"WebSite","@id":"https:\/\/patagoniambiental.com.ar\/info\/#website","url":"https:\/\/patagoniambiental.com.ar\/info\/","name":"Patagonia Ambiental","description":"Monitoreo y an\u00e1lisis de la situaci\u00f3n geopol\u00edtica en el mundo y su implicancia en la Patagonia","publisher":{"@id":"https:\/\/patagoniambiental.com.ar\/info\/#organization"},"potentialAction":[{"@type":"SearchAction","target":{"@type":"EntryPoint","urlTemplate":"https:\/\/patagoniambiental.com.ar\/info\/?s={search_term_string}"},"query-input":{"@type":"PropertyValueSpecification","valueRequired":true,"valueName":"search_term_string"}}],"inLanguage":"es"},{"@type":"Organization","@id":"https:\/\/patagoniambiental.com.ar\/info\/#organization","name":"Patagonia Ambiental","url":"https:\/\/patagoniambiental.com.ar\/info\/","logo":{"@type":"ImageObject","inLanguage":"es","@id":"https:\/\/patagoniambiental.com.ar\/info\/#\/schema\/logo\/image\/","url":"https:\/\/patagoniambiental.com.ar\/info\/wp-content\/uploads\/2025\/05\/LOGO-PATAGONIA-AMBIENTAL.png","contentUrl":"https:\/\/patagoniambiental.com.ar\/info\/wp-content\/uploads\/2025\/05\/LOGO-PATAGONIA-AMBIENTAL.png","width":433,"height":250,"caption":"Patagonia Ambiental"},"image":{"@id":"https:\/\/patagoniambiental.com.ar\/info\/#\/schema\/logo\/image\/"},"sameAs":["https:\/\/www.facebook.com\/patagonia.ambiental","https:\/\/x.com\/PatAmb"]},{"@type":"Person","@id":"https:\/\/patagoniambiental.com.ar\/info\/#\/schema\/person\/db12bff64bbcbf6a253710bf0ea37b5d","name":"Patagonia Ambiental","description":"Andr\u00e9s Nievas T\u00e9cnico en manejo ambiental, consultor Ambiental y escritor para medios locales e internacionales sobre temas de geopolitica y medio ambiente.","sameAs":["http:\/\/www.patagoniambiental.com.ar","https:\/\/www.facebook.com\/share\/1C1V8Gv9BX\/?mibextid=qi2Omg","@patagoniambiental","https:\/\/youtube.com\/@patagoniaambiental2023?si=BLt58t0wuXquxlYZ"]}]}},"_links":{"self":[{"href":"https:\/\/patagoniambiental.com.ar\/info\/wp-json\/wp\/v2\/posts\/59634","targetHints":{"allow":["GET"]}}],"collection":[{"href":"https:\/\/patagoniambiental.com.ar\/info\/wp-json\/wp\/v2\/posts"}],"about":[{"href":"https:\/\/patagoniambiental.com.ar\/info\/wp-json\/wp\/v2\/types\/post"}],"author":[{"embeddable":true,"href":"https:\/\/patagoniambiental.com.ar\/info\/wp-json\/wp\/v2\/users\/2"}],"replies":[{"embeddable":true,"href":"https:\/\/patagoniambiental.com.ar\/info\/wp-json\/wp\/v2\/comments?post=59634"}],"version-history":[{"count":0,"href":"https:\/\/patagoniambiental.com.ar\/info\/wp-json\/wp\/v2\/posts\/59634\/revisions"}],"wp:featuredmedia":[{"embeddable":true,"href":"https:\/\/patagoniambiental.com.ar\/info\/wp-json\/wp\/v2\/media\/59635"}],"wp:attachment":[{"href":"https:\/\/patagoniambiental.com.ar\/info\/wp-json\/wp\/v2\/media?parent=59634"}],"wp:term":[{"taxonomy":"category","embeddable":true,"href":"https:\/\/patagoniambiental.com.ar\/info\/wp-json\/wp\/v2\/categories?post=59634"},{"taxonomy":"post_tag","embeddable":true,"href":"https:\/\/patagoniambiental.com.ar\/info\/wp-json\/wp\/v2\/tags?post=59634"}],"curies":[{"name":"wp","href":"https:\/\/api.w.org\/{rel}","templated":true}]}}