{"id":59670,"date":"2019-03-21T19:00:13","date_gmt":"2019-03-21T22:00:13","guid":{"rendered":"http:\/\/patagoniambiental.com.ar\/info\/?p=59670"},"modified":"2019-03-21T16:21:18","modified_gmt":"2019-03-21T19:21:18","slug":"perez-toscani-hay-una-desfinanciacion-para-el-manejo-y-conservacion-de-nuestros-bosques","status":"publish","type":"post","link":"https:\/\/patagoniambiental.com.ar\/info\/perez-toscani-hay-una-desfinanciacion-para-el-manejo-y-conservacion-de-nuestros-bosques\/","title":{"rendered":"P\u00e9rez Toscani: \u201cHay una desfinanciaci\u00f3n para el manejo y conservaci\u00f3n de nuestros bosques\u201d"},"content":{"rendered":"<div class=\"col-md-12 content-wrap\">\n<div class=\"df-header-bg\">\n<div class=\"df-post-header layout2\">\n<div class=\"df-post-header-inner\">\n<div class=\"post-meta background\">\n<p>Tierra del Fuego, AIAS.-El Secretario de Ambiente, Desarrollo Sostenible y Cambio Clim\u00e1tico Mauro P\u00e9rez Toscani , junto a sus pares de las provincias de Santiago del Estero, San Luis, Formosa, Santa Cruz y La Rioja, fueron recibidos\u00a0 por los senadores Eugenia Catalfamo (San Luis), Pino Solanas (CABA), Nancy Gonz\u00e1lez (Chubut), Ana Mar\u00eda Ianni (Santa Cruz), Silvina Garc\u00eda Larraburu (Rio Negro) y Lucia Crexell (Neuqu\u00e9n) de la Comisi\u00f3n de Ambiente de la C\u00e1mara Alta, para tratar temas relacionados a la Ley de Presupuestos M\u00ednimos de Bosques Nativos y las demoras en las transferencias de los fondos en que est\u00e1 incurriendo el gobierno nacional.<\/p>\n<\/div>\n<\/div>\n<\/div>\n<\/div>\n<\/div>\n<p><!--more--><\/p>\n<div class=\"content-single-wrap container no-padding\">\n<div class=\"df-single-post df-content-sticky push-top-4 col-md-12\">\n<div class=\"df-post-content\">\n<article id=\"post-4885\" class=\"post-4885 post type-post status-publish format-standard has-post-thumbnail category-provinciales\">\n<div class=\"entry-content\">\n<p>P\u00e9rez Toscani se\u00f1al\u00f3 que desde la sanci\u00f3n de la Ley Nacional de Presupuestos M\u00ednimos de Bosques Nativos N\u00b0 26.331 \u201cno se alcanz\u00f3 la efectiva financiaci\u00f3n de la misma, ya que la norma crea el Fondo Nacional para el Enriquecimiento y Conservaci\u00f3n de los Bosques Nativos estableciendo que el presupuesto de la naci\u00f3n debe destinar al menos un 0,03 del mismo para el cuidado y preservaci\u00f3n de los bosques. Esto no se cumple, ya que el presupuesto 2019 s\u00f3lo destina un 4.5% de lo que corresponde, siendo esta la cifra hist\u00f3rica m\u00e1s baja. Claramente hay una violaci\u00f3n al art\u00edculo 31\u00b0 de la Ley de Bosques\u201d.<\/p>\n<p>El secretario continu\u00f3 explicando que en estos d\u00edas se present\u00f3 un nuevo obst\u00e1culo, \u201cya que a\u00fan nos encontramos a la espera de la transferencia de los fondos 2018 que corresponden a nuestra provincia, donde hemos cumplimentado todos los requisitos necesarios para la transferencia de los mismos y no se nos ha notificado los motivos por los cuales no se realiz\u00f3. A lo que agrego, desde la misma Direcci\u00f3n Nacional de Bosques hace unos d\u00edas se nos notific\u00f3 por escrito de que la provincia de Tierra del Fuego se encontraba en situaci\u00f3n regular para recibir los fondos correspondientes al a\u00f1o 2018\u201d.<\/p>\n<p>\u201cEn s\u00edntesis, hay una desfinanciaci\u00f3n hist\u00f3rica para el manejo y conservaci\u00f3n de nuestros bosques, sumando ahora estas injustificadas demoras en las transferencias, donde productores, ONG, cooperativas y organismos p\u00fablicos, como por ejemplo los municipios, no pueden llevar adelante acciones concretas de protecci\u00f3n de nuestros bosques\u201d cuestion\u00f3 el funcionario.<\/p>\n<p>Otro de los puntos tratados sobre el Fondo Nacional para el Enriquecimiento y Conservaci\u00f3n de los Bosques Nativos, que desde su g\u00e9nesis se caracteriz\u00f3 por tener una esencia claramente federal,\u00a0 se bas\u00f3 en la creaci\u00f3n del Fondo Fiduciario para la Protecci\u00f3n Ambiental de los Bosque Nativos (Fobosque), adoptando la figura de Fideicomiso con el objetivo de agilizar los tr\u00e1mites de transferencia a los beneficiarios y resguardar los fondos de la Ley de Bosques, sin embargo,\u00a0 no s\u00f3lo que no est\u00e1 cumpliendo el objetivo se\u00f1alado, sino que como agravante el comit\u00e9 de este fideicomiso no tiene participaci\u00f3n de ning\u00fan representante del Consejo Federal de Medio Ambiente (COFEMA), destac\u00e1ndose que la Ley de Bosques N\u00b0 26331 dispone -en su art\u00edculo 36\u00b0- que el fondo sea administrado por la autoridad nacional de aplicaci\u00f3n juntamente con las autoridades provinciales.<\/p>\n<p>Tras las exposiciones de las m\u00e1ximas autoridades ambientales provinciales, la Comisi\u00f3n de Ambiente del Senado dispuso hacer dos proyectos: uno de comunicaci\u00f3n consultando a la naci\u00f3n sobre la situaci\u00f3n y solicitando que liberen los fondos retenidos a las provincias, y otro de declaraci\u00f3n sobre la preocupaci\u00f3n del Senado por la grave situaci\u00f3n que genera el incumplimiento de la Ley de Bosques N\u00b0 26.331 de Presupuestos M\u00ednimos de Protecci\u00f3n Ambiental de los Bosques Nativos.<\/p>\n<p>Asimismo, los senadores manifestaron su voluntad de llevar adelante una reuni\u00f3n con los funcionarios de Ambiente de la naci\u00f3n, principalmente al secretario de Ambiente y Desarrollo Sustentable Sergio Bergman, a quien se le envi\u00f3 \u201cm\u00e1s de 14 invitaciones en los \u00faltimos tiempos y nunca asisti\u00f3 a la comisi\u00f3n\u201d, finaliz\u00f3 P\u00e9rez Toscani.<\/p>\n<p>Fuente:\u00a0http:\/\/ushuaianoticias.com\/provinciales\/perez-toscani-hay-una-desfinanciacion-para-el-manejo-y-conservacion-de-nuestros-bosques\/<\/p>\n<\/div>\n<\/article>\n<\/div>\n<\/div>\n<\/div>\n","protected":false},"excerpt":{"rendered":"<p>Tierra del Fuego, AIAS.-El Secretario de Ambiente, Desarrollo Sostenible y Cambio Clim\u00e1tico Mauro P\u00e9rez Toscani , junto a sus pares [&hellip;]<\/p>\n","protected":false},"author":2,"featured_media":59671,"comment_status":"open","ping_status":"open","sticky":false,"template":"","format":"standard","meta":{"site-sidebar-layout":"default","site-content-layout":"","ast-site-content-layout":"default","site-content-style":"default","site-sidebar-style":"default","ast-global-header-display":"","ast-banner-title-visibility":"","ast-main-header-display":"","ast-hfb-above-header-display":"","ast-hfb-below-header-display":"","ast-hfb-mobile-header-display":"","site-post-title":"","ast-breadcrumbs-content":"","ast-featured-img":"","footer-sml-layout":"","ast-disable-related-posts":"","theme-transparent-header-meta":"","adv-header-id-meta":"","stick-header-meta":"","header-above-stick-meta":"","header-main-stick-meta":"","header-below-stick-meta":"","astra-migrate-meta-layouts":"default","ast-page-background-enabled":"default","ast-page-background-meta":{"desktop":{"background-color":"var(--ast-global-color-5)","background-image":"","background-repeat":"repeat","background-position":"center center","background-size":"auto","background-attachment":"scroll","background-type":"","background-media":"","overlay-type":"","overlay-color":"","overlay-opacity":"","overlay-gradient":""},"tablet":{"background-color":"","background-image":"","background-repeat":"repeat","background-position":"center center","background-size":"auto","background-attachment":"scroll","background-type":"","background-media":"","overlay-type":"","overlay-color":"","overlay-opacity":"","overlay-gradient":""},"mobile":{"background-color":"","background-image":"","background-repeat":"repeat","background-position":"center center","background-size":"auto","background-attachment":"scroll","background-type":"","background-media":"","overlay-type":"","overlay-color":"","overlay-opacity":"","overlay-gradient":""}},"ast-content-background-meta":{"desktop":{"background-color":"var(--ast-global-color-4)","background-image":"","background-repeat":"repeat","background-position":"center center","background-size":"auto","background-attachment":"scroll","background-type":"","background-media":"","overlay-type":"","overlay-color":"","overlay-opacity":"","overlay-gradient":""},"tablet":{"background-color":"var(--ast-global-color-4)","background-image":"","background-repeat":"repeat","background-position":"center center","background-size":"auto","background-attachment":"scroll","background-type":"","background-media":"","overlay-type":"","overlay-color":"","overlay-opacity":"","overlay-gradient":""},"mobile":{"background-color":"var(--ast-global-color-4)","background-image":"","background-repeat":"repeat","background-position":"center center","background-size":"auto","background-attachment":"scroll","background-type":"","background-media":"","overlay-type":"","overlay-color":"","overlay-opacity":"","overlay-gradient":""}},"footnotes":""},"categories":[1,13,25],"tags":[],"class_list":["post-59670","post","type-post","status-publish","format-standard","has-post-thumbnail","hentry","category-noticias","category-provinciales","category-tierra-del-fuego"],"yoast_head":"<!-- This site is optimized with the Yoast SEO Premium plugin v23.0 (Yoast SEO v27.4) - https:\/\/yoast.com\/product\/yoast-seo-premium-wordpress\/ -->\n<title>P\u00e9rez Toscani: \u201cHay una desfinanciaci\u00f3n para el manejo y conservaci\u00f3n de nuestros bosques\u201d<\/title>\n<meta name=\"robots\" content=\"index, follow, max-snippet:-1, max-image-preview:large, max-video-preview:-1\" \/>\n<link rel=\"canonical\" href=\"https:\/\/patagoniambiental.com.ar\/info\/perez-toscani-hay-una-desfinanciacion-para-el-manejo-y-conservacion-de-nuestros-bosques\/\" \/>\n<meta property=\"og:locale\" content=\"es_ES\" \/>\n<meta property=\"og:type\" content=\"article\" \/>\n<meta property=\"og:title\" content=\"P\u00e9rez Toscani: \u201cHay una desfinanciaci\u00f3n para el manejo y conservaci\u00f3n de nuestros bosques\u201d\" \/>\n<meta property=\"og:description\" content=\"Tierra del Fuego, AIAS.-El Secretario de Ambiente, Desarrollo Sostenible y Cambio Clim\u00e1tico Mauro P\u00e9rez Toscani , junto a sus pares [&hellip;]\" \/>\n<meta property=\"og:url\" content=\"https:\/\/patagoniambiental.com.ar\/info\/perez-toscani-hay-una-desfinanciacion-para-el-manejo-y-conservacion-de-nuestros-bosques\/\" \/>\n<meta property=\"og:site_name\" content=\"Patagonia Ambiental\" \/>\n<meta property=\"article:publisher\" content=\"https:\/\/www.facebook.com\/patagonia.ambiental\" \/>\n<meta property=\"article:author\" content=\"https:\/\/www.facebook.com\/share\/1C1V8Gv9BX\/?mibextid=qi2Omg\" \/>\n<meta property=\"article:published_time\" content=\"2019-03-21T22:00:13+00:00\" \/>\n<meta property=\"og:image\" content=\"https:\/\/patagoniambiental.com.ar\/info\/wp-content\/uploads\/2019\/03\/Sin-t\u00edtulo-3.jpg\" \/>\n\t<meta property=\"og:image:width\" content=\"1157\" \/>\n\t<meta property=\"og:image:height\" content=\"492\" \/>\n\t<meta property=\"og:image:type\" content=\"image\/jpeg\" \/>\n<meta name=\"author\" content=\"Patagonia Ambiental\" \/>\n<meta name=\"twitter:card\" content=\"summary_large_image\" \/>\n<meta name=\"twitter:creator\" content=\"@PatAmb\" \/>\n<meta name=\"twitter:site\" content=\"@PatAmb\" \/>\n<script type=\"application\/ld+json\" class=\"yoast-schema-graph\">{\"@context\":\"https:\\\/\\\/schema.org\",\"@graph\":[{\"@type\":\"Article\",\"@id\":\"https:\\\/\\\/patagoniambiental.com.ar\\\/info\\\/perez-toscani-hay-una-desfinanciacion-para-el-manejo-y-conservacion-de-nuestros-bosques\\\/#article\",\"isPartOf\":{\"@id\":\"https:\\\/\\\/patagoniambiental.com.ar\\\/info\\\/perez-toscani-hay-una-desfinanciacion-para-el-manejo-y-conservacion-de-nuestros-bosques\\\/\"},\"author\":{\"name\":\"Patagonia Ambiental\",\"@id\":\"https:\\\/\\\/patagoniambiental.com.ar\\\/info\\\/#\\\/schema\\\/person\\\/db12bff64bbcbf6a253710bf0ea37b5d\"},\"headline\":\"P\u00e9rez Toscani: \u201cHay una desfinanciaci\u00f3n para el manejo y conservaci\u00f3n de nuestros bosques\u201d\",\"datePublished\":\"2019-03-21T22:00:13+00:00\",\"mainEntityOfPage\":{\"@id\":\"https:\\\/\\\/patagoniambiental.com.ar\\\/info\\\/perez-toscani-hay-una-desfinanciacion-para-el-manejo-y-conservacion-de-nuestros-bosques\\\/\"},\"wordCount\":687,\"commentCount\":0,\"publisher\":{\"@id\":\"https:\\\/\\\/patagoniambiental.com.ar\\\/info\\\/#organization\"},\"image\":{\"@id\":\"https:\\\/\\\/patagoniambiental.com.ar\\\/info\\\/perez-toscani-hay-una-desfinanciacion-para-el-manejo-y-conservacion-de-nuestros-bosques\\\/#primaryimage\"},\"thumbnailUrl\":\"https:\\\/\\\/patagoniambiental.com.ar\\\/info\\\/wp-content\\\/uploads\\\/2019\\\/03\\\/Sin-t\u00edtulo-3.jpg\",\"articleSection\":[\"Noticias\",\"Provinciales\",\"Tierra del Fuego\"],\"inLanguage\":\"es\",\"potentialAction\":[{\"@type\":\"CommentAction\",\"name\":\"Comment\",\"target\":[\"https:\\\/\\\/patagoniambiental.com.ar\\\/info\\\/perez-toscani-hay-una-desfinanciacion-para-el-manejo-y-conservacion-de-nuestros-bosques\\\/#respond\"]}]},{\"@type\":\"WebPage\",\"@id\":\"https:\\\/\\\/patagoniambiental.com.ar\\\/info\\\/perez-toscani-hay-una-desfinanciacion-para-el-manejo-y-conservacion-de-nuestros-bosques\\\/\",\"url\":\"https:\\\/\\\/patagoniambiental.com.ar\\\/info\\\/perez-toscani-hay-una-desfinanciacion-para-el-manejo-y-conservacion-de-nuestros-bosques\\\/\",\"name\":\"P\u00e9rez Toscani: \u201cHay una desfinanciaci\u00f3n para el manejo y conservaci\u00f3n de nuestros bosques\u201d\",\"isPartOf\":{\"@id\":\"https:\\\/\\\/patagoniambiental.com.ar\\\/info\\\/#website\"},\"primaryImageOfPage\":{\"@id\":\"https:\\\/\\\/patagoniambiental.com.ar\\\/info\\\/perez-toscani-hay-una-desfinanciacion-para-el-manejo-y-conservacion-de-nuestros-bosques\\\/#primaryimage\"},\"image\":{\"@id\":\"https:\\\/\\\/patagoniambiental.com.ar\\\/info\\\/perez-toscani-hay-una-desfinanciacion-para-el-manejo-y-conservacion-de-nuestros-bosques\\\/#primaryimage\"},\"thumbnailUrl\":\"https:\\\/\\\/patagoniambiental.com.ar\\\/info\\\/wp-content\\\/uploads\\\/2019\\\/03\\\/Sin-t\u00edtulo-3.jpg\",\"datePublished\":\"2019-03-21T22:00:13+00:00\",\"breadcrumb\":{\"@id\":\"https:\\\/\\\/patagoniambiental.com.ar\\\/info\\\/perez-toscani-hay-una-desfinanciacion-para-el-manejo-y-conservacion-de-nuestros-bosques\\\/#breadcrumb\"},\"inLanguage\":\"es\",\"potentialAction\":[{\"@type\":\"ReadAction\",\"target\":[\"https:\\\/\\\/patagoniambiental.com.ar\\\/info\\\/perez-toscani-hay-una-desfinanciacion-para-el-manejo-y-conservacion-de-nuestros-bosques\\\/\"]}]},{\"@type\":\"ImageObject\",\"inLanguage\":\"es\",\"@id\":\"https:\\\/\\\/patagoniambiental.com.ar\\\/info\\\/perez-toscani-hay-una-desfinanciacion-para-el-manejo-y-conservacion-de-nuestros-bosques\\\/#primaryimage\",\"url\":\"https:\\\/\\\/patagoniambiental.com.ar\\\/info\\\/wp-content\\\/uploads\\\/2019\\\/03\\\/Sin-t\u00edtulo-3.jpg\",\"contentUrl\":\"https:\\\/\\\/patagoniambiental.com.ar\\\/info\\\/wp-content\\\/uploads\\\/2019\\\/03\\\/Sin-t\u00edtulo-3.jpg\",\"width\":1157,\"height\":492},{\"@type\":\"BreadcrumbList\",\"@id\":\"https:\\\/\\\/patagoniambiental.com.ar\\\/info\\\/perez-toscani-hay-una-desfinanciacion-para-el-manejo-y-conservacion-de-nuestros-bosques\\\/#breadcrumb\",\"itemListElement\":[{\"@type\":\"ListItem\",\"position\":1,\"name\":\"Inicio\",\"item\":\"https:\\\/\\\/patagoniambiental.com.ar\\\/info\\\/\"},{\"@type\":\"ListItem\",\"position\":2,\"name\":\"P\u00e9rez Toscani: \u201cHay una desfinanciaci\u00f3n para el manejo y conservaci\u00f3n de nuestros bosques\u201d\"}]},{\"@type\":\"WebSite\",\"@id\":\"https:\\\/\\\/patagoniambiental.com.ar\\\/info\\\/#website\",\"url\":\"https:\\\/\\\/patagoniambiental.com.ar\\\/info\\\/\",\"name\":\"Patagonia Ambiental\",\"description\":\"Monitoreo y an\u00e1lisis de la situaci\u00f3n geopol\u00edtica en el mundo y su implicancia en la Patagonia\",\"publisher\":{\"@id\":\"https:\\\/\\\/patagoniambiental.com.ar\\\/info\\\/#organization\"},\"potentialAction\":[{\"@type\":\"SearchAction\",\"target\":{\"@type\":\"EntryPoint\",\"urlTemplate\":\"https:\\\/\\\/patagoniambiental.com.ar\\\/info\\\/?s={search_term_string}\"},\"query-input\":{\"@type\":\"PropertyValueSpecification\",\"valueRequired\":true,\"valueName\":\"search_term_string\"}}],\"inLanguage\":\"es\"},{\"@type\":\"Organization\",\"@id\":\"https:\\\/\\\/patagoniambiental.com.ar\\\/info\\\/#organization\",\"name\":\"Patagonia Ambiental\",\"url\":\"https:\\\/\\\/patagoniambiental.com.ar\\\/info\\\/\",\"logo\":{\"@type\":\"ImageObject\",\"inLanguage\":\"es\",\"@id\":\"https:\\\/\\\/patagoniambiental.com.ar\\\/info\\\/#\\\/schema\\\/logo\\\/image\\\/\",\"url\":\"https:\\\/\\\/patagoniambiental.com.ar\\\/info\\\/wp-content\\\/uploads\\\/2025\\\/05\\\/LOGO-PATAGONIA-AMBIENTAL.png\",\"contentUrl\":\"https:\\\/\\\/patagoniambiental.com.ar\\\/info\\\/wp-content\\\/uploads\\\/2025\\\/05\\\/LOGO-PATAGONIA-AMBIENTAL.png\",\"width\":433,\"height\":250,\"caption\":\"Patagonia Ambiental\"},\"image\":{\"@id\":\"https:\\\/\\\/patagoniambiental.com.ar\\\/info\\\/#\\\/schema\\\/logo\\\/image\\\/\"},\"sameAs\":[\"https:\\\/\\\/www.facebook.com\\\/patagonia.ambiental\",\"https:\\\/\\\/x.com\\\/PatAmb\"]},{\"@type\":\"Person\",\"@id\":\"https:\\\/\\\/patagoniambiental.com.ar\\\/info\\\/#\\\/schema\\\/person\\\/db12bff64bbcbf6a253710bf0ea37b5d\",\"name\":\"Patagonia Ambiental\",\"description\":\"Andr\u00e9s Nievas T\u00e9cnico en manejo ambiental, consultor Ambiental y escritor para medios locales e internacionales sobre temas de geopolitica y medio ambiente.\",\"sameAs\":[\"http:\\\/\\\/www.patagoniambiental.com.ar\",\"https:\\\/\\\/www.facebook.com\\\/share\\\/1C1V8Gv9BX\\\/?mibextid=qi2Omg\",\"@patagoniambiental\",\"https:\\\/\\\/youtube.com\\\/@patagoniaambiental2023?si=BLt58t0wuXquxlYZ\"]}]}<\/script>\n<!-- \/ Yoast SEO Premium plugin. -->","yoast_head_json":{"title":"P\u00e9rez Toscani: \u201cHay una desfinanciaci\u00f3n para el manejo y conservaci\u00f3n de nuestros bosques\u201d","robots":{"index":"index","follow":"follow","max-snippet":"max-snippet:-1","max-image-preview":"max-image-preview:large","max-video-preview":"max-video-preview:-1"},"canonical":"https:\/\/patagoniambiental.com.ar\/info\/perez-toscani-hay-una-desfinanciacion-para-el-manejo-y-conservacion-de-nuestros-bosques\/","og_locale":"es_ES","og_type":"article","og_title":"P\u00e9rez Toscani: \u201cHay una desfinanciaci\u00f3n para el manejo y conservaci\u00f3n de nuestros bosques\u201d","og_description":"Tierra del Fuego, AIAS.-El Secretario de Ambiente, Desarrollo Sostenible y Cambio Clim\u00e1tico Mauro P\u00e9rez Toscani , junto a sus pares [&hellip;]","og_url":"https:\/\/patagoniambiental.com.ar\/info\/perez-toscani-hay-una-desfinanciacion-para-el-manejo-y-conservacion-de-nuestros-bosques\/","og_site_name":"Patagonia Ambiental","article_publisher":"https:\/\/www.facebook.com\/patagonia.ambiental","article_author":"https:\/\/www.facebook.com\/share\/1C1V8Gv9BX\/?mibextid=qi2Omg","article_published_time":"2019-03-21T22:00:13+00:00","og_image":[{"width":1157,"height":492,"url":"https:\/\/patagoniambiental.com.ar\/info\/wp-content\/uploads\/2019\/03\/Sin-t\u00edtulo-3.jpg","type":"image\/jpeg"}],"author":"Patagonia Ambiental","twitter_card":"summary_large_image","twitter_creator":"@PatAmb","twitter_site":"@PatAmb","schema":{"@context":"https:\/\/schema.org","@graph":[{"@type":"Article","@id":"https:\/\/patagoniambiental.com.ar\/info\/perez-toscani-hay-una-desfinanciacion-para-el-manejo-y-conservacion-de-nuestros-bosques\/#article","isPartOf":{"@id":"https:\/\/patagoniambiental.com.ar\/info\/perez-toscani-hay-una-desfinanciacion-para-el-manejo-y-conservacion-de-nuestros-bosques\/"},"author":{"name":"Patagonia Ambiental","@id":"https:\/\/patagoniambiental.com.ar\/info\/#\/schema\/person\/db12bff64bbcbf6a253710bf0ea37b5d"},"headline":"P\u00e9rez Toscani: \u201cHay una desfinanciaci\u00f3n para el manejo y conservaci\u00f3n de nuestros bosques\u201d","datePublished":"2019-03-21T22:00:13+00:00","mainEntityOfPage":{"@id":"https:\/\/patagoniambiental.com.ar\/info\/perez-toscani-hay-una-desfinanciacion-para-el-manejo-y-conservacion-de-nuestros-bosques\/"},"wordCount":687,"commentCount":0,"publisher":{"@id":"https:\/\/patagoniambiental.com.ar\/info\/#organization"},"image":{"@id":"https:\/\/patagoniambiental.com.ar\/info\/perez-toscani-hay-una-desfinanciacion-para-el-manejo-y-conservacion-de-nuestros-bosques\/#primaryimage"},"thumbnailUrl":"https:\/\/patagoniambiental.com.ar\/info\/wp-content\/uploads\/2019\/03\/Sin-t\u00edtulo-3.jpg","articleSection":["Noticias","Provinciales","Tierra del Fuego"],"inLanguage":"es","potentialAction":[{"@type":"CommentAction","name":"Comment","target":["https:\/\/patagoniambiental.com.ar\/info\/perez-toscani-hay-una-desfinanciacion-para-el-manejo-y-conservacion-de-nuestros-bosques\/#respond"]}]},{"@type":"WebPage","@id":"https:\/\/patagoniambiental.com.ar\/info\/perez-toscani-hay-una-desfinanciacion-para-el-manejo-y-conservacion-de-nuestros-bosques\/","url":"https:\/\/patagoniambiental.com.ar\/info\/perez-toscani-hay-una-desfinanciacion-para-el-manejo-y-conservacion-de-nuestros-bosques\/","name":"P\u00e9rez Toscani: \u201cHay una desfinanciaci\u00f3n para el manejo y conservaci\u00f3n de nuestros bosques\u201d","isPartOf":{"@id":"https:\/\/patagoniambiental.com.ar\/info\/#website"},"primaryImageOfPage":{"@id":"https:\/\/patagoniambiental.com.ar\/info\/perez-toscani-hay-una-desfinanciacion-para-el-manejo-y-conservacion-de-nuestros-bosques\/#primaryimage"},"image":{"@id":"https:\/\/patagoniambiental.com.ar\/info\/perez-toscani-hay-una-desfinanciacion-para-el-manejo-y-conservacion-de-nuestros-bosques\/#primaryimage"},"thumbnailUrl":"https:\/\/patagoniambiental.com.ar\/info\/wp-content\/uploads\/2019\/03\/Sin-t\u00edtulo-3.jpg","datePublished":"2019-03-21T22:00:13+00:00","breadcrumb":{"@id":"https:\/\/patagoniambiental.com.ar\/info\/perez-toscani-hay-una-desfinanciacion-para-el-manejo-y-conservacion-de-nuestros-bosques\/#breadcrumb"},"inLanguage":"es","potentialAction":[{"@type":"ReadAction","target":["https:\/\/patagoniambiental.com.ar\/info\/perez-toscani-hay-una-desfinanciacion-para-el-manejo-y-conservacion-de-nuestros-bosques\/"]}]},{"@type":"ImageObject","inLanguage":"es","@id":"https:\/\/patagoniambiental.com.ar\/info\/perez-toscani-hay-una-desfinanciacion-para-el-manejo-y-conservacion-de-nuestros-bosques\/#primaryimage","url":"https:\/\/patagoniambiental.com.ar\/info\/wp-content\/uploads\/2019\/03\/Sin-t\u00edtulo-3.jpg","contentUrl":"https:\/\/patagoniambiental.com.ar\/info\/wp-content\/uploads\/2019\/03\/Sin-t\u00edtulo-3.jpg","width":1157,"height":492},{"@type":"BreadcrumbList","@id":"https:\/\/patagoniambiental.com.ar\/info\/perez-toscani-hay-una-desfinanciacion-para-el-manejo-y-conservacion-de-nuestros-bosques\/#breadcrumb","itemListElement":[{"@type":"ListItem","position":1,"name":"Inicio","item":"https:\/\/patagoniambiental.com.ar\/info\/"},{"@type":"ListItem","position":2,"name":"P\u00e9rez Toscani: \u201cHay una desfinanciaci\u00f3n para el manejo y conservaci\u00f3n de nuestros bosques\u201d"}]},{"@type":"WebSite","@id":"https:\/\/patagoniambiental.com.ar\/info\/#website","url":"https:\/\/patagoniambiental.com.ar\/info\/","name":"Patagonia Ambiental","description":"Monitoreo y an\u00e1lisis de la situaci\u00f3n geopol\u00edtica en el mundo y su implicancia en la Patagonia","publisher":{"@id":"https:\/\/patagoniambiental.com.ar\/info\/#organization"},"potentialAction":[{"@type":"SearchAction","target":{"@type":"EntryPoint","urlTemplate":"https:\/\/patagoniambiental.com.ar\/info\/?s={search_term_string}"},"query-input":{"@type":"PropertyValueSpecification","valueRequired":true,"valueName":"search_term_string"}}],"inLanguage":"es"},{"@type":"Organization","@id":"https:\/\/patagoniambiental.com.ar\/info\/#organization","name":"Patagonia Ambiental","url":"https:\/\/patagoniambiental.com.ar\/info\/","logo":{"@type":"ImageObject","inLanguage":"es","@id":"https:\/\/patagoniambiental.com.ar\/info\/#\/schema\/logo\/image\/","url":"https:\/\/patagoniambiental.com.ar\/info\/wp-content\/uploads\/2025\/05\/LOGO-PATAGONIA-AMBIENTAL.png","contentUrl":"https:\/\/patagoniambiental.com.ar\/info\/wp-content\/uploads\/2025\/05\/LOGO-PATAGONIA-AMBIENTAL.png","width":433,"height":250,"caption":"Patagonia Ambiental"},"image":{"@id":"https:\/\/patagoniambiental.com.ar\/info\/#\/schema\/logo\/image\/"},"sameAs":["https:\/\/www.facebook.com\/patagonia.ambiental","https:\/\/x.com\/PatAmb"]},{"@type":"Person","@id":"https:\/\/patagoniambiental.com.ar\/info\/#\/schema\/person\/db12bff64bbcbf6a253710bf0ea37b5d","name":"Patagonia Ambiental","description":"Andr\u00e9s Nievas T\u00e9cnico en manejo ambiental, consultor Ambiental y escritor para medios locales e internacionales sobre temas de geopolitica y medio ambiente.","sameAs":["http:\/\/www.patagoniambiental.com.ar","https:\/\/www.facebook.com\/share\/1C1V8Gv9BX\/?mibextid=qi2Omg","@patagoniambiental","https:\/\/youtube.com\/@patagoniaambiental2023?si=BLt58t0wuXquxlYZ"]}]}},"_links":{"self":[{"href":"https:\/\/patagoniambiental.com.ar\/info\/wp-json\/wp\/v2\/posts\/59670","targetHints":{"allow":["GET"]}}],"collection":[{"href":"https:\/\/patagoniambiental.com.ar\/info\/wp-json\/wp\/v2\/posts"}],"about":[{"href":"https:\/\/patagoniambiental.com.ar\/info\/wp-json\/wp\/v2\/types\/post"}],"author":[{"embeddable":true,"href":"https:\/\/patagoniambiental.com.ar\/info\/wp-json\/wp\/v2\/users\/2"}],"replies":[{"embeddable":true,"href":"https:\/\/patagoniambiental.com.ar\/info\/wp-json\/wp\/v2\/comments?post=59670"}],"version-history":[{"count":0,"href":"https:\/\/patagoniambiental.com.ar\/info\/wp-json\/wp\/v2\/posts\/59670\/revisions"}],"wp:featuredmedia":[{"embeddable":true,"href":"https:\/\/patagoniambiental.com.ar\/info\/wp-json\/wp\/v2\/media\/59671"}],"wp:attachment":[{"href":"https:\/\/patagoniambiental.com.ar\/info\/wp-json\/wp\/v2\/media?parent=59670"}],"wp:term":[{"taxonomy":"category","embeddable":true,"href":"https:\/\/patagoniambiental.com.ar\/info\/wp-json\/wp\/v2\/categories?post=59670"},{"taxonomy":"post_tag","embeddable":true,"href":"https:\/\/patagoniambiental.com.ar\/info\/wp-json\/wp\/v2\/tags?post=59670"}],"curies":[{"name":"wp","href":"https:\/\/api.w.org\/{rel}","templated":true}]}}