{"id":59682,"date":"2019-03-23T09:00:43","date_gmt":"2019-03-23T12:00:43","guid":{"rendered":"http:\/\/patagoniambiental.com.ar\/info\/?p=59682"},"modified":"2019-03-22T14:29:33","modified_gmt":"2019-03-22T17:29:33","slug":"junin-de-los-andes-defensa-civil-avanza-en-la-implementacion-de-la-ley-de-pirotecnia-cero","status":"publish","type":"post","link":"https:\/\/patagoniambiental.com.ar\/info\/junin-de-los-andes-defensa-civil-avanza-en-la-implementacion-de-la-ley-de-pirotecnia-cero\/","title":{"rendered":"Junin de los Andes: Defensa Civil avanza en la implementaci\u00f3n de la Ley de Pirotecnia Cero"},"content":{"rendered":"<div class=\"td-post-header td-container\">\n<div class=\"td-post-header-holder sombra\">\n<header class=\"td-post-title\">\n<div class=\"td-module-meta-info\">Junin de los Andes.-Jun\u00edn de los Andes firm\u00f3 su adhesi\u00f3n a la Ley Provincial N\u00ba 2833, que proh\u00edbe la utilizaci\u00f3n, tenencia, acopio, exhibici\u00f3n, fabricaci\u00f3n y expendio al p\u00fablico de artificios de pirotecnia y coheter\u00eda.<\/div>\n<\/header>\n<\/div>\n<\/div>\n<p><!--more--><\/p>\n<div class=\"td-container\">\n<div class=\"td-pb-row\">\n<div class=\"td-pb-span8 td-main-content\" role=\"main\">\n<div class=\"td-ss-main-content\">\n<div class=\"td-post-content\">\n<p>El subsecretario de Defensa Civil y Protecci\u00f3n Ciudadana, Mart\u00edn Giusti y el intendente de Jun\u00edn de los Andes, Carlos Corazini firmaron el convenio de adhesi\u00f3n a la ley de prohibici\u00f3n de artificios de pirotecnia.<\/p>\n<p>La Ley Provincial N\u00b0 2833, reglamentada bajo decreto N\u00b0 2029\/18, \u201cproh\u00edbe en todo el territorio de la provincia del Neuqu\u00e9n la utilizaci\u00f3n, tenencia, acopio, exhibici\u00f3n, fabricaci\u00f3n y expendio al p\u00fablico de artificios de pirotecnia y coheter\u00eda, sean estos de venta libre o no y\/o de fabricaci\u00f3n autorizada\u201d.<\/p>\n<p>Bajo el segundo convenio celebrado en la provincia, las autoridades establecieron ejes de trabajo que permitir\u00e1n una eficaz implementaci\u00f3n y cumplimiento de la norma provincial, a trav\u00e9s de la articulaci\u00f3n t\u00e9cnica y operativa con la direcci\u00f3n municipal de Defensa Civil, que es la encargada de ejecutar los protocolos de prevenci\u00f3n y emergencia en la jurisdicci\u00f3n local.<\/p>\n<p>Giusti destac\u00f3 el inter\u00e9s de la comunidad de Jun\u00edn de los Andes, \u201cla cual asume el compromiso de trabajar y contribuir a la seguridad de la poblaci\u00f3n, como as\u00ed tambi\u00e9n la de animales y el ambiente\u201d.<\/p>\n<p>Por su parte, Corazini resalt\u00f3 \u201cel trabajo que se lleva adelante en materia de prevenci\u00f3n y respuesta sobre las situaciones de emergencia que se produjeron en la jurisdicci\u00f3n local\u201d.<\/p>\n<figure id=\"attachment_129243\" class=\"wp-caption aligncenter\"><img fetchpriority=\"high\" decoding=\"async\" class=\"wp-image-129243 size-large\" src=\"https:\/\/www.neuqueninforma.gob.ar\/wp-content\/uploads\/2019\/03\/Defensa-Civil-avanza-en-la-implementaci%C3%B3n-de-la-Ley-de-Pirotecnia-0-1-1-1024x506.jpg\" sizes=\"(max-width: 640px) 100vw, 640px\" srcset=\"https:\/\/www.neuqueninforma.gob.ar\/wp-content\/uploads\/2019\/03\/Defensa-Civil-avanza-en-la-implementaci\u00f3n-de-la-Ley-de-Pirotecnia-0-1-1-1024x506.jpg 1024w, https:\/\/www.neuqueninforma.gob.ar\/wp-content\/uploads\/2019\/03\/Defensa-Civil-avanza-en-la-implementaci\u00f3n-de-la-Ley-de-Pirotecnia-0-1-1-300x148.jpg 300w, https:\/\/www.neuqueninforma.gob.ar\/wp-content\/uploads\/2019\/03\/Defensa-Civil-avanza-en-la-implementaci\u00f3n-de-la-Ley-de-Pirotecnia-0-1-1-324x160.jpg 324w, https:\/\/www.neuqueninforma.gob.ar\/wp-content\/uploads\/2019\/03\/Defensa-Civil-avanza-en-la-implementaci\u00f3n-de-la-Ley-de-Pirotecnia-0-1-1-696x344.jpg 696w, https:\/\/www.neuqueninforma.gob.ar\/wp-content\/uploads\/2019\/03\/Defensa-Civil-avanza-en-la-implementaci\u00f3n-de-la-Ley-de-Pirotecnia-0-1-1-1068x528.jpg 1068w, https:\/\/www.neuqueninforma.gob.ar\/wp-content\/uploads\/2019\/03\/Defensa-Civil-avanza-en-la-implementaci\u00f3n-de-la-Ley-de-Pirotecnia-0-1-1-850x420.jpg 850w, https:\/\/www.neuqueninforma.gob.ar\/wp-content\/uploads\/2019\/03\/Defensa-Civil-avanza-en-la-implementaci\u00f3n-de-la-Ley-de-Pirotecnia-0-1-1-1320x652.jpg 1320w\" alt=\"\" width=\"640\" height=\"316\" \/><figcaption class=\"wp-caption-text\">Giusti destac\u00f3 el inter\u00e9s de la comunidad de Jun\u00edn de los Andes, \u201cla cual asume el compromiso de trabajar y contribuir a la seguridad de la poblaci\u00f3n, como as\u00ed tambi\u00e9n la de animales y el ambiente\u201d.<\/p>\n<p>Fuente: Neuqu\u00e9n Informa<\/figcaption><\/figure>\n<\/div>\n<\/div>\n<\/div>\n<\/div>\n<\/div>\n","protected":false},"excerpt":{"rendered":"<p>Junin de los Andes.-Jun\u00edn de los Andes firm\u00f3 su adhesi\u00f3n a la Ley Provincial N\u00ba 2833, que proh\u00edbe la utilizaci\u00f3n, [&hellip;]<\/p>\n","protected":false},"author":2,"featured_media":59683,"comment_status":"open","ping_status":"open","sticky":false,"template":"","format":"standard","meta":{"site-sidebar-layout":"default","site-content-layout":"","ast-site-content-layout":"default","site-content-style":"default","site-sidebar-style":"default","ast-global-header-display":"","ast-banner-title-visibility":"","ast-main-header-display":"","ast-hfb-above-header-display":"","ast-hfb-below-header-display":"","ast-hfb-mobile-header-display":"","site-post-title":"","ast-breadcrumbs-content":"","ast-featured-img":"","footer-sml-layout":"","ast-disable-related-posts":"","theme-transparent-header-meta":"","adv-header-id-meta":"","stick-header-meta":"","header-above-stick-meta":"","header-main-stick-meta":"","header-below-stick-meta":"","astra-migrate-meta-layouts":"default","ast-page-background-enabled":"default","ast-page-background-meta":{"desktop":{"background-color":"var(--ast-global-color-5)","background-image":"","background-repeat":"repeat","background-position":"center center","background-size":"auto","background-attachment":"scroll","background-type":"","background-media":"","overlay-type":"","overlay-color":"","overlay-opacity":"","overlay-gradient":""},"tablet":{"background-color":"","background-image":"","background-repeat":"repeat","background-position":"center center","background-size":"auto","background-attachment":"scroll","background-type":"","background-media":"","overlay-type":"","overlay-color":"","overlay-opacity":"","overlay-gradient":""},"mobile":{"background-color":"","background-image":"","background-repeat":"repeat","background-position":"center center","background-size":"auto","background-attachment":"scroll","background-type":"","background-media":"","overlay-type":"","overlay-color":"","overlay-opacity":"","overlay-gradient":""}},"ast-content-background-meta":{"desktop":{"background-color":"var(--ast-global-color-4)","background-image":"","background-repeat":"repeat","background-position":"center center","background-size":"auto","background-attachment":"scroll","background-type":"","background-media":"","overlay-type":"","overlay-color":"","overlay-opacity":"","overlay-gradient":""},"tablet":{"background-color":"var(--ast-global-color-4)","background-image":"","background-repeat":"repeat","background-position":"center center","background-size":"auto","background-attachment":"scroll","background-type":"","background-media":"","overlay-type":"","overlay-color":"","overlay-opacity":"","overlay-gradient":""},"mobile":{"background-color":"var(--ast-global-color-4)","background-image":"","background-repeat":"repeat","background-position":"center center","background-size":"auto","background-attachment":"scroll","background-type":"","background-media":"","overlay-type":"","overlay-color":"","overlay-opacity":"","overlay-gradient":""}},"footnotes":""},"categories":[18,1,13],"tags":[],"class_list":["post-59682","post","type-post","status-publish","format-standard","has-post-thumbnail","hentry","category-neuquen","category-noticias","category-provinciales"],"yoast_head":"<!-- This site is optimized with the Yoast SEO Premium plugin v23.0 (Yoast SEO v27.4) - https:\/\/yoast.com\/product\/yoast-seo-premium-wordpress\/ -->\n<title>Junin de los Andes: Defensa Civil avanza en la implementaci\u00f3n de la Ley de Pirotecnia Cero<\/title>\n<meta name=\"robots\" content=\"index, follow, max-snippet:-1, max-image-preview:large, max-video-preview:-1\" \/>\n<link rel=\"canonical\" href=\"https:\/\/patagoniambiental.com.ar\/info\/junin-de-los-andes-defensa-civil-avanza-en-la-implementacion-de-la-ley-de-pirotecnia-cero\/\" \/>\n<meta property=\"og:locale\" content=\"es_ES\" \/>\n<meta property=\"og:type\" content=\"article\" \/>\n<meta property=\"og:title\" content=\"Junin de los Andes: Defensa Civil avanza en la implementaci\u00f3n de la Ley de Pirotecnia Cero\" \/>\n<meta property=\"og:description\" content=\"Junin de los Andes.-Jun\u00edn de los Andes firm\u00f3 su adhesi\u00f3n a la Ley Provincial N\u00ba 2833, que proh\u00edbe la utilizaci\u00f3n, [&hellip;]\" \/>\n<meta property=\"og:url\" content=\"https:\/\/patagoniambiental.com.ar\/info\/junin-de-los-andes-defensa-civil-avanza-en-la-implementacion-de-la-ley-de-pirotecnia-cero\/\" \/>\n<meta property=\"og:site_name\" content=\"Patagonia Ambiental\" \/>\n<meta property=\"article:publisher\" content=\"https:\/\/www.facebook.com\/patagonia.ambiental\" \/>\n<meta property=\"article:author\" content=\"https:\/\/www.facebook.com\/share\/1C1V8Gv9BX\/?mibextid=qi2Omg\" \/>\n<meta property=\"article:published_time\" content=\"2019-03-23T12:00:43+00:00\" \/>\n<meta property=\"og:image\" content=\"https:\/\/patagoniambiental.com.ar\/info\/wp-content\/uploads\/2019\/03\/Defensa-Civil-avanza-en-la-implementaci\u00f3n-de-la-Ley-de-Pirotecnia-0-1-1068x528.jpg\" \/>\n\t<meta property=\"og:image:width\" content=\"1068\" \/>\n\t<meta property=\"og:image:height\" content=\"528\" \/>\n\t<meta property=\"og:image:type\" content=\"image\/jpeg\" \/>\n<meta name=\"author\" content=\"Patagonia Ambiental\" \/>\n<meta name=\"twitter:card\" content=\"summary_large_image\" \/>\n<meta name=\"twitter:creator\" content=\"@PatAmb\" \/>\n<meta name=\"twitter:site\" content=\"@PatAmb\" \/>\n<script type=\"application\/ld+json\" class=\"yoast-schema-graph\">{\"@context\":\"https:\\\/\\\/schema.org\",\"@graph\":[{\"@type\":\"Article\",\"@id\":\"https:\\\/\\\/patagoniambiental.com.ar\\\/info\\\/junin-de-los-andes-defensa-civil-avanza-en-la-implementacion-de-la-ley-de-pirotecnia-cero\\\/#article\",\"isPartOf\":{\"@id\":\"https:\\\/\\\/patagoniambiental.com.ar\\\/info\\\/junin-de-los-andes-defensa-civil-avanza-en-la-implementacion-de-la-ley-de-pirotecnia-cero\\\/\"},\"author\":{\"name\":\"Patagonia Ambiental\",\"@id\":\"https:\\\/\\\/patagoniambiental.com.ar\\\/info\\\/#\\\/schema\\\/person\\\/db12bff64bbcbf6a253710bf0ea37b5d\"},\"headline\":\"Junin de los Andes: Defensa Civil avanza en la implementaci\u00f3n de la Ley de Pirotecnia Cero\",\"datePublished\":\"2019-03-23T12:00:43+00:00\",\"mainEntityOfPage\":{\"@id\":\"https:\\\/\\\/patagoniambiental.com.ar\\\/info\\\/junin-de-los-andes-defensa-civil-avanza-en-la-implementacion-de-la-ley-de-pirotecnia-cero\\\/\"},\"wordCount\":331,\"commentCount\":0,\"publisher\":{\"@id\":\"https:\\\/\\\/patagoniambiental.com.ar\\\/info\\\/#organization\"},\"image\":{\"@id\":\"https:\\\/\\\/patagoniambiental.com.ar\\\/info\\\/junin-de-los-andes-defensa-civil-avanza-en-la-implementacion-de-la-ley-de-pirotecnia-cero\\\/#primaryimage\"},\"thumbnailUrl\":\"https:\\\/\\\/patagoniambiental.com.ar\\\/info\\\/wp-content\\\/uploads\\\/2019\\\/03\\\/Defensa-Civil-avanza-en-la-implementaci\u00f3n-de-la-Ley-de-Pirotecnia-0-1-1068x528.jpg\",\"articleSection\":[\"Neuqu\u00e9n\",\"Noticias\",\"Provinciales\"],\"inLanguage\":\"es\",\"potentialAction\":[{\"@type\":\"CommentAction\",\"name\":\"Comment\",\"target\":[\"https:\\\/\\\/patagoniambiental.com.ar\\\/info\\\/junin-de-los-andes-defensa-civil-avanza-en-la-implementacion-de-la-ley-de-pirotecnia-cero\\\/#respond\"]}]},{\"@type\":\"WebPage\",\"@id\":\"https:\\\/\\\/patagoniambiental.com.ar\\\/info\\\/junin-de-los-andes-defensa-civil-avanza-en-la-implementacion-de-la-ley-de-pirotecnia-cero\\\/\",\"url\":\"https:\\\/\\\/patagoniambiental.com.ar\\\/info\\\/junin-de-los-andes-defensa-civil-avanza-en-la-implementacion-de-la-ley-de-pirotecnia-cero\\\/\",\"name\":\"Junin de los Andes: Defensa Civil avanza en la implementaci\u00f3n de la Ley de Pirotecnia Cero\",\"isPartOf\":{\"@id\":\"https:\\\/\\\/patagoniambiental.com.ar\\\/info\\\/#website\"},\"primaryImageOfPage\":{\"@id\":\"https:\\\/\\\/patagoniambiental.com.ar\\\/info\\\/junin-de-los-andes-defensa-civil-avanza-en-la-implementacion-de-la-ley-de-pirotecnia-cero\\\/#primaryimage\"},\"image\":{\"@id\":\"https:\\\/\\\/patagoniambiental.com.ar\\\/info\\\/junin-de-los-andes-defensa-civil-avanza-en-la-implementacion-de-la-ley-de-pirotecnia-cero\\\/#primaryimage\"},\"thumbnailUrl\":\"https:\\\/\\\/patagoniambiental.com.ar\\\/info\\\/wp-content\\\/uploads\\\/2019\\\/03\\\/Defensa-Civil-avanza-en-la-implementaci\u00f3n-de-la-Ley-de-Pirotecnia-0-1-1068x528.jpg\",\"datePublished\":\"2019-03-23T12:00:43+00:00\",\"breadcrumb\":{\"@id\":\"https:\\\/\\\/patagoniambiental.com.ar\\\/info\\\/junin-de-los-andes-defensa-civil-avanza-en-la-implementacion-de-la-ley-de-pirotecnia-cero\\\/#breadcrumb\"},\"inLanguage\":\"es\",\"potentialAction\":[{\"@type\":\"ReadAction\",\"target\":[\"https:\\\/\\\/patagoniambiental.com.ar\\\/info\\\/junin-de-los-andes-defensa-civil-avanza-en-la-implementacion-de-la-ley-de-pirotecnia-cero\\\/\"]}]},{\"@type\":\"ImageObject\",\"inLanguage\":\"es\",\"@id\":\"https:\\\/\\\/patagoniambiental.com.ar\\\/info\\\/junin-de-los-andes-defensa-civil-avanza-en-la-implementacion-de-la-ley-de-pirotecnia-cero\\\/#primaryimage\",\"url\":\"https:\\\/\\\/patagoniambiental.com.ar\\\/info\\\/wp-content\\\/uploads\\\/2019\\\/03\\\/Defensa-Civil-avanza-en-la-implementaci\u00f3n-de-la-Ley-de-Pirotecnia-0-1-1068x528.jpg\",\"contentUrl\":\"https:\\\/\\\/patagoniambiental.com.ar\\\/info\\\/wp-content\\\/uploads\\\/2019\\\/03\\\/Defensa-Civil-avanza-en-la-implementaci\u00f3n-de-la-Ley-de-Pirotecnia-0-1-1068x528.jpg\",\"width\":1068,\"height\":528},{\"@type\":\"BreadcrumbList\",\"@id\":\"https:\\\/\\\/patagoniambiental.com.ar\\\/info\\\/junin-de-los-andes-defensa-civil-avanza-en-la-implementacion-de-la-ley-de-pirotecnia-cero\\\/#breadcrumb\",\"itemListElement\":[{\"@type\":\"ListItem\",\"position\":1,\"name\":\"Inicio\",\"item\":\"https:\\\/\\\/patagoniambiental.com.ar\\\/info\\\/\"},{\"@type\":\"ListItem\",\"position\":2,\"name\":\"Junin de los Andes: Defensa Civil avanza en la implementaci\u00f3n de la Ley de Pirotecnia Cero\"}]},{\"@type\":\"WebSite\",\"@id\":\"https:\\\/\\\/patagoniambiental.com.ar\\\/info\\\/#website\",\"url\":\"https:\\\/\\\/patagoniambiental.com.ar\\\/info\\\/\",\"name\":\"Patagonia Ambiental\",\"description\":\"Monitoreo y an\u00e1lisis de la situaci\u00f3n geopol\u00edtica en el mundo y su implicancia en la Patagonia\",\"publisher\":{\"@id\":\"https:\\\/\\\/patagoniambiental.com.ar\\\/info\\\/#organization\"},\"potentialAction\":[{\"@type\":\"SearchAction\",\"target\":{\"@type\":\"EntryPoint\",\"urlTemplate\":\"https:\\\/\\\/patagoniambiental.com.ar\\\/info\\\/?s={search_term_string}\"},\"query-input\":{\"@type\":\"PropertyValueSpecification\",\"valueRequired\":true,\"valueName\":\"search_term_string\"}}],\"inLanguage\":\"es\"},{\"@type\":\"Organization\",\"@id\":\"https:\\\/\\\/patagoniambiental.com.ar\\\/info\\\/#organization\",\"name\":\"Patagonia Ambiental\",\"url\":\"https:\\\/\\\/patagoniambiental.com.ar\\\/info\\\/\",\"logo\":{\"@type\":\"ImageObject\",\"inLanguage\":\"es\",\"@id\":\"https:\\\/\\\/patagoniambiental.com.ar\\\/info\\\/#\\\/schema\\\/logo\\\/image\\\/\",\"url\":\"https:\\\/\\\/patagoniambiental.com.ar\\\/info\\\/wp-content\\\/uploads\\\/2025\\\/05\\\/LOGO-PATAGONIA-AMBIENTAL.png\",\"contentUrl\":\"https:\\\/\\\/patagoniambiental.com.ar\\\/info\\\/wp-content\\\/uploads\\\/2025\\\/05\\\/LOGO-PATAGONIA-AMBIENTAL.png\",\"width\":433,\"height\":250,\"caption\":\"Patagonia Ambiental\"},\"image\":{\"@id\":\"https:\\\/\\\/patagoniambiental.com.ar\\\/info\\\/#\\\/schema\\\/logo\\\/image\\\/\"},\"sameAs\":[\"https:\\\/\\\/www.facebook.com\\\/patagonia.ambiental\",\"https:\\\/\\\/x.com\\\/PatAmb\"]},{\"@type\":\"Person\",\"@id\":\"https:\\\/\\\/patagoniambiental.com.ar\\\/info\\\/#\\\/schema\\\/person\\\/db12bff64bbcbf6a253710bf0ea37b5d\",\"name\":\"Patagonia Ambiental\",\"description\":\"Andr\u00e9s Nievas T\u00e9cnico en manejo ambiental, consultor Ambiental y escritor para medios locales e internacionales sobre temas de geopolitica y medio ambiente.\",\"sameAs\":[\"http:\\\/\\\/www.patagoniambiental.com.ar\",\"https:\\\/\\\/www.facebook.com\\\/share\\\/1C1V8Gv9BX\\\/?mibextid=qi2Omg\",\"@patagoniambiental\",\"https:\\\/\\\/youtube.com\\\/@patagoniaambiental2023?si=BLt58t0wuXquxlYZ\"]}]}<\/script>\n<!-- \/ Yoast SEO Premium plugin. -->","yoast_head_json":{"title":"Junin de los Andes: Defensa Civil avanza en la implementaci\u00f3n de la Ley de Pirotecnia Cero","robots":{"index":"index","follow":"follow","max-snippet":"max-snippet:-1","max-image-preview":"max-image-preview:large","max-video-preview":"max-video-preview:-1"},"canonical":"https:\/\/patagoniambiental.com.ar\/info\/junin-de-los-andes-defensa-civil-avanza-en-la-implementacion-de-la-ley-de-pirotecnia-cero\/","og_locale":"es_ES","og_type":"article","og_title":"Junin de los Andes: Defensa Civil avanza en la implementaci\u00f3n de la Ley de Pirotecnia Cero","og_description":"Junin de los Andes.-Jun\u00edn de los Andes firm\u00f3 su adhesi\u00f3n a la Ley Provincial N\u00ba 2833, que proh\u00edbe la utilizaci\u00f3n, [&hellip;]","og_url":"https:\/\/patagoniambiental.com.ar\/info\/junin-de-los-andes-defensa-civil-avanza-en-la-implementacion-de-la-ley-de-pirotecnia-cero\/","og_site_name":"Patagonia Ambiental","article_publisher":"https:\/\/www.facebook.com\/patagonia.ambiental","article_author":"https:\/\/www.facebook.com\/share\/1C1V8Gv9BX\/?mibextid=qi2Omg","article_published_time":"2019-03-23T12:00:43+00:00","og_image":[{"width":1068,"height":528,"url":"https:\/\/patagoniambiental.com.ar\/info\/wp-content\/uploads\/2019\/03\/Defensa-Civil-avanza-en-la-implementaci\u00f3n-de-la-Ley-de-Pirotecnia-0-1-1068x528.jpg","type":"image\/jpeg"}],"author":"Patagonia Ambiental","twitter_card":"summary_large_image","twitter_creator":"@PatAmb","twitter_site":"@PatAmb","schema":{"@context":"https:\/\/schema.org","@graph":[{"@type":"Article","@id":"https:\/\/patagoniambiental.com.ar\/info\/junin-de-los-andes-defensa-civil-avanza-en-la-implementacion-de-la-ley-de-pirotecnia-cero\/#article","isPartOf":{"@id":"https:\/\/patagoniambiental.com.ar\/info\/junin-de-los-andes-defensa-civil-avanza-en-la-implementacion-de-la-ley-de-pirotecnia-cero\/"},"author":{"name":"Patagonia Ambiental","@id":"https:\/\/patagoniambiental.com.ar\/info\/#\/schema\/person\/db12bff64bbcbf6a253710bf0ea37b5d"},"headline":"Junin de los Andes: Defensa Civil avanza en la implementaci\u00f3n de la Ley de Pirotecnia Cero","datePublished":"2019-03-23T12:00:43+00:00","mainEntityOfPage":{"@id":"https:\/\/patagoniambiental.com.ar\/info\/junin-de-los-andes-defensa-civil-avanza-en-la-implementacion-de-la-ley-de-pirotecnia-cero\/"},"wordCount":331,"commentCount":0,"publisher":{"@id":"https:\/\/patagoniambiental.com.ar\/info\/#organization"},"image":{"@id":"https:\/\/patagoniambiental.com.ar\/info\/junin-de-los-andes-defensa-civil-avanza-en-la-implementacion-de-la-ley-de-pirotecnia-cero\/#primaryimage"},"thumbnailUrl":"https:\/\/patagoniambiental.com.ar\/info\/wp-content\/uploads\/2019\/03\/Defensa-Civil-avanza-en-la-implementaci\u00f3n-de-la-Ley-de-Pirotecnia-0-1-1068x528.jpg","articleSection":["Neuqu\u00e9n","Noticias","Provinciales"],"inLanguage":"es","potentialAction":[{"@type":"CommentAction","name":"Comment","target":["https:\/\/patagoniambiental.com.ar\/info\/junin-de-los-andes-defensa-civil-avanza-en-la-implementacion-de-la-ley-de-pirotecnia-cero\/#respond"]}]},{"@type":"WebPage","@id":"https:\/\/patagoniambiental.com.ar\/info\/junin-de-los-andes-defensa-civil-avanza-en-la-implementacion-de-la-ley-de-pirotecnia-cero\/","url":"https:\/\/patagoniambiental.com.ar\/info\/junin-de-los-andes-defensa-civil-avanza-en-la-implementacion-de-la-ley-de-pirotecnia-cero\/","name":"Junin de los Andes: Defensa Civil avanza en la implementaci\u00f3n de la Ley de Pirotecnia Cero","isPartOf":{"@id":"https:\/\/patagoniambiental.com.ar\/info\/#website"},"primaryImageOfPage":{"@id":"https:\/\/patagoniambiental.com.ar\/info\/junin-de-los-andes-defensa-civil-avanza-en-la-implementacion-de-la-ley-de-pirotecnia-cero\/#primaryimage"},"image":{"@id":"https:\/\/patagoniambiental.com.ar\/info\/junin-de-los-andes-defensa-civil-avanza-en-la-implementacion-de-la-ley-de-pirotecnia-cero\/#primaryimage"},"thumbnailUrl":"https:\/\/patagoniambiental.com.ar\/info\/wp-content\/uploads\/2019\/03\/Defensa-Civil-avanza-en-la-implementaci\u00f3n-de-la-Ley-de-Pirotecnia-0-1-1068x528.jpg","datePublished":"2019-03-23T12:00:43+00:00","breadcrumb":{"@id":"https:\/\/patagoniambiental.com.ar\/info\/junin-de-los-andes-defensa-civil-avanza-en-la-implementacion-de-la-ley-de-pirotecnia-cero\/#breadcrumb"},"inLanguage":"es","potentialAction":[{"@type":"ReadAction","target":["https:\/\/patagoniambiental.com.ar\/info\/junin-de-los-andes-defensa-civil-avanza-en-la-implementacion-de-la-ley-de-pirotecnia-cero\/"]}]},{"@type":"ImageObject","inLanguage":"es","@id":"https:\/\/patagoniambiental.com.ar\/info\/junin-de-los-andes-defensa-civil-avanza-en-la-implementacion-de-la-ley-de-pirotecnia-cero\/#primaryimage","url":"https:\/\/patagoniambiental.com.ar\/info\/wp-content\/uploads\/2019\/03\/Defensa-Civil-avanza-en-la-implementaci\u00f3n-de-la-Ley-de-Pirotecnia-0-1-1068x528.jpg","contentUrl":"https:\/\/patagoniambiental.com.ar\/info\/wp-content\/uploads\/2019\/03\/Defensa-Civil-avanza-en-la-implementaci\u00f3n-de-la-Ley-de-Pirotecnia-0-1-1068x528.jpg","width":1068,"height":528},{"@type":"BreadcrumbList","@id":"https:\/\/patagoniambiental.com.ar\/info\/junin-de-los-andes-defensa-civil-avanza-en-la-implementacion-de-la-ley-de-pirotecnia-cero\/#breadcrumb","itemListElement":[{"@type":"ListItem","position":1,"name":"Inicio","item":"https:\/\/patagoniambiental.com.ar\/info\/"},{"@type":"ListItem","position":2,"name":"Junin de los Andes: Defensa Civil avanza en la implementaci\u00f3n de la Ley de Pirotecnia Cero"}]},{"@type":"WebSite","@id":"https:\/\/patagoniambiental.com.ar\/info\/#website","url":"https:\/\/patagoniambiental.com.ar\/info\/","name":"Patagonia Ambiental","description":"Monitoreo y an\u00e1lisis de la situaci\u00f3n geopol\u00edtica en el mundo y su implicancia en la Patagonia","publisher":{"@id":"https:\/\/patagoniambiental.com.ar\/info\/#organization"},"potentialAction":[{"@type":"SearchAction","target":{"@type":"EntryPoint","urlTemplate":"https:\/\/patagoniambiental.com.ar\/info\/?s={search_term_string}"},"query-input":{"@type":"PropertyValueSpecification","valueRequired":true,"valueName":"search_term_string"}}],"inLanguage":"es"},{"@type":"Organization","@id":"https:\/\/patagoniambiental.com.ar\/info\/#organization","name":"Patagonia Ambiental","url":"https:\/\/patagoniambiental.com.ar\/info\/","logo":{"@type":"ImageObject","inLanguage":"es","@id":"https:\/\/patagoniambiental.com.ar\/info\/#\/schema\/logo\/image\/","url":"https:\/\/patagoniambiental.com.ar\/info\/wp-content\/uploads\/2025\/05\/LOGO-PATAGONIA-AMBIENTAL.png","contentUrl":"https:\/\/patagoniambiental.com.ar\/info\/wp-content\/uploads\/2025\/05\/LOGO-PATAGONIA-AMBIENTAL.png","width":433,"height":250,"caption":"Patagonia Ambiental"},"image":{"@id":"https:\/\/patagoniambiental.com.ar\/info\/#\/schema\/logo\/image\/"},"sameAs":["https:\/\/www.facebook.com\/patagonia.ambiental","https:\/\/x.com\/PatAmb"]},{"@type":"Person","@id":"https:\/\/patagoniambiental.com.ar\/info\/#\/schema\/person\/db12bff64bbcbf6a253710bf0ea37b5d","name":"Patagonia Ambiental","description":"Andr\u00e9s Nievas T\u00e9cnico en manejo ambiental, consultor Ambiental y escritor para medios locales e internacionales sobre temas de geopolitica y medio ambiente.","sameAs":["http:\/\/www.patagoniambiental.com.ar","https:\/\/www.facebook.com\/share\/1C1V8Gv9BX\/?mibextid=qi2Omg","@patagoniambiental","https:\/\/youtube.com\/@patagoniaambiental2023?si=BLt58t0wuXquxlYZ"]}]}},"_links":{"self":[{"href":"https:\/\/patagoniambiental.com.ar\/info\/wp-json\/wp\/v2\/posts\/59682","targetHints":{"allow":["GET"]}}],"collection":[{"href":"https:\/\/patagoniambiental.com.ar\/info\/wp-json\/wp\/v2\/posts"}],"about":[{"href":"https:\/\/patagoniambiental.com.ar\/info\/wp-json\/wp\/v2\/types\/post"}],"author":[{"embeddable":true,"href":"https:\/\/patagoniambiental.com.ar\/info\/wp-json\/wp\/v2\/users\/2"}],"replies":[{"embeddable":true,"href":"https:\/\/patagoniambiental.com.ar\/info\/wp-json\/wp\/v2\/comments?post=59682"}],"version-history":[{"count":0,"href":"https:\/\/patagoniambiental.com.ar\/info\/wp-json\/wp\/v2\/posts\/59682\/revisions"}],"wp:featuredmedia":[{"embeddable":true,"href":"https:\/\/patagoniambiental.com.ar\/info\/wp-json\/wp\/v2\/media\/59683"}],"wp:attachment":[{"href":"https:\/\/patagoniambiental.com.ar\/info\/wp-json\/wp\/v2\/media?parent=59682"}],"wp:term":[{"taxonomy":"category","embeddable":true,"href":"https:\/\/patagoniambiental.com.ar\/info\/wp-json\/wp\/v2\/categories?post=59682"},{"taxonomy":"post_tag","embeddable":true,"href":"https:\/\/patagoniambiental.com.ar\/info\/wp-json\/wp\/v2\/tags?post=59682"}],"curies":[{"name":"wp","href":"https:\/\/api.w.org\/{rel}","templated":true}]}}