{"id":59700,"date":"2019-03-25T09:00:08","date_gmt":"2019-03-25T12:00:08","guid":{"rendered":"http:\/\/patagoniambiental.com.ar\/info\/?p=59700"},"modified":"2019-03-22T16:17:31","modified_gmt":"2019-03-22T19:17:31","slug":"los-10-primeros-paises-del-mundo-por-capacidad-de-energia-eolica","status":"publish","type":"post","link":"https:\/\/patagoniambiental.com.ar\/info\/los-10-primeros-paises-del-mundo-por-capacidad-de-energia-eolica\/","title":{"rendered":"Los 10 primeros pa\u00edses del mundo por capacidad de energ\u00eda e\u00f3lica"},"content":{"rendered":"<p>La energ\u00eda e\u00f3lica es una fuente bien establecida de energ\u00edas renovables, pero \u00bfqu\u00e9 pa\u00edses tienen la capacidad de energ\u00eda e\u00f3lica m\u00e1s alta del mundo?<\/p>\n<p><!--more--><\/p>\n<p>La energ\u00eda e\u00f3lica se ha convertido en una fuente importante de generaci\u00f3n de energ\u00eda en todo el mundo, con una capacidad global de m\u00e1s de 600 GW en 2018. La construcci\u00f3n de nueva capacidad el\u00e9ctrica a partir de energ\u00eda e\u00f3lica var\u00eda de a\u00f1o en a\u00f1o y por regi\u00f3n; Europa, por ejemplo, vio una reducci\u00f3n del 32% en la capacidad e\u00f3lica en 2018 en comparaci\u00f3n con 2017.<\/p>\n<p><img decoding=\"async\" class=\"img-thumbnail post-single-image\" src=\"https:\/\/argentinaeolica.org.ar\/uploads\/blog\/1553275506.jpg\" alt=\"\" \/><\/p>\n<article class=\"post-content\">\u00bfPero qu\u00e9 pa\u00edses tienen la mayor capacidad de energ\u00eda e\u00f3lica?<\/p>\n<p><strong>China \u2013 capacidad instalada 221 GW<\/strong><\/p>\n<p>China es el l\u00edder mundial en energ\u00eda e\u00f3lica, con m\u00e1s de un tercio de la capacidad mundial.<\/p>\n<p>Cuenta con el parque e\u00f3lico terrestre m\u00e1s grande del mundo en la provincia de Gansu, que actualmente tiene una capacidad de 7.9 GW, cinco veces m\u00e1s que su rival m\u00e1s cercano.<\/p>\n<p>Los aerogeneradores del parque e\u00f3lico actualmente operan solo al 40% de su capacidad, con 13 GW adicionales para ser instalados, lo que lleva a un total de 20 GW en 2020. Se espera que esta expansi\u00f3n cueste U$S 17.5 mil millones.<\/p>\n<p><strong>US \u2013 capacidad instalada 96,4 GW<\/strong><\/p>\n<p>EE. UU. Ocupa el segundo lugar con 96,4 GW de capacidad instalada y es particularmente fuerte en energ\u00eda e\u00f3lica terrestre.<\/p>\n<p>Seis de los diez parques e\u00f3licos terrestres m\u00e1s grandes se encuentran en los EE. UU. Estos incluyen el Centro de Energ\u00eda E\u00f3lica en California, el segundo parque e\u00f3lico terrestre m\u00e1s grande del mundo con una capacidad de 1.548 MW, el Parque E\u00f3lico Shepherd\u2019s Flat en Oregon (845 MW) y el Parque E\u00f3lico Roscoe en Texas (781,5 MW).<\/p>\n<p>Solo el estado de Texas produce una cuarta parte de la energ\u00eda eoloel\u00e9ctrica de EE. UU. con 24,9 GW, lo que proporciona m\u00e1s energ\u00eda eoloel\u00e9ctrica que otros 25 estados de EE. UU. juntos.<\/p>\n<p><strong>Alemania \u2013 capacidad instalada 59,3 GW<\/strong><\/p>\n<p>Alemania tiene la capacidad e\u00f3lica instalada m\u00e1s alta de Europa con 59,3 GW.<\/p>\n<p>Sus parques e\u00f3licos marinos m\u00e1s grandes son los Gode Windfarms (fase 1 y 2), que tienen una capacidad combinada de 582 MW. Alemania tambi\u00e9n alberga el parque e\u00f3lico marino Nordsee One, que tiene una capacidad de 382 MW y proporciona energ\u00eda para 400.000 hogares.<\/p>\n<p>Seg\u00fan Wind Europe, Europa instal\u00f3 11,7 GW de energ\u00eda eoloel\u00e9ctrica en 2018. De esto, Alemania lider\u00f3 el camino con un 29% de esta capacidad con un total de poco menos de 3,4 GW, con 2,4 GW de este en tierra y un poco menos de 1 GW en el mar.<\/p>\n<p><strong>India \u2013 capacidad instalada 35GW<\/strong><\/p>\n<p>India tiene la segunda capacidad e\u00f3lica m\u00e1s alta de Asia y es el \u00fanico pa\u00eds asi\u00e1tico aparte de China que figura en la lista, con una capacidad total de 35 GW.<\/p>\n<p>El pa\u00eds tiene el tercer y cuarto parque e\u00f3lico terrestre m\u00e1s grande del mundo, el parque e\u00f3lico Muppandal en Tamil Nadu, sur de la India (1.500 MW) y el parque e\u00f3lico Jaisalmer en Rajasthan, norte de la India (1.064 MW).<\/p>\n<p>El gobierno de India ha establecido el objetivo de instalar 60 GW de energ\u00eda eoloel\u00e9ctrica para 2022, con 25 GW para ser instalados en los pr\u00f3ximos tres a\u00f1os.<\/p>\n<p><strong>Espa\u00f1a \u2013 capacidad instalada 23 GW<\/strong><\/p>\n<p>Espa\u00f1a tiene un fuerte desempe\u00f1o en energ\u00eda e\u00f3lica, con una capacidad de 23 GW que cubre el 18% del suministro el\u00e9ctrico de Espa\u00f1a. El pa\u00eds ocupa el quinto lugar en el mundo a pesar de que ninguno de sus parques e\u00f3licos en tierra o en alta mar se encuentra entre los 20 principales por capacidad.<\/p>\n<p>La industria e\u00f3lica espa\u00f1ola en realidad ha estado en una fuerte ca\u00edda en los \u00faltimos a\u00f1os. Solo se agregaron 104 MW en 2016-2017 despu\u00e9s de que no se haya agregado nada en 2015.<\/p>\n<p>Los empleos dentro del sector tambi\u00e9n han disminuido de alrededor de 41.500 en 2008 a alrededor de 22.500 personas.<\/p>\n<p><strong>Reino Unido \u2013 capacidad instalada 20,7 GW<\/strong><\/p>\n<p>El Reino Unido es el tercer pa\u00eds europeo en la lista, con una capacidad total de poco m\u00e1s de 20,7 GW.<\/p>\n<p>El Reino Unido es particularmente notable en energ\u00eda e\u00f3lica marina, con seis de los 10 proyectos e\u00f3licos marinos de mayor capacidad en el mundo.<\/p>\n<p>Uno de ellos es el proyecto Walney en la costa de Cumbria, en el noroeste de Inglaterra. Este es el proyecto e\u00f3lico marino m\u00e1s grande del mundo con Walney 1 y 2 (367 MW) y Walney Extension (659 MW), que forman un total de 1.026 MW.<\/p>\n<p>La instalaci\u00f3n de Walney est\u00e1 programada para ser superada por el proyecto Hornsea One de 1.218 MW en el Mar del Norte cuando se complete por completo en 2020.<\/p>\n<p><strong>Francia \u2013 capacidad instalada 15,3 GW<\/strong><\/p>\n<p>Francia ocupa el s\u00e9ptimo lugar en la lista de los 10 principales pa\u00edses de energ\u00eda e\u00f3lica por capacidad. Actualmente se est\u00e1 alejando de la energ\u00eda nuclear, que anteriormente cubr\u00eda el 75% de las necesidades energ\u00e9ticas del pa\u00eds y llenar\u00e1 el vac\u00edo al aumentar su presupuesto renovable a 71.000 millones de euros para el per\u00edodo 2019-2028. Esto le permitir\u00e1 triplicar su capacidad de energ\u00eda e\u00f3lica terrestre para 2030.<\/p>\n<p>Sin embargo, la hostilidad a la energ\u00eda e\u00f3lica est\u00e1 \u201cprofundamente arraigada\u201d en Francia, ya que gran parte de la poblaci\u00f3n considera que los aerogeneradores son feos y ruidosos.<\/p>\n<p><strong>Brasil \u2013 capacidad instalada 14,5 GW<\/strong><\/p>\n<p>Brasil tiene la capacidad e\u00f3lica m\u00e1s grande de Sudam\u00e9rica con 14,5 GW y est\u00e1 expandiendo su capacidad significativamente. Las cifras m\u00e1s recientes muestran que la energ\u00eda e\u00f3lica hab\u00eda aumentado un 8,9% interanual en febrero de 2019.<\/p>\n<p>La energ\u00eda e\u00f3lica ocupa el cuarto lugar en el mix energ\u00e9tico total de Brasil, ya que representa aproximadamente el 8% de la capacidad energ\u00e9tica total de Brasil.<\/p>\n<p>&nbsp;<\/p>\n<p>Fuente:\u00a0<a href=\"https:\/\/www.evwind.com\/2019\/03\/18\/los-10-primeros-paises-del-mundo-por-capacidad-de-energia-eolica\/\" target=\"_blank\" rel=\"noopener\">Ev Wind<\/a><\/p>\n<\/article>\n","protected":false},"excerpt":{"rendered":"<p>La energ\u00eda e\u00f3lica es una fuente bien establecida de energ\u00edas renovables, pero \u00bfqu\u00e9 pa\u00edses tienen la capacidad de energ\u00eda e\u00f3lica [&hellip;]<\/p>\n","protected":false},"author":2,"featured_media":59701,"comment_status":"open","ping_status":"open","sticky":false,"template":"","format":"standard","meta":{"site-sidebar-layout":"default","site-content-layout":"","ast-site-content-layout":"default","site-content-style":"default","site-sidebar-style":"default","ast-global-header-display":"","ast-banner-title-visibility":"","ast-main-header-display":"","ast-hfb-above-header-display":"","ast-hfb-below-header-display":"","ast-hfb-mobile-header-display":"","site-post-title":"","ast-breadcrumbs-content":"","ast-featured-img":"","footer-sml-layout":"","ast-disable-related-posts":"","theme-transparent-header-meta":"","adv-header-id-meta":"","stick-header-meta":"","header-above-stick-meta":"","header-main-stick-meta":"","header-below-stick-meta":"","astra-migrate-meta-layouts":"default","ast-page-background-enabled":"default","ast-page-background-meta":{"desktop":{"background-color":"var(--ast-global-color-5)","background-image":"","background-repeat":"repeat","background-position":"center center","background-size":"auto","background-attachment":"scroll","background-type":"","background-media":"","overlay-type":"","overlay-color":"","overlay-opacity":"","overlay-gradient":""},"tablet":{"background-color":"","background-image":"","background-repeat":"repeat","background-position":"center center","background-size":"auto","background-attachment":"scroll","background-type":"","background-media":"","overlay-type":"","overlay-color":"","overlay-opacity":"","overlay-gradient":""},"mobile":{"background-color":"","background-image":"","background-repeat":"repeat","background-position":"center center","background-size":"auto","background-attachment":"scroll","background-type":"","background-media":"","overlay-type":"","overlay-color":"","overlay-opacity":"","overlay-gradient":""}},"ast-content-background-meta":{"desktop":{"background-color":"var(--ast-global-color-4)","background-image":"","background-repeat":"repeat","background-position":"center center","background-size":"auto","background-attachment":"scroll","background-type":"","background-media":"","overlay-type":"","overlay-color":"","overlay-opacity":"","overlay-gradient":""},"tablet":{"background-color":"var(--ast-global-color-4)","background-image":"","background-repeat":"repeat","background-position":"center center","background-size":"auto","background-attachment":"scroll","background-type":"","background-media":"","overlay-type":"","overlay-color":"","overlay-opacity":"","overlay-gradient":""},"mobile":{"background-color":"var(--ast-global-color-4)","background-image":"","background-repeat":"repeat","background-position":"center center","background-size":"auto","background-attachment":"scroll","background-type":"","background-media":"","overlay-type":"","overlay-color":"","overlay-opacity":"","overlay-gradient":""}},"footnotes":""},"categories":[23,1],"tags":[],"class_list":["post-59700","post","type-post","status-publish","format-standard","has-post-thumbnail","hentry","category-internacionales","category-noticias"],"yoast_head":"<!-- This site is optimized with the Yoast SEO Premium plugin v23.0 (Yoast SEO v27.4) - https:\/\/yoast.com\/product\/yoast-seo-premium-wordpress\/ -->\n<title>Los 10 primeros pa\u00edses del mundo por capacidad de energ\u00eda e\u00f3lica<\/title>\n<meta name=\"robots\" content=\"index, follow, max-snippet:-1, max-image-preview:large, max-video-preview:-1\" \/>\n<link rel=\"canonical\" href=\"https:\/\/patagoniambiental.com.ar\/info\/los-10-primeros-paises-del-mundo-por-capacidad-de-energia-eolica\/\" \/>\n<meta property=\"og:locale\" content=\"es_ES\" \/>\n<meta property=\"og:type\" content=\"article\" \/>\n<meta property=\"og:title\" content=\"Los 10 primeros pa\u00edses del mundo por capacidad de energ\u00eda e\u00f3lica\" \/>\n<meta property=\"og:description\" content=\"La energ\u00eda e\u00f3lica es una fuente bien establecida de energ\u00edas renovables, pero \u00bfqu\u00e9 pa\u00edses tienen la capacidad de energ\u00eda e\u00f3lica [&hellip;]\" \/>\n<meta property=\"og:url\" content=\"https:\/\/patagoniambiental.com.ar\/info\/los-10-primeros-paises-del-mundo-por-capacidad-de-energia-eolica\/\" \/>\n<meta property=\"og:site_name\" content=\"Patagonia Ambiental\" \/>\n<meta property=\"article:publisher\" content=\"https:\/\/www.facebook.com\/patagonia.ambiental\" \/>\n<meta property=\"article:author\" content=\"https:\/\/www.facebook.com\/share\/1C1V8Gv9BX\/?mibextid=qi2Omg\" \/>\n<meta property=\"article:published_time\" content=\"2019-03-25T12:00:08+00:00\" \/>\n<meta property=\"og:image\" content=\"https:\/\/patagoniambiental.com.ar\/info\/wp-content\/uploads\/2019\/03\/1553275506.jpg\" \/>\n\t<meta property=\"og:image:width\" content=\"750\" \/>\n\t<meta property=\"og:image:height\" content=\"422\" \/>\n\t<meta property=\"og:image:type\" content=\"image\/jpeg\" \/>\n<meta name=\"author\" content=\"Patagonia Ambiental\" \/>\n<meta name=\"twitter:card\" content=\"summary_large_image\" \/>\n<meta name=\"twitter:creator\" content=\"@PatAmb\" \/>\n<meta name=\"twitter:site\" content=\"@PatAmb\" \/>\n<script type=\"application\/ld+json\" class=\"yoast-schema-graph\">{\"@context\":\"https:\\\/\\\/schema.org\",\"@graph\":[{\"@type\":\"Article\",\"@id\":\"https:\\\/\\\/patagoniambiental.com.ar\\\/info\\\/los-10-primeros-paises-del-mundo-por-capacidad-de-energia-eolica\\\/#article\",\"isPartOf\":{\"@id\":\"https:\\\/\\\/patagoniambiental.com.ar\\\/info\\\/los-10-primeros-paises-del-mundo-por-capacidad-de-energia-eolica\\\/\"},\"author\":{\"name\":\"Patagonia Ambiental\",\"@id\":\"https:\\\/\\\/patagoniambiental.com.ar\\\/info\\\/#\\\/schema\\\/person\\\/db12bff64bbcbf6a253710bf0ea37b5d\"},\"headline\":\"Los 10 primeros pa\u00edses del mundo por capacidad de energ\u00eda e\u00f3lica\",\"datePublished\":\"2019-03-25T12:00:08+00:00\",\"mainEntityOfPage\":{\"@id\":\"https:\\\/\\\/patagoniambiental.com.ar\\\/info\\\/los-10-primeros-paises-del-mundo-por-capacidad-de-energia-eolica\\\/\"},\"wordCount\":1005,\"commentCount\":0,\"publisher\":{\"@id\":\"https:\\\/\\\/patagoniambiental.com.ar\\\/info\\\/#organization\"},\"image\":{\"@id\":\"https:\\\/\\\/patagoniambiental.com.ar\\\/info\\\/los-10-primeros-paises-del-mundo-por-capacidad-de-energia-eolica\\\/#primaryimage\"},\"thumbnailUrl\":\"https:\\\/\\\/patagoniambiental.com.ar\\\/info\\\/wp-content\\\/uploads\\\/2019\\\/03\\\/1553275506.jpg\",\"articleSection\":[\"Internacionales\",\"Noticias\"],\"inLanguage\":\"es\",\"potentialAction\":[{\"@type\":\"CommentAction\",\"name\":\"Comment\",\"target\":[\"https:\\\/\\\/patagoniambiental.com.ar\\\/info\\\/los-10-primeros-paises-del-mundo-por-capacidad-de-energia-eolica\\\/#respond\"]}]},{\"@type\":\"WebPage\",\"@id\":\"https:\\\/\\\/patagoniambiental.com.ar\\\/info\\\/los-10-primeros-paises-del-mundo-por-capacidad-de-energia-eolica\\\/\",\"url\":\"https:\\\/\\\/patagoniambiental.com.ar\\\/info\\\/los-10-primeros-paises-del-mundo-por-capacidad-de-energia-eolica\\\/\",\"name\":\"Los 10 primeros pa\u00edses del mundo por capacidad de energ\u00eda e\u00f3lica\",\"isPartOf\":{\"@id\":\"https:\\\/\\\/patagoniambiental.com.ar\\\/info\\\/#website\"},\"primaryImageOfPage\":{\"@id\":\"https:\\\/\\\/patagoniambiental.com.ar\\\/info\\\/los-10-primeros-paises-del-mundo-por-capacidad-de-energia-eolica\\\/#primaryimage\"},\"image\":{\"@id\":\"https:\\\/\\\/patagoniambiental.com.ar\\\/info\\\/los-10-primeros-paises-del-mundo-por-capacidad-de-energia-eolica\\\/#primaryimage\"},\"thumbnailUrl\":\"https:\\\/\\\/patagoniambiental.com.ar\\\/info\\\/wp-content\\\/uploads\\\/2019\\\/03\\\/1553275506.jpg\",\"datePublished\":\"2019-03-25T12:00:08+00:00\",\"breadcrumb\":{\"@id\":\"https:\\\/\\\/patagoniambiental.com.ar\\\/info\\\/los-10-primeros-paises-del-mundo-por-capacidad-de-energia-eolica\\\/#breadcrumb\"},\"inLanguage\":\"es\",\"potentialAction\":[{\"@type\":\"ReadAction\",\"target\":[\"https:\\\/\\\/patagoniambiental.com.ar\\\/info\\\/los-10-primeros-paises-del-mundo-por-capacidad-de-energia-eolica\\\/\"]}]},{\"@type\":\"ImageObject\",\"inLanguage\":\"es\",\"@id\":\"https:\\\/\\\/patagoniambiental.com.ar\\\/info\\\/los-10-primeros-paises-del-mundo-por-capacidad-de-energia-eolica\\\/#primaryimage\",\"url\":\"https:\\\/\\\/patagoniambiental.com.ar\\\/info\\\/wp-content\\\/uploads\\\/2019\\\/03\\\/1553275506.jpg\",\"contentUrl\":\"https:\\\/\\\/patagoniambiental.com.ar\\\/info\\\/wp-content\\\/uploads\\\/2019\\\/03\\\/1553275506.jpg\",\"width\":750,\"height\":422},{\"@type\":\"BreadcrumbList\",\"@id\":\"https:\\\/\\\/patagoniambiental.com.ar\\\/info\\\/los-10-primeros-paises-del-mundo-por-capacidad-de-energia-eolica\\\/#breadcrumb\",\"itemListElement\":[{\"@type\":\"ListItem\",\"position\":1,\"name\":\"Inicio\",\"item\":\"https:\\\/\\\/patagoniambiental.com.ar\\\/info\\\/\"},{\"@type\":\"ListItem\",\"position\":2,\"name\":\"Los 10 primeros pa\u00edses del mundo por capacidad de energ\u00eda e\u00f3lica\"}]},{\"@type\":\"WebSite\",\"@id\":\"https:\\\/\\\/patagoniambiental.com.ar\\\/info\\\/#website\",\"url\":\"https:\\\/\\\/patagoniambiental.com.ar\\\/info\\\/\",\"name\":\"Patagonia Ambiental\",\"description\":\"Monitoreo y an\u00e1lisis de la situaci\u00f3n geopol\u00edtica en el mundo y su implicancia en la Patagonia\",\"publisher\":{\"@id\":\"https:\\\/\\\/patagoniambiental.com.ar\\\/info\\\/#organization\"},\"potentialAction\":[{\"@type\":\"SearchAction\",\"target\":{\"@type\":\"EntryPoint\",\"urlTemplate\":\"https:\\\/\\\/patagoniambiental.com.ar\\\/info\\\/?s={search_term_string}\"},\"query-input\":{\"@type\":\"PropertyValueSpecification\",\"valueRequired\":true,\"valueName\":\"search_term_string\"}}],\"inLanguage\":\"es\"},{\"@type\":\"Organization\",\"@id\":\"https:\\\/\\\/patagoniambiental.com.ar\\\/info\\\/#organization\",\"name\":\"Patagonia Ambiental\",\"url\":\"https:\\\/\\\/patagoniambiental.com.ar\\\/info\\\/\",\"logo\":{\"@type\":\"ImageObject\",\"inLanguage\":\"es\",\"@id\":\"https:\\\/\\\/patagoniambiental.com.ar\\\/info\\\/#\\\/schema\\\/logo\\\/image\\\/\",\"url\":\"https:\\\/\\\/patagoniambiental.com.ar\\\/info\\\/wp-content\\\/uploads\\\/2025\\\/05\\\/LOGO-PATAGONIA-AMBIENTAL.png\",\"contentUrl\":\"https:\\\/\\\/patagoniambiental.com.ar\\\/info\\\/wp-content\\\/uploads\\\/2025\\\/05\\\/LOGO-PATAGONIA-AMBIENTAL.png\",\"width\":433,\"height\":250,\"caption\":\"Patagonia Ambiental\"},\"image\":{\"@id\":\"https:\\\/\\\/patagoniambiental.com.ar\\\/info\\\/#\\\/schema\\\/logo\\\/image\\\/\"},\"sameAs\":[\"https:\\\/\\\/www.facebook.com\\\/patagonia.ambiental\",\"https:\\\/\\\/x.com\\\/PatAmb\"]},{\"@type\":\"Person\",\"@id\":\"https:\\\/\\\/patagoniambiental.com.ar\\\/info\\\/#\\\/schema\\\/person\\\/db12bff64bbcbf6a253710bf0ea37b5d\",\"name\":\"Patagonia Ambiental\",\"description\":\"Andr\u00e9s Nievas T\u00e9cnico en manejo ambiental, consultor Ambiental y escritor para medios locales e internacionales sobre temas de geopolitica y medio ambiente.\",\"sameAs\":[\"http:\\\/\\\/www.patagoniambiental.com.ar\",\"https:\\\/\\\/www.facebook.com\\\/share\\\/1C1V8Gv9BX\\\/?mibextid=qi2Omg\",\"@patagoniambiental\",\"https:\\\/\\\/youtube.com\\\/@patagoniaambiental2023?si=BLt58t0wuXquxlYZ\"]}]}<\/script>\n<!-- \/ Yoast SEO Premium plugin. -->","yoast_head_json":{"title":"Los 10 primeros pa\u00edses del mundo por capacidad de energ\u00eda e\u00f3lica","robots":{"index":"index","follow":"follow","max-snippet":"max-snippet:-1","max-image-preview":"max-image-preview:large","max-video-preview":"max-video-preview:-1"},"canonical":"https:\/\/patagoniambiental.com.ar\/info\/los-10-primeros-paises-del-mundo-por-capacidad-de-energia-eolica\/","og_locale":"es_ES","og_type":"article","og_title":"Los 10 primeros pa\u00edses del mundo por capacidad de energ\u00eda e\u00f3lica","og_description":"La energ\u00eda e\u00f3lica es una fuente bien establecida de energ\u00edas renovables, pero \u00bfqu\u00e9 pa\u00edses tienen la capacidad de energ\u00eda e\u00f3lica [&hellip;]","og_url":"https:\/\/patagoniambiental.com.ar\/info\/los-10-primeros-paises-del-mundo-por-capacidad-de-energia-eolica\/","og_site_name":"Patagonia Ambiental","article_publisher":"https:\/\/www.facebook.com\/patagonia.ambiental","article_author":"https:\/\/www.facebook.com\/share\/1C1V8Gv9BX\/?mibextid=qi2Omg","article_published_time":"2019-03-25T12:00:08+00:00","og_image":[{"width":750,"height":422,"url":"https:\/\/patagoniambiental.com.ar\/info\/wp-content\/uploads\/2019\/03\/1553275506.jpg","type":"image\/jpeg"}],"author":"Patagonia Ambiental","twitter_card":"summary_large_image","twitter_creator":"@PatAmb","twitter_site":"@PatAmb","schema":{"@context":"https:\/\/schema.org","@graph":[{"@type":"Article","@id":"https:\/\/patagoniambiental.com.ar\/info\/los-10-primeros-paises-del-mundo-por-capacidad-de-energia-eolica\/#article","isPartOf":{"@id":"https:\/\/patagoniambiental.com.ar\/info\/los-10-primeros-paises-del-mundo-por-capacidad-de-energia-eolica\/"},"author":{"name":"Patagonia Ambiental","@id":"https:\/\/patagoniambiental.com.ar\/info\/#\/schema\/person\/db12bff64bbcbf6a253710bf0ea37b5d"},"headline":"Los 10 primeros pa\u00edses del mundo por capacidad de energ\u00eda e\u00f3lica","datePublished":"2019-03-25T12:00:08+00:00","mainEntityOfPage":{"@id":"https:\/\/patagoniambiental.com.ar\/info\/los-10-primeros-paises-del-mundo-por-capacidad-de-energia-eolica\/"},"wordCount":1005,"commentCount":0,"publisher":{"@id":"https:\/\/patagoniambiental.com.ar\/info\/#organization"},"image":{"@id":"https:\/\/patagoniambiental.com.ar\/info\/los-10-primeros-paises-del-mundo-por-capacidad-de-energia-eolica\/#primaryimage"},"thumbnailUrl":"https:\/\/patagoniambiental.com.ar\/info\/wp-content\/uploads\/2019\/03\/1553275506.jpg","articleSection":["Internacionales","Noticias"],"inLanguage":"es","potentialAction":[{"@type":"CommentAction","name":"Comment","target":["https:\/\/patagoniambiental.com.ar\/info\/los-10-primeros-paises-del-mundo-por-capacidad-de-energia-eolica\/#respond"]}]},{"@type":"WebPage","@id":"https:\/\/patagoniambiental.com.ar\/info\/los-10-primeros-paises-del-mundo-por-capacidad-de-energia-eolica\/","url":"https:\/\/patagoniambiental.com.ar\/info\/los-10-primeros-paises-del-mundo-por-capacidad-de-energia-eolica\/","name":"Los 10 primeros pa\u00edses del mundo por capacidad de energ\u00eda e\u00f3lica","isPartOf":{"@id":"https:\/\/patagoniambiental.com.ar\/info\/#website"},"primaryImageOfPage":{"@id":"https:\/\/patagoniambiental.com.ar\/info\/los-10-primeros-paises-del-mundo-por-capacidad-de-energia-eolica\/#primaryimage"},"image":{"@id":"https:\/\/patagoniambiental.com.ar\/info\/los-10-primeros-paises-del-mundo-por-capacidad-de-energia-eolica\/#primaryimage"},"thumbnailUrl":"https:\/\/patagoniambiental.com.ar\/info\/wp-content\/uploads\/2019\/03\/1553275506.jpg","datePublished":"2019-03-25T12:00:08+00:00","breadcrumb":{"@id":"https:\/\/patagoniambiental.com.ar\/info\/los-10-primeros-paises-del-mundo-por-capacidad-de-energia-eolica\/#breadcrumb"},"inLanguage":"es","potentialAction":[{"@type":"ReadAction","target":["https:\/\/patagoniambiental.com.ar\/info\/los-10-primeros-paises-del-mundo-por-capacidad-de-energia-eolica\/"]}]},{"@type":"ImageObject","inLanguage":"es","@id":"https:\/\/patagoniambiental.com.ar\/info\/los-10-primeros-paises-del-mundo-por-capacidad-de-energia-eolica\/#primaryimage","url":"https:\/\/patagoniambiental.com.ar\/info\/wp-content\/uploads\/2019\/03\/1553275506.jpg","contentUrl":"https:\/\/patagoniambiental.com.ar\/info\/wp-content\/uploads\/2019\/03\/1553275506.jpg","width":750,"height":422},{"@type":"BreadcrumbList","@id":"https:\/\/patagoniambiental.com.ar\/info\/los-10-primeros-paises-del-mundo-por-capacidad-de-energia-eolica\/#breadcrumb","itemListElement":[{"@type":"ListItem","position":1,"name":"Inicio","item":"https:\/\/patagoniambiental.com.ar\/info\/"},{"@type":"ListItem","position":2,"name":"Los 10 primeros pa\u00edses del mundo por capacidad de energ\u00eda e\u00f3lica"}]},{"@type":"WebSite","@id":"https:\/\/patagoniambiental.com.ar\/info\/#website","url":"https:\/\/patagoniambiental.com.ar\/info\/","name":"Patagonia Ambiental","description":"Monitoreo y an\u00e1lisis de la situaci\u00f3n geopol\u00edtica en el mundo y su implicancia en la Patagonia","publisher":{"@id":"https:\/\/patagoniambiental.com.ar\/info\/#organization"},"potentialAction":[{"@type":"SearchAction","target":{"@type":"EntryPoint","urlTemplate":"https:\/\/patagoniambiental.com.ar\/info\/?s={search_term_string}"},"query-input":{"@type":"PropertyValueSpecification","valueRequired":true,"valueName":"search_term_string"}}],"inLanguage":"es"},{"@type":"Organization","@id":"https:\/\/patagoniambiental.com.ar\/info\/#organization","name":"Patagonia Ambiental","url":"https:\/\/patagoniambiental.com.ar\/info\/","logo":{"@type":"ImageObject","inLanguage":"es","@id":"https:\/\/patagoniambiental.com.ar\/info\/#\/schema\/logo\/image\/","url":"https:\/\/patagoniambiental.com.ar\/info\/wp-content\/uploads\/2025\/05\/LOGO-PATAGONIA-AMBIENTAL.png","contentUrl":"https:\/\/patagoniambiental.com.ar\/info\/wp-content\/uploads\/2025\/05\/LOGO-PATAGONIA-AMBIENTAL.png","width":433,"height":250,"caption":"Patagonia Ambiental"},"image":{"@id":"https:\/\/patagoniambiental.com.ar\/info\/#\/schema\/logo\/image\/"},"sameAs":["https:\/\/www.facebook.com\/patagonia.ambiental","https:\/\/x.com\/PatAmb"]},{"@type":"Person","@id":"https:\/\/patagoniambiental.com.ar\/info\/#\/schema\/person\/db12bff64bbcbf6a253710bf0ea37b5d","name":"Patagonia Ambiental","description":"Andr\u00e9s Nievas T\u00e9cnico en manejo ambiental, consultor Ambiental y escritor para medios locales e internacionales sobre temas de geopolitica y medio ambiente.","sameAs":["http:\/\/www.patagoniambiental.com.ar","https:\/\/www.facebook.com\/share\/1C1V8Gv9BX\/?mibextid=qi2Omg","@patagoniambiental","https:\/\/youtube.com\/@patagoniaambiental2023?si=BLt58t0wuXquxlYZ"]}]}},"_links":{"self":[{"href":"https:\/\/patagoniambiental.com.ar\/info\/wp-json\/wp\/v2\/posts\/59700","targetHints":{"allow":["GET"]}}],"collection":[{"href":"https:\/\/patagoniambiental.com.ar\/info\/wp-json\/wp\/v2\/posts"}],"about":[{"href":"https:\/\/patagoniambiental.com.ar\/info\/wp-json\/wp\/v2\/types\/post"}],"author":[{"embeddable":true,"href":"https:\/\/patagoniambiental.com.ar\/info\/wp-json\/wp\/v2\/users\/2"}],"replies":[{"embeddable":true,"href":"https:\/\/patagoniambiental.com.ar\/info\/wp-json\/wp\/v2\/comments?post=59700"}],"version-history":[{"count":0,"href":"https:\/\/patagoniambiental.com.ar\/info\/wp-json\/wp\/v2\/posts\/59700\/revisions"}],"wp:featuredmedia":[{"embeddable":true,"href":"https:\/\/patagoniambiental.com.ar\/info\/wp-json\/wp\/v2\/media\/59701"}],"wp:attachment":[{"href":"https:\/\/patagoniambiental.com.ar\/info\/wp-json\/wp\/v2\/media?parent=59700"}],"wp:term":[{"taxonomy":"category","embeddable":true,"href":"https:\/\/patagoniambiental.com.ar\/info\/wp-json\/wp\/v2\/categories?post=59700"},{"taxonomy":"post_tag","embeddable":true,"href":"https:\/\/patagoniambiental.com.ar\/info\/wp-json\/wp\/v2\/tags?post=59700"}],"curies":[{"name":"wp","href":"https:\/\/api.w.org\/{rel}","templated":true}]}}