{"id":59721,"date":"2019-03-25T19:00:10","date_gmt":"2019-03-25T22:00:10","guid":{"rendered":"http:\/\/patagoniambiental.com.ar\/info\/?p=59721"},"modified":"2019-03-25T15:10:12","modified_gmt":"2019-03-25T18:10:12","slug":"crecer-con-igualdad-de-oportunidades-la-historia-de-arroyo-ventana","status":"publish","type":"post","link":"https:\/\/patagoniambiental.com.ar\/info\/crecer-con-igualdad-de-oportunidades-la-historia-de-arroyo-ventana\/","title":{"rendered":"Crecer con igualdad de oportunidades, la historia de Arroyo Ventana"},"content":{"rendered":"<div>Arroyo Ventana.-Arroyo Ventana sigue sumando prestaciones e infraestructura. El paraje, que hace cinco a\u00f1os super\u00f3 ser arrasado por la naturaleza, cuenta con mejores servicios para los vecinos.<\/div>\n<p><!--more--><\/p>\n<div><\/div>\n<div id=\"x_cuerpo\">\n<p>Hoy, el gobernador Alberto Weretilneck, junto al comisionado de fomento local, Carlos El Hossen, comparti\u00f3 con la comunidad la inauguraci\u00f3n de ocho viviendas, un Centro de Atenci\u00f3n Primaria de la Salud, un\u00a0 destacamento policial y una estaci\u00f3n m\u00f3vil de combustible.<\/p>\n<p>\u201cSer justos\u201d, esas fueron las palabras que repiti\u00f3 el Mandatario una y otra vez para describir el acontecimiento que se encontraban viviendo los pobladores. \u201cEl desaf\u00edo m\u00e1s importante que uno tiene como gobernante es ser justo. Y cuando uno tiene esta premisa en su toma de decisiones diaria -en una provincia tan grande y con realidades tan distintas como la nuestra- significa que cada rionegrino no importa en qu\u00e9 lugar viva, cuente con la presencia del Estado provincial, con las mismas oportunidades, educaci\u00f3n, salud y seguridad\u201d.<\/p>\n<p>Luego, el Mandatario manifest\u00f3: \u201cEntendemos que las demandas en los peque\u00f1os lugares no son las mismas que en las grandes ciudades, sin embargo la actitud del Estado s\u00ed debe ser la misma\u201d.<\/p>\n<p>Siendo imposible no recordar aquel 8 de abril de 2014, en que el agua destruy\u00f3 casi la totalidad de las viviendas y los vecinos de Arroyo Ventana salvaron sus vidas trep\u00e1ndose a los techos y \u00e1rboles, seguido de la decisi\u00f3n de reconstruir el poblado en un nuevo trazado, el Mandatario elogi\u00f3 la tarea del comisionado de fomento. \u201cNosotros s\u00f3lo tomamos las decisiones y brindamos la financiaci\u00f3n, pero la tarea, el coraje y la pasi\u00f3n la pusiste vos Carlos, con tu gente\u201d.<\/p>\n<p>En la oportunidad, el Gobernador anunci\u00f3 que antes de fin de a\u00f1o se llevar\u00e1 la luz a quienes viven en las zonas rurales de Arroyo Ventana, Cona Niyeu, Los Berros y Sierra Paileman.\u00a0 \u201cEl verdadero R\u00edo Negro, el igualitario, es el aquel en que todos nos sentimos orgullosos de las cosas que vamos construyendo en cada lugar de la provincia\u201d, asegur\u00f3.<\/p>\n<p>Las ocho casas entregadas pertenecen al proyecto de ejecuci\u00f3n de 20 viviendas para Arroyo Ventana, en el marco del Programa Habitar R\u00edo Negro. Las unidades posibilitan a los pobladores no s\u00f3lo el sue\u00f1o de tener una casa propia, sino la de vivir en el poblado, ya que hasta el momento lo hac\u00edan en la zona rural.<\/p>\n<p>El Centro de Salud, otra decisi\u00f3n justa para brindarle mejores prestaciones a los vecinos, se trata de un espacio acorde a la necesidad de los pobladores, que cuenta con sala de espera, consultorio m\u00e9dico y de enfermer\u00eda. All\u00ed se brindar\u00e1 atenci\u00f3n diaria de enfermer\u00eda, control de ni\u00f1os sanos, entrega de medicaci\u00f3n para pacientes cr\u00f3nicos; y atenci\u00f3n m\u00e9dica y odontol\u00f3gica programada.<\/p>\n<p>Por otro lado, la estaci\u00f3n m\u00f3vil de combustible ofrecer\u00e1 un servicio de compras que dar\u00e1 empleo a dos personas y proveer\u00e1 del servicio tambi\u00e9n a los parajes de Cona Niyeu y Arroyo Los Berros.<\/p>\n<p>Finalmente, el nuevo destacamento policial ofrecer\u00e1 la infraestructura acorde para los agentes.<\/p>\n<p>Estuvieron presentes en el acto, el interventor del Instituto de Promoci\u00f3n y Planificaci\u00f3n de la Vivienda, Jorge Barrag\u00e1n; la legisladora Roxana Fern\u00e1ndez; la secretaria de Relaciones Institucionales, Mercedes Ibero; el jefe de Polic\u00eda, comisario General, Daniel Jara; y la subjefe de Polic\u00eda, comisario General Rosalba Castillo.<\/p>\n<p>&nbsp;<\/p>\n<\/div>\n<p>M\u00e1s informaci\u00f3n:\u00a0<a id=\"LPlnk378216\" href=\"http:\/\/www.rionegro.gov.ar\/?contID=50801\" target=\"_blank\" rel=\"noopener noreferrer\" data-auth=\"NotApplicable\">http:\/\/www.rionegro.gov.ar\/?contID=50801<\/a><\/p>\n","protected":false},"excerpt":{"rendered":"<p>Arroyo Ventana.-Arroyo Ventana sigue sumando prestaciones e infraestructura. El paraje, que hace cinco a\u00f1os super\u00f3 ser arrasado por la naturaleza, [&hellip;]<\/p>\n","protected":false},"author":2,"featured_media":59722,"comment_status":"open","ping_status":"open","sticky":false,"template":"","format":"standard","meta":{"site-sidebar-layout":"default","site-content-layout":"","ast-site-content-layout":"default","site-content-style":"default","site-sidebar-style":"default","ast-global-header-display":"","ast-banner-title-visibility":"","ast-main-header-display":"","ast-hfb-above-header-display":"","ast-hfb-below-header-display":"","ast-hfb-mobile-header-display":"","site-post-title":"","ast-breadcrumbs-content":"","ast-featured-img":"","footer-sml-layout":"","ast-disable-related-posts":"","theme-transparent-header-meta":"","adv-header-id-meta":"","stick-header-meta":"","header-above-stick-meta":"","header-main-stick-meta":"","header-below-stick-meta":"","astra-migrate-meta-layouts":"default","ast-page-background-enabled":"default","ast-page-background-meta":{"desktop":{"background-color":"var(--ast-global-color-5)","background-image":"","background-repeat":"repeat","background-position":"center center","background-size":"auto","background-attachment":"scroll","background-type":"","background-media":"","overlay-type":"","overlay-color":"","overlay-opacity":"","overlay-gradient":""},"tablet":{"background-color":"","background-image":"","background-repeat":"repeat","background-position":"center center","background-size":"auto","background-attachment":"scroll","background-type":"","background-media":"","overlay-type":"","overlay-color":"","overlay-opacity":"","overlay-gradient":""},"mobile":{"background-color":"","background-image":"","background-repeat":"repeat","background-position":"center center","background-size":"auto","background-attachment":"scroll","background-type":"","background-media":"","overlay-type":"","overlay-color":"","overlay-opacity":"","overlay-gradient":""}},"ast-content-background-meta":{"desktop":{"background-color":"var(--ast-global-color-4)","background-image":"","background-repeat":"repeat","background-position":"center center","background-size":"auto","background-attachment":"scroll","background-type":"","background-media":"","overlay-type":"","overlay-color":"","overlay-opacity":"","overlay-gradient":""},"tablet":{"background-color":"var(--ast-global-color-4)","background-image":"","background-repeat":"repeat","background-position":"center center","background-size":"auto","background-attachment":"scroll","background-type":"","background-media":"","overlay-type":"","overlay-color":"","overlay-opacity":"","overlay-gradient":""},"mobile":{"background-color":"var(--ast-global-color-4)","background-image":"","background-repeat":"repeat","background-position":"center center","background-size":"auto","background-attachment":"scroll","background-type":"","background-media":"","overlay-type":"","overlay-color":"","overlay-opacity":"","overlay-gradient":""}},"footnotes":""},"categories":[1,13,14],"tags":[],"class_list":["post-59721","post","type-post","status-publish","format-standard","has-post-thumbnail","hentry","category-noticias","category-provinciales","category-rio-negro"],"yoast_head":"<!-- This site is optimized with the Yoast SEO Premium plugin v23.0 (Yoast SEO v27.4) - https:\/\/yoast.com\/product\/yoast-seo-premium-wordpress\/ -->\n<title>Crecer con igualdad de oportunidades, la historia de Arroyo Ventana<\/title>\n<meta name=\"robots\" content=\"index, follow, max-snippet:-1, max-image-preview:large, max-video-preview:-1\" \/>\n<link rel=\"canonical\" href=\"https:\/\/patagoniambiental.com.ar\/info\/crecer-con-igualdad-de-oportunidades-la-historia-de-arroyo-ventana\/\" \/>\n<meta property=\"og:locale\" content=\"es_ES\" \/>\n<meta property=\"og:type\" content=\"article\" \/>\n<meta property=\"og:title\" content=\"Crecer con igualdad de oportunidades, la historia de Arroyo Ventana\" \/>\n<meta property=\"og:description\" content=\"Arroyo Ventana.-Arroyo Ventana sigue sumando prestaciones e infraestructura. El paraje, que hace cinco a\u00f1os super\u00f3 ser arrasado por la naturaleza, [&hellip;]\" \/>\n<meta property=\"og:url\" content=\"https:\/\/patagoniambiental.com.ar\/info\/crecer-con-igualdad-de-oportunidades-la-historia-de-arroyo-ventana\/\" \/>\n<meta property=\"og:site_name\" content=\"Patagonia Ambiental\" \/>\n<meta property=\"article:publisher\" content=\"https:\/\/www.facebook.com\/patagonia.ambiental\" \/>\n<meta property=\"article:author\" content=\"https:\/\/www.facebook.com\/share\/1C1V8Gv9BX\/?mibextid=qi2Omg\" \/>\n<meta property=\"article:published_time\" content=\"2019-03-25T22:00:10+00:00\" \/>\n<meta property=\"og:image\" content=\"https:\/\/patagoniambiental.com.ar\/info\/wp-content\/uploads\/2019\/03\/00041321.jpg\" \/>\n\t<meta property=\"og:image:width\" content=\"924\" \/>\n\t<meta property=\"og:image:height\" content=\"616\" \/>\n\t<meta property=\"og:image:type\" content=\"image\/jpeg\" \/>\n<meta name=\"author\" content=\"Patagonia Ambiental\" \/>\n<meta name=\"twitter:card\" content=\"summary_large_image\" \/>\n<meta name=\"twitter:creator\" content=\"@PatAmb\" \/>\n<meta name=\"twitter:site\" content=\"@PatAmb\" \/>\n<script type=\"application\/ld+json\" class=\"yoast-schema-graph\">{\"@context\":\"https:\\\/\\\/schema.org\",\"@graph\":[{\"@type\":\"Article\",\"@id\":\"https:\\\/\\\/patagoniambiental.com.ar\\\/info\\\/crecer-con-igualdad-de-oportunidades-la-historia-de-arroyo-ventana\\\/#article\",\"isPartOf\":{\"@id\":\"https:\\\/\\\/patagoniambiental.com.ar\\\/info\\\/crecer-con-igualdad-de-oportunidades-la-historia-de-arroyo-ventana\\\/\"},\"author\":{\"name\":\"Patagonia Ambiental\",\"@id\":\"https:\\\/\\\/patagoniambiental.com.ar\\\/info\\\/#\\\/schema\\\/person\\\/db12bff64bbcbf6a253710bf0ea37b5d\"},\"headline\":\"Crecer con igualdad de oportunidades, la historia de Arroyo Ventana\",\"datePublished\":\"2019-03-25T22:00:10+00:00\",\"mainEntityOfPage\":{\"@id\":\"https:\\\/\\\/patagoniambiental.com.ar\\\/info\\\/crecer-con-igualdad-de-oportunidades-la-historia-de-arroyo-ventana\\\/\"},\"wordCount\":595,\"commentCount\":0,\"publisher\":{\"@id\":\"https:\\\/\\\/patagoniambiental.com.ar\\\/info\\\/#organization\"},\"image\":{\"@id\":\"https:\\\/\\\/patagoniambiental.com.ar\\\/info\\\/crecer-con-igualdad-de-oportunidades-la-historia-de-arroyo-ventana\\\/#primaryimage\"},\"thumbnailUrl\":\"https:\\\/\\\/patagoniambiental.com.ar\\\/info\\\/wp-content\\\/uploads\\\/2019\\\/03\\\/00041321.jpg\",\"articleSection\":[\"Noticias\",\"Provinciales\",\"R\u00edo Negro\"],\"inLanguage\":\"es\",\"potentialAction\":[{\"@type\":\"CommentAction\",\"name\":\"Comment\",\"target\":[\"https:\\\/\\\/patagoniambiental.com.ar\\\/info\\\/crecer-con-igualdad-de-oportunidades-la-historia-de-arroyo-ventana\\\/#respond\"]}]},{\"@type\":\"WebPage\",\"@id\":\"https:\\\/\\\/patagoniambiental.com.ar\\\/info\\\/crecer-con-igualdad-de-oportunidades-la-historia-de-arroyo-ventana\\\/\",\"url\":\"https:\\\/\\\/patagoniambiental.com.ar\\\/info\\\/crecer-con-igualdad-de-oportunidades-la-historia-de-arroyo-ventana\\\/\",\"name\":\"Crecer con igualdad de oportunidades, la historia de Arroyo Ventana\",\"isPartOf\":{\"@id\":\"https:\\\/\\\/patagoniambiental.com.ar\\\/info\\\/#website\"},\"primaryImageOfPage\":{\"@id\":\"https:\\\/\\\/patagoniambiental.com.ar\\\/info\\\/crecer-con-igualdad-de-oportunidades-la-historia-de-arroyo-ventana\\\/#primaryimage\"},\"image\":{\"@id\":\"https:\\\/\\\/patagoniambiental.com.ar\\\/info\\\/crecer-con-igualdad-de-oportunidades-la-historia-de-arroyo-ventana\\\/#primaryimage\"},\"thumbnailUrl\":\"https:\\\/\\\/patagoniambiental.com.ar\\\/info\\\/wp-content\\\/uploads\\\/2019\\\/03\\\/00041321.jpg\",\"datePublished\":\"2019-03-25T22:00:10+00:00\",\"breadcrumb\":{\"@id\":\"https:\\\/\\\/patagoniambiental.com.ar\\\/info\\\/crecer-con-igualdad-de-oportunidades-la-historia-de-arroyo-ventana\\\/#breadcrumb\"},\"inLanguage\":\"es\",\"potentialAction\":[{\"@type\":\"ReadAction\",\"target\":[\"https:\\\/\\\/patagoniambiental.com.ar\\\/info\\\/crecer-con-igualdad-de-oportunidades-la-historia-de-arroyo-ventana\\\/\"]}]},{\"@type\":\"ImageObject\",\"inLanguage\":\"es\",\"@id\":\"https:\\\/\\\/patagoniambiental.com.ar\\\/info\\\/crecer-con-igualdad-de-oportunidades-la-historia-de-arroyo-ventana\\\/#primaryimage\",\"url\":\"https:\\\/\\\/patagoniambiental.com.ar\\\/info\\\/wp-content\\\/uploads\\\/2019\\\/03\\\/00041321.jpg\",\"contentUrl\":\"https:\\\/\\\/patagoniambiental.com.ar\\\/info\\\/wp-content\\\/uploads\\\/2019\\\/03\\\/00041321.jpg\",\"width\":900,\"height\":600},{\"@type\":\"BreadcrumbList\",\"@id\":\"https:\\\/\\\/patagoniambiental.com.ar\\\/info\\\/crecer-con-igualdad-de-oportunidades-la-historia-de-arroyo-ventana\\\/#breadcrumb\",\"itemListElement\":[{\"@type\":\"ListItem\",\"position\":1,\"name\":\"Inicio\",\"item\":\"https:\\\/\\\/patagoniambiental.com.ar\\\/info\\\/\"},{\"@type\":\"ListItem\",\"position\":2,\"name\":\"Crecer con igualdad de oportunidades, la historia de Arroyo Ventana\"}]},{\"@type\":\"WebSite\",\"@id\":\"https:\\\/\\\/patagoniambiental.com.ar\\\/info\\\/#website\",\"url\":\"https:\\\/\\\/patagoniambiental.com.ar\\\/info\\\/\",\"name\":\"Patagonia Ambiental\",\"description\":\"Monitoreo y an\u00e1lisis de la situaci\u00f3n geopol\u00edtica en el mundo y su implicancia en la Patagonia\",\"publisher\":{\"@id\":\"https:\\\/\\\/patagoniambiental.com.ar\\\/info\\\/#organization\"},\"potentialAction\":[{\"@type\":\"SearchAction\",\"target\":{\"@type\":\"EntryPoint\",\"urlTemplate\":\"https:\\\/\\\/patagoniambiental.com.ar\\\/info\\\/?s={search_term_string}\"},\"query-input\":{\"@type\":\"PropertyValueSpecification\",\"valueRequired\":true,\"valueName\":\"search_term_string\"}}],\"inLanguage\":\"es\"},{\"@type\":\"Organization\",\"@id\":\"https:\\\/\\\/patagoniambiental.com.ar\\\/info\\\/#organization\",\"name\":\"Patagonia Ambiental\",\"url\":\"https:\\\/\\\/patagoniambiental.com.ar\\\/info\\\/\",\"logo\":{\"@type\":\"ImageObject\",\"inLanguage\":\"es\",\"@id\":\"https:\\\/\\\/patagoniambiental.com.ar\\\/info\\\/#\\\/schema\\\/logo\\\/image\\\/\",\"url\":\"https:\\\/\\\/patagoniambiental.com.ar\\\/info\\\/wp-content\\\/uploads\\\/2025\\\/05\\\/LOGO-PATAGONIA-AMBIENTAL.png\",\"contentUrl\":\"https:\\\/\\\/patagoniambiental.com.ar\\\/info\\\/wp-content\\\/uploads\\\/2025\\\/05\\\/LOGO-PATAGONIA-AMBIENTAL.png\",\"width\":433,\"height\":250,\"caption\":\"Patagonia Ambiental\"},\"image\":{\"@id\":\"https:\\\/\\\/patagoniambiental.com.ar\\\/info\\\/#\\\/schema\\\/logo\\\/image\\\/\"},\"sameAs\":[\"https:\\\/\\\/www.facebook.com\\\/patagonia.ambiental\",\"https:\\\/\\\/x.com\\\/PatAmb\"]},{\"@type\":\"Person\",\"@id\":\"https:\\\/\\\/patagoniambiental.com.ar\\\/info\\\/#\\\/schema\\\/person\\\/db12bff64bbcbf6a253710bf0ea37b5d\",\"name\":\"Patagonia Ambiental\",\"description\":\"Andr\u00e9s Nievas T\u00e9cnico en manejo ambiental, consultor Ambiental y escritor para medios locales e internacionales sobre temas de geopolitica y medio ambiente.\",\"sameAs\":[\"http:\\\/\\\/www.patagoniambiental.com.ar\",\"https:\\\/\\\/www.facebook.com\\\/share\\\/1C1V8Gv9BX\\\/?mibextid=qi2Omg\",\"@patagoniambiental\",\"https:\\\/\\\/youtube.com\\\/@patagoniaambiental2023?si=BLt58t0wuXquxlYZ\"]}]}<\/script>\n<!-- \/ Yoast SEO Premium plugin. -->","yoast_head_json":{"title":"Crecer con igualdad de oportunidades, la historia de Arroyo Ventana","robots":{"index":"index","follow":"follow","max-snippet":"max-snippet:-1","max-image-preview":"max-image-preview:large","max-video-preview":"max-video-preview:-1"},"canonical":"https:\/\/patagoniambiental.com.ar\/info\/crecer-con-igualdad-de-oportunidades-la-historia-de-arroyo-ventana\/","og_locale":"es_ES","og_type":"article","og_title":"Crecer con igualdad de oportunidades, la historia de Arroyo Ventana","og_description":"Arroyo Ventana.-Arroyo Ventana sigue sumando prestaciones e infraestructura. El paraje, que hace cinco a\u00f1os super\u00f3 ser arrasado por la naturaleza, [&hellip;]","og_url":"https:\/\/patagoniambiental.com.ar\/info\/crecer-con-igualdad-de-oportunidades-la-historia-de-arroyo-ventana\/","og_site_name":"Patagonia Ambiental","article_publisher":"https:\/\/www.facebook.com\/patagonia.ambiental","article_author":"https:\/\/www.facebook.com\/share\/1C1V8Gv9BX\/?mibextid=qi2Omg","article_published_time":"2019-03-25T22:00:10+00:00","og_image":[{"width":924,"height":616,"url":"https:\/\/patagoniambiental.com.ar\/info\/wp-content\/uploads\/2019\/03\/00041321.jpg","type":"image\/jpeg"}],"author":"Patagonia Ambiental","twitter_card":"summary_large_image","twitter_creator":"@PatAmb","twitter_site":"@PatAmb","schema":{"@context":"https:\/\/schema.org","@graph":[{"@type":"Article","@id":"https:\/\/patagoniambiental.com.ar\/info\/crecer-con-igualdad-de-oportunidades-la-historia-de-arroyo-ventana\/#article","isPartOf":{"@id":"https:\/\/patagoniambiental.com.ar\/info\/crecer-con-igualdad-de-oportunidades-la-historia-de-arroyo-ventana\/"},"author":{"name":"Patagonia Ambiental","@id":"https:\/\/patagoniambiental.com.ar\/info\/#\/schema\/person\/db12bff64bbcbf6a253710bf0ea37b5d"},"headline":"Crecer con igualdad de oportunidades, la historia de Arroyo Ventana","datePublished":"2019-03-25T22:00:10+00:00","mainEntityOfPage":{"@id":"https:\/\/patagoniambiental.com.ar\/info\/crecer-con-igualdad-de-oportunidades-la-historia-de-arroyo-ventana\/"},"wordCount":595,"commentCount":0,"publisher":{"@id":"https:\/\/patagoniambiental.com.ar\/info\/#organization"},"image":{"@id":"https:\/\/patagoniambiental.com.ar\/info\/crecer-con-igualdad-de-oportunidades-la-historia-de-arroyo-ventana\/#primaryimage"},"thumbnailUrl":"https:\/\/patagoniambiental.com.ar\/info\/wp-content\/uploads\/2019\/03\/00041321.jpg","articleSection":["Noticias","Provinciales","R\u00edo Negro"],"inLanguage":"es","potentialAction":[{"@type":"CommentAction","name":"Comment","target":["https:\/\/patagoniambiental.com.ar\/info\/crecer-con-igualdad-de-oportunidades-la-historia-de-arroyo-ventana\/#respond"]}]},{"@type":"WebPage","@id":"https:\/\/patagoniambiental.com.ar\/info\/crecer-con-igualdad-de-oportunidades-la-historia-de-arroyo-ventana\/","url":"https:\/\/patagoniambiental.com.ar\/info\/crecer-con-igualdad-de-oportunidades-la-historia-de-arroyo-ventana\/","name":"Crecer con igualdad de oportunidades, la historia de Arroyo Ventana","isPartOf":{"@id":"https:\/\/patagoniambiental.com.ar\/info\/#website"},"primaryImageOfPage":{"@id":"https:\/\/patagoniambiental.com.ar\/info\/crecer-con-igualdad-de-oportunidades-la-historia-de-arroyo-ventana\/#primaryimage"},"image":{"@id":"https:\/\/patagoniambiental.com.ar\/info\/crecer-con-igualdad-de-oportunidades-la-historia-de-arroyo-ventana\/#primaryimage"},"thumbnailUrl":"https:\/\/patagoniambiental.com.ar\/info\/wp-content\/uploads\/2019\/03\/00041321.jpg","datePublished":"2019-03-25T22:00:10+00:00","breadcrumb":{"@id":"https:\/\/patagoniambiental.com.ar\/info\/crecer-con-igualdad-de-oportunidades-la-historia-de-arroyo-ventana\/#breadcrumb"},"inLanguage":"es","potentialAction":[{"@type":"ReadAction","target":["https:\/\/patagoniambiental.com.ar\/info\/crecer-con-igualdad-de-oportunidades-la-historia-de-arroyo-ventana\/"]}]},{"@type":"ImageObject","inLanguage":"es","@id":"https:\/\/patagoniambiental.com.ar\/info\/crecer-con-igualdad-de-oportunidades-la-historia-de-arroyo-ventana\/#primaryimage","url":"https:\/\/patagoniambiental.com.ar\/info\/wp-content\/uploads\/2019\/03\/00041321.jpg","contentUrl":"https:\/\/patagoniambiental.com.ar\/info\/wp-content\/uploads\/2019\/03\/00041321.jpg","width":900,"height":600},{"@type":"BreadcrumbList","@id":"https:\/\/patagoniambiental.com.ar\/info\/crecer-con-igualdad-de-oportunidades-la-historia-de-arroyo-ventana\/#breadcrumb","itemListElement":[{"@type":"ListItem","position":1,"name":"Inicio","item":"https:\/\/patagoniambiental.com.ar\/info\/"},{"@type":"ListItem","position":2,"name":"Crecer con igualdad de oportunidades, la historia de Arroyo Ventana"}]},{"@type":"WebSite","@id":"https:\/\/patagoniambiental.com.ar\/info\/#website","url":"https:\/\/patagoniambiental.com.ar\/info\/","name":"Patagonia Ambiental","description":"Monitoreo y an\u00e1lisis de la situaci\u00f3n geopol\u00edtica en el mundo y su implicancia en la Patagonia","publisher":{"@id":"https:\/\/patagoniambiental.com.ar\/info\/#organization"},"potentialAction":[{"@type":"SearchAction","target":{"@type":"EntryPoint","urlTemplate":"https:\/\/patagoniambiental.com.ar\/info\/?s={search_term_string}"},"query-input":{"@type":"PropertyValueSpecification","valueRequired":true,"valueName":"search_term_string"}}],"inLanguage":"es"},{"@type":"Organization","@id":"https:\/\/patagoniambiental.com.ar\/info\/#organization","name":"Patagonia Ambiental","url":"https:\/\/patagoniambiental.com.ar\/info\/","logo":{"@type":"ImageObject","inLanguage":"es","@id":"https:\/\/patagoniambiental.com.ar\/info\/#\/schema\/logo\/image\/","url":"https:\/\/patagoniambiental.com.ar\/info\/wp-content\/uploads\/2025\/05\/LOGO-PATAGONIA-AMBIENTAL.png","contentUrl":"https:\/\/patagoniambiental.com.ar\/info\/wp-content\/uploads\/2025\/05\/LOGO-PATAGONIA-AMBIENTAL.png","width":433,"height":250,"caption":"Patagonia Ambiental"},"image":{"@id":"https:\/\/patagoniambiental.com.ar\/info\/#\/schema\/logo\/image\/"},"sameAs":["https:\/\/www.facebook.com\/patagonia.ambiental","https:\/\/x.com\/PatAmb"]},{"@type":"Person","@id":"https:\/\/patagoniambiental.com.ar\/info\/#\/schema\/person\/db12bff64bbcbf6a253710bf0ea37b5d","name":"Patagonia Ambiental","description":"Andr\u00e9s Nievas T\u00e9cnico en manejo ambiental, consultor Ambiental y escritor para medios locales e internacionales sobre temas de geopolitica y medio ambiente.","sameAs":["http:\/\/www.patagoniambiental.com.ar","https:\/\/www.facebook.com\/share\/1C1V8Gv9BX\/?mibextid=qi2Omg","@patagoniambiental","https:\/\/youtube.com\/@patagoniaambiental2023?si=BLt58t0wuXquxlYZ"]}]}},"_links":{"self":[{"href":"https:\/\/patagoniambiental.com.ar\/info\/wp-json\/wp\/v2\/posts\/59721","targetHints":{"allow":["GET"]}}],"collection":[{"href":"https:\/\/patagoniambiental.com.ar\/info\/wp-json\/wp\/v2\/posts"}],"about":[{"href":"https:\/\/patagoniambiental.com.ar\/info\/wp-json\/wp\/v2\/types\/post"}],"author":[{"embeddable":true,"href":"https:\/\/patagoniambiental.com.ar\/info\/wp-json\/wp\/v2\/users\/2"}],"replies":[{"embeddable":true,"href":"https:\/\/patagoniambiental.com.ar\/info\/wp-json\/wp\/v2\/comments?post=59721"}],"version-history":[{"count":0,"href":"https:\/\/patagoniambiental.com.ar\/info\/wp-json\/wp\/v2\/posts\/59721\/revisions"}],"wp:featuredmedia":[{"embeddable":true,"href":"https:\/\/patagoniambiental.com.ar\/info\/wp-json\/wp\/v2\/media\/59722"}],"wp:attachment":[{"href":"https:\/\/patagoniambiental.com.ar\/info\/wp-json\/wp\/v2\/media?parent=59721"}],"wp:term":[{"taxonomy":"category","embeddable":true,"href":"https:\/\/patagoniambiental.com.ar\/info\/wp-json\/wp\/v2\/categories?post=59721"},{"taxonomy":"post_tag","embeddable":true,"href":"https:\/\/patagoniambiental.com.ar\/info\/wp-json\/wp\/v2\/tags?post=59721"}],"curies":[{"name":"wp","href":"https:\/\/api.w.org\/{rel}","templated":true}]}}