{"id":59727,"date":"2019-03-26T09:00:55","date_gmt":"2019-03-26T12:00:55","guid":{"rendered":"http:\/\/patagoniambiental.com.ar\/info\/?p=59727"},"modified":"2019-03-25T15:20:02","modified_gmt":"2019-03-25T18:20:02","slug":"vaca-muerta-se-prepara-para-exportar-venderan-petroleo-al-mundo","status":"publish","type":"post","link":"https:\/\/patagoniambiental.com.ar\/info\/vaca-muerta-se-prepara-para-exportar-venderan-petroleo-al-mundo\/","title":{"rendered":"Vaca Muerta se prepara para exportar: vender\u00e1n petr\u00f3leo al mundo"},"content":{"rendered":"<article id=\"article-post\" class=\"cat-azul\">\n<header>\n<div class=\"row\">\n<div class=\"col-xs-12\">\n<p class=\"title\">Neuqu\u00e9n.-Si bien ya se exportaron excedentes de Medanito entre enero y marzo, se espera que este a\u00f1o se incrementen las ventas al exterior por el crecimiento de la producci\u00f3n. El oleoducto a Chile no est\u00e1 operativo desde 2006.<\/p>\n<p><!--more--><\/p>\n<\/div>\n<\/div>\n<\/header>\n<div class=\"head-image thumb-wrap relative\">\n<div id=\"content-gallery\">\n<div id=\"fotogaleria-Object_3466_1797\" class=\"gallery\">\n<div class=\"col2\">\n<div class=\"image itemGallery classid556346\">\n<p><a title=\"\" href=\"https:\/\/media.lmneuquen.com\/adjuntos\/195\/imagenes\/003\/537\/0003537237.jpg\"><img fetchpriority=\"high\" decoding=\"async\" title=\"Vaca Muerta se prepara para exportar: vender\u00e1n petr\u00f3leo al mundo\" src=\"https:\/\/media.lmneuquen.com\/adjuntos\/195\/imagenes\/003\/537\/0003537237.jpg\" alt=\"Vaca Muerta se prepara para exportar: vender\u00e1n petr\u00f3leo al mundo\" width=\"1170\" height=\"658\" longdesc=\"https:\/\/media.lmneuquen.com\/adjuntos\/195\/imagenes\/003\/537\/0003537237.jpg\" \/><\/a><\/p>\n<div class=\"gallery-header\"><\/div>\n<\/div>\n<\/div>\n<div class=\"clearfix\"><\/div>\n<\/div>\n<\/div>\n<\/div>\n<div class=\"cuerpo\">\n<p><strong>POR CRISTIAN NAVAZO &#8211; Especial<\/strong><\/p>\n<p>El regreso de las exportaciones de petr\u00f3leo liviano est\u00e1 a la vuelta de la esquina por el empuje del fuerte crecimiento de la producci\u00f3n de shale oil de Vaca Muerta, seg\u00fan los pron\u00f3sticos de Naci\u00f3n y Provincia. El secretario de Energ\u00eda, Gustavo Lopetegui, lo anunci\u00f3 d\u00edas atr\u00e1s en Houston, Texas, y el gobernador Omar Guti\u00e9rrez lo confirm\u00f3 el jueves, durante la apertura del per\u00edodo de sesiones de la Legislatura: todo indica que a partir del segundo semestre del a\u00f1o comenzar\u00e1 a exportarse crudo desde Neuqu\u00e9n.<\/p>\n<\/div>\n<\/article>\n<p>&nbsp;<\/p>\n<article id=\"article-post\" class=\"cat-azul\">\n<div class=\"cuerpo\">\n<p>\u201cLa infraestructura para captar, tratar y transportar el petr\u00f3leo al mercado interno y al internacional -salvo un mantenimiento que hay que hacer en el oleoducto a Chile- est\u00e1 en perfectas condiciones, y la provincia de Neuqu\u00e9n, puede volver a exportar petr\u00f3leo en el segundo semestre del a\u00f1o\u201d, indic\u00f3 el mandatario neuquino.<\/p>\n<p>Guti\u00e9rrez hizo referencia al Oleoducto Transandino SA (OTASA), un ducto entre el yacimiento Puesto Hern\u00e1ndez y la ciudad chilena de Talcahuano.<\/p>\n<p>OTASA es una sociedad creada en 1992 que es controlada por A&amp;C Pipeline Holding Company, cuyos accionistas con la empresa estatal chilena ENAP (36,25%), YPF SA (36%) y Unocal Argentina Ltda. (27,75%). El ducto dej\u00f3 de operar en 2006, cuando su \u00fanico cliente, la refiner\u00eda de ENAP, dej\u00f3 de demandar crudo neuquino. Por esa situaci\u00f3n, la sociedad inici\u00f3 los tr\u00e1mites ante la Secretar\u00eda de Energ\u00eda para realizar la desafecci\u00f3n del oleoducto. Desde 2010 se utiliza de forma excepcional para almacenar crudo de YPF, que tiene la concesi\u00f3n hasta 2027.<\/p>\n<div id=\"556393-Muy Grande-534653296_wrap\" class=\"embed_cont type_imagen\">\n<div id=\"556393-Muy Grande-534653296_content\" class=\"embed_content\"><img decoding=\"async\" id=\"556393-Muy Grande-534653296_embed\" src=\"https:\/\/media.lmneuquen.com\/adjuntos\/195\/imagenes\/003\/537\/0003537842.jpg?0000-00-00-00-00-00\" alt=\"\" longdesc=\"https:\/\/media.lmneuquen.com\/adjuntos\/195\/imagenes\/003\/537\/0003537842.jpg?0000-00-00-00-00-00\" \/><\/div>\n<\/div>\n<p>Seg\u00fan el \u00faltimo balance de la empresa, presentado en septiembre del a\u00f1o pasado, el directorio se encuentra evaluando posibilidades para reanudar la actividad de transporte de la sociedad, aunque \u201cno existen elementos de juicio que soporten la continuidad de la actividad de transporte dentro del futuro previsible\u201d.<\/p>\n<p>De todas maneras, fuentes del gobierno neuquino indicaron que se iniciaron averiguaciones para saber en qu\u00e9 estado est\u00e1 el tr\u00e1mite burocr\u00e1tico de desafecci\u00f3n del OTASA, y conocer qu\u00e9 tareas de mantenimiento e inversiones necesitar\u00eda en caso de que pudieran reiniciar las exportaciones de petr\u00f3leo a Chile en un futuro cercano.<\/p>\n<p>As\u00ed las cosas, hoy en d\u00eda el Oleoducto Trasandino no est\u00e1 disponible para que el crudo de Vaca Muerta llegue al mercado internacional. La opci\u00f3n que queda, entonces, es el sistema de Oldelval (Oleoductos del Valle), que a\u00fan cuenta con capacidad para enviar producci\u00f3n desde Neuqu\u00e9n a Puerto Rosales, provincia de Buenos Aires.<\/p>\n<p>Oldelval transporta el 70% del petr\u00f3leo que se produce en la cuenca neuquina, hacia la refiner\u00eda de YPF en Luj\u00e1n de Cuyo (Mendoza) y a Bah\u00eda Blanca. Hoy tiene un 25% de capacidad ociosa, sobre un total de 158.000 barriles diarios.<\/p>\n<p>Seg\u00fan fuentes de la industria, en los \u00faltimos meses se registraron excedentes de petr\u00f3leo liviano de la cuenca neuquina que fueron exportados por barco, por falta de mercado local, sobre todo entre el 19 de enero de este a\u00f1o y el 1\u00ba de marzo, cuando se registraron problemas de la unidad de topping de la refiner\u00eda La Plata por un corte de energ\u00eda de Edelap. Un 30% del petr\u00f3leo que procesa esa destiler\u00eda es de calidad Medanito, el cual se envi\u00f3 al exterior en las semanas que se redujo su capacidad por el incidente que deriv\u00f3 en la rotura de un horno.<\/p>\n<p>\u201cEs probable que en los pr\u00f3ximos meses se generen excedentes de petr\u00f3leo por dos cuestiones: el incremento de la producci\u00f3n de Vaca Muerta, por un lado, y la demanda por parte de las refiner\u00edas locales, por otro. Pero todo depender\u00e1 del nivel de precios internacionales y locales del barril, y tambi\u00e9n de las necesidades t\u00e9cnicas de las destiler\u00edas, que procesan un mix de crudo pesado y liviano; por lo tanto, habr\u00e1 que considerar tambi\u00e9n el comportamiento del mercado de los combustibles\u201d, indic\u00f3 una fuente de la industria a +e.<\/p>\n<div id=\"556391-Muy Grande-532738039_wrap\" class=\"embed_cont type_imagen\">\n<div id=\"556391-Muy Grande-532738039_content\" class=\"embed_content\"><img decoding=\"async\" id=\"556391-Muy Grande-532738039_embed\" src=\"https:\/\/media.lmneuquen.com\/adjuntos\/195\/imagenes\/003\/537\/0003537820.jpg?0000-00-00-00-00-00\" alt=\"\" longdesc=\"https:\/\/media.lmneuquen.com\/adjuntos\/195\/imagenes\/003\/537\/0003537820.jpg?0000-00-00-00-00-00\" \/><\/div>\n<\/div>\n<p><strong>Capacidad de transporte, en jaque<\/strong><\/p>\n<p>Hoy, gran parte del crudo que procesa la refiner\u00eda de YPF en Plaza Huincul proviene de Vaca Muerta y en un futuro cercano sus combustibles estar\u00e1n elaborados a base de un 100 por ciento de shale oil.<\/p>\n<p>M\u00e1s all\u00e1 de la coyuntura, en apenas un par de a\u00f1os la capacidad de transporte no alcanzar\u00e1 para llevar el crudo producir\u00e1 Vaca Muerta a los mercados locales e internacionales. Los consultores privados y los funcionarios provinciales coinciden en este a\u00f1o habr\u00e1 un fuerte crecimiento del shale oil, que seguir\u00e1 el sendero marcado en los \u00faltimos meses.<\/p>\n<p>En enero, la producci\u00f3n de petr\u00f3leo de la provincia de Neuqu\u00e9n registr\u00f3 un crecimiento interanual del 28%, al alcanzar 133.335 barriles diarios, la mejor cifra de la \u00faltima d\u00e9cada. Se espera que este a\u00f1o se llegue, al menos, a los 170 mil barriles.<\/p>\n<p>El crecimiento se centraliza en 11 \u00e1reas de la zona caliente de Vaca Muerta: Loma Campana, Bandurria (Sur, Norte y Centro), Sierras Blancas, Cruz de Lorena, Coir\u00f3n Amargo (Suroeste y Sureste), Fort\u00edn de Piedra, La Amarga Chica y Bajada del Palo.<\/p>\n<p>Como adelant\u00f3 +e, en 2018 estas 11 \u00e1reas produjeron 72.092 barriles diarios, mientras que la proyecci\u00f3n a 2023 es llegar a los 290.082 barriles, de acuerdo con los informes de las petroleras enviados al Ministerio de Energ\u00eda de Neuqu\u00e9n.<\/p>\n<p>Con la infraestructura actual, el cuello de botella para la evacuaci\u00f3n del crudo de esos se producir\u00eda en 2021, cuando la producci\u00f3n de la zona caliente alcance los 176 mil barriles diarios. Los oleoductos de captaci\u00f3n Loma La Lata-Centenario y el recientemente construido Loma Campana-Lago Pellegrini, no tendr\u00e1n capacidad para transportar ese volumen hasta el sistema troncal.<\/p>\n<p>Ante las proyecciones de ese crecimiento de Vaca Muerta, Oldelval tiene planeado duplicar la capacidad de transporte hacia Bah\u00eda Blanca para el 2024. La empresa ya inici\u00f3 tareas en estaciones de bombeo en el tramo entre Allen y Puerto Rosales.<\/p>\n<\/div>\n<div class=\"poll-nota\">\n<p class=\"section-title\">Fuente: La Ma\u00f1ana Neuqu\u00e9n<\/p>\n<\/div>\n<\/article>\n","protected":false},"excerpt":{"rendered":"<p>Neuqu\u00e9n.-Si bien ya se exportaron excedentes de Medanito entre enero y marzo, se espera que este a\u00f1o se incrementen las [&hellip;]<\/p>\n","protected":false},"author":2,"featured_media":59729,"comment_status":"open","ping_status":"open","sticky":false,"template":"","format":"standard","meta":{"site-sidebar-layout":"default","site-content-layout":"","ast-site-content-layout":"default","site-content-style":"default","site-sidebar-style":"default","ast-global-header-display":"","ast-banner-title-visibility":"","ast-main-header-display":"","ast-hfb-above-header-display":"","ast-hfb-below-header-display":"","ast-hfb-mobile-header-display":"","site-post-title":"","ast-breadcrumbs-content":"","ast-featured-img":"","footer-sml-layout":"","ast-disable-related-posts":"","theme-transparent-header-meta":"","adv-header-id-meta":"","stick-header-meta":"","header-above-stick-meta":"","header-main-stick-meta":"","header-below-stick-meta":"","astra-migrate-meta-layouts":"default","ast-page-background-enabled":"default","ast-page-background-meta":{"desktop":{"background-color":"var(--ast-global-color-5)","background-image":"","background-repeat":"repeat","background-position":"center center","background-size":"auto","background-attachment":"scroll","background-type":"","background-media":"","overlay-type":"","overlay-color":"","overlay-opacity":"","overlay-gradient":""},"tablet":{"background-color":"","background-image":"","background-repeat":"repeat","background-position":"center center","background-size":"auto","background-attachment":"scroll","background-type":"","background-media":"","overlay-type":"","overlay-color":"","overlay-opacity":"","overlay-gradient":""},"mobile":{"background-color":"","background-image":"","background-repeat":"repeat","background-position":"center center","background-size":"auto","background-attachment":"scroll","background-type":"","background-media":"","overlay-type":"","overlay-color":"","overlay-opacity":"","overlay-gradient":""}},"ast-content-background-meta":{"desktop":{"background-color":"var(--ast-global-color-4)","background-image":"","background-repeat":"repeat","background-position":"center center","background-size":"auto","background-attachment":"scroll","background-type":"","background-media":"","overlay-type":"","overlay-color":"","overlay-opacity":"","overlay-gradient":""},"tablet":{"background-color":"var(--ast-global-color-4)","background-image":"","background-repeat":"repeat","background-position":"center center","background-size":"auto","background-attachment":"scroll","background-type":"","background-media":"","overlay-type":"","overlay-color":"","overlay-opacity":"","overlay-gradient":""},"mobile":{"background-color":"var(--ast-global-color-4)","background-image":"","background-repeat":"repeat","background-position":"center center","background-size":"auto","background-attachment":"scroll","background-type":"","background-media":"","overlay-type":"","overlay-color":"","overlay-opacity":"","overlay-gradient":""}},"footnotes":""},"categories":[18,1,13],"tags":[],"class_list":["post-59727","post","type-post","status-publish","format-standard","has-post-thumbnail","hentry","category-neuquen","category-noticias","category-provinciales"],"yoast_head":"<!-- This site is optimized with the Yoast SEO Premium plugin v23.0 (Yoast SEO v27.4) - https:\/\/yoast.com\/product\/yoast-seo-premium-wordpress\/ -->\n<title>Vaca Muerta se prepara para exportar: vender\u00e1n petr\u00f3leo al mundo<\/title>\n<meta name=\"robots\" content=\"index, follow, max-snippet:-1, max-image-preview:large, max-video-preview:-1\" \/>\n<link rel=\"canonical\" href=\"https:\/\/patagoniambiental.com.ar\/info\/vaca-muerta-se-prepara-para-exportar-venderan-petroleo-al-mundo\/\" \/>\n<meta property=\"og:locale\" content=\"es_ES\" \/>\n<meta property=\"og:type\" content=\"article\" \/>\n<meta property=\"og:title\" content=\"Vaca Muerta se prepara para exportar: vender\u00e1n petr\u00f3leo al mundo\" \/>\n<meta property=\"og:description\" content=\"Neuqu\u00e9n.-Si bien ya se exportaron excedentes de Medanito entre enero y marzo, se espera que este a\u00f1o se incrementen las [&hellip;]\" \/>\n<meta property=\"og:url\" content=\"https:\/\/patagoniambiental.com.ar\/info\/vaca-muerta-se-prepara-para-exportar-venderan-petroleo-al-mundo\/\" \/>\n<meta property=\"og:site_name\" content=\"Patagonia Ambiental\" \/>\n<meta property=\"article:publisher\" content=\"https:\/\/www.facebook.com\/patagonia.ambiental\" \/>\n<meta property=\"article:author\" content=\"https:\/\/www.facebook.com\/share\/1C1V8Gv9BX\/?mibextid=qi2Omg\" \/>\n<meta property=\"article:published_time\" content=\"2019-03-26T12:00:55+00:00\" \/>\n<meta property=\"og:image\" content=\"https:\/\/patagoniambiental.com.ar\/info\/wp-content\/uploads\/2019\/03\/0003537237.jpg\" \/>\n\t<meta property=\"og:image:width\" content=\"1170\" \/>\n\t<meta property=\"og:image:height\" content=\"658\" \/>\n\t<meta property=\"og:image:type\" content=\"image\/jpeg\" \/>\n<meta name=\"author\" content=\"Patagonia Ambiental\" \/>\n<meta name=\"twitter:card\" content=\"summary_large_image\" \/>\n<meta name=\"twitter:creator\" content=\"@PatAmb\" \/>\n<meta name=\"twitter:site\" content=\"@PatAmb\" \/>\n<script type=\"application\/ld+json\" class=\"yoast-schema-graph\">{\"@context\":\"https:\\\/\\\/schema.org\",\"@graph\":[{\"@type\":\"Article\",\"@id\":\"https:\\\/\\\/patagoniambiental.com.ar\\\/info\\\/vaca-muerta-se-prepara-para-exportar-venderan-petroleo-al-mundo\\\/#article\",\"isPartOf\":{\"@id\":\"https:\\\/\\\/patagoniambiental.com.ar\\\/info\\\/vaca-muerta-se-prepara-para-exportar-venderan-petroleo-al-mundo\\\/\"},\"author\":{\"name\":\"Patagonia Ambiental\",\"@id\":\"https:\\\/\\\/patagoniambiental.com.ar\\\/info\\\/#\\\/schema\\\/person\\\/db12bff64bbcbf6a253710bf0ea37b5d\"},\"headline\":\"Vaca Muerta se prepara para exportar: vender\u00e1n petr\u00f3leo al mundo\",\"datePublished\":\"2019-03-26T12:00:55+00:00\",\"mainEntityOfPage\":{\"@id\":\"https:\\\/\\\/patagoniambiental.com.ar\\\/info\\\/vaca-muerta-se-prepara-para-exportar-venderan-petroleo-al-mundo\\\/\"},\"wordCount\":1065,\"commentCount\":0,\"publisher\":{\"@id\":\"https:\\\/\\\/patagoniambiental.com.ar\\\/info\\\/#organization\"},\"image\":{\"@id\":\"https:\\\/\\\/patagoniambiental.com.ar\\\/info\\\/vaca-muerta-se-prepara-para-exportar-venderan-petroleo-al-mundo\\\/#primaryimage\"},\"thumbnailUrl\":\"https:\\\/\\\/patagoniambiental.com.ar\\\/info\\\/wp-content\\\/uploads\\\/2019\\\/03\\\/0003537237.jpg\",\"articleSection\":[\"Neuqu\u00e9n\",\"Noticias\",\"Provinciales\"],\"inLanguage\":\"es\",\"potentialAction\":[{\"@type\":\"CommentAction\",\"name\":\"Comment\",\"target\":[\"https:\\\/\\\/patagoniambiental.com.ar\\\/info\\\/vaca-muerta-se-prepara-para-exportar-venderan-petroleo-al-mundo\\\/#respond\"]}]},{\"@type\":\"WebPage\",\"@id\":\"https:\\\/\\\/patagoniambiental.com.ar\\\/info\\\/vaca-muerta-se-prepara-para-exportar-venderan-petroleo-al-mundo\\\/\",\"url\":\"https:\\\/\\\/patagoniambiental.com.ar\\\/info\\\/vaca-muerta-se-prepara-para-exportar-venderan-petroleo-al-mundo\\\/\",\"name\":\"Vaca Muerta se prepara para exportar: vender\u00e1n petr\u00f3leo al mundo\",\"isPartOf\":{\"@id\":\"https:\\\/\\\/patagoniambiental.com.ar\\\/info\\\/#website\"},\"primaryImageOfPage\":{\"@id\":\"https:\\\/\\\/patagoniambiental.com.ar\\\/info\\\/vaca-muerta-se-prepara-para-exportar-venderan-petroleo-al-mundo\\\/#primaryimage\"},\"image\":{\"@id\":\"https:\\\/\\\/patagoniambiental.com.ar\\\/info\\\/vaca-muerta-se-prepara-para-exportar-venderan-petroleo-al-mundo\\\/#primaryimage\"},\"thumbnailUrl\":\"https:\\\/\\\/patagoniambiental.com.ar\\\/info\\\/wp-content\\\/uploads\\\/2019\\\/03\\\/0003537237.jpg\",\"datePublished\":\"2019-03-26T12:00:55+00:00\",\"breadcrumb\":{\"@id\":\"https:\\\/\\\/patagoniambiental.com.ar\\\/info\\\/vaca-muerta-se-prepara-para-exportar-venderan-petroleo-al-mundo\\\/#breadcrumb\"},\"inLanguage\":\"es\",\"potentialAction\":[{\"@type\":\"ReadAction\",\"target\":[\"https:\\\/\\\/patagoniambiental.com.ar\\\/info\\\/vaca-muerta-se-prepara-para-exportar-venderan-petroleo-al-mundo\\\/\"]}]},{\"@type\":\"ImageObject\",\"inLanguage\":\"es\",\"@id\":\"https:\\\/\\\/patagoniambiental.com.ar\\\/info\\\/vaca-muerta-se-prepara-para-exportar-venderan-petroleo-al-mundo\\\/#primaryimage\",\"url\":\"https:\\\/\\\/patagoniambiental.com.ar\\\/info\\\/wp-content\\\/uploads\\\/2019\\\/03\\\/0003537237.jpg\",\"contentUrl\":\"https:\\\/\\\/patagoniambiental.com.ar\\\/info\\\/wp-content\\\/uploads\\\/2019\\\/03\\\/0003537237.jpg\",\"width\":1067,\"height\":600},{\"@type\":\"BreadcrumbList\",\"@id\":\"https:\\\/\\\/patagoniambiental.com.ar\\\/info\\\/vaca-muerta-se-prepara-para-exportar-venderan-petroleo-al-mundo\\\/#breadcrumb\",\"itemListElement\":[{\"@type\":\"ListItem\",\"position\":1,\"name\":\"Inicio\",\"item\":\"https:\\\/\\\/patagoniambiental.com.ar\\\/info\\\/\"},{\"@type\":\"ListItem\",\"position\":2,\"name\":\"Vaca Muerta se prepara para exportar: vender\u00e1n petr\u00f3leo al mundo\"}]},{\"@type\":\"WebSite\",\"@id\":\"https:\\\/\\\/patagoniambiental.com.ar\\\/info\\\/#website\",\"url\":\"https:\\\/\\\/patagoniambiental.com.ar\\\/info\\\/\",\"name\":\"Patagonia Ambiental\",\"description\":\"Monitoreo y an\u00e1lisis de la situaci\u00f3n geopol\u00edtica en el mundo y su implicancia en la Patagonia\",\"publisher\":{\"@id\":\"https:\\\/\\\/patagoniambiental.com.ar\\\/info\\\/#organization\"},\"potentialAction\":[{\"@type\":\"SearchAction\",\"target\":{\"@type\":\"EntryPoint\",\"urlTemplate\":\"https:\\\/\\\/patagoniambiental.com.ar\\\/info\\\/?s={search_term_string}\"},\"query-input\":{\"@type\":\"PropertyValueSpecification\",\"valueRequired\":true,\"valueName\":\"search_term_string\"}}],\"inLanguage\":\"es\"},{\"@type\":\"Organization\",\"@id\":\"https:\\\/\\\/patagoniambiental.com.ar\\\/info\\\/#organization\",\"name\":\"Patagonia Ambiental\",\"url\":\"https:\\\/\\\/patagoniambiental.com.ar\\\/info\\\/\",\"logo\":{\"@type\":\"ImageObject\",\"inLanguage\":\"es\",\"@id\":\"https:\\\/\\\/patagoniambiental.com.ar\\\/info\\\/#\\\/schema\\\/logo\\\/image\\\/\",\"url\":\"https:\\\/\\\/patagoniambiental.com.ar\\\/info\\\/wp-content\\\/uploads\\\/2025\\\/05\\\/LOGO-PATAGONIA-AMBIENTAL.png\",\"contentUrl\":\"https:\\\/\\\/patagoniambiental.com.ar\\\/info\\\/wp-content\\\/uploads\\\/2025\\\/05\\\/LOGO-PATAGONIA-AMBIENTAL.png\",\"width\":433,\"height\":250,\"caption\":\"Patagonia Ambiental\"},\"image\":{\"@id\":\"https:\\\/\\\/patagoniambiental.com.ar\\\/info\\\/#\\\/schema\\\/logo\\\/image\\\/\"},\"sameAs\":[\"https:\\\/\\\/www.facebook.com\\\/patagonia.ambiental\",\"https:\\\/\\\/x.com\\\/PatAmb\"]},{\"@type\":\"Person\",\"@id\":\"https:\\\/\\\/patagoniambiental.com.ar\\\/info\\\/#\\\/schema\\\/person\\\/db12bff64bbcbf6a253710bf0ea37b5d\",\"name\":\"Patagonia Ambiental\",\"description\":\"Andr\u00e9s Nievas T\u00e9cnico en manejo ambiental, consultor Ambiental y escritor para medios locales e internacionales sobre temas de geopolitica y medio ambiente.\",\"sameAs\":[\"http:\\\/\\\/www.patagoniambiental.com.ar\",\"https:\\\/\\\/www.facebook.com\\\/share\\\/1C1V8Gv9BX\\\/?mibextid=qi2Omg\",\"@patagoniambiental\",\"https:\\\/\\\/youtube.com\\\/@patagoniaambiental2023?si=BLt58t0wuXquxlYZ\"]}]}<\/script>\n<!-- \/ Yoast SEO Premium plugin. -->","yoast_head_json":{"title":"Vaca Muerta se prepara para exportar: vender\u00e1n petr\u00f3leo al mundo","robots":{"index":"index","follow":"follow","max-snippet":"max-snippet:-1","max-image-preview":"max-image-preview:large","max-video-preview":"max-video-preview:-1"},"canonical":"https:\/\/patagoniambiental.com.ar\/info\/vaca-muerta-se-prepara-para-exportar-venderan-petroleo-al-mundo\/","og_locale":"es_ES","og_type":"article","og_title":"Vaca Muerta se prepara para exportar: vender\u00e1n petr\u00f3leo al mundo","og_description":"Neuqu\u00e9n.-Si bien ya se exportaron excedentes de Medanito entre enero y marzo, se espera que este a\u00f1o se incrementen las [&hellip;]","og_url":"https:\/\/patagoniambiental.com.ar\/info\/vaca-muerta-se-prepara-para-exportar-venderan-petroleo-al-mundo\/","og_site_name":"Patagonia Ambiental","article_publisher":"https:\/\/www.facebook.com\/patagonia.ambiental","article_author":"https:\/\/www.facebook.com\/share\/1C1V8Gv9BX\/?mibextid=qi2Omg","article_published_time":"2019-03-26T12:00:55+00:00","og_image":[{"width":1170,"height":658,"url":"https:\/\/patagoniambiental.com.ar\/info\/wp-content\/uploads\/2019\/03\/0003537237.jpg","type":"image\/jpeg"}],"author":"Patagonia Ambiental","twitter_card":"summary_large_image","twitter_creator":"@PatAmb","twitter_site":"@PatAmb","schema":{"@context":"https:\/\/schema.org","@graph":[{"@type":"Article","@id":"https:\/\/patagoniambiental.com.ar\/info\/vaca-muerta-se-prepara-para-exportar-venderan-petroleo-al-mundo\/#article","isPartOf":{"@id":"https:\/\/patagoniambiental.com.ar\/info\/vaca-muerta-se-prepara-para-exportar-venderan-petroleo-al-mundo\/"},"author":{"name":"Patagonia Ambiental","@id":"https:\/\/patagoniambiental.com.ar\/info\/#\/schema\/person\/db12bff64bbcbf6a253710bf0ea37b5d"},"headline":"Vaca Muerta se prepara para exportar: vender\u00e1n petr\u00f3leo al mundo","datePublished":"2019-03-26T12:00:55+00:00","mainEntityOfPage":{"@id":"https:\/\/patagoniambiental.com.ar\/info\/vaca-muerta-se-prepara-para-exportar-venderan-petroleo-al-mundo\/"},"wordCount":1065,"commentCount":0,"publisher":{"@id":"https:\/\/patagoniambiental.com.ar\/info\/#organization"},"image":{"@id":"https:\/\/patagoniambiental.com.ar\/info\/vaca-muerta-se-prepara-para-exportar-venderan-petroleo-al-mundo\/#primaryimage"},"thumbnailUrl":"https:\/\/patagoniambiental.com.ar\/info\/wp-content\/uploads\/2019\/03\/0003537237.jpg","articleSection":["Neuqu\u00e9n","Noticias","Provinciales"],"inLanguage":"es","potentialAction":[{"@type":"CommentAction","name":"Comment","target":["https:\/\/patagoniambiental.com.ar\/info\/vaca-muerta-se-prepara-para-exportar-venderan-petroleo-al-mundo\/#respond"]}]},{"@type":"WebPage","@id":"https:\/\/patagoniambiental.com.ar\/info\/vaca-muerta-se-prepara-para-exportar-venderan-petroleo-al-mundo\/","url":"https:\/\/patagoniambiental.com.ar\/info\/vaca-muerta-se-prepara-para-exportar-venderan-petroleo-al-mundo\/","name":"Vaca Muerta se prepara para exportar: vender\u00e1n petr\u00f3leo al mundo","isPartOf":{"@id":"https:\/\/patagoniambiental.com.ar\/info\/#website"},"primaryImageOfPage":{"@id":"https:\/\/patagoniambiental.com.ar\/info\/vaca-muerta-se-prepara-para-exportar-venderan-petroleo-al-mundo\/#primaryimage"},"image":{"@id":"https:\/\/patagoniambiental.com.ar\/info\/vaca-muerta-se-prepara-para-exportar-venderan-petroleo-al-mundo\/#primaryimage"},"thumbnailUrl":"https:\/\/patagoniambiental.com.ar\/info\/wp-content\/uploads\/2019\/03\/0003537237.jpg","datePublished":"2019-03-26T12:00:55+00:00","breadcrumb":{"@id":"https:\/\/patagoniambiental.com.ar\/info\/vaca-muerta-se-prepara-para-exportar-venderan-petroleo-al-mundo\/#breadcrumb"},"inLanguage":"es","potentialAction":[{"@type":"ReadAction","target":["https:\/\/patagoniambiental.com.ar\/info\/vaca-muerta-se-prepara-para-exportar-venderan-petroleo-al-mundo\/"]}]},{"@type":"ImageObject","inLanguage":"es","@id":"https:\/\/patagoniambiental.com.ar\/info\/vaca-muerta-se-prepara-para-exportar-venderan-petroleo-al-mundo\/#primaryimage","url":"https:\/\/patagoniambiental.com.ar\/info\/wp-content\/uploads\/2019\/03\/0003537237.jpg","contentUrl":"https:\/\/patagoniambiental.com.ar\/info\/wp-content\/uploads\/2019\/03\/0003537237.jpg","width":1067,"height":600},{"@type":"BreadcrumbList","@id":"https:\/\/patagoniambiental.com.ar\/info\/vaca-muerta-se-prepara-para-exportar-venderan-petroleo-al-mundo\/#breadcrumb","itemListElement":[{"@type":"ListItem","position":1,"name":"Inicio","item":"https:\/\/patagoniambiental.com.ar\/info\/"},{"@type":"ListItem","position":2,"name":"Vaca Muerta se prepara para exportar: vender\u00e1n petr\u00f3leo al mundo"}]},{"@type":"WebSite","@id":"https:\/\/patagoniambiental.com.ar\/info\/#website","url":"https:\/\/patagoniambiental.com.ar\/info\/","name":"Patagonia Ambiental","description":"Monitoreo y an\u00e1lisis de la situaci\u00f3n geopol\u00edtica en el mundo y su implicancia en la Patagonia","publisher":{"@id":"https:\/\/patagoniambiental.com.ar\/info\/#organization"},"potentialAction":[{"@type":"SearchAction","target":{"@type":"EntryPoint","urlTemplate":"https:\/\/patagoniambiental.com.ar\/info\/?s={search_term_string}"},"query-input":{"@type":"PropertyValueSpecification","valueRequired":true,"valueName":"search_term_string"}}],"inLanguage":"es"},{"@type":"Organization","@id":"https:\/\/patagoniambiental.com.ar\/info\/#organization","name":"Patagonia Ambiental","url":"https:\/\/patagoniambiental.com.ar\/info\/","logo":{"@type":"ImageObject","inLanguage":"es","@id":"https:\/\/patagoniambiental.com.ar\/info\/#\/schema\/logo\/image\/","url":"https:\/\/patagoniambiental.com.ar\/info\/wp-content\/uploads\/2025\/05\/LOGO-PATAGONIA-AMBIENTAL.png","contentUrl":"https:\/\/patagoniambiental.com.ar\/info\/wp-content\/uploads\/2025\/05\/LOGO-PATAGONIA-AMBIENTAL.png","width":433,"height":250,"caption":"Patagonia Ambiental"},"image":{"@id":"https:\/\/patagoniambiental.com.ar\/info\/#\/schema\/logo\/image\/"},"sameAs":["https:\/\/www.facebook.com\/patagonia.ambiental","https:\/\/x.com\/PatAmb"]},{"@type":"Person","@id":"https:\/\/patagoniambiental.com.ar\/info\/#\/schema\/person\/db12bff64bbcbf6a253710bf0ea37b5d","name":"Patagonia Ambiental","description":"Andr\u00e9s Nievas T\u00e9cnico en manejo ambiental, consultor Ambiental y escritor para medios locales e internacionales sobre temas de geopolitica y medio ambiente.","sameAs":["http:\/\/www.patagoniambiental.com.ar","https:\/\/www.facebook.com\/share\/1C1V8Gv9BX\/?mibextid=qi2Omg","@patagoniambiental","https:\/\/youtube.com\/@patagoniaambiental2023?si=BLt58t0wuXquxlYZ"]}]}},"_links":{"self":[{"href":"https:\/\/patagoniambiental.com.ar\/info\/wp-json\/wp\/v2\/posts\/59727","targetHints":{"allow":["GET"]}}],"collection":[{"href":"https:\/\/patagoniambiental.com.ar\/info\/wp-json\/wp\/v2\/posts"}],"about":[{"href":"https:\/\/patagoniambiental.com.ar\/info\/wp-json\/wp\/v2\/types\/post"}],"author":[{"embeddable":true,"href":"https:\/\/patagoniambiental.com.ar\/info\/wp-json\/wp\/v2\/users\/2"}],"replies":[{"embeddable":true,"href":"https:\/\/patagoniambiental.com.ar\/info\/wp-json\/wp\/v2\/comments?post=59727"}],"version-history":[{"count":0,"href":"https:\/\/patagoniambiental.com.ar\/info\/wp-json\/wp\/v2\/posts\/59727\/revisions"}],"wp:featuredmedia":[{"embeddable":true,"href":"https:\/\/patagoniambiental.com.ar\/info\/wp-json\/wp\/v2\/media\/59729"}],"wp:attachment":[{"href":"https:\/\/patagoniambiental.com.ar\/info\/wp-json\/wp\/v2\/media?parent=59727"}],"wp:term":[{"taxonomy":"category","embeddable":true,"href":"https:\/\/patagoniambiental.com.ar\/info\/wp-json\/wp\/v2\/categories?post=59727"},{"taxonomy":"post_tag","embeddable":true,"href":"https:\/\/patagoniambiental.com.ar\/info\/wp-json\/wp\/v2\/tags?post=59727"}],"curies":[{"name":"wp","href":"https:\/\/api.w.org\/{rel}","templated":true}]}}