{"id":59731,"date":"2019-03-26T19:00:19","date_gmt":"2019-03-26T22:00:19","guid":{"rendered":"http:\/\/patagoniambiental.com.ar\/info\/?p=59731"},"modified":"2019-03-25T15:22:00","modified_gmt":"2019-03-25T18:22:00","slug":"nuevo-hallazgo-un-dinosaurio-que-habito-hace-85-millones-de-anos","status":"publish","type":"post","link":"https:\/\/patagoniambiental.com.ar\/info\/nuevo-hallazgo-un-dinosaurio-que-habito-hace-85-millones-de-anos\/","title":{"rendered":"Nuevo hallazgo: un dinosaurio que habit\u00f3 hace 85 millones de a\u00f1os"},"content":{"rendered":"<article id=\"article-post\" class=\"cat-rojo\">\n<header>\n<div class=\"row\">\n<div class=\"col-xs-12\">\n<p class=\"title\">Neuqu\u00e9n.-Se trata de un dinosaurio ornit\u00f3podo herb\u00edvoro. Los f\u00f3siles fueron encontrados en 2016.<\/p>\n<p><!--more--><\/p>\n<\/div>\n<\/div>\n<\/header>\n<div class=\"head-image thumb-wrap relative\">\n<div id=\"content-gallery\">\n<div id=\"fotogaleria-Object_3184_1797\" class=\"gallery\">\n<div class=\"col2\">\n<div class=\"image itemGallery classid556336\"><a title=\"\" href=\"https:\/\/media.lmneuquen.com\/adjuntos\/195\/imagenes\/003\/537\/0003537105.jpg\"><img fetchpriority=\"high\" decoding=\"async\" title=\"Nuevo hallazgo: un dinosaurio que habit\u00f3 hace 85 millones de a\u00f1os\" src=\"https:\/\/media.lmneuquen.com\/adjuntos\/195\/imagenes\/003\/537\/0003537105.jpg\" alt=\"Nuevo hallazgo: un dinosaurio que habit\u00f3 hace 85 millones de a\u00f1os\" width=\"770\" height=\"433\" \/><\/a><\/p>\n<div class=\"gallery-header\"><\/div>\n<\/div>\n<\/div>\n<div class=\"clearfix\"><\/div>\n<\/div>\n<\/div>\n<\/div>\n<div class=\"cuerpo\">\n<p class=\"bajada\">Este viernes se present\u00f3 en el Centro Cultural Alberdi el hallazgo de un dinosaurio ornit\u00f3podo herb\u00edvoro, que habit\u00f3 hace unos 85 millones de a\u00f1os en el norte neuquino. Se trata del denominado\u00a0<em>Mahuidacursor Lipanglef<\/em>\u00a0o el \u00abcorredor de la monta\u00f1a de brazos ligeros\u00bb.<\/p>\n<\/div>\n<\/article>\n<p>Se estima que el dinosaurio tendr\u00eda entre cinco y seis metros de largo y que ya hay una r\u00e9plica en el Parque de\u00a0<a class=\"agrupador\" href=\"http:\/\/www.lmneuquen.com\/dinosaurios-a8173\" rel=\"8173\">Dinosaurios<\/a>, que pertenece al Museo de Rinc\u00f3n de los Sauces, donde tambi\u00e9n est\u00e1 en exhibici\u00f3n el ejemplar original.<\/p>\n<section class=\"news-lay-3 bottom-margin lista-notas-relacionadas relacionadas-nota inbody\">\n<header>\n<p class=\"section-title\">Durante la presentaci\u00f3n, Pen\u00e9lope Cruzado Caballero, del Instituto de Investigaci\u00f3n en Paleobiolog\u00eda y Geolog\u00eda, se\u00f1al\u00f3 que \u201ctuvimos la suerte de encontrar casi la mitad del animal articulado, es decir, con todos los huesos y la misma posici\u00f3n en vida. Sabemos que\u00a0<strong style=\"font-size: 16px;\">tendr\u00eda un brazo que apenas apoyar\u00eda en el suelo, que no soportar\u00eda mucho peso y eso nos lleva a pensar que era un animal que caminar\u00eda de forma b\u00edpeda<\/strong><span style=\"font-size: 16px;\">, aunque no tengamos la pata\u201d.<\/span><\/p>\n<\/header>\n<\/section>\n<article id=\"article-post\" class=\"cat-rojo\">\n<div class=\"cuerpo\">\n<div id=\"556335-Libre-652366785_wrap\" class=\"embed_cont type_imagen\">\n<div id=\"556335-Libre-652366785_content\" class=\"embed_content\"><img decoding=\"async\" id=\"556335-Libre-652366785_embed\" src=\"https:\/\/media.lmneuquen.com\/adjuntos\/195\/imagenes\/003\/537\/0003537092.jpg?0000-00-00-00-00-00\" alt=\"\" longdesc=\"https:\/\/media.lmneuquen.com\/adjuntos\/195\/imagenes\/003\/537\/0003537092.jpg?0000-00-00-00-00-00\" \/><\/div>\n<\/div>\n<p>Por su parte, Leonardo Filippi, mag\u00edster del Museo Municipal Argentino Urquiza de Rinc\u00f3n de los Sauces inform\u00f3 que \u00ab<strong>los f\u00f3siles de este dinosaurio fueron encontrados en 2016<\/strong>, durante una de las salidas de prospecci\u00f3n en la zona de Cerro Overo\u00bb.<\/p>\n<p>Sobre la importancia del hallazgo, Caballero destac\u00f3 que \u00abes muy importante porque hasta ahora no se hab\u00edan encontrado ornit\u00f3podos y es la primera especie en la zona de Rinc\u00f3n de los Sauces\u00bb. Adem\u00e1s, detall\u00f3 que \u00abestar\u00eda emparentado con un grupo que ser\u00eda end\u00e9mico de Argentina\u00bb.<\/p>\n<div id=\"556338-Libre-1369550812_wrap\" class=\"embed_cont type_imagen\">\n<div id=\"556338-Libre-1369550812_content\" class=\"embed_content\"><img decoding=\"async\" id=\"556338-Libre-1369550812_embed\" src=\"https:\/\/media.lmneuquen.com\/adjuntos\/195\/imagenes\/003\/537\/0003537131.jpg?0000-00-00-00-00-00\" alt=\"\" longdesc=\"https:\/\/media.lmneuquen.com\/adjuntos\/195\/imagenes\/003\/537\/0003537131.jpg?0000-00-00-00-00-00\" \/><\/div>\n<\/div>\n<p>En tanto, el director provincial de Patrimonio Cultural, Carlos Cides, dijo que en la provincia del Neuqu\u00e9n \u201csomos precursores de la investigaci\u00f3n paleontol\u00f3gica\u201d, y agreg\u00f3 que \u201cpara nosotros es un gusto presentar este importante descubrimiento\u201d.<\/p>\n<p>Fuente: La Ma\u00f1ana Neuqu\u00e9n<\/p>\n<\/div>\n<\/article>\n","protected":false},"excerpt":{"rendered":"<p>Neuqu\u00e9n.-Se trata de un dinosaurio ornit\u00f3podo herb\u00edvoro. Los f\u00f3siles fueron encontrados en 2016.<\/p>\n","protected":false},"author":2,"featured_media":59732,"comment_status":"open","ping_status":"open","sticky":false,"template":"","format":"standard","meta":{"site-sidebar-layout":"default","site-content-layout":"","ast-site-content-layout":"default","site-content-style":"default","site-sidebar-style":"default","ast-global-header-display":"","ast-banner-title-visibility":"","ast-main-header-display":"","ast-hfb-above-header-display":"","ast-hfb-below-header-display":"","ast-hfb-mobile-header-display":"","site-post-title":"","ast-breadcrumbs-content":"","ast-featured-img":"","footer-sml-layout":"","ast-disable-related-posts":"","theme-transparent-header-meta":"","adv-header-id-meta":"","stick-header-meta":"","header-above-stick-meta":"","header-main-stick-meta":"","header-below-stick-meta":"","astra-migrate-meta-layouts":"default","ast-page-background-enabled":"default","ast-page-background-meta":{"desktop":{"background-color":"var(--ast-global-color-5)","background-image":"","background-repeat":"repeat","background-position":"center center","background-size":"auto","background-attachment":"scroll","background-type":"","background-media":"","overlay-type":"","overlay-color":"","overlay-opacity":"","overlay-gradient":""},"tablet":{"background-color":"","background-image":"","background-repeat":"repeat","background-position":"center center","background-size":"auto","background-attachment":"scroll","background-type":"","background-media":"","overlay-type":"","overlay-color":"","overlay-opacity":"","overlay-gradient":""},"mobile":{"background-color":"","background-image":"","background-repeat":"repeat","background-position":"center center","background-size":"auto","background-attachment":"scroll","background-type":"","background-media":"","overlay-type":"","overlay-color":"","overlay-opacity":"","overlay-gradient":""}},"ast-content-background-meta":{"desktop":{"background-color":"var(--ast-global-color-4)","background-image":"","background-repeat":"repeat","background-position":"center center","background-size":"auto","background-attachment":"scroll","background-type":"","background-media":"","overlay-type":"","overlay-color":"","overlay-opacity":"","overlay-gradient":""},"tablet":{"background-color":"var(--ast-global-color-4)","background-image":"","background-repeat":"repeat","background-position":"center center","background-size":"auto","background-attachment":"scroll","background-type":"","background-media":"","overlay-type":"","overlay-color":"","overlay-opacity":"","overlay-gradient":""},"mobile":{"background-color":"var(--ast-global-color-4)","background-image":"","background-repeat":"repeat","background-position":"center center","background-size":"auto","background-attachment":"scroll","background-type":"","background-media":"","overlay-type":"","overlay-color":"","overlay-opacity":"","overlay-gradient":""}},"footnotes":""},"categories":[18,1,13],"tags":[],"class_list":["post-59731","post","type-post","status-publish","format-standard","has-post-thumbnail","hentry","category-neuquen","category-noticias","category-provinciales"],"yoast_head":"<!-- This site is optimized with the Yoast SEO Premium plugin v23.0 (Yoast SEO v27.4) - https:\/\/yoast.com\/product\/yoast-seo-premium-wordpress\/ -->\n<title>Nuevo hallazgo: un dinosaurio que habit\u00f3 hace 85 millones de a\u00f1os<\/title>\n<meta name=\"robots\" content=\"index, follow, max-snippet:-1, max-image-preview:large, max-video-preview:-1\" \/>\n<link rel=\"canonical\" href=\"https:\/\/patagoniambiental.com.ar\/info\/nuevo-hallazgo-un-dinosaurio-que-habito-hace-85-millones-de-anos\/\" \/>\n<meta property=\"og:locale\" content=\"es_ES\" \/>\n<meta property=\"og:type\" content=\"article\" \/>\n<meta property=\"og:title\" content=\"Nuevo hallazgo: un dinosaurio que habit\u00f3 hace 85 millones de a\u00f1os\" \/>\n<meta property=\"og:description\" content=\"Neuqu\u00e9n.-Se trata de un dinosaurio ornit\u00f3podo herb\u00edvoro. Los f\u00f3siles fueron encontrados en 2016.\" \/>\n<meta property=\"og:url\" content=\"https:\/\/patagoniambiental.com.ar\/info\/nuevo-hallazgo-un-dinosaurio-que-habito-hace-85-millones-de-anos\/\" \/>\n<meta property=\"og:site_name\" content=\"Patagonia Ambiental\" \/>\n<meta property=\"article:publisher\" content=\"https:\/\/www.facebook.com\/patagonia.ambiental\" \/>\n<meta property=\"article:author\" content=\"https:\/\/www.facebook.com\/share\/1C1V8Gv9BX\/?mibextid=qi2Omg\" \/>\n<meta property=\"article:published_time\" content=\"2019-03-26T22:00:19+00:00\" \/>\n<meta property=\"og:image\" content=\"https:\/\/patagoniambiental.com.ar\/info\/wp-content\/uploads\/2019\/03\/0003537105.jpg\" \/>\n\t<meta property=\"og:image:width\" content=\"770\" \/>\n\t<meta property=\"og:image:height\" content=\"433\" \/>\n\t<meta property=\"og:image:type\" content=\"image\/jpeg\" \/>\n<meta name=\"author\" content=\"Patagonia Ambiental\" \/>\n<meta name=\"twitter:card\" content=\"summary_large_image\" \/>\n<meta name=\"twitter:creator\" content=\"@PatAmb\" \/>\n<meta name=\"twitter:site\" content=\"@PatAmb\" \/>\n<script type=\"application\/ld+json\" class=\"yoast-schema-graph\">{\"@context\":\"https:\\\/\\\/schema.org\",\"@graph\":[{\"@type\":\"Article\",\"@id\":\"https:\\\/\\\/patagoniambiental.com.ar\\\/info\\\/nuevo-hallazgo-un-dinosaurio-que-habito-hace-85-millones-de-anos\\\/#article\",\"isPartOf\":{\"@id\":\"https:\\\/\\\/patagoniambiental.com.ar\\\/info\\\/nuevo-hallazgo-un-dinosaurio-que-habito-hace-85-millones-de-anos\\\/\"},\"author\":{\"name\":\"Patagonia Ambiental\",\"@id\":\"https:\\\/\\\/patagoniambiental.com.ar\\\/info\\\/#\\\/schema\\\/person\\\/db12bff64bbcbf6a253710bf0ea37b5d\"},\"headline\":\"Nuevo hallazgo: un dinosaurio que habit\u00f3 hace 85 millones de a\u00f1os\",\"datePublished\":\"2019-03-26T22:00:19+00:00\",\"mainEntityOfPage\":{\"@id\":\"https:\\\/\\\/patagoniambiental.com.ar\\\/info\\\/nuevo-hallazgo-un-dinosaurio-que-habito-hace-85-millones-de-anos\\\/\"},\"wordCount\":346,\"commentCount\":0,\"publisher\":{\"@id\":\"https:\\\/\\\/patagoniambiental.com.ar\\\/info\\\/#organization\"},\"image\":{\"@id\":\"https:\\\/\\\/patagoniambiental.com.ar\\\/info\\\/nuevo-hallazgo-un-dinosaurio-que-habito-hace-85-millones-de-anos\\\/#primaryimage\"},\"thumbnailUrl\":\"https:\\\/\\\/patagoniambiental.com.ar\\\/info\\\/wp-content\\\/uploads\\\/2019\\\/03\\\/0003537105.jpg\",\"articleSection\":[\"Neuqu\u00e9n\",\"Noticias\",\"Provinciales\"],\"inLanguage\":\"es\",\"potentialAction\":[{\"@type\":\"CommentAction\",\"name\":\"Comment\",\"target\":[\"https:\\\/\\\/patagoniambiental.com.ar\\\/info\\\/nuevo-hallazgo-un-dinosaurio-que-habito-hace-85-millones-de-anos\\\/#respond\"]}]},{\"@type\":\"WebPage\",\"@id\":\"https:\\\/\\\/patagoniambiental.com.ar\\\/info\\\/nuevo-hallazgo-un-dinosaurio-que-habito-hace-85-millones-de-anos\\\/\",\"url\":\"https:\\\/\\\/patagoniambiental.com.ar\\\/info\\\/nuevo-hallazgo-un-dinosaurio-que-habito-hace-85-millones-de-anos\\\/\",\"name\":\"Nuevo hallazgo: un dinosaurio que habit\u00f3 hace 85 millones de a\u00f1os\",\"isPartOf\":{\"@id\":\"https:\\\/\\\/patagoniambiental.com.ar\\\/info\\\/#website\"},\"primaryImageOfPage\":{\"@id\":\"https:\\\/\\\/patagoniambiental.com.ar\\\/info\\\/nuevo-hallazgo-un-dinosaurio-que-habito-hace-85-millones-de-anos\\\/#primaryimage\"},\"image\":{\"@id\":\"https:\\\/\\\/patagoniambiental.com.ar\\\/info\\\/nuevo-hallazgo-un-dinosaurio-que-habito-hace-85-millones-de-anos\\\/#primaryimage\"},\"thumbnailUrl\":\"https:\\\/\\\/patagoniambiental.com.ar\\\/info\\\/wp-content\\\/uploads\\\/2019\\\/03\\\/0003537105.jpg\",\"datePublished\":\"2019-03-26T22:00:19+00:00\",\"breadcrumb\":{\"@id\":\"https:\\\/\\\/patagoniambiental.com.ar\\\/info\\\/nuevo-hallazgo-un-dinosaurio-que-habito-hace-85-millones-de-anos\\\/#breadcrumb\"},\"inLanguage\":\"es\",\"potentialAction\":[{\"@type\":\"ReadAction\",\"target\":[\"https:\\\/\\\/patagoniambiental.com.ar\\\/info\\\/nuevo-hallazgo-un-dinosaurio-que-habito-hace-85-millones-de-anos\\\/\"]}]},{\"@type\":\"ImageObject\",\"inLanguage\":\"es\",\"@id\":\"https:\\\/\\\/patagoniambiental.com.ar\\\/info\\\/nuevo-hallazgo-un-dinosaurio-que-habito-hace-85-millones-de-anos\\\/#primaryimage\",\"url\":\"https:\\\/\\\/patagoniambiental.com.ar\\\/info\\\/wp-content\\\/uploads\\\/2019\\\/03\\\/0003537105.jpg\",\"contentUrl\":\"https:\\\/\\\/patagoniambiental.com.ar\\\/info\\\/wp-content\\\/uploads\\\/2019\\\/03\\\/0003537105.jpg\",\"width\":770,\"height\":433},{\"@type\":\"BreadcrumbList\",\"@id\":\"https:\\\/\\\/patagoniambiental.com.ar\\\/info\\\/nuevo-hallazgo-un-dinosaurio-que-habito-hace-85-millones-de-anos\\\/#breadcrumb\",\"itemListElement\":[{\"@type\":\"ListItem\",\"position\":1,\"name\":\"Inicio\",\"item\":\"https:\\\/\\\/patagoniambiental.com.ar\\\/info\\\/\"},{\"@type\":\"ListItem\",\"position\":2,\"name\":\"Nuevo hallazgo: un dinosaurio que habit\u00f3 hace 85 millones de a\u00f1os\"}]},{\"@type\":\"WebSite\",\"@id\":\"https:\\\/\\\/patagoniambiental.com.ar\\\/info\\\/#website\",\"url\":\"https:\\\/\\\/patagoniambiental.com.ar\\\/info\\\/\",\"name\":\"Patagonia Ambiental\",\"description\":\"Monitoreo y an\u00e1lisis de la situaci\u00f3n geopol\u00edtica en el mundo y su implicancia en la Patagonia\",\"publisher\":{\"@id\":\"https:\\\/\\\/patagoniambiental.com.ar\\\/info\\\/#organization\"},\"potentialAction\":[{\"@type\":\"SearchAction\",\"target\":{\"@type\":\"EntryPoint\",\"urlTemplate\":\"https:\\\/\\\/patagoniambiental.com.ar\\\/info\\\/?s={search_term_string}\"},\"query-input\":{\"@type\":\"PropertyValueSpecification\",\"valueRequired\":true,\"valueName\":\"search_term_string\"}}],\"inLanguage\":\"es\"},{\"@type\":\"Organization\",\"@id\":\"https:\\\/\\\/patagoniambiental.com.ar\\\/info\\\/#organization\",\"name\":\"Patagonia Ambiental\",\"url\":\"https:\\\/\\\/patagoniambiental.com.ar\\\/info\\\/\",\"logo\":{\"@type\":\"ImageObject\",\"inLanguage\":\"es\",\"@id\":\"https:\\\/\\\/patagoniambiental.com.ar\\\/info\\\/#\\\/schema\\\/logo\\\/image\\\/\",\"url\":\"https:\\\/\\\/patagoniambiental.com.ar\\\/info\\\/wp-content\\\/uploads\\\/2025\\\/05\\\/LOGO-PATAGONIA-AMBIENTAL.png\",\"contentUrl\":\"https:\\\/\\\/patagoniambiental.com.ar\\\/info\\\/wp-content\\\/uploads\\\/2025\\\/05\\\/LOGO-PATAGONIA-AMBIENTAL.png\",\"width\":433,\"height\":250,\"caption\":\"Patagonia Ambiental\"},\"image\":{\"@id\":\"https:\\\/\\\/patagoniambiental.com.ar\\\/info\\\/#\\\/schema\\\/logo\\\/image\\\/\"},\"sameAs\":[\"https:\\\/\\\/www.facebook.com\\\/patagonia.ambiental\",\"https:\\\/\\\/x.com\\\/PatAmb\"]},{\"@type\":\"Person\",\"@id\":\"https:\\\/\\\/patagoniambiental.com.ar\\\/info\\\/#\\\/schema\\\/person\\\/db12bff64bbcbf6a253710bf0ea37b5d\",\"name\":\"Patagonia Ambiental\",\"description\":\"Andr\u00e9s Nievas T\u00e9cnico en manejo ambiental, consultor Ambiental y escritor para medios locales e internacionales sobre temas de geopolitica y medio ambiente.\",\"sameAs\":[\"http:\\\/\\\/www.patagoniambiental.com.ar\",\"https:\\\/\\\/www.facebook.com\\\/share\\\/1C1V8Gv9BX\\\/?mibextid=qi2Omg\",\"@patagoniambiental\",\"https:\\\/\\\/youtube.com\\\/@patagoniaambiental2023?si=BLt58t0wuXquxlYZ\"]}]}<\/script>\n<!-- \/ Yoast SEO Premium plugin. -->","yoast_head_json":{"title":"Nuevo hallazgo: un dinosaurio que habit\u00f3 hace 85 millones de a\u00f1os","robots":{"index":"index","follow":"follow","max-snippet":"max-snippet:-1","max-image-preview":"max-image-preview:large","max-video-preview":"max-video-preview:-1"},"canonical":"https:\/\/patagoniambiental.com.ar\/info\/nuevo-hallazgo-un-dinosaurio-que-habito-hace-85-millones-de-anos\/","og_locale":"es_ES","og_type":"article","og_title":"Nuevo hallazgo: un dinosaurio que habit\u00f3 hace 85 millones de a\u00f1os","og_description":"Neuqu\u00e9n.-Se trata de un dinosaurio ornit\u00f3podo herb\u00edvoro. Los f\u00f3siles fueron encontrados en 2016.","og_url":"https:\/\/patagoniambiental.com.ar\/info\/nuevo-hallazgo-un-dinosaurio-que-habito-hace-85-millones-de-anos\/","og_site_name":"Patagonia Ambiental","article_publisher":"https:\/\/www.facebook.com\/patagonia.ambiental","article_author":"https:\/\/www.facebook.com\/share\/1C1V8Gv9BX\/?mibextid=qi2Omg","article_published_time":"2019-03-26T22:00:19+00:00","og_image":[{"width":770,"height":433,"url":"https:\/\/patagoniambiental.com.ar\/info\/wp-content\/uploads\/2019\/03\/0003537105.jpg","type":"image\/jpeg"}],"author":"Patagonia Ambiental","twitter_card":"summary_large_image","twitter_creator":"@PatAmb","twitter_site":"@PatAmb","schema":{"@context":"https:\/\/schema.org","@graph":[{"@type":"Article","@id":"https:\/\/patagoniambiental.com.ar\/info\/nuevo-hallazgo-un-dinosaurio-que-habito-hace-85-millones-de-anos\/#article","isPartOf":{"@id":"https:\/\/patagoniambiental.com.ar\/info\/nuevo-hallazgo-un-dinosaurio-que-habito-hace-85-millones-de-anos\/"},"author":{"name":"Patagonia Ambiental","@id":"https:\/\/patagoniambiental.com.ar\/info\/#\/schema\/person\/db12bff64bbcbf6a253710bf0ea37b5d"},"headline":"Nuevo hallazgo: un dinosaurio que habit\u00f3 hace 85 millones de a\u00f1os","datePublished":"2019-03-26T22:00:19+00:00","mainEntityOfPage":{"@id":"https:\/\/patagoniambiental.com.ar\/info\/nuevo-hallazgo-un-dinosaurio-que-habito-hace-85-millones-de-anos\/"},"wordCount":346,"commentCount":0,"publisher":{"@id":"https:\/\/patagoniambiental.com.ar\/info\/#organization"},"image":{"@id":"https:\/\/patagoniambiental.com.ar\/info\/nuevo-hallazgo-un-dinosaurio-que-habito-hace-85-millones-de-anos\/#primaryimage"},"thumbnailUrl":"https:\/\/patagoniambiental.com.ar\/info\/wp-content\/uploads\/2019\/03\/0003537105.jpg","articleSection":["Neuqu\u00e9n","Noticias","Provinciales"],"inLanguage":"es","potentialAction":[{"@type":"CommentAction","name":"Comment","target":["https:\/\/patagoniambiental.com.ar\/info\/nuevo-hallazgo-un-dinosaurio-que-habito-hace-85-millones-de-anos\/#respond"]}]},{"@type":"WebPage","@id":"https:\/\/patagoniambiental.com.ar\/info\/nuevo-hallazgo-un-dinosaurio-que-habito-hace-85-millones-de-anos\/","url":"https:\/\/patagoniambiental.com.ar\/info\/nuevo-hallazgo-un-dinosaurio-que-habito-hace-85-millones-de-anos\/","name":"Nuevo hallazgo: un dinosaurio que habit\u00f3 hace 85 millones de a\u00f1os","isPartOf":{"@id":"https:\/\/patagoniambiental.com.ar\/info\/#website"},"primaryImageOfPage":{"@id":"https:\/\/patagoniambiental.com.ar\/info\/nuevo-hallazgo-un-dinosaurio-que-habito-hace-85-millones-de-anos\/#primaryimage"},"image":{"@id":"https:\/\/patagoniambiental.com.ar\/info\/nuevo-hallazgo-un-dinosaurio-que-habito-hace-85-millones-de-anos\/#primaryimage"},"thumbnailUrl":"https:\/\/patagoniambiental.com.ar\/info\/wp-content\/uploads\/2019\/03\/0003537105.jpg","datePublished":"2019-03-26T22:00:19+00:00","breadcrumb":{"@id":"https:\/\/patagoniambiental.com.ar\/info\/nuevo-hallazgo-un-dinosaurio-que-habito-hace-85-millones-de-anos\/#breadcrumb"},"inLanguage":"es","potentialAction":[{"@type":"ReadAction","target":["https:\/\/patagoniambiental.com.ar\/info\/nuevo-hallazgo-un-dinosaurio-que-habito-hace-85-millones-de-anos\/"]}]},{"@type":"ImageObject","inLanguage":"es","@id":"https:\/\/patagoniambiental.com.ar\/info\/nuevo-hallazgo-un-dinosaurio-que-habito-hace-85-millones-de-anos\/#primaryimage","url":"https:\/\/patagoniambiental.com.ar\/info\/wp-content\/uploads\/2019\/03\/0003537105.jpg","contentUrl":"https:\/\/patagoniambiental.com.ar\/info\/wp-content\/uploads\/2019\/03\/0003537105.jpg","width":770,"height":433},{"@type":"BreadcrumbList","@id":"https:\/\/patagoniambiental.com.ar\/info\/nuevo-hallazgo-un-dinosaurio-que-habito-hace-85-millones-de-anos\/#breadcrumb","itemListElement":[{"@type":"ListItem","position":1,"name":"Inicio","item":"https:\/\/patagoniambiental.com.ar\/info\/"},{"@type":"ListItem","position":2,"name":"Nuevo hallazgo: un dinosaurio que habit\u00f3 hace 85 millones de a\u00f1os"}]},{"@type":"WebSite","@id":"https:\/\/patagoniambiental.com.ar\/info\/#website","url":"https:\/\/patagoniambiental.com.ar\/info\/","name":"Patagonia Ambiental","description":"Monitoreo y an\u00e1lisis de la situaci\u00f3n geopol\u00edtica en el mundo y su implicancia en la Patagonia","publisher":{"@id":"https:\/\/patagoniambiental.com.ar\/info\/#organization"},"potentialAction":[{"@type":"SearchAction","target":{"@type":"EntryPoint","urlTemplate":"https:\/\/patagoniambiental.com.ar\/info\/?s={search_term_string}"},"query-input":{"@type":"PropertyValueSpecification","valueRequired":true,"valueName":"search_term_string"}}],"inLanguage":"es"},{"@type":"Organization","@id":"https:\/\/patagoniambiental.com.ar\/info\/#organization","name":"Patagonia Ambiental","url":"https:\/\/patagoniambiental.com.ar\/info\/","logo":{"@type":"ImageObject","inLanguage":"es","@id":"https:\/\/patagoniambiental.com.ar\/info\/#\/schema\/logo\/image\/","url":"https:\/\/patagoniambiental.com.ar\/info\/wp-content\/uploads\/2025\/05\/LOGO-PATAGONIA-AMBIENTAL.png","contentUrl":"https:\/\/patagoniambiental.com.ar\/info\/wp-content\/uploads\/2025\/05\/LOGO-PATAGONIA-AMBIENTAL.png","width":433,"height":250,"caption":"Patagonia Ambiental"},"image":{"@id":"https:\/\/patagoniambiental.com.ar\/info\/#\/schema\/logo\/image\/"},"sameAs":["https:\/\/www.facebook.com\/patagonia.ambiental","https:\/\/x.com\/PatAmb"]},{"@type":"Person","@id":"https:\/\/patagoniambiental.com.ar\/info\/#\/schema\/person\/db12bff64bbcbf6a253710bf0ea37b5d","name":"Patagonia Ambiental","description":"Andr\u00e9s Nievas T\u00e9cnico en manejo ambiental, consultor Ambiental y escritor para medios locales e internacionales sobre temas de geopolitica y medio ambiente.","sameAs":["http:\/\/www.patagoniambiental.com.ar","https:\/\/www.facebook.com\/share\/1C1V8Gv9BX\/?mibextid=qi2Omg","@patagoniambiental","https:\/\/youtube.com\/@patagoniaambiental2023?si=BLt58t0wuXquxlYZ"]}]}},"_links":{"self":[{"href":"https:\/\/patagoniambiental.com.ar\/info\/wp-json\/wp\/v2\/posts\/59731","targetHints":{"allow":["GET"]}}],"collection":[{"href":"https:\/\/patagoniambiental.com.ar\/info\/wp-json\/wp\/v2\/posts"}],"about":[{"href":"https:\/\/patagoniambiental.com.ar\/info\/wp-json\/wp\/v2\/types\/post"}],"author":[{"embeddable":true,"href":"https:\/\/patagoniambiental.com.ar\/info\/wp-json\/wp\/v2\/users\/2"}],"replies":[{"embeddable":true,"href":"https:\/\/patagoniambiental.com.ar\/info\/wp-json\/wp\/v2\/comments?post=59731"}],"version-history":[{"count":0,"href":"https:\/\/patagoniambiental.com.ar\/info\/wp-json\/wp\/v2\/posts\/59731\/revisions"}],"wp:featuredmedia":[{"embeddable":true,"href":"https:\/\/patagoniambiental.com.ar\/info\/wp-json\/wp\/v2\/media\/59732"}],"wp:attachment":[{"href":"https:\/\/patagoniambiental.com.ar\/info\/wp-json\/wp\/v2\/media?parent=59731"}],"wp:term":[{"taxonomy":"category","embeddable":true,"href":"https:\/\/patagoniambiental.com.ar\/info\/wp-json\/wp\/v2\/categories?post=59731"},{"taxonomy":"post_tag","embeddable":true,"href":"https:\/\/patagoniambiental.com.ar\/info\/wp-json\/wp\/v2\/tags?post=59731"}],"curies":[{"name":"wp","href":"https:\/\/api.w.org\/{rel}","templated":true}]}}