{"id":59743,"date":"2019-03-27T07:00:02","date_gmt":"2019-03-27T10:00:02","guid":{"rendered":"http:\/\/patagoniambiental.com.ar\/info\/?p=59743"},"modified":"2019-03-26T13:32:53","modified_gmt":"2019-03-26T16:32:53","slug":"la-desigualdad-en-vaca-muerta-en-la-lupa-de-cientificos","status":"publish","type":"post","link":"https:\/\/patagoniambiental.com.ar\/info\/la-desigualdad-en-vaca-muerta-en-la-lupa-de-cientificos\/","title":{"rendered":"La \u00abdesigualdad\u00bb en Vaca Muerta, en la lupa de cient\u00edficos"},"content":{"rendered":"<article id=\"article-post\" class=\"cat-azul\">\n<header>\n<div class=\"row\">\n<div class=\"col-xs-12\">\n<p class=\"title\">Neuqu\u00e9n.-El Conicet financiar\u00e1 a 70 investigadores de la UNCo para abordar un estudio durante cinco a\u00f1os.<\/p>\n<p><!--more--><\/p>\n<\/div>\n<\/div>\n<\/header>\n<div class=\"head-image thumb-wrap relative\">\n<div id=\"content-gallery\">\n<div id=\"fotogaleria-Object_3184_1797\" class=\"gallery\">\n<div class=\"col2\">\n<div class=\"image itemGallery classid556666\">\n<p><a title=\"\" href=\"https:\/\/media.lmneuquen.com\/adjuntos\/195\/imagenes\/003\/541\/0003541417.jpg\"><img fetchpriority=\"high\" decoding=\"async\" title=\"La desigualdad en Vaca Muerta, en la lupa de cient\u00edficos\" src=\"https:\/\/media.lmneuquen.com\/adjuntos\/195\/imagenes\/003\/541\/0003541417.jpg\" alt=\"La desigualdad en Vaca Muerta, en la lupa de cient\u00edficos\" width=\"770\" height=\"433\" \/><\/a><\/p>\n<div class=\"gallery-header\"><\/div>\n<div class=\"pieFoto\"><span class=\"copyinterior\">drone Juan Pablo Salas<\/span><\/div>\n<\/div>\n<\/div>\n<div class=\"clearfix\"><\/div>\n<\/div>\n<\/div>\n<\/div>\n<div class=\"cuerpo\">\n<p><strong>Adriano Calalesina \/\u00a0<\/strong><strong>adrianoc@lmneuquen.com.ar<\/strong><\/p>\n<p>La panor\u00e1mica de la ciudad desde una torre de 100 metros de altura no se parece en nada a la vista en los barrios. En la cordillera, los que viven de la nieve, nada tienen que ver con ese Neuqu\u00e9n profundo y criancero. Y en las grandes ciudades, la industria petrolera gener\u00f3 una grieta donde la econom\u00eda parece estar a esa medida.<\/p>\n<\/div>\n<\/article>\n<p>La desigualdad en toda la zona de influencia de Vaca Muerta ya es materia de discusi\u00f3n entre investigadores y cient\u00edficos del pa\u00eds. La hip\u00f3tesis de los contrastes econ\u00f3micos, tur\u00edsticos y urbanos tendr\u00e1 ahora un respaldo cient\u00edfico.<\/p>\n<section class=\"news-lay-3 bottom-margin lista-notas-relacionadas relacionadas-nota inbody\">\n<header><\/header>\n<div class=\"row\">\n<article class=\"item clearfix col-xs-12 col-sm-6 cat- rel-has-media\">\n<div class=\"row\">\n<div class=\"col-xs-6 col-sm-6\">\n<h3 class=\"title noMargin\">Es que el Consejo Nacional de Investigaciones Cient\u00edficas y T\u00e9cnicas (Conicet) aprob\u00f3 un proyecto de unos 70 investigadores de la Universidad Nacional del Comahue (UNCo), entre profesores y becarios, para el Instituto Patag\u00f3nico de Estudios en Humanidades y Ciencias Sociales (Ipehcs).<\/h3>\n<\/div>\n<\/div>\n<\/article>\n<\/div>\n<\/section>\n<article id=\"article-post\" class=\"cat-azul\">\n<div class=\"cuerpo\">\n<p>En el estudio se relevar\u00e1n las disputas por el poder territorial, la resistencia de las organizaciones sociales y los mensajes publicitarios, entre otros abordajes tanto en Neuqu\u00e9n como en R\u00edo Negro.<\/p>\n<p>El proyecto se titula \u201cLa (re) producci\u00f3n de las desigualdades en la Patagonia Norte. Un abordaje multidimensional\u201d y tendr\u00e1 una duraci\u00f3n de cinco a\u00f1os con un presupuesto de 5 millones de pesos.<\/p>\n<p>La iniciativa qued\u00f3 segunda el a\u00f1o pasado en los proyectos que financia el Conicet.<\/p>\n<div id=\"556667-Libre-727951718_wrap\" class=\"embed_cont type_imagen\">\n<div id=\"556667-Libre-727951718_content\" class=\"embed_content\"><img decoding=\"async\" id=\"556667-Libre-727951718_embed\" src=\"https:\/\/media.lmneuquen.com\/adjuntos\/195\/imagenes\/003\/541\/0003541428.jpg?0000-00-00-00-00-00\" alt=\"\" longdesc=\"https:\/\/media.lmneuquen.com\/adjuntos\/195\/imagenes\/003\/541\/0003541428.jpg?0000-00-00-00-00-00\" \/><\/div>\n<div id=\"556667-Libre-727951718_copyright\" class=\"embed_copyright empty-epigrafe\">drone juan pablo salas<\/div>\n<\/div>\n<p><strong>Las tres dimensiones<\/strong><\/p>\n<p>La hip\u00f3tesis de la desigualdad est\u00e1 a la vista para muchos: los contrastes entre el desarrollo inmobiliario y los barrios perif\u00e9ricos, la migraci\u00f3n de la econom\u00eda a la extracci\u00f3n de gas y petr\u00f3leo en detrimento de las dem\u00e1s, y un atractivo tur\u00edstico enfocado hacia las zonas m\u00e1s ricas de las provincias.<\/p>\n<p>La iniciativa te\u00f3rica, que busca hacer un aporte en un momento caliente por el desarrollo de la econom\u00eda a trav\u00e9s de la industria de los hidrocarburos, es materia de discusi\u00f3n permanente en los \u00e1mbitos acad\u00e9micos, pero ahora se formaliz\u00f3 a trav\u00e9s del Conicet.<\/p>\n<p>La investigaci\u00f3n tiene tres ejes territoriales definidos: la puja del uso de suelo residencial y agr\u00edcola en los valles de los r\u00edos Limay y Neuqu\u00e9n; zonas tur\u00edsticas que desarrollan su econom\u00eda en conflicto con sus tradiciones culturales y los llamados \u201cterritorios de enclave\u201d, donde hay tensiones entre la visi\u00f3n extractiva y la ambiental de la sociedad.<\/p>\n<p>\u201cEstas tres configuraciones territoriales son las m\u00e1s din\u00e1micas de la regi\u00f3n. Es un estudio exploratorio que tiene como objetivo generar un diagn\u00f3stico sobre el impacto que todas estas actividades tienen en la producci\u00f3n de la desigualdad. Lo vamos a hacer en t\u00e9rminos interdisciplinarios\u201d, explic\u00f3 a LM Neuqu\u00e9n Joaqu\u00edn Perren, doctor en Historia y responsable cient\u00edfico del proyecto en cuesti\u00f3n.<\/p>\n<div id=\"554279-Libre-1300988718_wrap\" class=\"embed_cont type_imagen\">\n<div id=\"554279-Libre-1300988718_content\" class=\"embed_content\"><img decoding=\"async\" id=\"554279-Libre-1300988718_embed\" src=\"https:\/\/media.lmneuquen.com\/adjuntos\/195\/imagenes\/003\/510\/0003510626.jpg?0000-00-00-00-00-00\" alt=\"\" longdesc=\"https:\/\/media.lmneuquen.com\/adjuntos\/195\/imagenes\/003\/510\/0003510626.jpg?0000-00-00-00-00-00\" \/><\/div>\n<\/div>\n<p>El estudio limitar\u00e1 su universo de investigaci\u00f3n desde finales de la d\u00e9cada de los 80 a la actualidad. Es decir, abarca desde las crisis sociales que tuvo Neuqu\u00e9n a finales de los 90 (Cutral Co) hasta el auge de Vaca Muerta a partir de 2012.<\/p>\n<p>\u201cEl tema de la parte extractiva es espec\u00edficamente neuquina, las otras dos son mixtas pero con predominancia en el territorio de Neuqu\u00e9n\u201d, agreg\u00f3 el investigador.<\/p>\n<p>El proyecto tambi\u00e9n tendr\u00e1 un fuerte respaldo de otros estudios que durante a\u00f1os vienen realizando acad\u00e9micos de la regi\u00f3n.<\/p>\n<p>\u201cHay investigadores de la UNCo y del Conicet, y venimos peleando esto desde 2016\u201d, concluy\u00f3.<\/p>\n<div id=\"555574-Libre-428342412_wrap\" class=\"embed_cont type_imagen\">\n<div id=\"555574-Libre-428342412_content\" class=\"embed_content\"><img decoding=\"async\" id=\"555574-Libre-428342412_embed\" src=\"https:\/\/media.lmneuquen.com\/adjuntos\/195\/imagenes\/003\/527\/0003527185.jpg?0000-00-00-00-00-00\" alt=\"\" longdesc=\"https:\/\/media.lmneuquen.com\/adjuntos\/195\/imagenes\/003\/527\/0003527185.jpg?0000-00-00-00-00-00\" \/><\/div>\n<\/div>\n<p><strong>Conflictos con los temas cotidianos<\/strong><\/p>\n<p><strong>Fotos y contrastes<\/strong><\/p>\n<p>En 2016 el Centro de Estudios Hist\u00f3ricos Regionales (CEHIRISHIR-COnICET) hizo una investigaci\u00f3n del desarrollo de la ciudad de neuqu\u00e9n en los \u201880 a trav\u00e9s e un registro fotogr\u00e1fico.<\/p>\n<p><strong>Tensiones hist\u00f3ricas<\/strong><\/p>\n<p>Los cambios econ\u00f3micos y culturales en la zona de neuqu\u00e9n e influencia por el avance del mercado inmobiliario tambi\u00e9n es materia de estudios acad\u00e9micos. Los loteos por sobre la fruticultura es un tema central.<\/p>\n<p>&nbsp;<\/p>\n<p>Fuente: La Ma\u00f1ana Neuqu\u00e9n<\/p>\n<\/div>\n<\/article>\n","protected":false},"excerpt":{"rendered":"<p>Neuqu\u00e9n.-El Conicet financiar\u00e1 a 70 investigadores de la UNCo para abordar un estudio durante cinco a\u00f1os.<\/p>\n","protected":false},"author":2,"featured_media":59744,"comment_status":"open","ping_status":"open","sticky":false,"template":"","format":"standard","meta":{"site-sidebar-layout":"default","site-content-layout":"","ast-site-content-layout":"default","site-content-style":"default","site-sidebar-style":"default","ast-global-header-display":"","ast-banner-title-visibility":"","ast-main-header-display":"","ast-hfb-above-header-display":"","ast-hfb-below-header-display":"","ast-hfb-mobile-header-display":"","site-post-title":"","ast-breadcrumbs-content":"","ast-featured-img":"","footer-sml-layout":"","ast-disable-related-posts":"","theme-transparent-header-meta":"","adv-header-id-meta":"","stick-header-meta":"","header-above-stick-meta":"","header-main-stick-meta":"","header-below-stick-meta":"","astra-migrate-meta-layouts":"default","ast-page-background-enabled":"default","ast-page-background-meta":{"desktop":{"background-color":"var(--ast-global-color-5)","background-image":"","background-repeat":"repeat","background-position":"center center","background-size":"auto","background-attachment":"scroll","background-type":"","background-media":"","overlay-type":"","overlay-color":"","overlay-opacity":"","overlay-gradient":""},"tablet":{"background-color":"","background-image":"","background-repeat":"repeat","background-position":"center center","background-size":"auto","background-attachment":"scroll","background-type":"","background-media":"","overlay-type":"","overlay-color":"","overlay-opacity":"","overlay-gradient":""},"mobile":{"background-color":"","background-image":"","background-repeat":"repeat","background-position":"center center","background-size":"auto","background-attachment":"scroll","background-type":"","background-media":"","overlay-type":"","overlay-color":"","overlay-opacity":"","overlay-gradient":""}},"ast-content-background-meta":{"desktop":{"background-color":"var(--ast-global-color-4)","background-image":"","background-repeat":"repeat","background-position":"center center","background-size":"auto","background-attachment":"scroll","background-type":"","background-media":"","overlay-type":"","overlay-color":"","overlay-opacity":"","overlay-gradient":""},"tablet":{"background-color":"var(--ast-global-color-4)","background-image":"","background-repeat":"repeat","background-position":"center center","background-size":"auto","background-attachment":"scroll","background-type":"","background-media":"","overlay-type":"","overlay-color":"","overlay-opacity":"","overlay-gradient":""},"mobile":{"background-color":"var(--ast-global-color-4)","background-image":"","background-repeat":"repeat","background-position":"center center","background-size":"auto","background-attachment":"scroll","background-type":"","background-media":"","overlay-type":"","overlay-color":"","overlay-opacity":"","overlay-gradient":""}},"footnotes":""},"categories":[18,1,13],"tags":[],"class_list":["post-59743","post","type-post","status-publish","format-standard","has-post-thumbnail","hentry","category-neuquen","category-noticias","category-provinciales"],"yoast_head":"<!-- This site is optimized with the Yoast SEO Premium plugin v23.0 (Yoast SEO v27.4) - https:\/\/yoast.com\/product\/yoast-seo-premium-wordpress\/ -->\n<title>La &quot;desigualdad&quot; en Vaca Muerta, en la lupa de cient\u00edficos<\/title>\n<meta name=\"robots\" content=\"index, follow, max-snippet:-1, max-image-preview:large, max-video-preview:-1\" \/>\n<link rel=\"canonical\" href=\"https:\/\/patagoniambiental.com.ar\/info\/la-desigualdad-en-vaca-muerta-en-la-lupa-de-cientificos\/\" \/>\n<meta property=\"og:locale\" content=\"es_ES\" \/>\n<meta property=\"og:type\" content=\"article\" \/>\n<meta property=\"og:title\" content=\"La &quot;desigualdad&quot; en Vaca Muerta, en la lupa de cient\u00edficos\" \/>\n<meta property=\"og:description\" content=\"Neuqu\u00e9n.-El Conicet financiar\u00e1 a 70 investigadores de la UNCo para abordar un estudio durante cinco a\u00f1os.\" \/>\n<meta property=\"og:url\" content=\"https:\/\/patagoniambiental.com.ar\/info\/la-desigualdad-en-vaca-muerta-en-la-lupa-de-cientificos\/\" \/>\n<meta property=\"og:site_name\" content=\"Patagonia Ambiental\" \/>\n<meta property=\"article:publisher\" content=\"https:\/\/www.facebook.com\/patagonia.ambiental\" \/>\n<meta property=\"article:author\" content=\"https:\/\/www.facebook.com\/share\/1C1V8Gv9BX\/?mibextid=qi2Omg\" \/>\n<meta property=\"article:published_time\" content=\"2019-03-27T10:00:02+00:00\" \/>\n<meta property=\"og:image\" content=\"https:\/\/patagoniambiental.com.ar\/info\/wp-content\/uploads\/2019\/03\/0003541417.jpg\" \/>\n\t<meta property=\"og:image:width\" content=\"770\" \/>\n\t<meta property=\"og:image:height\" content=\"433\" \/>\n\t<meta property=\"og:image:type\" content=\"image\/jpeg\" \/>\n<meta name=\"author\" content=\"Patagonia Ambiental\" \/>\n<meta name=\"twitter:card\" content=\"summary_large_image\" \/>\n<meta name=\"twitter:creator\" content=\"@PatAmb\" \/>\n<meta name=\"twitter:site\" content=\"@PatAmb\" \/>\n<script type=\"application\/ld+json\" class=\"yoast-schema-graph\">{\"@context\":\"https:\\\/\\\/schema.org\",\"@graph\":[{\"@type\":\"Article\",\"@id\":\"https:\\\/\\\/patagoniambiental.com.ar\\\/info\\\/la-desigualdad-en-vaca-muerta-en-la-lupa-de-cientificos\\\/#article\",\"isPartOf\":{\"@id\":\"https:\\\/\\\/patagoniambiental.com.ar\\\/info\\\/la-desigualdad-en-vaca-muerta-en-la-lupa-de-cientificos\\\/\"},\"author\":{\"name\":\"Patagonia Ambiental\",\"@id\":\"https:\\\/\\\/patagoniambiental.com.ar\\\/info\\\/#\\\/schema\\\/person\\\/db12bff64bbcbf6a253710bf0ea37b5d\"},\"headline\":\"La \u00abdesigualdad\u00bb en Vaca Muerta, en la lupa de cient\u00edficos\",\"datePublished\":\"2019-03-27T10:00:02+00:00\",\"mainEntityOfPage\":{\"@id\":\"https:\\\/\\\/patagoniambiental.com.ar\\\/info\\\/la-desigualdad-en-vaca-muerta-en-la-lupa-de-cientificos\\\/\"},\"wordCount\":716,\"commentCount\":0,\"publisher\":{\"@id\":\"https:\\\/\\\/patagoniambiental.com.ar\\\/info\\\/#organization\"},\"image\":{\"@id\":\"https:\\\/\\\/patagoniambiental.com.ar\\\/info\\\/la-desigualdad-en-vaca-muerta-en-la-lupa-de-cientificos\\\/#primaryimage\"},\"thumbnailUrl\":\"https:\\\/\\\/patagoniambiental.com.ar\\\/info\\\/wp-content\\\/uploads\\\/2019\\\/03\\\/0003541417.jpg\",\"articleSection\":[\"Neuqu\u00e9n\",\"Noticias\",\"Provinciales\"],\"inLanguage\":\"es\",\"potentialAction\":[{\"@type\":\"CommentAction\",\"name\":\"Comment\",\"target\":[\"https:\\\/\\\/patagoniambiental.com.ar\\\/info\\\/la-desigualdad-en-vaca-muerta-en-la-lupa-de-cientificos\\\/#respond\"]}]},{\"@type\":\"WebPage\",\"@id\":\"https:\\\/\\\/patagoniambiental.com.ar\\\/info\\\/la-desigualdad-en-vaca-muerta-en-la-lupa-de-cientificos\\\/\",\"url\":\"https:\\\/\\\/patagoniambiental.com.ar\\\/info\\\/la-desigualdad-en-vaca-muerta-en-la-lupa-de-cientificos\\\/\",\"name\":\"La \\\"desigualdad\\\" en Vaca Muerta, en la lupa de cient\u00edficos\",\"isPartOf\":{\"@id\":\"https:\\\/\\\/patagoniambiental.com.ar\\\/info\\\/#website\"},\"primaryImageOfPage\":{\"@id\":\"https:\\\/\\\/patagoniambiental.com.ar\\\/info\\\/la-desigualdad-en-vaca-muerta-en-la-lupa-de-cientificos\\\/#primaryimage\"},\"image\":{\"@id\":\"https:\\\/\\\/patagoniambiental.com.ar\\\/info\\\/la-desigualdad-en-vaca-muerta-en-la-lupa-de-cientificos\\\/#primaryimage\"},\"thumbnailUrl\":\"https:\\\/\\\/patagoniambiental.com.ar\\\/info\\\/wp-content\\\/uploads\\\/2019\\\/03\\\/0003541417.jpg\",\"datePublished\":\"2019-03-27T10:00:02+00:00\",\"breadcrumb\":{\"@id\":\"https:\\\/\\\/patagoniambiental.com.ar\\\/info\\\/la-desigualdad-en-vaca-muerta-en-la-lupa-de-cientificos\\\/#breadcrumb\"},\"inLanguage\":\"es\",\"potentialAction\":[{\"@type\":\"ReadAction\",\"target\":[\"https:\\\/\\\/patagoniambiental.com.ar\\\/info\\\/la-desigualdad-en-vaca-muerta-en-la-lupa-de-cientificos\\\/\"]}]},{\"@type\":\"ImageObject\",\"inLanguage\":\"es\",\"@id\":\"https:\\\/\\\/patagoniambiental.com.ar\\\/info\\\/la-desigualdad-en-vaca-muerta-en-la-lupa-de-cientificos\\\/#primaryimage\",\"url\":\"https:\\\/\\\/patagoniambiental.com.ar\\\/info\\\/wp-content\\\/uploads\\\/2019\\\/03\\\/0003541417.jpg\",\"contentUrl\":\"https:\\\/\\\/patagoniambiental.com.ar\\\/info\\\/wp-content\\\/uploads\\\/2019\\\/03\\\/0003541417.jpg\",\"width\":770,\"height\":433},{\"@type\":\"BreadcrumbList\",\"@id\":\"https:\\\/\\\/patagoniambiental.com.ar\\\/info\\\/la-desigualdad-en-vaca-muerta-en-la-lupa-de-cientificos\\\/#breadcrumb\",\"itemListElement\":[{\"@type\":\"ListItem\",\"position\":1,\"name\":\"Inicio\",\"item\":\"https:\\\/\\\/patagoniambiental.com.ar\\\/info\\\/\"},{\"@type\":\"ListItem\",\"position\":2,\"name\":\"La \u00abdesigualdad\u00bb en Vaca Muerta, en la lupa de cient\u00edficos\"}]},{\"@type\":\"WebSite\",\"@id\":\"https:\\\/\\\/patagoniambiental.com.ar\\\/info\\\/#website\",\"url\":\"https:\\\/\\\/patagoniambiental.com.ar\\\/info\\\/\",\"name\":\"Patagonia Ambiental\",\"description\":\"Monitoreo y an\u00e1lisis de la situaci\u00f3n geopol\u00edtica en el mundo y su implicancia en la Patagonia\",\"publisher\":{\"@id\":\"https:\\\/\\\/patagoniambiental.com.ar\\\/info\\\/#organization\"},\"potentialAction\":[{\"@type\":\"SearchAction\",\"target\":{\"@type\":\"EntryPoint\",\"urlTemplate\":\"https:\\\/\\\/patagoniambiental.com.ar\\\/info\\\/?s={search_term_string}\"},\"query-input\":{\"@type\":\"PropertyValueSpecification\",\"valueRequired\":true,\"valueName\":\"search_term_string\"}}],\"inLanguage\":\"es\"},{\"@type\":\"Organization\",\"@id\":\"https:\\\/\\\/patagoniambiental.com.ar\\\/info\\\/#organization\",\"name\":\"Patagonia Ambiental\",\"url\":\"https:\\\/\\\/patagoniambiental.com.ar\\\/info\\\/\",\"logo\":{\"@type\":\"ImageObject\",\"inLanguage\":\"es\",\"@id\":\"https:\\\/\\\/patagoniambiental.com.ar\\\/info\\\/#\\\/schema\\\/logo\\\/image\\\/\",\"url\":\"https:\\\/\\\/patagoniambiental.com.ar\\\/info\\\/wp-content\\\/uploads\\\/2025\\\/05\\\/LOGO-PATAGONIA-AMBIENTAL.png\",\"contentUrl\":\"https:\\\/\\\/patagoniambiental.com.ar\\\/info\\\/wp-content\\\/uploads\\\/2025\\\/05\\\/LOGO-PATAGONIA-AMBIENTAL.png\",\"width\":433,\"height\":250,\"caption\":\"Patagonia Ambiental\"},\"image\":{\"@id\":\"https:\\\/\\\/patagoniambiental.com.ar\\\/info\\\/#\\\/schema\\\/logo\\\/image\\\/\"},\"sameAs\":[\"https:\\\/\\\/www.facebook.com\\\/patagonia.ambiental\",\"https:\\\/\\\/x.com\\\/PatAmb\"]},{\"@type\":\"Person\",\"@id\":\"https:\\\/\\\/patagoniambiental.com.ar\\\/info\\\/#\\\/schema\\\/person\\\/db12bff64bbcbf6a253710bf0ea37b5d\",\"name\":\"Patagonia Ambiental\",\"description\":\"Andr\u00e9s Nievas T\u00e9cnico en manejo ambiental, consultor Ambiental y escritor para medios locales e internacionales sobre temas de geopolitica y medio ambiente.\",\"sameAs\":[\"http:\\\/\\\/www.patagoniambiental.com.ar\",\"https:\\\/\\\/www.facebook.com\\\/share\\\/1C1V8Gv9BX\\\/?mibextid=qi2Omg\",\"@patagoniambiental\",\"https:\\\/\\\/youtube.com\\\/@patagoniaambiental2023?si=BLt58t0wuXquxlYZ\"]}]}<\/script>\n<!-- \/ Yoast SEO Premium plugin. -->","yoast_head_json":{"title":"La \"desigualdad\" en Vaca Muerta, en la lupa de cient\u00edficos","robots":{"index":"index","follow":"follow","max-snippet":"max-snippet:-1","max-image-preview":"max-image-preview:large","max-video-preview":"max-video-preview:-1"},"canonical":"https:\/\/patagoniambiental.com.ar\/info\/la-desigualdad-en-vaca-muerta-en-la-lupa-de-cientificos\/","og_locale":"es_ES","og_type":"article","og_title":"La \"desigualdad\" en Vaca Muerta, en la lupa de cient\u00edficos","og_description":"Neuqu\u00e9n.-El Conicet financiar\u00e1 a 70 investigadores de la UNCo para abordar un estudio durante cinco a\u00f1os.","og_url":"https:\/\/patagoniambiental.com.ar\/info\/la-desigualdad-en-vaca-muerta-en-la-lupa-de-cientificos\/","og_site_name":"Patagonia Ambiental","article_publisher":"https:\/\/www.facebook.com\/patagonia.ambiental","article_author":"https:\/\/www.facebook.com\/share\/1C1V8Gv9BX\/?mibextid=qi2Omg","article_published_time":"2019-03-27T10:00:02+00:00","og_image":[{"width":770,"height":433,"url":"https:\/\/patagoniambiental.com.ar\/info\/wp-content\/uploads\/2019\/03\/0003541417.jpg","type":"image\/jpeg"}],"author":"Patagonia Ambiental","twitter_card":"summary_large_image","twitter_creator":"@PatAmb","twitter_site":"@PatAmb","schema":{"@context":"https:\/\/schema.org","@graph":[{"@type":"Article","@id":"https:\/\/patagoniambiental.com.ar\/info\/la-desigualdad-en-vaca-muerta-en-la-lupa-de-cientificos\/#article","isPartOf":{"@id":"https:\/\/patagoniambiental.com.ar\/info\/la-desigualdad-en-vaca-muerta-en-la-lupa-de-cientificos\/"},"author":{"name":"Patagonia Ambiental","@id":"https:\/\/patagoniambiental.com.ar\/info\/#\/schema\/person\/db12bff64bbcbf6a253710bf0ea37b5d"},"headline":"La \u00abdesigualdad\u00bb en Vaca Muerta, en la lupa de cient\u00edficos","datePublished":"2019-03-27T10:00:02+00:00","mainEntityOfPage":{"@id":"https:\/\/patagoniambiental.com.ar\/info\/la-desigualdad-en-vaca-muerta-en-la-lupa-de-cientificos\/"},"wordCount":716,"commentCount":0,"publisher":{"@id":"https:\/\/patagoniambiental.com.ar\/info\/#organization"},"image":{"@id":"https:\/\/patagoniambiental.com.ar\/info\/la-desigualdad-en-vaca-muerta-en-la-lupa-de-cientificos\/#primaryimage"},"thumbnailUrl":"https:\/\/patagoniambiental.com.ar\/info\/wp-content\/uploads\/2019\/03\/0003541417.jpg","articleSection":["Neuqu\u00e9n","Noticias","Provinciales"],"inLanguage":"es","potentialAction":[{"@type":"CommentAction","name":"Comment","target":["https:\/\/patagoniambiental.com.ar\/info\/la-desigualdad-en-vaca-muerta-en-la-lupa-de-cientificos\/#respond"]}]},{"@type":"WebPage","@id":"https:\/\/patagoniambiental.com.ar\/info\/la-desigualdad-en-vaca-muerta-en-la-lupa-de-cientificos\/","url":"https:\/\/patagoniambiental.com.ar\/info\/la-desigualdad-en-vaca-muerta-en-la-lupa-de-cientificos\/","name":"La \"desigualdad\" en Vaca Muerta, en la lupa de cient\u00edficos","isPartOf":{"@id":"https:\/\/patagoniambiental.com.ar\/info\/#website"},"primaryImageOfPage":{"@id":"https:\/\/patagoniambiental.com.ar\/info\/la-desigualdad-en-vaca-muerta-en-la-lupa-de-cientificos\/#primaryimage"},"image":{"@id":"https:\/\/patagoniambiental.com.ar\/info\/la-desigualdad-en-vaca-muerta-en-la-lupa-de-cientificos\/#primaryimage"},"thumbnailUrl":"https:\/\/patagoniambiental.com.ar\/info\/wp-content\/uploads\/2019\/03\/0003541417.jpg","datePublished":"2019-03-27T10:00:02+00:00","breadcrumb":{"@id":"https:\/\/patagoniambiental.com.ar\/info\/la-desigualdad-en-vaca-muerta-en-la-lupa-de-cientificos\/#breadcrumb"},"inLanguage":"es","potentialAction":[{"@type":"ReadAction","target":["https:\/\/patagoniambiental.com.ar\/info\/la-desigualdad-en-vaca-muerta-en-la-lupa-de-cientificos\/"]}]},{"@type":"ImageObject","inLanguage":"es","@id":"https:\/\/patagoniambiental.com.ar\/info\/la-desigualdad-en-vaca-muerta-en-la-lupa-de-cientificos\/#primaryimage","url":"https:\/\/patagoniambiental.com.ar\/info\/wp-content\/uploads\/2019\/03\/0003541417.jpg","contentUrl":"https:\/\/patagoniambiental.com.ar\/info\/wp-content\/uploads\/2019\/03\/0003541417.jpg","width":770,"height":433},{"@type":"BreadcrumbList","@id":"https:\/\/patagoniambiental.com.ar\/info\/la-desigualdad-en-vaca-muerta-en-la-lupa-de-cientificos\/#breadcrumb","itemListElement":[{"@type":"ListItem","position":1,"name":"Inicio","item":"https:\/\/patagoniambiental.com.ar\/info\/"},{"@type":"ListItem","position":2,"name":"La \u00abdesigualdad\u00bb en Vaca Muerta, en la lupa de cient\u00edficos"}]},{"@type":"WebSite","@id":"https:\/\/patagoniambiental.com.ar\/info\/#website","url":"https:\/\/patagoniambiental.com.ar\/info\/","name":"Patagonia Ambiental","description":"Monitoreo y an\u00e1lisis de la situaci\u00f3n geopol\u00edtica en el mundo y su implicancia en la Patagonia","publisher":{"@id":"https:\/\/patagoniambiental.com.ar\/info\/#organization"},"potentialAction":[{"@type":"SearchAction","target":{"@type":"EntryPoint","urlTemplate":"https:\/\/patagoniambiental.com.ar\/info\/?s={search_term_string}"},"query-input":{"@type":"PropertyValueSpecification","valueRequired":true,"valueName":"search_term_string"}}],"inLanguage":"es"},{"@type":"Organization","@id":"https:\/\/patagoniambiental.com.ar\/info\/#organization","name":"Patagonia Ambiental","url":"https:\/\/patagoniambiental.com.ar\/info\/","logo":{"@type":"ImageObject","inLanguage":"es","@id":"https:\/\/patagoniambiental.com.ar\/info\/#\/schema\/logo\/image\/","url":"https:\/\/patagoniambiental.com.ar\/info\/wp-content\/uploads\/2025\/05\/LOGO-PATAGONIA-AMBIENTAL.png","contentUrl":"https:\/\/patagoniambiental.com.ar\/info\/wp-content\/uploads\/2025\/05\/LOGO-PATAGONIA-AMBIENTAL.png","width":433,"height":250,"caption":"Patagonia Ambiental"},"image":{"@id":"https:\/\/patagoniambiental.com.ar\/info\/#\/schema\/logo\/image\/"},"sameAs":["https:\/\/www.facebook.com\/patagonia.ambiental","https:\/\/x.com\/PatAmb"]},{"@type":"Person","@id":"https:\/\/patagoniambiental.com.ar\/info\/#\/schema\/person\/db12bff64bbcbf6a253710bf0ea37b5d","name":"Patagonia Ambiental","description":"Andr\u00e9s Nievas T\u00e9cnico en manejo ambiental, consultor Ambiental y escritor para medios locales e internacionales sobre temas de geopolitica y medio ambiente.","sameAs":["http:\/\/www.patagoniambiental.com.ar","https:\/\/www.facebook.com\/share\/1C1V8Gv9BX\/?mibextid=qi2Omg","@patagoniambiental","https:\/\/youtube.com\/@patagoniaambiental2023?si=BLt58t0wuXquxlYZ"]}]}},"_links":{"self":[{"href":"https:\/\/patagoniambiental.com.ar\/info\/wp-json\/wp\/v2\/posts\/59743","targetHints":{"allow":["GET"]}}],"collection":[{"href":"https:\/\/patagoniambiental.com.ar\/info\/wp-json\/wp\/v2\/posts"}],"about":[{"href":"https:\/\/patagoniambiental.com.ar\/info\/wp-json\/wp\/v2\/types\/post"}],"author":[{"embeddable":true,"href":"https:\/\/patagoniambiental.com.ar\/info\/wp-json\/wp\/v2\/users\/2"}],"replies":[{"embeddable":true,"href":"https:\/\/patagoniambiental.com.ar\/info\/wp-json\/wp\/v2\/comments?post=59743"}],"version-history":[{"count":0,"href":"https:\/\/patagoniambiental.com.ar\/info\/wp-json\/wp\/v2\/posts\/59743\/revisions"}],"wp:featuredmedia":[{"embeddable":true,"href":"https:\/\/patagoniambiental.com.ar\/info\/wp-json\/wp\/v2\/media\/59744"}],"wp:attachment":[{"href":"https:\/\/patagoniambiental.com.ar\/info\/wp-json\/wp\/v2\/media?parent=59743"}],"wp:term":[{"taxonomy":"category","embeddable":true,"href":"https:\/\/patagoniambiental.com.ar\/info\/wp-json\/wp\/v2\/categories?post=59743"},{"taxonomy":"post_tag","embeddable":true,"href":"https:\/\/patagoniambiental.com.ar\/info\/wp-json\/wp\/v2\/tags?post=59743"}],"curies":[{"name":"wp","href":"https:\/\/api.w.org\/{rel}","templated":true}]}}