{"id":59824,"date":"2019-03-30T07:00:39","date_gmt":"2019-03-30T10:00:39","guid":{"rendered":"http:\/\/patagoniambiental.com.ar\/info\/?p=59824"},"modified":"2019-03-28T12:26:45","modified_gmt":"2019-03-28T15:26:45","slug":"becas-para-un-curso-en-japon-sobre-gestion-integral-para-la-reduccion-del-riesgo-de-desastres","status":"publish","type":"post","link":"https:\/\/patagoniambiental.com.ar\/info\/becas-para-un-curso-en-japon-sobre-gestion-integral-para-la-reduccion-del-riesgo-de-desastres\/","title":{"rendered":"Becas para un curso en Jap\u00f3n sobre gesti\u00f3n integral para la reducci\u00f3n del riesgo de desastres"},"content":{"rendered":"<div class=\"td-post-header td-container\">\n<div class=\"td-post-header-holder sombra\">\n<header class=\"td-post-title\">\n<div class=\"td-module-meta-info\">Neuqu\u00e9n.-El curso est\u00e1 destinado a funcionarios p\u00fablicos y busca fortalecer las capacidades institucionales gubernamentales a cargo de la administraci\u00f3n de desastre. Se reciben postulaciones hasta el 30 de abril.<\/div>\n<\/header>\n<\/div>\n<\/div>\n<div class=\"td-container\">\n<div class=\"td-pb-row\">\n<div class=\"td-pb-span8 td-main-content\" role=\"main\">\n<div class=\"td-ss-main-content\">\n<div class=\"td-post-content\">\n<p><!--more--><\/p>\n<p>La secretar\u00eda de Planificaci\u00f3n y Acci\u00f3n para el Desarrollo\u2013COPADE inform\u00f3 que hasta el 30 de abril se puede postular en la Argentina a una capacitaci\u00f3n en \u201cGesti\u00f3n integral para la reducci\u00f3n del riesgo de desastres para Latinoam\u00e9rica\u201d, que se realizar\u00e1 en Jap\u00f3n.<\/p>\n<p>El curso en idioma espa\u00f1ol es ofrecido por la Agencia Internacional de Cooperaci\u00f3n Japonesa, JICA, en el marco del Programa de Co-Creaci\u00f3n de Conocimientos (KCCP).<\/p>\n<p>El cupo es limitado. Quienes resulten seleccionados viajar\u00e1n a Jap\u00f3n para capacitarse desde el 16 de junio hasta el 3 de agosto de 2019, en Kobe.<\/p>\n<p>Pueden participar de esta convocatoria personal de gobierno a cargo de la promoci\u00f3n de formulaci\u00f3n de plan regional de administraci\u00f3n de desastres, que tengan t\u00edtulo universitario o equivalente y acrediten m\u00e1s de dos a\u00f1os de experiencia laboral pr\u00e1ctica en prevenci\u00f3n y mitigaci\u00f3n de desastres. Se recomienda tener conocimientos de idioma ingl\u00e9s (no excluyente). Adem\u00e1s, deben tener entre 25 y 50 a\u00f1os.<\/p>\n<p>La regi\u00f3n latinoamericana enfrenta riesgos comunes de desastres naturales como inundaciones, r\u00e1fagas de vientos, corrimientos de tierra, terremotos y erupciones volc\u00e1nicas, los cuales causan da\u00f1os humanos y econ\u00f3micos que constituyen uno de los grandes factores que impiden el desarrollo de la regi\u00f3n.<\/p>\n<p>El Marco de Sendai para la Reducci\u00f3n del Riesgo de Desastres establece entre sus objetivos incrementar el n\u00famero de pa\u00edses que cuentan con estrategias para la reducci\u00f3n de riesgos de desastres a nivel nacional y local para 2020. Este es el caso de la provincia del Neuqu\u00e9n, que fue pionera a nivel nacional tras la sanci\u00f3n de la Ley Provincial 2713, que establece la incorporaci\u00f3n del enfoque de riesgo en la planificaci\u00f3n.<\/p>\n<p>Adem\u00e1s, en la \u201cAgenda 2030 para el Desarrollo Sostenible\u201d adoptada por los pa\u00edses miembros de las Naciones Unidas, la reducci\u00f3n del riesgo de desastres es considerada como un elemento importante para el desarrollo sostenible. El Objetivo 11 \u201cCiudades y comunidades sostenibles\u201d se refiere a la importancia de la gesti\u00f3n integral del riesgo de desastre en todos los niveles.<\/p>\n<p>Para obtener m\u00e1s informaci\u00f3n al respecto, se sugiere ingresar a www.jica.go.jp o comunicarse con Claudia Shinzato, de la JICA en Argentina, al tel\u00e9fono (11) 4313-8901 o a los correos electr\u00f3nicos jicaargentina.becas@gmail.com y ShinzatoClaudia.AG@jica.go.jp<\/p>\n<p>Registro provincial<\/p>\n<p>Desde la secretar\u00eda del COPADE se les solicit\u00f3 a los interesados en postularse a esta convocatoria que mantengan en copia al COPADE en los correos electr\u00f3nicos que intercambien con la instituci\u00f3n oferente de la beca, para realizar el seguimiento de su postulaci\u00f3n y en caso de resultar admitidos, sumarlos al registro provincial de beneficiarios de este tipo de programas. El contacto para remitir tal informaci\u00f3n es becas_copade@neuquen.gov.ar.<\/p>\n<\/div>\n<\/div>\n<\/div>\n<\/div>\n<\/div>\n<p>Fuente: Neuqu\u00e9n Informa<\/p>\n","protected":false},"excerpt":{"rendered":"<p>Neuqu\u00e9n.-El curso est\u00e1 destinado a funcionarios p\u00fablicos y busca fortalecer las capacidades institucionales gubernamentales a cargo de la administraci\u00f3n de [&hellip;]<\/p>\n","protected":false},"author":2,"featured_media":59825,"comment_status":"open","ping_status":"open","sticky":false,"template":"","format":"standard","meta":{"site-sidebar-layout":"default","site-content-layout":"","ast-site-content-layout":"default","site-content-style":"default","site-sidebar-style":"default","ast-global-header-display":"","ast-banner-title-visibility":"","ast-main-header-display":"","ast-hfb-above-header-display":"","ast-hfb-below-header-display":"","ast-hfb-mobile-header-display":"","site-post-title":"","ast-breadcrumbs-content":"","ast-featured-img":"","footer-sml-layout":"","ast-disable-related-posts":"","theme-transparent-header-meta":"","adv-header-id-meta":"","stick-header-meta":"","header-above-stick-meta":"","header-main-stick-meta":"","header-below-stick-meta":"","astra-migrate-meta-layouts":"default","ast-page-background-enabled":"default","ast-page-background-meta":{"desktop":{"background-color":"var(--ast-global-color-5)","background-image":"","background-repeat":"repeat","background-position":"center center","background-size":"auto","background-attachment":"scroll","background-type":"","background-media":"","overlay-type":"","overlay-color":"","overlay-opacity":"","overlay-gradient":""},"tablet":{"background-color":"","background-image":"","background-repeat":"repeat","background-position":"center center","background-size":"auto","background-attachment":"scroll","background-type":"","background-media":"","overlay-type":"","overlay-color":"","overlay-opacity":"","overlay-gradient":""},"mobile":{"background-color":"","background-image":"","background-repeat":"repeat","background-position":"center center","background-size":"auto","background-attachment":"scroll","background-type":"","background-media":"","overlay-type":"","overlay-color":"","overlay-opacity":"","overlay-gradient":""}},"ast-content-background-meta":{"desktop":{"background-color":"var(--ast-global-color-4)","background-image":"","background-repeat":"repeat","background-position":"center center","background-size":"auto","background-attachment":"scroll","background-type":"","background-media":"","overlay-type":"","overlay-color":"","overlay-opacity":"","overlay-gradient":""},"tablet":{"background-color":"var(--ast-global-color-4)","background-image":"","background-repeat":"repeat","background-position":"center center","background-size":"auto","background-attachment":"scroll","background-type":"","background-media":"","overlay-type":"","overlay-color":"","overlay-opacity":"","overlay-gradient":""},"mobile":{"background-color":"var(--ast-global-color-4)","background-image":"","background-repeat":"repeat","background-position":"center center","background-size":"auto","background-attachment":"scroll","background-type":"","background-media":"","overlay-type":"","overlay-color":"","overlay-opacity":"","overlay-gradient":""}},"footnotes":""},"categories":[18,1,13],"tags":[],"class_list":["post-59824","post","type-post","status-publish","format-standard","has-post-thumbnail","hentry","category-neuquen","category-noticias","category-provinciales"],"yoast_head":"<!-- This site is optimized with the Yoast SEO Premium plugin v23.0 (Yoast SEO v27.4) - https:\/\/yoast.com\/product\/yoast-seo-premium-wordpress\/ -->\n<title>Becas para un curso en Jap\u00f3n sobre gesti\u00f3n integral para la reducci\u00f3n del riesgo de desastres<\/title>\n<meta name=\"robots\" content=\"index, follow, max-snippet:-1, max-image-preview:large, max-video-preview:-1\" \/>\n<link rel=\"canonical\" href=\"https:\/\/patagoniambiental.com.ar\/info\/becas-para-un-curso-en-japon-sobre-gestion-integral-para-la-reduccion-del-riesgo-de-desastres\/\" \/>\n<meta property=\"og:locale\" content=\"es_ES\" \/>\n<meta property=\"og:type\" content=\"article\" \/>\n<meta property=\"og:title\" content=\"Becas para un curso en Jap\u00f3n sobre gesti\u00f3n integral para la reducci\u00f3n del riesgo de desastres\" \/>\n<meta property=\"og:description\" content=\"Neuqu\u00e9n.-El curso est\u00e1 destinado a funcionarios p\u00fablicos y busca fortalecer las capacidades institucionales gubernamentales a cargo de la administraci\u00f3n de [&hellip;]\" \/>\n<meta property=\"og:url\" content=\"https:\/\/patagoniambiental.com.ar\/info\/becas-para-un-curso-en-japon-sobre-gestion-integral-para-la-reduccion-del-riesgo-de-desastres\/\" \/>\n<meta property=\"og:site_name\" content=\"Patagonia Ambiental\" \/>\n<meta property=\"article:publisher\" content=\"https:\/\/www.facebook.com\/patagonia.ambiental\" \/>\n<meta property=\"article:author\" content=\"https:\/\/www.facebook.com\/share\/1C1V8Gv9BX\/?mibextid=qi2Omg\" \/>\n<meta property=\"article:published_time\" content=\"2019-03-30T10:00:39+00:00\" \/>\n<meta property=\"og:image\" content=\"https:\/\/patagoniambiental.com.ar\/info\/wp-content\/uploads\/2019\/03\/WEB-cursos-para-argentinos-en-Jap\u00f3n-JICA-IMG_9073.jpg\" \/>\n\t<meta property=\"og:image:width\" content=\"1403\" \/>\n\t<meta property=\"og:image:height\" content=\"693\" \/>\n\t<meta property=\"og:image:type\" content=\"image\/jpeg\" \/>\n<meta name=\"author\" content=\"Patagonia Ambiental\" \/>\n<meta name=\"twitter:card\" content=\"summary_large_image\" \/>\n<meta name=\"twitter:creator\" content=\"@PatAmb\" \/>\n<meta name=\"twitter:site\" content=\"@PatAmb\" \/>\n<script type=\"application\/ld+json\" class=\"yoast-schema-graph\">{\"@context\":\"https:\\\/\\\/schema.org\",\"@graph\":[{\"@type\":\"Article\",\"@id\":\"https:\\\/\\\/patagoniambiental.com.ar\\\/info\\\/becas-para-un-curso-en-japon-sobre-gestion-integral-para-la-reduccion-del-riesgo-de-desastres\\\/#article\",\"isPartOf\":{\"@id\":\"https:\\\/\\\/patagoniambiental.com.ar\\\/info\\\/becas-para-un-curso-en-japon-sobre-gestion-integral-para-la-reduccion-del-riesgo-de-desastres\\\/\"},\"author\":{\"name\":\"Patagonia Ambiental\",\"@id\":\"https:\\\/\\\/patagoniambiental.com.ar\\\/info\\\/#\\\/schema\\\/person\\\/db12bff64bbcbf6a253710bf0ea37b5d\"},\"headline\":\"Becas para un curso en Jap\u00f3n sobre gesti\u00f3n integral para la reducci\u00f3n del riesgo de desastres\",\"datePublished\":\"2019-03-30T10:00:39+00:00\",\"mainEntityOfPage\":{\"@id\":\"https:\\\/\\\/patagoniambiental.com.ar\\\/info\\\/becas-para-un-curso-en-japon-sobre-gestion-integral-para-la-reduccion-del-riesgo-de-desastres\\\/\"},\"wordCount\":539,\"commentCount\":0,\"publisher\":{\"@id\":\"https:\\\/\\\/patagoniambiental.com.ar\\\/info\\\/#organization\"},\"image\":{\"@id\":\"https:\\\/\\\/patagoniambiental.com.ar\\\/info\\\/becas-para-un-curso-en-japon-sobre-gestion-integral-para-la-reduccion-del-riesgo-de-desastres\\\/#primaryimage\"},\"thumbnailUrl\":\"https:\\\/\\\/patagoniambiental.com.ar\\\/info\\\/wp-content\\\/uploads\\\/2019\\\/03\\\/WEB-cursos-para-argentinos-en-Jap\u00f3n-JICA-IMG_9073.jpg\",\"articleSection\":[\"Neuqu\u00e9n\",\"Noticias\",\"Provinciales\"],\"inLanguage\":\"es\",\"potentialAction\":[{\"@type\":\"CommentAction\",\"name\":\"Comment\",\"target\":[\"https:\\\/\\\/patagoniambiental.com.ar\\\/info\\\/becas-para-un-curso-en-japon-sobre-gestion-integral-para-la-reduccion-del-riesgo-de-desastres\\\/#respond\"]}]},{\"@type\":\"WebPage\",\"@id\":\"https:\\\/\\\/patagoniambiental.com.ar\\\/info\\\/becas-para-un-curso-en-japon-sobre-gestion-integral-para-la-reduccion-del-riesgo-de-desastres\\\/\",\"url\":\"https:\\\/\\\/patagoniambiental.com.ar\\\/info\\\/becas-para-un-curso-en-japon-sobre-gestion-integral-para-la-reduccion-del-riesgo-de-desastres\\\/\",\"name\":\"Becas para un curso en Jap\u00f3n sobre gesti\u00f3n integral para la reducci\u00f3n del riesgo de desastres\",\"isPartOf\":{\"@id\":\"https:\\\/\\\/patagoniambiental.com.ar\\\/info\\\/#website\"},\"primaryImageOfPage\":{\"@id\":\"https:\\\/\\\/patagoniambiental.com.ar\\\/info\\\/becas-para-un-curso-en-japon-sobre-gestion-integral-para-la-reduccion-del-riesgo-de-desastres\\\/#primaryimage\"},\"image\":{\"@id\":\"https:\\\/\\\/patagoniambiental.com.ar\\\/info\\\/becas-para-un-curso-en-japon-sobre-gestion-integral-para-la-reduccion-del-riesgo-de-desastres\\\/#primaryimage\"},\"thumbnailUrl\":\"https:\\\/\\\/patagoniambiental.com.ar\\\/info\\\/wp-content\\\/uploads\\\/2019\\\/03\\\/WEB-cursos-para-argentinos-en-Jap\u00f3n-JICA-IMG_9073.jpg\",\"datePublished\":\"2019-03-30T10:00:39+00:00\",\"breadcrumb\":{\"@id\":\"https:\\\/\\\/patagoniambiental.com.ar\\\/info\\\/becas-para-un-curso-en-japon-sobre-gestion-integral-para-la-reduccion-del-riesgo-de-desastres\\\/#breadcrumb\"},\"inLanguage\":\"es\",\"potentialAction\":[{\"@type\":\"ReadAction\",\"target\":[\"https:\\\/\\\/patagoniambiental.com.ar\\\/info\\\/becas-para-un-curso-en-japon-sobre-gestion-integral-para-la-reduccion-del-riesgo-de-desastres\\\/\"]}]},{\"@type\":\"ImageObject\",\"inLanguage\":\"es\",\"@id\":\"https:\\\/\\\/patagoniambiental.com.ar\\\/info\\\/becas-para-un-curso-en-japon-sobre-gestion-integral-para-la-reduccion-del-riesgo-de-desastres\\\/#primaryimage\",\"url\":\"https:\\\/\\\/patagoniambiental.com.ar\\\/info\\\/wp-content\\\/uploads\\\/2019\\\/03\\\/WEB-cursos-para-argentinos-en-Jap\u00f3n-JICA-IMG_9073.jpg\",\"contentUrl\":\"https:\\\/\\\/patagoniambiental.com.ar\\\/info\\\/wp-content\\\/uploads\\\/2019\\\/03\\\/WEB-cursos-para-argentinos-en-Jap\u00f3n-JICA-IMG_9073.jpg\",\"width\":1200,\"height\":593},{\"@type\":\"BreadcrumbList\",\"@id\":\"https:\\\/\\\/patagoniambiental.com.ar\\\/info\\\/becas-para-un-curso-en-japon-sobre-gestion-integral-para-la-reduccion-del-riesgo-de-desastres\\\/#breadcrumb\",\"itemListElement\":[{\"@type\":\"ListItem\",\"position\":1,\"name\":\"Inicio\",\"item\":\"https:\\\/\\\/patagoniambiental.com.ar\\\/info\\\/\"},{\"@type\":\"ListItem\",\"position\":2,\"name\":\"Becas para un curso en Jap\u00f3n sobre gesti\u00f3n integral para la reducci\u00f3n del riesgo de desastres\"}]},{\"@type\":\"WebSite\",\"@id\":\"https:\\\/\\\/patagoniambiental.com.ar\\\/info\\\/#website\",\"url\":\"https:\\\/\\\/patagoniambiental.com.ar\\\/info\\\/\",\"name\":\"Patagonia Ambiental\",\"description\":\"Monitoreo y an\u00e1lisis de la situaci\u00f3n geopol\u00edtica en el mundo y su implicancia en la Patagonia\",\"publisher\":{\"@id\":\"https:\\\/\\\/patagoniambiental.com.ar\\\/info\\\/#organization\"},\"potentialAction\":[{\"@type\":\"SearchAction\",\"target\":{\"@type\":\"EntryPoint\",\"urlTemplate\":\"https:\\\/\\\/patagoniambiental.com.ar\\\/info\\\/?s={search_term_string}\"},\"query-input\":{\"@type\":\"PropertyValueSpecification\",\"valueRequired\":true,\"valueName\":\"search_term_string\"}}],\"inLanguage\":\"es\"},{\"@type\":\"Organization\",\"@id\":\"https:\\\/\\\/patagoniambiental.com.ar\\\/info\\\/#organization\",\"name\":\"Patagonia Ambiental\",\"url\":\"https:\\\/\\\/patagoniambiental.com.ar\\\/info\\\/\",\"logo\":{\"@type\":\"ImageObject\",\"inLanguage\":\"es\",\"@id\":\"https:\\\/\\\/patagoniambiental.com.ar\\\/info\\\/#\\\/schema\\\/logo\\\/image\\\/\",\"url\":\"https:\\\/\\\/patagoniambiental.com.ar\\\/info\\\/wp-content\\\/uploads\\\/2025\\\/05\\\/LOGO-PATAGONIA-AMBIENTAL.png\",\"contentUrl\":\"https:\\\/\\\/patagoniambiental.com.ar\\\/info\\\/wp-content\\\/uploads\\\/2025\\\/05\\\/LOGO-PATAGONIA-AMBIENTAL.png\",\"width\":433,\"height\":250,\"caption\":\"Patagonia Ambiental\"},\"image\":{\"@id\":\"https:\\\/\\\/patagoniambiental.com.ar\\\/info\\\/#\\\/schema\\\/logo\\\/image\\\/\"},\"sameAs\":[\"https:\\\/\\\/www.facebook.com\\\/patagonia.ambiental\",\"https:\\\/\\\/x.com\\\/PatAmb\"]},{\"@type\":\"Person\",\"@id\":\"https:\\\/\\\/patagoniambiental.com.ar\\\/info\\\/#\\\/schema\\\/person\\\/db12bff64bbcbf6a253710bf0ea37b5d\",\"name\":\"Patagonia Ambiental\",\"description\":\"Andr\u00e9s Nievas T\u00e9cnico en manejo ambiental, consultor Ambiental y escritor para medios locales e internacionales sobre temas de geopolitica y medio ambiente.\",\"sameAs\":[\"http:\\\/\\\/www.patagoniambiental.com.ar\",\"https:\\\/\\\/www.facebook.com\\\/share\\\/1C1V8Gv9BX\\\/?mibextid=qi2Omg\",\"@patagoniambiental\",\"https:\\\/\\\/youtube.com\\\/@patagoniaambiental2023?si=BLt58t0wuXquxlYZ\"]}]}<\/script>\n<!-- \/ Yoast SEO Premium plugin. -->","yoast_head_json":{"title":"Becas para un curso en Jap\u00f3n sobre gesti\u00f3n integral para la reducci\u00f3n del riesgo de desastres","robots":{"index":"index","follow":"follow","max-snippet":"max-snippet:-1","max-image-preview":"max-image-preview:large","max-video-preview":"max-video-preview:-1"},"canonical":"https:\/\/patagoniambiental.com.ar\/info\/becas-para-un-curso-en-japon-sobre-gestion-integral-para-la-reduccion-del-riesgo-de-desastres\/","og_locale":"es_ES","og_type":"article","og_title":"Becas para un curso en Jap\u00f3n sobre gesti\u00f3n integral para la reducci\u00f3n del riesgo de desastres","og_description":"Neuqu\u00e9n.-El curso est\u00e1 destinado a funcionarios p\u00fablicos y busca fortalecer las capacidades institucionales gubernamentales a cargo de la administraci\u00f3n de [&hellip;]","og_url":"https:\/\/patagoniambiental.com.ar\/info\/becas-para-un-curso-en-japon-sobre-gestion-integral-para-la-reduccion-del-riesgo-de-desastres\/","og_site_name":"Patagonia Ambiental","article_publisher":"https:\/\/www.facebook.com\/patagonia.ambiental","article_author":"https:\/\/www.facebook.com\/share\/1C1V8Gv9BX\/?mibextid=qi2Omg","article_published_time":"2019-03-30T10:00:39+00:00","og_image":[{"width":1403,"height":693,"url":"https:\/\/patagoniambiental.com.ar\/info\/wp-content\/uploads\/2019\/03\/WEB-cursos-para-argentinos-en-Jap\u00f3n-JICA-IMG_9073.jpg","type":"image\/jpeg"}],"author":"Patagonia Ambiental","twitter_card":"summary_large_image","twitter_creator":"@PatAmb","twitter_site":"@PatAmb","schema":{"@context":"https:\/\/schema.org","@graph":[{"@type":"Article","@id":"https:\/\/patagoniambiental.com.ar\/info\/becas-para-un-curso-en-japon-sobre-gestion-integral-para-la-reduccion-del-riesgo-de-desastres\/#article","isPartOf":{"@id":"https:\/\/patagoniambiental.com.ar\/info\/becas-para-un-curso-en-japon-sobre-gestion-integral-para-la-reduccion-del-riesgo-de-desastres\/"},"author":{"name":"Patagonia Ambiental","@id":"https:\/\/patagoniambiental.com.ar\/info\/#\/schema\/person\/db12bff64bbcbf6a253710bf0ea37b5d"},"headline":"Becas para un curso en Jap\u00f3n sobre gesti\u00f3n integral para la reducci\u00f3n del riesgo de desastres","datePublished":"2019-03-30T10:00:39+00:00","mainEntityOfPage":{"@id":"https:\/\/patagoniambiental.com.ar\/info\/becas-para-un-curso-en-japon-sobre-gestion-integral-para-la-reduccion-del-riesgo-de-desastres\/"},"wordCount":539,"commentCount":0,"publisher":{"@id":"https:\/\/patagoniambiental.com.ar\/info\/#organization"},"image":{"@id":"https:\/\/patagoniambiental.com.ar\/info\/becas-para-un-curso-en-japon-sobre-gestion-integral-para-la-reduccion-del-riesgo-de-desastres\/#primaryimage"},"thumbnailUrl":"https:\/\/patagoniambiental.com.ar\/info\/wp-content\/uploads\/2019\/03\/WEB-cursos-para-argentinos-en-Jap\u00f3n-JICA-IMG_9073.jpg","articleSection":["Neuqu\u00e9n","Noticias","Provinciales"],"inLanguage":"es","potentialAction":[{"@type":"CommentAction","name":"Comment","target":["https:\/\/patagoniambiental.com.ar\/info\/becas-para-un-curso-en-japon-sobre-gestion-integral-para-la-reduccion-del-riesgo-de-desastres\/#respond"]}]},{"@type":"WebPage","@id":"https:\/\/patagoniambiental.com.ar\/info\/becas-para-un-curso-en-japon-sobre-gestion-integral-para-la-reduccion-del-riesgo-de-desastres\/","url":"https:\/\/patagoniambiental.com.ar\/info\/becas-para-un-curso-en-japon-sobre-gestion-integral-para-la-reduccion-del-riesgo-de-desastres\/","name":"Becas para un curso en Jap\u00f3n sobre gesti\u00f3n integral para la reducci\u00f3n del riesgo de desastres","isPartOf":{"@id":"https:\/\/patagoniambiental.com.ar\/info\/#website"},"primaryImageOfPage":{"@id":"https:\/\/patagoniambiental.com.ar\/info\/becas-para-un-curso-en-japon-sobre-gestion-integral-para-la-reduccion-del-riesgo-de-desastres\/#primaryimage"},"image":{"@id":"https:\/\/patagoniambiental.com.ar\/info\/becas-para-un-curso-en-japon-sobre-gestion-integral-para-la-reduccion-del-riesgo-de-desastres\/#primaryimage"},"thumbnailUrl":"https:\/\/patagoniambiental.com.ar\/info\/wp-content\/uploads\/2019\/03\/WEB-cursos-para-argentinos-en-Jap\u00f3n-JICA-IMG_9073.jpg","datePublished":"2019-03-30T10:00:39+00:00","breadcrumb":{"@id":"https:\/\/patagoniambiental.com.ar\/info\/becas-para-un-curso-en-japon-sobre-gestion-integral-para-la-reduccion-del-riesgo-de-desastres\/#breadcrumb"},"inLanguage":"es","potentialAction":[{"@type":"ReadAction","target":["https:\/\/patagoniambiental.com.ar\/info\/becas-para-un-curso-en-japon-sobre-gestion-integral-para-la-reduccion-del-riesgo-de-desastres\/"]}]},{"@type":"ImageObject","inLanguage":"es","@id":"https:\/\/patagoniambiental.com.ar\/info\/becas-para-un-curso-en-japon-sobre-gestion-integral-para-la-reduccion-del-riesgo-de-desastres\/#primaryimage","url":"https:\/\/patagoniambiental.com.ar\/info\/wp-content\/uploads\/2019\/03\/WEB-cursos-para-argentinos-en-Jap\u00f3n-JICA-IMG_9073.jpg","contentUrl":"https:\/\/patagoniambiental.com.ar\/info\/wp-content\/uploads\/2019\/03\/WEB-cursos-para-argentinos-en-Jap\u00f3n-JICA-IMG_9073.jpg","width":1200,"height":593},{"@type":"BreadcrumbList","@id":"https:\/\/patagoniambiental.com.ar\/info\/becas-para-un-curso-en-japon-sobre-gestion-integral-para-la-reduccion-del-riesgo-de-desastres\/#breadcrumb","itemListElement":[{"@type":"ListItem","position":1,"name":"Inicio","item":"https:\/\/patagoniambiental.com.ar\/info\/"},{"@type":"ListItem","position":2,"name":"Becas para un curso en Jap\u00f3n sobre gesti\u00f3n integral para la reducci\u00f3n del riesgo de desastres"}]},{"@type":"WebSite","@id":"https:\/\/patagoniambiental.com.ar\/info\/#website","url":"https:\/\/patagoniambiental.com.ar\/info\/","name":"Patagonia Ambiental","description":"Monitoreo y an\u00e1lisis de la situaci\u00f3n geopol\u00edtica en el mundo y su implicancia en la Patagonia","publisher":{"@id":"https:\/\/patagoniambiental.com.ar\/info\/#organization"},"potentialAction":[{"@type":"SearchAction","target":{"@type":"EntryPoint","urlTemplate":"https:\/\/patagoniambiental.com.ar\/info\/?s={search_term_string}"},"query-input":{"@type":"PropertyValueSpecification","valueRequired":true,"valueName":"search_term_string"}}],"inLanguage":"es"},{"@type":"Organization","@id":"https:\/\/patagoniambiental.com.ar\/info\/#organization","name":"Patagonia Ambiental","url":"https:\/\/patagoniambiental.com.ar\/info\/","logo":{"@type":"ImageObject","inLanguage":"es","@id":"https:\/\/patagoniambiental.com.ar\/info\/#\/schema\/logo\/image\/","url":"https:\/\/patagoniambiental.com.ar\/info\/wp-content\/uploads\/2025\/05\/LOGO-PATAGONIA-AMBIENTAL.png","contentUrl":"https:\/\/patagoniambiental.com.ar\/info\/wp-content\/uploads\/2025\/05\/LOGO-PATAGONIA-AMBIENTAL.png","width":433,"height":250,"caption":"Patagonia Ambiental"},"image":{"@id":"https:\/\/patagoniambiental.com.ar\/info\/#\/schema\/logo\/image\/"},"sameAs":["https:\/\/www.facebook.com\/patagonia.ambiental","https:\/\/x.com\/PatAmb"]},{"@type":"Person","@id":"https:\/\/patagoniambiental.com.ar\/info\/#\/schema\/person\/db12bff64bbcbf6a253710bf0ea37b5d","name":"Patagonia Ambiental","description":"Andr\u00e9s Nievas T\u00e9cnico en manejo ambiental, consultor Ambiental y escritor para medios locales e internacionales sobre temas de geopolitica y medio ambiente.","sameAs":["http:\/\/www.patagoniambiental.com.ar","https:\/\/www.facebook.com\/share\/1C1V8Gv9BX\/?mibextid=qi2Omg","@patagoniambiental","https:\/\/youtube.com\/@patagoniaambiental2023?si=BLt58t0wuXquxlYZ"]}]}},"_links":{"self":[{"href":"https:\/\/patagoniambiental.com.ar\/info\/wp-json\/wp\/v2\/posts\/59824","targetHints":{"allow":["GET"]}}],"collection":[{"href":"https:\/\/patagoniambiental.com.ar\/info\/wp-json\/wp\/v2\/posts"}],"about":[{"href":"https:\/\/patagoniambiental.com.ar\/info\/wp-json\/wp\/v2\/types\/post"}],"author":[{"embeddable":true,"href":"https:\/\/patagoniambiental.com.ar\/info\/wp-json\/wp\/v2\/users\/2"}],"replies":[{"embeddable":true,"href":"https:\/\/patagoniambiental.com.ar\/info\/wp-json\/wp\/v2\/comments?post=59824"}],"version-history":[{"count":0,"href":"https:\/\/patagoniambiental.com.ar\/info\/wp-json\/wp\/v2\/posts\/59824\/revisions"}],"wp:featuredmedia":[{"embeddable":true,"href":"https:\/\/patagoniambiental.com.ar\/info\/wp-json\/wp\/v2\/media\/59825"}],"wp:attachment":[{"href":"https:\/\/patagoniambiental.com.ar\/info\/wp-json\/wp\/v2\/media?parent=59824"}],"wp:term":[{"taxonomy":"category","embeddable":true,"href":"https:\/\/patagoniambiental.com.ar\/info\/wp-json\/wp\/v2\/categories?post=59824"},{"taxonomy":"post_tag","embeddable":true,"href":"https:\/\/patagoniambiental.com.ar\/info\/wp-json\/wp\/v2\/tags?post=59824"}],"curies":[{"name":"wp","href":"https:\/\/api.w.org\/{rel}","templated":true}]}}