{"id":59885,"date":"2019-04-02T07:00:24","date_gmt":"2019-04-02T10:00:24","guid":{"rendered":"http:\/\/patagoniambiental.com.ar\/info\/?p=59885"},"modified":"2019-04-01T16:15:08","modified_gmt":"2019-04-01T19:15:08","slug":"chau-caniles-la-muni-de-neuquen-no-encerrara-mas-a-los-perros","status":"publish","type":"post","link":"https:\/\/patagoniambiental.com.ar\/info\/chau-caniles-la-muni-de-neuquen-no-encerrara-mas-a-los-perros\/","title":{"rendered":"Chau caniles: la Muni de Neuqu\u00e9n no encerrar\u00e1 m\u00e1s a los perros"},"content":{"rendered":"<article id=\"article-post\" class=\"cat-rojo\">\n<header>\n<div class=\"row\">\n<div class=\"col-xs-12\">\n<p class=\"title\">Neuqu\u00e9n.-Apostar\u00e1 a las castraciones y a las adopciones solidarias de mascotas.<\/p>\n<p><!--more--><\/p>\n<\/div>\n<\/div>\n<\/header>\n<div class=\"head-image thumb-wrap relative\">\n<div id=\"content-gallery\">\n<div id=\"fotogaleria-Object_3184_1797\" class=\"gallery\">\n<div class=\"col2\">\n<p class=\"image itemGallery classid557151\"><a title=\"\" href=\"https:\/\/media.lmneuquen.com\/adjuntos\/195\/imagenes\/003\/547\/0003547869.jpg\"><img fetchpriority=\"high\" decoding=\"async\" title=\"Chau caniles: la Muni no encerrar\u00e1 m\u00e1s a los perros\" src=\"https:\/\/media.lmneuquen.com\/adjuntos\/195\/imagenes\/003\/547\/0003547869.jpg\" alt=\"Chau caniles: la Muni no encerrar\u00e1 m\u00e1s a los perros\" width=\"770\" height=\"433\" \/><\/a><\/p>\n<div class=\"gallery-header\"><\/div>\n<\/div>\n<div class=\"clearfix\"><\/div>\n<\/div>\n<\/div>\n<\/div>\n<div class=\"cuerpo\">\n<p><strong>POR ALEJANDRO OLIVERA &#8211; oliveraa@lmneuquen.com.ar<\/strong><\/p>\n<p>La Municipalidad de Neuqu\u00e9n plante\u00f3 un cambio en la forma de tratar a los animales callejeros. Dejar\u00e1 de alojarlos en los caniles de\u00a0<a class=\"agrupador\" href=\"http:\/\/www.lmneuquen.com\/zoonosis-a1325\" rel=\"1325\">Zoonosis<\/a>, ya que considera que se trata de maltrato animal, y apuesta a reforzar las campa\u00f1as de castraciones para que en pocos a\u00f1os la cantidad de perros que deambulan por la ciudad se reduzca exponencialmente.<\/p>\n<\/div>\n<\/article>\n<p>\u201cEstamos cambiando la visi\u00f3n de la pol\u00edtica de mascotas\u201d, dijo a este medio el secretario de Coordinaci\u00f3n y Gobierno, Marcelo Berm\u00fadez.<\/p>\n<article id=\"article-post\" class=\"cat-rojo\">\n<div class=\"cuerpo\">\n<p>El martes, personal municipal retir\u00f3 las jaulas del complejo que tiene el \u00e1rea en Parque Industrial. Al respecto, el funcionario indic\u00f3 que el trabajo que realizan junto a las asociaciones protectoras de animales les hizo entender que encerrar a los canes es un acto de crueldad.<\/p>\n<div id=\"557149-Libre-662049244_wrap\" class=\"embed_cont type_imagen\">\n<div id=\"557149-Libre-662049244_content\" class=\"embed_content\"><img decoding=\"async\" id=\"557149-Libre-662049244_embed\" src=\"https:\/\/www.lmneuquen.com\/css\/195\/lazy.svg\" alt=\"\" longdesc=\"https:\/\/media.lmneuquen.com\/adjuntos\/195\/imagenes\/003\/547\/0003547847.jpg?0000-00-00-00-00-00\" \/><\/div>\n<\/div>\n<p>\u201cTuvimos un caso en el que la Justicia nos pidi\u00f3 que le saquemos un perro a un hombre que lo ten\u00eda atado todo el d\u00eda y termin\u00f3 encerrado en un canil, por lo que su situaci\u00f3n no cambi\u00f3 sustancialmente\u201d, ejemplific\u00f3.<\/p>\n<p><span id=\"saysCMSEmphasisl5jqejxgps\" class=\"saysCMSEmphasis\">230 perros en dos d\u00edas fueron castrados por la Municipalidad<\/span><\/p>\n<p>Es por eso que determinaron que Zoonosis dejar\u00e1 de ser \u201cun dep\u00f3sito de perros\u201d, para convertirse en un centro de detecci\u00f3n y an\u00e1lisis de enfermedades, control r\u00e1bico y estancia de animales peligrosos para la sociedad.<\/p>\n<p>En consecuencia, la pr\u00f3xima semana lanzar\u00e1n una campa\u00f1a de adopci\u00f3n para que las familias neuquinas se lleven uno de los \u00faltimos perros que fueron encerrados en el lugar.<\/p>\n<p>\u201cEsto tambi\u00e9n se complementa con una fuerte campa\u00f1a de castraci\u00f3n. Gracias a los v\u00ednculos que establecimos con las sociedades protectoras de animales, tenemos muchas expectativas de que este a\u00f1o podamos superar las 10 mil esterilizaciones que hicimos el a\u00f1o pasado\u201d, sostuvo Berm\u00fadez.<\/p>\n<div id=\"557150-Libre-1110085780_wrap\" class=\"embed_cont type_imagen\">\n<div id=\"557150-Libre-1110085780_content\" class=\"embed_content\"><img decoding=\"async\" id=\"557150-Libre-1110085780_embed\" src=\"https:\/\/www.lmneuquen.com\/css\/195\/lazy.svg\" alt=\"\" longdesc=\"https:\/\/media.lmneuquen.com\/adjuntos\/195\/imagenes\/003\/547\/0003547858.jpg?0000-00-00-00-00-00\" \/><\/div>\n<\/div>\n<p><span id=\"saysCMSEmphasiso7zxp8eezze\" class=\"saysCMSEmphasis\">65 canes ser\u00e1n dados en adopci\u00f3n por la Municipalidad<\/span><\/p>\n<p>El funcionario se\u00f1al\u00f3 que la sociedad neuquina atraviesa un cambio cultural, \u201cgracias al esfuerzo de la Municipalidad y el compromiso de las sociedades proteccionistas y los vecinos\u201d, quienes recurren a las castraciones gratuitas que hace Zoonosis.<\/p>\n<p>Berm\u00fadez apel\u00f3 a la humanidad de los neuquinos para que se acerquen a la sede de Zoonosis de Parque Industrial y adopten a uno de los 65 perros que a\u00fan esperan un hogar en la ciudad.<\/p>\n<h3>&#8211;&gt; Otro censo para reducir la cantidad de animales sueltos en la ciudad<\/h3>\n<p>El a\u00f1o pasado, el Ejecutivo municipal hizo un censo sobre la poblaci\u00f3n canina, que arroj\u00f3 que hay unos 10 mil perros en las calles neuquinas. A mediados de octubre, las autoridades repetir\u00e1n el procedimiento para analizar la evoluci\u00f3n del fen\u00f3meno y elegir cu\u00e1les ser\u00e1n los pasos a tomar.<\/p>\n<div id=\"557152-Libre-745822680_wrap\" class=\"embed_cont type_imagen\">\n<div id=\"557152-Libre-745822680_content\" class=\"embed_content\"><img decoding=\"async\" id=\"557152-Libre-745822680_embed\" src=\"https:\/\/www.lmneuquen.com\/css\/195\/lazy.svg\" alt=\"\" longdesc=\"https:\/\/media.lmneuquen.com\/adjuntos\/195\/imagenes\/003\/547\/0003547880.jpg?0000-00-00-00-00-00\" \/><\/div>\n<\/div>\n<p>Marcelo Berm\u00fadez explic\u00f3 que se trata de un proceso que tiene normas que fijan los criterios para tomar muestras que proyecten un n\u00famero estad\u00edstico aproximado. \u201cCada barrio abordado por los trabajadores se divide en c\u00e9lulas y extrapola una cifra que nos acerca a la realidad\u201d, precis\u00f3, y agreg\u00f3 que se trata de un m\u00e9todo cient\u00edfico bastante exacto.<\/p>\n<p>Cabe recordar que hay vecinos, de distintos sectores de la ciudad, que el a\u00f1o pasado la pasaron realmente mal por la presencia de perros cimarrones. Colonia Rural Nueva Esperanza, uno de los barrios m\u00e1s postergados de Neuqu\u00e9n, fue el epicentro de la actividad canina. Las jaur\u00edas atacaban a la gente mientras esperaban el colectivo y mataban el ganado de los crianceros. Esto se da, principalmente, porque mucha gente abandona a las cr\u00edas de sus perros en la meseta, lo que produce una superpoblaci\u00f3n en una de las \u00e1reas circundantes al Complejo Ambiental Neuqu\u00e9n, un lugar al que recurren los animales para buscar comida entre la basura.<\/p>\n<p>Si bien hay vecinos que proponen que se elimine a los animales que suponen un peligro, lo cierto es que Neuqu\u00e9n es una ciudad no eutan\u00e1sica.<\/p>\n<p>A sabiendas de esto, la Municipalidad apuesta a reducir la poblaci\u00f3n canina con una fuerte campa\u00f1a de esterilizaci\u00f3n. Sin embargo, no se trata de una soluci\u00f3n m\u00e1gica que terminar\u00e1 con el problema de la noche a la ma\u00f1ana, sino que tardar\u00e1 varios a\u00f1os en surtir efecto.<\/p>\n<p>Fuente: La Ma\u00f1ana Neuqu\u00e9n<\/p>\n<\/div>\n<\/article>\n","protected":false},"excerpt":{"rendered":"<p>Neuqu\u00e9n.-Apostar\u00e1 a las castraciones y a las adopciones solidarias de mascotas.<\/p>\n","protected":false},"author":2,"featured_media":59886,"comment_status":"open","ping_status":"open","sticky":false,"template":"","format":"standard","meta":{"site-sidebar-layout":"default","site-content-layout":"","ast-site-content-layout":"default","site-content-style":"default","site-sidebar-style":"default","ast-global-header-display":"","ast-banner-title-visibility":"","ast-main-header-display":"","ast-hfb-above-header-display":"","ast-hfb-below-header-display":"","ast-hfb-mobile-header-display":"","site-post-title":"","ast-breadcrumbs-content":"","ast-featured-img":"","footer-sml-layout":"","ast-disable-related-posts":"","theme-transparent-header-meta":"","adv-header-id-meta":"","stick-header-meta":"","header-above-stick-meta":"","header-main-stick-meta":"","header-below-stick-meta":"","astra-migrate-meta-layouts":"default","ast-page-background-enabled":"default","ast-page-background-meta":{"desktop":{"background-color":"var(--ast-global-color-5)","background-image":"","background-repeat":"repeat","background-position":"center center","background-size":"auto","background-attachment":"scroll","background-type":"","background-media":"","overlay-type":"","overlay-color":"","overlay-opacity":"","overlay-gradient":""},"tablet":{"background-color":"","background-image":"","background-repeat":"repeat","background-position":"center center","background-size":"auto","background-attachment":"scroll","background-type":"","background-media":"","overlay-type":"","overlay-color":"","overlay-opacity":"","overlay-gradient":""},"mobile":{"background-color":"","background-image":"","background-repeat":"repeat","background-position":"center center","background-size":"auto","background-attachment":"scroll","background-type":"","background-media":"","overlay-type":"","overlay-color":"","overlay-opacity":"","overlay-gradient":""}},"ast-content-background-meta":{"desktop":{"background-color":"var(--ast-global-color-4)","background-image":"","background-repeat":"repeat","background-position":"center center","background-size":"auto","background-attachment":"scroll","background-type":"","background-media":"","overlay-type":"","overlay-color":"","overlay-opacity":"","overlay-gradient":""},"tablet":{"background-color":"var(--ast-global-color-4)","background-image":"","background-repeat":"repeat","background-position":"center center","background-size":"auto","background-attachment":"scroll","background-type":"","background-media":"","overlay-type":"","overlay-color":"","overlay-opacity":"","overlay-gradient":""},"mobile":{"background-color":"var(--ast-global-color-4)","background-image":"","background-repeat":"repeat","background-position":"center center","background-size":"auto","background-attachment":"scroll","background-type":"","background-media":"","overlay-type":"","overlay-color":"","overlay-opacity":"","overlay-gradient":""}},"footnotes":""},"categories":[11,16,1],"tags":[],"class_list":["post-59885","post","type-post","status-publish","format-standard","has-post-thumbnail","hentry","category-boletin","category-municipales","category-noticias"],"yoast_head":"<!-- This site is optimized with the Yoast SEO Premium plugin v23.0 (Yoast SEO v27.4) - https:\/\/yoast.com\/product\/yoast-seo-premium-wordpress\/ -->\n<title>Chau caniles: la Muni de Neuqu\u00e9n no encerrar\u00e1 m\u00e1s a los perros<\/title>\n<meta name=\"robots\" content=\"index, follow, max-snippet:-1, max-image-preview:large, max-video-preview:-1\" \/>\n<link rel=\"canonical\" href=\"https:\/\/patagoniambiental.com.ar\/info\/chau-caniles-la-muni-de-neuquen-no-encerrara-mas-a-los-perros\/\" \/>\n<meta property=\"og:locale\" content=\"es_ES\" \/>\n<meta property=\"og:type\" content=\"article\" \/>\n<meta property=\"og:title\" content=\"Chau caniles: la Muni de Neuqu\u00e9n no encerrar\u00e1 m\u00e1s a los perros\" \/>\n<meta property=\"og:description\" content=\"Neuqu\u00e9n.-Apostar\u00e1 a las castraciones y a las adopciones solidarias de mascotas.\" \/>\n<meta property=\"og:url\" content=\"https:\/\/patagoniambiental.com.ar\/info\/chau-caniles-la-muni-de-neuquen-no-encerrara-mas-a-los-perros\/\" \/>\n<meta property=\"og:site_name\" content=\"Patagonia Ambiental\" \/>\n<meta property=\"article:publisher\" content=\"https:\/\/www.facebook.com\/patagonia.ambiental\" \/>\n<meta property=\"article:author\" content=\"https:\/\/www.facebook.com\/share\/1C1V8Gv9BX\/?mibextid=qi2Omg\" \/>\n<meta property=\"article:published_time\" content=\"2019-04-02T10:00:24+00:00\" \/>\n<meta property=\"og:image\" content=\"https:\/\/patagoniambiental.com.ar\/info\/wp-content\/uploads\/2019\/04\/0003547869.jpg\" \/>\n\t<meta property=\"og:image:width\" content=\"770\" \/>\n\t<meta property=\"og:image:height\" content=\"433\" \/>\n\t<meta property=\"og:image:type\" content=\"image\/jpeg\" \/>\n<meta name=\"author\" content=\"Patagonia Ambiental\" \/>\n<meta name=\"twitter:card\" content=\"summary_large_image\" \/>\n<meta name=\"twitter:creator\" content=\"@PatAmb\" \/>\n<meta name=\"twitter:site\" content=\"@PatAmb\" \/>\n<script type=\"application\/ld+json\" class=\"yoast-schema-graph\">{\"@context\":\"https:\\\/\\\/schema.org\",\"@graph\":[{\"@type\":\"Article\",\"@id\":\"https:\\\/\\\/patagoniambiental.com.ar\\\/info\\\/chau-caniles-la-muni-de-neuquen-no-encerrara-mas-a-los-perros\\\/#article\",\"isPartOf\":{\"@id\":\"https:\\\/\\\/patagoniambiental.com.ar\\\/info\\\/chau-caniles-la-muni-de-neuquen-no-encerrara-mas-a-los-perros\\\/\"},\"author\":{\"name\":\"Patagonia Ambiental\",\"@id\":\"https:\\\/\\\/patagoniambiental.com.ar\\\/info\\\/#\\\/schema\\\/person\\\/db12bff64bbcbf6a253710bf0ea37b5d\"},\"headline\":\"Chau caniles: la Muni de Neuqu\u00e9n no encerrar\u00e1 m\u00e1s a los perros\",\"datePublished\":\"2019-04-02T10:00:24+00:00\",\"mainEntityOfPage\":{\"@id\":\"https:\\\/\\\/patagoniambiental.com.ar\\\/info\\\/chau-caniles-la-muni-de-neuquen-no-encerrara-mas-a-los-perros\\\/\"},\"wordCount\":754,\"commentCount\":0,\"publisher\":{\"@id\":\"https:\\\/\\\/patagoniambiental.com.ar\\\/info\\\/#organization\"},\"image\":{\"@id\":\"https:\\\/\\\/patagoniambiental.com.ar\\\/info\\\/chau-caniles-la-muni-de-neuquen-no-encerrara-mas-a-los-perros\\\/#primaryimage\"},\"thumbnailUrl\":\"https:\\\/\\\/patagoniambiental.com.ar\\\/info\\\/wp-content\\\/uploads\\\/2019\\\/04\\\/0003547869.jpg\",\"articleSection\":[\"Bolet\u00edn\",\"Municipales\",\"Noticias\"],\"inLanguage\":\"es\",\"potentialAction\":[{\"@type\":\"CommentAction\",\"name\":\"Comment\",\"target\":[\"https:\\\/\\\/patagoniambiental.com.ar\\\/info\\\/chau-caniles-la-muni-de-neuquen-no-encerrara-mas-a-los-perros\\\/#respond\"]}]},{\"@type\":\"WebPage\",\"@id\":\"https:\\\/\\\/patagoniambiental.com.ar\\\/info\\\/chau-caniles-la-muni-de-neuquen-no-encerrara-mas-a-los-perros\\\/\",\"url\":\"https:\\\/\\\/patagoniambiental.com.ar\\\/info\\\/chau-caniles-la-muni-de-neuquen-no-encerrara-mas-a-los-perros\\\/\",\"name\":\"Chau caniles: la Muni de Neuqu\u00e9n no encerrar\u00e1 m\u00e1s a los perros\",\"isPartOf\":{\"@id\":\"https:\\\/\\\/patagoniambiental.com.ar\\\/info\\\/#website\"},\"primaryImageOfPage\":{\"@id\":\"https:\\\/\\\/patagoniambiental.com.ar\\\/info\\\/chau-caniles-la-muni-de-neuquen-no-encerrara-mas-a-los-perros\\\/#primaryimage\"},\"image\":{\"@id\":\"https:\\\/\\\/patagoniambiental.com.ar\\\/info\\\/chau-caniles-la-muni-de-neuquen-no-encerrara-mas-a-los-perros\\\/#primaryimage\"},\"thumbnailUrl\":\"https:\\\/\\\/patagoniambiental.com.ar\\\/info\\\/wp-content\\\/uploads\\\/2019\\\/04\\\/0003547869.jpg\",\"datePublished\":\"2019-04-02T10:00:24+00:00\",\"breadcrumb\":{\"@id\":\"https:\\\/\\\/patagoniambiental.com.ar\\\/info\\\/chau-caniles-la-muni-de-neuquen-no-encerrara-mas-a-los-perros\\\/#breadcrumb\"},\"inLanguage\":\"es\",\"potentialAction\":[{\"@type\":\"ReadAction\",\"target\":[\"https:\\\/\\\/patagoniambiental.com.ar\\\/info\\\/chau-caniles-la-muni-de-neuquen-no-encerrara-mas-a-los-perros\\\/\"]}]},{\"@type\":\"ImageObject\",\"inLanguage\":\"es\",\"@id\":\"https:\\\/\\\/patagoniambiental.com.ar\\\/info\\\/chau-caniles-la-muni-de-neuquen-no-encerrara-mas-a-los-perros\\\/#primaryimage\",\"url\":\"https:\\\/\\\/patagoniambiental.com.ar\\\/info\\\/wp-content\\\/uploads\\\/2019\\\/04\\\/0003547869.jpg\",\"contentUrl\":\"https:\\\/\\\/patagoniambiental.com.ar\\\/info\\\/wp-content\\\/uploads\\\/2019\\\/04\\\/0003547869.jpg\",\"width\":770,\"height\":433},{\"@type\":\"BreadcrumbList\",\"@id\":\"https:\\\/\\\/patagoniambiental.com.ar\\\/info\\\/chau-caniles-la-muni-de-neuquen-no-encerrara-mas-a-los-perros\\\/#breadcrumb\",\"itemListElement\":[{\"@type\":\"ListItem\",\"position\":1,\"name\":\"Inicio\",\"item\":\"https:\\\/\\\/patagoniambiental.com.ar\\\/info\\\/\"},{\"@type\":\"ListItem\",\"position\":2,\"name\":\"Chau caniles: la Muni de Neuqu\u00e9n no encerrar\u00e1 m\u00e1s a los perros\"}]},{\"@type\":\"WebSite\",\"@id\":\"https:\\\/\\\/patagoniambiental.com.ar\\\/info\\\/#website\",\"url\":\"https:\\\/\\\/patagoniambiental.com.ar\\\/info\\\/\",\"name\":\"Patagonia Ambiental\",\"description\":\"Monitoreo y an\u00e1lisis de la situaci\u00f3n geopol\u00edtica en el mundo y su implicancia en la Patagonia\",\"publisher\":{\"@id\":\"https:\\\/\\\/patagoniambiental.com.ar\\\/info\\\/#organization\"},\"potentialAction\":[{\"@type\":\"SearchAction\",\"target\":{\"@type\":\"EntryPoint\",\"urlTemplate\":\"https:\\\/\\\/patagoniambiental.com.ar\\\/info\\\/?s={search_term_string}\"},\"query-input\":{\"@type\":\"PropertyValueSpecification\",\"valueRequired\":true,\"valueName\":\"search_term_string\"}}],\"inLanguage\":\"es\"},{\"@type\":\"Organization\",\"@id\":\"https:\\\/\\\/patagoniambiental.com.ar\\\/info\\\/#organization\",\"name\":\"Patagonia Ambiental\",\"url\":\"https:\\\/\\\/patagoniambiental.com.ar\\\/info\\\/\",\"logo\":{\"@type\":\"ImageObject\",\"inLanguage\":\"es\",\"@id\":\"https:\\\/\\\/patagoniambiental.com.ar\\\/info\\\/#\\\/schema\\\/logo\\\/image\\\/\",\"url\":\"https:\\\/\\\/patagoniambiental.com.ar\\\/info\\\/wp-content\\\/uploads\\\/2025\\\/05\\\/LOGO-PATAGONIA-AMBIENTAL.png\",\"contentUrl\":\"https:\\\/\\\/patagoniambiental.com.ar\\\/info\\\/wp-content\\\/uploads\\\/2025\\\/05\\\/LOGO-PATAGONIA-AMBIENTAL.png\",\"width\":433,\"height\":250,\"caption\":\"Patagonia Ambiental\"},\"image\":{\"@id\":\"https:\\\/\\\/patagoniambiental.com.ar\\\/info\\\/#\\\/schema\\\/logo\\\/image\\\/\"},\"sameAs\":[\"https:\\\/\\\/www.facebook.com\\\/patagonia.ambiental\",\"https:\\\/\\\/x.com\\\/PatAmb\"]},{\"@type\":\"Person\",\"@id\":\"https:\\\/\\\/patagoniambiental.com.ar\\\/info\\\/#\\\/schema\\\/person\\\/db12bff64bbcbf6a253710bf0ea37b5d\",\"name\":\"Patagonia Ambiental\",\"description\":\"Andr\u00e9s Nievas T\u00e9cnico en manejo ambiental, consultor Ambiental y escritor para medios locales e internacionales sobre temas de geopolitica y medio ambiente.\",\"sameAs\":[\"http:\\\/\\\/www.patagoniambiental.com.ar\",\"https:\\\/\\\/www.facebook.com\\\/share\\\/1C1V8Gv9BX\\\/?mibextid=qi2Omg\",\"@patagoniambiental\",\"https:\\\/\\\/youtube.com\\\/@patagoniaambiental2023?si=BLt58t0wuXquxlYZ\"]}]}<\/script>\n<!-- \/ Yoast SEO Premium plugin. -->","yoast_head_json":{"title":"Chau caniles: la Muni de Neuqu\u00e9n no encerrar\u00e1 m\u00e1s a los perros","robots":{"index":"index","follow":"follow","max-snippet":"max-snippet:-1","max-image-preview":"max-image-preview:large","max-video-preview":"max-video-preview:-1"},"canonical":"https:\/\/patagoniambiental.com.ar\/info\/chau-caniles-la-muni-de-neuquen-no-encerrara-mas-a-los-perros\/","og_locale":"es_ES","og_type":"article","og_title":"Chau caniles: la Muni de Neuqu\u00e9n no encerrar\u00e1 m\u00e1s a los perros","og_description":"Neuqu\u00e9n.-Apostar\u00e1 a las castraciones y a las adopciones solidarias de mascotas.","og_url":"https:\/\/patagoniambiental.com.ar\/info\/chau-caniles-la-muni-de-neuquen-no-encerrara-mas-a-los-perros\/","og_site_name":"Patagonia Ambiental","article_publisher":"https:\/\/www.facebook.com\/patagonia.ambiental","article_author":"https:\/\/www.facebook.com\/share\/1C1V8Gv9BX\/?mibextid=qi2Omg","article_published_time":"2019-04-02T10:00:24+00:00","og_image":[{"width":770,"height":433,"url":"https:\/\/patagoniambiental.com.ar\/info\/wp-content\/uploads\/2019\/04\/0003547869.jpg","type":"image\/jpeg"}],"author":"Patagonia Ambiental","twitter_card":"summary_large_image","twitter_creator":"@PatAmb","twitter_site":"@PatAmb","schema":{"@context":"https:\/\/schema.org","@graph":[{"@type":"Article","@id":"https:\/\/patagoniambiental.com.ar\/info\/chau-caniles-la-muni-de-neuquen-no-encerrara-mas-a-los-perros\/#article","isPartOf":{"@id":"https:\/\/patagoniambiental.com.ar\/info\/chau-caniles-la-muni-de-neuquen-no-encerrara-mas-a-los-perros\/"},"author":{"name":"Patagonia Ambiental","@id":"https:\/\/patagoniambiental.com.ar\/info\/#\/schema\/person\/db12bff64bbcbf6a253710bf0ea37b5d"},"headline":"Chau caniles: la Muni de Neuqu\u00e9n no encerrar\u00e1 m\u00e1s a los perros","datePublished":"2019-04-02T10:00:24+00:00","mainEntityOfPage":{"@id":"https:\/\/patagoniambiental.com.ar\/info\/chau-caniles-la-muni-de-neuquen-no-encerrara-mas-a-los-perros\/"},"wordCount":754,"commentCount":0,"publisher":{"@id":"https:\/\/patagoniambiental.com.ar\/info\/#organization"},"image":{"@id":"https:\/\/patagoniambiental.com.ar\/info\/chau-caniles-la-muni-de-neuquen-no-encerrara-mas-a-los-perros\/#primaryimage"},"thumbnailUrl":"https:\/\/patagoniambiental.com.ar\/info\/wp-content\/uploads\/2019\/04\/0003547869.jpg","articleSection":["Bolet\u00edn","Municipales","Noticias"],"inLanguage":"es","potentialAction":[{"@type":"CommentAction","name":"Comment","target":["https:\/\/patagoniambiental.com.ar\/info\/chau-caniles-la-muni-de-neuquen-no-encerrara-mas-a-los-perros\/#respond"]}]},{"@type":"WebPage","@id":"https:\/\/patagoniambiental.com.ar\/info\/chau-caniles-la-muni-de-neuquen-no-encerrara-mas-a-los-perros\/","url":"https:\/\/patagoniambiental.com.ar\/info\/chau-caniles-la-muni-de-neuquen-no-encerrara-mas-a-los-perros\/","name":"Chau caniles: la Muni de Neuqu\u00e9n no encerrar\u00e1 m\u00e1s a los perros","isPartOf":{"@id":"https:\/\/patagoniambiental.com.ar\/info\/#website"},"primaryImageOfPage":{"@id":"https:\/\/patagoniambiental.com.ar\/info\/chau-caniles-la-muni-de-neuquen-no-encerrara-mas-a-los-perros\/#primaryimage"},"image":{"@id":"https:\/\/patagoniambiental.com.ar\/info\/chau-caniles-la-muni-de-neuquen-no-encerrara-mas-a-los-perros\/#primaryimage"},"thumbnailUrl":"https:\/\/patagoniambiental.com.ar\/info\/wp-content\/uploads\/2019\/04\/0003547869.jpg","datePublished":"2019-04-02T10:00:24+00:00","breadcrumb":{"@id":"https:\/\/patagoniambiental.com.ar\/info\/chau-caniles-la-muni-de-neuquen-no-encerrara-mas-a-los-perros\/#breadcrumb"},"inLanguage":"es","potentialAction":[{"@type":"ReadAction","target":["https:\/\/patagoniambiental.com.ar\/info\/chau-caniles-la-muni-de-neuquen-no-encerrara-mas-a-los-perros\/"]}]},{"@type":"ImageObject","inLanguage":"es","@id":"https:\/\/patagoniambiental.com.ar\/info\/chau-caniles-la-muni-de-neuquen-no-encerrara-mas-a-los-perros\/#primaryimage","url":"https:\/\/patagoniambiental.com.ar\/info\/wp-content\/uploads\/2019\/04\/0003547869.jpg","contentUrl":"https:\/\/patagoniambiental.com.ar\/info\/wp-content\/uploads\/2019\/04\/0003547869.jpg","width":770,"height":433},{"@type":"BreadcrumbList","@id":"https:\/\/patagoniambiental.com.ar\/info\/chau-caniles-la-muni-de-neuquen-no-encerrara-mas-a-los-perros\/#breadcrumb","itemListElement":[{"@type":"ListItem","position":1,"name":"Inicio","item":"https:\/\/patagoniambiental.com.ar\/info\/"},{"@type":"ListItem","position":2,"name":"Chau caniles: la Muni de Neuqu\u00e9n no encerrar\u00e1 m\u00e1s a los perros"}]},{"@type":"WebSite","@id":"https:\/\/patagoniambiental.com.ar\/info\/#website","url":"https:\/\/patagoniambiental.com.ar\/info\/","name":"Patagonia Ambiental","description":"Monitoreo y an\u00e1lisis de la situaci\u00f3n geopol\u00edtica en el mundo y su implicancia en la Patagonia","publisher":{"@id":"https:\/\/patagoniambiental.com.ar\/info\/#organization"},"potentialAction":[{"@type":"SearchAction","target":{"@type":"EntryPoint","urlTemplate":"https:\/\/patagoniambiental.com.ar\/info\/?s={search_term_string}"},"query-input":{"@type":"PropertyValueSpecification","valueRequired":true,"valueName":"search_term_string"}}],"inLanguage":"es"},{"@type":"Organization","@id":"https:\/\/patagoniambiental.com.ar\/info\/#organization","name":"Patagonia Ambiental","url":"https:\/\/patagoniambiental.com.ar\/info\/","logo":{"@type":"ImageObject","inLanguage":"es","@id":"https:\/\/patagoniambiental.com.ar\/info\/#\/schema\/logo\/image\/","url":"https:\/\/patagoniambiental.com.ar\/info\/wp-content\/uploads\/2025\/05\/LOGO-PATAGONIA-AMBIENTAL.png","contentUrl":"https:\/\/patagoniambiental.com.ar\/info\/wp-content\/uploads\/2025\/05\/LOGO-PATAGONIA-AMBIENTAL.png","width":433,"height":250,"caption":"Patagonia Ambiental"},"image":{"@id":"https:\/\/patagoniambiental.com.ar\/info\/#\/schema\/logo\/image\/"},"sameAs":["https:\/\/www.facebook.com\/patagonia.ambiental","https:\/\/x.com\/PatAmb"]},{"@type":"Person","@id":"https:\/\/patagoniambiental.com.ar\/info\/#\/schema\/person\/db12bff64bbcbf6a253710bf0ea37b5d","name":"Patagonia Ambiental","description":"Andr\u00e9s Nievas T\u00e9cnico en manejo ambiental, consultor Ambiental y escritor para medios locales e internacionales sobre temas de geopolitica y medio ambiente.","sameAs":["http:\/\/www.patagoniambiental.com.ar","https:\/\/www.facebook.com\/share\/1C1V8Gv9BX\/?mibextid=qi2Omg","@patagoniambiental","https:\/\/youtube.com\/@patagoniaambiental2023?si=BLt58t0wuXquxlYZ"]}]}},"_links":{"self":[{"href":"https:\/\/patagoniambiental.com.ar\/info\/wp-json\/wp\/v2\/posts\/59885","targetHints":{"allow":["GET"]}}],"collection":[{"href":"https:\/\/patagoniambiental.com.ar\/info\/wp-json\/wp\/v2\/posts"}],"about":[{"href":"https:\/\/patagoniambiental.com.ar\/info\/wp-json\/wp\/v2\/types\/post"}],"author":[{"embeddable":true,"href":"https:\/\/patagoniambiental.com.ar\/info\/wp-json\/wp\/v2\/users\/2"}],"replies":[{"embeddable":true,"href":"https:\/\/patagoniambiental.com.ar\/info\/wp-json\/wp\/v2\/comments?post=59885"}],"version-history":[{"count":0,"href":"https:\/\/patagoniambiental.com.ar\/info\/wp-json\/wp\/v2\/posts\/59885\/revisions"}],"wp:featuredmedia":[{"embeddable":true,"href":"https:\/\/patagoniambiental.com.ar\/info\/wp-json\/wp\/v2\/media\/59886"}],"wp:attachment":[{"href":"https:\/\/patagoniambiental.com.ar\/info\/wp-json\/wp\/v2\/media?parent=59885"}],"wp:term":[{"taxonomy":"category","embeddable":true,"href":"https:\/\/patagoniambiental.com.ar\/info\/wp-json\/wp\/v2\/categories?post=59885"},{"taxonomy":"post_tag","embeddable":true,"href":"https:\/\/patagoniambiental.com.ar\/info\/wp-json\/wp\/v2\/tags?post=59885"}],"curies":[{"name":"wp","href":"https:\/\/api.w.org\/{rel}","templated":true}]}}