{"id":59937,"date":"2019-04-03T19:00:55","date_gmt":"2019-04-03T22:00:55","guid":{"rendered":"http:\/\/patagoniambiental.com.ar\/info\/?p=59937"},"modified":"2019-04-03T16:59:45","modified_gmt":"2019-04-03T19:59:45","slug":"gutierrez-encabezo-el-acto-de-homenaje-a-los-heroes-de-malvinas","status":"publish","type":"post","link":"https:\/\/patagoniambiental.com.ar\/info\/gutierrez-encabezo-el-acto-de-homenaje-a-los-heroes-de-malvinas\/","title":{"rendered":"Guti\u00e9rrez encabez\u00f3 el acto de homenaje a los h\u00e9roes de Malvinas"},"content":{"rendered":"<div class=\"td-post-header td-container\">\n<div class=\"td-post-header-holder sombra\">\n<header class=\"td-post-title\">\n<div class=\"td-module-meta-info\">Neuquen.-Al conmemorarse los 37 a\u00f1os de la Guerra de Malvinas, se realiz\u00f3 un acto en el Cenotafio del Parque Central en el D\u00eda del Veterano y de los Ca\u00eddos en la Guerra de Malvinas.<\/div>\n<\/header>\n<\/div>\n<\/div>\n<p><!--more--><\/p>\n<div class=\"td-container\">\n<div class=\"td-pb-row\">\n<div class=\"td-pb-span8 td-main-content\" role=\"main\">\n<div class=\"td-ss-main-content\">\n<div class=\"td-post-content\">\n<p>El gobernador Omar Guti\u00e9rrez brind\u00f3 hoy un desayuno a los Veteranos de Malvinas en la Casa de Gobierno y luego encabez\u00f3 el acto de homenaje que se realiz\u00f3 al conmemorarse el D\u00eda del Veterano y de los Ca\u00eddos en la Guerra de Malvinas. A 37 a\u00f1os de la guerra, se realizaron diferentes actividades para mantener viva la memoria, homenajear a los h\u00e9roes y renovar los reclamos diplom\u00e1ticos por su devoluci\u00f3n.<\/p>\n<p>Durante el acto, el gobernador cedi\u00f3 la palabra a Herving V\u00e1zquez, presidente del Centro de Veteranos de Guerra de Neuqu\u00e9n.<\/p>\n<p>\u201cNo importan los partidos pol\u00edticos, ni las religiones, lo importante es que todos somos argentinos; lo importante es que estamos todos juntos por una misma causa, honrando a los que dieron todo por este bendito pa\u00eds\u201d, dijo V\u00e1zquez y agreg\u00f3 \u201cempecemos a caminar todos juntos, apuntando para el mismo lado, para que en pocos a\u00f1os Argentina se ponga de pie nuevamente\u201d.<\/p>\n<figure id=\"attachment_129668\" class=\"wp-caption aligncenter\"><img fetchpriority=\"high\" decoding=\"async\" class=\"wp-image-129668 size-full\" src=\"https:\/\/www.neuqueninforma.gob.ar\/wp-content\/uploads\/2019\/04\/web-omar-malvinas-5-copy.jpg\" sizes=\"(max-width: 1418px) 100vw, 1418px\" srcset=\"https:\/\/www.neuqueninforma.gob.ar\/wp-content\/uploads\/2019\/04\/web-omar-malvinas-5-copy.jpg 1418w, https:\/\/www.neuqueninforma.gob.ar\/wp-content\/uploads\/2019\/04\/web-omar-malvinas-5-copy-300x148.jpg 300w, https:\/\/www.neuqueninforma.gob.ar\/wp-content\/uploads\/2019\/04\/web-omar-malvinas-5-copy-1024x506.jpg 1024w, https:\/\/www.neuqueninforma.gob.ar\/wp-content\/uploads\/2019\/04\/web-omar-malvinas-5-copy-324x160.jpg 324w, https:\/\/www.neuqueninforma.gob.ar\/wp-content\/uploads\/2019\/04\/web-omar-malvinas-5-copy-696x344.jpg 696w, https:\/\/www.neuqueninforma.gob.ar\/wp-content\/uploads\/2019\/04\/web-omar-malvinas-5-copy-1068x527.jpg 1068w, https:\/\/www.neuqueninforma.gob.ar\/wp-content\/uploads\/2019\/04\/web-omar-malvinas-5-copy-851x420.jpg 851w, https:\/\/www.neuqueninforma.gob.ar\/wp-content\/uploads\/2019\/04\/web-omar-malvinas-5-copy-1320x652.jpg 1320w\" alt=\"\" width=\"1418\" height=\"700\" \/><figcaption class=\"wp-caption-text\">Guti\u00e9rrez dijo que el gobierno seguir\u00e1 \u201capoyando la incorporaci\u00f3n al ciclo educativo de estos contenidos de la Guerra de Malvinas\u201d.<\/figcaption><\/figure>\n<p>Al finalizar la conmemoraci\u00f3n, Guti\u00e9rrez resalt\u00f3 \u201choy hemos compartido un desayuno, en el que nos hicieron entrega de un libro que narra los hechos ver\u00eddicos de la guerra, bajo la forma de cuentos. Relataron los hechos que vivieron y han llevado adelante este libro para que sigamos apoyando la incorporaci\u00f3n al ciclo educativo de estos contenidos de la Guerra de Malvinas\u201d.<\/p>\n<p>Las actividades incluyeron la presentaci\u00f3n de grupos musicales y para la hora cero de hoy, se realiz\u00f3 la vigilia con izamiento del pabell\u00f3n nacional.<\/p>\n<p>El conflicto armado contabiliz\u00f3 un total de 649 bajas sobre un total de 14.000 hombres enviados al frente de batalla, teniendo como escenario el archipi\u00e9lago y el continente.<\/p>\n<p>Las actividades en Neuqu\u00e9n comenzaron este lunes en la sede de Veteranos de Malvinas en Boer 1707 con la presentaci\u00f3n del libro \u201cLa guerra en m\u00ed\u201d, de Diego Su\u00e1rez, que consta del testimonio de 17 excombatientes.<\/p>\n<p>Esta semana los veteranos programan recorrer varias escuelas y establecimientos p\u00fablicos con el objetivo de mantener viva la historia y la memoria de quienes dieron sus vidas por la patria.<\/p>\n<p>El homenaje de la semana incluir\u00e1 trabajos de reacondicionamiento del cenotafio.<\/p>\n<p>Las actividades fueron organizadas por el Centro de Veteranos de Guerra \u201cMalvinas Argentinas\u201d, adherido a la Confederaci\u00f3n Nacional de Veteranos de Guerra de la Rep\u00fablica Argentina y Comisi\u00f3n de familiares de Ca\u00eddos en Malvinas de Neuqu\u00e9n.<\/p>\n<figure id=\"attachment_129667\" class=\"wp-caption aligncenter\"><img decoding=\"async\" class=\"wp-image-129667 size-full\" src=\"https:\/\/www.neuqueninforma.gob.ar\/wp-content\/uploads\/2019\/04\/web-omar-malvinas-7-copy.jpg\" sizes=\"(max-width: 1418px) 100vw, 1418px\" srcset=\"https:\/\/www.neuqueninforma.gob.ar\/wp-content\/uploads\/2019\/04\/web-omar-malvinas-7-copy.jpg 1418w, https:\/\/www.neuqueninforma.gob.ar\/wp-content\/uploads\/2019\/04\/web-omar-malvinas-7-copy-300x148.jpg 300w, https:\/\/www.neuqueninforma.gob.ar\/wp-content\/uploads\/2019\/04\/web-omar-malvinas-7-copy-1024x506.jpg 1024w, https:\/\/www.neuqueninforma.gob.ar\/wp-content\/uploads\/2019\/04\/web-omar-malvinas-7-copy-324x160.jpg 324w, https:\/\/www.neuqueninforma.gob.ar\/wp-content\/uploads\/2019\/04\/web-omar-malvinas-7-copy-696x344.jpg 696w, https:\/\/www.neuqueninforma.gob.ar\/wp-content\/uploads\/2019\/04\/web-omar-malvinas-7-copy-1068x527.jpg 1068w, https:\/\/www.neuqueninforma.gob.ar\/wp-content\/uploads\/2019\/04\/web-omar-malvinas-7-copy-851x420.jpg 851w, https:\/\/www.neuqueninforma.gob.ar\/wp-content\/uploads\/2019\/04\/web-omar-malvinas-7-copy-1320x652.jpg 1320w\" alt=\"\" width=\"1418\" height=\"700\" \/><figcaption class=\"wp-caption-text\">El gobernador Omar Guti\u00e9rrez brind\u00f3 hoy un desayuno a los Veteranos de Malvinas en la Casa de Gobierno y luego encabez\u00f3 el acto de homenaje en el Cenotafio.<\/p>\n<p>Fuente: Neuqu\u00e9n Informa<\/figcaption><\/figure>\n<\/div>\n<\/div>\n<\/div>\n<\/div>\n<\/div>\n","protected":false},"excerpt":{"rendered":"<p>Neuquen.-Al conmemorarse los 37 a\u00f1os de la Guerra de Malvinas, se realiz\u00f3 un acto en el Cenotafio del Parque Central [&hellip;]<\/p>\n","protected":false},"author":2,"featured_media":59938,"comment_status":"open","ping_status":"open","sticky":false,"template":"","format":"standard","meta":{"site-sidebar-layout":"default","site-content-layout":"","ast-site-content-layout":"default","site-content-style":"default","site-sidebar-style":"default","ast-global-header-display":"","ast-banner-title-visibility":"","ast-main-header-display":"","ast-hfb-above-header-display":"","ast-hfb-below-header-display":"","ast-hfb-mobile-header-display":"","site-post-title":"","ast-breadcrumbs-content":"","ast-featured-img":"","footer-sml-layout":"","ast-disable-related-posts":"","theme-transparent-header-meta":"","adv-header-id-meta":"","stick-header-meta":"","header-above-stick-meta":"","header-main-stick-meta":"","header-below-stick-meta":"","astra-migrate-meta-layouts":"default","ast-page-background-enabled":"default","ast-page-background-meta":{"desktop":{"background-color":"var(--ast-global-color-5)","background-image":"","background-repeat":"repeat","background-position":"center center","background-size":"auto","background-attachment":"scroll","background-type":"","background-media":"","overlay-type":"","overlay-color":"","overlay-opacity":"","overlay-gradient":""},"tablet":{"background-color":"","background-image":"","background-repeat":"repeat","background-position":"center center","background-size":"auto","background-attachment":"scroll","background-type":"","background-media":"","overlay-type":"","overlay-color":"","overlay-opacity":"","overlay-gradient":""},"mobile":{"background-color":"","background-image":"","background-repeat":"repeat","background-position":"center center","background-size":"auto","background-attachment":"scroll","background-type":"","background-media":"","overlay-type":"","overlay-color":"","overlay-opacity":"","overlay-gradient":""}},"ast-content-background-meta":{"desktop":{"background-color":"var(--ast-global-color-4)","background-image":"","background-repeat":"repeat","background-position":"center center","background-size":"auto","background-attachment":"scroll","background-type":"","background-media":"","overlay-type":"","overlay-color":"","overlay-opacity":"","overlay-gradient":""},"tablet":{"background-color":"var(--ast-global-color-4)","background-image":"","background-repeat":"repeat","background-position":"center center","background-size":"auto","background-attachment":"scroll","background-type":"","background-media":"","overlay-type":"","overlay-color":"","overlay-opacity":"","overlay-gradient":""},"mobile":{"background-color":"var(--ast-global-color-4)","background-image":"","background-repeat":"repeat","background-position":"center center","background-size":"auto","background-attachment":"scroll","background-type":"","background-media":"","overlay-type":"","overlay-color":"","overlay-opacity":"","overlay-gradient":""}},"footnotes":""},"categories":[18,1,13],"tags":[],"class_list":["post-59937","post","type-post","status-publish","format-standard","has-post-thumbnail","hentry","category-neuquen","category-noticias","category-provinciales"],"yoast_head":"<!-- This site is optimized with the Yoast SEO Premium plugin v23.0 (Yoast SEO v27.4) - https:\/\/yoast.com\/product\/yoast-seo-premium-wordpress\/ -->\n<title>Guti\u00e9rrez encabez\u00f3 el acto de homenaje a los h\u00e9roes de Malvinas<\/title>\n<meta name=\"robots\" content=\"index, follow, max-snippet:-1, max-image-preview:large, max-video-preview:-1\" \/>\n<link rel=\"canonical\" href=\"https:\/\/patagoniambiental.com.ar\/info\/gutierrez-encabezo-el-acto-de-homenaje-a-los-heroes-de-malvinas\/\" \/>\n<meta property=\"og:locale\" content=\"es_ES\" \/>\n<meta property=\"og:type\" content=\"article\" \/>\n<meta property=\"og:title\" content=\"Guti\u00e9rrez encabez\u00f3 el acto de homenaje a los h\u00e9roes de Malvinas\" \/>\n<meta property=\"og:description\" content=\"Neuquen.-Al conmemorarse los 37 a\u00f1os de la Guerra de Malvinas, se realiz\u00f3 un acto en el Cenotafio del Parque Central [&hellip;]\" \/>\n<meta property=\"og:url\" content=\"https:\/\/patagoniambiental.com.ar\/info\/gutierrez-encabezo-el-acto-de-homenaje-a-los-heroes-de-malvinas\/\" \/>\n<meta property=\"og:site_name\" content=\"Patagonia Ambiental\" \/>\n<meta property=\"article:publisher\" content=\"https:\/\/www.facebook.com\/patagonia.ambiental\" \/>\n<meta property=\"article:author\" content=\"https:\/\/www.facebook.com\/share\/1C1V8Gv9BX\/?mibextid=qi2Omg\" \/>\n<meta property=\"article:published_time\" content=\"2019-04-03T22:00:55+00:00\" \/>\n<meta property=\"og:image\" content=\"https:\/\/patagoniambiental.com.ar\/info\/wp-content\/uploads\/2019\/04\/web-omar-malvinas-5-copy-851x420.jpg\" \/>\n\t<meta property=\"og:image:width\" content=\"851\" \/>\n\t<meta property=\"og:image:height\" content=\"420\" \/>\n\t<meta property=\"og:image:type\" content=\"image\/jpeg\" \/>\n<meta name=\"author\" content=\"Patagonia Ambiental\" \/>\n<meta name=\"twitter:card\" content=\"summary_large_image\" \/>\n<meta name=\"twitter:creator\" content=\"@PatAmb\" \/>\n<meta name=\"twitter:site\" content=\"@PatAmb\" \/>\n<script type=\"application\/ld+json\" class=\"yoast-schema-graph\">{\"@context\":\"https:\\\/\\\/schema.org\",\"@graph\":[{\"@type\":\"Article\",\"@id\":\"https:\\\/\\\/patagoniambiental.com.ar\\\/info\\\/gutierrez-encabezo-el-acto-de-homenaje-a-los-heroes-de-malvinas\\\/#article\",\"isPartOf\":{\"@id\":\"https:\\\/\\\/patagoniambiental.com.ar\\\/info\\\/gutierrez-encabezo-el-acto-de-homenaje-a-los-heroes-de-malvinas\\\/\"},\"author\":{\"name\":\"Patagonia Ambiental\",\"@id\":\"https:\\\/\\\/patagoniambiental.com.ar\\\/info\\\/#\\\/schema\\\/person\\\/db12bff64bbcbf6a253710bf0ea37b5d\"},\"headline\":\"Guti\u00e9rrez encabez\u00f3 el acto de homenaje a los h\u00e9roes de Malvinas\",\"datePublished\":\"2019-04-03T22:00:55+00:00\",\"mainEntityOfPage\":{\"@id\":\"https:\\\/\\\/patagoniambiental.com.ar\\\/info\\\/gutierrez-encabezo-el-acto-de-homenaje-a-los-heroes-de-malvinas\\\/\"},\"wordCount\":506,\"commentCount\":0,\"publisher\":{\"@id\":\"https:\\\/\\\/patagoniambiental.com.ar\\\/info\\\/#organization\"},\"image\":{\"@id\":\"https:\\\/\\\/patagoniambiental.com.ar\\\/info\\\/gutierrez-encabezo-el-acto-de-homenaje-a-los-heroes-de-malvinas\\\/#primaryimage\"},\"thumbnailUrl\":\"https:\\\/\\\/patagoniambiental.com.ar\\\/info\\\/wp-content\\\/uploads\\\/2019\\\/04\\\/web-omar-malvinas-5-copy-851x420.jpg\",\"articleSection\":[\"Neuqu\u00e9n\",\"Noticias\",\"Provinciales\"],\"inLanguage\":\"es\",\"potentialAction\":[{\"@type\":\"CommentAction\",\"name\":\"Comment\",\"target\":[\"https:\\\/\\\/patagoniambiental.com.ar\\\/info\\\/gutierrez-encabezo-el-acto-de-homenaje-a-los-heroes-de-malvinas\\\/#respond\"]}]},{\"@type\":\"WebPage\",\"@id\":\"https:\\\/\\\/patagoniambiental.com.ar\\\/info\\\/gutierrez-encabezo-el-acto-de-homenaje-a-los-heroes-de-malvinas\\\/\",\"url\":\"https:\\\/\\\/patagoniambiental.com.ar\\\/info\\\/gutierrez-encabezo-el-acto-de-homenaje-a-los-heroes-de-malvinas\\\/\",\"name\":\"Guti\u00e9rrez encabez\u00f3 el acto de homenaje a los h\u00e9roes de Malvinas\",\"isPartOf\":{\"@id\":\"https:\\\/\\\/patagoniambiental.com.ar\\\/info\\\/#website\"},\"primaryImageOfPage\":{\"@id\":\"https:\\\/\\\/patagoniambiental.com.ar\\\/info\\\/gutierrez-encabezo-el-acto-de-homenaje-a-los-heroes-de-malvinas\\\/#primaryimage\"},\"image\":{\"@id\":\"https:\\\/\\\/patagoniambiental.com.ar\\\/info\\\/gutierrez-encabezo-el-acto-de-homenaje-a-los-heroes-de-malvinas\\\/#primaryimage\"},\"thumbnailUrl\":\"https:\\\/\\\/patagoniambiental.com.ar\\\/info\\\/wp-content\\\/uploads\\\/2019\\\/04\\\/web-omar-malvinas-5-copy-851x420.jpg\",\"datePublished\":\"2019-04-03T22:00:55+00:00\",\"breadcrumb\":{\"@id\":\"https:\\\/\\\/patagoniambiental.com.ar\\\/info\\\/gutierrez-encabezo-el-acto-de-homenaje-a-los-heroes-de-malvinas\\\/#breadcrumb\"},\"inLanguage\":\"es\",\"potentialAction\":[{\"@type\":\"ReadAction\",\"target\":[\"https:\\\/\\\/patagoniambiental.com.ar\\\/info\\\/gutierrez-encabezo-el-acto-de-homenaje-a-los-heroes-de-malvinas\\\/\"]}]},{\"@type\":\"ImageObject\",\"inLanguage\":\"es\",\"@id\":\"https:\\\/\\\/patagoniambiental.com.ar\\\/info\\\/gutierrez-encabezo-el-acto-de-homenaje-a-los-heroes-de-malvinas\\\/#primaryimage\",\"url\":\"https:\\\/\\\/patagoniambiental.com.ar\\\/info\\\/wp-content\\\/uploads\\\/2019\\\/04\\\/web-omar-malvinas-5-copy-851x420.jpg\",\"contentUrl\":\"https:\\\/\\\/patagoniambiental.com.ar\\\/info\\\/wp-content\\\/uploads\\\/2019\\\/04\\\/web-omar-malvinas-5-copy-851x420.jpg\",\"width\":851,\"height\":420},{\"@type\":\"BreadcrumbList\",\"@id\":\"https:\\\/\\\/patagoniambiental.com.ar\\\/info\\\/gutierrez-encabezo-el-acto-de-homenaje-a-los-heroes-de-malvinas\\\/#breadcrumb\",\"itemListElement\":[{\"@type\":\"ListItem\",\"position\":1,\"name\":\"Inicio\",\"item\":\"https:\\\/\\\/patagoniambiental.com.ar\\\/info\\\/\"},{\"@type\":\"ListItem\",\"position\":2,\"name\":\"Guti\u00e9rrez encabez\u00f3 el acto de homenaje a los h\u00e9roes de Malvinas\"}]},{\"@type\":\"WebSite\",\"@id\":\"https:\\\/\\\/patagoniambiental.com.ar\\\/info\\\/#website\",\"url\":\"https:\\\/\\\/patagoniambiental.com.ar\\\/info\\\/\",\"name\":\"Patagonia Ambiental\",\"description\":\"Monitoreo y an\u00e1lisis de la situaci\u00f3n geopol\u00edtica en el mundo y su implicancia en la Patagonia\",\"publisher\":{\"@id\":\"https:\\\/\\\/patagoniambiental.com.ar\\\/info\\\/#organization\"},\"potentialAction\":[{\"@type\":\"SearchAction\",\"target\":{\"@type\":\"EntryPoint\",\"urlTemplate\":\"https:\\\/\\\/patagoniambiental.com.ar\\\/info\\\/?s={search_term_string}\"},\"query-input\":{\"@type\":\"PropertyValueSpecification\",\"valueRequired\":true,\"valueName\":\"search_term_string\"}}],\"inLanguage\":\"es\"},{\"@type\":\"Organization\",\"@id\":\"https:\\\/\\\/patagoniambiental.com.ar\\\/info\\\/#organization\",\"name\":\"Patagonia Ambiental\",\"url\":\"https:\\\/\\\/patagoniambiental.com.ar\\\/info\\\/\",\"logo\":{\"@type\":\"ImageObject\",\"inLanguage\":\"es\",\"@id\":\"https:\\\/\\\/patagoniambiental.com.ar\\\/info\\\/#\\\/schema\\\/logo\\\/image\\\/\",\"url\":\"https:\\\/\\\/patagoniambiental.com.ar\\\/info\\\/wp-content\\\/uploads\\\/2025\\\/05\\\/LOGO-PATAGONIA-AMBIENTAL.png\",\"contentUrl\":\"https:\\\/\\\/patagoniambiental.com.ar\\\/info\\\/wp-content\\\/uploads\\\/2025\\\/05\\\/LOGO-PATAGONIA-AMBIENTAL.png\",\"width\":433,\"height\":250,\"caption\":\"Patagonia Ambiental\"},\"image\":{\"@id\":\"https:\\\/\\\/patagoniambiental.com.ar\\\/info\\\/#\\\/schema\\\/logo\\\/image\\\/\"},\"sameAs\":[\"https:\\\/\\\/www.facebook.com\\\/patagonia.ambiental\",\"https:\\\/\\\/x.com\\\/PatAmb\"]},{\"@type\":\"Person\",\"@id\":\"https:\\\/\\\/patagoniambiental.com.ar\\\/info\\\/#\\\/schema\\\/person\\\/db12bff64bbcbf6a253710bf0ea37b5d\",\"name\":\"Patagonia Ambiental\",\"description\":\"Andr\u00e9s Nievas T\u00e9cnico en manejo ambiental, consultor Ambiental y escritor para medios locales e internacionales sobre temas de geopolitica y medio ambiente.\",\"sameAs\":[\"http:\\\/\\\/www.patagoniambiental.com.ar\",\"https:\\\/\\\/www.facebook.com\\\/share\\\/1C1V8Gv9BX\\\/?mibextid=qi2Omg\",\"@patagoniambiental\",\"https:\\\/\\\/youtube.com\\\/@patagoniaambiental2023?si=BLt58t0wuXquxlYZ\"]}]}<\/script>\n<!-- \/ Yoast SEO Premium plugin. -->","yoast_head_json":{"title":"Guti\u00e9rrez encabez\u00f3 el acto de homenaje a los h\u00e9roes de Malvinas","robots":{"index":"index","follow":"follow","max-snippet":"max-snippet:-1","max-image-preview":"max-image-preview:large","max-video-preview":"max-video-preview:-1"},"canonical":"https:\/\/patagoniambiental.com.ar\/info\/gutierrez-encabezo-el-acto-de-homenaje-a-los-heroes-de-malvinas\/","og_locale":"es_ES","og_type":"article","og_title":"Guti\u00e9rrez encabez\u00f3 el acto de homenaje a los h\u00e9roes de Malvinas","og_description":"Neuquen.-Al conmemorarse los 37 a\u00f1os de la Guerra de Malvinas, se realiz\u00f3 un acto en el Cenotafio del Parque Central [&hellip;]","og_url":"https:\/\/patagoniambiental.com.ar\/info\/gutierrez-encabezo-el-acto-de-homenaje-a-los-heroes-de-malvinas\/","og_site_name":"Patagonia Ambiental","article_publisher":"https:\/\/www.facebook.com\/patagonia.ambiental","article_author":"https:\/\/www.facebook.com\/share\/1C1V8Gv9BX\/?mibextid=qi2Omg","article_published_time":"2019-04-03T22:00:55+00:00","og_image":[{"width":851,"height":420,"url":"https:\/\/patagoniambiental.com.ar\/info\/wp-content\/uploads\/2019\/04\/web-omar-malvinas-5-copy-851x420.jpg","type":"image\/jpeg"}],"author":"Patagonia Ambiental","twitter_card":"summary_large_image","twitter_creator":"@PatAmb","twitter_site":"@PatAmb","schema":{"@context":"https:\/\/schema.org","@graph":[{"@type":"Article","@id":"https:\/\/patagoniambiental.com.ar\/info\/gutierrez-encabezo-el-acto-de-homenaje-a-los-heroes-de-malvinas\/#article","isPartOf":{"@id":"https:\/\/patagoniambiental.com.ar\/info\/gutierrez-encabezo-el-acto-de-homenaje-a-los-heroes-de-malvinas\/"},"author":{"name":"Patagonia Ambiental","@id":"https:\/\/patagoniambiental.com.ar\/info\/#\/schema\/person\/db12bff64bbcbf6a253710bf0ea37b5d"},"headline":"Guti\u00e9rrez encabez\u00f3 el acto de homenaje a los h\u00e9roes de Malvinas","datePublished":"2019-04-03T22:00:55+00:00","mainEntityOfPage":{"@id":"https:\/\/patagoniambiental.com.ar\/info\/gutierrez-encabezo-el-acto-de-homenaje-a-los-heroes-de-malvinas\/"},"wordCount":506,"commentCount":0,"publisher":{"@id":"https:\/\/patagoniambiental.com.ar\/info\/#organization"},"image":{"@id":"https:\/\/patagoniambiental.com.ar\/info\/gutierrez-encabezo-el-acto-de-homenaje-a-los-heroes-de-malvinas\/#primaryimage"},"thumbnailUrl":"https:\/\/patagoniambiental.com.ar\/info\/wp-content\/uploads\/2019\/04\/web-omar-malvinas-5-copy-851x420.jpg","articleSection":["Neuqu\u00e9n","Noticias","Provinciales"],"inLanguage":"es","potentialAction":[{"@type":"CommentAction","name":"Comment","target":["https:\/\/patagoniambiental.com.ar\/info\/gutierrez-encabezo-el-acto-de-homenaje-a-los-heroes-de-malvinas\/#respond"]}]},{"@type":"WebPage","@id":"https:\/\/patagoniambiental.com.ar\/info\/gutierrez-encabezo-el-acto-de-homenaje-a-los-heroes-de-malvinas\/","url":"https:\/\/patagoniambiental.com.ar\/info\/gutierrez-encabezo-el-acto-de-homenaje-a-los-heroes-de-malvinas\/","name":"Guti\u00e9rrez encabez\u00f3 el acto de homenaje a los h\u00e9roes de Malvinas","isPartOf":{"@id":"https:\/\/patagoniambiental.com.ar\/info\/#website"},"primaryImageOfPage":{"@id":"https:\/\/patagoniambiental.com.ar\/info\/gutierrez-encabezo-el-acto-de-homenaje-a-los-heroes-de-malvinas\/#primaryimage"},"image":{"@id":"https:\/\/patagoniambiental.com.ar\/info\/gutierrez-encabezo-el-acto-de-homenaje-a-los-heroes-de-malvinas\/#primaryimage"},"thumbnailUrl":"https:\/\/patagoniambiental.com.ar\/info\/wp-content\/uploads\/2019\/04\/web-omar-malvinas-5-copy-851x420.jpg","datePublished":"2019-04-03T22:00:55+00:00","breadcrumb":{"@id":"https:\/\/patagoniambiental.com.ar\/info\/gutierrez-encabezo-el-acto-de-homenaje-a-los-heroes-de-malvinas\/#breadcrumb"},"inLanguage":"es","potentialAction":[{"@type":"ReadAction","target":["https:\/\/patagoniambiental.com.ar\/info\/gutierrez-encabezo-el-acto-de-homenaje-a-los-heroes-de-malvinas\/"]}]},{"@type":"ImageObject","inLanguage":"es","@id":"https:\/\/patagoniambiental.com.ar\/info\/gutierrez-encabezo-el-acto-de-homenaje-a-los-heroes-de-malvinas\/#primaryimage","url":"https:\/\/patagoniambiental.com.ar\/info\/wp-content\/uploads\/2019\/04\/web-omar-malvinas-5-copy-851x420.jpg","contentUrl":"https:\/\/patagoniambiental.com.ar\/info\/wp-content\/uploads\/2019\/04\/web-omar-malvinas-5-copy-851x420.jpg","width":851,"height":420},{"@type":"BreadcrumbList","@id":"https:\/\/patagoniambiental.com.ar\/info\/gutierrez-encabezo-el-acto-de-homenaje-a-los-heroes-de-malvinas\/#breadcrumb","itemListElement":[{"@type":"ListItem","position":1,"name":"Inicio","item":"https:\/\/patagoniambiental.com.ar\/info\/"},{"@type":"ListItem","position":2,"name":"Guti\u00e9rrez encabez\u00f3 el acto de homenaje a los h\u00e9roes de Malvinas"}]},{"@type":"WebSite","@id":"https:\/\/patagoniambiental.com.ar\/info\/#website","url":"https:\/\/patagoniambiental.com.ar\/info\/","name":"Patagonia Ambiental","description":"Monitoreo y an\u00e1lisis de la situaci\u00f3n geopol\u00edtica en el mundo y su implicancia en la Patagonia","publisher":{"@id":"https:\/\/patagoniambiental.com.ar\/info\/#organization"},"potentialAction":[{"@type":"SearchAction","target":{"@type":"EntryPoint","urlTemplate":"https:\/\/patagoniambiental.com.ar\/info\/?s={search_term_string}"},"query-input":{"@type":"PropertyValueSpecification","valueRequired":true,"valueName":"search_term_string"}}],"inLanguage":"es"},{"@type":"Organization","@id":"https:\/\/patagoniambiental.com.ar\/info\/#organization","name":"Patagonia Ambiental","url":"https:\/\/patagoniambiental.com.ar\/info\/","logo":{"@type":"ImageObject","inLanguage":"es","@id":"https:\/\/patagoniambiental.com.ar\/info\/#\/schema\/logo\/image\/","url":"https:\/\/patagoniambiental.com.ar\/info\/wp-content\/uploads\/2025\/05\/LOGO-PATAGONIA-AMBIENTAL.png","contentUrl":"https:\/\/patagoniambiental.com.ar\/info\/wp-content\/uploads\/2025\/05\/LOGO-PATAGONIA-AMBIENTAL.png","width":433,"height":250,"caption":"Patagonia Ambiental"},"image":{"@id":"https:\/\/patagoniambiental.com.ar\/info\/#\/schema\/logo\/image\/"},"sameAs":["https:\/\/www.facebook.com\/patagonia.ambiental","https:\/\/x.com\/PatAmb"]},{"@type":"Person","@id":"https:\/\/patagoniambiental.com.ar\/info\/#\/schema\/person\/db12bff64bbcbf6a253710bf0ea37b5d","name":"Patagonia Ambiental","description":"Andr\u00e9s Nievas T\u00e9cnico en manejo ambiental, consultor Ambiental y escritor para medios locales e internacionales sobre temas de geopolitica y medio ambiente.","sameAs":["http:\/\/www.patagoniambiental.com.ar","https:\/\/www.facebook.com\/share\/1C1V8Gv9BX\/?mibextid=qi2Omg","@patagoniambiental","https:\/\/youtube.com\/@patagoniaambiental2023?si=BLt58t0wuXquxlYZ"]}]}},"_links":{"self":[{"href":"https:\/\/patagoniambiental.com.ar\/info\/wp-json\/wp\/v2\/posts\/59937","targetHints":{"allow":["GET"]}}],"collection":[{"href":"https:\/\/patagoniambiental.com.ar\/info\/wp-json\/wp\/v2\/posts"}],"about":[{"href":"https:\/\/patagoniambiental.com.ar\/info\/wp-json\/wp\/v2\/types\/post"}],"author":[{"embeddable":true,"href":"https:\/\/patagoniambiental.com.ar\/info\/wp-json\/wp\/v2\/users\/2"}],"replies":[{"embeddable":true,"href":"https:\/\/patagoniambiental.com.ar\/info\/wp-json\/wp\/v2\/comments?post=59937"}],"version-history":[{"count":0,"href":"https:\/\/patagoniambiental.com.ar\/info\/wp-json\/wp\/v2\/posts\/59937\/revisions"}],"wp:featuredmedia":[{"embeddable":true,"href":"https:\/\/patagoniambiental.com.ar\/info\/wp-json\/wp\/v2\/media\/59938"}],"wp:attachment":[{"href":"https:\/\/patagoniambiental.com.ar\/info\/wp-json\/wp\/v2\/media?parent=59937"}],"wp:term":[{"taxonomy":"category","embeddable":true,"href":"https:\/\/patagoniambiental.com.ar\/info\/wp-json\/wp\/v2\/categories?post=59937"},{"taxonomy":"post_tag","embeddable":true,"href":"https:\/\/patagoniambiental.com.ar\/info\/wp-json\/wp\/v2\/tags?post=59937"}],"curies":[{"name":"wp","href":"https:\/\/api.w.org\/{rel}","templated":true}]}}