{"id":59955,"date":"2019-04-05T07:00:01","date_gmt":"2019-04-05T10:00:01","guid":{"rendered":"http:\/\/patagoniambiental.com.ar\/info\/?p=59955"},"modified":"2019-04-04T15:49:26","modified_gmt":"2019-04-04T18:49:26","slug":"25-de-mayo-desarrollan-un-nuevo-destino-turistico","status":"publish","type":"post","link":"https:\/\/patagoniambiental.com.ar\/info\/25-de-mayo-desarrollan-un-nuevo-destino-turistico\/","title":{"rendered":"25 de Mayo: Desarrollan un nuevo destino tur\u00edstico"},"content":{"rendered":"<div class=\"td-pb-row\">\n<div class=\"td-pb-span12\">\n<div class=\"td-post-header td-pb-padding-side\">\n<header>\n<p class=\"entry-title\">La Subsecretar\u00eda de Turismo, dependiente del Ministerio de Desarrollo Territorial, est\u00e1 desarrollando un nuevo punto tur\u00edstico en la provincia de La Pampa: el Salitral Encantado, en 25 de Mayo.<\/p>\n<p><!--more--><\/p>\n<p><a class=\"td-modal-image\" href=\"https:\/\/catriel25noticias.com\/wp-content\/uploads\/2019\/04\/turismo4.jpg\" data-caption=\"\"><img fetchpriority=\"high\" decoding=\"async\" class=\"entry-thumb alignleft\" title=\"turismo4\" src=\"https:\/\/catriel25noticias.com\/wp-content\/uploads\/2019\/04\/turismo4-681x511.jpg\" sizes=\"(max-width: 681px) 100vw, 681px\" srcset=\"https:\/\/catriel25noticias.com\/wp-content\/uploads\/2019\/04\/turismo4-681x511.jpg 681w, https:\/\/catriel25noticias.com\/wp-content\/uploads\/2019\/04\/turismo4-220x165.jpg 220w, https:\/\/catriel25noticias.com\/wp-content\/uploads\/2019\/04\/turismo4-768x576.jpg 768w, https:\/\/catriel25noticias.com\/wp-content\/uploads\/2019\/04\/turismo4-484x363.jpg 484w, https:\/\/catriel25noticias.com\/wp-content\/uploads\/2019\/04\/turismo4-560x420.jpg 560w, https:\/\/catriel25noticias.com\/wp-content\/uploads\/2019\/04\/turismo4-80x60.jpg 80w, https:\/\/catriel25noticias.com\/wp-content\/uploads\/2019\/04\/turismo4-100x75.jpg 100w, https:\/\/catriel25noticias.com\/wp-content\/uploads\/2019\/04\/turismo4-180x135.jpg 180w, https:\/\/catriel25noticias.com\/wp-content\/uploads\/2019\/04\/turismo4-238x178.jpg 238w, https:\/\/catriel25noticias.com\/wp-content\/uploads\/2019\/04\/turismo4-640x480.jpg 640w, https:\/\/catriel25noticias.com\/wp-content\/uploads\/2019\/04\/turismo4.jpg 960w\" alt=\"turismo4-681x511\" width=\"681\" height=\"511\" \/><\/a><\/p>\n<\/header>\n<\/div>\n<\/div>\n<\/div>\n<p>&nbsp;<\/p>\n<div class=\"td-pb-row\">\n<div class=\"td-pb-span8 td-main-content\" role=\"main\">\n<div class=\"td-ss-main-content\">\n<div class=\"td-post-content td-pb-padding-side\">\n<p>&nbsp;<\/p>\n<p>Durante el fin de semana, el subsecretario de Turismo, Lautaro C\u00f3rdoba; autoridades del municipio de 25 de Mayo; e investigadoras de la Universidad Nacional de La Pampa (UNLPam) viajaron a la zona donde evaluaron la viabilidad de realizar paseos en paratrike y carrovela en el salitral.<\/p>\n<p>Ubicado entre los departamentos de Limay Mahuida y Puel\u00e9n, se encuentra el Gran Salitral, uno de los m\u00e1s extensos del mundo, con caracter\u00edsticas biol\u00f3gicas y paisaj\u00edsticas especiales.<\/p>\n<p>El Gran Salitral ha demostrado ser una importante zona de uso de la fauna local, tanto de mam\u00edferos como de aves. A ello se suma que entre las especies relevadas por t\u00e9cnicos de la Subsecretar\u00eda de Ecolog\u00eda, hay varias que muestran serios retrocesos en sus poblaciones, lo que requiere extremar las medidas de conservaci\u00f3n. Tal es el caso de la tortuga terrestre (chelonoidis chilensis), el guanaco (lama guanicoe), la mara (dolichotys patagona) y el puma (felis concolor).<\/p>\n<p>En esta zona tambi\u00e9n se encuentra la poblaci\u00f3n m\u00e1s austral del retamo (Bulnesia retama), una planta nativa con serios problemas de conservaci\u00f3n. El Gran Salitral es una laguna de enorme superficie en torno a las 60.000 hect\u00e1reas-, con un volumen de agua m\u00e1s o menos estable, alimentada tanto por las lluvias ocasionales, como por dos arroyos temporarios. Uno de los arroyos es el Potrol, que nace en la laguna El Juncal. Esta laguna recibe a su vez el caudal del Arroyo de la Barda el brazo activo del r\u00edo Atuel-, el cual cuando se llena desagua hacia el sur a trav\u00e9s del Potrol y su escorrent\u00eda termina en el Gran Salitral. Por el norte en posici\u00f3n occidental respecto al Potrol- ingresa el Arroyo de la Barda, un curso de agua espor\u00e1dico que colecta el agua de las barrancas ubicadas al oeste y noroeste (Eco, 2006).<\/p>\n<p>Circunstancialmente, el salitral recibe aportes de los desbordes de algunos ba\u00f1ados del r\u00edo Salado, que ingresan a la laguna por el noreste.<\/p>\n<p><img decoding=\"async\" class=\"jetpack-lazy-image jetpack-lazy-image--handled\" src=\"https:\/\/catriel25noticias.com\/wp-content\/uploads\/2019\/04\/turismo-484x363.jpg\" sizes=\"(max-width: 484px) 100vw, 484px\" srcset=\"https:\/\/catriel25noticias.com\/wp-content\/uploads\/2019\/04\/turismo-484x363.jpg 484w, https:\/\/catriel25noticias.com\/wp-content\/uploads\/2019\/04\/turismo-220x165.jpg 220w, https:\/\/catriel25noticias.com\/wp-content\/uploads\/2019\/04\/turismo-768x576.jpg 768w, https:\/\/catriel25noticias.com\/wp-content\/uploads\/2019\/04\/turismo-560x420.jpg 560w, https:\/\/catriel25noticias.com\/wp-content\/uploads\/2019\/04\/turismo-80x60.jpg 80w, https:\/\/catriel25noticias.com\/wp-content\/uploads\/2019\/04\/turismo-100x75.jpg 100w, https:\/\/catriel25noticias.com\/wp-content\/uploads\/2019\/04\/turismo-180x135.jpg 180w, https:\/\/catriel25noticias.com\/wp-content\/uploads\/2019\/04\/turismo-238x178.jpg 238w, https:\/\/catriel25noticias.com\/wp-content\/uploads\/2019\/04\/turismo-640x480.jpg 640w, https:\/\/catriel25noticias.com\/wp-content\/uploads\/2019\/04\/turismo-681x511.jpg 681w, https:\/\/catriel25noticias.com\/wp-content\/uploads\/2019\/04\/turismo.jpg 960w\" alt=\"Catriel25Noticias.com turismo-484x363 25 de Mayo: Desarrollan un nuevo destino tur\u00edstico LOCALES    \" width=\"484\" height=\"363\" data-lazy-loaded=\"1\" \/><\/p>\n<p>Fuente: catriel25noticias<\/p>\n<\/div>\n<\/div>\n<\/div>\n<\/div>\n","protected":false},"excerpt":{"rendered":"<p>La Subsecretar\u00eda de Turismo, dependiente del Ministerio de Desarrollo Territorial, est\u00e1 desarrollando un nuevo punto tur\u00edstico en la provincia de [&hellip;]<\/p>\n","protected":false},"author":2,"featured_media":59956,"comment_status":"open","ping_status":"open","sticky":false,"template":"","format":"standard","meta":{"site-sidebar-layout":"default","site-content-layout":"","ast-site-content-layout":"default","site-content-style":"default","site-sidebar-style":"default","ast-global-header-display":"","ast-banner-title-visibility":"","ast-main-header-display":"","ast-hfb-above-header-display":"","ast-hfb-below-header-display":"","ast-hfb-mobile-header-display":"","site-post-title":"","ast-breadcrumbs-content":"","ast-featured-img":"","footer-sml-layout":"","ast-disable-related-posts":"","theme-transparent-header-meta":"","adv-header-id-meta":"","stick-header-meta":"","header-above-stick-meta":"","header-main-stick-meta":"","header-below-stick-meta":"","astra-migrate-meta-layouts":"default","ast-page-background-enabled":"default","ast-page-background-meta":{"desktop":{"background-color":"var(--ast-global-color-5)","background-image":"","background-repeat":"repeat","background-position":"center center","background-size":"auto","background-attachment":"scroll","background-type":"","background-media":"","overlay-type":"","overlay-color":"","overlay-opacity":"","overlay-gradient":""},"tablet":{"background-color":"","background-image":"","background-repeat":"repeat","background-position":"center center","background-size":"auto","background-attachment":"scroll","background-type":"","background-media":"","overlay-type":"","overlay-color":"","overlay-opacity":"","overlay-gradient":""},"mobile":{"background-color":"","background-image":"","background-repeat":"repeat","background-position":"center center","background-size":"auto","background-attachment":"scroll","background-type":"","background-media":"","overlay-type":"","overlay-color":"","overlay-opacity":"","overlay-gradient":""}},"ast-content-background-meta":{"desktop":{"background-color":"var(--ast-global-color-4)","background-image":"","background-repeat":"repeat","background-position":"center center","background-size":"auto","background-attachment":"scroll","background-type":"","background-media":"","overlay-type":"","overlay-color":"","overlay-opacity":"","overlay-gradient":""},"tablet":{"background-color":"var(--ast-global-color-4)","background-image":"","background-repeat":"repeat","background-position":"center center","background-size":"auto","background-attachment":"scroll","background-type":"","background-media":"","overlay-type":"","overlay-color":"","overlay-opacity":"","overlay-gradient":""},"mobile":{"background-color":"var(--ast-global-color-4)","background-image":"","background-repeat":"repeat","background-position":"center center","background-size":"auto","background-attachment":"scroll","background-type":"","background-media":"","overlay-type":"","overlay-color":"","overlay-opacity":"","overlay-gradient":""}},"footnotes":""},"categories":[59,1,13],"tags":[],"class_list":["post-59955","post","type-post","status-publish","format-standard","has-post-thumbnail","hentry","category-la-pampa","category-noticias","category-provinciales"],"yoast_head":"<!-- This site is optimized with the Yoast SEO Premium plugin v23.0 (Yoast SEO v27.4) - https:\/\/yoast.com\/product\/yoast-seo-premium-wordpress\/ -->\n<title>25 de Mayo: Desarrollan un nuevo destino tur\u00edstico<\/title>\n<meta name=\"robots\" content=\"index, follow, max-snippet:-1, max-image-preview:large, max-video-preview:-1\" \/>\n<link rel=\"canonical\" href=\"https:\/\/patagoniambiental.com.ar\/info\/25-de-mayo-desarrollan-un-nuevo-destino-turistico\/\" \/>\n<meta property=\"og:locale\" content=\"es_ES\" \/>\n<meta property=\"og:type\" content=\"article\" \/>\n<meta property=\"og:title\" content=\"25 de Mayo: Desarrollan un nuevo destino tur\u00edstico\" \/>\n<meta property=\"og:description\" content=\"La Subsecretar\u00eda de Turismo, dependiente del Ministerio de Desarrollo Territorial, est\u00e1 desarrollando un nuevo punto tur\u00edstico en la provincia de [&hellip;]\" \/>\n<meta property=\"og:url\" content=\"https:\/\/patagoniambiental.com.ar\/info\/25-de-mayo-desarrollan-un-nuevo-destino-turistico\/\" \/>\n<meta property=\"og:site_name\" content=\"Patagonia Ambiental\" \/>\n<meta property=\"article:publisher\" content=\"https:\/\/www.facebook.com\/patagonia.ambiental\" \/>\n<meta property=\"article:author\" content=\"https:\/\/www.facebook.com\/share\/1C1V8Gv9BX\/?mibextid=qi2Omg\" \/>\n<meta property=\"article:published_time\" content=\"2019-04-05T10:00:01+00:00\" \/>\n<meta property=\"og:image\" content=\"https:\/\/patagoniambiental.com.ar\/info\/wp-content\/uploads\/2019\/04\/turismo4-681x511.jpg\" \/>\n\t<meta property=\"og:image:width\" content=\"681\" \/>\n\t<meta property=\"og:image:height\" content=\"511\" \/>\n\t<meta property=\"og:image:type\" content=\"image\/jpeg\" \/>\n<meta name=\"author\" content=\"Patagonia Ambiental\" \/>\n<meta name=\"twitter:card\" content=\"summary_large_image\" \/>\n<meta name=\"twitter:creator\" content=\"@PatAmb\" \/>\n<meta name=\"twitter:site\" content=\"@PatAmb\" \/>\n<script type=\"application\/ld+json\" class=\"yoast-schema-graph\">{\"@context\":\"https:\\\/\\\/schema.org\",\"@graph\":[{\"@type\":\"Article\",\"@id\":\"https:\\\/\\\/patagoniambiental.com.ar\\\/info\\\/25-de-mayo-desarrollan-un-nuevo-destino-turistico\\\/#article\",\"isPartOf\":{\"@id\":\"https:\\\/\\\/patagoniambiental.com.ar\\\/info\\\/25-de-mayo-desarrollan-un-nuevo-destino-turistico\\\/\"},\"author\":{\"name\":\"Patagonia Ambiental\",\"@id\":\"https:\\\/\\\/patagoniambiental.com.ar\\\/info\\\/#\\\/schema\\\/person\\\/db12bff64bbcbf6a253710bf0ea37b5d\"},\"headline\":\"25 de Mayo: Desarrollan un nuevo destino tur\u00edstico\",\"datePublished\":\"2019-04-05T10:00:01+00:00\",\"mainEntityOfPage\":{\"@id\":\"https:\\\/\\\/patagoniambiental.com.ar\\\/info\\\/25-de-mayo-desarrollan-un-nuevo-destino-turistico\\\/\"},\"wordCount\":381,\"commentCount\":0,\"publisher\":{\"@id\":\"https:\\\/\\\/patagoniambiental.com.ar\\\/info\\\/#organization\"},\"image\":{\"@id\":\"https:\\\/\\\/patagoniambiental.com.ar\\\/info\\\/25-de-mayo-desarrollan-un-nuevo-destino-turistico\\\/#primaryimage\"},\"thumbnailUrl\":\"https:\\\/\\\/patagoniambiental.com.ar\\\/info\\\/wp-content\\\/uploads\\\/2019\\\/04\\\/turismo4-681x511.jpg\",\"articleSection\":[\"La Pampa\",\"Noticias\",\"Provinciales\"],\"inLanguage\":\"es\",\"potentialAction\":[{\"@type\":\"CommentAction\",\"name\":\"Comment\",\"target\":[\"https:\\\/\\\/patagoniambiental.com.ar\\\/info\\\/25-de-mayo-desarrollan-un-nuevo-destino-turistico\\\/#respond\"]}]},{\"@type\":\"WebPage\",\"@id\":\"https:\\\/\\\/patagoniambiental.com.ar\\\/info\\\/25-de-mayo-desarrollan-un-nuevo-destino-turistico\\\/\",\"url\":\"https:\\\/\\\/patagoniambiental.com.ar\\\/info\\\/25-de-mayo-desarrollan-un-nuevo-destino-turistico\\\/\",\"name\":\"25 de Mayo: Desarrollan un nuevo destino tur\u00edstico\",\"isPartOf\":{\"@id\":\"https:\\\/\\\/patagoniambiental.com.ar\\\/info\\\/#website\"},\"primaryImageOfPage\":{\"@id\":\"https:\\\/\\\/patagoniambiental.com.ar\\\/info\\\/25-de-mayo-desarrollan-un-nuevo-destino-turistico\\\/#primaryimage\"},\"image\":{\"@id\":\"https:\\\/\\\/patagoniambiental.com.ar\\\/info\\\/25-de-mayo-desarrollan-un-nuevo-destino-turistico\\\/#primaryimage\"},\"thumbnailUrl\":\"https:\\\/\\\/patagoniambiental.com.ar\\\/info\\\/wp-content\\\/uploads\\\/2019\\\/04\\\/turismo4-681x511.jpg\",\"datePublished\":\"2019-04-05T10:00:01+00:00\",\"breadcrumb\":{\"@id\":\"https:\\\/\\\/patagoniambiental.com.ar\\\/info\\\/25-de-mayo-desarrollan-un-nuevo-destino-turistico\\\/#breadcrumb\"},\"inLanguage\":\"es\",\"potentialAction\":[{\"@type\":\"ReadAction\",\"target\":[\"https:\\\/\\\/patagoniambiental.com.ar\\\/info\\\/25-de-mayo-desarrollan-un-nuevo-destino-turistico\\\/\"]}]},{\"@type\":\"ImageObject\",\"inLanguage\":\"es\",\"@id\":\"https:\\\/\\\/patagoniambiental.com.ar\\\/info\\\/25-de-mayo-desarrollan-un-nuevo-destino-turistico\\\/#primaryimage\",\"url\":\"https:\\\/\\\/patagoniambiental.com.ar\\\/info\\\/wp-content\\\/uploads\\\/2019\\\/04\\\/turismo4-681x511.jpg\",\"contentUrl\":\"https:\\\/\\\/patagoniambiental.com.ar\\\/info\\\/wp-content\\\/uploads\\\/2019\\\/04\\\/turismo4-681x511.jpg\",\"width\":681,\"height\":511},{\"@type\":\"BreadcrumbList\",\"@id\":\"https:\\\/\\\/patagoniambiental.com.ar\\\/info\\\/25-de-mayo-desarrollan-un-nuevo-destino-turistico\\\/#breadcrumb\",\"itemListElement\":[{\"@type\":\"ListItem\",\"position\":1,\"name\":\"Inicio\",\"item\":\"https:\\\/\\\/patagoniambiental.com.ar\\\/info\\\/\"},{\"@type\":\"ListItem\",\"position\":2,\"name\":\"25 de Mayo: Desarrollan un nuevo destino tur\u00edstico\"}]},{\"@type\":\"WebSite\",\"@id\":\"https:\\\/\\\/patagoniambiental.com.ar\\\/info\\\/#website\",\"url\":\"https:\\\/\\\/patagoniambiental.com.ar\\\/info\\\/\",\"name\":\"Patagonia Ambiental\",\"description\":\"Monitoreo y an\u00e1lisis de la situaci\u00f3n geopol\u00edtica en el mundo y su implicancia en la Patagonia\",\"publisher\":{\"@id\":\"https:\\\/\\\/patagoniambiental.com.ar\\\/info\\\/#organization\"},\"potentialAction\":[{\"@type\":\"SearchAction\",\"target\":{\"@type\":\"EntryPoint\",\"urlTemplate\":\"https:\\\/\\\/patagoniambiental.com.ar\\\/info\\\/?s={search_term_string}\"},\"query-input\":{\"@type\":\"PropertyValueSpecification\",\"valueRequired\":true,\"valueName\":\"search_term_string\"}}],\"inLanguage\":\"es\"},{\"@type\":\"Organization\",\"@id\":\"https:\\\/\\\/patagoniambiental.com.ar\\\/info\\\/#organization\",\"name\":\"Patagonia Ambiental\",\"url\":\"https:\\\/\\\/patagoniambiental.com.ar\\\/info\\\/\",\"logo\":{\"@type\":\"ImageObject\",\"inLanguage\":\"es\",\"@id\":\"https:\\\/\\\/patagoniambiental.com.ar\\\/info\\\/#\\\/schema\\\/logo\\\/image\\\/\",\"url\":\"https:\\\/\\\/patagoniambiental.com.ar\\\/info\\\/wp-content\\\/uploads\\\/2025\\\/05\\\/LOGO-PATAGONIA-AMBIENTAL.png\",\"contentUrl\":\"https:\\\/\\\/patagoniambiental.com.ar\\\/info\\\/wp-content\\\/uploads\\\/2025\\\/05\\\/LOGO-PATAGONIA-AMBIENTAL.png\",\"width\":433,\"height\":250,\"caption\":\"Patagonia Ambiental\"},\"image\":{\"@id\":\"https:\\\/\\\/patagoniambiental.com.ar\\\/info\\\/#\\\/schema\\\/logo\\\/image\\\/\"},\"sameAs\":[\"https:\\\/\\\/www.facebook.com\\\/patagonia.ambiental\",\"https:\\\/\\\/x.com\\\/PatAmb\"]},{\"@type\":\"Person\",\"@id\":\"https:\\\/\\\/patagoniambiental.com.ar\\\/info\\\/#\\\/schema\\\/person\\\/db12bff64bbcbf6a253710bf0ea37b5d\",\"name\":\"Patagonia Ambiental\",\"description\":\"Andr\u00e9s Nievas T\u00e9cnico en manejo ambiental, consultor Ambiental y escritor para medios locales e internacionales sobre temas de geopolitica y medio ambiente.\",\"sameAs\":[\"http:\\\/\\\/www.patagoniambiental.com.ar\",\"https:\\\/\\\/www.facebook.com\\\/share\\\/1C1V8Gv9BX\\\/?mibextid=qi2Omg\",\"@patagoniambiental\",\"https:\\\/\\\/youtube.com\\\/@patagoniaambiental2023?si=BLt58t0wuXquxlYZ\"]}]}<\/script>\n<!-- \/ Yoast SEO Premium plugin. -->","yoast_head_json":{"title":"25 de Mayo: Desarrollan un nuevo destino tur\u00edstico","robots":{"index":"index","follow":"follow","max-snippet":"max-snippet:-1","max-image-preview":"max-image-preview:large","max-video-preview":"max-video-preview:-1"},"canonical":"https:\/\/patagoniambiental.com.ar\/info\/25-de-mayo-desarrollan-un-nuevo-destino-turistico\/","og_locale":"es_ES","og_type":"article","og_title":"25 de Mayo: Desarrollan un nuevo destino tur\u00edstico","og_description":"La Subsecretar\u00eda de Turismo, dependiente del Ministerio de Desarrollo Territorial, est\u00e1 desarrollando un nuevo punto tur\u00edstico en la provincia de [&hellip;]","og_url":"https:\/\/patagoniambiental.com.ar\/info\/25-de-mayo-desarrollan-un-nuevo-destino-turistico\/","og_site_name":"Patagonia Ambiental","article_publisher":"https:\/\/www.facebook.com\/patagonia.ambiental","article_author":"https:\/\/www.facebook.com\/share\/1C1V8Gv9BX\/?mibextid=qi2Omg","article_published_time":"2019-04-05T10:00:01+00:00","og_image":[{"width":681,"height":511,"url":"https:\/\/patagoniambiental.com.ar\/info\/wp-content\/uploads\/2019\/04\/turismo4-681x511.jpg","type":"image\/jpeg"}],"author":"Patagonia Ambiental","twitter_card":"summary_large_image","twitter_creator":"@PatAmb","twitter_site":"@PatAmb","schema":{"@context":"https:\/\/schema.org","@graph":[{"@type":"Article","@id":"https:\/\/patagoniambiental.com.ar\/info\/25-de-mayo-desarrollan-un-nuevo-destino-turistico\/#article","isPartOf":{"@id":"https:\/\/patagoniambiental.com.ar\/info\/25-de-mayo-desarrollan-un-nuevo-destino-turistico\/"},"author":{"name":"Patagonia Ambiental","@id":"https:\/\/patagoniambiental.com.ar\/info\/#\/schema\/person\/db12bff64bbcbf6a253710bf0ea37b5d"},"headline":"25 de Mayo: Desarrollan un nuevo destino tur\u00edstico","datePublished":"2019-04-05T10:00:01+00:00","mainEntityOfPage":{"@id":"https:\/\/patagoniambiental.com.ar\/info\/25-de-mayo-desarrollan-un-nuevo-destino-turistico\/"},"wordCount":381,"commentCount":0,"publisher":{"@id":"https:\/\/patagoniambiental.com.ar\/info\/#organization"},"image":{"@id":"https:\/\/patagoniambiental.com.ar\/info\/25-de-mayo-desarrollan-un-nuevo-destino-turistico\/#primaryimage"},"thumbnailUrl":"https:\/\/patagoniambiental.com.ar\/info\/wp-content\/uploads\/2019\/04\/turismo4-681x511.jpg","articleSection":["La Pampa","Noticias","Provinciales"],"inLanguage":"es","potentialAction":[{"@type":"CommentAction","name":"Comment","target":["https:\/\/patagoniambiental.com.ar\/info\/25-de-mayo-desarrollan-un-nuevo-destino-turistico\/#respond"]}]},{"@type":"WebPage","@id":"https:\/\/patagoniambiental.com.ar\/info\/25-de-mayo-desarrollan-un-nuevo-destino-turistico\/","url":"https:\/\/patagoniambiental.com.ar\/info\/25-de-mayo-desarrollan-un-nuevo-destino-turistico\/","name":"25 de Mayo: Desarrollan un nuevo destino tur\u00edstico","isPartOf":{"@id":"https:\/\/patagoniambiental.com.ar\/info\/#website"},"primaryImageOfPage":{"@id":"https:\/\/patagoniambiental.com.ar\/info\/25-de-mayo-desarrollan-un-nuevo-destino-turistico\/#primaryimage"},"image":{"@id":"https:\/\/patagoniambiental.com.ar\/info\/25-de-mayo-desarrollan-un-nuevo-destino-turistico\/#primaryimage"},"thumbnailUrl":"https:\/\/patagoniambiental.com.ar\/info\/wp-content\/uploads\/2019\/04\/turismo4-681x511.jpg","datePublished":"2019-04-05T10:00:01+00:00","breadcrumb":{"@id":"https:\/\/patagoniambiental.com.ar\/info\/25-de-mayo-desarrollan-un-nuevo-destino-turistico\/#breadcrumb"},"inLanguage":"es","potentialAction":[{"@type":"ReadAction","target":["https:\/\/patagoniambiental.com.ar\/info\/25-de-mayo-desarrollan-un-nuevo-destino-turistico\/"]}]},{"@type":"ImageObject","inLanguage":"es","@id":"https:\/\/patagoniambiental.com.ar\/info\/25-de-mayo-desarrollan-un-nuevo-destino-turistico\/#primaryimage","url":"https:\/\/patagoniambiental.com.ar\/info\/wp-content\/uploads\/2019\/04\/turismo4-681x511.jpg","contentUrl":"https:\/\/patagoniambiental.com.ar\/info\/wp-content\/uploads\/2019\/04\/turismo4-681x511.jpg","width":681,"height":511},{"@type":"BreadcrumbList","@id":"https:\/\/patagoniambiental.com.ar\/info\/25-de-mayo-desarrollan-un-nuevo-destino-turistico\/#breadcrumb","itemListElement":[{"@type":"ListItem","position":1,"name":"Inicio","item":"https:\/\/patagoniambiental.com.ar\/info\/"},{"@type":"ListItem","position":2,"name":"25 de Mayo: Desarrollan un nuevo destino tur\u00edstico"}]},{"@type":"WebSite","@id":"https:\/\/patagoniambiental.com.ar\/info\/#website","url":"https:\/\/patagoniambiental.com.ar\/info\/","name":"Patagonia Ambiental","description":"Monitoreo y an\u00e1lisis de la situaci\u00f3n geopol\u00edtica en el mundo y su implicancia en la Patagonia","publisher":{"@id":"https:\/\/patagoniambiental.com.ar\/info\/#organization"},"potentialAction":[{"@type":"SearchAction","target":{"@type":"EntryPoint","urlTemplate":"https:\/\/patagoniambiental.com.ar\/info\/?s={search_term_string}"},"query-input":{"@type":"PropertyValueSpecification","valueRequired":true,"valueName":"search_term_string"}}],"inLanguage":"es"},{"@type":"Organization","@id":"https:\/\/patagoniambiental.com.ar\/info\/#organization","name":"Patagonia Ambiental","url":"https:\/\/patagoniambiental.com.ar\/info\/","logo":{"@type":"ImageObject","inLanguage":"es","@id":"https:\/\/patagoniambiental.com.ar\/info\/#\/schema\/logo\/image\/","url":"https:\/\/patagoniambiental.com.ar\/info\/wp-content\/uploads\/2025\/05\/LOGO-PATAGONIA-AMBIENTAL.png","contentUrl":"https:\/\/patagoniambiental.com.ar\/info\/wp-content\/uploads\/2025\/05\/LOGO-PATAGONIA-AMBIENTAL.png","width":433,"height":250,"caption":"Patagonia Ambiental"},"image":{"@id":"https:\/\/patagoniambiental.com.ar\/info\/#\/schema\/logo\/image\/"},"sameAs":["https:\/\/www.facebook.com\/patagonia.ambiental","https:\/\/x.com\/PatAmb"]},{"@type":"Person","@id":"https:\/\/patagoniambiental.com.ar\/info\/#\/schema\/person\/db12bff64bbcbf6a253710bf0ea37b5d","name":"Patagonia Ambiental","description":"Andr\u00e9s Nievas T\u00e9cnico en manejo ambiental, consultor Ambiental y escritor para medios locales e internacionales sobre temas de geopolitica y medio ambiente.","sameAs":["http:\/\/www.patagoniambiental.com.ar","https:\/\/www.facebook.com\/share\/1C1V8Gv9BX\/?mibextid=qi2Omg","@patagoniambiental","https:\/\/youtube.com\/@patagoniaambiental2023?si=BLt58t0wuXquxlYZ"]}]}},"_links":{"self":[{"href":"https:\/\/patagoniambiental.com.ar\/info\/wp-json\/wp\/v2\/posts\/59955","targetHints":{"allow":["GET"]}}],"collection":[{"href":"https:\/\/patagoniambiental.com.ar\/info\/wp-json\/wp\/v2\/posts"}],"about":[{"href":"https:\/\/patagoniambiental.com.ar\/info\/wp-json\/wp\/v2\/types\/post"}],"author":[{"embeddable":true,"href":"https:\/\/patagoniambiental.com.ar\/info\/wp-json\/wp\/v2\/users\/2"}],"replies":[{"embeddable":true,"href":"https:\/\/patagoniambiental.com.ar\/info\/wp-json\/wp\/v2\/comments?post=59955"}],"version-history":[{"count":0,"href":"https:\/\/patagoniambiental.com.ar\/info\/wp-json\/wp\/v2\/posts\/59955\/revisions"}],"wp:featuredmedia":[{"embeddable":true,"href":"https:\/\/patagoniambiental.com.ar\/info\/wp-json\/wp\/v2\/media\/59956"}],"wp:attachment":[{"href":"https:\/\/patagoniambiental.com.ar\/info\/wp-json\/wp\/v2\/media?parent=59955"}],"wp:term":[{"taxonomy":"category","embeddable":true,"href":"https:\/\/patagoniambiental.com.ar\/info\/wp-json\/wp\/v2\/categories?post=59955"},{"taxonomy":"post_tag","embeddable":true,"href":"https:\/\/patagoniambiental.com.ar\/info\/wp-json\/wp\/v2\/tags?post=59955"}],"curies":[{"name":"wp","href":"https:\/\/api.w.org\/{rel}","templated":true}]}}