{"id":59961,"date":"2019-04-08T07:00:22","date_gmt":"2019-04-08T10:00:22","guid":{"rendered":"http:\/\/patagoniambiental.com.ar\/info\/?p=59961"},"modified":"2019-04-06T11:07:27","modified_gmt":"2019-04-06T14:07:27","slug":"59961-2","status":"publish","type":"post","link":"https:\/\/patagoniambiental.com.ar\/info\/59961-2\/","title":{"rendered":"El Movimiento Cat\u00f3lico Mundial por el Clima impulsa eventos por el D\u00eda de la Tierra"},"content":{"rendered":"<p>Semanas atr\u00e1s, m\u00e1s de 1 mill\u00f3n de j\u00f3venes se unieron a huelgas clim\u00e1ticas en todo el mundo. Ellos protestaron demandando una soluci\u00f3n a la crisis clim\u00e1tica que amenaza su futuro.<\/p>\n<p><!--more--><\/p>\n<p><img fetchpriority=\"high\" decoding=\"async\" class=\"alignleft\" src=\"https:\/\/d3n8a8pro7vhmx.cloudfront.net\/gccm\/mailings\/455\/attachments\/original\/Panama_%282%29.jpg?1554296969\" width=\"320\" height=\"241\" \/><em>Huelga clim\u00e1tica cat\u00f3lica en Panam\u00e1<\/em><\/p>\n<p>Una demostraci\u00f3n de apoyo elevar\u00e1 los esp\u00edritus de aquellos que buscan en nosotros esperanza.\u00a0<a href=\"https:\/\/gccm.nationbuilder.com\/r?u=OTMHrcF-sOx-lBzEt1GffuFdcAg04vewGY5oVTZeYO5-nH8IG517ik6-e1dbtDsiVwqqexPP5sCSnQj4Qy7HEg&amp;e=9297b7ce87f1c7d8c8da35dd7b35f591&amp;utm_source=gccm&amp;utm_medium=email&amp;utm_campaign=earth_day_4_es&amp;n=2&amp;v=380\" target=\"_blank\" rel=\"noopener noreferrer\">Organiza un evento por el D\u00eda de la Tierra<\/a>.<\/p>\n<p><strong>Los eventos cat\u00f3licos fortalecen nuestra comunidad y\u00a0<\/strong><strong><em>mucho m\u00e1s<\/em><\/strong><strong>.<\/strong>\u00a0Estos son s\u00edmbolos visibles de avances en un mundo hambriento de cambios.<\/p>\n<p>Hemos dise\u00f1ado recursos para ayudarte a contar el trayecto del liderazgo de tu comunidad durante el D\u00eda de la Tierra\u2013esto incluye un modelo de publicaci\u00f3n en redes sociales, un volante, entre otros. Los recursos est\u00e1n disponibles de manera gratuita\u00a0<a href=\"https:\/\/gccm.nationbuilder.com\/r?u=OTMHrcF-sOx-lBzEt1GffuFdcAg04vewGY5oVTZeYO5-nH8IG517ik6-e1dbtDsiycvrffqa21hDkxIhMTkhURfLGRVkArrOOAjmiSaUaAo&amp;e=9297b7ce87f1c7d8c8da35dd7b35f591&amp;utm_source=gccm&amp;utm_medium=email&amp;utm_campaign=earth_day_4_es&amp;n=3&amp;v=380\" target=\"_blank\" rel=\"noopener noreferrer\">justo aqu\u00ed<\/a>.<\/p>\n<p>Este peque\u00f1o video te muestra los recursos para el D\u00eda de la Tierra y c\u00f3mo registrar tu evento.<\/p>\n<p><a href=\"https:\/\/gccm.nationbuilder.com\/r?u=jalJvum2JQxpPvfjGmN5k8Q4pIt_wBgli4h6gP3u8to&amp;e=9297b7ce87f1c7d8c8da35dd7b35f591&amp;utm_source=gccm&amp;utm_medium=email&amp;utm_campaign=earth_day_4_es&amp;n=4&amp;v=380\" target=\"_blank\" rel=\"noopener noreferrer\"><img decoding=\"async\" src=\"https:\/\/d3n8a8pro7vhmx.cloudfront.net\/gccm\/mailings\/458\/attachments\/original\/gccm_play.jpg?1554389916\" width=\"550\" height=\"249\" \/><\/a><\/p>\n<p><strong>Queda menos de un mes para el D\u00eda de la Tierra,\u00a0<\/strong>en el que estamos defendiendo a los bosques, especialmente aquellos que se encuentran en la Amazon\u00eda, y las comunidades que los protegen.\u00a0<a href=\"https:\/\/gccm.nationbuilder.com\/r?u=OTMHrcF-sOx-lBzEt1GffuFdcAg04vewGY5oVTZeYO5-nH8IG517ik6-e1dbtDsiVwqqexPP5sCSnQj4Qy7HEg&amp;e=9297b7ce87f1c7d8c8da35dd7b35f591&amp;utm_source=gccm&amp;utm_medium=email&amp;utm_campaign=earth_day_4_es&amp;n=5&amp;v=380\" target=\"_blank\" rel=\"noopener noreferrer\">Registra ahora tu evento<\/a>.<\/p>\n<p>&nbsp;<\/p>\n<div class=\"nb-tmce-btn\"><a href=\"https:\/\/gccm.nationbuilder.com\/r?u=OTMHrcF-sOx-lBzEt1GffuFdcAg04vewGY5oVTZeYO5-nH8IG517ik6-e1dbtDsiVwqqexPP5sCSnQj4Qy7HEg&amp;e=9297b7ce87f1c7d8c8da35dd7b35f591&amp;utm_source=gccm&amp;utm_medium=email&amp;utm_campaign=earth_day_4_es&amp;n=6&amp;v=380\" target=\"_blank\" rel=\"noopener noreferrer\">Organiza un evento<\/a><\/div>\n<p>&nbsp;<\/p>\n<p>Desde Ciudad del Cabo hasta Costa Rica, desde la India hasta Indiana, los cat\u00f3licos se unen por la protecci\u00f3n los m\u00e1s vulnerables y de los lugares que amamos.<\/p>\n<p>El evidente liderazgo cat\u00f3lico de\u00a0<em>tu<\/em>\u00a0comunidad construir\u00e1 un mundo mejor.<\/p>\n<p>En nombre de todos aquellos que buscan en nosotros esperanza, gracias por actuar.<\/p>\n<p>&nbsp;<\/p>\n<p>Fuente: MCMC<\/p>\n<p>&nbsp;<\/p>\n<p><strong>PD: Aqu\u00ed esta el link de registro:\u00a0<a href=\"https:\/\/gccm.nationbuilder.com\/r?u=OTMHrcF-sOx-lBzEt1GffuFdcAg04vewGY5oVTZeYO5-nH8IG517ik6-e1dbtDsiVwqqexPP5sCSnQj4Qy7HEg&amp;e=9297b7ce87f1c7d8c8da35dd7b35f591&amp;utm_source=gccm&amp;utm_medium=email&amp;utm_campaign=earth_day_4_es&amp;n=7&amp;v=380\" target=\"_blank\" rel=\"noopener noreferrer\">https:\/\/catholicclimatemovement.global\/es\/earth-day-2019-es\/<\/a><\/strong><\/p>\n","protected":false},"excerpt":{"rendered":"<p>Semanas atr\u00e1s, m\u00e1s de 1 mill\u00f3n de j\u00f3venes se unieron a huelgas clim\u00e1ticas en todo el mundo. Ellos protestaron demandando [&hellip;]<\/p>\n","protected":false},"author":2,"featured_media":59962,"comment_status":"open","ping_status":"open","sticky":false,"template":"","format":"video","meta":{"site-sidebar-layout":"default","site-content-layout":"","ast-site-content-layout":"default","site-content-style":"default","site-sidebar-style":"default","ast-global-header-display":"","ast-banner-title-visibility":"","ast-main-header-display":"","ast-hfb-above-header-display":"","ast-hfb-below-header-display":"","ast-hfb-mobile-header-display":"","site-post-title":"","ast-breadcrumbs-content":"","ast-featured-img":"","footer-sml-layout":"","ast-disable-related-posts":"","theme-transparent-header-meta":"","adv-header-id-meta":"","stick-header-meta":"","header-above-stick-meta":"","header-main-stick-meta":"","header-below-stick-meta":"","astra-migrate-meta-layouts":"default","ast-page-background-enabled":"default","ast-page-background-meta":{"desktop":{"background-color":"var(--ast-global-color-5)","background-image":"","background-repeat":"repeat","background-position":"center center","background-size":"auto","background-attachment":"scroll","background-type":"","background-media":"","overlay-type":"","overlay-color":"","overlay-opacity":"","overlay-gradient":""},"tablet":{"background-color":"","background-image":"","background-repeat":"repeat","background-position":"center center","background-size":"auto","background-attachment":"scroll","background-type":"","background-media":"","overlay-type":"","overlay-color":"","overlay-opacity":"","overlay-gradient":""},"mobile":{"background-color":"","background-image":"","background-repeat":"repeat","background-position":"center center","background-size":"auto","background-attachment":"scroll","background-type":"","background-media":"","overlay-type":"","overlay-color":"","overlay-opacity":"","overlay-gradient":""}},"ast-content-background-meta":{"desktop":{"background-color":"var(--ast-global-color-4)","background-image":"","background-repeat":"repeat","background-position":"center center","background-size":"auto","background-attachment":"scroll","background-type":"","background-media":"","overlay-type":"","overlay-color":"","overlay-opacity":"","overlay-gradient":""},"tablet":{"background-color":"var(--ast-global-color-4)","background-image":"","background-repeat":"repeat","background-position":"center center","background-size":"auto","background-attachment":"scroll","background-type":"","background-media":"","overlay-type":"","overlay-color":"","overlay-opacity":"","overlay-gradient":""},"mobile":{"background-color":"var(--ast-global-color-4)","background-image":"","background-repeat":"repeat","background-position":"center center","background-size":"auto","background-attachment":"scroll","background-type":"","background-media":"","overlay-type":"","overlay-color":"","overlay-opacity":"","overlay-gradient":""}},"footnotes":""},"categories":[12,23,1],"tags":[],"class_list":["post-59961","post","type-post","status-publish","format-video","has-post-thumbnail","hentry","category-agenda-ambiental","category-internacionales","category-noticias","post_format-post-format-video"],"yoast_head":"<!-- This site is optimized with the Yoast SEO Premium plugin v23.0 (Yoast SEO v27.4) - https:\/\/yoast.com\/product\/yoast-seo-premium-wordpress\/ -->\n<title>El Movimiento Cat\u00f3lico Mundial por el Clima impulsa eventos por el D\u00eda de la Tierra<\/title>\n<meta name=\"robots\" content=\"index, follow, max-snippet:-1, max-image-preview:large, max-video-preview:-1\" \/>\n<link rel=\"canonical\" href=\"https:\/\/patagoniambiental.com.ar\/info\/59961-2\/\" \/>\n<meta property=\"og:locale\" content=\"es_ES\" \/>\n<meta property=\"og:type\" content=\"article\" \/>\n<meta property=\"og:title\" content=\"El Movimiento Cat\u00f3lico Mundial por el Clima impulsa eventos por el D\u00eda de la Tierra\" \/>\n<meta property=\"og:description\" content=\"Semanas atr\u00e1s, m\u00e1s de 1 mill\u00f3n de j\u00f3venes se unieron a huelgas clim\u00e1ticas en todo el mundo. Ellos protestaron demandando [&hellip;]\" \/>\n<meta property=\"og:url\" content=\"https:\/\/patagoniambiental.com.ar\/info\/59961-2\/\" \/>\n<meta property=\"og:site_name\" content=\"Patagonia Ambiental\" \/>\n<meta property=\"article:publisher\" content=\"https:\/\/www.facebook.com\/patagonia.ambiental\" \/>\n<meta property=\"article:author\" content=\"https:\/\/www.facebook.com\/share\/1C1V8Gv9BX\/?mibextid=qi2Omg\" \/>\n<meta property=\"article:published_time\" content=\"2019-04-08T10:00:22+00:00\" \/>\n<meta property=\"og:image\" content=\"https:\/\/patagoniambiental.com.ar\/info\/wp-content\/uploads\/2019\/04\/Panama_2.jpg\" \/>\n\t<meta property=\"og:image:width\" content=\"1136\" \/>\n\t<meta property=\"og:image:height\" content=\"855\" \/>\n\t<meta property=\"og:image:type\" content=\"image\/jpeg\" \/>\n<meta name=\"author\" content=\"Patagonia Ambiental\" \/>\n<meta name=\"twitter:card\" content=\"summary_large_image\" \/>\n<meta name=\"twitter:creator\" content=\"@PatAmb\" \/>\n<meta name=\"twitter:site\" content=\"@PatAmb\" \/>\n<script type=\"application\/ld+json\" class=\"yoast-schema-graph\">{\"@context\":\"https:\\\/\\\/schema.org\",\"@graph\":[{\"@type\":\"Article\",\"@id\":\"https:\\\/\\\/patagoniambiental.com.ar\\\/info\\\/59961-2\\\/#article\",\"isPartOf\":{\"@id\":\"https:\\\/\\\/patagoniambiental.com.ar\\\/info\\\/59961-2\\\/\"},\"author\":{\"name\":\"Patagonia Ambiental\",\"@id\":\"https:\\\/\\\/patagoniambiental.com.ar\\\/info\\\/#\\\/schema\\\/person\\\/db12bff64bbcbf6a253710bf0ea37b5d\"},\"headline\":\"El Movimiento Cat\u00f3lico Mundial por el Clima impulsa eventos por el D\u00eda de la Tierra\",\"datePublished\":\"2019-04-08T10:00:22+00:00\",\"mainEntityOfPage\":{\"@id\":\"https:\\\/\\\/patagoniambiental.com.ar\\\/info\\\/59961-2\\\/\"},\"wordCount\":294,\"commentCount\":0,\"publisher\":{\"@id\":\"https:\\\/\\\/patagoniambiental.com.ar\\\/info\\\/#organization\"},\"image\":{\"@id\":\"https:\\\/\\\/patagoniambiental.com.ar\\\/info\\\/59961-2\\\/#primaryimage\"},\"thumbnailUrl\":\"https:\\\/\\\/patagoniambiental.com.ar\\\/info\\\/wp-content\\\/uploads\\\/2019\\\/04\\\/Panama_2.jpg\",\"articleSection\":[\"Agenda Ambiental\",\"Internacionales\",\"Noticias\"],\"inLanguage\":\"es\",\"potentialAction\":[{\"@type\":\"CommentAction\",\"name\":\"Comment\",\"target\":[\"https:\\\/\\\/patagoniambiental.com.ar\\\/info\\\/59961-2\\\/#respond\"]}]},{\"@type\":\"WebPage\",\"@id\":\"https:\\\/\\\/patagoniambiental.com.ar\\\/info\\\/59961-2\\\/\",\"url\":\"https:\\\/\\\/patagoniambiental.com.ar\\\/info\\\/59961-2\\\/\",\"name\":\"El Movimiento Cat\u00f3lico Mundial por el Clima impulsa eventos por el D\u00eda de la Tierra\",\"isPartOf\":{\"@id\":\"https:\\\/\\\/patagoniambiental.com.ar\\\/info\\\/#website\"},\"primaryImageOfPage\":{\"@id\":\"https:\\\/\\\/patagoniambiental.com.ar\\\/info\\\/59961-2\\\/#primaryimage\"},\"image\":{\"@id\":\"https:\\\/\\\/patagoniambiental.com.ar\\\/info\\\/59961-2\\\/#primaryimage\"},\"thumbnailUrl\":\"https:\\\/\\\/patagoniambiental.com.ar\\\/info\\\/wp-content\\\/uploads\\\/2019\\\/04\\\/Panama_2.jpg\",\"datePublished\":\"2019-04-08T10:00:22+00:00\",\"breadcrumb\":{\"@id\":\"https:\\\/\\\/patagoniambiental.com.ar\\\/info\\\/59961-2\\\/#breadcrumb\"},\"inLanguage\":\"es\",\"potentialAction\":[{\"@type\":\"ReadAction\",\"target\":[\"https:\\\/\\\/patagoniambiental.com.ar\\\/info\\\/59961-2\\\/\"]}]},{\"@type\":\"ImageObject\",\"inLanguage\":\"es\",\"@id\":\"https:\\\/\\\/patagoniambiental.com.ar\\\/info\\\/59961-2\\\/#primaryimage\",\"url\":\"https:\\\/\\\/patagoniambiental.com.ar\\\/info\\\/wp-content\\\/uploads\\\/2019\\\/04\\\/Panama_2.jpg\",\"contentUrl\":\"https:\\\/\\\/patagoniambiental.com.ar\\\/info\\\/wp-content\\\/uploads\\\/2019\\\/04\\\/Panama_2.jpg\",\"width\":797,\"height\":600},{\"@type\":\"BreadcrumbList\",\"@id\":\"https:\\\/\\\/patagoniambiental.com.ar\\\/info\\\/59961-2\\\/#breadcrumb\",\"itemListElement\":[{\"@type\":\"ListItem\",\"position\":1,\"name\":\"Inicio\",\"item\":\"https:\\\/\\\/patagoniambiental.com.ar\\\/info\\\/\"},{\"@type\":\"ListItem\",\"position\":2,\"name\":\"El Movimiento Cat\u00f3lico Mundial por el Clima impulsa eventos por el D\u00eda de la Tierra\"}]},{\"@type\":\"WebSite\",\"@id\":\"https:\\\/\\\/patagoniambiental.com.ar\\\/info\\\/#website\",\"url\":\"https:\\\/\\\/patagoniambiental.com.ar\\\/info\\\/\",\"name\":\"Patagonia Ambiental\",\"description\":\"Monitoreo y an\u00e1lisis de la situaci\u00f3n geopol\u00edtica en el mundo y su implicancia en la Patagonia\",\"publisher\":{\"@id\":\"https:\\\/\\\/patagoniambiental.com.ar\\\/info\\\/#organization\"},\"potentialAction\":[{\"@type\":\"SearchAction\",\"target\":{\"@type\":\"EntryPoint\",\"urlTemplate\":\"https:\\\/\\\/patagoniambiental.com.ar\\\/info\\\/?s={search_term_string}\"},\"query-input\":{\"@type\":\"PropertyValueSpecification\",\"valueRequired\":true,\"valueName\":\"search_term_string\"}}],\"inLanguage\":\"es\"},{\"@type\":\"Organization\",\"@id\":\"https:\\\/\\\/patagoniambiental.com.ar\\\/info\\\/#organization\",\"name\":\"Patagonia Ambiental\",\"url\":\"https:\\\/\\\/patagoniambiental.com.ar\\\/info\\\/\",\"logo\":{\"@type\":\"ImageObject\",\"inLanguage\":\"es\",\"@id\":\"https:\\\/\\\/patagoniambiental.com.ar\\\/info\\\/#\\\/schema\\\/logo\\\/image\\\/\",\"url\":\"https:\\\/\\\/patagoniambiental.com.ar\\\/info\\\/wp-content\\\/uploads\\\/2025\\\/05\\\/LOGO-PATAGONIA-AMBIENTAL.png\",\"contentUrl\":\"https:\\\/\\\/patagoniambiental.com.ar\\\/info\\\/wp-content\\\/uploads\\\/2025\\\/05\\\/LOGO-PATAGONIA-AMBIENTAL.png\",\"width\":433,\"height\":250,\"caption\":\"Patagonia Ambiental\"},\"image\":{\"@id\":\"https:\\\/\\\/patagoniambiental.com.ar\\\/info\\\/#\\\/schema\\\/logo\\\/image\\\/\"},\"sameAs\":[\"https:\\\/\\\/www.facebook.com\\\/patagonia.ambiental\",\"https:\\\/\\\/x.com\\\/PatAmb\"]},{\"@type\":\"Person\",\"@id\":\"https:\\\/\\\/patagoniambiental.com.ar\\\/info\\\/#\\\/schema\\\/person\\\/db12bff64bbcbf6a253710bf0ea37b5d\",\"name\":\"Patagonia Ambiental\",\"description\":\"Andr\u00e9s Nievas T\u00e9cnico en manejo ambiental, consultor Ambiental y escritor para medios locales e internacionales sobre temas de geopolitica y medio ambiente.\",\"sameAs\":[\"http:\\\/\\\/www.patagoniambiental.com.ar\",\"https:\\\/\\\/www.facebook.com\\\/share\\\/1C1V8Gv9BX\\\/?mibextid=qi2Omg\",\"@patagoniambiental\",\"https:\\\/\\\/youtube.com\\\/@patagoniaambiental2023?si=BLt58t0wuXquxlYZ\"]}]}<\/script>\n<!-- \/ Yoast SEO Premium plugin. -->","yoast_head_json":{"title":"El Movimiento Cat\u00f3lico Mundial por el Clima impulsa eventos por el D\u00eda de la Tierra","robots":{"index":"index","follow":"follow","max-snippet":"max-snippet:-1","max-image-preview":"max-image-preview:large","max-video-preview":"max-video-preview:-1"},"canonical":"https:\/\/patagoniambiental.com.ar\/info\/59961-2\/","og_locale":"es_ES","og_type":"article","og_title":"El Movimiento Cat\u00f3lico Mundial por el Clima impulsa eventos por el D\u00eda de la Tierra","og_description":"Semanas atr\u00e1s, m\u00e1s de 1 mill\u00f3n de j\u00f3venes se unieron a huelgas clim\u00e1ticas en todo el mundo. Ellos protestaron demandando [&hellip;]","og_url":"https:\/\/patagoniambiental.com.ar\/info\/59961-2\/","og_site_name":"Patagonia Ambiental","article_publisher":"https:\/\/www.facebook.com\/patagonia.ambiental","article_author":"https:\/\/www.facebook.com\/share\/1C1V8Gv9BX\/?mibextid=qi2Omg","article_published_time":"2019-04-08T10:00:22+00:00","og_image":[{"width":1136,"height":855,"url":"https:\/\/patagoniambiental.com.ar\/info\/wp-content\/uploads\/2019\/04\/Panama_2.jpg","type":"image\/jpeg"}],"author":"Patagonia Ambiental","twitter_card":"summary_large_image","twitter_creator":"@PatAmb","twitter_site":"@PatAmb","schema":{"@context":"https:\/\/schema.org","@graph":[{"@type":"Article","@id":"https:\/\/patagoniambiental.com.ar\/info\/59961-2\/#article","isPartOf":{"@id":"https:\/\/patagoniambiental.com.ar\/info\/59961-2\/"},"author":{"name":"Patagonia Ambiental","@id":"https:\/\/patagoniambiental.com.ar\/info\/#\/schema\/person\/db12bff64bbcbf6a253710bf0ea37b5d"},"headline":"El Movimiento Cat\u00f3lico Mundial por el Clima impulsa eventos por el D\u00eda de la Tierra","datePublished":"2019-04-08T10:00:22+00:00","mainEntityOfPage":{"@id":"https:\/\/patagoniambiental.com.ar\/info\/59961-2\/"},"wordCount":294,"commentCount":0,"publisher":{"@id":"https:\/\/patagoniambiental.com.ar\/info\/#organization"},"image":{"@id":"https:\/\/patagoniambiental.com.ar\/info\/59961-2\/#primaryimage"},"thumbnailUrl":"https:\/\/patagoniambiental.com.ar\/info\/wp-content\/uploads\/2019\/04\/Panama_2.jpg","articleSection":["Agenda Ambiental","Internacionales","Noticias"],"inLanguage":"es","potentialAction":[{"@type":"CommentAction","name":"Comment","target":["https:\/\/patagoniambiental.com.ar\/info\/59961-2\/#respond"]}]},{"@type":"WebPage","@id":"https:\/\/patagoniambiental.com.ar\/info\/59961-2\/","url":"https:\/\/patagoniambiental.com.ar\/info\/59961-2\/","name":"El Movimiento Cat\u00f3lico Mundial por el Clima impulsa eventos por el D\u00eda de la Tierra","isPartOf":{"@id":"https:\/\/patagoniambiental.com.ar\/info\/#website"},"primaryImageOfPage":{"@id":"https:\/\/patagoniambiental.com.ar\/info\/59961-2\/#primaryimage"},"image":{"@id":"https:\/\/patagoniambiental.com.ar\/info\/59961-2\/#primaryimage"},"thumbnailUrl":"https:\/\/patagoniambiental.com.ar\/info\/wp-content\/uploads\/2019\/04\/Panama_2.jpg","datePublished":"2019-04-08T10:00:22+00:00","breadcrumb":{"@id":"https:\/\/patagoniambiental.com.ar\/info\/59961-2\/#breadcrumb"},"inLanguage":"es","potentialAction":[{"@type":"ReadAction","target":["https:\/\/patagoniambiental.com.ar\/info\/59961-2\/"]}]},{"@type":"ImageObject","inLanguage":"es","@id":"https:\/\/patagoniambiental.com.ar\/info\/59961-2\/#primaryimage","url":"https:\/\/patagoniambiental.com.ar\/info\/wp-content\/uploads\/2019\/04\/Panama_2.jpg","contentUrl":"https:\/\/patagoniambiental.com.ar\/info\/wp-content\/uploads\/2019\/04\/Panama_2.jpg","width":797,"height":600},{"@type":"BreadcrumbList","@id":"https:\/\/patagoniambiental.com.ar\/info\/59961-2\/#breadcrumb","itemListElement":[{"@type":"ListItem","position":1,"name":"Inicio","item":"https:\/\/patagoniambiental.com.ar\/info\/"},{"@type":"ListItem","position":2,"name":"El Movimiento Cat\u00f3lico Mundial por el Clima impulsa eventos por el D\u00eda de la Tierra"}]},{"@type":"WebSite","@id":"https:\/\/patagoniambiental.com.ar\/info\/#website","url":"https:\/\/patagoniambiental.com.ar\/info\/","name":"Patagonia Ambiental","description":"Monitoreo y an\u00e1lisis de la situaci\u00f3n geopol\u00edtica en el mundo y su implicancia en la Patagonia","publisher":{"@id":"https:\/\/patagoniambiental.com.ar\/info\/#organization"},"potentialAction":[{"@type":"SearchAction","target":{"@type":"EntryPoint","urlTemplate":"https:\/\/patagoniambiental.com.ar\/info\/?s={search_term_string}"},"query-input":{"@type":"PropertyValueSpecification","valueRequired":true,"valueName":"search_term_string"}}],"inLanguage":"es"},{"@type":"Organization","@id":"https:\/\/patagoniambiental.com.ar\/info\/#organization","name":"Patagonia Ambiental","url":"https:\/\/patagoniambiental.com.ar\/info\/","logo":{"@type":"ImageObject","inLanguage":"es","@id":"https:\/\/patagoniambiental.com.ar\/info\/#\/schema\/logo\/image\/","url":"https:\/\/patagoniambiental.com.ar\/info\/wp-content\/uploads\/2025\/05\/LOGO-PATAGONIA-AMBIENTAL.png","contentUrl":"https:\/\/patagoniambiental.com.ar\/info\/wp-content\/uploads\/2025\/05\/LOGO-PATAGONIA-AMBIENTAL.png","width":433,"height":250,"caption":"Patagonia Ambiental"},"image":{"@id":"https:\/\/patagoniambiental.com.ar\/info\/#\/schema\/logo\/image\/"},"sameAs":["https:\/\/www.facebook.com\/patagonia.ambiental","https:\/\/x.com\/PatAmb"]},{"@type":"Person","@id":"https:\/\/patagoniambiental.com.ar\/info\/#\/schema\/person\/db12bff64bbcbf6a253710bf0ea37b5d","name":"Patagonia Ambiental","description":"Andr\u00e9s Nievas T\u00e9cnico en manejo ambiental, consultor Ambiental y escritor para medios locales e internacionales sobre temas de geopolitica y medio ambiente.","sameAs":["http:\/\/www.patagoniambiental.com.ar","https:\/\/www.facebook.com\/share\/1C1V8Gv9BX\/?mibextid=qi2Omg","@patagoniambiental","https:\/\/youtube.com\/@patagoniaambiental2023?si=BLt58t0wuXquxlYZ"]}]}},"_links":{"self":[{"href":"https:\/\/patagoniambiental.com.ar\/info\/wp-json\/wp\/v2\/posts\/59961","targetHints":{"allow":["GET"]}}],"collection":[{"href":"https:\/\/patagoniambiental.com.ar\/info\/wp-json\/wp\/v2\/posts"}],"about":[{"href":"https:\/\/patagoniambiental.com.ar\/info\/wp-json\/wp\/v2\/types\/post"}],"author":[{"embeddable":true,"href":"https:\/\/patagoniambiental.com.ar\/info\/wp-json\/wp\/v2\/users\/2"}],"replies":[{"embeddable":true,"href":"https:\/\/patagoniambiental.com.ar\/info\/wp-json\/wp\/v2\/comments?post=59961"}],"version-history":[{"count":0,"href":"https:\/\/patagoniambiental.com.ar\/info\/wp-json\/wp\/v2\/posts\/59961\/revisions"}],"wp:featuredmedia":[{"embeddable":true,"href":"https:\/\/patagoniambiental.com.ar\/info\/wp-json\/wp\/v2\/media\/59962"}],"wp:attachment":[{"href":"https:\/\/patagoniambiental.com.ar\/info\/wp-json\/wp\/v2\/media?parent=59961"}],"wp:term":[{"taxonomy":"category","embeddable":true,"href":"https:\/\/patagoniambiental.com.ar\/info\/wp-json\/wp\/v2\/categories?post=59961"},{"taxonomy":"post_tag","embeddable":true,"href":"https:\/\/patagoniambiental.com.ar\/info\/wp-json\/wp\/v2\/tags?post=59961"}],"curies":[{"name":"wp","href":"https:\/\/api.w.org\/{rel}","templated":true}]}}