{"id":59990,"date":"2019-04-06T07:00:04","date_gmt":"2019-04-06T10:00:04","guid":{"rendered":"http:\/\/patagoniambiental.com.ar\/info\/?p=59990"},"modified":"2019-04-05T10:51:20","modified_gmt":"2019-04-05T13:51:20","slug":"no-vamos-a-cambiar-un-rio-por-23-perforaciones","status":"publish","type":"post","link":"https:\/\/patagoniambiental.com.ar\/info\/no-vamos-a-cambiar-un-rio-por-23-perforaciones\/","title":{"rendered":"\u201cNo vamos a cambiar un r\u00edo por 23 perforaciones\u201d"},"content":{"rendered":"<div class=\"td_block_wrap tdb_title td_uid_10_5ca759413ae5b_rand tdb-single-title td-pb-border-top td_block_template_9\" data-td-block-uid=\"td_uid_10_5ca759413ae5b\">\n<div class=\"tdb-block-inner td-fix-index\">\n<p>La Pampa.-La Pampa volvi\u00f3 a rechazar ayer en la reuni\u00f3n del grupo de trabajo de la CIAI la propuesta de Mendoza de compensar el caudal de agua de reuso que ingresa al territorio pampeano con caudales recuperados o ahorrados a trav\u00e9s de veintitr\u00e9s perforaciones.<\/p>\n<p><!--more--><\/p>\n<p>El encuentro tuvo lugar en la sede del Consejo H\u00eddrico Federal (Cohife) en Buenos Aires y cont\u00f3 con la participaci\u00f3n de representantes del gobierno nacional, de Mendoza y de nuestra provincia.<br \/>\nEn febrero los representantes mendocinos presentaron un plan de obras que contempla la realizaci\u00f3n de 23 perforaciones que aprovechar\u00eda Mendoza para riego y permitir\u00eda liberar un caudal de 1 metro c\u00fabico por segundo desde Carmensa, muy lejos de los 4,5 metros c\u00fabicos de caudal fluvioecol\u00f3gico que reclama La Pampa.<\/p>\n<\/div>\n<\/div>\n<p>&nbsp;<\/p>\n<div class=\"td_block_wrap tdb_single_featured_image td_uid_15_5ca759413cfb1_rand tdb-content-horiz-left td-pb-border-top td_block_template_9\" data-td-block-uid=\"td_uid_15_5ca759413cfb1\">\n<div class=\"tdb-block-inner td-fix-index\"><img fetchpriority=\"high\" decoding=\"async\" class=\"entry-thumb alignleft\" title=\"06-CIAI-Perez-Araujo\" src=\"https:\/\/i0.wp.com\/www.laarena.com.ar\/__uP_Load_\/2019\/04\/06-CIAI-Perez-Araujof273f48c.jpg?resize=696%2C409\" sizes=\"(max-width: 696px) 100vw, 696px\" srcset=\"https:\/\/i0.wp.com\/www.laarena.com.ar\/__uP_Load_\/2019\/04\/06-CIAI-Perez-Araujof273f48c.jpg?w=700 700w, https:\/\/i0.wp.com\/www.laarena.com.ar\/__uP_Load_\/2019\/04\/06-CIAI-Perez-Araujof273f48c.jpg?resize=250%2C147 250w, https:\/\/i0.wp.com\/www.laarena.com.ar\/__uP_Load_\/2019\/04\/06-CIAI-Perez-Araujof273f48c.jpg?resize=356%2C209 356w, https:\/\/i0.wp.com\/www.laarena.com.ar\/__uP_Load_\/2019\/04\/06-CIAI-Perez-Araujof273f48c.jpg?resize=696%2C409 696w\" alt=\"\" width=\"696\" height=\"409\" \/><\/div>\n<\/div>\n<div class=\"td_block_wrap tdb_single_content td_uid_16_5ca759414034b_rand td-pb-border-top td_block_template_9 td-post-content\" data-td-block-uid=\"td_uid_16_5ca759414034b\">\n<div class=\"tdb-block-inner td-fix-index\">\n<div class=\"td-a-ad id_top_ad\"><\/div>\n<p>La delegaci\u00f3n de nuestra provincia estuvo integrada por el procurador general de Rentas de La Pampa, Hern\u00e1n P\u00e9rez Araujo; el secretario de Recursos H\u00eddricos, Javier Schlegel; el subsecretario de Ambiente, Fabi\u00e1n Tittarelli; el director de Pol\u00edticas H\u00eddricas, Gast\u00f3n Buss; el ingeniero Eduardo Mangas, del Ministerio de Obras y Servicios P\u00fablicos, y el ingeniero Jorge Scarone, t\u00e9cnico de la UNLPam.<\/p>\n<p>\u201cIrrisorio\u201d.<br \/>\n\u201cYa en una reuni\u00f3n v\u00eda teleconferencia hab\u00edamos planteado serios interrogantes de parte del Gobierno de La Pampa, de falencias que entendemos que tiene el proyecto -dijo P\u00e9rez Araujo-. Y atento a que las respuestas no han satisfecho nuestros requerimientos ha sido ratificada la postura que el gobernador Carlos Verna hab\u00eda tendido en la reuni\u00f3n de Gobierno de febrero de 2018, cuando manifest\u00f3 concreta y tajantemente que la provincia de La Pampa no va a cambiar un r\u00edo por 23 perforaciones\u201d.<br \/>\n\u201cComo est\u00e1 planteado el proyecto en determinadas estaciones del a\u00f1o Mendoza se va a quedar con todo lo ahorrado o recuperado a trav\u00e9s de esas perforaciones y solo nos va a entregar lo necesario para compensar lo que efectivamente ingresa a La Pampa con el 1,3 metros c\u00fabicos por segundo que nos ofrecen. Ni siquiera se concede a La Pampa o se respeta la solicitud que realiz\u00f3 de que en cada obra a realizarse los caudales recuperados o ahorrados se distribuyan equitativamente en un 50% para cada una de las provincias. Entendemos que el caudal ofrecido es irrisorio y se extingue a pocos kil\u00f3metros de ingresado al territorio de La Pampa\u201d, a\u00f1adi\u00f3.<\/p>\n<p>Estudio.<br \/>\nDurante la reuni\u00f3n del Grupo de Trabajo se abordaron tambi\u00e9n cuestiones como el fortalecimiento institucional de la Comisi\u00f3n Intejurisdiccional del Atuel Inferior (CIAI) y la eficiencia de riego en Mendoza. En cuanto a este \u00faltimo punto Mendoza se opone a la realizaci\u00f3n de un estudio de eficiencia de riego global en toda la cuenca del r\u00edo Atuel.<br \/>\n\u201cLa provincia de Mendoza se niega a realizar un estudio global y pretende hacerlo particularizado sobre las obras que se vayan a realizar. Para que prime la buena fe en la negociaci\u00f3n La Pampa ha consentido que se realicen esos estudios parciales pero insistimos en que se realice el estudio de eficiencia global\u201d, afirm\u00f3 P\u00e9rez Araujo. La cuesti\u00f3n continuar\u00e1 siendo debatida por el Grupo de Eficiencia de Riego, integrado por expertos de ambas provincias, del Estado Nacional, del INTA y de las universidades de La Pampa y de Cuyo.<\/p>\n<p>Fuente:\u00a0http:\/\/www.laarena.com.ar\/la_pampa-no-vamos-a-cambiar-un-rio-por-23-perforaciones-2048377-163.html<\/p>\n<\/div>\n<\/div>\n","protected":false},"excerpt":{"rendered":"<p>La Pampa.-La Pampa volvi\u00f3 a rechazar ayer en la reuni\u00f3n del grupo de trabajo de la CIAI la propuesta de [&hellip;]<\/p>\n","protected":false},"author":2,"featured_media":59991,"comment_status":"open","ping_status":"open","sticky":false,"template":"","format":"standard","meta":{"site-sidebar-layout":"default","site-content-layout":"","ast-site-content-layout":"default","site-content-style":"default","site-sidebar-style":"default","ast-global-header-display":"","ast-banner-title-visibility":"","ast-main-header-display":"","ast-hfb-above-header-display":"","ast-hfb-below-header-display":"","ast-hfb-mobile-header-display":"","site-post-title":"","ast-breadcrumbs-content":"","ast-featured-img":"","footer-sml-layout":"","ast-disable-related-posts":"","theme-transparent-header-meta":"","adv-header-id-meta":"","stick-header-meta":"","header-above-stick-meta":"","header-main-stick-meta":"","header-below-stick-meta":"","astra-migrate-meta-layouts":"default","ast-page-background-enabled":"default","ast-page-background-meta":{"desktop":{"background-color":"var(--ast-global-color-5)","background-image":"","background-repeat":"repeat","background-position":"center center","background-size":"auto","background-attachment":"scroll","background-type":"","background-media":"","overlay-type":"","overlay-color":"","overlay-opacity":"","overlay-gradient":""},"tablet":{"background-color":"","background-image":"","background-repeat":"repeat","background-position":"center center","background-size":"auto","background-attachment":"scroll","background-type":"","background-media":"","overlay-type":"","overlay-color":"","overlay-opacity":"","overlay-gradient":""},"mobile":{"background-color":"","background-image":"","background-repeat":"repeat","background-position":"center center","background-size":"auto","background-attachment":"scroll","background-type":"","background-media":"","overlay-type":"","overlay-color":"","overlay-opacity":"","overlay-gradient":""}},"ast-content-background-meta":{"desktop":{"background-color":"var(--ast-global-color-4)","background-image":"","background-repeat":"repeat","background-position":"center center","background-size":"auto","background-attachment":"scroll","background-type":"","background-media":"","overlay-type":"","overlay-color":"","overlay-opacity":"","overlay-gradient":""},"tablet":{"background-color":"var(--ast-global-color-4)","background-image":"","background-repeat":"repeat","background-position":"center center","background-size":"auto","background-attachment":"scroll","background-type":"","background-media":"","overlay-type":"","overlay-color":"","overlay-opacity":"","overlay-gradient":""},"mobile":{"background-color":"var(--ast-global-color-4)","background-image":"","background-repeat":"repeat","background-position":"center center","background-size":"auto","background-attachment":"scroll","background-type":"","background-media":"","overlay-type":"","overlay-color":"","overlay-opacity":"","overlay-gradient":""}},"footnotes":""},"categories":[59,1,13],"tags":[],"class_list":["post-59990","post","type-post","status-publish","format-standard","has-post-thumbnail","hentry","category-la-pampa","category-noticias","category-provinciales"],"yoast_head":"<!-- This site is optimized with the Yoast SEO Premium plugin v23.0 (Yoast SEO v27.4) - https:\/\/yoast.com\/product\/yoast-seo-premium-wordpress\/ -->\n<title>\u201cNo vamos a cambiar un r\u00edo por 23 perforaciones\u201d<\/title>\n<meta name=\"robots\" content=\"index, follow, max-snippet:-1, max-image-preview:large, max-video-preview:-1\" \/>\n<link rel=\"canonical\" href=\"https:\/\/patagoniambiental.com.ar\/info\/no-vamos-a-cambiar-un-rio-por-23-perforaciones\/\" \/>\n<meta property=\"og:locale\" content=\"es_ES\" \/>\n<meta property=\"og:type\" content=\"article\" \/>\n<meta property=\"og:title\" content=\"\u201cNo vamos a cambiar un r\u00edo por 23 perforaciones\u201d\" \/>\n<meta property=\"og:description\" content=\"La Pampa.-La Pampa volvi\u00f3 a rechazar ayer en la reuni\u00f3n del grupo de trabajo de la CIAI la propuesta de [&hellip;]\" \/>\n<meta property=\"og:url\" content=\"https:\/\/patagoniambiental.com.ar\/info\/no-vamos-a-cambiar-un-rio-por-23-perforaciones\/\" \/>\n<meta property=\"og:site_name\" content=\"Patagonia Ambiental\" \/>\n<meta property=\"article:publisher\" content=\"https:\/\/www.facebook.com\/patagonia.ambiental\" \/>\n<meta property=\"article:author\" content=\"https:\/\/www.facebook.com\/share\/1C1V8Gv9BX\/?mibextid=qi2Omg\" \/>\n<meta property=\"article:published_time\" content=\"2019-04-06T10:00:04+00:00\" \/>\n<meta property=\"og:image\" content=\"https:\/\/patagoniambiental.com.ar\/info\/wp-content\/uploads\/2019\/04\/06-CIAI-Perez-Araujof273f48c.jpg\" \/>\n\t<meta property=\"og:image:width\" content=\"696\" \/>\n\t<meta property=\"og:image:height\" content=\"409\" \/>\n\t<meta property=\"og:image:type\" content=\"image\/jpeg\" \/>\n<meta name=\"author\" content=\"Patagonia Ambiental\" \/>\n<meta name=\"twitter:card\" content=\"summary_large_image\" \/>\n<meta name=\"twitter:creator\" content=\"@PatAmb\" \/>\n<meta name=\"twitter:site\" content=\"@PatAmb\" \/>\n<script type=\"application\/ld+json\" class=\"yoast-schema-graph\">{\"@context\":\"https:\\\/\\\/schema.org\",\"@graph\":[{\"@type\":\"Article\",\"@id\":\"https:\\\/\\\/patagoniambiental.com.ar\\\/info\\\/no-vamos-a-cambiar-un-rio-por-23-perforaciones\\\/#article\",\"isPartOf\":{\"@id\":\"https:\\\/\\\/patagoniambiental.com.ar\\\/info\\\/no-vamos-a-cambiar-un-rio-por-23-perforaciones\\\/\"},\"author\":{\"name\":\"Patagonia Ambiental\",\"@id\":\"https:\\\/\\\/patagoniambiental.com.ar\\\/info\\\/#\\\/schema\\\/person\\\/db12bff64bbcbf6a253710bf0ea37b5d\"},\"headline\":\"\u201cNo vamos a cambiar un r\u00edo por 23 perforaciones\u201d\",\"datePublished\":\"2019-04-06T10:00:04+00:00\",\"mainEntityOfPage\":{\"@id\":\"https:\\\/\\\/patagoniambiental.com.ar\\\/info\\\/no-vamos-a-cambiar-un-rio-por-23-perforaciones\\\/\"},\"wordCount\":579,\"commentCount\":0,\"publisher\":{\"@id\":\"https:\\\/\\\/patagoniambiental.com.ar\\\/info\\\/#organization\"},\"image\":{\"@id\":\"https:\\\/\\\/patagoniambiental.com.ar\\\/info\\\/no-vamos-a-cambiar-un-rio-por-23-perforaciones\\\/#primaryimage\"},\"thumbnailUrl\":\"https:\\\/\\\/patagoniambiental.com.ar\\\/info\\\/wp-content\\\/uploads\\\/2019\\\/04\\\/06-CIAI-Perez-Araujof273f48c.jpg\",\"articleSection\":[\"La Pampa\",\"Noticias\",\"Provinciales\"],\"inLanguage\":\"es\",\"potentialAction\":[{\"@type\":\"CommentAction\",\"name\":\"Comment\",\"target\":[\"https:\\\/\\\/patagoniambiental.com.ar\\\/info\\\/no-vamos-a-cambiar-un-rio-por-23-perforaciones\\\/#respond\"]}]},{\"@type\":\"WebPage\",\"@id\":\"https:\\\/\\\/patagoniambiental.com.ar\\\/info\\\/no-vamos-a-cambiar-un-rio-por-23-perforaciones\\\/\",\"url\":\"https:\\\/\\\/patagoniambiental.com.ar\\\/info\\\/no-vamos-a-cambiar-un-rio-por-23-perforaciones\\\/\",\"name\":\"\u201cNo vamos a cambiar un r\u00edo por 23 perforaciones\u201d\",\"isPartOf\":{\"@id\":\"https:\\\/\\\/patagoniambiental.com.ar\\\/info\\\/#website\"},\"primaryImageOfPage\":{\"@id\":\"https:\\\/\\\/patagoniambiental.com.ar\\\/info\\\/no-vamos-a-cambiar-un-rio-por-23-perforaciones\\\/#primaryimage\"},\"image\":{\"@id\":\"https:\\\/\\\/patagoniambiental.com.ar\\\/info\\\/no-vamos-a-cambiar-un-rio-por-23-perforaciones\\\/#primaryimage\"},\"thumbnailUrl\":\"https:\\\/\\\/patagoniambiental.com.ar\\\/info\\\/wp-content\\\/uploads\\\/2019\\\/04\\\/06-CIAI-Perez-Araujof273f48c.jpg\",\"datePublished\":\"2019-04-06T10:00:04+00:00\",\"breadcrumb\":{\"@id\":\"https:\\\/\\\/patagoniambiental.com.ar\\\/info\\\/no-vamos-a-cambiar-un-rio-por-23-perforaciones\\\/#breadcrumb\"},\"inLanguage\":\"es\",\"potentialAction\":[{\"@type\":\"ReadAction\",\"target\":[\"https:\\\/\\\/patagoniambiental.com.ar\\\/info\\\/no-vamos-a-cambiar-un-rio-por-23-perforaciones\\\/\"]}]},{\"@type\":\"ImageObject\",\"inLanguage\":\"es\",\"@id\":\"https:\\\/\\\/patagoniambiental.com.ar\\\/info\\\/no-vamos-a-cambiar-un-rio-por-23-perforaciones\\\/#primaryimage\",\"url\":\"https:\\\/\\\/patagoniambiental.com.ar\\\/info\\\/wp-content\\\/uploads\\\/2019\\\/04\\\/06-CIAI-Perez-Araujof273f48c.jpg\",\"contentUrl\":\"https:\\\/\\\/patagoniambiental.com.ar\\\/info\\\/wp-content\\\/uploads\\\/2019\\\/04\\\/06-CIAI-Perez-Araujof273f48c.jpg\",\"width\":696,\"height\":409},{\"@type\":\"BreadcrumbList\",\"@id\":\"https:\\\/\\\/patagoniambiental.com.ar\\\/info\\\/no-vamos-a-cambiar-un-rio-por-23-perforaciones\\\/#breadcrumb\",\"itemListElement\":[{\"@type\":\"ListItem\",\"position\":1,\"name\":\"Inicio\",\"item\":\"https:\\\/\\\/patagoniambiental.com.ar\\\/info\\\/\"},{\"@type\":\"ListItem\",\"position\":2,\"name\":\"\u201cNo vamos a cambiar un r\u00edo por 23 perforaciones\u201d\"}]},{\"@type\":\"WebSite\",\"@id\":\"https:\\\/\\\/patagoniambiental.com.ar\\\/info\\\/#website\",\"url\":\"https:\\\/\\\/patagoniambiental.com.ar\\\/info\\\/\",\"name\":\"Patagonia Ambiental\",\"description\":\"Monitoreo y an\u00e1lisis de la situaci\u00f3n geopol\u00edtica en el mundo y su implicancia en la Patagonia\",\"publisher\":{\"@id\":\"https:\\\/\\\/patagoniambiental.com.ar\\\/info\\\/#organization\"},\"potentialAction\":[{\"@type\":\"SearchAction\",\"target\":{\"@type\":\"EntryPoint\",\"urlTemplate\":\"https:\\\/\\\/patagoniambiental.com.ar\\\/info\\\/?s={search_term_string}\"},\"query-input\":{\"@type\":\"PropertyValueSpecification\",\"valueRequired\":true,\"valueName\":\"search_term_string\"}}],\"inLanguage\":\"es\"},{\"@type\":\"Organization\",\"@id\":\"https:\\\/\\\/patagoniambiental.com.ar\\\/info\\\/#organization\",\"name\":\"Patagonia Ambiental\",\"url\":\"https:\\\/\\\/patagoniambiental.com.ar\\\/info\\\/\",\"logo\":{\"@type\":\"ImageObject\",\"inLanguage\":\"es\",\"@id\":\"https:\\\/\\\/patagoniambiental.com.ar\\\/info\\\/#\\\/schema\\\/logo\\\/image\\\/\",\"url\":\"https:\\\/\\\/patagoniambiental.com.ar\\\/info\\\/wp-content\\\/uploads\\\/2025\\\/05\\\/LOGO-PATAGONIA-AMBIENTAL.png\",\"contentUrl\":\"https:\\\/\\\/patagoniambiental.com.ar\\\/info\\\/wp-content\\\/uploads\\\/2025\\\/05\\\/LOGO-PATAGONIA-AMBIENTAL.png\",\"width\":433,\"height\":250,\"caption\":\"Patagonia Ambiental\"},\"image\":{\"@id\":\"https:\\\/\\\/patagoniambiental.com.ar\\\/info\\\/#\\\/schema\\\/logo\\\/image\\\/\"},\"sameAs\":[\"https:\\\/\\\/www.facebook.com\\\/patagonia.ambiental\",\"https:\\\/\\\/x.com\\\/PatAmb\"]},{\"@type\":\"Person\",\"@id\":\"https:\\\/\\\/patagoniambiental.com.ar\\\/info\\\/#\\\/schema\\\/person\\\/db12bff64bbcbf6a253710bf0ea37b5d\",\"name\":\"Patagonia Ambiental\",\"description\":\"Andr\u00e9s Nievas T\u00e9cnico en manejo ambiental, consultor Ambiental y escritor para medios locales e internacionales sobre temas de geopolitica y medio ambiente.\",\"sameAs\":[\"http:\\\/\\\/www.patagoniambiental.com.ar\",\"https:\\\/\\\/www.facebook.com\\\/share\\\/1C1V8Gv9BX\\\/?mibextid=qi2Omg\",\"@patagoniambiental\",\"https:\\\/\\\/youtube.com\\\/@patagoniaambiental2023?si=BLt58t0wuXquxlYZ\"]}]}<\/script>\n<!-- \/ Yoast SEO Premium plugin. -->","yoast_head_json":{"title":"\u201cNo vamos a cambiar un r\u00edo por 23 perforaciones\u201d","robots":{"index":"index","follow":"follow","max-snippet":"max-snippet:-1","max-image-preview":"max-image-preview:large","max-video-preview":"max-video-preview:-1"},"canonical":"https:\/\/patagoniambiental.com.ar\/info\/no-vamos-a-cambiar-un-rio-por-23-perforaciones\/","og_locale":"es_ES","og_type":"article","og_title":"\u201cNo vamos a cambiar un r\u00edo por 23 perforaciones\u201d","og_description":"La Pampa.-La Pampa volvi\u00f3 a rechazar ayer en la reuni\u00f3n del grupo de trabajo de la CIAI la propuesta de [&hellip;]","og_url":"https:\/\/patagoniambiental.com.ar\/info\/no-vamos-a-cambiar-un-rio-por-23-perforaciones\/","og_site_name":"Patagonia Ambiental","article_publisher":"https:\/\/www.facebook.com\/patagonia.ambiental","article_author":"https:\/\/www.facebook.com\/share\/1C1V8Gv9BX\/?mibextid=qi2Omg","article_published_time":"2019-04-06T10:00:04+00:00","og_image":[{"width":696,"height":409,"url":"https:\/\/patagoniambiental.com.ar\/info\/wp-content\/uploads\/2019\/04\/06-CIAI-Perez-Araujof273f48c.jpg","type":"image\/jpeg"}],"author":"Patagonia Ambiental","twitter_card":"summary_large_image","twitter_creator":"@PatAmb","twitter_site":"@PatAmb","schema":{"@context":"https:\/\/schema.org","@graph":[{"@type":"Article","@id":"https:\/\/patagoniambiental.com.ar\/info\/no-vamos-a-cambiar-un-rio-por-23-perforaciones\/#article","isPartOf":{"@id":"https:\/\/patagoniambiental.com.ar\/info\/no-vamos-a-cambiar-un-rio-por-23-perforaciones\/"},"author":{"name":"Patagonia Ambiental","@id":"https:\/\/patagoniambiental.com.ar\/info\/#\/schema\/person\/db12bff64bbcbf6a253710bf0ea37b5d"},"headline":"\u201cNo vamos a cambiar un r\u00edo por 23 perforaciones\u201d","datePublished":"2019-04-06T10:00:04+00:00","mainEntityOfPage":{"@id":"https:\/\/patagoniambiental.com.ar\/info\/no-vamos-a-cambiar-un-rio-por-23-perforaciones\/"},"wordCount":579,"commentCount":0,"publisher":{"@id":"https:\/\/patagoniambiental.com.ar\/info\/#organization"},"image":{"@id":"https:\/\/patagoniambiental.com.ar\/info\/no-vamos-a-cambiar-un-rio-por-23-perforaciones\/#primaryimage"},"thumbnailUrl":"https:\/\/patagoniambiental.com.ar\/info\/wp-content\/uploads\/2019\/04\/06-CIAI-Perez-Araujof273f48c.jpg","articleSection":["La Pampa","Noticias","Provinciales"],"inLanguage":"es","potentialAction":[{"@type":"CommentAction","name":"Comment","target":["https:\/\/patagoniambiental.com.ar\/info\/no-vamos-a-cambiar-un-rio-por-23-perforaciones\/#respond"]}]},{"@type":"WebPage","@id":"https:\/\/patagoniambiental.com.ar\/info\/no-vamos-a-cambiar-un-rio-por-23-perforaciones\/","url":"https:\/\/patagoniambiental.com.ar\/info\/no-vamos-a-cambiar-un-rio-por-23-perforaciones\/","name":"\u201cNo vamos a cambiar un r\u00edo por 23 perforaciones\u201d","isPartOf":{"@id":"https:\/\/patagoniambiental.com.ar\/info\/#website"},"primaryImageOfPage":{"@id":"https:\/\/patagoniambiental.com.ar\/info\/no-vamos-a-cambiar-un-rio-por-23-perforaciones\/#primaryimage"},"image":{"@id":"https:\/\/patagoniambiental.com.ar\/info\/no-vamos-a-cambiar-un-rio-por-23-perforaciones\/#primaryimage"},"thumbnailUrl":"https:\/\/patagoniambiental.com.ar\/info\/wp-content\/uploads\/2019\/04\/06-CIAI-Perez-Araujof273f48c.jpg","datePublished":"2019-04-06T10:00:04+00:00","breadcrumb":{"@id":"https:\/\/patagoniambiental.com.ar\/info\/no-vamos-a-cambiar-un-rio-por-23-perforaciones\/#breadcrumb"},"inLanguage":"es","potentialAction":[{"@type":"ReadAction","target":["https:\/\/patagoniambiental.com.ar\/info\/no-vamos-a-cambiar-un-rio-por-23-perforaciones\/"]}]},{"@type":"ImageObject","inLanguage":"es","@id":"https:\/\/patagoniambiental.com.ar\/info\/no-vamos-a-cambiar-un-rio-por-23-perforaciones\/#primaryimage","url":"https:\/\/patagoniambiental.com.ar\/info\/wp-content\/uploads\/2019\/04\/06-CIAI-Perez-Araujof273f48c.jpg","contentUrl":"https:\/\/patagoniambiental.com.ar\/info\/wp-content\/uploads\/2019\/04\/06-CIAI-Perez-Araujof273f48c.jpg","width":696,"height":409},{"@type":"BreadcrumbList","@id":"https:\/\/patagoniambiental.com.ar\/info\/no-vamos-a-cambiar-un-rio-por-23-perforaciones\/#breadcrumb","itemListElement":[{"@type":"ListItem","position":1,"name":"Inicio","item":"https:\/\/patagoniambiental.com.ar\/info\/"},{"@type":"ListItem","position":2,"name":"\u201cNo vamos a cambiar un r\u00edo por 23 perforaciones\u201d"}]},{"@type":"WebSite","@id":"https:\/\/patagoniambiental.com.ar\/info\/#website","url":"https:\/\/patagoniambiental.com.ar\/info\/","name":"Patagonia Ambiental","description":"Monitoreo y an\u00e1lisis de la situaci\u00f3n geopol\u00edtica en el mundo y su implicancia en la Patagonia","publisher":{"@id":"https:\/\/patagoniambiental.com.ar\/info\/#organization"},"potentialAction":[{"@type":"SearchAction","target":{"@type":"EntryPoint","urlTemplate":"https:\/\/patagoniambiental.com.ar\/info\/?s={search_term_string}"},"query-input":{"@type":"PropertyValueSpecification","valueRequired":true,"valueName":"search_term_string"}}],"inLanguage":"es"},{"@type":"Organization","@id":"https:\/\/patagoniambiental.com.ar\/info\/#organization","name":"Patagonia Ambiental","url":"https:\/\/patagoniambiental.com.ar\/info\/","logo":{"@type":"ImageObject","inLanguage":"es","@id":"https:\/\/patagoniambiental.com.ar\/info\/#\/schema\/logo\/image\/","url":"https:\/\/patagoniambiental.com.ar\/info\/wp-content\/uploads\/2025\/05\/LOGO-PATAGONIA-AMBIENTAL.png","contentUrl":"https:\/\/patagoniambiental.com.ar\/info\/wp-content\/uploads\/2025\/05\/LOGO-PATAGONIA-AMBIENTAL.png","width":433,"height":250,"caption":"Patagonia Ambiental"},"image":{"@id":"https:\/\/patagoniambiental.com.ar\/info\/#\/schema\/logo\/image\/"},"sameAs":["https:\/\/www.facebook.com\/patagonia.ambiental","https:\/\/x.com\/PatAmb"]},{"@type":"Person","@id":"https:\/\/patagoniambiental.com.ar\/info\/#\/schema\/person\/db12bff64bbcbf6a253710bf0ea37b5d","name":"Patagonia Ambiental","description":"Andr\u00e9s Nievas T\u00e9cnico en manejo ambiental, consultor Ambiental y escritor para medios locales e internacionales sobre temas de geopolitica y medio ambiente.","sameAs":["http:\/\/www.patagoniambiental.com.ar","https:\/\/www.facebook.com\/share\/1C1V8Gv9BX\/?mibextid=qi2Omg","@patagoniambiental","https:\/\/youtube.com\/@patagoniaambiental2023?si=BLt58t0wuXquxlYZ"]}]}},"_links":{"self":[{"href":"https:\/\/patagoniambiental.com.ar\/info\/wp-json\/wp\/v2\/posts\/59990","targetHints":{"allow":["GET"]}}],"collection":[{"href":"https:\/\/patagoniambiental.com.ar\/info\/wp-json\/wp\/v2\/posts"}],"about":[{"href":"https:\/\/patagoniambiental.com.ar\/info\/wp-json\/wp\/v2\/types\/post"}],"author":[{"embeddable":true,"href":"https:\/\/patagoniambiental.com.ar\/info\/wp-json\/wp\/v2\/users\/2"}],"replies":[{"embeddable":true,"href":"https:\/\/patagoniambiental.com.ar\/info\/wp-json\/wp\/v2\/comments?post=59990"}],"version-history":[{"count":0,"href":"https:\/\/patagoniambiental.com.ar\/info\/wp-json\/wp\/v2\/posts\/59990\/revisions"}],"wp:featuredmedia":[{"embeddable":true,"href":"https:\/\/patagoniambiental.com.ar\/info\/wp-json\/wp\/v2\/media\/59991"}],"wp:attachment":[{"href":"https:\/\/patagoniambiental.com.ar\/info\/wp-json\/wp\/v2\/media?parent=59990"}],"wp:term":[{"taxonomy":"category","embeddable":true,"href":"https:\/\/patagoniambiental.com.ar\/info\/wp-json\/wp\/v2\/categories?post=59990"},{"taxonomy":"post_tag","embeddable":true,"href":"https:\/\/patagoniambiental.com.ar\/info\/wp-json\/wp\/v2\/tags?post=59990"}],"curies":[{"name":"wp","href":"https:\/\/api.w.org\/{rel}","templated":true}]}}