{"id":60028,"date":"2019-04-07T07:00:33","date_gmt":"2019-04-07T10:00:33","guid":{"rendered":"http:\/\/patagoniambiental.com.ar\/info\/?p=60028"},"modified":"2019-04-06T11:16:47","modified_gmt":"2019-04-06T14:16:47","slug":"malvinas-piloto-de-la-armada-que-hundio-un-emblematico-buque-de-los-ingleses-visito-la-camara-de-diputados-de-la-pampa","status":"publish","type":"post","link":"https:\/\/patagoniambiental.com.ar\/info\/malvinas-piloto-de-la-armada-que-hundio-un-emblematico-buque-de-los-ingleses-visito-la-camara-de-diputados-de-la-pampa\/","title":{"rendered":"Malvinas: Piloto de la Armada que hundi\u00f3 un emblem\u00e1tico buque de los ingleses visit\u00f3 la C\u00e1mara de Diputados de La Pampa"},"content":{"rendered":"<div class=\"page-header\">\n<div id=\"ampz_inline_top\" class=\"animated fadeIn\" data-combineafter=\"4\" data-buttontemplate=\"template_amsterdam\" data-buttonsize=\"ampz_btn_normal\" data-buttonwidth=\"orig_width\">\n<div class=\"ampz_container ampz_no_count\">\n<p>Santa Rosa.-El h\u00e9roe de Malvinas, Augusto Bedacarratz fue reconocido con un presente por la Legislatura provincial. Durante el encuentro con las autoridades\u00a0relat\u00f3 lo que sucedi\u00f3 el d\u00eda de su heroica participaci\u00f3n en la guerra.<\/p>\n<\/div>\n<\/div>\n<\/div>\n<div>\n<p><a class=\"thumbnail highslide\" href=\"https:\/\/www.infopico.com\/images\/stories\/com_form2content\/p1\/f29970\/05-04_VISITA_DE_BEDECARRATSZ.JPG\"><!--more--><img fetchpriority=\"high\" decoding=\"async\" class=\"size-medium wp-image-60029 alignleft\" src=\"https:\/\/patagoniambiental.com.ar\/info\/wp-content\/uploads\/2019\/04\/05-04_VISITA_DE_BEDECARRATSZ-fit-666x444-600x400.jpg\" alt=\"\" width=\"600\" height=\"400\" \/><\/a><\/p>\n<div class=\"texto_noticia_social\">\n<p>El vicegobernador de la provincia, Mariano Fern\u00e1ndez, junto a la vicepresidenta a cargo de la Legislatura, Alicia Mayoral recibieron al h\u00e9roe de la guerra de Malvinas, Augusto Bedacarratz, quien fue uno de los pilotos de la Armada argentina que hundi\u00f3 al emblem\u00e1tico buque de la fuerza inglesa, Sheffield.<\/p>\n<p>En este sentido, Bedacarratz relat\u00f3 su presente como productor agropecuario en Macach\u00edn, donde regres\u00f3 a atender los negocios familiares cuando se retir\u00f3, en 1991, con la condecoraci\u00f3n Medalla de La Naci\u00f3n Argentina al Valor en Combate.<\/p>\n<p>Respecto a su historia de vida, el h\u00e9roe de Malvinas narr\u00f3\u00a0que \u201ca los 16, ingres\u00f3 a la Escuela Naval, de la cual egres\u00e9 en 1965, como oficial y posteriormente, en 1967, ingres\u00e9 al curso de entrenamiento de vuelo naval. Finalmente la aviaci\u00f3n naval fue mi vida y mi pasi\u00f3n\u00bb.<\/p>\n<p>Posteriormente, Bedacarratz relat\u00f3 que aquel d\u00eda de su heroica participaci\u00f3n en la guerra fue el que dio la orden de atacar a los dos aviones de la Armada nacional cuando se encontraban a 30 kil\u00f3metros del blanco y celebr\u00f3 que \u201cla operaci\u00f3n se hizo como la hab\u00edamos planificado, a pesar de que enfrente ten\u00edamos a la tercera flota m\u00e1s importante del mundo que estaba armada con avanzados misiles antia\u00e9reos\u00bb.<\/p>\n<p>El encuentro con las autoridades legislativas culmin\u00f3 con la entrega de presentes que tanto Fern\u00e1ndez, como Mayoral y Aliaga le hicieron en nombre de la C\u00e1mara de Diputados al\u00a0h\u00e9roe de Malvinas.<\/p>\n<p>Fuente: InfoPico<\/p>\n<\/div>\n<\/div>\n<p>&nbsp;<\/p>\n","protected":false},"excerpt":{"rendered":"<p>Santa Rosa.-El h\u00e9roe de Malvinas, Augusto Bedacarratz fue reconocido con un presente por la Legislatura provincial. Durante el encuentro con [&hellip;]<\/p>\n","protected":false},"author":2,"featured_media":60029,"comment_status":"open","ping_status":"open","sticky":false,"template":"","format":"standard","meta":{"site-sidebar-layout":"default","site-content-layout":"","ast-site-content-layout":"default","site-content-style":"default","site-sidebar-style":"default","ast-global-header-display":"","ast-banner-title-visibility":"","ast-main-header-display":"","ast-hfb-above-header-display":"","ast-hfb-below-header-display":"","ast-hfb-mobile-header-display":"","site-post-title":"","ast-breadcrumbs-content":"","ast-featured-img":"","footer-sml-layout":"","ast-disable-related-posts":"","theme-transparent-header-meta":"","adv-header-id-meta":"","stick-header-meta":"","header-above-stick-meta":"","header-main-stick-meta":"","header-below-stick-meta":"","astra-migrate-meta-layouts":"default","ast-page-background-enabled":"default","ast-page-background-meta":{"desktop":{"background-color":"var(--ast-global-color-5)","background-image":"","background-repeat":"repeat","background-position":"center center","background-size":"auto","background-attachment":"scroll","background-type":"","background-media":"","overlay-type":"","overlay-color":"","overlay-opacity":"","overlay-gradient":""},"tablet":{"background-color":"","background-image":"","background-repeat":"repeat","background-position":"center center","background-size":"auto","background-attachment":"scroll","background-type":"","background-media":"","overlay-type":"","overlay-color":"","overlay-opacity":"","overlay-gradient":""},"mobile":{"background-color":"","background-image":"","background-repeat":"repeat","background-position":"center center","background-size":"auto","background-attachment":"scroll","background-type":"","background-media":"","overlay-type":"","overlay-color":"","overlay-opacity":"","overlay-gradient":""}},"ast-content-background-meta":{"desktop":{"background-color":"var(--ast-global-color-4)","background-image":"","background-repeat":"repeat","background-position":"center center","background-size":"auto","background-attachment":"scroll","background-type":"","background-media":"","overlay-type":"","overlay-color":"","overlay-opacity":"","overlay-gradient":""},"tablet":{"background-color":"var(--ast-global-color-4)","background-image":"","background-repeat":"repeat","background-position":"center center","background-size":"auto","background-attachment":"scroll","background-type":"","background-media":"","overlay-type":"","overlay-color":"","overlay-opacity":"","overlay-gradient":""},"mobile":{"background-color":"var(--ast-global-color-4)","background-image":"","background-repeat":"repeat","background-position":"center center","background-size":"auto","background-attachment":"scroll","background-type":"","background-media":"","overlay-type":"","overlay-color":"","overlay-opacity":"","overlay-gradient":""}},"footnotes":""},"categories":[59,1,13],"tags":[],"class_list":["post-60028","post","type-post","status-publish","format-standard","has-post-thumbnail","hentry","category-la-pampa","category-noticias","category-provinciales"],"yoast_head":"<!-- This site is optimized with the Yoast SEO Premium plugin v23.0 (Yoast SEO v27.4) - https:\/\/yoast.com\/product\/yoast-seo-premium-wordpress\/ -->\n<title>Malvinas: Piloto de la Armada que hundi\u00f3 un emblem\u00e1tico buque de los ingleses visit\u00f3 la C\u00e1mara de Diputados de La Pampa<\/title>\n<meta name=\"robots\" content=\"index, follow, max-snippet:-1, max-image-preview:large, max-video-preview:-1\" \/>\n<link rel=\"canonical\" href=\"https:\/\/patagoniambiental.com.ar\/info\/malvinas-piloto-de-la-armada-que-hundio-un-emblematico-buque-de-los-ingleses-visito-la-camara-de-diputados-de-la-pampa\/\" \/>\n<meta property=\"og:locale\" content=\"es_ES\" \/>\n<meta property=\"og:type\" content=\"article\" \/>\n<meta property=\"og:title\" content=\"Malvinas: Piloto de la Armada que hundi\u00f3 un emblem\u00e1tico buque de los ingleses visit\u00f3 la C\u00e1mara de Diputados de La Pampa\" \/>\n<meta property=\"og:description\" content=\"Santa Rosa.-El h\u00e9roe de Malvinas, Augusto Bedacarratz fue reconocido con un presente por la Legislatura provincial. Durante el encuentro con [&hellip;]\" \/>\n<meta property=\"og:url\" content=\"https:\/\/patagoniambiental.com.ar\/info\/malvinas-piloto-de-la-armada-que-hundio-un-emblematico-buque-de-los-ingleses-visito-la-camara-de-diputados-de-la-pampa\/\" \/>\n<meta property=\"og:site_name\" content=\"Patagonia Ambiental\" \/>\n<meta property=\"article:publisher\" content=\"https:\/\/www.facebook.com\/patagonia.ambiental\" \/>\n<meta property=\"article:author\" content=\"https:\/\/www.facebook.com\/share\/1C1V8Gv9BX\/?mibextid=qi2Omg\" \/>\n<meta property=\"article:published_time\" content=\"2019-04-07T10:00:33+00:00\" \/>\n<meta property=\"og:image\" content=\"https:\/\/patagoniambiental.com.ar\/info\/wp-content\/uploads\/2019\/04\/05-04_VISITA_DE_BEDECARRATSZ-fit-666x444.jpg\" \/>\n\t<meta property=\"og:image:width\" content=\"666\" \/>\n\t<meta property=\"og:image:height\" content=\"444\" \/>\n\t<meta property=\"og:image:type\" content=\"image\/jpeg\" \/>\n<meta name=\"author\" content=\"Patagonia Ambiental\" \/>\n<meta name=\"twitter:card\" content=\"summary_large_image\" \/>\n<meta name=\"twitter:creator\" content=\"@PatAmb\" \/>\n<meta name=\"twitter:site\" content=\"@PatAmb\" \/>\n<script type=\"application\/ld+json\" class=\"yoast-schema-graph\">{\"@context\":\"https:\\\/\\\/schema.org\",\"@graph\":[{\"@type\":\"Article\",\"@id\":\"https:\\\/\\\/patagoniambiental.com.ar\\\/info\\\/malvinas-piloto-de-la-armada-que-hundio-un-emblematico-buque-de-los-ingleses-visito-la-camara-de-diputados-de-la-pampa\\\/#article\",\"isPartOf\":{\"@id\":\"https:\\\/\\\/patagoniambiental.com.ar\\\/info\\\/malvinas-piloto-de-la-armada-que-hundio-un-emblematico-buque-de-los-ingleses-visito-la-camara-de-diputados-de-la-pampa\\\/\"},\"author\":{\"name\":\"Patagonia Ambiental\",\"@id\":\"https:\\\/\\\/patagoniambiental.com.ar\\\/info\\\/#\\\/schema\\\/person\\\/db12bff64bbcbf6a253710bf0ea37b5d\"},\"headline\":\"Malvinas: Piloto de la Armada que hundi\u00f3 un emblem\u00e1tico buque de los ingleses visit\u00f3 la C\u00e1mara de Diputados de La Pampa\",\"datePublished\":\"2019-04-07T10:00:33+00:00\",\"mainEntityOfPage\":{\"@id\":\"https:\\\/\\\/patagoniambiental.com.ar\\\/info\\\/malvinas-piloto-de-la-armada-que-hundio-un-emblematico-buque-de-los-ingleses-visito-la-camara-de-diputados-de-la-pampa\\\/\"},\"wordCount\":315,\"commentCount\":0,\"publisher\":{\"@id\":\"https:\\\/\\\/patagoniambiental.com.ar\\\/info\\\/#organization\"},\"image\":{\"@id\":\"https:\\\/\\\/patagoniambiental.com.ar\\\/info\\\/malvinas-piloto-de-la-armada-que-hundio-un-emblematico-buque-de-los-ingleses-visito-la-camara-de-diputados-de-la-pampa\\\/#primaryimage\"},\"thumbnailUrl\":\"https:\\\/\\\/patagoniambiental.com.ar\\\/info\\\/wp-content\\\/uploads\\\/2019\\\/04\\\/05-04_VISITA_DE_BEDECARRATSZ-fit-666x444.jpg\",\"articleSection\":[\"La Pampa\",\"Noticias\",\"Provinciales\"],\"inLanguage\":\"es\",\"potentialAction\":[{\"@type\":\"CommentAction\",\"name\":\"Comment\",\"target\":[\"https:\\\/\\\/patagoniambiental.com.ar\\\/info\\\/malvinas-piloto-de-la-armada-que-hundio-un-emblematico-buque-de-los-ingleses-visito-la-camara-de-diputados-de-la-pampa\\\/#respond\"]}]},{\"@type\":\"WebPage\",\"@id\":\"https:\\\/\\\/patagoniambiental.com.ar\\\/info\\\/malvinas-piloto-de-la-armada-que-hundio-un-emblematico-buque-de-los-ingleses-visito-la-camara-de-diputados-de-la-pampa\\\/\",\"url\":\"https:\\\/\\\/patagoniambiental.com.ar\\\/info\\\/malvinas-piloto-de-la-armada-que-hundio-un-emblematico-buque-de-los-ingleses-visito-la-camara-de-diputados-de-la-pampa\\\/\",\"name\":\"Malvinas: Piloto de la Armada que hundi\u00f3 un emblem\u00e1tico buque de los ingleses visit\u00f3 la C\u00e1mara de Diputados de La Pampa\",\"isPartOf\":{\"@id\":\"https:\\\/\\\/patagoniambiental.com.ar\\\/info\\\/#website\"},\"primaryImageOfPage\":{\"@id\":\"https:\\\/\\\/patagoniambiental.com.ar\\\/info\\\/malvinas-piloto-de-la-armada-que-hundio-un-emblematico-buque-de-los-ingleses-visito-la-camara-de-diputados-de-la-pampa\\\/#primaryimage\"},\"image\":{\"@id\":\"https:\\\/\\\/patagoniambiental.com.ar\\\/info\\\/malvinas-piloto-de-la-armada-que-hundio-un-emblematico-buque-de-los-ingleses-visito-la-camara-de-diputados-de-la-pampa\\\/#primaryimage\"},\"thumbnailUrl\":\"https:\\\/\\\/patagoniambiental.com.ar\\\/info\\\/wp-content\\\/uploads\\\/2019\\\/04\\\/05-04_VISITA_DE_BEDECARRATSZ-fit-666x444.jpg\",\"datePublished\":\"2019-04-07T10:00:33+00:00\",\"breadcrumb\":{\"@id\":\"https:\\\/\\\/patagoniambiental.com.ar\\\/info\\\/malvinas-piloto-de-la-armada-que-hundio-un-emblematico-buque-de-los-ingleses-visito-la-camara-de-diputados-de-la-pampa\\\/#breadcrumb\"},\"inLanguage\":\"es\",\"potentialAction\":[{\"@type\":\"ReadAction\",\"target\":[\"https:\\\/\\\/patagoniambiental.com.ar\\\/info\\\/malvinas-piloto-de-la-armada-que-hundio-un-emblematico-buque-de-los-ingleses-visito-la-camara-de-diputados-de-la-pampa\\\/\"]}]},{\"@type\":\"ImageObject\",\"inLanguage\":\"es\",\"@id\":\"https:\\\/\\\/patagoniambiental.com.ar\\\/info\\\/malvinas-piloto-de-la-armada-que-hundio-un-emblematico-buque-de-los-ingleses-visito-la-camara-de-diputados-de-la-pampa\\\/#primaryimage\",\"url\":\"https:\\\/\\\/patagoniambiental.com.ar\\\/info\\\/wp-content\\\/uploads\\\/2019\\\/04\\\/05-04_VISITA_DE_BEDECARRATSZ-fit-666x444.jpg\",\"contentUrl\":\"https:\\\/\\\/patagoniambiental.com.ar\\\/info\\\/wp-content\\\/uploads\\\/2019\\\/04\\\/05-04_VISITA_DE_BEDECARRATSZ-fit-666x444.jpg\",\"width\":666,\"height\":444},{\"@type\":\"BreadcrumbList\",\"@id\":\"https:\\\/\\\/patagoniambiental.com.ar\\\/info\\\/malvinas-piloto-de-la-armada-que-hundio-un-emblematico-buque-de-los-ingleses-visito-la-camara-de-diputados-de-la-pampa\\\/#breadcrumb\",\"itemListElement\":[{\"@type\":\"ListItem\",\"position\":1,\"name\":\"Inicio\",\"item\":\"https:\\\/\\\/patagoniambiental.com.ar\\\/info\\\/\"},{\"@type\":\"ListItem\",\"position\":2,\"name\":\"Malvinas: Piloto de la Armada que hundi\u00f3 un emblem\u00e1tico buque de los ingleses visit\u00f3 la C\u00e1mara de Diputados de La Pampa\"}]},{\"@type\":\"WebSite\",\"@id\":\"https:\\\/\\\/patagoniambiental.com.ar\\\/info\\\/#website\",\"url\":\"https:\\\/\\\/patagoniambiental.com.ar\\\/info\\\/\",\"name\":\"Patagonia Ambiental\",\"description\":\"Monitoreo y an\u00e1lisis de la situaci\u00f3n geopol\u00edtica en el mundo y su implicancia en la Patagonia\",\"publisher\":{\"@id\":\"https:\\\/\\\/patagoniambiental.com.ar\\\/info\\\/#organization\"},\"potentialAction\":[{\"@type\":\"SearchAction\",\"target\":{\"@type\":\"EntryPoint\",\"urlTemplate\":\"https:\\\/\\\/patagoniambiental.com.ar\\\/info\\\/?s={search_term_string}\"},\"query-input\":{\"@type\":\"PropertyValueSpecification\",\"valueRequired\":true,\"valueName\":\"search_term_string\"}}],\"inLanguage\":\"es\"},{\"@type\":\"Organization\",\"@id\":\"https:\\\/\\\/patagoniambiental.com.ar\\\/info\\\/#organization\",\"name\":\"Patagonia Ambiental\",\"url\":\"https:\\\/\\\/patagoniambiental.com.ar\\\/info\\\/\",\"logo\":{\"@type\":\"ImageObject\",\"inLanguage\":\"es\",\"@id\":\"https:\\\/\\\/patagoniambiental.com.ar\\\/info\\\/#\\\/schema\\\/logo\\\/image\\\/\",\"url\":\"https:\\\/\\\/patagoniambiental.com.ar\\\/info\\\/wp-content\\\/uploads\\\/2025\\\/05\\\/LOGO-PATAGONIA-AMBIENTAL.png\",\"contentUrl\":\"https:\\\/\\\/patagoniambiental.com.ar\\\/info\\\/wp-content\\\/uploads\\\/2025\\\/05\\\/LOGO-PATAGONIA-AMBIENTAL.png\",\"width\":433,\"height\":250,\"caption\":\"Patagonia Ambiental\"},\"image\":{\"@id\":\"https:\\\/\\\/patagoniambiental.com.ar\\\/info\\\/#\\\/schema\\\/logo\\\/image\\\/\"},\"sameAs\":[\"https:\\\/\\\/www.facebook.com\\\/patagonia.ambiental\",\"https:\\\/\\\/x.com\\\/PatAmb\"]},{\"@type\":\"Person\",\"@id\":\"https:\\\/\\\/patagoniambiental.com.ar\\\/info\\\/#\\\/schema\\\/person\\\/db12bff64bbcbf6a253710bf0ea37b5d\",\"name\":\"Patagonia Ambiental\",\"description\":\"Andr\u00e9s Nievas T\u00e9cnico en manejo ambiental, consultor Ambiental y escritor para medios locales e internacionales sobre temas de geopolitica y medio ambiente.\",\"sameAs\":[\"http:\\\/\\\/www.patagoniambiental.com.ar\",\"https:\\\/\\\/www.facebook.com\\\/share\\\/1C1V8Gv9BX\\\/?mibextid=qi2Omg\",\"@patagoniambiental\",\"https:\\\/\\\/youtube.com\\\/@patagoniaambiental2023?si=BLt58t0wuXquxlYZ\"]}]}<\/script>\n<!-- \/ Yoast SEO Premium plugin. -->","yoast_head_json":{"title":"Malvinas: Piloto de la Armada que hundi\u00f3 un emblem\u00e1tico buque de los ingleses visit\u00f3 la C\u00e1mara de Diputados de La Pampa","robots":{"index":"index","follow":"follow","max-snippet":"max-snippet:-1","max-image-preview":"max-image-preview:large","max-video-preview":"max-video-preview:-1"},"canonical":"https:\/\/patagoniambiental.com.ar\/info\/malvinas-piloto-de-la-armada-que-hundio-un-emblematico-buque-de-los-ingleses-visito-la-camara-de-diputados-de-la-pampa\/","og_locale":"es_ES","og_type":"article","og_title":"Malvinas: Piloto de la Armada que hundi\u00f3 un emblem\u00e1tico buque de los ingleses visit\u00f3 la C\u00e1mara de Diputados de La Pampa","og_description":"Santa Rosa.-El h\u00e9roe de Malvinas, Augusto Bedacarratz fue reconocido con un presente por la Legislatura provincial. Durante el encuentro con [&hellip;]","og_url":"https:\/\/patagoniambiental.com.ar\/info\/malvinas-piloto-de-la-armada-que-hundio-un-emblematico-buque-de-los-ingleses-visito-la-camara-de-diputados-de-la-pampa\/","og_site_name":"Patagonia Ambiental","article_publisher":"https:\/\/www.facebook.com\/patagonia.ambiental","article_author":"https:\/\/www.facebook.com\/share\/1C1V8Gv9BX\/?mibextid=qi2Omg","article_published_time":"2019-04-07T10:00:33+00:00","og_image":[{"width":666,"height":444,"url":"https:\/\/patagoniambiental.com.ar\/info\/wp-content\/uploads\/2019\/04\/05-04_VISITA_DE_BEDECARRATSZ-fit-666x444.jpg","type":"image\/jpeg"}],"author":"Patagonia Ambiental","twitter_card":"summary_large_image","twitter_creator":"@PatAmb","twitter_site":"@PatAmb","schema":{"@context":"https:\/\/schema.org","@graph":[{"@type":"Article","@id":"https:\/\/patagoniambiental.com.ar\/info\/malvinas-piloto-de-la-armada-que-hundio-un-emblematico-buque-de-los-ingleses-visito-la-camara-de-diputados-de-la-pampa\/#article","isPartOf":{"@id":"https:\/\/patagoniambiental.com.ar\/info\/malvinas-piloto-de-la-armada-que-hundio-un-emblematico-buque-de-los-ingleses-visito-la-camara-de-diputados-de-la-pampa\/"},"author":{"name":"Patagonia Ambiental","@id":"https:\/\/patagoniambiental.com.ar\/info\/#\/schema\/person\/db12bff64bbcbf6a253710bf0ea37b5d"},"headline":"Malvinas: Piloto de la Armada que hundi\u00f3 un emblem\u00e1tico buque de los ingleses visit\u00f3 la C\u00e1mara de Diputados de La Pampa","datePublished":"2019-04-07T10:00:33+00:00","mainEntityOfPage":{"@id":"https:\/\/patagoniambiental.com.ar\/info\/malvinas-piloto-de-la-armada-que-hundio-un-emblematico-buque-de-los-ingleses-visito-la-camara-de-diputados-de-la-pampa\/"},"wordCount":315,"commentCount":0,"publisher":{"@id":"https:\/\/patagoniambiental.com.ar\/info\/#organization"},"image":{"@id":"https:\/\/patagoniambiental.com.ar\/info\/malvinas-piloto-de-la-armada-que-hundio-un-emblematico-buque-de-los-ingleses-visito-la-camara-de-diputados-de-la-pampa\/#primaryimage"},"thumbnailUrl":"https:\/\/patagoniambiental.com.ar\/info\/wp-content\/uploads\/2019\/04\/05-04_VISITA_DE_BEDECARRATSZ-fit-666x444.jpg","articleSection":["La Pampa","Noticias","Provinciales"],"inLanguage":"es","potentialAction":[{"@type":"CommentAction","name":"Comment","target":["https:\/\/patagoniambiental.com.ar\/info\/malvinas-piloto-de-la-armada-que-hundio-un-emblematico-buque-de-los-ingleses-visito-la-camara-de-diputados-de-la-pampa\/#respond"]}]},{"@type":"WebPage","@id":"https:\/\/patagoniambiental.com.ar\/info\/malvinas-piloto-de-la-armada-que-hundio-un-emblematico-buque-de-los-ingleses-visito-la-camara-de-diputados-de-la-pampa\/","url":"https:\/\/patagoniambiental.com.ar\/info\/malvinas-piloto-de-la-armada-que-hundio-un-emblematico-buque-de-los-ingleses-visito-la-camara-de-diputados-de-la-pampa\/","name":"Malvinas: Piloto de la Armada que hundi\u00f3 un emblem\u00e1tico buque de los ingleses visit\u00f3 la C\u00e1mara de Diputados de La Pampa","isPartOf":{"@id":"https:\/\/patagoniambiental.com.ar\/info\/#website"},"primaryImageOfPage":{"@id":"https:\/\/patagoniambiental.com.ar\/info\/malvinas-piloto-de-la-armada-que-hundio-un-emblematico-buque-de-los-ingleses-visito-la-camara-de-diputados-de-la-pampa\/#primaryimage"},"image":{"@id":"https:\/\/patagoniambiental.com.ar\/info\/malvinas-piloto-de-la-armada-que-hundio-un-emblematico-buque-de-los-ingleses-visito-la-camara-de-diputados-de-la-pampa\/#primaryimage"},"thumbnailUrl":"https:\/\/patagoniambiental.com.ar\/info\/wp-content\/uploads\/2019\/04\/05-04_VISITA_DE_BEDECARRATSZ-fit-666x444.jpg","datePublished":"2019-04-07T10:00:33+00:00","breadcrumb":{"@id":"https:\/\/patagoniambiental.com.ar\/info\/malvinas-piloto-de-la-armada-que-hundio-un-emblematico-buque-de-los-ingleses-visito-la-camara-de-diputados-de-la-pampa\/#breadcrumb"},"inLanguage":"es","potentialAction":[{"@type":"ReadAction","target":["https:\/\/patagoniambiental.com.ar\/info\/malvinas-piloto-de-la-armada-que-hundio-un-emblematico-buque-de-los-ingleses-visito-la-camara-de-diputados-de-la-pampa\/"]}]},{"@type":"ImageObject","inLanguage":"es","@id":"https:\/\/patagoniambiental.com.ar\/info\/malvinas-piloto-de-la-armada-que-hundio-un-emblematico-buque-de-los-ingleses-visito-la-camara-de-diputados-de-la-pampa\/#primaryimage","url":"https:\/\/patagoniambiental.com.ar\/info\/wp-content\/uploads\/2019\/04\/05-04_VISITA_DE_BEDECARRATSZ-fit-666x444.jpg","contentUrl":"https:\/\/patagoniambiental.com.ar\/info\/wp-content\/uploads\/2019\/04\/05-04_VISITA_DE_BEDECARRATSZ-fit-666x444.jpg","width":666,"height":444},{"@type":"BreadcrumbList","@id":"https:\/\/patagoniambiental.com.ar\/info\/malvinas-piloto-de-la-armada-que-hundio-un-emblematico-buque-de-los-ingleses-visito-la-camara-de-diputados-de-la-pampa\/#breadcrumb","itemListElement":[{"@type":"ListItem","position":1,"name":"Inicio","item":"https:\/\/patagoniambiental.com.ar\/info\/"},{"@type":"ListItem","position":2,"name":"Malvinas: Piloto de la Armada que hundi\u00f3 un emblem\u00e1tico buque de los ingleses visit\u00f3 la C\u00e1mara de Diputados de La Pampa"}]},{"@type":"WebSite","@id":"https:\/\/patagoniambiental.com.ar\/info\/#website","url":"https:\/\/patagoniambiental.com.ar\/info\/","name":"Patagonia Ambiental","description":"Monitoreo y an\u00e1lisis de la situaci\u00f3n geopol\u00edtica en el mundo y su implicancia en la Patagonia","publisher":{"@id":"https:\/\/patagoniambiental.com.ar\/info\/#organization"},"potentialAction":[{"@type":"SearchAction","target":{"@type":"EntryPoint","urlTemplate":"https:\/\/patagoniambiental.com.ar\/info\/?s={search_term_string}"},"query-input":{"@type":"PropertyValueSpecification","valueRequired":true,"valueName":"search_term_string"}}],"inLanguage":"es"},{"@type":"Organization","@id":"https:\/\/patagoniambiental.com.ar\/info\/#organization","name":"Patagonia Ambiental","url":"https:\/\/patagoniambiental.com.ar\/info\/","logo":{"@type":"ImageObject","inLanguage":"es","@id":"https:\/\/patagoniambiental.com.ar\/info\/#\/schema\/logo\/image\/","url":"https:\/\/patagoniambiental.com.ar\/info\/wp-content\/uploads\/2025\/05\/LOGO-PATAGONIA-AMBIENTAL.png","contentUrl":"https:\/\/patagoniambiental.com.ar\/info\/wp-content\/uploads\/2025\/05\/LOGO-PATAGONIA-AMBIENTAL.png","width":433,"height":250,"caption":"Patagonia Ambiental"},"image":{"@id":"https:\/\/patagoniambiental.com.ar\/info\/#\/schema\/logo\/image\/"},"sameAs":["https:\/\/www.facebook.com\/patagonia.ambiental","https:\/\/x.com\/PatAmb"]},{"@type":"Person","@id":"https:\/\/patagoniambiental.com.ar\/info\/#\/schema\/person\/db12bff64bbcbf6a253710bf0ea37b5d","name":"Patagonia Ambiental","description":"Andr\u00e9s Nievas T\u00e9cnico en manejo ambiental, consultor Ambiental y escritor para medios locales e internacionales sobre temas de geopolitica y medio ambiente.","sameAs":["http:\/\/www.patagoniambiental.com.ar","https:\/\/www.facebook.com\/share\/1C1V8Gv9BX\/?mibextid=qi2Omg","@patagoniambiental","https:\/\/youtube.com\/@patagoniaambiental2023?si=BLt58t0wuXquxlYZ"]}]}},"_links":{"self":[{"href":"https:\/\/patagoniambiental.com.ar\/info\/wp-json\/wp\/v2\/posts\/60028","targetHints":{"allow":["GET"]}}],"collection":[{"href":"https:\/\/patagoniambiental.com.ar\/info\/wp-json\/wp\/v2\/posts"}],"about":[{"href":"https:\/\/patagoniambiental.com.ar\/info\/wp-json\/wp\/v2\/types\/post"}],"author":[{"embeddable":true,"href":"https:\/\/patagoniambiental.com.ar\/info\/wp-json\/wp\/v2\/users\/2"}],"replies":[{"embeddable":true,"href":"https:\/\/patagoniambiental.com.ar\/info\/wp-json\/wp\/v2\/comments?post=60028"}],"version-history":[{"count":0,"href":"https:\/\/patagoniambiental.com.ar\/info\/wp-json\/wp\/v2\/posts\/60028\/revisions"}],"wp:featuredmedia":[{"embeddable":true,"href":"https:\/\/patagoniambiental.com.ar\/info\/wp-json\/wp\/v2\/media\/60029"}],"wp:attachment":[{"href":"https:\/\/patagoniambiental.com.ar\/info\/wp-json\/wp\/v2\/media?parent=60028"}],"wp:term":[{"taxonomy":"category","embeddable":true,"href":"https:\/\/patagoniambiental.com.ar\/info\/wp-json\/wp\/v2\/categories?post=60028"},{"taxonomy":"post_tag","embeddable":true,"href":"https:\/\/patagoniambiental.com.ar\/info\/wp-json\/wp\/v2\/tags?post=60028"}],"curies":[{"name":"wp","href":"https:\/\/api.w.org\/{rel}","templated":true}]}}