{"id":60037,"date":"2019-04-09T07:00:07","date_gmt":"2019-04-09T10:00:07","guid":{"rendered":"http:\/\/patagoniambiental.com.ar\/info\/?p=60037"},"modified":"2019-04-08T10:23:46","modified_gmt":"2019-04-08T13:23:46","slug":"exclusivo-harberton-la-estancia-mas-antigua-de-tierra-del-fuego-y-la-primera-en-funcionar-con-energia-solar","status":"publish","type":"post","link":"https:\/\/patagoniambiental.com.ar\/info\/exclusivo-harberton-la-estancia-mas-antigua-de-tierra-del-fuego-y-la-primera-en-funcionar-con-energia-solar\/","title":{"rendered":"Exclusivo: Harberton, la estancia m\u00e1s antigua de Tierra del Fuego y la primera en funcionar con energ\u00eda solar."},"content":{"rendered":"<header class=\"article-header entry-header\">\n<p class=\"entry-author author\">Tierra del Fuego, AIAS.-Por\u00a0Armando Cabral.-Dom 07\/04\/19.-Sin duda es una excelente noticia, no solo para los propietarios de la estancia m\u00e1s antigua de la Provincia de Tierra del Fuego, sino tambi\u00e9n para todos quienes creemos en un cuidado real del medioambiente a trav\u00e9s del uso de energ\u00edas limpias.<\/p>\n<p><!--more--><\/p>\n<p class=\"entry-author author\">Este domingo comenz\u00f3 a funcionar el sistema que a\u00fan est\u00e1 en periodo de prueba, pero es un gran paso en la utilizaci\u00f3n de energ\u00edas limpias.<\/p>\n<div class=\"entry-thumb cf\"><img fetchpriority=\"high\" decoding=\"async\" class=\"attachment-full size-full wp-post-image\" src=\"http:\/\/www.lalicuadoratdf.com.ar\/wp-content\/uploads\/2019\/04\/estanciaharbetron.jpg\" sizes=\"(max-width: 742px) 100vw, 742px\" srcset=\"http:\/\/www.lalicuadoratdf.com.ar\/wp-content\/uploads\/2019\/04\/estanciaharbetron.jpg 742w, http:\/\/www.lalicuadoratdf.com.ar\/wp-content\/uploads\/2019\/04\/estanciaharbetron-620x439.jpg 620w\" alt=\"\" width=\"742\" height=\"525\" \/><\/div>\n<\/header>\n<section class=\"entry-content cf\">Si bien a\u00fan se encuentra en periodo de prueba la Estancia ya est\u00e1 pr\u00e1cticamente funcionando en su totalidad con energ\u00eda solar, as\u00ed nos lo confirm\u00f3 Abby Goodal, una de las propietarias del establecimiento, quien coment\u00f3 que el proyecto es de su hijo Matthew de 23 a\u00f1os, estudiante de ingenier\u00eda quien tomo la iniciativa y el desaf\u00edo de utilizar energ\u00eda solar para que este lugar no dependiera de otros combustibles para desarrollar sus actividades dedicadas a la producci\u00f3n agropecuaria y el turismo, ya que all\u00ed funciona un petit hotel, un restaurante, y es destino de los viajes en catamar\u00e1n que se realizan desde Ushuaia pasando por isla de los p\u00e1jaros.<\/p>\n<p>Ayer comenz\u00f3 este desaf\u00edo para los propietarios de la estancia, y ahora esperan a que llegue el invierno para ver c\u00f3mo funciona todo, pero el objetivo es que toda la estancia funcione con energ\u00eda solar, sin necesidad de utilizar otro tipo de combustibles contaminantes y nos dec\u00eda Abby Goodal de las expectativas y el orgullo por este proyecto que puede ser el inicio de otros en otros lugares de la provincia y no solo achicar costos, sino tambi\u00e9n ir dejando atr\u00e1s las consecuencias que genera utilizar combustibles contaminantes, como gas, o gas oil para el funcionamiento de un establecimiento de estas caracter\u00edsticas.<img decoding=\"async\" class=\"alignnone size-medium wp-image-154795\" src=\"http:\/\/www.lalicuadoratdf.com.ar\/wp-content\/uploads\/2019\/04\/estancia-harberton-1-300x300.jpg\" sizes=\"(max-width: 300px) 100vw, 300px\" srcset=\"http:\/\/www.lalicuadoratdf.com.ar\/wp-content\/uploads\/2019\/04\/estancia-harberton-1-300x300.jpg 300w, http:\/\/www.lalicuadoratdf.com.ar\/wp-content\/uploads\/2019\/04\/estancia-harberton-1-160x160.jpg 160w\" alt=\"\" width=\"300\" height=\"300\" \/>\u00a0<img decoding=\"async\" class=\"alignnone size-medium wp-image-154796\" src=\"http:\/\/www.lalicuadoratdf.com.ar\/wp-content\/uploads\/2019\/04\/estancia-harberton-2-large-300x300.jpg\" sizes=\"(max-width: 300px) 100vw, 300px\" srcset=\"http:\/\/www.lalicuadoratdf.com.ar\/wp-content\/uploads\/2019\/04\/estancia-harberton-2-large-300x300.jpg 300w, http:\/\/www.lalicuadoratdf.com.ar\/wp-content\/uploads\/2019\/04\/estancia-harberton-2-large-160x160.jpg 160w\" alt=\"\" width=\"300\" height=\"300\" \/><\/p>\n<div class=\"co8aDb gsrt\" role=\"heading\" aria-level=\"3\"><b>Algo mas sobre como funciona la energ\u00eda\u00a0producida por un Panel\u00a0solar<\/b><\/div>\n<div class=\"RqBzHd\">\n<ol class=\"X5LH0c\">\n<li class=\"TrT0Xe\">Un panel\u00a0<b>solar<\/b>\u00a0o m\u00f3dulo\u00a0<b>solar<\/b>\u00a0es un dispositivo que capta la energ\u00eda de la radiaci\u00f3n\u00a0<b>solar<\/b>\u00a0para su aprovechamiento. \u2026<\/li>\n<li class=\"TrT0Xe\">Los\u00a0<b>paneles<\/b>\u00a0fotovoltaicos est\u00e1n formados por numerosas celdas que convierten la luz en electricidad. \u2026<\/li>\n<li class=\"TrT0Xe\">Los materiales para celdas\u00a0<b>solares<\/b>\u00a0suelen ser silicio cristalino o arseniuro de galio.<\/li>\n<li>\n<div class=\"co8aDb gsrt\" role=\"heading\" aria-level=\"3\"><b>Ventajas y Desventajas de los Paneles Solares en el Hogar<\/b><\/div>\n<div class=\"RqBzHd\">\n<ol class=\"X5LH0c\">\n<li class=\"TrT0Xe\">Es renovable. Siempre tendremos energ\u00eda solar. \u2026<\/li>\n<li class=\"TrT0Xe\">Es abundante. \u2026<\/li>\n<li class=\"TrT0Xe\">Amigable con el ambiente. \u2026<\/li>\n<li class=\"TrT0Xe\">Disponibilidad en todo el mundo. \u2026<\/li>\n<li class=\"TrT0Xe\">Reduce los costos de electricidad. \u2026<\/li>\n<li class=\"TrT0Xe\">Sistemas compartidos. \u2026<\/li>\n<li class=\"TrT0Xe\">Es silenciosa. \u2026<\/li>\n<li class=\"TrT0Xe\">De bajo mantenimiento.<\/li>\n<li><strong>Todas las celdas solares trabajando en conjunto hacen que se produzca un campo el\u00e9ctrico en el panel solar y es as\u00ed como los paneles solares pueden generar energ\u00eda que posteriormente podemos utilizar como electricidad.<\/strong><img loading=\"lazy\" decoding=\"async\" class=\"alignnone size-full wp-image-154797\" src=\"http:\/\/www.lalicuadoratdf.com.ar\/wp-content\/uploads\/2019\/04\/energia-solar.jpg\" alt=\"\" width=\"288\" height=\"175\" \/><\/li>\n<\/ol>\n<p>Fuente:\u00a0http:\/\/www.lalicuadoratdf.com.ar\/2019\/04\/exclusivo-harberton-la-estancia-mas-antigua-de-tierra-del-fuego-y-la-primera-en-funcionar-con-energia-solar\/<\/p>\n<\/div>\n<\/li>\n<\/ol>\n<\/div>\n<\/section>\n","protected":false},"excerpt":{"rendered":"<p>Tierra del Fuego, AIAS.-Por\u00a0Armando Cabral.-Dom 07\/04\/19.-Sin duda es una excelente noticia, no solo para los propietarios de la estancia m\u00e1s [&hellip;]<\/p>\n","protected":false},"author":2,"featured_media":60038,"comment_status":"open","ping_status":"open","sticky":false,"template":"","format":"standard","meta":{"site-sidebar-layout":"default","site-content-layout":"","ast-site-content-layout":"default","site-content-style":"default","site-sidebar-style":"default","ast-global-header-display":"","ast-banner-title-visibility":"","ast-main-header-display":"","ast-hfb-above-header-display":"","ast-hfb-below-header-display":"","ast-hfb-mobile-header-display":"","site-post-title":"","ast-breadcrumbs-content":"","ast-featured-img":"","footer-sml-layout":"","ast-disable-related-posts":"","theme-transparent-header-meta":"","adv-header-id-meta":"","stick-header-meta":"","header-above-stick-meta":"","header-main-stick-meta":"","header-below-stick-meta":"","astra-migrate-meta-layouts":"default","ast-page-background-enabled":"default","ast-page-background-meta":{"desktop":{"background-color":"var(--ast-global-color-5)","background-image":"","background-repeat":"repeat","background-position":"center center","background-size":"auto","background-attachment":"scroll","background-type":"","background-media":"","overlay-type":"","overlay-color":"","overlay-opacity":"","overlay-gradient":""},"tablet":{"background-color":"","background-image":"","background-repeat":"repeat","background-position":"center center","background-size":"auto","background-attachment":"scroll","background-type":"","background-media":"","overlay-type":"","overlay-color":"","overlay-opacity":"","overlay-gradient":""},"mobile":{"background-color":"","background-image":"","background-repeat":"repeat","background-position":"center center","background-size":"auto","background-attachment":"scroll","background-type":"","background-media":"","overlay-type":"","overlay-color":"","overlay-opacity":"","overlay-gradient":""}},"ast-content-background-meta":{"desktop":{"background-color":"var(--ast-global-color-4)","background-image":"","background-repeat":"repeat","background-position":"center center","background-size":"auto","background-attachment":"scroll","background-type":"","background-media":"","overlay-type":"","overlay-color":"","overlay-opacity":"","overlay-gradient":""},"tablet":{"background-color":"var(--ast-global-color-4)","background-image":"","background-repeat":"repeat","background-position":"center center","background-size":"auto","background-attachment":"scroll","background-type":"","background-media":"","overlay-type":"","overlay-color":"","overlay-opacity":"","overlay-gradient":""},"mobile":{"background-color":"var(--ast-global-color-4)","background-image":"","background-repeat":"repeat","background-position":"center center","background-size":"auto","background-attachment":"scroll","background-type":"","background-media":"","overlay-type":"","overlay-color":"","overlay-opacity":"","overlay-gradient":""}},"footnotes":""},"categories":[1,13,25],"tags":[],"class_list":["post-60037","post","type-post","status-publish","format-standard","has-post-thumbnail","hentry","category-noticias","category-provinciales","category-tierra-del-fuego"],"yoast_head":"<!-- This site is optimized with the Yoast SEO Premium plugin v23.0 (Yoast SEO v27.5) - https:\/\/yoast.com\/product\/yoast-seo-premium-wordpress\/ -->\n<title>Exclusivo: Harberton, la estancia m\u00e1s antigua de Tierra del Fuego y la primera en funcionar con energ\u00eda solar.<\/title>\n<meta name=\"robots\" content=\"index, follow, max-snippet:-1, max-image-preview:large, max-video-preview:-1\" \/>\n<link rel=\"canonical\" href=\"https:\/\/patagoniambiental.com.ar\/info\/exclusivo-harberton-la-estancia-mas-antigua-de-tierra-del-fuego-y-la-primera-en-funcionar-con-energia-solar\/\" \/>\n<meta property=\"og:locale\" content=\"es_ES\" \/>\n<meta property=\"og:type\" content=\"article\" \/>\n<meta property=\"og:title\" content=\"Exclusivo: Harberton, la estancia m\u00e1s antigua de Tierra del Fuego y la primera en funcionar con energ\u00eda solar.\" \/>\n<meta property=\"og:description\" content=\"Tierra del Fuego, AIAS.-Por\u00a0Armando Cabral.-Dom 07\/04\/19.-Sin duda es una excelente noticia, no solo para los propietarios de la estancia m\u00e1s [&hellip;]\" \/>\n<meta property=\"og:url\" content=\"https:\/\/patagoniambiental.com.ar\/info\/exclusivo-harberton-la-estancia-mas-antigua-de-tierra-del-fuego-y-la-primera-en-funcionar-con-energia-solar\/\" \/>\n<meta property=\"og:site_name\" content=\"Patagonia Ambiental\" \/>\n<meta property=\"article:publisher\" content=\"https:\/\/www.facebook.com\/patagonia.ambiental\" \/>\n<meta property=\"article:author\" content=\"https:\/\/www.facebook.com\/share\/1C1V8Gv9BX\/?mibextid=qi2Omg\" \/>\n<meta property=\"article:published_time\" content=\"2019-04-09T10:00:07+00:00\" \/>\n<meta property=\"og:image\" content=\"https:\/\/patagoniambiental.com.ar\/info\/wp-content\/uploads\/2019\/04\/estanciaharbetron.jpg\" \/>\n\t<meta property=\"og:image:width\" content=\"742\" \/>\n\t<meta property=\"og:image:height\" content=\"525\" \/>\n\t<meta property=\"og:image:type\" content=\"image\/jpeg\" \/>\n<meta name=\"author\" content=\"Patagonia Ambiental\" \/>\n<meta name=\"twitter:card\" content=\"summary_large_image\" \/>\n<meta name=\"twitter:creator\" content=\"@PatAmb\" \/>\n<meta name=\"twitter:site\" content=\"@PatAmb\" \/>\n<script type=\"application\/ld+json\" class=\"yoast-schema-graph\">{\"@context\":\"https:\\\/\\\/schema.org\",\"@graph\":[{\"@type\":\"Article\",\"@id\":\"https:\\\/\\\/patagoniambiental.com.ar\\\/info\\\/exclusivo-harberton-la-estancia-mas-antigua-de-tierra-del-fuego-y-la-primera-en-funcionar-con-energia-solar\\\/#article\",\"isPartOf\":{\"@id\":\"https:\\\/\\\/patagoniambiental.com.ar\\\/info\\\/exclusivo-harberton-la-estancia-mas-antigua-de-tierra-del-fuego-y-la-primera-en-funcionar-con-energia-solar\\\/\"},\"author\":{\"name\":\"Patagonia Ambiental\",\"@id\":\"https:\\\/\\\/patagoniambiental.com.ar\\\/info\\\/#\\\/schema\\\/person\\\/db12bff64bbcbf6a253710bf0ea37b5d\"},\"headline\":\"Exclusivo: Harberton, la estancia m\u00e1s antigua de Tierra del Fuego y la primera en funcionar con energ\u00eda solar.\",\"datePublished\":\"2019-04-09T10:00:07+00:00\",\"mainEntityOfPage\":{\"@id\":\"https:\\\/\\\/patagoniambiental.com.ar\\\/info\\\/exclusivo-harberton-la-estancia-mas-antigua-de-tierra-del-fuego-y-la-primera-en-funcionar-con-energia-solar\\\/\"},\"wordCount\":476,\"commentCount\":0,\"publisher\":{\"@id\":\"https:\\\/\\\/patagoniambiental.com.ar\\\/info\\\/#organization\"},\"image\":{\"@id\":\"https:\\\/\\\/patagoniambiental.com.ar\\\/info\\\/exclusivo-harberton-la-estancia-mas-antigua-de-tierra-del-fuego-y-la-primera-en-funcionar-con-energia-solar\\\/#primaryimage\"},\"thumbnailUrl\":\"https:\\\/\\\/patagoniambiental.com.ar\\\/info\\\/wp-content\\\/uploads\\\/2019\\\/04\\\/estanciaharbetron.jpg\",\"articleSection\":[\"Noticias\",\"Provinciales\",\"Tierra del Fuego\"],\"inLanguage\":\"es\",\"potentialAction\":[{\"@type\":\"CommentAction\",\"name\":\"Comment\",\"target\":[\"https:\\\/\\\/patagoniambiental.com.ar\\\/info\\\/exclusivo-harberton-la-estancia-mas-antigua-de-tierra-del-fuego-y-la-primera-en-funcionar-con-energia-solar\\\/#respond\"]}]},{\"@type\":\"WebPage\",\"@id\":\"https:\\\/\\\/patagoniambiental.com.ar\\\/info\\\/exclusivo-harberton-la-estancia-mas-antigua-de-tierra-del-fuego-y-la-primera-en-funcionar-con-energia-solar\\\/\",\"url\":\"https:\\\/\\\/patagoniambiental.com.ar\\\/info\\\/exclusivo-harberton-la-estancia-mas-antigua-de-tierra-del-fuego-y-la-primera-en-funcionar-con-energia-solar\\\/\",\"name\":\"Exclusivo: Harberton, la estancia m\u00e1s antigua de Tierra del Fuego y la primera en funcionar con energ\u00eda solar.\",\"isPartOf\":{\"@id\":\"https:\\\/\\\/patagoniambiental.com.ar\\\/info\\\/#website\"},\"primaryImageOfPage\":{\"@id\":\"https:\\\/\\\/patagoniambiental.com.ar\\\/info\\\/exclusivo-harberton-la-estancia-mas-antigua-de-tierra-del-fuego-y-la-primera-en-funcionar-con-energia-solar\\\/#primaryimage\"},\"image\":{\"@id\":\"https:\\\/\\\/patagoniambiental.com.ar\\\/info\\\/exclusivo-harberton-la-estancia-mas-antigua-de-tierra-del-fuego-y-la-primera-en-funcionar-con-energia-solar\\\/#primaryimage\"},\"thumbnailUrl\":\"https:\\\/\\\/patagoniambiental.com.ar\\\/info\\\/wp-content\\\/uploads\\\/2019\\\/04\\\/estanciaharbetron.jpg\",\"datePublished\":\"2019-04-09T10:00:07+00:00\",\"breadcrumb\":{\"@id\":\"https:\\\/\\\/patagoniambiental.com.ar\\\/info\\\/exclusivo-harberton-la-estancia-mas-antigua-de-tierra-del-fuego-y-la-primera-en-funcionar-con-energia-solar\\\/#breadcrumb\"},\"inLanguage\":\"es\",\"potentialAction\":[{\"@type\":\"ReadAction\",\"target\":[\"https:\\\/\\\/patagoniambiental.com.ar\\\/info\\\/exclusivo-harberton-la-estancia-mas-antigua-de-tierra-del-fuego-y-la-primera-en-funcionar-con-energia-solar\\\/\"]}]},{\"@type\":\"ImageObject\",\"inLanguage\":\"es\",\"@id\":\"https:\\\/\\\/patagoniambiental.com.ar\\\/info\\\/exclusivo-harberton-la-estancia-mas-antigua-de-tierra-del-fuego-y-la-primera-en-funcionar-con-energia-solar\\\/#primaryimage\",\"url\":\"https:\\\/\\\/patagoniambiental.com.ar\\\/info\\\/wp-content\\\/uploads\\\/2019\\\/04\\\/estanciaharbetron.jpg\",\"contentUrl\":\"https:\\\/\\\/patagoniambiental.com.ar\\\/info\\\/wp-content\\\/uploads\\\/2019\\\/04\\\/estanciaharbetron.jpg\",\"width\":742,\"height\":525},{\"@type\":\"BreadcrumbList\",\"@id\":\"https:\\\/\\\/patagoniambiental.com.ar\\\/info\\\/exclusivo-harberton-la-estancia-mas-antigua-de-tierra-del-fuego-y-la-primera-en-funcionar-con-energia-solar\\\/#breadcrumb\",\"itemListElement\":[{\"@type\":\"ListItem\",\"position\":1,\"name\":\"Inicio\",\"item\":\"https:\\\/\\\/patagoniambiental.com.ar\\\/info\\\/\"},{\"@type\":\"ListItem\",\"position\":2,\"name\":\"Exclusivo: Harberton, la estancia m\u00e1s antigua de Tierra del Fuego y la primera en funcionar con energ\u00eda solar.\"}]},{\"@type\":\"WebSite\",\"@id\":\"https:\\\/\\\/patagoniambiental.com.ar\\\/info\\\/#website\",\"url\":\"https:\\\/\\\/patagoniambiental.com.ar\\\/info\\\/\",\"name\":\"Patagonia Ambiental\",\"description\":\"Monitoreo y an\u00e1lisis de la situaci\u00f3n geopol\u00edtica en el mundo y su implicancia en la Patagonia\",\"publisher\":{\"@id\":\"https:\\\/\\\/patagoniambiental.com.ar\\\/info\\\/#organization\"},\"potentialAction\":[{\"@type\":\"SearchAction\",\"target\":{\"@type\":\"EntryPoint\",\"urlTemplate\":\"https:\\\/\\\/patagoniambiental.com.ar\\\/info\\\/?s={search_term_string}\"},\"query-input\":{\"@type\":\"PropertyValueSpecification\",\"valueRequired\":true,\"valueName\":\"search_term_string\"}}],\"inLanguage\":\"es\"},{\"@type\":\"Organization\",\"@id\":\"https:\\\/\\\/patagoniambiental.com.ar\\\/info\\\/#organization\",\"name\":\"Patagonia Ambiental\",\"url\":\"https:\\\/\\\/patagoniambiental.com.ar\\\/info\\\/\",\"logo\":{\"@type\":\"ImageObject\",\"inLanguage\":\"es\",\"@id\":\"https:\\\/\\\/patagoniambiental.com.ar\\\/info\\\/#\\\/schema\\\/logo\\\/image\\\/\",\"url\":\"https:\\\/\\\/patagoniambiental.com.ar\\\/info\\\/wp-content\\\/uploads\\\/2025\\\/05\\\/LOGO-PATAGONIA-AMBIENTAL.png\",\"contentUrl\":\"https:\\\/\\\/patagoniambiental.com.ar\\\/info\\\/wp-content\\\/uploads\\\/2025\\\/05\\\/LOGO-PATAGONIA-AMBIENTAL.png\",\"width\":433,\"height\":250,\"caption\":\"Patagonia Ambiental\"},\"image\":{\"@id\":\"https:\\\/\\\/patagoniambiental.com.ar\\\/info\\\/#\\\/schema\\\/logo\\\/image\\\/\"},\"sameAs\":[\"https:\\\/\\\/www.facebook.com\\\/patagonia.ambiental\",\"https:\\\/\\\/x.com\\\/PatAmb\"]},{\"@type\":\"Person\",\"@id\":\"https:\\\/\\\/patagoniambiental.com.ar\\\/info\\\/#\\\/schema\\\/person\\\/db12bff64bbcbf6a253710bf0ea37b5d\",\"name\":\"Patagonia Ambiental\",\"description\":\"Andr\u00e9s Nievas T\u00e9cnico en manejo ambiental, consultor Ambiental y escritor para medios locales e internacionales sobre temas de geopolitica y medio ambiente.\",\"sameAs\":[\"http:\\\/\\\/www.patagoniambiental.com.ar\",\"https:\\\/\\\/www.facebook.com\\\/share\\\/1C1V8Gv9BX\\\/?mibextid=qi2Omg\",\"@patagoniambiental\",\"https:\\\/\\\/youtube.com\\\/@patagoniaambiental2023?si=BLt58t0wuXquxlYZ\"]}]}<\/script>\n<!-- \/ Yoast SEO Premium plugin. -->","yoast_head_json":{"title":"Exclusivo: Harberton, la estancia m\u00e1s antigua de Tierra del Fuego y la primera en funcionar con energ\u00eda solar.","robots":{"index":"index","follow":"follow","max-snippet":"max-snippet:-1","max-image-preview":"max-image-preview:large","max-video-preview":"max-video-preview:-1"},"canonical":"https:\/\/patagoniambiental.com.ar\/info\/exclusivo-harberton-la-estancia-mas-antigua-de-tierra-del-fuego-y-la-primera-en-funcionar-con-energia-solar\/","og_locale":"es_ES","og_type":"article","og_title":"Exclusivo: Harberton, la estancia m\u00e1s antigua de Tierra del Fuego y la primera en funcionar con energ\u00eda solar.","og_description":"Tierra del Fuego, AIAS.-Por\u00a0Armando Cabral.-Dom 07\/04\/19.-Sin duda es una excelente noticia, no solo para los propietarios de la estancia m\u00e1s [&hellip;]","og_url":"https:\/\/patagoniambiental.com.ar\/info\/exclusivo-harberton-la-estancia-mas-antigua-de-tierra-del-fuego-y-la-primera-en-funcionar-con-energia-solar\/","og_site_name":"Patagonia Ambiental","article_publisher":"https:\/\/www.facebook.com\/patagonia.ambiental","article_author":"https:\/\/www.facebook.com\/share\/1C1V8Gv9BX\/?mibextid=qi2Omg","article_published_time":"2019-04-09T10:00:07+00:00","og_image":[{"width":742,"height":525,"url":"https:\/\/patagoniambiental.com.ar\/info\/wp-content\/uploads\/2019\/04\/estanciaharbetron.jpg","type":"image\/jpeg"}],"author":"Patagonia Ambiental","twitter_card":"summary_large_image","twitter_creator":"@PatAmb","twitter_site":"@PatAmb","schema":{"@context":"https:\/\/schema.org","@graph":[{"@type":"Article","@id":"https:\/\/patagoniambiental.com.ar\/info\/exclusivo-harberton-la-estancia-mas-antigua-de-tierra-del-fuego-y-la-primera-en-funcionar-con-energia-solar\/#article","isPartOf":{"@id":"https:\/\/patagoniambiental.com.ar\/info\/exclusivo-harberton-la-estancia-mas-antigua-de-tierra-del-fuego-y-la-primera-en-funcionar-con-energia-solar\/"},"author":{"name":"Patagonia Ambiental","@id":"https:\/\/patagoniambiental.com.ar\/info\/#\/schema\/person\/db12bff64bbcbf6a253710bf0ea37b5d"},"headline":"Exclusivo: Harberton, la estancia m\u00e1s antigua de Tierra del Fuego y la primera en funcionar con energ\u00eda solar.","datePublished":"2019-04-09T10:00:07+00:00","mainEntityOfPage":{"@id":"https:\/\/patagoniambiental.com.ar\/info\/exclusivo-harberton-la-estancia-mas-antigua-de-tierra-del-fuego-y-la-primera-en-funcionar-con-energia-solar\/"},"wordCount":476,"commentCount":0,"publisher":{"@id":"https:\/\/patagoniambiental.com.ar\/info\/#organization"},"image":{"@id":"https:\/\/patagoniambiental.com.ar\/info\/exclusivo-harberton-la-estancia-mas-antigua-de-tierra-del-fuego-y-la-primera-en-funcionar-con-energia-solar\/#primaryimage"},"thumbnailUrl":"https:\/\/patagoniambiental.com.ar\/info\/wp-content\/uploads\/2019\/04\/estanciaharbetron.jpg","articleSection":["Noticias","Provinciales","Tierra del Fuego"],"inLanguage":"es","potentialAction":[{"@type":"CommentAction","name":"Comment","target":["https:\/\/patagoniambiental.com.ar\/info\/exclusivo-harberton-la-estancia-mas-antigua-de-tierra-del-fuego-y-la-primera-en-funcionar-con-energia-solar\/#respond"]}]},{"@type":"WebPage","@id":"https:\/\/patagoniambiental.com.ar\/info\/exclusivo-harberton-la-estancia-mas-antigua-de-tierra-del-fuego-y-la-primera-en-funcionar-con-energia-solar\/","url":"https:\/\/patagoniambiental.com.ar\/info\/exclusivo-harberton-la-estancia-mas-antigua-de-tierra-del-fuego-y-la-primera-en-funcionar-con-energia-solar\/","name":"Exclusivo: Harberton, la estancia m\u00e1s antigua de Tierra del Fuego y la primera en funcionar con energ\u00eda solar.","isPartOf":{"@id":"https:\/\/patagoniambiental.com.ar\/info\/#website"},"primaryImageOfPage":{"@id":"https:\/\/patagoniambiental.com.ar\/info\/exclusivo-harberton-la-estancia-mas-antigua-de-tierra-del-fuego-y-la-primera-en-funcionar-con-energia-solar\/#primaryimage"},"image":{"@id":"https:\/\/patagoniambiental.com.ar\/info\/exclusivo-harberton-la-estancia-mas-antigua-de-tierra-del-fuego-y-la-primera-en-funcionar-con-energia-solar\/#primaryimage"},"thumbnailUrl":"https:\/\/patagoniambiental.com.ar\/info\/wp-content\/uploads\/2019\/04\/estanciaharbetron.jpg","datePublished":"2019-04-09T10:00:07+00:00","breadcrumb":{"@id":"https:\/\/patagoniambiental.com.ar\/info\/exclusivo-harberton-la-estancia-mas-antigua-de-tierra-del-fuego-y-la-primera-en-funcionar-con-energia-solar\/#breadcrumb"},"inLanguage":"es","potentialAction":[{"@type":"ReadAction","target":["https:\/\/patagoniambiental.com.ar\/info\/exclusivo-harberton-la-estancia-mas-antigua-de-tierra-del-fuego-y-la-primera-en-funcionar-con-energia-solar\/"]}]},{"@type":"ImageObject","inLanguage":"es","@id":"https:\/\/patagoniambiental.com.ar\/info\/exclusivo-harberton-la-estancia-mas-antigua-de-tierra-del-fuego-y-la-primera-en-funcionar-con-energia-solar\/#primaryimage","url":"https:\/\/patagoniambiental.com.ar\/info\/wp-content\/uploads\/2019\/04\/estanciaharbetron.jpg","contentUrl":"https:\/\/patagoniambiental.com.ar\/info\/wp-content\/uploads\/2019\/04\/estanciaharbetron.jpg","width":742,"height":525},{"@type":"BreadcrumbList","@id":"https:\/\/patagoniambiental.com.ar\/info\/exclusivo-harberton-la-estancia-mas-antigua-de-tierra-del-fuego-y-la-primera-en-funcionar-con-energia-solar\/#breadcrumb","itemListElement":[{"@type":"ListItem","position":1,"name":"Inicio","item":"https:\/\/patagoniambiental.com.ar\/info\/"},{"@type":"ListItem","position":2,"name":"Exclusivo: Harberton, la estancia m\u00e1s antigua de Tierra del Fuego y la primera en funcionar con energ\u00eda solar."}]},{"@type":"WebSite","@id":"https:\/\/patagoniambiental.com.ar\/info\/#website","url":"https:\/\/patagoniambiental.com.ar\/info\/","name":"Patagonia Ambiental","description":"Monitoreo y an\u00e1lisis de la situaci\u00f3n geopol\u00edtica en el mundo y su implicancia en la Patagonia","publisher":{"@id":"https:\/\/patagoniambiental.com.ar\/info\/#organization"},"potentialAction":[{"@type":"SearchAction","target":{"@type":"EntryPoint","urlTemplate":"https:\/\/patagoniambiental.com.ar\/info\/?s={search_term_string}"},"query-input":{"@type":"PropertyValueSpecification","valueRequired":true,"valueName":"search_term_string"}}],"inLanguage":"es"},{"@type":"Organization","@id":"https:\/\/patagoniambiental.com.ar\/info\/#organization","name":"Patagonia Ambiental","url":"https:\/\/patagoniambiental.com.ar\/info\/","logo":{"@type":"ImageObject","inLanguage":"es","@id":"https:\/\/patagoniambiental.com.ar\/info\/#\/schema\/logo\/image\/","url":"https:\/\/patagoniambiental.com.ar\/info\/wp-content\/uploads\/2025\/05\/LOGO-PATAGONIA-AMBIENTAL.png","contentUrl":"https:\/\/patagoniambiental.com.ar\/info\/wp-content\/uploads\/2025\/05\/LOGO-PATAGONIA-AMBIENTAL.png","width":433,"height":250,"caption":"Patagonia Ambiental"},"image":{"@id":"https:\/\/patagoniambiental.com.ar\/info\/#\/schema\/logo\/image\/"},"sameAs":["https:\/\/www.facebook.com\/patagonia.ambiental","https:\/\/x.com\/PatAmb"]},{"@type":"Person","@id":"https:\/\/patagoniambiental.com.ar\/info\/#\/schema\/person\/db12bff64bbcbf6a253710bf0ea37b5d","name":"Patagonia Ambiental","description":"Andr\u00e9s Nievas T\u00e9cnico en manejo ambiental, consultor Ambiental y escritor para medios locales e internacionales sobre temas de geopolitica y medio ambiente.","sameAs":["http:\/\/www.patagoniambiental.com.ar","https:\/\/www.facebook.com\/share\/1C1V8Gv9BX\/?mibextid=qi2Omg","@patagoniambiental","https:\/\/youtube.com\/@patagoniaambiental2023?si=BLt58t0wuXquxlYZ"]}]}},"_links":{"self":[{"href":"https:\/\/patagoniambiental.com.ar\/info\/wp-json\/wp\/v2\/posts\/60037","targetHints":{"allow":["GET"]}}],"collection":[{"href":"https:\/\/patagoniambiental.com.ar\/info\/wp-json\/wp\/v2\/posts"}],"about":[{"href":"https:\/\/patagoniambiental.com.ar\/info\/wp-json\/wp\/v2\/types\/post"}],"author":[{"embeddable":true,"href":"https:\/\/patagoniambiental.com.ar\/info\/wp-json\/wp\/v2\/users\/2"}],"replies":[{"embeddable":true,"href":"https:\/\/patagoniambiental.com.ar\/info\/wp-json\/wp\/v2\/comments?post=60037"}],"version-history":[{"count":0,"href":"https:\/\/patagoniambiental.com.ar\/info\/wp-json\/wp\/v2\/posts\/60037\/revisions"}],"wp:featuredmedia":[{"embeddable":true,"href":"https:\/\/patagoniambiental.com.ar\/info\/wp-json\/wp\/v2\/media\/60038"}],"wp:attachment":[{"href":"https:\/\/patagoniambiental.com.ar\/info\/wp-json\/wp\/v2\/media?parent=60037"}],"wp:term":[{"taxonomy":"category","embeddable":true,"href":"https:\/\/patagoniambiental.com.ar\/info\/wp-json\/wp\/v2\/categories?post=60037"},{"taxonomy":"post_tag","embeddable":true,"href":"https:\/\/patagoniambiental.com.ar\/info\/wp-json\/wp\/v2\/tags?post=60037"}],"curies":[{"name":"wp","href":"https:\/\/api.w.org\/{rel}","templated":true}]}}