{"id":60060,"date":"2019-04-21T07:00:32","date_gmt":"2019-04-21T10:00:32","guid":{"rendered":"http:\/\/patagoniambiental.com.ar\/info\/?p=60060"},"modified":"2019-04-08T11:20:04","modified_gmt":"2019-04-08T14:20:04","slug":"los-chicos-de-la-calle-y-la-inseguridad-por-edmundo-celestino-urbani","status":"publish","type":"post","link":"https:\/\/patagoniambiental.com.ar\/info\/los-chicos-de-la-calle-y-la-inseguridad-por-edmundo-celestino-urbani\/","title":{"rendered":"Los chicos de la calle y la inseguridad\/Por Edmundo Celestino Urbani"},"content":{"rendered":"<p>Por Edmundo Celestino Urbani.-Antes de entrar en tema, ha modo introductorio, vamos a contar una historia. Sir Lord Robert Stephenson Smith Baden Powell, 1\u00ba Bar\u00f3n de Gilwell, nacido en Londres el 22 de Febrero de 1857, fue entre otras cosas un gran militar, con destacadas acciones militares, como la defensa de Mafekin, o en la lucha contra los Boers, que empez\u00f3 en paralelo a investigar el modo de educar a los chicos de los Zul\u00faes del \u00c1frica, de mismo modo que ciertas tribus de la India profunda, e incluso a los Siux de Norteam\u00e9rica, plasmando en obras todos sus estudios.<\/p>\n<p><!--more--><\/p>\n<p><img decoding=\"async\" class=\"size-full wp-image-60005 alignleft\" src=\"https:\/\/patagoniambiental.com.ar\/info\/wp-content\/uploads\/2017\/06\/IMG_20140519_154025.jpg\" alt=\"\" width=\"85\" height=\"113\" \/><\/p>\n<p><sup>*Edmundo Celestino Urbani fue Lic. en Ciencias Politicas, filosof\u00eda y consultor Geopolitico de empresas. Adem\u00e1s participo de misiones de Diplomacia Discreta para el vaticano durante el Tercer Gobierno de Juan Domingo per\u00f3n.<\/sup><\/p>\n<p><sup>\u00a0<\/sup><\/p>\n<p>&nbsp;<\/p>\n<p>Pide al fin la baja y por consejo del rey Eduardo VII, crea en 1908 el primer grupo Scout de la historia. Forma los primeros campamentos y all\u00ed lleva a los chicos de la calle de todas las ciudades de Gran Breta\u00f1a, viajando luego por casi todo en mundo fundando grupos de scout, e incluso ayuda a su hermana a fundar la rama femenina del scoutismo. \u00bfQu\u00e9 fueron luego esos scout? Los mejores ciudadanos ingleses y los mejores soldados en la Primera Guerra Mundial, y luego los mejores en la Segunda Gran Guerra.<\/p>\n<p>En lo personal, y cuando ten\u00eda 11 a\u00f1os, fui uno de los fundadores del grupo Scout Ceferino Namuncur\u00e1 en mi ciudad natal, Chacabuco, en la Provincia de Buenos Aires, teniendo como primer jefe a Wladimiro Develj\u00fa. Se bien, que al d\u00eda siguiente de volver de un campamento, ya a\u00f1or\u00e1bamos volver pronto a otro. Y si he llegado a ser lo que hoy soy, mucho se lo debo a aquella primera formaci\u00f3n juvenil.<\/p>\n<p>Nuestra geograf\u00eda es inmensa, y paisaj\u00edsticamente hermosa por donde se la mire, y si el scoutismo ha dado excelentes resultado en todo el mundo, el Gobierno Nacional argentino deber\u00eda crear por ley el \u201cscoutismo nacional obligatorio\u201d para todos los chicos de la calle de las ciudades del pa\u00eds. En este orden se podr\u00edan contratar a expertos en supervivencia, guias de monta\u00f1a, etc., para comandar cada uno de los grupos scout a crearse, con campamentos estables en todas las provincias del pa\u00eds, en donde los chicos, adem\u00e1s de aprender lo que debe saber un scout, puedan hacer o completar al menos el primario y el secundario, am\u00e9n de aprender oficios varios, permaneciendo al menos dos meses en cada campamento, para que esos chicos conozcan todo el pa\u00eds y aprendan a amar a esta \u201ctierra de promisi\u00f3n\u201d. Seguramente recuperar\u00edamos en ellos a excelentes ciudadanos capaces de ejercer diversos oficios y en cualquier parte que elijan, gan\u00e1ndose la vida honradamente.<\/p>\n<p>Hay que tener en cuenta que hoy en d\u00eda, el chico de la calle, cuando tiene 5 o 6 a\u00f1os, pide limosna. Pero cuando tiene 10 a\u00f1os se transforma en \u201carrebatador\u201d de celulares, pulseras, relojes, etc., en connivencia con el polic\u00eda de calle, que hace la \u201cvista gorda\u201d para luego compartir el bot\u00edn, para al menos paliar el magro salario que recibe. Y ya de muchacho de 18 a\u00f1os se transforma en un delincuente. Pues bien, en este caso, evitar\u00edamos todo eso, y le quitar\u00edamos el \u201csocio\u201d al polic\u00eda, matando tres p\u00e1jaros de un solo tiro. Se solucionar\u00eda un gran problema de la inseguridad nacional, a bajo costo presupuestario y ganando ciudadanos. Como ven, una soluci\u00f3n sencilla a un grave problema social que afecta a la seguridad. Una abrazo a todos y hasta pronto.<\/p>\n<p>Edmundo URBANI<\/p>\n<p>&nbsp;<\/p>\n","protected":false},"excerpt":{"rendered":"<p>Por Edmundo Celestino Urbani.-Antes de entrar en tema, ha modo introductorio, vamos a contar una historia. Sir Lord Robert Stephenson [&hellip;]<\/p>\n","protected":false},"author":2,"featured_media":60062,"comment_status":"open","ping_status":"open","sticky":false,"template":"","format":"standard","meta":{"site-sidebar-layout":"default","site-content-layout":"","ast-site-content-layout":"default","site-content-style":"default","site-sidebar-style":"default","ast-global-header-display":"","ast-banner-title-visibility":"","ast-main-header-display":"","ast-hfb-above-header-display":"","ast-hfb-below-header-display":"","ast-hfb-mobile-header-display":"","site-post-title":"","ast-breadcrumbs-content":"","ast-featured-img":"","footer-sml-layout":"","ast-disable-related-posts":"","theme-transparent-header-meta":"","adv-header-id-meta":"","stick-header-meta":"","header-above-stick-meta":"","header-main-stick-meta":"","header-below-stick-meta":"","astra-migrate-meta-layouts":"default","ast-page-background-enabled":"default","ast-page-background-meta":{"desktop":{"background-color":"var(--ast-global-color-5)","background-image":"","background-repeat":"repeat","background-position":"center center","background-size":"auto","background-attachment":"scroll","background-type":"","background-media":"","overlay-type":"","overlay-color":"","overlay-opacity":"","overlay-gradient":""},"tablet":{"background-color":"","background-image":"","background-repeat":"repeat","background-position":"center center","background-size":"auto","background-attachment":"scroll","background-type":"","background-media":"","overlay-type":"","overlay-color":"","overlay-opacity":"","overlay-gradient":""},"mobile":{"background-color":"","background-image":"","background-repeat":"repeat","background-position":"center center","background-size":"auto","background-attachment":"scroll","background-type":"","background-media":"","overlay-type":"","overlay-color":"","overlay-opacity":"","overlay-gradient":""}},"ast-content-background-meta":{"desktop":{"background-color":"var(--ast-global-color-4)","background-image":"","background-repeat":"repeat","background-position":"center center","background-size":"auto","background-attachment":"scroll","background-type":"","background-media":"","overlay-type":"","overlay-color":"","overlay-opacity":"","overlay-gradient":""},"tablet":{"background-color":"var(--ast-global-color-4)","background-image":"","background-repeat":"repeat","background-position":"center center","background-size":"auto","background-attachment":"scroll","background-type":"","background-media":"","overlay-type":"","overlay-color":"","overlay-opacity":"","overlay-gradient":""},"mobile":{"background-color":"var(--ast-global-color-4)","background-image":"","background-repeat":"repeat","background-position":"center center","background-size":"auto","background-attachment":"scroll","background-type":"","background-media":"","overlay-type":"","overlay-color":"","overlay-opacity":"","overlay-gradient":""}},"footnotes":""},"categories":[1],"tags":[],"class_list":["post-60060","post","type-post","status-publish","format-standard","has-post-thumbnail","hentry","category-noticias"],"yoast_head":"<!-- This site is optimized with the Yoast SEO Premium plugin v23.0 (Yoast SEO v27.5) - https:\/\/yoast.com\/product\/yoast-seo-premium-wordpress\/ -->\n<title>Los chicos de la calle y la inseguridad\/Por Edmundo Celestino Urbani<\/title>\n<meta name=\"robots\" content=\"index, follow, max-snippet:-1, max-image-preview:large, max-video-preview:-1\" \/>\n<link rel=\"canonical\" href=\"https:\/\/patagoniambiental.com.ar\/info\/los-chicos-de-la-calle-y-la-inseguridad-por-edmundo-celestino-urbani\/\" \/>\n<meta property=\"og:locale\" content=\"es_ES\" \/>\n<meta property=\"og:type\" content=\"article\" \/>\n<meta property=\"og:title\" content=\"Los chicos de la calle y la inseguridad\/Por Edmundo Celestino Urbani\" \/>\n<meta property=\"og:description\" content=\"Por Edmundo Celestino Urbani.-Antes de entrar en tema, ha modo introductorio, vamos a contar una historia. Sir Lord Robert Stephenson [&hellip;]\" \/>\n<meta property=\"og:url\" content=\"https:\/\/patagoniambiental.com.ar\/info\/los-chicos-de-la-calle-y-la-inseguridad-por-edmundo-celestino-urbani\/\" \/>\n<meta property=\"og:site_name\" content=\"Patagonia Ambiental\" \/>\n<meta property=\"article:publisher\" content=\"https:\/\/www.facebook.com\/patagonia.ambiental\" \/>\n<meta property=\"article:author\" content=\"https:\/\/www.facebook.com\/share\/1C1V8Gv9BX\/?mibextid=qi2Omg\" \/>\n<meta property=\"article:published_time\" content=\"2019-04-21T10:00:32+00:00\" \/>\n<meta property=\"og:image\" content=\"https:\/\/patagoniambiental.com.ar\/info\/wp-content\/uploads\/2019\/04\/Logo.png\" \/>\n\t<meta property=\"og:image:width\" content=\"417\" \/>\n\t<meta property=\"og:image:height\" content=\"342\" \/>\n\t<meta property=\"og:image:type\" content=\"image\/png\" \/>\n<meta name=\"author\" content=\"Patagonia Ambiental\" \/>\n<meta name=\"twitter:card\" content=\"summary_large_image\" \/>\n<meta name=\"twitter:creator\" content=\"@PatAmb\" \/>\n<meta name=\"twitter:site\" content=\"@PatAmb\" \/>\n<script type=\"application\/ld+json\" class=\"yoast-schema-graph\">{\"@context\":\"https:\\\/\\\/schema.org\",\"@graph\":[{\"@type\":\"Article\",\"@id\":\"https:\\\/\\\/patagoniambiental.com.ar\\\/info\\\/los-chicos-de-la-calle-y-la-inseguridad-por-edmundo-celestino-urbani\\\/#article\",\"isPartOf\":{\"@id\":\"https:\\\/\\\/patagoniambiental.com.ar\\\/info\\\/los-chicos-de-la-calle-y-la-inseguridad-por-edmundo-celestino-urbani\\\/\"},\"author\":{\"name\":\"Patagonia Ambiental\",\"@id\":\"https:\\\/\\\/patagoniambiental.com.ar\\\/info\\\/#\\\/schema\\\/person\\\/db12bff64bbcbf6a253710bf0ea37b5d\"},\"headline\":\"Los chicos de la calle y la inseguridad\\\/Por Edmundo Celestino Urbani\",\"datePublished\":\"2019-04-21T10:00:32+00:00\",\"mainEntityOfPage\":{\"@id\":\"https:\\\/\\\/patagoniambiental.com.ar\\\/info\\\/los-chicos-de-la-calle-y-la-inseguridad-por-edmundo-celestino-urbani\\\/\"},\"wordCount\":634,\"commentCount\":0,\"publisher\":{\"@id\":\"https:\\\/\\\/patagoniambiental.com.ar\\\/info\\\/#organization\"},\"image\":{\"@id\":\"https:\\\/\\\/patagoniambiental.com.ar\\\/info\\\/los-chicos-de-la-calle-y-la-inseguridad-por-edmundo-celestino-urbani\\\/#primaryimage\"},\"thumbnailUrl\":\"https:\\\/\\\/patagoniambiental.com.ar\\\/info\\\/wp-content\\\/uploads\\\/2019\\\/04\\\/Logo.png\",\"articleSection\":[\"Noticias\"],\"inLanguage\":\"es\",\"potentialAction\":[{\"@type\":\"CommentAction\",\"name\":\"Comment\",\"target\":[\"https:\\\/\\\/patagoniambiental.com.ar\\\/info\\\/los-chicos-de-la-calle-y-la-inseguridad-por-edmundo-celestino-urbani\\\/#respond\"]}]},{\"@type\":\"WebPage\",\"@id\":\"https:\\\/\\\/patagoniambiental.com.ar\\\/info\\\/los-chicos-de-la-calle-y-la-inseguridad-por-edmundo-celestino-urbani\\\/\",\"url\":\"https:\\\/\\\/patagoniambiental.com.ar\\\/info\\\/los-chicos-de-la-calle-y-la-inseguridad-por-edmundo-celestino-urbani\\\/\",\"name\":\"Los chicos de la calle y la inseguridad\\\/Por Edmundo Celestino Urbani\",\"isPartOf\":{\"@id\":\"https:\\\/\\\/patagoniambiental.com.ar\\\/info\\\/#website\"},\"primaryImageOfPage\":{\"@id\":\"https:\\\/\\\/patagoniambiental.com.ar\\\/info\\\/los-chicos-de-la-calle-y-la-inseguridad-por-edmundo-celestino-urbani\\\/#primaryimage\"},\"image\":{\"@id\":\"https:\\\/\\\/patagoniambiental.com.ar\\\/info\\\/los-chicos-de-la-calle-y-la-inseguridad-por-edmundo-celestino-urbani\\\/#primaryimage\"},\"thumbnailUrl\":\"https:\\\/\\\/patagoniambiental.com.ar\\\/info\\\/wp-content\\\/uploads\\\/2019\\\/04\\\/Logo.png\",\"datePublished\":\"2019-04-21T10:00:32+00:00\",\"breadcrumb\":{\"@id\":\"https:\\\/\\\/patagoniambiental.com.ar\\\/info\\\/los-chicos-de-la-calle-y-la-inseguridad-por-edmundo-celestino-urbani\\\/#breadcrumb\"},\"inLanguage\":\"es\",\"potentialAction\":[{\"@type\":\"ReadAction\",\"target\":[\"https:\\\/\\\/patagoniambiental.com.ar\\\/info\\\/los-chicos-de-la-calle-y-la-inseguridad-por-edmundo-celestino-urbani\\\/\"]}]},{\"@type\":\"ImageObject\",\"inLanguage\":\"es\",\"@id\":\"https:\\\/\\\/patagoniambiental.com.ar\\\/info\\\/los-chicos-de-la-calle-y-la-inseguridad-por-edmundo-celestino-urbani\\\/#primaryimage\",\"url\":\"https:\\\/\\\/patagoniambiental.com.ar\\\/info\\\/wp-content\\\/uploads\\\/2019\\\/04\\\/Logo.png\",\"contentUrl\":\"https:\\\/\\\/patagoniambiental.com.ar\\\/info\\\/wp-content\\\/uploads\\\/2019\\\/04\\\/Logo.png\",\"width\":417,\"height\":342},{\"@type\":\"BreadcrumbList\",\"@id\":\"https:\\\/\\\/patagoniambiental.com.ar\\\/info\\\/los-chicos-de-la-calle-y-la-inseguridad-por-edmundo-celestino-urbani\\\/#breadcrumb\",\"itemListElement\":[{\"@type\":\"ListItem\",\"position\":1,\"name\":\"Inicio\",\"item\":\"https:\\\/\\\/patagoniambiental.com.ar\\\/info\\\/\"},{\"@type\":\"ListItem\",\"position\":2,\"name\":\"Los chicos de la calle y la inseguridad\\\/Por Edmundo Celestino Urbani\"}]},{\"@type\":\"WebSite\",\"@id\":\"https:\\\/\\\/patagoniambiental.com.ar\\\/info\\\/#website\",\"url\":\"https:\\\/\\\/patagoniambiental.com.ar\\\/info\\\/\",\"name\":\"Patagonia Ambiental\",\"description\":\"Monitoreo y an\u00e1lisis de la situaci\u00f3n geopol\u00edtica en el mundo y su implicancia en la Patagonia\",\"publisher\":{\"@id\":\"https:\\\/\\\/patagoniambiental.com.ar\\\/info\\\/#organization\"},\"potentialAction\":[{\"@type\":\"SearchAction\",\"target\":{\"@type\":\"EntryPoint\",\"urlTemplate\":\"https:\\\/\\\/patagoniambiental.com.ar\\\/info\\\/?s={search_term_string}\"},\"query-input\":{\"@type\":\"PropertyValueSpecification\",\"valueRequired\":true,\"valueName\":\"search_term_string\"}}],\"inLanguage\":\"es\"},{\"@type\":\"Organization\",\"@id\":\"https:\\\/\\\/patagoniambiental.com.ar\\\/info\\\/#organization\",\"name\":\"Patagonia Ambiental\",\"url\":\"https:\\\/\\\/patagoniambiental.com.ar\\\/info\\\/\",\"logo\":{\"@type\":\"ImageObject\",\"inLanguage\":\"es\",\"@id\":\"https:\\\/\\\/patagoniambiental.com.ar\\\/info\\\/#\\\/schema\\\/logo\\\/image\\\/\",\"url\":\"https:\\\/\\\/patagoniambiental.com.ar\\\/info\\\/wp-content\\\/uploads\\\/2025\\\/05\\\/LOGO-PATAGONIA-AMBIENTAL.png\",\"contentUrl\":\"https:\\\/\\\/patagoniambiental.com.ar\\\/info\\\/wp-content\\\/uploads\\\/2025\\\/05\\\/LOGO-PATAGONIA-AMBIENTAL.png\",\"width\":433,\"height\":250,\"caption\":\"Patagonia Ambiental\"},\"image\":{\"@id\":\"https:\\\/\\\/patagoniambiental.com.ar\\\/info\\\/#\\\/schema\\\/logo\\\/image\\\/\"},\"sameAs\":[\"https:\\\/\\\/www.facebook.com\\\/patagonia.ambiental\",\"https:\\\/\\\/x.com\\\/PatAmb\"]},{\"@type\":\"Person\",\"@id\":\"https:\\\/\\\/patagoniambiental.com.ar\\\/info\\\/#\\\/schema\\\/person\\\/db12bff64bbcbf6a253710bf0ea37b5d\",\"name\":\"Patagonia Ambiental\",\"description\":\"Andr\u00e9s Nievas T\u00e9cnico en manejo ambiental, consultor Ambiental y escritor para medios locales e internacionales sobre temas de geopolitica y medio ambiente.\",\"sameAs\":[\"http:\\\/\\\/www.patagoniambiental.com.ar\",\"https:\\\/\\\/www.facebook.com\\\/share\\\/1C1V8Gv9BX\\\/?mibextid=qi2Omg\",\"@patagoniambiental\",\"https:\\\/\\\/youtube.com\\\/@patagoniaambiental2023?si=BLt58t0wuXquxlYZ\"]}]}<\/script>\n<!-- \/ Yoast SEO Premium plugin. -->","yoast_head_json":{"title":"Los chicos de la calle y la inseguridad\/Por Edmundo Celestino Urbani","robots":{"index":"index","follow":"follow","max-snippet":"max-snippet:-1","max-image-preview":"max-image-preview:large","max-video-preview":"max-video-preview:-1"},"canonical":"https:\/\/patagoniambiental.com.ar\/info\/los-chicos-de-la-calle-y-la-inseguridad-por-edmundo-celestino-urbani\/","og_locale":"es_ES","og_type":"article","og_title":"Los chicos de la calle y la inseguridad\/Por Edmundo Celestino Urbani","og_description":"Por Edmundo Celestino Urbani.-Antes de entrar en tema, ha modo introductorio, vamos a contar una historia. Sir Lord Robert Stephenson [&hellip;]","og_url":"https:\/\/patagoniambiental.com.ar\/info\/los-chicos-de-la-calle-y-la-inseguridad-por-edmundo-celestino-urbani\/","og_site_name":"Patagonia Ambiental","article_publisher":"https:\/\/www.facebook.com\/patagonia.ambiental","article_author":"https:\/\/www.facebook.com\/share\/1C1V8Gv9BX\/?mibextid=qi2Omg","article_published_time":"2019-04-21T10:00:32+00:00","og_image":[{"width":417,"height":342,"url":"https:\/\/patagoniambiental.com.ar\/info\/wp-content\/uploads\/2019\/04\/Logo.png","type":"image\/png"}],"author":"Patagonia Ambiental","twitter_card":"summary_large_image","twitter_creator":"@PatAmb","twitter_site":"@PatAmb","schema":{"@context":"https:\/\/schema.org","@graph":[{"@type":"Article","@id":"https:\/\/patagoniambiental.com.ar\/info\/los-chicos-de-la-calle-y-la-inseguridad-por-edmundo-celestino-urbani\/#article","isPartOf":{"@id":"https:\/\/patagoniambiental.com.ar\/info\/los-chicos-de-la-calle-y-la-inseguridad-por-edmundo-celestino-urbani\/"},"author":{"name":"Patagonia Ambiental","@id":"https:\/\/patagoniambiental.com.ar\/info\/#\/schema\/person\/db12bff64bbcbf6a253710bf0ea37b5d"},"headline":"Los chicos de la calle y la inseguridad\/Por Edmundo Celestino Urbani","datePublished":"2019-04-21T10:00:32+00:00","mainEntityOfPage":{"@id":"https:\/\/patagoniambiental.com.ar\/info\/los-chicos-de-la-calle-y-la-inseguridad-por-edmundo-celestino-urbani\/"},"wordCount":634,"commentCount":0,"publisher":{"@id":"https:\/\/patagoniambiental.com.ar\/info\/#organization"},"image":{"@id":"https:\/\/patagoniambiental.com.ar\/info\/los-chicos-de-la-calle-y-la-inseguridad-por-edmundo-celestino-urbani\/#primaryimage"},"thumbnailUrl":"https:\/\/patagoniambiental.com.ar\/info\/wp-content\/uploads\/2019\/04\/Logo.png","articleSection":["Noticias"],"inLanguage":"es","potentialAction":[{"@type":"CommentAction","name":"Comment","target":["https:\/\/patagoniambiental.com.ar\/info\/los-chicos-de-la-calle-y-la-inseguridad-por-edmundo-celestino-urbani\/#respond"]}]},{"@type":"WebPage","@id":"https:\/\/patagoniambiental.com.ar\/info\/los-chicos-de-la-calle-y-la-inseguridad-por-edmundo-celestino-urbani\/","url":"https:\/\/patagoniambiental.com.ar\/info\/los-chicos-de-la-calle-y-la-inseguridad-por-edmundo-celestino-urbani\/","name":"Los chicos de la calle y la inseguridad\/Por Edmundo Celestino Urbani","isPartOf":{"@id":"https:\/\/patagoniambiental.com.ar\/info\/#website"},"primaryImageOfPage":{"@id":"https:\/\/patagoniambiental.com.ar\/info\/los-chicos-de-la-calle-y-la-inseguridad-por-edmundo-celestino-urbani\/#primaryimage"},"image":{"@id":"https:\/\/patagoniambiental.com.ar\/info\/los-chicos-de-la-calle-y-la-inseguridad-por-edmundo-celestino-urbani\/#primaryimage"},"thumbnailUrl":"https:\/\/patagoniambiental.com.ar\/info\/wp-content\/uploads\/2019\/04\/Logo.png","datePublished":"2019-04-21T10:00:32+00:00","breadcrumb":{"@id":"https:\/\/patagoniambiental.com.ar\/info\/los-chicos-de-la-calle-y-la-inseguridad-por-edmundo-celestino-urbani\/#breadcrumb"},"inLanguage":"es","potentialAction":[{"@type":"ReadAction","target":["https:\/\/patagoniambiental.com.ar\/info\/los-chicos-de-la-calle-y-la-inseguridad-por-edmundo-celestino-urbani\/"]}]},{"@type":"ImageObject","inLanguage":"es","@id":"https:\/\/patagoniambiental.com.ar\/info\/los-chicos-de-la-calle-y-la-inseguridad-por-edmundo-celestino-urbani\/#primaryimage","url":"https:\/\/patagoniambiental.com.ar\/info\/wp-content\/uploads\/2019\/04\/Logo.png","contentUrl":"https:\/\/patagoniambiental.com.ar\/info\/wp-content\/uploads\/2019\/04\/Logo.png","width":417,"height":342},{"@type":"BreadcrumbList","@id":"https:\/\/patagoniambiental.com.ar\/info\/los-chicos-de-la-calle-y-la-inseguridad-por-edmundo-celestino-urbani\/#breadcrumb","itemListElement":[{"@type":"ListItem","position":1,"name":"Inicio","item":"https:\/\/patagoniambiental.com.ar\/info\/"},{"@type":"ListItem","position":2,"name":"Los chicos de la calle y la inseguridad\/Por Edmundo Celestino Urbani"}]},{"@type":"WebSite","@id":"https:\/\/patagoniambiental.com.ar\/info\/#website","url":"https:\/\/patagoniambiental.com.ar\/info\/","name":"Patagonia Ambiental","description":"Monitoreo y an\u00e1lisis de la situaci\u00f3n geopol\u00edtica en el mundo y su implicancia en la Patagonia","publisher":{"@id":"https:\/\/patagoniambiental.com.ar\/info\/#organization"},"potentialAction":[{"@type":"SearchAction","target":{"@type":"EntryPoint","urlTemplate":"https:\/\/patagoniambiental.com.ar\/info\/?s={search_term_string}"},"query-input":{"@type":"PropertyValueSpecification","valueRequired":true,"valueName":"search_term_string"}}],"inLanguage":"es"},{"@type":"Organization","@id":"https:\/\/patagoniambiental.com.ar\/info\/#organization","name":"Patagonia Ambiental","url":"https:\/\/patagoniambiental.com.ar\/info\/","logo":{"@type":"ImageObject","inLanguage":"es","@id":"https:\/\/patagoniambiental.com.ar\/info\/#\/schema\/logo\/image\/","url":"https:\/\/patagoniambiental.com.ar\/info\/wp-content\/uploads\/2025\/05\/LOGO-PATAGONIA-AMBIENTAL.png","contentUrl":"https:\/\/patagoniambiental.com.ar\/info\/wp-content\/uploads\/2025\/05\/LOGO-PATAGONIA-AMBIENTAL.png","width":433,"height":250,"caption":"Patagonia Ambiental"},"image":{"@id":"https:\/\/patagoniambiental.com.ar\/info\/#\/schema\/logo\/image\/"},"sameAs":["https:\/\/www.facebook.com\/patagonia.ambiental","https:\/\/x.com\/PatAmb"]},{"@type":"Person","@id":"https:\/\/patagoniambiental.com.ar\/info\/#\/schema\/person\/db12bff64bbcbf6a253710bf0ea37b5d","name":"Patagonia Ambiental","description":"Andr\u00e9s Nievas T\u00e9cnico en manejo ambiental, consultor Ambiental y escritor para medios locales e internacionales sobre temas de geopolitica y medio ambiente.","sameAs":["http:\/\/www.patagoniambiental.com.ar","https:\/\/www.facebook.com\/share\/1C1V8Gv9BX\/?mibextid=qi2Omg","@patagoniambiental","https:\/\/youtube.com\/@patagoniaambiental2023?si=BLt58t0wuXquxlYZ"]}]}},"_links":{"self":[{"href":"https:\/\/patagoniambiental.com.ar\/info\/wp-json\/wp\/v2\/posts\/60060","targetHints":{"allow":["GET"]}}],"collection":[{"href":"https:\/\/patagoniambiental.com.ar\/info\/wp-json\/wp\/v2\/posts"}],"about":[{"href":"https:\/\/patagoniambiental.com.ar\/info\/wp-json\/wp\/v2\/types\/post"}],"author":[{"embeddable":true,"href":"https:\/\/patagoniambiental.com.ar\/info\/wp-json\/wp\/v2\/users\/2"}],"replies":[{"embeddable":true,"href":"https:\/\/patagoniambiental.com.ar\/info\/wp-json\/wp\/v2\/comments?post=60060"}],"version-history":[{"count":0,"href":"https:\/\/patagoniambiental.com.ar\/info\/wp-json\/wp\/v2\/posts\/60060\/revisions"}],"wp:featuredmedia":[{"embeddable":true,"href":"https:\/\/patagoniambiental.com.ar\/info\/wp-json\/wp\/v2\/media\/60062"}],"wp:attachment":[{"href":"https:\/\/patagoniambiental.com.ar\/info\/wp-json\/wp\/v2\/media?parent=60060"}],"wp:term":[{"taxonomy":"category","embeddable":true,"href":"https:\/\/patagoniambiental.com.ar\/info\/wp-json\/wp\/v2\/categories?post=60060"},{"taxonomy":"post_tag","embeddable":true,"href":"https:\/\/patagoniambiental.com.ar\/info\/wp-json\/wp\/v2\/tags?post=60060"}],"curies":[{"name":"wp","href":"https:\/\/api.w.org\/{rel}","templated":true}]}}