{"id":60063,"date":"2019-04-08T19:00:55","date_gmt":"2019-04-08T22:00:55","guid":{"rendered":"http:\/\/patagoniambiental.com.ar\/info\/?p=60063"},"modified":"2019-04-08T11:32:06","modified_gmt":"2019-04-08T14:32:06","slug":"cientos-de-ninos-visitaron-la-obra-de-la-futura-planta-con-vuelco-cero-de-viedma","status":"publish","type":"post","link":"https:\/\/patagoniambiental.com.ar\/info\/cientos-de-ninos-visitaron-la-obra-de-la-futura-planta-con-vuelco-cero-de-viedma\/","title":{"rendered":"Cientos de ni\u00f1os visitaron la obra de la futura planta con vuelco cero de Viedma"},"content":{"rendered":"<div>Viedma.-En el marco del programa educativo \u00abEl agua va a la escuela\u00bb el DPA brind\u00f3 diversas charlas en la Escuela Primaria N\u00ba 261 sobre la planta de cloacas Capital de la provincial y llev\u00f3 a 360 alumnos a conocer la nueva obra que se est\u00e1 ejecutando.<\/div>\n<div><\/div>\n<p><!--more--><\/p>\n<div><\/div>\n<div id=\"x_cuerpo\">\n<p>La nueva planta, eliminar\u00e1 por completo el vuelco de los efluentes cloacales al r\u00edo Negro para reutilizar esas aguas en riego productivo.<\/p>\n<p>De esta manera, durante los d\u00edas jueves y viernes los alumnos conocieron m\u00e1s acerca del Plan Director de Desag\u00fces Cloacales para la capital rionegrina. A trav\u00e9s de las charlas brindadas por el Intendente de Recursos H\u00eddricos del DPA, Daniel Petri, las ni\u00f1as y ni\u00f1os pudieron conocer en detalle, \u00a0cu\u00e1les van a ser los beneficios principales de una de las obras m\u00e1s importantes que construye la provincia con el Plan Castello.<\/p>\n<p>\u201cEs una obra de dimensiones muy importantes y es un punto interesante que los chicos vean como est\u00e1 el proceso, explicarle c\u00f3mo se va hacer la nueva planta y que ya no va a volcar al r\u00edo. Explicamos todas esas cuestiones, para que puedan entender de qu\u00e9 se trata\u201d detall\u00f3 Petri.<\/p>\n<p>Del recorrido tambi\u00e9n particip\u00f3 el vicegobernador, Pedro Pesatti, junto al titular del DPA, Fernando Curetti y t\u00e9cnicos del organismo.<\/p>\n<p>Estas jornadas se realizan en el marco del programa educativo \u201cEl Agua va a la Escuela\u201d que el DPA desarrolla desde hace m\u00e1s de diez a\u00f1os en todo el territorio rionegrino, para ense\u00f1ar sobre la importancia del buen uso del agua. Este programa est\u00e1 destinado a estudiantes de 5\u00ba grado y en la actualidad alcanza a unos 15.000 alumnos.<\/p>\n<p>Al respecto Petri cont\u00f3 que \u201cComenzamos en el 2008 y el programa se fue instalando en el tiempo, por lo que a partir del a\u00f1o 2012 comenzamos a enviar material a las escuelas, para trabajar en el aula con alumnos y el material para el trabajo de planificaci\u00f3n de los docentes\u201d. En tanto a\u00f1adi\u00f3 que \u201cjunto con este programa, se van articulando algunas actividades, charlas, visitas, cursos para los docentes, para bajar problem\u00e1ticas de las distintas regiones\u201d finaliz\u00f3.<\/p>\n<p>La obra para Viedma, marcar\u00e1 un antes y un despu\u00e9s, ya que se cambiar\u00e1 por completo el paradigma sobre las aguas provenientes de los desag\u00fces cloacales, sobre el uso y sus beneficios. Adem\u00e1s con el concepto del vuelco cero, se proteger\u00e1 y preservar\u00e1 el r\u00edo Negro.<\/p>\n<p>Se planea continuar con las jornadas de charlas y recorridos en otras escuelas primarias, para que los m\u00e1s chicos conozcan esta pol\u00edtica ambiental fundamental para su futuro y tambi\u00e9n puedan conocer la obra.<\/p>\n<\/div>\n<p>M\u00e1s informaci\u00f3n:\u00a0<a id=\"LPlnk820257\" href=\"http:\/\/www.rionegro.gov.ar\/?contID=51160\" target=\"_blank\" rel=\"noopener noreferrer\" data-auth=\"NotApplicable\">http:\/\/www.rionegro.gov.ar\/?contID=51160<\/a><\/p>\n","protected":false},"excerpt":{"rendered":"<p>Viedma.-En el marco del programa educativo \u00abEl agua va a la escuela\u00bb el DPA brind\u00f3 diversas charlas en la Escuela [&hellip;]<\/p>\n","protected":false},"author":2,"featured_media":60064,"comment_status":"open","ping_status":"open","sticky":false,"template":"","format":"standard","meta":{"site-sidebar-layout":"default","site-content-layout":"","ast-site-content-layout":"default","site-content-style":"default","site-sidebar-style":"default","ast-global-header-display":"","ast-banner-title-visibility":"","ast-main-header-display":"","ast-hfb-above-header-display":"","ast-hfb-below-header-display":"","ast-hfb-mobile-header-display":"","site-post-title":"","ast-breadcrumbs-content":"","ast-featured-img":"","footer-sml-layout":"","ast-disable-related-posts":"","theme-transparent-header-meta":"","adv-header-id-meta":"","stick-header-meta":"","header-above-stick-meta":"","header-main-stick-meta":"","header-below-stick-meta":"","astra-migrate-meta-layouts":"default","ast-page-background-enabled":"default","ast-page-background-meta":{"desktop":{"background-color":"var(--ast-global-color-5)","background-image":"","background-repeat":"repeat","background-position":"center center","background-size":"auto","background-attachment":"scroll","background-type":"","background-media":"","overlay-type":"","overlay-color":"","overlay-opacity":"","overlay-gradient":""},"tablet":{"background-color":"","background-image":"","background-repeat":"repeat","background-position":"center center","background-size":"auto","background-attachment":"scroll","background-type":"","background-media":"","overlay-type":"","overlay-color":"","overlay-opacity":"","overlay-gradient":""},"mobile":{"background-color":"","background-image":"","background-repeat":"repeat","background-position":"center center","background-size":"auto","background-attachment":"scroll","background-type":"","background-media":"","overlay-type":"","overlay-color":"","overlay-opacity":"","overlay-gradient":""}},"ast-content-background-meta":{"desktop":{"background-color":"var(--ast-global-color-4)","background-image":"","background-repeat":"repeat","background-position":"center center","background-size":"auto","background-attachment":"scroll","background-type":"","background-media":"","overlay-type":"","overlay-color":"","overlay-opacity":"","overlay-gradient":""},"tablet":{"background-color":"var(--ast-global-color-4)","background-image":"","background-repeat":"repeat","background-position":"center center","background-size":"auto","background-attachment":"scroll","background-type":"","background-media":"","overlay-type":"","overlay-color":"","overlay-opacity":"","overlay-gradient":""},"mobile":{"background-color":"var(--ast-global-color-4)","background-image":"","background-repeat":"repeat","background-position":"center center","background-size":"auto","background-attachment":"scroll","background-type":"","background-media":"","overlay-type":"","overlay-color":"","overlay-opacity":"","overlay-gradient":""}},"footnotes":""},"categories":[1,13,14],"tags":[],"class_list":["post-60063","post","type-post","status-publish","format-standard","has-post-thumbnail","hentry","category-noticias","category-provinciales","category-rio-negro"],"yoast_head":"<!-- This site is optimized with the Yoast SEO Premium plugin v23.0 (Yoast SEO v27.5) - https:\/\/yoast.com\/product\/yoast-seo-premium-wordpress\/ -->\n<title>Cientos de ni\u00f1os visitaron la obra de la futura planta con vuelco cero de Viedma<\/title>\n<meta name=\"robots\" content=\"index, follow, max-snippet:-1, max-image-preview:large, max-video-preview:-1\" \/>\n<link rel=\"canonical\" href=\"https:\/\/patagoniambiental.com.ar\/info\/cientos-de-ninos-visitaron-la-obra-de-la-futura-planta-con-vuelco-cero-de-viedma\/\" \/>\n<meta property=\"og:locale\" content=\"es_ES\" \/>\n<meta property=\"og:type\" content=\"article\" \/>\n<meta property=\"og:title\" content=\"Cientos de ni\u00f1os visitaron la obra de la futura planta con vuelco cero de Viedma\" \/>\n<meta property=\"og:description\" content=\"Viedma.-En el marco del programa educativo \u00abEl agua va a la escuela\u00bb el DPA brind\u00f3 diversas charlas en la Escuela [&hellip;]\" \/>\n<meta property=\"og:url\" content=\"https:\/\/patagoniambiental.com.ar\/info\/cientos-de-ninos-visitaron-la-obra-de-la-futura-planta-con-vuelco-cero-de-viedma\/\" \/>\n<meta property=\"og:site_name\" content=\"Patagonia Ambiental\" \/>\n<meta property=\"article:publisher\" content=\"https:\/\/www.facebook.com\/patagonia.ambiental\" \/>\n<meta property=\"article:author\" content=\"https:\/\/www.facebook.com\/share\/1C1V8Gv9BX\/?mibextid=qi2Omg\" \/>\n<meta property=\"article:published_time\" content=\"2019-04-08T22:00:55+00:00\" \/>\n<meta property=\"og:image\" content=\"https:\/\/patagoniambiental.com.ar\/info\/wp-content\/uploads\/2019\/04\/00041632.jpg\" \/>\n\t<meta property=\"og:image:width\" content=\"924\" \/>\n\t<meta property=\"og:image:height\" content=\"616\" \/>\n\t<meta property=\"og:image:type\" content=\"image\/jpeg\" \/>\n<meta name=\"author\" content=\"Patagonia Ambiental\" \/>\n<meta name=\"twitter:card\" content=\"summary_large_image\" \/>\n<meta name=\"twitter:creator\" content=\"@PatAmb\" \/>\n<meta name=\"twitter:site\" content=\"@PatAmb\" \/>\n<script type=\"application\/ld+json\" class=\"yoast-schema-graph\">{\"@context\":\"https:\\\/\\\/schema.org\",\"@graph\":[{\"@type\":\"Article\",\"@id\":\"https:\\\/\\\/patagoniambiental.com.ar\\\/info\\\/cientos-de-ninos-visitaron-la-obra-de-la-futura-planta-con-vuelco-cero-de-viedma\\\/#article\",\"isPartOf\":{\"@id\":\"https:\\\/\\\/patagoniambiental.com.ar\\\/info\\\/cientos-de-ninos-visitaron-la-obra-de-la-futura-planta-con-vuelco-cero-de-viedma\\\/\"},\"author\":{\"name\":\"Patagonia Ambiental\",\"@id\":\"https:\\\/\\\/patagoniambiental.com.ar\\\/info\\\/#\\\/schema\\\/person\\\/db12bff64bbcbf6a253710bf0ea37b5d\"},\"headline\":\"Cientos de ni\u00f1os visitaron la obra de la futura planta con vuelco cero de Viedma\",\"datePublished\":\"2019-04-08T22:00:55+00:00\",\"mainEntityOfPage\":{\"@id\":\"https:\\\/\\\/patagoniambiental.com.ar\\\/info\\\/cientos-de-ninos-visitaron-la-obra-de-la-futura-planta-con-vuelco-cero-de-viedma\\\/\"},\"wordCount\":473,\"commentCount\":0,\"publisher\":{\"@id\":\"https:\\\/\\\/patagoniambiental.com.ar\\\/info\\\/#organization\"},\"image\":{\"@id\":\"https:\\\/\\\/patagoniambiental.com.ar\\\/info\\\/cientos-de-ninos-visitaron-la-obra-de-la-futura-planta-con-vuelco-cero-de-viedma\\\/#primaryimage\"},\"thumbnailUrl\":\"https:\\\/\\\/patagoniambiental.com.ar\\\/info\\\/wp-content\\\/uploads\\\/2019\\\/04\\\/00041632.jpg\",\"articleSection\":[\"Noticias\",\"Provinciales\",\"R\u00edo Negro\"],\"inLanguage\":\"es\",\"potentialAction\":[{\"@type\":\"CommentAction\",\"name\":\"Comment\",\"target\":[\"https:\\\/\\\/patagoniambiental.com.ar\\\/info\\\/cientos-de-ninos-visitaron-la-obra-de-la-futura-planta-con-vuelco-cero-de-viedma\\\/#respond\"]}]},{\"@type\":\"WebPage\",\"@id\":\"https:\\\/\\\/patagoniambiental.com.ar\\\/info\\\/cientos-de-ninos-visitaron-la-obra-de-la-futura-planta-con-vuelco-cero-de-viedma\\\/\",\"url\":\"https:\\\/\\\/patagoniambiental.com.ar\\\/info\\\/cientos-de-ninos-visitaron-la-obra-de-la-futura-planta-con-vuelco-cero-de-viedma\\\/\",\"name\":\"Cientos de ni\u00f1os visitaron la obra de la futura planta con vuelco cero de Viedma\",\"isPartOf\":{\"@id\":\"https:\\\/\\\/patagoniambiental.com.ar\\\/info\\\/#website\"},\"primaryImageOfPage\":{\"@id\":\"https:\\\/\\\/patagoniambiental.com.ar\\\/info\\\/cientos-de-ninos-visitaron-la-obra-de-la-futura-planta-con-vuelco-cero-de-viedma\\\/#primaryimage\"},\"image\":{\"@id\":\"https:\\\/\\\/patagoniambiental.com.ar\\\/info\\\/cientos-de-ninos-visitaron-la-obra-de-la-futura-planta-con-vuelco-cero-de-viedma\\\/#primaryimage\"},\"thumbnailUrl\":\"https:\\\/\\\/patagoniambiental.com.ar\\\/info\\\/wp-content\\\/uploads\\\/2019\\\/04\\\/00041632.jpg\",\"datePublished\":\"2019-04-08T22:00:55+00:00\",\"breadcrumb\":{\"@id\":\"https:\\\/\\\/patagoniambiental.com.ar\\\/info\\\/cientos-de-ninos-visitaron-la-obra-de-la-futura-planta-con-vuelco-cero-de-viedma\\\/#breadcrumb\"},\"inLanguage\":\"es\",\"potentialAction\":[{\"@type\":\"ReadAction\",\"target\":[\"https:\\\/\\\/patagoniambiental.com.ar\\\/info\\\/cientos-de-ninos-visitaron-la-obra-de-la-futura-planta-con-vuelco-cero-de-viedma\\\/\"]}]},{\"@type\":\"ImageObject\",\"inLanguage\":\"es\",\"@id\":\"https:\\\/\\\/patagoniambiental.com.ar\\\/info\\\/cientos-de-ninos-visitaron-la-obra-de-la-futura-planta-con-vuelco-cero-de-viedma\\\/#primaryimage\",\"url\":\"https:\\\/\\\/patagoniambiental.com.ar\\\/info\\\/wp-content\\\/uploads\\\/2019\\\/04\\\/00041632.jpg\",\"contentUrl\":\"https:\\\/\\\/patagoniambiental.com.ar\\\/info\\\/wp-content\\\/uploads\\\/2019\\\/04\\\/00041632.jpg\",\"width\":900,\"height\":600},{\"@type\":\"BreadcrumbList\",\"@id\":\"https:\\\/\\\/patagoniambiental.com.ar\\\/info\\\/cientos-de-ninos-visitaron-la-obra-de-la-futura-planta-con-vuelco-cero-de-viedma\\\/#breadcrumb\",\"itemListElement\":[{\"@type\":\"ListItem\",\"position\":1,\"name\":\"Inicio\",\"item\":\"https:\\\/\\\/patagoniambiental.com.ar\\\/info\\\/\"},{\"@type\":\"ListItem\",\"position\":2,\"name\":\"Cientos de ni\u00f1os visitaron la obra de la futura planta con vuelco cero de Viedma\"}]},{\"@type\":\"WebSite\",\"@id\":\"https:\\\/\\\/patagoniambiental.com.ar\\\/info\\\/#website\",\"url\":\"https:\\\/\\\/patagoniambiental.com.ar\\\/info\\\/\",\"name\":\"Patagonia Ambiental\",\"description\":\"Monitoreo y an\u00e1lisis de la situaci\u00f3n geopol\u00edtica en el mundo y su implicancia en la Patagonia\",\"publisher\":{\"@id\":\"https:\\\/\\\/patagoniambiental.com.ar\\\/info\\\/#organization\"},\"potentialAction\":[{\"@type\":\"SearchAction\",\"target\":{\"@type\":\"EntryPoint\",\"urlTemplate\":\"https:\\\/\\\/patagoniambiental.com.ar\\\/info\\\/?s={search_term_string}\"},\"query-input\":{\"@type\":\"PropertyValueSpecification\",\"valueRequired\":true,\"valueName\":\"search_term_string\"}}],\"inLanguage\":\"es\"},{\"@type\":\"Organization\",\"@id\":\"https:\\\/\\\/patagoniambiental.com.ar\\\/info\\\/#organization\",\"name\":\"Patagonia Ambiental\",\"url\":\"https:\\\/\\\/patagoniambiental.com.ar\\\/info\\\/\",\"logo\":{\"@type\":\"ImageObject\",\"inLanguage\":\"es\",\"@id\":\"https:\\\/\\\/patagoniambiental.com.ar\\\/info\\\/#\\\/schema\\\/logo\\\/image\\\/\",\"url\":\"https:\\\/\\\/patagoniambiental.com.ar\\\/info\\\/wp-content\\\/uploads\\\/2025\\\/05\\\/LOGO-PATAGONIA-AMBIENTAL.png\",\"contentUrl\":\"https:\\\/\\\/patagoniambiental.com.ar\\\/info\\\/wp-content\\\/uploads\\\/2025\\\/05\\\/LOGO-PATAGONIA-AMBIENTAL.png\",\"width\":433,\"height\":250,\"caption\":\"Patagonia Ambiental\"},\"image\":{\"@id\":\"https:\\\/\\\/patagoniambiental.com.ar\\\/info\\\/#\\\/schema\\\/logo\\\/image\\\/\"},\"sameAs\":[\"https:\\\/\\\/www.facebook.com\\\/patagonia.ambiental\",\"https:\\\/\\\/x.com\\\/PatAmb\"]},{\"@type\":\"Person\",\"@id\":\"https:\\\/\\\/patagoniambiental.com.ar\\\/info\\\/#\\\/schema\\\/person\\\/db12bff64bbcbf6a253710bf0ea37b5d\",\"name\":\"Patagonia Ambiental\",\"description\":\"Andr\u00e9s Nievas T\u00e9cnico en manejo ambiental, consultor Ambiental y escritor para medios locales e internacionales sobre temas de geopolitica y medio ambiente.\",\"sameAs\":[\"http:\\\/\\\/www.patagoniambiental.com.ar\",\"https:\\\/\\\/www.facebook.com\\\/share\\\/1C1V8Gv9BX\\\/?mibextid=qi2Omg\",\"@patagoniambiental\",\"https:\\\/\\\/youtube.com\\\/@patagoniaambiental2023?si=BLt58t0wuXquxlYZ\"]}]}<\/script>\n<!-- \/ Yoast SEO Premium plugin. -->","yoast_head_json":{"title":"Cientos de ni\u00f1os visitaron la obra de la futura planta con vuelco cero de Viedma","robots":{"index":"index","follow":"follow","max-snippet":"max-snippet:-1","max-image-preview":"max-image-preview:large","max-video-preview":"max-video-preview:-1"},"canonical":"https:\/\/patagoniambiental.com.ar\/info\/cientos-de-ninos-visitaron-la-obra-de-la-futura-planta-con-vuelco-cero-de-viedma\/","og_locale":"es_ES","og_type":"article","og_title":"Cientos de ni\u00f1os visitaron la obra de la futura planta con vuelco cero de Viedma","og_description":"Viedma.-En el marco del programa educativo \u00abEl agua va a la escuela\u00bb el DPA brind\u00f3 diversas charlas en la Escuela [&hellip;]","og_url":"https:\/\/patagoniambiental.com.ar\/info\/cientos-de-ninos-visitaron-la-obra-de-la-futura-planta-con-vuelco-cero-de-viedma\/","og_site_name":"Patagonia Ambiental","article_publisher":"https:\/\/www.facebook.com\/patagonia.ambiental","article_author":"https:\/\/www.facebook.com\/share\/1C1V8Gv9BX\/?mibextid=qi2Omg","article_published_time":"2019-04-08T22:00:55+00:00","og_image":[{"width":924,"height":616,"url":"https:\/\/patagoniambiental.com.ar\/info\/wp-content\/uploads\/2019\/04\/00041632.jpg","type":"image\/jpeg"}],"author":"Patagonia Ambiental","twitter_card":"summary_large_image","twitter_creator":"@PatAmb","twitter_site":"@PatAmb","schema":{"@context":"https:\/\/schema.org","@graph":[{"@type":"Article","@id":"https:\/\/patagoniambiental.com.ar\/info\/cientos-de-ninos-visitaron-la-obra-de-la-futura-planta-con-vuelco-cero-de-viedma\/#article","isPartOf":{"@id":"https:\/\/patagoniambiental.com.ar\/info\/cientos-de-ninos-visitaron-la-obra-de-la-futura-planta-con-vuelco-cero-de-viedma\/"},"author":{"name":"Patagonia Ambiental","@id":"https:\/\/patagoniambiental.com.ar\/info\/#\/schema\/person\/db12bff64bbcbf6a253710bf0ea37b5d"},"headline":"Cientos de ni\u00f1os visitaron la obra de la futura planta con vuelco cero de Viedma","datePublished":"2019-04-08T22:00:55+00:00","mainEntityOfPage":{"@id":"https:\/\/patagoniambiental.com.ar\/info\/cientos-de-ninos-visitaron-la-obra-de-la-futura-planta-con-vuelco-cero-de-viedma\/"},"wordCount":473,"commentCount":0,"publisher":{"@id":"https:\/\/patagoniambiental.com.ar\/info\/#organization"},"image":{"@id":"https:\/\/patagoniambiental.com.ar\/info\/cientos-de-ninos-visitaron-la-obra-de-la-futura-planta-con-vuelco-cero-de-viedma\/#primaryimage"},"thumbnailUrl":"https:\/\/patagoniambiental.com.ar\/info\/wp-content\/uploads\/2019\/04\/00041632.jpg","articleSection":["Noticias","Provinciales","R\u00edo Negro"],"inLanguage":"es","potentialAction":[{"@type":"CommentAction","name":"Comment","target":["https:\/\/patagoniambiental.com.ar\/info\/cientos-de-ninos-visitaron-la-obra-de-la-futura-planta-con-vuelco-cero-de-viedma\/#respond"]}]},{"@type":"WebPage","@id":"https:\/\/patagoniambiental.com.ar\/info\/cientos-de-ninos-visitaron-la-obra-de-la-futura-planta-con-vuelco-cero-de-viedma\/","url":"https:\/\/patagoniambiental.com.ar\/info\/cientos-de-ninos-visitaron-la-obra-de-la-futura-planta-con-vuelco-cero-de-viedma\/","name":"Cientos de ni\u00f1os visitaron la obra de la futura planta con vuelco cero de Viedma","isPartOf":{"@id":"https:\/\/patagoniambiental.com.ar\/info\/#website"},"primaryImageOfPage":{"@id":"https:\/\/patagoniambiental.com.ar\/info\/cientos-de-ninos-visitaron-la-obra-de-la-futura-planta-con-vuelco-cero-de-viedma\/#primaryimage"},"image":{"@id":"https:\/\/patagoniambiental.com.ar\/info\/cientos-de-ninos-visitaron-la-obra-de-la-futura-planta-con-vuelco-cero-de-viedma\/#primaryimage"},"thumbnailUrl":"https:\/\/patagoniambiental.com.ar\/info\/wp-content\/uploads\/2019\/04\/00041632.jpg","datePublished":"2019-04-08T22:00:55+00:00","breadcrumb":{"@id":"https:\/\/patagoniambiental.com.ar\/info\/cientos-de-ninos-visitaron-la-obra-de-la-futura-planta-con-vuelco-cero-de-viedma\/#breadcrumb"},"inLanguage":"es","potentialAction":[{"@type":"ReadAction","target":["https:\/\/patagoniambiental.com.ar\/info\/cientos-de-ninos-visitaron-la-obra-de-la-futura-planta-con-vuelco-cero-de-viedma\/"]}]},{"@type":"ImageObject","inLanguage":"es","@id":"https:\/\/patagoniambiental.com.ar\/info\/cientos-de-ninos-visitaron-la-obra-de-la-futura-planta-con-vuelco-cero-de-viedma\/#primaryimage","url":"https:\/\/patagoniambiental.com.ar\/info\/wp-content\/uploads\/2019\/04\/00041632.jpg","contentUrl":"https:\/\/patagoniambiental.com.ar\/info\/wp-content\/uploads\/2019\/04\/00041632.jpg","width":900,"height":600},{"@type":"BreadcrumbList","@id":"https:\/\/patagoniambiental.com.ar\/info\/cientos-de-ninos-visitaron-la-obra-de-la-futura-planta-con-vuelco-cero-de-viedma\/#breadcrumb","itemListElement":[{"@type":"ListItem","position":1,"name":"Inicio","item":"https:\/\/patagoniambiental.com.ar\/info\/"},{"@type":"ListItem","position":2,"name":"Cientos de ni\u00f1os visitaron la obra de la futura planta con vuelco cero de Viedma"}]},{"@type":"WebSite","@id":"https:\/\/patagoniambiental.com.ar\/info\/#website","url":"https:\/\/patagoniambiental.com.ar\/info\/","name":"Patagonia Ambiental","description":"Monitoreo y an\u00e1lisis de la situaci\u00f3n geopol\u00edtica en el mundo y su implicancia en la Patagonia","publisher":{"@id":"https:\/\/patagoniambiental.com.ar\/info\/#organization"},"potentialAction":[{"@type":"SearchAction","target":{"@type":"EntryPoint","urlTemplate":"https:\/\/patagoniambiental.com.ar\/info\/?s={search_term_string}"},"query-input":{"@type":"PropertyValueSpecification","valueRequired":true,"valueName":"search_term_string"}}],"inLanguage":"es"},{"@type":"Organization","@id":"https:\/\/patagoniambiental.com.ar\/info\/#organization","name":"Patagonia Ambiental","url":"https:\/\/patagoniambiental.com.ar\/info\/","logo":{"@type":"ImageObject","inLanguage":"es","@id":"https:\/\/patagoniambiental.com.ar\/info\/#\/schema\/logo\/image\/","url":"https:\/\/patagoniambiental.com.ar\/info\/wp-content\/uploads\/2025\/05\/LOGO-PATAGONIA-AMBIENTAL.png","contentUrl":"https:\/\/patagoniambiental.com.ar\/info\/wp-content\/uploads\/2025\/05\/LOGO-PATAGONIA-AMBIENTAL.png","width":433,"height":250,"caption":"Patagonia Ambiental"},"image":{"@id":"https:\/\/patagoniambiental.com.ar\/info\/#\/schema\/logo\/image\/"},"sameAs":["https:\/\/www.facebook.com\/patagonia.ambiental","https:\/\/x.com\/PatAmb"]},{"@type":"Person","@id":"https:\/\/patagoniambiental.com.ar\/info\/#\/schema\/person\/db12bff64bbcbf6a253710bf0ea37b5d","name":"Patagonia Ambiental","description":"Andr\u00e9s Nievas T\u00e9cnico en manejo ambiental, consultor Ambiental y escritor para medios locales e internacionales sobre temas de geopolitica y medio ambiente.","sameAs":["http:\/\/www.patagoniambiental.com.ar","https:\/\/www.facebook.com\/share\/1C1V8Gv9BX\/?mibextid=qi2Omg","@patagoniambiental","https:\/\/youtube.com\/@patagoniaambiental2023?si=BLt58t0wuXquxlYZ"]}]}},"_links":{"self":[{"href":"https:\/\/patagoniambiental.com.ar\/info\/wp-json\/wp\/v2\/posts\/60063","targetHints":{"allow":["GET"]}}],"collection":[{"href":"https:\/\/patagoniambiental.com.ar\/info\/wp-json\/wp\/v2\/posts"}],"about":[{"href":"https:\/\/patagoniambiental.com.ar\/info\/wp-json\/wp\/v2\/types\/post"}],"author":[{"embeddable":true,"href":"https:\/\/patagoniambiental.com.ar\/info\/wp-json\/wp\/v2\/users\/2"}],"replies":[{"embeddable":true,"href":"https:\/\/patagoniambiental.com.ar\/info\/wp-json\/wp\/v2\/comments?post=60063"}],"version-history":[{"count":0,"href":"https:\/\/patagoniambiental.com.ar\/info\/wp-json\/wp\/v2\/posts\/60063\/revisions"}],"wp:featuredmedia":[{"embeddable":true,"href":"https:\/\/patagoniambiental.com.ar\/info\/wp-json\/wp\/v2\/media\/60064"}],"wp:attachment":[{"href":"https:\/\/patagoniambiental.com.ar\/info\/wp-json\/wp\/v2\/media?parent=60063"}],"wp:term":[{"taxonomy":"category","embeddable":true,"href":"https:\/\/patagoniambiental.com.ar\/info\/wp-json\/wp\/v2\/categories?post=60063"},{"taxonomy":"post_tag","embeddable":true,"href":"https:\/\/patagoniambiental.com.ar\/info\/wp-json\/wp\/v2\/tags?post=60063"}],"curies":[{"name":"wp","href":"https:\/\/api.w.org\/{rel}","templated":true}]}}