{"id":60069,"date":"2019-04-09T07:00:18","date_gmt":"2019-04-09T10:00:18","guid":{"rendered":"http:\/\/patagoniambiental.com.ar\/info\/?p=60069"},"modified":"2019-04-08T15:12:48","modified_gmt":"2019-04-08T18:12:48","slug":"san-martin-de-los-andes-sistematiza-los-programas-que-integraran-su-plan-local-de-accion-climatica","status":"publish","type":"post","link":"https:\/\/patagoniambiental.com.ar\/info\/san-martin-de-los-andes-sistematiza-los-programas-que-integraran-su-plan-local-de-accion-climatica\/","title":{"rendered":"San Mart\u00edn de los Andes sistematiza los programas que integrar\u00e1n su Plan Local de Acci\u00f3n Clim\u00e1tica."},"content":{"rendered":"<section class=\"section-custom section-alternative section-novedades\">\n<div class=\"container\">\n<div class=\"product_view_container clearfix\">\n<p class=\"text-center\">San Mart\u00edn de los Andes.-La intendenta municipal,\u00a0<strong>Brunilda Rebolledo<\/strong>, firm\u00f3 la adhesi\u00f3n a la RAMCC a\u00a0principios del 2017, asumiendo el compromiso de reducir emisiones de GEI, objetivo al que planiifican llegar mediante el establecimiento de metas parciales y un plan de acci\u00f3n, tomando como base los inventarios de gases de efecto invernadero.<\/p>\n<p><!--more--><\/p>\n<div class=\"_img_main\"><img decoding=\"async\" class=\"center-block img-responsive alignleft\" src=\"http:\/\/ramcc.net\/uploads\/thumbs\/Post\/810_900\/604\/San-Martin-de-los-Andes-Centro-600x403.jpg\" \/><\/div>\n<\/div>\n<\/div>\n<\/section>\n<p>San Mart\u00edn de los Andes realiz\u00f3 un primer inventario con informaciones del a\u00f1o 2014 y actualmente se encuentra en proceso de finalizaci\u00f3n el inventario del 2016.<\/p>\n<section class=\"section-custom section-novedades\">\n<div class=\"container text-center\">\n<div class=\"html_text text-left\">\n<p>Este reporte permite identificar a los sectores m\u00e1s relevantes, y funciona como una herramienta de control para el cumplimiento de las metas que se planifican en el Plan de Acci\u00f3n por el Clima.<\/p>\n<p>En 2014 las emisiones alcanzaron un total de 248.670,45 tCO2eq (toneladas de di\u00f3xido de carbono equivalentes) siendo el sector de energ\u00eda el responsable del 56,75%, seguido por transporte con el 22% y residuos con el 18%. El Inventario fue realizado por personal de la Subs. de Gesti\u00f3n Ambiental durante el a\u00f1o 2017.<\/p>\n<p>El Plan Local de Acci\u00f3n Clim\u00e1tica es un instrumento para la planificaci\u00f3n de las estrategias y pol\u00edticas publicas que deben ponerse en marcha en un horizonte temporal proyectado (por ejemplo 2020-2030), concretando objetivos, medidas y plazos. Asimismo determina los instrumentos necesarios para evaluar los impactos generales que derivan de estas actuaciones. El Plan es construido desde el gobierno municipal, con una activa participaci\u00f3n ciudadana, que incluye a todos los sectores.<\/p>\n<p><strong>Comisi\u00f3n TESMA<\/strong><\/p>\n<p>La Municipalidad forma parte de la Comisi\u00f3n Permanente para la Transici\u00f3n Energ\u00e9tica de San Mart\u00edn de los Andes, un \u00f3rgano asesor Ad Hoc de consulta, para el Concejo Deliberante y el Departamento Ejecutivo, en materia de generaci\u00f3n y uso eficiente de la energ\u00eda, establecido por\u00a0 Ordenanza N\u00ba 11.767<\/p>\n<p>La integran instituciones p\u00fablicas, tales como la EPET 21, el INTI; Parques Nacionales, el Concejo Deliberante, el Defensor del Pueblo, los colegios profesionales de T\u00e9cnicos, Ingenieros y Arquitectos, EPEN, entre otras, as\u00ed como profesionales independientes, vecinos y empresas de la ciudad.<\/p>\n<p>Entre sus objetivos figuran:<\/p>\n<p>1- Elaborar y proponer al Departamento Ejecutivo Municipal normativas de fomento y regulaci\u00f3n para la generaci\u00f3n de energ\u00eda el\u00e9ctrica basada en fuentes renovables, que propicien un uso eficiente de la energ\u00eda y una construcci\u00f3n sostenible, la generaci\u00f3n distribuida y la movilidad sostenible;<\/p>\n<p>2- Elaborar y proponer al Departamento Ejecutivo Municipal, la adhesi\u00f3n a leyes provinciales y nacionales en la materia, a fin de promover el desarrollo urbano sostenible;<\/p>\n<p>3- Promover la investigaci\u00f3n y el desarrollo tecnol\u00f3gico en la materia, en coordinaci\u00f3n con las instituciones educativas y cient\u00edficas de la regi\u00f3n;<\/p>\n<p>4- Asesorar en la materia a las instituciones p\u00fablicas y privadas de la localidad;<\/p>\n<p>5- Promover la difusi\u00f3n y concientizaci\u00f3n, a trav\u00e9s de la realizaci\u00f3n de capacitaciones, charlas, jornadas t\u00e9cnicas, talleres y otros mecanismos de la educaci\u00f3n no formal, de los temas abordados por esta Comisi\u00f3n;<\/p>\n<p>6- Evaluar, dise\u00f1ar y proponer, al Departamento Ejecutivo Municipal, planes de acci\u00f3n, proyectos de implementaci\u00f3n acordes a los objetivos propuestos; y<\/p>\n<p>7- Realizar las gestiones de financiamiento a nivel provincial, nacional y\/o internacional de los proyectos propuestos por la Comisi\u00f3n o bien de proyectos avalados por esta.<\/p>\n<p>Entre las acciones y proyectos que lleva adelante en la actualidad la Municipalidad, se destacan:<\/p>\n<p>\u2022 Organizaci\u00f3n de Jornadas y talleres sobre Energ\u00edas Renovables, Eficiencia Energ\u00e9tica en viviendas, Movilidad Sostenible, Compostaje domiciliario.<\/p>\n<p>\u2022 Los Inventarios de Gases de Efecto Invernadero (terminados a\u00f1o 2014 y 2016; en proceso a\u00f1o 2018).<\/p>\n<p>\u2022 Cambio de luminaria publica a LED en varios sectores estrat\u00e9gicos de la ciudad:<\/p>\n<p>o Plaza Centenario (alianza p\u00fablico-privada),<br \/>\no Plaza San Mart\u00edn y<br \/>\no Plaza de la Paz (Ch. 28) 6 Luminarias<br \/>\no Reemplazo de 28 luminarias en Villa Paur<br \/>\no 34 Luminarias en la vereda de la Av. Kkoessler<\/p>\n<p>En Proyecto:<br \/>\no 17 lum. 500 mts de iluminaci\u00f3n de ciclov\u00eda.<br \/>\no 10 lum. Plaza el Arenal.<br \/>\no 22 lum. Faldeos del Chapelco. 1er. etapa.<br \/>\no 17 lum. Barrio San Lorenzo.<br \/>\no 10 lum. Barrio Parque los Robles.<br \/>\no 8 lum. Trabunco abajo.<\/p>\n<p><strong>Abrigo tu Casa.<\/strong><\/p>\n<p>Mejoramientos habitacionales en clave de Eficiencia Energ\u00e9tica. En convenio con la fundaci\u00f3n FOVISEE, se realizaron m\u00e1s de 100 diagn\u00f3sticos de eficiencia energ\u00e9tica en diferentes hogares de San Martin de los Andes y se intervino en 50 de ellos aproximadamente. Mejorando la calidad de vida, disminuyendo algunos riesgos (el\u00e9ctricos, incendios por mal funcionamiento de salamandra, etc.), y mejorando la eficiencia t\u00e9rmica de la envolvente y as\u00ed lograr ahorro energ\u00e9tico en cada hogar.<\/p>\n<p><strong>Mejor\u00e1 tu Casa<\/strong><\/p>\n<p>Microcr\u00e9ditos para mejorar la eficiencia t\u00e9rmica. El programa ha entregado m\u00e1s de 500 microcr\u00e9ditos por un monto de $7.600.000 pesos para refacciones, ampliaciones e instalaciones de servicio, de los cuales algunos han sido destinados para mejorar la aislaci\u00f3n t\u00e9rmica. Prontamente se lanzar\u00e1 una l\u00ednea de cr\u00e9dito espec\u00edfica para financiar la instalaci\u00f3n de equipamiento sustentable (calefactores solares, paneles solares, Biodigestores domiciliarios, etc.). Se realiz\u00f3 un convenio con 7 comerciantes locales para la obtenci\u00f3n de descuentos importantes (desde 15% hasta 25%) para los beneficiarios del programa, incluyendo la compra de materiales aislantes.<\/p>\n<p><strong>Biodigestores domiciliarios<\/strong>.<\/p>\n<p>Proyecto piloto de instalaci\u00f3n de 6 biodigestores domiciliarios que generan biog\u00e1s y fertilizante liquido a partir de los desechos org\u00e1nicos domiciliarios. Se instalaron en 5 hogares de diferentes barrios de SMA, que no poseen gas natural, poseen una huerta e invernadero y que la familia realiza separaci\u00f3n de residuos. En convenio con la EPET 21(escuela t\u00e9cnica especializada en energ\u00edas renovables), se realizar\u00e1 el proceso de acompa\u00f1amiento de este piloto y tambi\u00e9n se les entreg\u00f3 un biodigestor para las pruebas y experimentaci\u00f3n correspondientes.<\/p>\n<p><strong>PROGRAMA INTEGRAL DE EDUCACION COMUNITARIA: CONSUMO RESPONSABLE Y SEPARACI\u00d3N DE RESIDUOS en origen \u201cSeparar SIRVe\u201d.<\/strong><\/p>\n<p>Se conformar\u00e1 un grupo de capacitadores para llevar adelante la formaci\u00f3n de los y las promotoras, integrado por personal id\u00f3neo perteneciente a la Secretar\u00eda de Obras y Servicios P\u00fablicos, al Organismo de Control y a la Secretar\u00eda de Cultura y Educaci\u00f3n. El Municipio contratar\u00e1 a un grupo de diez promotores. Se implementar\u00e1 un plan de difusi\u00f3n en redes y en medios de prensa locales. Se convocar\u00e1 a la comunidad para participar en forma solidaria en este trabajo. Se articular\u00e1 con comerciantes locales e instituciones de diversas areas.<\/p>\n<p><strong>\u2022 SIRVE (Sistema Inteligente de Residuos Vecinales).<\/strong><\/p>\n<p>Realizando la separaci\u00f3n domiciliaria separamos los residuos entre RECUPERABLES y NO RECUPERABLES, en diferentes contenedores \/ bolsas dentro de nuestras casas. As\u00ed, depositando en la v\u00eda p\u00fablica los diferentes residuos en los d\u00edas que corresponda, permitimos que se realice la recolecci\u00f3n diferenciada y su posterior ingreso al Centro Ambiental donde funciona la Planta de Separaci\u00f3n de RSU. Aqu\u00ed los residuos recuperables son cuidadosamente separados por los Operarios Ambientales y acondicionados para su posterior venta o recuperaci\u00f3n.<\/p>\n<p><strong>Proyectos siendo elaborados:<\/strong><\/p>\n<p>\uf0fc Primer barrio Social Sustentable en San Martin de los Andes: Se est\u00e1 realizando el proyecto ejecutivo para desarrollar 38 viviendas sustentables en Ch32, que contar\u00e1n con nivel de eficiencia energ\u00e9tica de categor\u00eda A o B, y la utilizaci\u00f3n de fuentes de energ\u00eda sustentables, con un dise\u00f1o arquitect\u00f3nico que logre la mayor eficiencia posible. Se utilizar\u00e1n paneles fotovoltaicos, con medidores el\u00e9ctricos con el sistema bidireccional para lograr la generaci\u00f3n distribuida y que el excedente de energ\u00eda producida se vuelque a la red el\u00e9ctrica. Adem\u00e1s contar\u00e1n con calentadores solares, con captaci\u00f3n de agua de lluvia para riego y con biodigestores que producir\u00e1n Biog\u00e1s.<\/p>\n<p>\uf0fc Apoyo y fomento del ciclo turismo: Certificaci\u00f3n de SMA como territorio Bikefriendly (en proceso, Secretar\u00eda de Turismo)<\/p>\n<p>\uf0fc Construcci\u00f3n de Estaciones Solares P\u00fablicas para agua caliente y energ\u00eda el\u00e9ctrica.<\/p>\n<p>\uf0fc Relevamiento de cambio de Iluminaria P\u00fablica a LED (en Proceso, actualmente estamos trabajando con consultores del BID en la b\u00fasqueda de financiamiento internacional)<\/p>\n<p>Fuente: RAMCC<\/p>\n<\/div>\n<\/div>\n<\/section>\n","protected":false},"excerpt":{"rendered":"<p>San Mart\u00edn de los Andes.-La intendenta municipal,\u00a0Brunilda Rebolledo, firm\u00f3 la adhesi\u00f3n a la RAMCC a\u00a0principios del 2017, asumiendo el compromiso [&hellip;]<\/p>\n","protected":false},"author":2,"featured_media":60070,"comment_status":"open","ping_status":"open","sticky":false,"template":"","format":"standard","meta":{"site-sidebar-layout":"default","site-content-layout":"","ast-site-content-layout":"default","site-content-style":"default","site-sidebar-style":"default","ast-global-header-display":"","ast-banner-title-visibility":"","ast-main-header-display":"","ast-hfb-above-header-display":"","ast-hfb-below-header-display":"","ast-hfb-mobile-header-display":"","site-post-title":"","ast-breadcrumbs-content":"","ast-featured-img":"","footer-sml-layout":"","ast-disable-related-posts":"","theme-transparent-header-meta":"","adv-header-id-meta":"","stick-header-meta":"","header-above-stick-meta":"","header-main-stick-meta":"","header-below-stick-meta":"","astra-migrate-meta-layouts":"default","ast-page-background-enabled":"default","ast-page-background-meta":{"desktop":{"background-color":"var(--ast-global-color-5)","background-image":"","background-repeat":"repeat","background-position":"center center","background-size":"auto","background-attachment":"scroll","background-type":"","background-media":"","overlay-type":"","overlay-color":"","overlay-opacity":"","overlay-gradient":""},"tablet":{"background-color":"","background-image":"","background-repeat":"repeat","background-position":"center center","background-size":"auto","background-attachment":"scroll","background-type":"","background-media":"","overlay-type":"","overlay-color":"","overlay-opacity":"","overlay-gradient":""},"mobile":{"background-color":"","background-image":"","background-repeat":"repeat","background-position":"center center","background-size":"auto","background-attachment":"scroll","background-type":"","background-media":"","overlay-type":"","overlay-color":"","overlay-opacity":"","overlay-gradient":""}},"ast-content-background-meta":{"desktop":{"background-color":"var(--ast-global-color-4)","background-image":"","background-repeat":"repeat","background-position":"center center","background-size":"auto","background-attachment":"scroll","background-type":"","background-media":"","overlay-type":"","overlay-color":"","overlay-opacity":"","overlay-gradient":""},"tablet":{"background-color":"var(--ast-global-color-4)","background-image":"","background-repeat":"repeat","background-position":"center center","background-size":"auto","background-attachment":"scroll","background-type":"","background-media":"","overlay-type":"","overlay-color":"","overlay-opacity":"","overlay-gradient":""},"mobile":{"background-color":"var(--ast-global-color-4)","background-image":"","background-repeat":"repeat","background-position":"center center","background-size":"auto","background-attachment":"scroll","background-type":"","background-media":"","overlay-type":"","overlay-color":"","overlay-opacity":"","overlay-gradient":""}},"footnotes":""},"categories":[11,16,1],"tags":[],"class_list":["post-60069","post","type-post","status-publish","format-standard","has-post-thumbnail","hentry","category-boletin","category-municipales","category-noticias"],"yoast_head":"<!-- This site is optimized with the Yoast SEO Premium plugin v23.0 (Yoast SEO v27.5) - https:\/\/yoast.com\/product\/yoast-seo-premium-wordpress\/ -->\n<title>San Mart\u00edn de los Andes sistematiza los programas que integrar\u00e1n su Plan Local de Acci\u00f3n Clim\u00e1tica.<\/title>\n<meta name=\"robots\" content=\"index, follow, max-snippet:-1, max-image-preview:large, max-video-preview:-1\" \/>\n<link rel=\"canonical\" href=\"https:\/\/patagoniambiental.com.ar\/info\/san-martin-de-los-andes-sistematiza-los-programas-que-integraran-su-plan-local-de-accion-climatica\/\" \/>\n<meta property=\"og:locale\" content=\"es_ES\" \/>\n<meta property=\"og:type\" content=\"article\" \/>\n<meta property=\"og:title\" content=\"San Mart\u00edn de los Andes sistematiza los programas que integrar\u00e1n su Plan Local de Acci\u00f3n Clim\u00e1tica.\" \/>\n<meta property=\"og:description\" content=\"San Mart\u00edn de los Andes.-La intendenta municipal,\u00a0Brunilda Rebolledo, firm\u00f3 la adhesi\u00f3n a la RAMCC a\u00a0principios del 2017, asumiendo el compromiso [&hellip;]\" \/>\n<meta property=\"og:url\" content=\"https:\/\/patagoniambiental.com.ar\/info\/san-martin-de-los-andes-sistematiza-los-programas-que-integraran-su-plan-local-de-accion-climatica\/\" \/>\n<meta property=\"og:site_name\" content=\"Patagonia Ambiental\" \/>\n<meta property=\"article:publisher\" content=\"https:\/\/www.facebook.com\/patagonia.ambiental\" \/>\n<meta property=\"article:author\" content=\"https:\/\/www.facebook.com\/share\/1C1V8Gv9BX\/?mibextid=qi2Omg\" \/>\n<meta property=\"article:published_time\" content=\"2019-04-09T10:00:18+00:00\" \/>\n<meta property=\"og:image\" content=\"https:\/\/patagoniambiental.com.ar\/info\/wp-content\/uploads\/2019\/04\/San-Martin-de-los-Andes-Centro-600x403.jpg\" \/>\n\t<meta property=\"og:image:width\" content=\"600\" \/>\n\t<meta property=\"og:image:height\" content=\"403\" \/>\n\t<meta property=\"og:image:type\" content=\"image\/jpeg\" \/>\n<meta name=\"author\" content=\"Patagonia Ambiental\" \/>\n<meta name=\"twitter:card\" content=\"summary_large_image\" \/>\n<meta name=\"twitter:creator\" content=\"@PatAmb\" \/>\n<meta name=\"twitter:site\" content=\"@PatAmb\" \/>\n<script type=\"application\/ld+json\" class=\"yoast-schema-graph\">{\"@context\":\"https:\\\/\\\/schema.org\",\"@graph\":[{\"@type\":\"Article\",\"@id\":\"https:\\\/\\\/patagoniambiental.com.ar\\\/info\\\/san-martin-de-los-andes-sistematiza-los-programas-que-integraran-su-plan-local-de-accion-climatica\\\/#article\",\"isPartOf\":{\"@id\":\"https:\\\/\\\/patagoniambiental.com.ar\\\/info\\\/san-martin-de-los-andes-sistematiza-los-programas-que-integraran-su-plan-local-de-accion-climatica\\\/\"},\"author\":{\"name\":\"Patagonia Ambiental\",\"@id\":\"https:\\\/\\\/patagoniambiental.com.ar\\\/info\\\/#\\\/schema\\\/person\\\/db12bff64bbcbf6a253710bf0ea37b5d\"},\"headline\":\"San Mart\u00edn de los Andes sistematiza los programas que integrar\u00e1n su Plan Local de Acci\u00f3n Clim\u00e1tica.\",\"datePublished\":\"2019-04-09T10:00:18+00:00\",\"mainEntityOfPage\":{\"@id\":\"https:\\\/\\\/patagoniambiental.com.ar\\\/info\\\/san-martin-de-los-andes-sistematiza-los-programas-que-integraran-su-plan-local-de-accion-climatica\\\/\"},\"wordCount\":1360,\"commentCount\":0,\"publisher\":{\"@id\":\"https:\\\/\\\/patagoniambiental.com.ar\\\/info\\\/#organization\"},\"image\":{\"@id\":\"https:\\\/\\\/patagoniambiental.com.ar\\\/info\\\/san-martin-de-los-andes-sistematiza-los-programas-que-integraran-su-plan-local-de-accion-climatica\\\/#primaryimage\"},\"thumbnailUrl\":\"https:\\\/\\\/patagoniambiental.com.ar\\\/info\\\/wp-content\\\/uploads\\\/2019\\\/04\\\/San-Martin-de-los-Andes-Centro-600x403.jpg\",\"articleSection\":[\"Bolet\u00edn\",\"Municipales\",\"Noticias\"],\"inLanguage\":\"es\",\"potentialAction\":[{\"@type\":\"CommentAction\",\"name\":\"Comment\",\"target\":[\"https:\\\/\\\/patagoniambiental.com.ar\\\/info\\\/san-martin-de-los-andes-sistematiza-los-programas-que-integraran-su-plan-local-de-accion-climatica\\\/#respond\"]}]},{\"@type\":\"WebPage\",\"@id\":\"https:\\\/\\\/patagoniambiental.com.ar\\\/info\\\/san-martin-de-los-andes-sistematiza-los-programas-que-integraran-su-plan-local-de-accion-climatica\\\/\",\"url\":\"https:\\\/\\\/patagoniambiental.com.ar\\\/info\\\/san-martin-de-los-andes-sistematiza-los-programas-que-integraran-su-plan-local-de-accion-climatica\\\/\",\"name\":\"San Mart\u00edn de los Andes sistematiza los programas que integrar\u00e1n su Plan Local de Acci\u00f3n Clim\u00e1tica.\",\"isPartOf\":{\"@id\":\"https:\\\/\\\/patagoniambiental.com.ar\\\/info\\\/#website\"},\"primaryImageOfPage\":{\"@id\":\"https:\\\/\\\/patagoniambiental.com.ar\\\/info\\\/san-martin-de-los-andes-sistematiza-los-programas-que-integraran-su-plan-local-de-accion-climatica\\\/#primaryimage\"},\"image\":{\"@id\":\"https:\\\/\\\/patagoniambiental.com.ar\\\/info\\\/san-martin-de-los-andes-sistematiza-los-programas-que-integraran-su-plan-local-de-accion-climatica\\\/#primaryimage\"},\"thumbnailUrl\":\"https:\\\/\\\/patagoniambiental.com.ar\\\/info\\\/wp-content\\\/uploads\\\/2019\\\/04\\\/San-Martin-de-los-Andes-Centro-600x403.jpg\",\"datePublished\":\"2019-04-09T10:00:18+00:00\",\"breadcrumb\":{\"@id\":\"https:\\\/\\\/patagoniambiental.com.ar\\\/info\\\/san-martin-de-los-andes-sistematiza-los-programas-que-integraran-su-plan-local-de-accion-climatica\\\/#breadcrumb\"},\"inLanguage\":\"es\",\"potentialAction\":[{\"@type\":\"ReadAction\",\"target\":[\"https:\\\/\\\/patagoniambiental.com.ar\\\/info\\\/san-martin-de-los-andes-sistematiza-los-programas-que-integraran-su-plan-local-de-accion-climatica\\\/\"]}]},{\"@type\":\"ImageObject\",\"inLanguage\":\"es\",\"@id\":\"https:\\\/\\\/patagoniambiental.com.ar\\\/info\\\/san-martin-de-los-andes-sistematiza-los-programas-que-integraran-su-plan-local-de-accion-climatica\\\/#primaryimage\",\"url\":\"https:\\\/\\\/patagoniambiental.com.ar\\\/info\\\/wp-content\\\/uploads\\\/2019\\\/04\\\/San-Martin-de-los-Andes-Centro-600x403.jpg\",\"contentUrl\":\"https:\\\/\\\/patagoniambiental.com.ar\\\/info\\\/wp-content\\\/uploads\\\/2019\\\/04\\\/San-Martin-de-los-Andes-Centro-600x403.jpg\",\"width\":600,\"height\":403},{\"@type\":\"BreadcrumbList\",\"@id\":\"https:\\\/\\\/patagoniambiental.com.ar\\\/info\\\/san-martin-de-los-andes-sistematiza-los-programas-que-integraran-su-plan-local-de-accion-climatica\\\/#breadcrumb\",\"itemListElement\":[{\"@type\":\"ListItem\",\"position\":1,\"name\":\"Inicio\",\"item\":\"https:\\\/\\\/patagoniambiental.com.ar\\\/info\\\/\"},{\"@type\":\"ListItem\",\"position\":2,\"name\":\"San Mart\u00edn de los Andes sistematiza los programas que integrar\u00e1n su Plan Local de Acci\u00f3n Clim\u00e1tica.\"}]},{\"@type\":\"WebSite\",\"@id\":\"https:\\\/\\\/patagoniambiental.com.ar\\\/info\\\/#website\",\"url\":\"https:\\\/\\\/patagoniambiental.com.ar\\\/info\\\/\",\"name\":\"Patagonia Ambiental\",\"description\":\"Monitoreo y an\u00e1lisis de la situaci\u00f3n geopol\u00edtica en el mundo y su implicancia en la Patagonia\",\"publisher\":{\"@id\":\"https:\\\/\\\/patagoniambiental.com.ar\\\/info\\\/#organization\"},\"potentialAction\":[{\"@type\":\"SearchAction\",\"target\":{\"@type\":\"EntryPoint\",\"urlTemplate\":\"https:\\\/\\\/patagoniambiental.com.ar\\\/info\\\/?s={search_term_string}\"},\"query-input\":{\"@type\":\"PropertyValueSpecification\",\"valueRequired\":true,\"valueName\":\"search_term_string\"}}],\"inLanguage\":\"es\"},{\"@type\":\"Organization\",\"@id\":\"https:\\\/\\\/patagoniambiental.com.ar\\\/info\\\/#organization\",\"name\":\"Patagonia Ambiental\",\"url\":\"https:\\\/\\\/patagoniambiental.com.ar\\\/info\\\/\",\"logo\":{\"@type\":\"ImageObject\",\"inLanguage\":\"es\",\"@id\":\"https:\\\/\\\/patagoniambiental.com.ar\\\/info\\\/#\\\/schema\\\/logo\\\/image\\\/\",\"url\":\"https:\\\/\\\/patagoniambiental.com.ar\\\/info\\\/wp-content\\\/uploads\\\/2025\\\/05\\\/LOGO-PATAGONIA-AMBIENTAL.png\",\"contentUrl\":\"https:\\\/\\\/patagoniambiental.com.ar\\\/info\\\/wp-content\\\/uploads\\\/2025\\\/05\\\/LOGO-PATAGONIA-AMBIENTAL.png\",\"width\":433,\"height\":250,\"caption\":\"Patagonia Ambiental\"},\"image\":{\"@id\":\"https:\\\/\\\/patagoniambiental.com.ar\\\/info\\\/#\\\/schema\\\/logo\\\/image\\\/\"},\"sameAs\":[\"https:\\\/\\\/www.facebook.com\\\/patagonia.ambiental\",\"https:\\\/\\\/x.com\\\/PatAmb\"]},{\"@type\":\"Person\",\"@id\":\"https:\\\/\\\/patagoniambiental.com.ar\\\/info\\\/#\\\/schema\\\/person\\\/db12bff64bbcbf6a253710bf0ea37b5d\",\"name\":\"Patagonia Ambiental\",\"description\":\"Andr\u00e9s Nievas T\u00e9cnico en manejo ambiental, consultor Ambiental y escritor para medios locales e internacionales sobre temas de geopolitica y medio ambiente.\",\"sameAs\":[\"http:\\\/\\\/www.patagoniambiental.com.ar\",\"https:\\\/\\\/www.facebook.com\\\/share\\\/1C1V8Gv9BX\\\/?mibextid=qi2Omg\",\"@patagoniambiental\",\"https:\\\/\\\/youtube.com\\\/@patagoniaambiental2023?si=BLt58t0wuXquxlYZ\"]}]}<\/script>\n<!-- \/ Yoast SEO Premium plugin. -->","yoast_head_json":{"title":"San Mart\u00edn de los Andes sistematiza los programas que integrar\u00e1n su Plan Local de Acci\u00f3n Clim\u00e1tica.","robots":{"index":"index","follow":"follow","max-snippet":"max-snippet:-1","max-image-preview":"max-image-preview:large","max-video-preview":"max-video-preview:-1"},"canonical":"https:\/\/patagoniambiental.com.ar\/info\/san-martin-de-los-andes-sistematiza-los-programas-que-integraran-su-plan-local-de-accion-climatica\/","og_locale":"es_ES","og_type":"article","og_title":"San Mart\u00edn de los Andes sistematiza los programas que integrar\u00e1n su Plan Local de Acci\u00f3n Clim\u00e1tica.","og_description":"San Mart\u00edn de los Andes.-La intendenta municipal,\u00a0Brunilda Rebolledo, firm\u00f3 la adhesi\u00f3n a la RAMCC a\u00a0principios del 2017, asumiendo el compromiso [&hellip;]","og_url":"https:\/\/patagoniambiental.com.ar\/info\/san-martin-de-los-andes-sistematiza-los-programas-que-integraran-su-plan-local-de-accion-climatica\/","og_site_name":"Patagonia Ambiental","article_publisher":"https:\/\/www.facebook.com\/patagonia.ambiental","article_author":"https:\/\/www.facebook.com\/share\/1C1V8Gv9BX\/?mibextid=qi2Omg","article_published_time":"2019-04-09T10:00:18+00:00","og_image":[{"width":600,"height":403,"url":"https:\/\/patagoniambiental.com.ar\/info\/wp-content\/uploads\/2019\/04\/San-Martin-de-los-Andes-Centro-600x403.jpg","type":"image\/jpeg"}],"author":"Patagonia Ambiental","twitter_card":"summary_large_image","twitter_creator":"@PatAmb","twitter_site":"@PatAmb","schema":{"@context":"https:\/\/schema.org","@graph":[{"@type":"Article","@id":"https:\/\/patagoniambiental.com.ar\/info\/san-martin-de-los-andes-sistematiza-los-programas-que-integraran-su-plan-local-de-accion-climatica\/#article","isPartOf":{"@id":"https:\/\/patagoniambiental.com.ar\/info\/san-martin-de-los-andes-sistematiza-los-programas-que-integraran-su-plan-local-de-accion-climatica\/"},"author":{"name":"Patagonia Ambiental","@id":"https:\/\/patagoniambiental.com.ar\/info\/#\/schema\/person\/db12bff64bbcbf6a253710bf0ea37b5d"},"headline":"San Mart\u00edn de los Andes sistematiza los programas que integrar\u00e1n su Plan Local de Acci\u00f3n Clim\u00e1tica.","datePublished":"2019-04-09T10:00:18+00:00","mainEntityOfPage":{"@id":"https:\/\/patagoniambiental.com.ar\/info\/san-martin-de-los-andes-sistematiza-los-programas-que-integraran-su-plan-local-de-accion-climatica\/"},"wordCount":1360,"commentCount":0,"publisher":{"@id":"https:\/\/patagoniambiental.com.ar\/info\/#organization"},"image":{"@id":"https:\/\/patagoniambiental.com.ar\/info\/san-martin-de-los-andes-sistematiza-los-programas-que-integraran-su-plan-local-de-accion-climatica\/#primaryimage"},"thumbnailUrl":"https:\/\/patagoniambiental.com.ar\/info\/wp-content\/uploads\/2019\/04\/San-Martin-de-los-Andes-Centro-600x403.jpg","articleSection":["Bolet\u00edn","Municipales","Noticias"],"inLanguage":"es","potentialAction":[{"@type":"CommentAction","name":"Comment","target":["https:\/\/patagoniambiental.com.ar\/info\/san-martin-de-los-andes-sistematiza-los-programas-que-integraran-su-plan-local-de-accion-climatica\/#respond"]}]},{"@type":"WebPage","@id":"https:\/\/patagoniambiental.com.ar\/info\/san-martin-de-los-andes-sistematiza-los-programas-que-integraran-su-plan-local-de-accion-climatica\/","url":"https:\/\/patagoniambiental.com.ar\/info\/san-martin-de-los-andes-sistematiza-los-programas-que-integraran-su-plan-local-de-accion-climatica\/","name":"San Mart\u00edn de los Andes sistematiza los programas que integrar\u00e1n su Plan Local de Acci\u00f3n Clim\u00e1tica.","isPartOf":{"@id":"https:\/\/patagoniambiental.com.ar\/info\/#website"},"primaryImageOfPage":{"@id":"https:\/\/patagoniambiental.com.ar\/info\/san-martin-de-los-andes-sistematiza-los-programas-que-integraran-su-plan-local-de-accion-climatica\/#primaryimage"},"image":{"@id":"https:\/\/patagoniambiental.com.ar\/info\/san-martin-de-los-andes-sistematiza-los-programas-que-integraran-su-plan-local-de-accion-climatica\/#primaryimage"},"thumbnailUrl":"https:\/\/patagoniambiental.com.ar\/info\/wp-content\/uploads\/2019\/04\/San-Martin-de-los-Andes-Centro-600x403.jpg","datePublished":"2019-04-09T10:00:18+00:00","breadcrumb":{"@id":"https:\/\/patagoniambiental.com.ar\/info\/san-martin-de-los-andes-sistematiza-los-programas-que-integraran-su-plan-local-de-accion-climatica\/#breadcrumb"},"inLanguage":"es","potentialAction":[{"@type":"ReadAction","target":["https:\/\/patagoniambiental.com.ar\/info\/san-martin-de-los-andes-sistematiza-los-programas-que-integraran-su-plan-local-de-accion-climatica\/"]}]},{"@type":"ImageObject","inLanguage":"es","@id":"https:\/\/patagoniambiental.com.ar\/info\/san-martin-de-los-andes-sistematiza-los-programas-que-integraran-su-plan-local-de-accion-climatica\/#primaryimage","url":"https:\/\/patagoniambiental.com.ar\/info\/wp-content\/uploads\/2019\/04\/San-Martin-de-los-Andes-Centro-600x403.jpg","contentUrl":"https:\/\/patagoniambiental.com.ar\/info\/wp-content\/uploads\/2019\/04\/San-Martin-de-los-Andes-Centro-600x403.jpg","width":600,"height":403},{"@type":"BreadcrumbList","@id":"https:\/\/patagoniambiental.com.ar\/info\/san-martin-de-los-andes-sistematiza-los-programas-que-integraran-su-plan-local-de-accion-climatica\/#breadcrumb","itemListElement":[{"@type":"ListItem","position":1,"name":"Inicio","item":"https:\/\/patagoniambiental.com.ar\/info\/"},{"@type":"ListItem","position":2,"name":"San Mart\u00edn de los Andes sistematiza los programas que integrar\u00e1n su Plan Local de Acci\u00f3n Clim\u00e1tica."}]},{"@type":"WebSite","@id":"https:\/\/patagoniambiental.com.ar\/info\/#website","url":"https:\/\/patagoniambiental.com.ar\/info\/","name":"Patagonia Ambiental","description":"Monitoreo y an\u00e1lisis de la situaci\u00f3n geopol\u00edtica en el mundo y su implicancia en la Patagonia","publisher":{"@id":"https:\/\/patagoniambiental.com.ar\/info\/#organization"},"potentialAction":[{"@type":"SearchAction","target":{"@type":"EntryPoint","urlTemplate":"https:\/\/patagoniambiental.com.ar\/info\/?s={search_term_string}"},"query-input":{"@type":"PropertyValueSpecification","valueRequired":true,"valueName":"search_term_string"}}],"inLanguage":"es"},{"@type":"Organization","@id":"https:\/\/patagoniambiental.com.ar\/info\/#organization","name":"Patagonia Ambiental","url":"https:\/\/patagoniambiental.com.ar\/info\/","logo":{"@type":"ImageObject","inLanguage":"es","@id":"https:\/\/patagoniambiental.com.ar\/info\/#\/schema\/logo\/image\/","url":"https:\/\/patagoniambiental.com.ar\/info\/wp-content\/uploads\/2025\/05\/LOGO-PATAGONIA-AMBIENTAL.png","contentUrl":"https:\/\/patagoniambiental.com.ar\/info\/wp-content\/uploads\/2025\/05\/LOGO-PATAGONIA-AMBIENTAL.png","width":433,"height":250,"caption":"Patagonia Ambiental"},"image":{"@id":"https:\/\/patagoniambiental.com.ar\/info\/#\/schema\/logo\/image\/"},"sameAs":["https:\/\/www.facebook.com\/patagonia.ambiental","https:\/\/x.com\/PatAmb"]},{"@type":"Person","@id":"https:\/\/patagoniambiental.com.ar\/info\/#\/schema\/person\/db12bff64bbcbf6a253710bf0ea37b5d","name":"Patagonia Ambiental","description":"Andr\u00e9s Nievas T\u00e9cnico en manejo ambiental, consultor Ambiental y escritor para medios locales e internacionales sobre temas de geopolitica y medio ambiente.","sameAs":["http:\/\/www.patagoniambiental.com.ar","https:\/\/www.facebook.com\/share\/1C1V8Gv9BX\/?mibextid=qi2Omg","@patagoniambiental","https:\/\/youtube.com\/@patagoniaambiental2023?si=BLt58t0wuXquxlYZ"]}]}},"_links":{"self":[{"href":"https:\/\/patagoniambiental.com.ar\/info\/wp-json\/wp\/v2\/posts\/60069","targetHints":{"allow":["GET"]}}],"collection":[{"href":"https:\/\/patagoniambiental.com.ar\/info\/wp-json\/wp\/v2\/posts"}],"about":[{"href":"https:\/\/patagoniambiental.com.ar\/info\/wp-json\/wp\/v2\/types\/post"}],"author":[{"embeddable":true,"href":"https:\/\/patagoniambiental.com.ar\/info\/wp-json\/wp\/v2\/users\/2"}],"replies":[{"embeddable":true,"href":"https:\/\/patagoniambiental.com.ar\/info\/wp-json\/wp\/v2\/comments?post=60069"}],"version-history":[{"count":0,"href":"https:\/\/patagoniambiental.com.ar\/info\/wp-json\/wp\/v2\/posts\/60069\/revisions"}],"wp:featuredmedia":[{"embeddable":true,"href":"https:\/\/patagoniambiental.com.ar\/info\/wp-json\/wp\/v2\/media\/60070"}],"wp:attachment":[{"href":"https:\/\/patagoniambiental.com.ar\/info\/wp-json\/wp\/v2\/media?parent=60069"}],"wp:term":[{"taxonomy":"category","embeddable":true,"href":"https:\/\/patagoniambiental.com.ar\/info\/wp-json\/wp\/v2\/categories?post=60069"},{"taxonomy":"post_tag","embeddable":true,"href":"https:\/\/patagoniambiental.com.ar\/info\/wp-json\/wp\/v2\/tags?post=60069"}],"curies":[{"name":"wp","href":"https:\/\/api.w.org\/{rel}","templated":true}]}}