{"id":60075,"date":"2019-04-08T19:00:49","date_gmt":"2019-04-08T22:00:49","guid":{"rendered":"http:\/\/patagoniambiental.com.ar\/info\/?p=60075"},"modified":"2019-04-08T15:18:18","modified_gmt":"2019-04-08T18:18:18","slug":"cambioclimatico-rio-negro-implementara-un-proyecto-sobre-gases-de-efecto-invernadero","status":"publish","type":"post","link":"https:\/\/patagoniambiental.com.ar\/info\/cambioclimatico-rio-negro-implementara-un-proyecto-sobre-gases-de-efecto-invernadero\/","title":{"rendered":"Cambioclim\u00e1tico:\u00a0R\u00edo Negro\u00a0implementar\u00e1 un proyecto sobre gases de efecto invernadero"},"content":{"rendered":"<div id=\"js_13\" class=\"_5pbx userContent _3576\" data-ft=\"{&quot;tn&quot;:&quot;K&quot;}\">\n<div id=\"id_5cab8ff72153d5023219751\" class=\"text_exposed_root text_exposed\">\n<p>Rio Negro.-La Provincia apuesta a un proyecto que permitir\u00e1 contar con un diagn\u00f3stico inicial de emisiones de gases de efecto invernadero por sectores. La iniciativa dar\u00e1 lugar al desarrollo de un Plan de Acci\u00f3n Provincial en materia de Cambio Clim\u00e1tico.<\/p>\n<p><!--more--><\/p>\n<p>El proyecto ya fue presentado al Consejo Federal de Inversiones para su financiaci\u00f3n. Por este motivo, la secretaria de Ambiente y Desarrollo Suste<span class=\"text_exposed_show\">ntable, Dina Migani, se reuni\u00f3 con la secretaria de Programas Especiales y Enlace con CFI, Laura Perilli, para definir los pasos a seguir para la elaboraci\u00f3n de un Inventario de Gases Efecto Invernadero (INVGEIs) para R\u00edo Negro.<\/span><\/p>\n<div class=\"text_exposed_show\">\n<p>\u201cTrabajamos conjuntamente con la Fundaci\u00f3n Bariloche en el desarrollo de la propuesta que permitir\u00e1 elaborar un INVGEI para la Provincia, de acuerdo con la metodolog\u00eda dise\u00f1ada por el Panel Intergubernamental de Expertos sobre Cambio Clim\u00e1tico (IPCC), siguiendo los criterios generales de transparencia, exhaustividad, exactitud, consistencia y comparabilidad que plantean las buenas pr\u00e1cticas para la elaboraci\u00f3n de INVGEIs\u201d, explic\u00f3 Migani.<\/p>\n<p>A la fecha, se est\u00e1n cumpliendo los plazos administrativos previos a la firma del contrato que permitir\u00e1 dar inicio a las actividades, que se estima que comiencen a mediados de abril.<\/p>\n<\/div>\n<\/div>\n<\/div>\n<p>&nbsp;<\/p>\n<div class=\"_3x-2\" data-ft=\"{&quot;tn&quot;:&quot;H&quot;}\">\n<div data-ft=\"{&quot;tn&quot;:&quot;H&quot;}\">\n<div class=\"mtm\">\n<div>\n<div class=\"_5cq3 _1ktf\" data-ft=\"{&quot;tn&quot;:&quot;E&quot;}\">\n<div id=\"u_d_j\" class=\"uiScaledImageContainer _4-ep\"><img fetchpriority=\"high\" decoding=\"async\" class=\"scaledImageFitWidth img\" src=\"https:\/\/scontent.faep1-1.fna.fbcdn.net\/v\/t1.0-0\/s480x480\/56902355_2313262222328144_995364718161952768_n.jpg?_nc_cat=100&amp;_nc_ht=scontent.faep1-1.fna&amp;oh=66eeebe69cfe6a8121ec0a5489dc6dde&amp;oe=5D420879\" alt=\"La imagen puede contener: 2 personas, personas sentadas e interior\" width=\"474\" height=\"356\" \/><\/div>\n<div>Fuente: SA y DS de Rio Negro<\/div>\n<\/div>\n<\/div>\n<\/div>\n<\/div>\n<\/div>\n","protected":false},"excerpt":{"rendered":"<p>Rio Negro.-La Provincia apuesta a un proyecto que permitir\u00e1 contar con un diagn\u00f3stico inicial de emisiones de gases de efecto [&hellip;]<\/p>\n","protected":false},"author":2,"featured_media":60076,"comment_status":"open","ping_status":"open","sticky":false,"template":"","format":"standard","meta":{"site-sidebar-layout":"default","site-content-layout":"","ast-site-content-layout":"default","site-content-style":"default","site-sidebar-style":"default","ast-global-header-display":"","ast-banner-title-visibility":"","ast-main-header-display":"","ast-hfb-above-header-display":"","ast-hfb-below-header-display":"","ast-hfb-mobile-header-display":"","site-post-title":"","ast-breadcrumbs-content":"","ast-featured-img":"","footer-sml-layout":"","ast-disable-related-posts":"","theme-transparent-header-meta":"","adv-header-id-meta":"","stick-header-meta":"","header-above-stick-meta":"","header-main-stick-meta":"","header-below-stick-meta":"","astra-migrate-meta-layouts":"default","ast-page-background-enabled":"default","ast-page-background-meta":{"desktop":{"background-color":"var(--ast-global-color-5)","background-image":"","background-repeat":"repeat","background-position":"center center","background-size":"auto","background-attachment":"scroll","background-type":"","background-media":"","overlay-type":"","overlay-color":"","overlay-opacity":"","overlay-gradient":""},"tablet":{"background-color":"","background-image":"","background-repeat":"repeat","background-position":"center center","background-size":"auto","background-attachment":"scroll","background-type":"","background-media":"","overlay-type":"","overlay-color":"","overlay-opacity":"","overlay-gradient":""},"mobile":{"background-color":"","background-image":"","background-repeat":"repeat","background-position":"center center","background-size":"auto","background-attachment":"scroll","background-type":"","background-media":"","overlay-type":"","overlay-color":"","overlay-opacity":"","overlay-gradient":""}},"ast-content-background-meta":{"desktop":{"background-color":"var(--ast-global-color-4)","background-image":"","background-repeat":"repeat","background-position":"center center","background-size":"auto","background-attachment":"scroll","background-type":"","background-media":"","overlay-type":"","overlay-color":"","overlay-opacity":"","overlay-gradient":""},"tablet":{"background-color":"var(--ast-global-color-4)","background-image":"","background-repeat":"repeat","background-position":"center center","background-size":"auto","background-attachment":"scroll","background-type":"","background-media":"","overlay-type":"","overlay-color":"","overlay-opacity":"","overlay-gradient":""},"mobile":{"background-color":"var(--ast-global-color-4)","background-image":"","background-repeat":"repeat","background-position":"center center","background-size":"auto","background-attachment":"scroll","background-type":"","background-media":"","overlay-type":"","overlay-color":"","overlay-opacity":"","overlay-gradient":""}},"footnotes":""},"categories":[1,13,14],"tags":[],"class_list":["post-60075","post","type-post","status-publish","format-standard","has-post-thumbnail","hentry","category-noticias","category-provinciales","category-rio-negro"],"yoast_head":"<!-- This site is optimized with the Yoast SEO Premium plugin v23.0 (Yoast SEO v27.5) - https:\/\/yoast.com\/product\/yoast-seo-premium-wordpress\/ -->\n<title>Cambioclim\u00e1tico:\u00a0R\u00edo Negro\u00a0implementar\u00e1 un proyecto sobre gases de efecto invernadero<\/title>\n<meta name=\"robots\" content=\"index, follow, max-snippet:-1, max-image-preview:large, max-video-preview:-1\" \/>\n<link rel=\"canonical\" href=\"https:\/\/patagoniambiental.com.ar\/info\/cambioclimatico-rio-negro-implementara-un-proyecto-sobre-gases-de-efecto-invernadero\/\" \/>\n<meta property=\"og:locale\" content=\"es_ES\" \/>\n<meta property=\"og:type\" content=\"article\" \/>\n<meta property=\"og:title\" content=\"Cambioclim\u00e1tico:\u00a0R\u00edo Negro\u00a0implementar\u00e1 un proyecto sobre gases de efecto invernadero\" \/>\n<meta property=\"og:description\" content=\"Rio Negro.-La Provincia apuesta a un proyecto que permitir\u00e1 contar con un diagn\u00f3stico inicial de emisiones de gases de efecto [&hellip;]\" \/>\n<meta property=\"og:url\" content=\"https:\/\/patagoniambiental.com.ar\/info\/cambioclimatico-rio-negro-implementara-un-proyecto-sobre-gases-de-efecto-invernadero\/\" \/>\n<meta property=\"og:site_name\" content=\"Patagonia Ambiental\" \/>\n<meta property=\"article:publisher\" content=\"https:\/\/www.facebook.com\/patagonia.ambiental\" \/>\n<meta property=\"article:author\" content=\"https:\/\/www.facebook.com\/share\/1C1V8Gv9BX\/?mibextid=qi2Omg\" \/>\n<meta property=\"article:published_time\" content=\"2019-04-08T22:00:49+00:00\" \/>\n<meta property=\"og:image\" content=\"https:\/\/patagoniambiental.com.ar\/info\/wp-content\/uploads\/2019\/04\/56902355_2313262222328144_995364718161952768_n.jpg\" \/>\n\t<meta property=\"og:image:width\" content=\"480\" \/>\n\t<meta property=\"og:image:height\" content=\"360\" \/>\n\t<meta property=\"og:image:type\" content=\"image\/jpeg\" \/>\n<meta name=\"author\" content=\"Patagonia Ambiental\" \/>\n<meta name=\"twitter:card\" content=\"summary_large_image\" \/>\n<meta name=\"twitter:creator\" content=\"@PatAmb\" \/>\n<meta name=\"twitter:site\" content=\"@PatAmb\" \/>\n<script type=\"application\/ld+json\" class=\"yoast-schema-graph\">{\"@context\":\"https:\\\/\\\/schema.org\",\"@graph\":[{\"@type\":\"Article\",\"@id\":\"https:\\\/\\\/patagoniambiental.com.ar\\\/info\\\/cambioclimatico-rio-negro-implementara-un-proyecto-sobre-gases-de-efecto-invernadero\\\/#article\",\"isPartOf\":{\"@id\":\"https:\\\/\\\/patagoniambiental.com.ar\\\/info\\\/cambioclimatico-rio-negro-implementara-un-proyecto-sobre-gases-de-efecto-invernadero\\\/\"},\"author\":{\"name\":\"Patagonia Ambiental\",\"@id\":\"https:\\\/\\\/patagoniambiental.com.ar\\\/info\\\/#\\\/schema\\\/person\\\/db12bff64bbcbf6a253710bf0ea37b5d\"},\"headline\":\"Cambioclim\u00e1tico:\u00a0R\u00edo Negro\u00a0implementar\u00e1 un proyecto sobre gases de efecto invernadero\",\"datePublished\":\"2019-04-08T22:00:49+00:00\",\"mainEntityOfPage\":{\"@id\":\"https:\\\/\\\/patagoniambiental.com.ar\\\/info\\\/cambioclimatico-rio-negro-implementara-un-proyecto-sobre-gases-de-efecto-invernadero\\\/\"},\"wordCount\":224,\"commentCount\":0,\"publisher\":{\"@id\":\"https:\\\/\\\/patagoniambiental.com.ar\\\/info\\\/#organization\"},\"image\":{\"@id\":\"https:\\\/\\\/patagoniambiental.com.ar\\\/info\\\/cambioclimatico-rio-negro-implementara-un-proyecto-sobre-gases-de-efecto-invernadero\\\/#primaryimage\"},\"thumbnailUrl\":\"https:\\\/\\\/patagoniambiental.com.ar\\\/info\\\/wp-content\\\/uploads\\\/2019\\\/04\\\/56902355_2313262222328144_995364718161952768_n.jpg\",\"articleSection\":[\"Noticias\",\"Provinciales\",\"R\u00edo Negro\"],\"inLanguage\":\"es\",\"potentialAction\":[{\"@type\":\"CommentAction\",\"name\":\"Comment\",\"target\":[\"https:\\\/\\\/patagoniambiental.com.ar\\\/info\\\/cambioclimatico-rio-negro-implementara-un-proyecto-sobre-gases-de-efecto-invernadero\\\/#respond\"]}]},{\"@type\":\"WebPage\",\"@id\":\"https:\\\/\\\/patagoniambiental.com.ar\\\/info\\\/cambioclimatico-rio-negro-implementara-un-proyecto-sobre-gases-de-efecto-invernadero\\\/\",\"url\":\"https:\\\/\\\/patagoniambiental.com.ar\\\/info\\\/cambioclimatico-rio-negro-implementara-un-proyecto-sobre-gases-de-efecto-invernadero\\\/\",\"name\":\"Cambioclim\u00e1tico:\u00a0R\u00edo Negro\u00a0implementar\u00e1 un proyecto sobre gases de efecto invernadero\",\"isPartOf\":{\"@id\":\"https:\\\/\\\/patagoniambiental.com.ar\\\/info\\\/#website\"},\"primaryImageOfPage\":{\"@id\":\"https:\\\/\\\/patagoniambiental.com.ar\\\/info\\\/cambioclimatico-rio-negro-implementara-un-proyecto-sobre-gases-de-efecto-invernadero\\\/#primaryimage\"},\"image\":{\"@id\":\"https:\\\/\\\/patagoniambiental.com.ar\\\/info\\\/cambioclimatico-rio-negro-implementara-un-proyecto-sobre-gases-de-efecto-invernadero\\\/#primaryimage\"},\"thumbnailUrl\":\"https:\\\/\\\/patagoniambiental.com.ar\\\/info\\\/wp-content\\\/uploads\\\/2019\\\/04\\\/56902355_2313262222328144_995364718161952768_n.jpg\",\"datePublished\":\"2019-04-08T22:00:49+00:00\",\"breadcrumb\":{\"@id\":\"https:\\\/\\\/patagoniambiental.com.ar\\\/info\\\/cambioclimatico-rio-negro-implementara-un-proyecto-sobre-gases-de-efecto-invernadero\\\/#breadcrumb\"},\"inLanguage\":\"es\",\"potentialAction\":[{\"@type\":\"ReadAction\",\"target\":[\"https:\\\/\\\/patagoniambiental.com.ar\\\/info\\\/cambioclimatico-rio-negro-implementara-un-proyecto-sobre-gases-de-efecto-invernadero\\\/\"]}]},{\"@type\":\"ImageObject\",\"inLanguage\":\"es\",\"@id\":\"https:\\\/\\\/patagoniambiental.com.ar\\\/info\\\/cambioclimatico-rio-negro-implementara-un-proyecto-sobre-gases-de-efecto-invernadero\\\/#primaryimage\",\"url\":\"https:\\\/\\\/patagoniambiental.com.ar\\\/info\\\/wp-content\\\/uploads\\\/2019\\\/04\\\/56902355_2313262222328144_995364718161952768_n.jpg\",\"contentUrl\":\"https:\\\/\\\/patagoniambiental.com.ar\\\/info\\\/wp-content\\\/uploads\\\/2019\\\/04\\\/56902355_2313262222328144_995364718161952768_n.jpg\",\"width\":480,\"height\":360},{\"@type\":\"BreadcrumbList\",\"@id\":\"https:\\\/\\\/patagoniambiental.com.ar\\\/info\\\/cambioclimatico-rio-negro-implementara-un-proyecto-sobre-gases-de-efecto-invernadero\\\/#breadcrumb\",\"itemListElement\":[{\"@type\":\"ListItem\",\"position\":1,\"name\":\"Inicio\",\"item\":\"https:\\\/\\\/patagoniambiental.com.ar\\\/info\\\/\"},{\"@type\":\"ListItem\",\"position\":2,\"name\":\"Cambioclim\u00e1tico:\u00a0R\u00edo Negro\u00a0implementar\u00e1 un proyecto sobre gases de efecto invernadero\"}]},{\"@type\":\"WebSite\",\"@id\":\"https:\\\/\\\/patagoniambiental.com.ar\\\/info\\\/#website\",\"url\":\"https:\\\/\\\/patagoniambiental.com.ar\\\/info\\\/\",\"name\":\"Patagonia Ambiental\",\"description\":\"Monitoreo y an\u00e1lisis de la situaci\u00f3n geopol\u00edtica en el mundo y su implicancia en la Patagonia\",\"publisher\":{\"@id\":\"https:\\\/\\\/patagoniambiental.com.ar\\\/info\\\/#organization\"},\"potentialAction\":[{\"@type\":\"SearchAction\",\"target\":{\"@type\":\"EntryPoint\",\"urlTemplate\":\"https:\\\/\\\/patagoniambiental.com.ar\\\/info\\\/?s={search_term_string}\"},\"query-input\":{\"@type\":\"PropertyValueSpecification\",\"valueRequired\":true,\"valueName\":\"search_term_string\"}}],\"inLanguage\":\"es\"},{\"@type\":\"Organization\",\"@id\":\"https:\\\/\\\/patagoniambiental.com.ar\\\/info\\\/#organization\",\"name\":\"Patagonia Ambiental\",\"url\":\"https:\\\/\\\/patagoniambiental.com.ar\\\/info\\\/\",\"logo\":{\"@type\":\"ImageObject\",\"inLanguage\":\"es\",\"@id\":\"https:\\\/\\\/patagoniambiental.com.ar\\\/info\\\/#\\\/schema\\\/logo\\\/image\\\/\",\"url\":\"https:\\\/\\\/patagoniambiental.com.ar\\\/info\\\/wp-content\\\/uploads\\\/2025\\\/05\\\/LOGO-PATAGONIA-AMBIENTAL.png\",\"contentUrl\":\"https:\\\/\\\/patagoniambiental.com.ar\\\/info\\\/wp-content\\\/uploads\\\/2025\\\/05\\\/LOGO-PATAGONIA-AMBIENTAL.png\",\"width\":433,\"height\":250,\"caption\":\"Patagonia Ambiental\"},\"image\":{\"@id\":\"https:\\\/\\\/patagoniambiental.com.ar\\\/info\\\/#\\\/schema\\\/logo\\\/image\\\/\"},\"sameAs\":[\"https:\\\/\\\/www.facebook.com\\\/patagonia.ambiental\",\"https:\\\/\\\/x.com\\\/PatAmb\"]},{\"@type\":\"Person\",\"@id\":\"https:\\\/\\\/patagoniambiental.com.ar\\\/info\\\/#\\\/schema\\\/person\\\/db12bff64bbcbf6a253710bf0ea37b5d\",\"name\":\"Patagonia Ambiental\",\"description\":\"Andr\u00e9s Nievas T\u00e9cnico en manejo ambiental, consultor Ambiental y escritor para medios locales e internacionales sobre temas de geopolitica y medio ambiente.\",\"sameAs\":[\"http:\\\/\\\/www.patagoniambiental.com.ar\",\"https:\\\/\\\/www.facebook.com\\\/share\\\/1C1V8Gv9BX\\\/?mibextid=qi2Omg\",\"@patagoniambiental\",\"https:\\\/\\\/youtube.com\\\/@patagoniaambiental2023?si=BLt58t0wuXquxlYZ\"]}]}<\/script>\n<!-- \/ Yoast SEO Premium plugin. -->","yoast_head_json":{"title":"Cambioclim\u00e1tico:\u00a0R\u00edo Negro\u00a0implementar\u00e1 un proyecto sobre gases de efecto invernadero","robots":{"index":"index","follow":"follow","max-snippet":"max-snippet:-1","max-image-preview":"max-image-preview:large","max-video-preview":"max-video-preview:-1"},"canonical":"https:\/\/patagoniambiental.com.ar\/info\/cambioclimatico-rio-negro-implementara-un-proyecto-sobre-gases-de-efecto-invernadero\/","og_locale":"es_ES","og_type":"article","og_title":"Cambioclim\u00e1tico:\u00a0R\u00edo Negro\u00a0implementar\u00e1 un proyecto sobre gases de efecto invernadero","og_description":"Rio Negro.-La Provincia apuesta a un proyecto que permitir\u00e1 contar con un diagn\u00f3stico inicial de emisiones de gases de efecto [&hellip;]","og_url":"https:\/\/patagoniambiental.com.ar\/info\/cambioclimatico-rio-negro-implementara-un-proyecto-sobre-gases-de-efecto-invernadero\/","og_site_name":"Patagonia Ambiental","article_publisher":"https:\/\/www.facebook.com\/patagonia.ambiental","article_author":"https:\/\/www.facebook.com\/share\/1C1V8Gv9BX\/?mibextid=qi2Omg","article_published_time":"2019-04-08T22:00:49+00:00","og_image":[{"width":480,"height":360,"url":"https:\/\/patagoniambiental.com.ar\/info\/wp-content\/uploads\/2019\/04\/56902355_2313262222328144_995364718161952768_n.jpg","type":"image\/jpeg"}],"author":"Patagonia Ambiental","twitter_card":"summary_large_image","twitter_creator":"@PatAmb","twitter_site":"@PatAmb","schema":{"@context":"https:\/\/schema.org","@graph":[{"@type":"Article","@id":"https:\/\/patagoniambiental.com.ar\/info\/cambioclimatico-rio-negro-implementara-un-proyecto-sobre-gases-de-efecto-invernadero\/#article","isPartOf":{"@id":"https:\/\/patagoniambiental.com.ar\/info\/cambioclimatico-rio-negro-implementara-un-proyecto-sobre-gases-de-efecto-invernadero\/"},"author":{"name":"Patagonia Ambiental","@id":"https:\/\/patagoniambiental.com.ar\/info\/#\/schema\/person\/db12bff64bbcbf6a253710bf0ea37b5d"},"headline":"Cambioclim\u00e1tico:\u00a0R\u00edo Negro\u00a0implementar\u00e1 un proyecto sobre gases de efecto invernadero","datePublished":"2019-04-08T22:00:49+00:00","mainEntityOfPage":{"@id":"https:\/\/patagoniambiental.com.ar\/info\/cambioclimatico-rio-negro-implementara-un-proyecto-sobre-gases-de-efecto-invernadero\/"},"wordCount":224,"commentCount":0,"publisher":{"@id":"https:\/\/patagoniambiental.com.ar\/info\/#organization"},"image":{"@id":"https:\/\/patagoniambiental.com.ar\/info\/cambioclimatico-rio-negro-implementara-un-proyecto-sobre-gases-de-efecto-invernadero\/#primaryimage"},"thumbnailUrl":"https:\/\/patagoniambiental.com.ar\/info\/wp-content\/uploads\/2019\/04\/56902355_2313262222328144_995364718161952768_n.jpg","articleSection":["Noticias","Provinciales","R\u00edo Negro"],"inLanguage":"es","potentialAction":[{"@type":"CommentAction","name":"Comment","target":["https:\/\/patagoniambiental.com.ar\/info\/cambioclimatico-rio-negro-implementara-un-proyecto-sobre-gases-de-efecto-invernadero\/#respond"]}]},{"@type":"WebPage","@id":"https:\/\/patagoniambiental.com.ar\/info\/cambioclimatico-rio-negro-implementara-un-proyecto-sobre-gases-de-efecto-invernadero\/","url":"https:\/\/patagoniambiental.com.ar\/info\/cambioclimatico-rio-negro-implementara-un-proyecto-sobre-gases-de-efecto-invernadero\/","name":"Cambioclim\u00e1tico:\u00a0R\u00edo Negro\u00a0implementar\u00e1 un proyecto sobre gases de efecto invernadero","isPartOf":{"@id":"https:\/\/patagoniambiental.com.ar\/info\/#website"},"primaryImageOfPage":{"@id":"https:\/\/patagoniambiental.com.ar\/info\/cambioclimatico-rio-negro-implementara-un-proyecto-sobre-gases-de-efecto-invernadero\/#primaryimage"},"image":{"@id":"https:\/\/patagoniambiental.com.ar\/info\/cambioclimatico-rio-negro-implementara-un-proyecto-sobre-gases-de-efecto-invernadero\/#primaryimage"},"thumbnailUrl":"https:\/\/patagoniambiental.com.ar\/info\/wp-content\/uploads\/2019\/04\/56902355_2313262222328144_995364718161952768_n.jpg","datePublished":"2019-04-08T22:00:49+00:00","breadcrumb":{"@id":"https:\/\/patagoniambiental.com.ar\/info\/cambioclimatico-rio-negro-implementara-un-proyecto-sobre-gases-de-efecto-invernadero\/#breadcrumb"},"inLanguage":"es","potentialAction":[{"@type":"ReadAction","target":["https:\/\/patagoniambiental.com.ar\/info\/cambioclimatico-rio-negro-implementara-un-proyecto-sobre-gases-de-efecto-invernadero\/"]}]},{"@type":"ImageObject","inLanguage":"es","@id":"https:\/\/patagoniambiental.com.ar\/info\/cambioclimatico-rio-negro-implementara-un-proyecto-sobre-gases-de-efecto-invernadero\/#primaryimage","url":"https:\/\/patagoniambiental.com.ar\/info\/wp-content\/uploads\/2019\/04\/56902355_2313262222328144_995364718161952768_n.jpg","contentUrl":"https:\/\/patagoniambiental.com.ar\/info\/wp-content\/uploads\/2019\/04\/56902355_2313262222328144_995364718161952768_n.jpg","width":480,"height":360},{"@type":"BreadcrumbList","@id":"https:\/\/patagoniambiental.com.ar\/info\/cambioclimatico-rio-negro-implementara-un-proyecto-sobre-gases-de-efecto-invernadero\/#breadcrumb","itemListElement":[{"@type":"ListItem","position":1,"name":"Inicio","item":"https:\/\/patagoniambiental.com.ar\/info\/"},{"@type":"ListItem","position":2,"name":"Cambioclim\u00e1tico:\u00a0R\u00edo Negro\u00a0implementar\u00e1 un proyecto sobre gases de efecto invernadero"}]},{"@type":"WebSite","@id":"https:\/\/patagoniambiental.com.ar\/info\/#website","url":"https:\/\/patagoniambiental.com.ar\/info\/","name":"Patagonia Ambiental","description":"Monitoreo y an\u00e1lisis de la situaci\u00f3n geopol\u00edtica en el mundo y su implicancia en la Patagonia","publisher":{"@id":"https:\/\/patagoniambiental.com.ar\/info\/#organization"},"potentialAction":[{"@type":"SearchAction","target":{"@type":"EntryPoint","urlTemplate":"https:\/\/patagoniambiental.com.ar\/info\/?s={search_term_string}"},"query-input":{"@type":"PropertyValueSpecification","valueRequired":true,"valueName":"search_term_string"}}],"inLanguage":"es"},{"@type":"Organization","@id":"https:\/\/patagoniambiental.com.ar\/info\/#organization","name":"Patagonia Ambiental","url":"https:\/\/patagoniambiental.com.ar\/info\/","logo":{"@type":"ImageObject","inLanguage":"es","@id":"https:\/\/patagoniambiental.com.ar\/info\/#\/schema\/logo\/image\/","url":"https:\/\/patagoniambiental.com.ar\/info\/wp-content\/uploads\/2025\/05\/LOGO-PATAGONIA-AMBIENTAL.png","contentUrl":"https:\/\/patagoniambiental.com.ar\/info\/wp-content\/uploads\/2025\/05\/LOGO-PATAGONIA-AMBIENTAL.png","width":433,"height":250,"caption":"Patagonia Ambiental"},"image":{"@id":"https:\/\/patagoniambiental.com.ar\/info\/#\/schema\/logo\/image\/"},"sameAs":["https:\/\/www.facebook.com\/patagonia.ambiental","https:\/\/x.com\/PatAmb"]},{"@type":"Person","@id":"https:\/\/patagoniambiental.com.ar\/info\/#\/schema\/person\/db12bff64bbcbf6a253710bf0ea37b5d","name":"Patagonia Ambiental","description":"Andr\u00e9s Nievas T\u00e9cnico en manejo ambiental, consultor Ambiental y escritor para medios locales e internacionales sobre temas de geopolitica y medio ambiente.","sameAs":["http:\/\/www.patagoniambiental.com.ar","https:\/\/www.facebook.com\/share\/1C1V8Gv9BX\/?mibextid=qi2Omg","@patagoniambiental","https:\/\/youtube.com\/@patagoniaambiental2023?si=BLt58t0wuXquxlYZ"]}]}},"_links":{"self":[{"href":"https:\/\/patagoniambiental.com.ar\/info\/wp-json\/wp\/v2\/posts\/60075","targetHints":{"allow":["GET"]}}],"collection":[{"href":"https:\/\/patagoniambiental.com.ar\/info\/wp-json\/wp\/v2\/posts"}],"about":[{"href":"https:\/\/patagoniambiental.com.ar\/info\/wp-json\/wp\/v2\/types\/post"}],"author":[{"embeddable":true,"href":"https:\/\/patagoniambiental.com.ar\/info\/wp-json\/wp\/v2\/users\/2"}],"replies":[{"embeddable":true,"href":"https:\/\/patagoniambiental.com.ar\/info\/wp-json\/wp\/v2\/comments?post=60075"}],"version-history":[{"count":0,"href":"https:\/\/patagoniambiental.com.ar\/info\/wp-json\/wp\/v2\/posts\/60075\/revisions"}],"wp:featuredmedia":[{"embeddable":true,"href":"https:\/\/patagoniambiental.com.ar\/info\/wp-json\/wp\/v2\/media\/60076"}],"wp:attachment":[{"href":"https:\/\/patagoniambiental.com.ar\/info\/wp-json\/wp\/v2\/media?parent=60075"}],"wp:term":[{"taxonomy":"category","embeddable":true,"href":"https:\/\/patagoniambiental.com.ar\/info\/wp-json\/wp\/v2\/categories?post=60075"},{"taxonomy":"post_tag","embeddable":true,"href":"https:\/\/patagoniambiental.com.ar\/info\/wp-json\/wp\/v2\/tags?post=60075"}],"curies":[{"name":"wp","href":"https:\/\/api.w.org\/{rel}","templated":true}]}}