{"id":60089,"date":"2019-04-10T07:00:10","date_gmt":"2019-04-10T10:00:10","guid":{"rendered":"http:\/\/patagoniambiental.com.ar\/info\/?p=60089"},"modified":"2019-04-09T10:07:21","modified_gmt":"2019-04-09T13:07:21","slug":"las-obras-de-saneamiento-del-arroyo-duran-tienen-un-avance-cercano-al-50-por-ciento","status":"publish","type":"post","link":"https:\/\/patagoniambiental.com.ar\/info\/las-obras-de-saneamiento-del-arroyo-duran-tienen-un-avance-cercano-al-50-por-ciento\/","title":{"rendered":"Las obras de saneamiento del arroyo Dur\u00e1n tienen un avance cercano al 50 por ciento"},"content":{"rendered":"<div class=\"td-post-header td-container\">\n<div class=\"td-post-header-holder sombra\">\n<header class=\"td-post-title\">\n<div class=\"td-module-meta-info\">Neuqu\u00e9n.-Los trabajos fueron supervisados hoy por el ministro Mariano Gaido, quien adelant\u00f3 que la obra podr\u00eda ser inaugurada en el transcurso de este a\u00f1o.<\/div>\n<\/header>\n<\/div>\n<\/div>\n<p><!--more--><\/p>\n<div class=\"td-container\">\n<div class=\"td-pb-row\">\n<div class=\"td-pb-span8 td-main-content\" role=\"main\">\n<div class=\"td-ss-main-content\">\n<div class=\"td-post-content\">\n<p>El ministro de Trabajo, Desarrollo Social y Seguridad, Mariano Gaido, recorri\u00f3 hoy las obras que se llevan adelante para el saneamiento y sistematizaci\u00f3n del arroyo Dur\u00e1n de la ciudad de Neuqu\u00e9n. Lo hizo acompa\u00f1ado por el subsecretario de Recursos H\u00eddricos, Horacio Carvalho.<\/p>\n<p>Gaido record\u00f3 que los trabajos tienen un avance \u201cde casi el 50 por ciento y demandar\u00e1n una inversi\u00f3n de aproximadamente 90 millones de pesos\u201d. Adem\u00e1s adelant\u00f3 que se espera poder inaugurar las obras en el transcurso de este a\u00f1o.<\/p>\n<figure id=\"attachment_129823\" class=\"wp-caption aligncenter\"><img fetchpriority=\"high\" decoding=\"async\" class=\"wp-image-129823 size-large\" src=\"https:\/\/www.neuqueninforma.gob.ar\/wp-content\/uploads\/2019\/04\/WEB-PRIMERA-RECORRIDA-ARROYO-DURAN_MG_9137-1024x506.jpg\" sizes=\"(max-width: 640px) 100vw, 640px\" srcset=\"https:\/\/www.neuqueninforma.gob.ar\/wp-content\/uploads\/2019\/04\/WEB-PRIMERA-RECORRIDA-ARROYO-DURAN_MG_9137-1024x506.jpg 1024w, https:\/\/www.neuqueninforma.gob.ar\/wp-content\/uploads\/2019\/04\/WEB-PRIMERA-RECORRIDA-ARROYO-DURAN_MG_9137-300x148.jpg 300w, https:\/\/www.neuqueninforma.gob.ar\/wp-content\/uploads\/2019\/04\/WEB-PRIMERA-RECORRIDA-ARROYO-DURAN_MG_9137-324x160.jpg 324w, https:\/\/www.neuqueninforma.gob.ar\/wp-content\/uploads\/2019\/04\/WEB-PRIMERA-RECORRIDA-ARROYO-DURAN_MG_9137-696x344.jpg 696w, https:\/\/www.neuqueninforma.gob.ar\/wp-content\/uploads\/2019\/04\/WEB-PRIMERA-RECORRIDA-ARROYO-DURAN_MG_9137-1068x528.jpg 1068w, https:\/\/www.neuqueninforma.gob.ar\/wp-content\/uploads\/2019\/04\/WEB-PRIMERA-RECORRIDA-ARROYO-DURAN_MG_9137-850x420.jpg 850w, https:\/\/www.neuqueninforma.gob.ar\/wp-content\/uploads\/2019\/04\/WEB-PRIMERA-RECORRIDA-ARROYO-DURAN_MG_9137-1320x652.jpg 1320w, https:\/\/www.neuqueninforma.gob.ar\/wp-content\/uploads\/2019\/04\/WEB-PRIMERA-RECORRIDA-ARROYO-DURAN_MG_9137.jpg 1403w\" alt=\"\" width=\"640\" height=\"316\" \/><figcaption class=\"wp-caption-text\">Gaido record\u00f3 que los trabajos tienen un avance \u201cde casi el 50 por ciento y demandar\u00e1n una inversi\u00f3n de aproximadamente 90 millones de pesos\u201d.<\/figcaption><\/figure>\n<p>\u201cEs una obra hist\u00f3rica para Neuqu\u00e9n, que permitir\u00e1 que los barrios Don Bosco II, Don Bosco III, Limay, R\u00edo Grande y el centro de la ciudad no se inunden, como ocurre hasta ahora en caso de lluvias extraordinarias\u201d, asegur\u00f3 el ministro.<\/p>\n<p>En este sentido, explic\u00f3 que las primeras cinco de las nueve obras que comprende el proyecto de saneamiento del arroyo Dur\u00e1n \u201cse extienden por diez kil\u00f3metros, desde su nacimiento en el r\u00edo Limay hasta su desembocadura en la zona de los clubes, detr\u00e1s de la residencia oficial de la Costa\u201d.<\/p>\n<p>Gaido dijo que adem\u00e1s est\u00e1n previstas obras de \u201cpuesta en valor del arroyo, para que la zona circundante est\u00e9 parquizada y sea utilizada por las familias como un centro recreativo\u201d.<\/p>\n<figure id=\"attachment_129825\" class=\"wp-caption aligncenter\"><img decoding=\"async\" class=\"wp-image-129825 size-large\" src=\"https:\/\/www.neuqueninforma.gob.ar\/wp-content\/uploads\/2019\/04\/WEB-SEGUNDA-RECORRIDA-ARROYO-DURAN_MG_9089-1024x506.jpg\" sizes=\"(max-width: 640px) 100vw, 640px\" srcset=\"https:\/\/www.neuqueninforma.gob.ar\/wp-content\/uploads\/2019\/04\/WEB-SEGUNDA-RECORRIDA-ARROYO-DURAN_MG_9089-1024x506.jpg 1024w, https:\/\/www.neuqueninforma.gob.ar\/wp-content\/uploads\/2019\/04\/WEB-SEGUNDA-RECORRIDA-ARROYO-DURAN_MG_9089-300x148.jpg 300w, https:\/\/www.neuqueninforma.gob.ar\/wp-content\/uploads\/2019\/04\/WEB-SEGUNDA-RECORRIDA-ARROYO-DURAN_MG_9089-324x160.jpg 324w, https:\/\/www.neuqueninforma.gob.ar\/wp-content\/uploads\/2019\/04\/WEB-SEGUNDA-RECORRIDA-ARROYO-DURAN_MG_9089-696x344.jpg 696w, https:\/\/www.neuqueninforma.gob.ar\/wp-content\/uploads\/2019\/04\/WEB-SEGUNDA-RECORRIDA-ARROYO-DURAN_MG_9089-1068x528.jpg 1068w, https:\/\/www.neuqueninforma.gob.ar\/wp-content\/uploads\/2019\/04\/WEB-SEGUNDA-RECORRIDA-ARROYO-DURAN_MG_9089-850x420.jpg 850w, https:\/\/www.neuqueninforma.gob.ar\/wp-content\/uploads\/2019\/04\/WEB-SEGUNDA-RECORRIDA-ARROYO-DURAN_MG_9089-1320x652.jpg 1320w, https:\/\/www.neuqueninforma.gob.ar\/wp-content\/uploads\/2019\/04\/WEB-SEGUNDA-RECORRIDA-ARROYO-DURAN_MG_9089.jpg 1403w\" alt=\"\" width=\"640\" height=\"316\" \/><figcaption class=\"wp-caption-text\">El ministro adelant\u00f3 que se espera poder inaugurar las obras en el transcurso de este a\u00f1o.<\/figcaption><\/figure>\n<p>Por su parte, Carvalho coment\u00f3 que parte de las obras implican la colocaci\u00f3n de compuertas en la desembocadura del arroyo, que permitir\u00e1n \u201cdescargar en forma r\u00e1pida las aguas en caso de fuertes lluvias, evitando inundaciones en los barrios cercanos\u201d.<\/p>\n<p>Adem\u00e1s, record\u00f3 que las aguas del arroyo \u201cno se vuelcan directamente en el brazo del Limay que pasa por los clubes y el balneario Albino Cotro, sino que pasan por debajo mediante un sif\u00f3n y van directamente al r\u00edo\u201d.<\/p>\n<div id=\"gallery-1\" class=\"gallery galleryid-129821 gallery-columns-3 gallery-size-thumbnail\">Fuente: Neuqu\u00e9n Informa<\/div>\n<\/div>\n<\/div>\n<\/div>\n<\/div>\n<\/div>\n","protected":false},"excerpt":{"rendered":"<p>Neuqu\u00e9n.-Los trabajos fueron supervisados hoy por el ministro Mariano Gaido, quien adelant\u00f3 que la obra podr\u00eda ser inaugurada en el [&hellip;]<\/p>\n","protected":false},"author":2,"featured_media":60090,"comment_status":"open","ping_status":"open","sticky":false,"template":"","format":"standard","meta":{"site-sidebar-layout":"default","site-content-layout":"","ast-site-content-layout":"default","site-content-style":"default","site-sidebar-style":"default","ast-global-header-display":"","ast-banner-title-visibility":"","ast-main-header-display":"","ast-hfb-above-header-display":"","ast-hfb-below-header-display":"","ast-hfb-mobile-header-display":"","site-post-title":"","ast-breadcrumbs-content":"","ast-featured-img":"","footer-sml-layout":"","ast-disable-related-posts":"","theme-transparent-header-meta":"","adv-header-id-meta":"","stick-header-meta":"","header-above-stick-meta":"","header-main-stick-meta":"","header-below-stick-meta":"","astra-migrate-meta-layouts":"default","ast-page-background-enabled":"default","ast-page-background-meta":{"desktop":{"background-color":"var(--ast-global-color-5)","background-image":"","background-repeat":"repeat","background-position":"center center","background-size":"auto","background-attachment":"scroll","background-type":"","background-media":"","overlay-type":"","overlay-color":"","overlay-opacity":"","overlay-gradient":""},"tablet":{"background-color":"","background-image":"","background-repeat":"repeat","background-position":"center center","background-size":"auto","background-attachment":"scroll","background-type":"","background-media":"","overlay-type":"","overlay-color":"","overlay-opacity":"","overlay-gradient":""},"mobile":{"background-color":"","background-image":"","background-repeat":"repeat","background-position":"center center","background-size":"auto","background-attachment":"scroll","background-type":"","background-media":"","overlay-type":"","overlay-color":"","overlay-opacity":"","overlay-gradient":""}},"ast-content-background-meta":{"desktop":{"background-color":"var(--ast-global-color-4)","background-image":"","background-repeat":"repeat","background-position":"center center","background-size":"auto","background-attachment":"scroll","background-type":"","background-media":"","overlay-type":"","overlay-color":"","overlay-opacity":"","overlay-gradient":""},"tablet":{"background-color":"var(--ast-global-color-4)","background-image":"","background-repeat":"repeat","background-position":"center center","background-size":"auto","background-attachment":"scroll","background-type":"","background-media":"","overlay-type":"","overlay-color":"","overlay-opacity":"","overlay-gradient":""},"mobile":{"background-color":"var(--ast-global-color-4)","background-image":"","background-repeat":"repeat","background-position":"center center","background-size":"auto","background-attachment":"scroll","background-type":"","background-media":"","overlay-type":"","overlay-color":"","overlay-opacity":"","overlay-gradient":""}},"footnotes":""},"categories":[11,18,1,13],"tags":[],"class_list":["post-60089","post","type-post","status-publish","format-standard","has-post-thumbnail","hentry","category-boletin","category-neuquen","category-noticias","category-provinciales"],"yoast_head":"<!-- This site is optimized with the Yoast SEO Premium plugin v23.0 (Yoast SEO v27.5) - https:\/\/yoast.com\/product\/yoast-seo-premium-wordpress\/ -->\n<title>Las obras de saneamiento del arroyo Dur\u00e1n tienen un avance cercano al 50 por ciento<\/title>\n<meta name=\"robots\" content=\"index, follow, max-snippet:-1, max-image-preview:large, max-video-preview:-1\" \/>\n<link rel=\"canonical\" href=\"https:\/\/patagoniambiental.com.ar\/info\/las-obras-de-saneamiento-del-arroyo-duran-tienen-un-avance-cercano-al-50-por-ciento\/\" \/>\n<meta property=\"og:locale\" content=\"es_ES\" \/>\n<meta property=\"og:type\" content=\"article\" \/>\n<meta property=\"og:title\" content=\"Las obras de saneamiento del arroyo Dur\u00e1n tienen un avance cercano al 50 por ciento\" \/>\n<meta property=\"og:description\" content=\"Neuqu\u00e9n.-Los trabajos fueron supervisados hoy por el ministro Mariano Gaido, quien adelant\u00f3 que la obra podr\u00eda ser inaugurada en el [&hellip;]\" \/>\n<meta property=\"og:url\" content=\"https:\/\/patagoniambiental.com.ar\/info\/las-obras-de-saneamiento-del-arroyo-duran-tienen-un-avance-cercano-al-50-por-ciento\/\" \/>\n<meta property=\"og:site_name\" content=\"Patagonia Ambiental\" \/>\n<meta property=\"article:publisher\" content=\"https:\/\/www.facebook.com\/patagonia.ambiental\" \/>\n<meta property=\"article:author\" content=\"https:\/\/www.facebook.com\/share\/1C1V8Gv9BX\/?mibextid=qi2Omg\" \/>\n<meta property=\"article:published_time\" content=\"2019-04-10T10:00:10+00:00\" \/>\n<meta property=\"og:image\" content=\"https:\/\/patagoniambiental.com.ar\/info\/wp-content\/uploads\/2019\/04\/WEB-CABEZA-RECORRIDA-ARROYO-DURAN_MG_9112-1068x528.jpg\" \/>\n\t<meta property=\"og:image:width\" content=\"1068\" \/>\n\t<meta property=\"og:image:height\" content=\"528\" \/>\n\t<meta property=\"og:image:type\" content=\"image\/jpeg\" \/>\n<meta name=\"author\" content=\"Patagonia Ambiental\" \/>\n<meta name=\"twitter:card\" content=\"summary_large_image\" \/>\n<meta name=\"twitter:creator\" content=\"@PatAmb\" \/>\n<meta name=\"twitter:site\" content=\"@PatAmb\" \/>\n<script type=\"application\/ld+json\" class=\"yoast-schema-graph\">{\"@context\":\"https:\\\/\\\/schema.org\",\"@graph\":[{\"@type\":\"Article\",\"@id\":\"https:\\\/\\\/patagoniambiental.com.ar\\\/info\\\/las-obras-de-saneamiento-del-arroyo-duran-tienen-un-avance-cercano-al-50-por-ciento\\\/#article\",\"isPartOf\":{\"@id\":\"https:\\\/\\\/patagoniambiental.com.ar\\\/info\\\/las-obras-de-saneamiento-del-arroyo-duran-tienen-un-avance-cercano-al-50-por-ciento\\\/\"},\"author\":{\"name\":\"Patagonia Ambiental\",\"@id\":\"https:\\\/\\\/patagoniambiental.com.ar\\\/info\\\/#\\\/schema\\\/person\\\/db12bff64bbcbf6a253710bf0ea37b5d\"},\"headline\":\"Las obras de saneamiento del arroyo Dur\u00e1n tienen un avance cercano al 50 por ciento\",\"datePublished\":\"2019-04-10T10:00:10+00:00\",\"mainEntityOfPage\":{\"@id\":\"https:\\\/\\\/patagoniambiental.com.ar\\\/info\\\/las-obras-de-saneamiento-del-arroyo-duran-tienen-un-avance-cercano-al-50-por-ciento\\\/\"},\"wordCount\":390,\"commentCount\":0,\"publisher\":{\"@id\":\"https:\\\/\\\/patagoniambiental.com.ar\\\/info\\\/#organization\"},\"image\":{\"@id\":\"https:\\\/\\\/patagoniambiental.com.ar\\\/info\\\/las-obras-de-saneamiento-del-arroyo-duran-tienen-un-avance-cercano-al-50-por-ciento\\\/#primaryimage\"},\"thumbnailUrl\":\"https:\\\/\\\/patagoniambiental.com.ar\\\/info\\\/wp-content\\\/uploads\\\/2019\\\/04\\\/WEB-CABEZA-RECORRIDA-ARROYO-DURAN_MG_9112-1068x528.jpg\",\"articleSection\":[\"Bolet\u00edn\",\"Neuqu\u00e9n\",\"Noticias\",\"Provinciales\"],\"inLanguage\":\"es\",\"potentialAction\":[{\"@type\":\"CommentAction\",\"name\":\"Comment\",\"target\":[\"https:\\\/\\\/patagoniambiental.com.ar\\\/info\\\/las-obras-de-saneamiento-del-arroyo-duran-tienen-un-avance-cercano-al-50-por-ciento\\\/#respond\"]}]},{\"@type\":\"WebPage\",\"@id\":\"https:\\\/\\\/patagoniambiental.com.ar\\\/info\\\/las-obras-de-saneamiento-del-arroyo-duran-tienen-un-avance-cercano-al-50-por-ciento\\\/\",\"url\":\"https:\\\/\\\/patagoniambiental.com.ar\\\/info\\\/las-obras-de-saneamiento-del-arroyo-duran-tienen-un-avance-cercano-al-50-por-ciento\\\/\",\"name\":\"Las obras de saneamiento del arroyo Dur\u00e1n tienen un avance cercano al 50 por ciento\",\"isPartOf\":{\"@id\":\"https:\\\/\\\/patagoniambiental.com.ar\\\/info\\\/#website\"},\"primaryImageOfPage\":{\"@id\":\"https:\\\/\\\/patagoniambiental.com.ar\\\/info\\\/las-obras-de-saneamiento-del-arroyo-duran-tienen-un-avance-cercano-al-50-por-ciento\\\/#primaryimage\"},\"image\":{\"@id\":\"https:\\\/\\\/patagoniambiental.com.ar\\\/info\\\/las-obras-de-saneamiento-del-arroyo-duran-tienen-un-avance-cercano-al-50-por-ciento\\\/#primaryimage\"},\"thumbnailUrl\":\"https:\\\/\\\/patagoniambiental.com.ar\\\/info\\\/wp-content\\\/uploads\\\/2019\\\/04\\\/WEB-CABEZA-RECORRIDA-ARROYO-DURAN_MG_9112-1068x528.jpg\",\"datePublished\":\"2019-04-10T10:00:10+00:00\",\"breadcrumb\":{\"@id\":\"https:\\\/\\\/patagoniambiental.com.ar\\\/info\\\/las-obras-de-saneamiento-del-arroyo-duran-tienen-un-avance-cercano-al-50-por-ciento\\\/#breadcrumb\"},\"inLanguage\":\"es\",\"potentialAction\":[{\"@type\":\"ReadAction\",\"target\":[\"https:\\\/\\\/patagoniambiental.com.ar\\\/info\\\/las-obras-de-saneamiento-del-arroyo-duran-tienen-un-avance-cercano-al-50-por-ciento\\\/\"]}]},{\"@type\":\"ImageObject\",\"inLanguage\":\"es\",\"@id\":\"https:\\\/\\\/patagoniambiental.com.ar\\\/info\\\/las-obras-de-saneamiento-del-arroyo-duran-tienen-un-avance-cercano-al-50-por-ciento\\\/#primaryimage\",\"url\":\"https:\\\/\\\/patagoniambiental.com.ar\\\/info\\\/wp-content\\\/uploads\\\/2019\\\/04\\\/WEB-CABEZA-RECORRIDA-ARROYO-DURAN_MG_9112-1068x528.jpg\",\"contentUrl\":\"https:\\\/\\\/patagoniambiental.com.ar\\\/info\\\/wp-content\\\/uploads\\\/2019\\\/04\\\/WEB-CABEZA-RECORRIDA-ARROYO-DURAN_MG_9112-1068x528.jpg\",\"width\":1068,\"height\":528},{\"@type\":\"BreadcrumbList\",\"@id\":\"https:\\\/\\\/patagoniambiental.com.ar\\\/info\\\/las-obras-de-saneamiento-del-arroyo-duran-tienen-un-avance-cercano-al-50-por-ciento\\\/#breadcrumb\",\"itemListElement\":[{\"@type\":\"ListItem\",\"position\":1,\"name\":\"Inicio\",\"item\":\"https:\\\/\\\/patagoniambiental.com.ar\\\/info\\\/\"},{\"@type\":\"ListItem\",\"position\":2,\"name\":\"Las obras de saneamiento del arroyo Dur\u00e1n tienen un avance cercano al 50 por ciento\"}]},{\"@type\":\"WebSite\",\"@id\":\"https:\\\/\\\/patagoniambiental.com.ar\\\/info\\\/#website\",\"url\":\"https:\\\/\\\/patagoniambiental.com.ar\\\/info\\\/\",\"name\":\"Patagonia Ambiental\",\"description\":\"Monitoreo y an\u00e1lisis de la situaci\u00f3n geopol\u00edtica en el mundo y su implicancia en la Patagonia\",\"publisher\":{\"@id\":\"https:\\\/\\\/patagoniambiental.com.ar\\\/info\\\/#organization\"},\"potentialAction\":[{\"@type\":\"SearchAction\",\"target\":{\"@type\":\"EntryPoint\",\"urlTemplate\":\"https:\\\/\\\/patagoniambiental.com.ar\\\/info\\\/?s={search_term_string}\"},\"query-input\":{\"@type\":\"PropertyValueSpecification\",\"valueRequired\":true,\"valueName\":\"search_term_string\"}}],\"inLanguage\":\"es\"},{\"@type\":\"Organization\",\"@id\":\"https:\\\/\\\/patagoniambiental.com.ar\\\/info\\\/#organization\",\"name\":\"Patagonia Ambiental\",\"url\":\"https:\\\/\\\/patagoniambiental.com.ar\\\/info\\\/\",\"logo\":{\"@type\":\"ImageObject\",\"inLanguage\":\"es\",\"@id\":\"https:\\\/\\\/patagoniambiental.com.ar\\\/info\\\/#\\\/schema\\\/logo\\\/image\\\/\",\"url\":\"https:\\\/\\\/patagoniambiental.com.ar\\\/info\\\/wp-content\\\/uploads\\\/2025\\\/05\\\/LOGO-PATAGONIA-AMBIENTAL.png\",\"contentUrl\":\"https:\\\/\\\/patagoniambiental.com.ar\\\/info\\\/wp-content\\\/uploads\\\/2025\\\/05\\\/LOGO-PATAGONIA-AMBIENTAL.png\",\"width\":433,\"height\":250,\"caption\":\"Patagonia Ambiental\"},\"image\":{\"@id\":\"https:\\\/\\\/patagoniambiental.com.ar\\\/info\\\/#\\\/schema\\\/logo\\\/image\\\/\"},\"sameAs\":[\"https:\\\/\\\/www.facebook.com\\\/patagonia.ambiental\",\"https:\\\/\\\/x.com\\\/PatAmb\"]},{\"@type\":\"Person\",\"@id\":\"https:\\\/\\\/patagoniambiental.com.ar\\\/info\\\/#\\\/schema\\\/person\\\/db12bff64bbcbf6a253710bf0ea37b5d\",\"name\":\"Patagonia Ambiental\",\"description\":\"Andr\u00e9s Nievas T\u00e9cnico en manejo ambiental, consultor Ambiental y escritor para medios locales e internacionales sobre temas de geopolitica y medio ambiente.\",\"sameAs\":[\"http:\\\/\\\/www.patagoniambiental.com.ar\",\"https:\\\/\\\/www.facebook.com\\\/share\\\/1C1V8Gv9BX\\\/?mibextid=qi2Omg\",\"@patagoniambiental\",\"https:\\\/\\\/youtube.com\\\/@patagoniaambiental2023?si=BLt58t0wuXquxlYZ\"]}]}<\/script>\n<!-- \/ Yoast SEO Premium plugin. -->","yoast_head_json":{"title":"Las obras de saneamiento del arroyo Dur\u00e1n tienen un avance cercano al 50 por ciento","robots":{"index":"index","follow":"follow","max-snippet":"max-snippet:-1","max-image-preview":"max-image-preview:large","max-video-preview":"max-video-preview:-1"},"canonical":"https:\/\/patagoniambiental.com.ar\/info\/las-obras-de-saneamiento-del-arroyo-duran-tienen-un-avance-cercano-al-50-por-ciento\/","og_locale":"es_ES","og_type":"article","og_title":"Las obras de saneamiento del arroyo Dur\u00e1n tienen un avance cercano al 50 por ciento","og_description":"Neuqu\u00e9n.-Los trabajos fueron supervisados hoy por el ministro Mariano Gaido, quien adelant\u00f3 que la obra podr\u00eda ser inaugurada en el [&hellip;]","og_url":"https:\/\/patagoniambiental.com.ar\/info\/las-obras-de-saneamiento-del-arroyo-duran-tienen-un-avance-cercano-al-50-por-ciento\/","og_site_name":"Patagonia Ambiental","article_publisher":"https:\/\/www.facebook.com\/patagonia.ambiental","article_author":"https:\/\/www.facebook.com\/share\/1C1V8Gv9BX\/?mibextid=qi2Omg","article_published_time":"2019-04-10T10:00:10+00:00","og_image":[{"width":1068,"height":528,"url":"https:\/\/patagoniambiental.com.ar\/info\/wp-content\/uploads\/2019\/04\/WEB-CABEZA-RECORRIDA-ARROYO-DURAN_MG_9112-1068x528.jpg","type":"image\/jpeg"}],"author":"Patagonia Ambiental","twitter_card":"summary_large_image","twitter_creator":"@PatAmb","twitter_site":"@PatAmb","schema":{"@context":"https:\/\/schema.org","@graph":[{"@type":"Article","@id":"https:\/\/patagoniambiental.com.ar\/info\/las-obras-de-saneamiento-del-arroyo-duran-tienen-un-avance-cercano-al-50-por-ciento\/#article","isPartOf":{"@id":"https:\/\/patagoniambiental.com.ar\/info\/las-obras-de-saneamiento-del-arroyo-duran-tienen-un-avance-cercano-al-50-por-ciento\/"},"author":{"name":"Patagonia Ambiental","@id":"https:\/\/patagoniambiental.com.ar\/info\/#\/schema\/person\/db12bff64bbcbf6a253710bf0ea37b5d"},"headline":"Las obras de saneamiento del arroyo Dur\u00e1n tienen un avance cercano al 50 por ciento","datePublished":"2019-04-10T10:00:10+00:00","mainEntityOfPage":{"@id":"https:\/\/patagoniambiental.com.ar\/info\/las-obras-de-saneamiento-del-arroyo-duran-tienen-un-avance-cercano-al-50-por-ciento\/"},"wordCount":390,"commentCount":0,"publisher":{"@id":"https:\/\/patagoniambiental.com.ar\/info\/#organization"},"image":{"@id":"https:\/\/patagoniambiental.com.ar\/info\/las-obras-de-saneamiento-del-arroyo-duran-tienen-un-avance-cercano-al-50-por-ciento\/#primaryimage"},"thumbnailUrl":"https:\/\/patagoniambiental.com.ar\/info\/wp-content\/uploads\/2019\/04\/WEB-CABEZA-RECORRIDA-ARROYO-DURAN_MG_9112-1068x528.jpg","articleSection":["Bolet\u00edn","Neuqu\u00e9n","Noticias","Provinciales"],"inLanguage":"es","potentialAction":[{"@type":"CommentAction","name":"Comment","target":["https:\/\/patagoniambiental.com.ar\/info\/las-obras-de-saneamiento-del-arroyo-duran-tienen-un-avance-cercano-al-50-por-ciento\/#respond"]}]},{"@type":"WebPage","@id":"https:\/\/patagoniambiental.com.ar\/info\/las-obras-de-saneamiento-del-arroyo-duran-tienen-un-avance-cercano-al-50-por-ciento\/","url":"https:\/\/patagoniambiental.com.ar\/info\/las-obras-de-saneamiento-del-arroyo-duran-tienen-un-avance-cercano-al-50-por-ciento\/","name":"Las obras de saneamiento del arroyo Dur\u00e1n tienen un avance cercano al 50 por ciento","isPartOf":{"@id":"https:\/\/patagoniambiental.com.ar\/info\/#website"},"primaryImageOfPage":{"@id":"https:\/\/patagoniambiental.com.ar\/info\/las-obras-de-saneamiento-del-arroyo-duran-tienen-un-avance-cercano-al-50-por-ciento\/#primaryimage"},"image":{"@id":"https:\/\/patagoniambiental.com.ar\/info\/las-obras-de-saneamiento-del-arroyo-duran-tienen-un-avance-cercano-al-50-por-ciento\/#primaryimage"},"thumbnailUrl":"https:\/\/patagoniambiental.com.ar\/info\/wp-content\/uploads\/2019\/04\/WEB-CABEZA-RECORRIDA-ARROYO-DURAN_MG_9112-1068x528.jpg","datePublished":"2019-04-10T10:00:10+00:00","breadcrumb":{"@id":"https:\/\/patagoniambiental.com.ar\/info\/las-obras-de-saneamiento-del-arroyo-duran-tienen-un-avance-cercano-al-50-por-ciento\/#breadcrumb"},"inLanguage":"es","potentialAction":[{"@type":"ReadAction","target":["https:\/\/patagoniambiental.com.ar\/info\/las-obras-de-saneamiento-del-arroyo-duran-tienen-un-avance-cercano-al-50-por-ciento\/"]}]},{"@type":"ImageObject","inLanguage":"es","@id":"https:\/\/patagoniambiental.com.ar\/info\/las-obras-de-saneamiento-del-arroyo-duran-tienen-un-avance-cercano-al-50-por-ciento\/#primaryimage","url":"https:\/\/patagoniambiental.com.ar\/info\/wp-content\/uploads\/2019\/04\/WEB-CABEZA-RECORRIDA-ARROYO-DURAN_MG_9112-1068x528.jpg","contentUrl":"https:\/\/patagoniambiental.com.ar\/info\/wp-content\/uploads\/2019\/04\/WEB-CABEZA-RECORRIDA-ARROYO-DURAN_MG_9112-1068x528.jpg","width":1068,"height":528},{"@type":"BreadcrumbList","@id":"https:\/\/patagoniambiental.com.ar\/info\/las-obras-de-saneamiento-del-arroyo-duran-tienen-un-avance-cercano-al-50-por-ciento\/#breadcrumb","itemListElement":[{"@type":"ListItem","position":1,"name":"Inicio","item":"https:\/\/patagoniambiental.com.ar\/info\/"},{"@type":"ListItem","position":2,"name":"Las obras de saneamiento del arroyo Dur\u00e1n tienen un avance cercano al 50 por ciento"}]},{"@type":"WebSite","@id":"https:\/\/patagoniambiental.com.ar\/info\/#website","url":"https:\/\/patagoniambiental.com.ar\/info\/","name":"Patagonia Ambiental","description":"Monitoreo y an\u00e1lisis de la situaci\u00f3n geopol\u00edtica en el mundo y su implicancia en la Patagonia","publisher":{"@id":"https:\/\/patagoniambiental.com.ar\/info\/#organization"},"potentialAction":[{"@type":"SearchAction","target":{"@type":"EntryPoint","urlTemplate":"https:\/\/patagoniambiental.com.ar\/info\/?s={search_term_string}"},"query-input":{"@type":"PropertyValueSpecification","valueRequired":true,"valueName":"search_term_string"}}],"inLanguage":"es"},{"@type":"Organization","@id":"https:\/\/patagoniambiental.com.ar\/info\/#organization","name":"Patagonia Ambiental","url":"https:\/\/patagoniambiental.com.ar\/info\/","logo":{"@type":"ImageObject","inLanguage":"es","@id":"https:\/\/patagoniambiental.com.ar\/info\/#\/schema\/logo\/image\/","url":"https:\/\/patagoniambiental.com.ar\/info\/wp-content\/uploads\/2025\/05\/LOGO-PATAGONIA-AMBIENTAL.png","contentUrl":"https:\/\/patagoniambiental.com.ar\/info\/wp-content\/uploads\/2025\/05\/LOGO-PATAGONIA-AMBIENTAL.png","width":433,"height":250,"caption":"Patagonia Ambiental"},"image":{"@id":"https:\/\/patagoniambiental.com.ar\/info\/#\/schema\/logo\/image\/"},"sameAs":["https:\/\/www.facebook.com\/patagonia.ambiental","https:\/\/x.com\/PatAmb"]},{"@type":"Person","@id":"https:\/\/patagoniambiental.com.ar\/info\/#\/schema\/person\/db12bff64bbcbf6a253710bf0ea37b5d","name":"Patagonia Ambiental","description":"Andr\u00e9s Nievas T\u00e9cnico en manejo ambiental, consultor Ambiental y escritor para medios locales e internacionales sobre temas de geopolitica y medio ambiente.","sameAs":["http:\/\/www.patagoniambiental.com.ar","https:\/\/www.facebook.com\/share\/1C1V8Gv9BX\/?mibextid=qi2Omg","@patagoniambiental","https:\/\/youtube.com\/@patagoniaambiental2023?si=BLt58t0wuXquxlYZ"]}]}},"_links":{"self":[{"href":"https:\/\/patagoniambiental.com.ar\/info\/wp-json\/wp\/v2\/posts\/60089","targetHints":{"allow":["GET"]}}],"collection":[{"href":"https:\/\/patagoniambiental.com.ar\/info\/wp-json\/wp\/v2\/posts"}],"about":[{"href":"https:\/\/patagoniambiental.com.ar\/info\/wp-json\/wp\/v2\/types\/post"}],"author":[{"embeddable":true,"href":"https:\/\/patagoniambiental.com.ar\/info\/wp-json\/wp\/v2\/users\/2"}],"replies":[{"embeddable":true,"href":"https:\/\/patagoniambiental.com.ar\/info\/wp-json\/wp\/v2\/comments?post=60089"}],"version-history":[{"count":0,"href":"https:\/\/patagoniambiental.com.ar\/info\/wp-json\/wp\/v2\/posts\/60089\/revisions"}],"wp:featuredmedia":[{"embeddable":true,"href":"https:\/\/patagoniambiental.com.ar\/info\/wp-json\/wp\/v2\/media\/60090"}],"wp:attachment":[{"href":"https:\/\/patagoniambiental.com.ar\/info\/wp-json\/wp\/v2\/media?parent=60089"}],"wp:term":[{"taxonomy":"category","embeddable":true,"href":"https:\/\/patagoniambiental.com.ar\/info\/wp-json\/wp\/v2\/categories?post=60089"},{"taxonomy":"post_tag","embeddable":true,"href":"https:\/\/patagoniambiental.com.ar\/info\/wp-json\/wp\/v2\/tags?post=60089"}],"curies":[{"name":"wp","href":"https:\/\/api.w.org\/{rel}","templated":true}]}}