{"id":60183,"date":"2019-04-11T19:00:43","date_gmt":"2019-04-11T22:00:43","guid":{"rendered":"http:\/\/patagoniambiental.com.ar\/info\/?p=60183"},"modified":"2019-04-11T16:12:23","modified_gmt":"2019-04-11T19:12:23","slug":"supervisan-la-obra-de-la-planta-de-tratamiento-de-villa-la-angostura","status":"publish","type":"post","link":"https:\/\/patagoniambiental.com.ar\/info\/supervisan-la-obra-de-la-planta-de-tratamiento-de-villa-la-angostura\/","title":{"rendered":"Supervisan la obra de la Planta de Tratamiento de Villa La Angostura"},"content":{"rendered":"<div class=\"td-post-header td-container\">\n<div class=\"td-post-header-holder sombra\">\n<header class=\"td-post-title\">\n<div class=\"td-module-meta-info\">Villa la Angostura.-El presidente del EPAS, Mauro Mill\u00e1n, verific\u00f3 el alto grado de avance de la misma. En una primera etapa se podr\u00e1 conectar a la red a alrededor de 7 mil vecinos de los barrios El Mall\u00edn, Margaritas, El Cruce y Once.<\/div>\n<\/header>\n<\/div>\n<\/div>\n<p><!--more--><\/p>\n<div class=\"td-container\">\n<div class=\"td-pb-row\">\n<div class=\"td-pb-span8 td-main-content\" role=\"main\">\n<div class=\"td-ss-main-content\">\n<div class=\"td-post-content\">\n<p>El presidente del Ente Provincial de Agua y Saneamiento (EPAS), Mauro Mill\u00e1n, visit\u00f3 la obra de la nueva Planta de Tratamiento de Efluentes Cloacales (PTEC) de Villa La Angostura y verific\u00f3 el alto grado de avance de la misma. Adem\u00e1s se reuni\u00f3 con el intendente de la localidad, Guillermo Caruso, y sus cuadros t\u00e9cnicos con el fin de coordinar acciones conjuntas y asesorar al Ejecutivo local para que la puesta en servicio del sistema cloacal sea \u00f3ptimo.<\/p>\n<p>En una primera etapa, se podr\u00e1 conectar a la red a alrededor de 7 mil vecinos de los barrios El Mall\u00edn, Margaritas, El Cruce y Once, que son quienes actualmente cuentan con la infraestructura necesaria para la conducci\u00f3n de los l\u00edquidos.<\/p>\n<p>\u201cEsta obra viene a dar respuesta a un gran requerimiento de Villa La Angostura en materia de saneamiento y cuidado del ambiente\u201d, asegur\u00f3 el presidente del EPAS, Mauro Mill\u00e1n, y agreg\u00f3 que \u201ceste proyecto contempla el desarrollo urbano de la ciudad y su intensa actividad tur\u00edstica\u201d.<\/p>\n<p>\u201cDestacamos el trabajo en conjunto de la provincia, el Estado nacional y el municipio. Esta planta de tratamiento es un salto cualitativo para mejorar la calidad de vida de los habitantes, no solo para los de hoy sino para los futuros, desarroll\u00e1ndose en un ambiente sustentable\u201d, concluy\u00f3 Mill\u00e1n.<\/p>\n<p>El gobierno nacional financiar\u00e1 la obra civil, mec\u00e1nica y electromec\u00e1nica de la PTEC, mientras que el gobierno provincial \u2013que aport\u00f3 el terreno sobre el que se emplazan los trabajos (m\u00e1s de 35 mil m2), adem\u00e1s de los servicios de energ\u00eda el\u00e9ctrica y agua potable\u2013 realizar\u00e1 todas las obras complementarias necesarias como la apertura de los caminos de acceso. En total, el monto aportado por el gobierno provincial \u2013a julio de 2017\u2013 ascend\u00eda a m\u00e1s de 43 millones de pesos, incluyendo el proyecto ejecutivo elaborado \u00edntegramente por el EPAS, por 2,5 millones de pesos.<\/p>\n<p>La obra comprende la construcci\u00f3n de dos m\u00f3dulos bajo el sistema de zanja de oxidaci\u00f3n, de los cuales uno s\u00f3lo alcanzar\u00eda a cubrir la demanda de la poblaci\u00f3n estable de la localidad, y el otro prev\u00e9 la poblaci\u00f3n flotante que representa el turismo. De esta forma, la Planta tendr\u00e1 una capacidad para tratar los l\u00edquidos de 13 mil habitantes. Seg\u00fan se constat\u00f3, los trabajos concluir\u00edan a mediados del presente a\u00f1o.<\/p>\n<p>En ese contexto, se acord\u00f3 llevar adelante el relevamiento del estado de situaci\u00f3n de las redes de la localidad, que datan del 2010, para poder luego realizar el mantenimiento, mejoras y adecuaciones necesarias para el correcto funcionamiento del sistema de recolecci\u00f3n de los l\u00edquidos.<\/p>\n<p>Fuente: Neuquen Informa<\/p>\n<p>&nbsp;<\/p>\n<\/div>\n<\/div>\n<\/div>\n<\/div>\n<\/div>\n","protected":false},"excerpt":{"rendered":"<p>Villa la Angostura.-El presidente del EPAS, Mauro Mill\u00e1n, verific\u00f3 el alto grado de avance de la misma. En una primera [&hellip;]<\/p>\n","protected":false},"author":2,"featured_media":60184,"comment_status":"open","ping_status":"open","sticky":false,"template":"","format":"standard","meta":{"site-sidebar-layout":"default","site-content-layout":"","ast-site-content-layout":"default","site-content-style":"default","site-sidebar-style":"default","ast-global-header-display":"","ast-banner-title-visibility":"","ast-main-header-display":"","ast-hfb-above-header-display":"","ast-hfb-below-header-display":"","ast-hfb-mobile-header-display":"","site-post-title":"","ast-breadcrumbs-content":"","ast-featured-img":"","footer-sml-layout":"","ast-disable-related-posts":"","theme-transparent-header-meta":"","adv-header-id-meta":"","stick-header-meta":"","header-above-stick-meta":"","header-main-stick-meta":"","header-below-stick-meta":"","astra-migrate-meta-layouts":"default","ast-page-background-enabled":"default","ast-page-background-meta":{"desktop":{"background-color":"var(--ast-global-color-5)","background-image":"","background-repeat":"repeat","background-position":"center center","background-size":"auto","background-attachment":"scroll","background-type":"","background-media":"","overlay-type":"","overlay-color":"","overlay-opacity":"","overlay-gradient":""},"tablet":{"background-color":"","background-image":"","background-repeat":"repeat","background-position":"center center","background-size":"auto","background-attachment":"scroll","background-type":"","background-media":"","overlay-type":"","overlay-color":"","overlay-opacity":"","overlay-gradient":""},"mobile":{"background-color":"","background-image":"","background-repeat":"repeat","background-position":"center center","background-size":"auto","background-attachment":"scroll","background-type":"","background-media":"","overlay-type":"","overlay-color":"","overlay-opacity":"","overlay-gradient":""}},"ast-content-background-meta":{"desktop":{"background-color":"var(--ast-global-color-4)","background-image":"","background-repeat":"repeat","background-position":"center center","background-size":"auto","background-attachment":"scroll","background-type":"","background-media":"","overlay-type":"","overlay-color":"","overlay-opacity":"","overlay-gradient":""},"tablet":{"background-color":"var(--ast-global-color-4)","background-image":"","background-repeat":"repeat","background-position":"center center","background-size":"auto","background-attachment":"scroll","background-type":"","background-media":"","overlay-type":"","overlay-color":"","overlay-opacity":"","overlay-gradient":""},"mobile":{"background-color":"var(--ast-global-color-4)","background-image":"","background-repeat":"repeat","background-position":"center center","background-size":"auto","background-attachment":"scroll","background-type":"","background-media":"","overlay-type":"","overlay-color":"","overlay-opacity":"","overlay-gradient":""}},"footnotes":""},"categories":[18,1],"tags":[],"class_list":["post-60183","post","type-post","status-publish","format-standard","has-post-thumbnail","hentry","category-neuquen","category-noticias"],"yoast_head":"<!-- This site is optimized with the Yoast SEO Premium plugin v23.0 (Yoast SEO v27.5) - https:\/\/yoast.com\/product\/yoast-seo-premium-wordpress\/ -->\n<title>Supervisan la obra de la Planta de Tratamiento de Villa La Angostura<\/title>\n<meta name=\"robots\" content=\"index, follow, max-snippet:-1, max-image-preview:large, max-video-preview:-1\" \/>\n<link rel=\"canonical\" href=\"https:\/\/patagoniambiental.com.ar\/info\/supervisan-la-obra-de-la-planta-de-tratamiento-de-villa-la-angostura\/\" \/>\n<meta property=\"og:locale\" content=\"es_ES\" \/>\n<meta property=\"og:type\" content=\"article\" \/>\n<meta property=\"og:title\" content=\"Supervisan la obra de la Planta de Tratamiento de Villa La Angostura\" \/>\n<meta property=\"og:description\" content=\"Villa la Angostura.-El presidente del EPAS, Mauro Mill\u00e1n, verific\u00f3 el alto grado de avance de la misma. En una primera [&hellip;]\" \/>\n<meta property=\"og:url\" content=\"https:\/\/patagoniambiental.com.ar\/info\/supervisan-la-obra-de-la-planta-de-tratamiento-de-villa-la-angostura\/\" \/>\n<meta property=\"og:site_name\" content=\"Patagonia Ambiental\" \/>\n<meta property=\"article:publisher\" content=\"https:\/\/www.facebook.com\/patagonia.ambiental\" \/>\n<meta property=\"article:author\" content=\"https:\/\/www.facebook.com\/share\/1C1V8Gv9BX\/?mibextid=qi2Omg\" \/>\n<meta property=\"article:published_time\" content=\"2019-04-11T22:00:43+00:00\" \/>\n<meta property=\"og:image\" content=\"https:\/\/patagoniambiental.com.ar\/info\/wp-content\/uploads\/2019\/04\/WEB-PRIMERA-Planta-VLA-30-1068x626.jpg\" \/>\n\t<meta property=\"og:image:width\" content=\"1068\" \/>\n\t<meta property=\"og:image:height\" content=\"626\" \/>\n\t<meta property=\"og:image:type\" content=\"image\/jpeg\" \/>\n<meta name=\"author\" content=\"Patagonia Ambiental\" \/>\n<meta name=\"twitter:card\" content=\"summary_large_image\" \/>\n<meta name=\"twitter:creator\" content=\"@PatAmb\" \/>\n<meta name=\"twitter:site\" content=\"@PatAmb\" \/>\n<script type=\"application\/ld+json\" class=\"yoast-schema-graph\">{\"@context\":\"https:\\\/\\\/schema.org\",\"@graph\":[{\"@type\":\"Article\",\"@id\":\"https:\\\/\\\/patagoniambiental.com.ar\\\/info\\\/supervisan-la-obra-de-la-planta-de-tratamiento-de-villa-la-angostura\\\/#article\",\"isPartOf\":{\"@id\":\"https:\\\/\\\/patagoniambiental.com.ar\\\/info\\\/supervisan-la-obra-de-la-planta-de-tratamiento-de-villa-la-angostura\\\/\"},\"author\":{\"name\":\"Patagonia Ambiental\",\"@id\":\"https:\\\/\\\/patagoniambiental.com.ar\\\/info\\\/#\\\/schema\\\/person\\\/db12bff64bbcbf6a253710bf0ea37b5d\"},\"headline\":\"Supervisan la obra de la Planta de Tratamiento de Villa La Angostura\",\"datePublished\":\"2019-04-11T22:00:43+00:00\",\"mainEntityOfPage\":{\"@id\":\"https:\\\/\\\/patagoniambiental.com.ar\\\/info\\\/supervisan-la-obra-de-la-planta-de-tratamiento-de-villa-la-angostura\\\/\"},\"wordCount\":505,\"commentCount\":0,\"publisher\":{\"@id\":\"https:\\\/\\\/patagoniambiental.com.ar\\\/info\\\/#organization\"},\"image\":{\"@id\":\"https:\\\/\\\/patagoniambiental.com.ar\\\/info\\\/supervisan-la-obra-de-la-planta-de-tratamiento-de-villa-la-angostura\\\/#primaryimage\"},\"thumbnailUrl\":\"https:\\\/\\\/patagoniambiental.com.ar\\\/info\\\/wp-content\\\/uploads\\\/2019\\\/04\\\/WEB-PRIMERA-Planta-VLA-30-1068x626.jpg\",\"articleSection\":[\"Neuqu\u00e9n\",\"Noticias\"],\"inLanguage\":\"es\",\"potentialAction\":[{\"@type\":\"CommentAction\",\"name\":\"Comment\",\"target\":[\"https:\\\/\\\/patagoniambiental.com.ar\\\/info\\\/supervisan-la-obra-de-la-planta-de-tratamiento-de-villa-la-angostura\\\/#respond\"]}]},{\"@type\":\"WebPage\",\"@id\":\"https:\\\/\\\/patagoniambiental.com.ar\\\/info\\\/supervisan-la-obra-de-la-planta-de-tratamiento-de-villa-la-angostura\\\/\",\"url\":\"https:\\\/\\\/patagoniambiental.com.ar\\\/info\\\/supervisan-la-obra-de-la-planta-de-tratamiento-de-villa-la-angostura\\\/\",\"name\":\"Supervisan la obra de la Planta de Tratamiento de Villa La Angostura\",\"isPartOf\":{\"@id\":\"https:\\\/\\\/patagoniambiental.com.ar\\\/info\\\/#website\"},\"primaryImageOfPage\":{\"@id\":\"https:\\\/\\\/patagoniambiental.com.ar\\\/info\\\/supervisan-la-obra-de-la-planta-de-tratamiento-de-villa-la-angostura\\\/#primaryimage\"},\"image\":{\"@id\":\"https:\\\/\\\/patagoniambiental.com.ar\\\/info\\\/supervisan-la-obra-de-la-planta-de-tratamiento-de-villa-la-angostura\\\/#primaryimage\"},\"thumbnailUrl\":\"https:\\\/\\\/patagoniambiental.com.ar\\\/info\\\/wp-content\\\/uploads\\\/2019\\\/04\\\/WEB-PRIMERA-Planta-VLA-30-1068x626.jpg\",\"datePublished\":\"2019-04-11T22:00:43+00:00\",\"breadcrumb\":{\"@id\":\"https:\\\/\\\/patagoniambiental.com.ar\\\/info\\\/supervisan-la-obra-de-la-planta-de-tratamiento-de-villa-la-angostura\\\/#breadcrumb\"},\"inLanguage\":\"es\",\"potentialAction\":[{\"@type\":\"ReadAction\",\"target\":[\"https:\\\/\\\/patagoniambiental.com.ar\\\/info\\\/supervisan-la-obra-de-la-planta-de-tratamiento-de-villa-la-angostura\\\/\"]}]},{\"@type\":\"ImageObject\",\"inLanguage\":\"es\",\"@id\":\"https:\\\/\\\/patagoniambiental.com.ar\\\/info\\\/supervisan-la-obra-de-la-planta-de-tratamiento-de-villa-la-angostura\\\/#primaryimage\",\"url\":\"https:\\\/\\\/patagoniambiental.com.ar\\\/info\\\/wp-content\\\/uploads\\\/2019\\\/04\\\/WEB-PRIMERA-Planta-VLA-30-1068x626.jpg\",\"contentUrl\":\"https:\\\/\\\/patagoniambiental.com.ar\\\/info\\\/wp-content\\\/uploads\\\/2019\\\/04\\\/WEB-PRIMERA-Planta-VLA-30-1068x626.jpg\",\"width\":1024,\"height\":600},{\"@type\":\"BreadcrumbList\",\"@id\":\"https:\\\/\\\/patagoniambiental.com.ar\\\/info\\\/supervisan-la-obra-de-la-planta-de-tratamiento-de-villa-la-angostura\\\/#breadcrumb\",\"itemListElement\":[{\"@type\":\"ListItem\",\"position\":1,\"name\":\"Inicio\",\"item\":\"https:\\\/\\\/patagoniambiental.com.ar\\\/info\\\/\"},{\"@type\":\"ListItem\",\"position\":2,\"name\":\"Supervisan la obra de la Planta de Tratamiento de Villa La Angostura\"}]},{\"@type\":\"WebSite\",\"@id\":\"https:\\\/\\\/patagoniambiental.com.ar\\\/info\\\/#website\",\"url\":\"https:\\\/\\\/patagoniambiental.com.ar\\\/info\\\/\",\"name\":\"Patagonia Ambiental\",\"description\":\"Monitoreo y an\u00e1lisis de la situaci\u00f3n geopol\u00edtica en el mundo y su implicancia en la Patagonia\",\"publisher\":{\"@id\":\"https:\\\/\\\/patagoniambiental.com.ar\\\/info\\\/#organization\"},\"potentialAction\":[{\"@type\":\"SearchAction\",\"target\":{\"@type\":\"EntryPoint\",\"urlTemplate\":\"https:\\\/\\\/patagoniambiental.com.ar\\\/info\\\/?s={search_term_string}\"},\"query-input\":{\"@type\":\"PropertyValueSpecification\",\"valueRequired\":true,\"valueName\":\"search_term_string\"}}],\"inLanguage\":\"es\"},{\"@type\":\"Organization\",\"@id\":\"https:\\\/\\\/patagoniambiental.com.ar\\\/info\\\/#organization\",\"name\":\"Patagonia Ambiental\",\"url\":\"https:\\\/\\\/patagoniambiental.com.ar\\\/info\\\/\",\"logo\":{\"@type\":\"ImageObject\",\"inLanguage\":\"es\",\"@id\":\"https:\\\/\\\/patagoniambiental.com.ar\\\/info\\\/#\\\/schema\\\/logo\\\/image\\\/\",\"url\":\"https:\\\/\\\/patagoniambiental.com.ar\\\/info\\\/wp-content\\\/uploads\\\/2025\\\/05\\\/LOGO-PATAGONIA-AMBIENTAL.png\",\"contentUrl\":\"https:\\\/\\\/patagoniambiental.com.ar\\\/info\\\/wp-content\\\/uploads\\\/2025\\\/05\\\/LOGO-PATAGONIA-AMBIENTAL.png\",\"width\":433,\"height\":250,\"caption\":\"Patagonia Ambiental\"},\"image\":{\"@id\":\"https:\\\/\\\/patagoniambiental.com.ar\\\/info\\\/#\\\/schema\\\/logo\\\/image\\\/\"},\"sameAs\":[\"https:\\\/\\\/www.facebook.com\\\/patagonia.ambiental\",\"https:\\\/\\\/x.com\\\/PatAmb\"]},{\"@type\":\"Person\",\"@id\":\"https:\\\/\\\/patagoniambiental.com.ar\\\/info\\\/#\\\/schema\\\/person\\\/db12bff64bbcbf6a253710bf0ea37b5d\",\"name\":\"Patagonia Ambiental\",\"description\":\"Andr\u00e9s Nievas T\u00e9cnico en manejo ambiental, consultor Ambiental y escritor para medios locales e internacionales sobre temas de geopolitica y medio ambiente.\",\"sameAs\":[\"http:\\\/\\\/www.patagoniambiental.com.ar\",\"https:\\\/\\\/www.facebook.com\\\/share\\\/1C1V8Gv9BX\\\/?mibextid=qi2Omg\",\"@patagoniambiental\",\"https:\\\/\\\/youtube.com\\\/@patagoniaambiental2023?si=BLt58t0wuXquxlYZ\"]}]}<\/script>\n<!-- \/ Yoast SEO Premium plugin. -->","yoast_head_json":{"title":"Supervisan la obra de la Planta de Tratamiento de Villa La Angostura","robots":{"index":"index","follow":"follow","max-snippet":"max-snippet:-1","max-image-preview":"max-image-preview:large","max-video-preview":"max-video-preview:-1"},"canonical":"https:\/\/patagoniambiental.com.ar\/info\/supervisan-la-obra-de-la-planta-de-tratamiento-de-villa-la-angostura\/","og_locale":"es_ES","og_type":"article","og_title":"Supervisan la obra de la Planta de Tratamiento de Villa La Angostura","og_description":"Villa la Angostura.-El presidente del EPAS, Mauro Mill\u00e1n, verific\u00f3 el alto grado de avance de la misma. En una primera [&hellip;]","og_url":"https:\/\/patagoniambiental.com.ar\/info\/supervisan-la-obra-de-la-planta-de-tratamiento-de-villa-la-angostura\/","og_site_name":"Patagonia Ambiental","article_publisher":"https:\/\/www.facebook.com\/patagonia.ambiental","article_author":"https:\/\/www.facebook.com\/share\/1C1V8Gv9BX\/?mibextid=qi2Omg","article_published_time":"2019-04-11T22:00:43+00:00","og_image":[{"width":1068,"height":626,"url":"https:\/\/patagoniambiental.com.ar\/info\/wp-content\/uploads\/2019\/04\/WEB-PRIMERA-Planta-VLA-30-1068x626.jpg","type":"image\/jpeg"}],"author":"Patagonia Ambiental","twitter_card":"summary_large_image","twitter_creator":"@PatAmb","twitter_site":"@PatAmb","schema":{"@context":"https:\/\/schema.org","@graph":[{"@type":"Article","@id":"https:\/\/patagoniambiental.com.ar\/info\/supervisan-la-obra-de-la-planta-de-tratamiento-de-villa-la-angostura\/#article","isPartOf":{"@id":"https:\/\/patagoniambiental.com.ar\/info\/supervisan-la-obra-de-la-planta-de-tratamiento-de-villa-la-angostura\/"},"author":{"name":"Patagonia Ambiental","@id":"https:\/\/patagoniambiental.com.ar\/info\/#\/schema\/person\/db12bff64bbcbf6a253710bf0ea37b5d"},"headline":"Supervisan la obra de la Planta de Tratamiento de Villa La Angostura","datePublished":"2019-04-11T22:00:43+00:00","mainEntityOfPage":{"@id":"https:\/\/patagoniambiental.com.ar\/info\/supervisan-la-obra-de-la-planta-de-tratamiento-de-villa-la-angostura\/"},"wordCount":505,"commentCount":0,"publisher":{"@id":"https:\/\/patagoniambiental.com.ar\/info\/#organization"},"image":{"@id":"https:\/\/patagoniambiental.com.ar\/info\/supervisan-la-obra-de-la-planta-de-tratamiento-de-villa-la-angostura\/#primaryimage"},"thumbnailUrl":"https:\/\/patagoniambiental.com.ar\/info\/wp-content\/uploads\/2019\/04\/WEB-PRIMERA-Planta-VLA-30-1068x626.jpg","articleSection":["Neuqu\u00e9n","Noticias"],"inLanguage":"es","potentialAction":[{"@type":"CommentAction","name":"Comment","target":["https:\/\/patagoniambiental.com.ar\/info\/supervisan-la-obra-de-la-planta-de-tratamiento-de-villa-la-angostura\/#respond"]}]},{"@type":"WebPage","@id":"https:\/\/patagoniambiental.com.ar\/info\/supervisan-la-obra-de-la-planta-de-tratamiento-de-villa-la-angostura\/","url":"https:\/\/patagoniambiental.com.ar\/info\/supervisan-la-obra-de-la-planta-de-tratamiento-de-villa-la-angostura\/","name":"Supervisan la obra de la Planta de Tratamiento de Villa La Angostura","isPartOf":{"@id":"https:\/\/patagoniambiental.com.ar\/info\/#website"},"primaryImageOfPage":{"@id":"https:\/\/patagoniambiental.com.ar\/info\/supervisan-la-obra-de-la-planta-de-tratamiento-de-villa-la-angostura\/#primaryimage"},"image":{"@id":"https:\/\/patagoniambiental.com.ar\/info\/supervisan-la-obra-de-la-planta-de-tratamiento-de-villa-la-angostura\/#primaryimage"},"thumbnailUrl":"https:\/\/patagoniambiental.com.ar\/info\/wp-content\/uploads\/2019\/04\/WEB-PRIMERA-Planta-VLA-30-1068x626.jpg","datePublished":"2019-04-11T22:00:43+00:00","breadcrumb":{"@id":"https:\/\/patagoniambiental.com.ar\/info\/supervisan-la-obra-de-la-planta-de-tratamiento-de-villa-la-angostura\/#breadcrumb"},"inLanguage":"es","potentialAction":[{"@type":"ReadAction","target":["https:\/\/patagoniambiental.com.ar\/info\/supervisan-la-obra-de-la-planta-de-tratamiento-de-villa-la-angostura\/"]}]},{"@type":"ImageObject","inLanguage":"es","@id":"https:\/\/patagoniambiental.com.ar\/info\/supervisan-la-obra-de-la-planta-de-tratamiento-de-villa-la-angostura\/#primaryimage","url":"https:\/\/patagoniambiental.com.ar\/info\/wp-content\/uploads\/2019\/04\/WEB-PRIMERA-Planta-VLA-30-1068x626.jpg","contentUrl":"https:\/\/patagoniambiental.com.ar\/info\/wp-content\/uploads\/2019\/04\/WEB-PRIMERA-Planta-VLA-30-1068x626.jpg","width":1024,"height":600},{"@type":"BreadcrumbList","@id":"https:\/\/patagoniambiental.com.ar\/info\/supervisan-la-obra-de-la-planta-de-tratamiento-de-villa-la-angostura\/#breadcrumb","itemListElement":[{"@type":"ListItem","position":1,"name":"Inicio","item":"https:\/\/patagoniambiental.com.ar\/info\/"},{"@type":"ListItem","position":2,"name":"Supervisan la obra de la Planta de Tratamiento de Villa La Angostura"}]},{"@type":"WebSite","@id":"https:\/\/patagoniambiental.com.ar\/info\/#website","url":"https:\/\/patagoniambiental.com.ar\/info\/","name":"Patagonia Ambiental","description":"Monitoreo y an\u00e1lisis de la situaci\u00f3n geopol\u00edtica en el mundo y su implicancia en la Patagonia","publisher":{"@id":"https:\/\/patagoniambiental.com.ar\/info\/#organization"},"potentialAction":[{"@type":"SearchAction","target":{"@type":"EntryPoint","urlTemplate":"https:\/\/patagoniambiental.com.ar\/info\/?s={search_term_string}"},"query-input":{"@type":"PropertyValueSpecification","valueRequired":true,"valueName":"search_term_string"}}],"inLanguage":"es"},{"@type":"Organization","@id":"https:\/\/patagoniambiental.com.ar\/info\/#organization","name":"Patagonia Ambiental","url":"https:\/\/patagoniambiental.com.ar\/info\/","logo":{"@type":"ImageObject","inLanguage":"es","@id":"https:\/\/patagoniambiental.com.ar\/info\/#\/schema\/logo\/image\/","url":"https:\/\/patagoniambiental.com.ar\/info\/wp-content\/uploads\/2025\/05\/LOGO-PATAGONIA-AMBIENTAL.png","contentUrl":"https:\/\/patagoniambiental.com.ar\/info\/wp-content\/uploads\/2025\/05\/LOGO-PATAGONIA-AMBIENTAL.png","width":433,"height":250,"caption":"Patagonia Ambiental"},"image":{"@id":"https:\/\/patagoniambiental.com.ar\/info\/#\/schema\/logo\/image\/"},"sameAs":["https:\/\/www.facebook.com\/patagonia.ambiental","https:\/\/x.com\/PatAmb"]},{"@type":"Person","@id":"https:\/\/patagoniambiental.com.ar\/info\/#\/schema\/person\/db12bff64bbcbf6a253710bf0ea37b5d","name":"Patagonia Ambiental","description":"Andr\u00e9s Nievas T\u00e9cnico en manejo ambiental, consultor Ambiental y escritor para medios locales e internacionales sobre temas de geopolitica y medio ambiente.","sameAs":["http:\/\/www.patagoniambiental.com.ar","https:\/\/www.facebook.com\/share\/1C1V8Gv9BX\/?mibextid=qi2Omg","@patagoniambiental","https:\/\/youtube.com\/@patagoniaambiental2023?si=BLt58t0wuXquxlYZ"]}]}},"_links":{"self":[{"href":"https:\/\/patagoniambiental.com.ar\/info\/wp-json\/wp\/v2\/posts\/60183","targetHints":{"allow":["GET"]}}],"collection":[{"href":"https:\/\/patagoniambiental.com.ar\/info\/wp-json\/wp\/v2\/posts"}],"about":[{"href":"https:\/\/patagoniambiental.com.ar\/info\/wp-json\/wp\/v2\/types\/post"}],"author":[{"embeddable":true,"href":"https:\/\/patagoniambiental.com.ar\/info\/wp-json\/wp\/v2\/users\/2"}],"replies":[{"embeddable":true,"href":"https:\/\/patagoniambiental.com.ar\/info\/wp-json\/wp\/v2\/comments?post=60183"}],"version-history":[{"count":0,"href":"https:\/\/patagoniambiental.com.ar\/info\/wp-json\/wp\/v2\/posts\/60183\/revisions"}],"wp:featuredmedia":[{"embeddable":true,"href":"https:\/\/patagoniambiental.com.ar\/info\/wp-json\/wp\/v2\/media\/60184"}],"wp:attachment":[{"href":"https:\/\/patagoniambiental.com.ar\/info\/wp-json\/wp\/v2\/media?parent=60183"}],"wp:term":[{"taxonomy":"category","embeddable":true,"href":"https:\/\/patagoniambiental.com.ar\/info\/wp-json\/wp\/v2\/categories?post=60183"},{"taxonomy":"post_tag","embeddable":true,"href":"https:\/\/patagoniambiental.com.ar\/info\/wp-json\/wp\/v2\/tags?post=60183"}],"curies":[{"name":"wp","href":"https:\/\/api.w.org\/{rel}","templated":true}]}}