{"id":60191,"date":"2019-04-12T19:00:16","date_gmt":"2019-04-12T22:00:16","guid":{"rendered":"http:\/\/patagoniambiental.com.ar\/info\/?p=60191"},"modified":"2019-04-12T09:46:37","modified_gmt":"2019-04-12T12:46:37","slug":"bergman-participo-de-un-simposio-internacional-dedicado-al-impacto-de-las-americas-y-la-biotecnologia-en-el-desarrollo-regional","status":"publish","type":"post","link":"https:\/\/patagoniambiental.com.ar\/info\/bergman-participo-de-un-simposio-internacional-dedicado-al-impacto-de-las-americas-y-la-biotecnologia-en-el-desarrollo-regional\/","title":{"rendered":"Bergman particip\u00f3 de un simposio internacional dedicado al impacto de las Am\u00e9ricas y la biotecnolog\u00eda en el desarrollo regional\u00a0"},"content":{"rendered":"<div>Ciudad Aut\u00f3noma de Buenos Aires, 11 de abril de 2019.-\u00a0El encuentro, realizado en el Anexo de Diputados del Congreso, analiz\u00f3 la actualidad del agro y los negocios de base biol\u00f3gica, la vinculaci\u00f3n con el Mercosur y China, entre otros temas.<\/div>\n<p><!--more--><\/p>\n<div><\/div>\n<div>El Secretario de Gobierno de Ambiente y Desarrollo Sustentable, Sergio Bergman, particip\u00f3 del \u201c6.\u00b0 Simposio Internacional del Sur al Mundo en 2030. Impacto de las Am\u00e9ricas y la Bioeconom\u00eda en el Desarrollo Regional\u201d, que se realiz\u00f3 esta tarde en el Anexo de la C\u00e1mara de Diputados de la Naci\u00f3n. En la apertura, estuvo acompa\u00f1ado por el diputado nacional Eduardo Amadeo y por Fernando Vilella, titular de la C\u00e1tedra de Agronegocios de la Facultad de Agronom\u00eda de la UBA.<\/div>\n<div><\/div>\n<div>El encuentro propuso una reflexi\u00f3n, a largo plazo y a escala global, sobre la actualidad del agro y los negocios de base biol\u00f3gica, como las estrategias comerciales de Argentina y el Mercosur; el impacto para nuestro pa\u00eds del proyecto estrat\u00e9gico de China, en particular, la nueva ruta de la seda, etc. Se busc\u00f3 considerar tambi\u00e9n el impacto de las reuniones de la Organizaci\u00f3n Mundial del Comercio (OMC) y del G20 realizadas en Argentina, y se abord\u00f3 el concepto de geopol\u00edtica de los alimentos, vinculado con la seguridad alimentaria global, entre otros temas tratados.<\/div>\n<div><\/div>\n<div>Bergman afirm\u00f3 durante la apertura: \u201cEste encuentro lo que plantea hoy es el paradigma de pasar del pensamiento de la econom\u00eda lineal a la circular\u201d. Adem\u00e1s se\u00f1al\u00f3: \u201cEstos cambios de paradigma, adem\u00e1s de ser buenas ideas, requieren de incentivos y est\u00edmulos, pero tambi\u00e9n de premios y castigos\u201d. Sobre la agenda ambiental, explic\u00f3 que \u201cArgentina durante mucho tiempo no tuvo una pol\u00edtica de estado ambiental\u201d, y se\u00f1al\u00f3 como uno de los problemas que \u201cel que contaminaba no pagaba\u201d.<\/div>\n<div><\/div>\n<div>\u201cEn nuestro pa\u00eds, con esta deuda interna moral de tener niveles de exclusi\u00f3n, el ambiente tiene que ser un recurso para satisfacer esa necesidad, pero tambi\u00e9n para la trascendencia, que la Constituci\u00f3n prev\u00e9, para las futuras generaciones\u201d, asegur\u00f3 el funcionario. Finalmente destac\u00f3 la necesidad de fortalecer la inserci\u00f3n inteligente de nuestro pa\u00eds en el mundo para ser eficientes, competitivos \u201cy para no solamente exportar commodities sino tambi\u00e9n generar valor agregado, cadenas de valor e inclusi\u00f3n y, fundamentalmente, competitividad\u201d.<\/div>\n<div><\/div>\n<div>El encuentro, que continuar\u00e1 ma\u00f1ana, re\u00fane a legisladores y otros funcionarios p\u00fablicos, periodistas, referentes de instituciones en la materia, representantes de empresas ligadas al agro y a la biotecnolog\u00eda y docentes. Es organizado por la c\u00e1tedra de Agronegocios y el Programa de Bioeconom\u00eda de la Facultad de Agronom\u00eda de la Universidad de Buenos Aires junto a la C\u00e1mara de Diputados.<\/div>\n<div><\/div>\n<div>Fuente: SA y DS de la Naci\u00f3n<\/div>\n<div><\/div>\n","protected":false},"excerpt":{"rendered":"<p>Ciudad Aut\u00f3noma de Buenos Aires, 11 de abril de 2019.-\u00a0El encuentro, realizado en el Anexo de Diputados del Congreso, analiz\u00f3 [&hellip;]<\/p>\n","protected":false},"author":2,"featured_media":43803,"comment_status":"open","ping_status":"open","sticky":false,"template":"","format":"standard","meta":{"site-sidebar-layout":"default","site-content-layout":"","ast-site-content-layout":"default","site-content-style":"default","site-sidebar-style":"default","ast-global-header-display":"","ast-banner-title-visibility":"","ast-main-header-display":"","ast-hfb-above-header-display":"","ast-hfb-below-header-display":"","ast-hfb-mobile-header-display":"","site-post-title":"","ast-breadcrumbs-content":"","ast-featured-img":"","footer-sml-layout":"","ast-disable-related-posts":"","theme-transparent-header-meta":"","adv-header-id-meta":"","stick-header-meta":"","header-above-stick-meta":"","header-main-stick-meta":"","header-below-stick-meta":"","astra-migrate-meta-layouts":"default","ast-page-background-enabled":"default","ast-page-background-meta":{"desktop":{"background-color":"var(--ast-global-color-5)","background-image":"","background-repeat":"repeat","background-position":"center center","background-size":"auto","background-attachment":"scroll","background-type":"","background-media":"","overlay-type":"","overlay-color":"","overlay-opacity":"","overlay-gradient":""},"tablet":{"background-color":"","background-image":"","background-repeat":"repeat","background-position":"center center","background-size":"auto","background-attachment":"scroll","background-type":"","background-media":"","overlay-type":"","overlay-color":"","overlay-opacity":"","overlay-gradient":""},"mobile":{"background-color":"","background-image":"","background-repeat":"repeat","background-position":"center center","background-size":"auto","background-attachment":"scroll","background-type":"","background-media":"","overlay-type":"","overlay-color":"","overlay-opacity":"","overlay-gradient":""}},"ast-content-background-meta":{"desktop":{"background-color":"var(--ast-global-color-4)","background-image":"","background-repeat":"repeat","background-position":"center center","background-size":"auto","background-attachment":"scroll","background-type":"","background-media":"","overlay-type":"","overlay-color":"","overlay-opacity":"","overlay-gradient":""},"tablet":{"background-color":"var(--ast-global-color-4)","background-image":"","background-repeat":"repeat","background-position":"center center","background-size":"auto","background-attachment":"scroll","background-type":"","background-media":"","overlay-type":"","overlay-color":"","overlay-opacity":"","overlay-gradient":""},"mobile":{"background-color":"var(--ast-global-color-4)","background-image":"","background-repeat":"repeat","background-position":"center center","background-size":"auto","background-attachment":"scroll","background-type":"","background-media":"","overlay-type":"","overlay-color":"","overlay-opacity":"","overlay-gradient":""}},"footnotes":""},"categories":[12,19,1],"tags":[],"class_list":["post-60191","post","type-post","status-publish","format-standard","has-post-thumbnail","hentry","category-agenda-ambiental","category-nacionales","category-noticias"],"yoast_head":"<!-- This site is optimized with the Yoast SEO Premium plugin v23.0 (Yoast SEO v27.5) - https:\/\/yoast.com\/product\/yoast-seo-premium-wordpress\/ -->\n<title>Bergman particip\u00f3 de un simposio internacional dedicado al impacto de las Am\u00e9ricas y la biotecnolog\u00eda en el desarrollo regional\u00a0<\/title>\n<meta name=\"robots\" content=\"index, follow, max-snippet:-1, max-image-preview:large, max-video-preview:-1\" \/>\n<link rel=\"canonical\" href=\"https:\/\/patagoniambiental.com.ar\/info\/bergman-participo-de-un-simposio-internacional-dedicado-al-impacto-de-las-americas-y-la-biotecnologia-en-el-desarrollo-regional\/\" \/>\n<meta property=\"og:locale\" content=\"es_ES\" \/>\n<meta property=\"og:type\" content=\"article\" \/>\n<meta property=\"og:title\" content=\"Bergman particip\u00f3 de un simposio internacional dedicado al impacto de las Am\u00e9ricas y la biotecnolog\u00eda en el desarrollo regional\u00a0\" \/>\n<meta property=\"og:description\" content=\"Ciudad Aut\u00f3noma de Buenos Aires, 11 de abril de 2019.-\u00a0El encuentro, realizado en el Anexo de Diputados del Congreso, analiz\u00f3 [&hellip;]\" \/>\n<meta property=\"og:url\" content=\"https:\/\/patagoniambiental.com.ar\/info\/bergman-participo-de-un-simposio-internacional-dedicado-al-impacto-de-las-americas-y-la-biotecnologia-en-el-desarrollo-regional\/\" \/>\n<meta property=\"og:site_name\" content=\"Patagonia Ambiental\" \/>\n<meta property=\"article:publisher\" content=\"https:\/\/www.facebook.com\/patagonia.ambiental\" \/>\n<meta property=\"article:author\" content=\"https:\/\/www.facebook.com\/share\/1C1V8Gv9BX\/?mibextid=qi2Omg\" \/>\n<meta property=\"article:published_time\" content=\"2019-04-12T22:00:16+00:00\" \/>\n<meta property=\"og:image\" content=\"https:\/\/patagoniambiental.com.ar\/info\/wp-content\/uploads\/2018\/03\/bergman8.jpg\" \/>\n\t<meta property=\"og:image:width\" content=\"800\" \/>\n\t<meta property=\"og:image:height\" content=\"400\" \/>\n\t<meta property=\"og:image:type\" content=\"image\/jpeg\" \/>\n<meta name=\"author\" content=\"Patagonia Ambiental\" \/>\n<meta name=\"twitter:card\" content=\"summary_large_image\" \/>\n<meta name=\"twitter:creator\" content=\"@PatAmb\" \/>\n<meta name=\"twitter:site\" content=\"@PatAmb\" \/>\n<script type=\"application\/ld+json\" class=\"yoast-schema-graph\">{\"@context\":\"https:\\\/\\\/schema.org\",\"@graph\":[{\"@type\":\"Article\",\"@id\":\"https:\\\/\\\/patagoniambiental.com.ar\\\/info\\\/bergman-participo-de-un-simposio-internacional-dedicado-al-impacto-de-las-americas-y-la-biotecnologia-en-el-desarrollo-regional\\\/#article\",\"isPartOf\":{\"@id\":\"https:\\\/\\\/patagoniambiental.com.ar\\\/info\\\/bergman-participo-de-un-simposio-internacional-dedicado-al-impacto-de-las-americas-y-la-biotecnologia-en-el-desarrollo-regional\\\/\"},\"author\":{\"name\":\"Patagonia Ambiental\",\"@id\":\"https:\\\/\\\/patagoniambiental.com.ar\\\/info\\\/#\\\/schema\\\/person\\\/db12bff64bbcbf6a253710bf0ea37b5d\"},\"headline\":\"Bergman particip\u00f3 de un simposio internacional dedicado al impacto de las Am\u00e9ricas y la biotecnolog\u00eda en el desarrollo regional\u00a0\",\"datePublished\":\"2019-04-12T22:00:16+00:00\",\"mainEntityOfPage\":{\"@id\":\"https:\\\/\\\/patagoniambiental.com.ar\\\/info\\\/bergman-participo-de-un-simposio-internacional-dedicado-al-impacto-de-las-americas-y-la-biotecnologia-en-el-desarrollo-regional\\\/\"},\"wordCount\":494,\"commentCount\":0,\"publisher\":{\"@id\":\"https:\\\/\\\/patagoniambiental.com.ar\\\/info\\\/#organization\"},\"image\":{\"@id\":\"https:\\\/\\\/patagoniambiental.com.ar\\\/info\\\/bergman-participo-de-un-simposio-internacional-dedicado-al-impacto-de-las-americas-y-la-biotecnologia-en-el-desarrollo-regional\\\/#primaryimage\"},\"thumbnailUrl\":\"https:\\\/\\\/patagoniambiental.com.ar\\\/info\\\/wp-content\\\/uploads\\\/2018\\\/03\\\/bergman8.jpg\",\"articleSection\":[\"Agenda Ambiental\",\"Nacionales\",\"Noticias\"],\"inLanguage\":\"es\",\"potentialAction\":[{\"@type\":\"CommentAction\",\"name\":\"Comment\",\"target\":[\"https:\\\/\\\/patagoniambiental.com.ar\\\/info\\\/bergman-participo-de-un-simposio-internacional-dedicado-al-impacto-de-las-americas-y-la-biotecnologia-en-el-desarrollo-regional\\\/#respond\"]}]},{\"@type\":\"WebPage\",\"@id\":\"https:\\\/\\\/patagoniambiental.com.ar\\\/info\\\/bergman-participo-de-un-simposio-internacional-dedicado-al-impacto-de-las-americas-y-la-biotecnologia-en-el-desarrollo-regional\\\/\",\"url\":\"https:\\\/\\\/patagoniambiental.com.ar\\\/info\\\/bergman-participo-de-un-simposio-internacional-dedicado-al-impacto-de-las-americas-y-la-biotecnologia-en-el-desarrollo-regional\\\/\",\"name\":\"Bergman particip\u00f3 de un simposio internacional dedicado al impacto de las Am\u00e9ricas y la biotecnolog\u00eda en el desarrollo regional\u00a0\",\"isPartOf\":{\"@id\":\"https:\\\/\\\/patagoniambiental.com.ar\\\/info\\\/#website\"},\"primaryImageOfPage\":{\"@id\":\"https:\\\/\\\/patagoniambiental.com.ar\\\/info\\\/bergman-participo-de-un-simposio-internacional-dedicado-al-impacto-de-las-americas-y-la-biotecnologia-en-el-desarrollo-regional\\\/#primaryimage\"},\"image\":{\"@id\":\"https:\\\/\\\/patagoniambiental.com.ar\\\/info\\\/bergman-participo-de-un-simposio-internacional-dedicado-al-impacto-de-las-americas-y-la-biotecnologia-en-el-desarrollo-regional\\\/#primaryimage\"},\"thumbnailUrl\":\"https:\\\/\\\/patagoniambiental.com.ar\\\/info\\\/wp-content\\\/uploads\\\/2018\\\/03\\\/bergman8.jpg\",\"datePublished\":\"2019-04-12T22:00:16+00:00\",\"breadcrumb\":{\"@id\":\"https:\\\/\\\/patagoniambiental.com.ar\\\/info\\\/bergman-participo-de-un-simposio-internacional-dedicado-al-impacto-de-las-americas-y-la-biotecnologia-en-el-desarrollo-regional\\\/#breadcrumb\"},\"inLanguage\":\"es\",\"potentialAction\":[{\"@type\":\"ReadAction\",\"target\":[\"https:\\\/\\\/patagoniambiental.com.ar\\\/info\\\/bergman-participo-de-un-simposio-internacional-dedicado-al-impacto-de-las-americas-y-la-biotecnologia-en-el-desarrollo-regional\\\/\"]}]},{\"@type\":\"ImageObject\",\"inLanguage\":\"es\",\"@id\":\"https:\\\/\\\/patagoniambiental.com.ar\\\/info\\\/bergman-participo-de-un-simposio-internacional-dedicado-al-impacto-de-las-americas-y-la-biotecnologia-en-el-desarrollo-regional\\\/#primaryimage\",\"url\":\"https:\\\/\\\/patagoniambiental.com.ar\\\/info\\\/wp-content\\\/uploads\\\/2018\\\/03\\\/bergman8.jpg\",\"contentUrl\":\"https:\\\/\\\/patagoniambiental.com.ar\\\/info\\\/wp-content\\\/uploads\\\/2018\\\/03\\\/bergman8.jpg\",\"width\":800,\"height\":400},{\"@type\":\"BreadcrumbList\",\"@id\":\"https:\\\/\\\/patagoniambiental.com.ar\\\/info\\\/bergman-participo-de-un-simposio-internacional-dedicado-al-impacto-de-las-americas-y-la-biotecnologia-en-el-desarrollo-regional\\\/#breadcrumb\",\"itemListElement\":[{\"@type\":\"ListItem\",\"position\":1,\"name\":\"Inicio\",\"item\":\"https:\\\/\\\/patagoniambiental.com.ar\\\/info\\\/\"},{\"@type\":\"ListItem\",\"position\":2,\"name\":\"Bergman particip\u00f3 de un simposio internacional dedicado al impacto de las Am\u00e9ricas y la biotecnolog\u00eda en el desarrollo regional\u00a0\"}]},{\"@type\":\"WebSite\",\"@id\":\"https:\\\/\\\/patagoniambiental.com.ar\\\/info\\\/#website\",\"url\":\"https:\\\/\\\/patagoniambiental.com.ar\\\/info\\\/\",\"name\":\"Patagonia Ambiental\",\"description\":\"Monitoreo y an\u00e1lisis de la situaci\u00f3n geopol\u00edtica en el mundo y su implicancia en la Patagonia\",\"publisher\":{\"@id\":\"https:\\\/\\\/patagoniambiental.com.ar\\\/info\\\/#organization\"},\"potentialAction\":[{\"@type\":\"SearchAction\",\"target\":{\"@type\":\"EntryPoint\",\"urlTemplate\":\"https:\\\/\\\/patagoniambiental.com.ar\\\/info\\\/?s={search_term_string}\"},\"query-input\":{\"@type\":\"PropertyValueSpecification\",\"valueRequired\":true,\"valueName\":\"search_term_string\"}}],\"inLanguage\":\"es\"},{\"@type\":\"Organization\",\"@id\":\"https:\\\/\\\/patagoniambiental.com.ar\\\/info\\\/#organization\",\"name\":\"Patagonia Ambiental\",\"url\":\"https:\\\/\\\/patagoniambiental.com.ar\\\/info\\\/\",\"logo\":{\"@type\":\"ImageObject\",\"inLanguage\":\"es\",\"@id\":\"https:\\\/\\\/patagoniambiental.com.ar\\\/info\\\/#\\\/schema\\\/logo\\\/image\\\/\",\"url\":\"https:\\\/\\\/patagoniambiental.com.ar\\\/info\\\/wp-content\\\/uploads\\\/2025\\\/05\\\/LOGO-PATAGONIA-AMBIENTAL.png\",\"contentUrl\":\"https:\\\/\\\/patagoniambiental.com.ar\\\/info\\\/wp-content\\\/uploads\\\/2025\\\/05\\\/LOGO-PATAGONIA-AMBIENTAL.png\",\"width\":433,\"height\":250,\"caption\":\"Patagonia Ambiental\"},\"image\":{\"@id\":\"https:\\\/\\\/patagoniambiental.com.ar\\\/info\\\/#\\\/schema\\\/logo\\\/image\\\/\"},\"sameAs\":[\"https:\\\/\\\/www.facebook.com\\\/patagonia.ambiental\",\"https:\\\/\\\/x.com\\\/PatAmb\"]},{\"@type\":\"Person\",\"@id\":\"https:\\\/\\\/patagoniambiental.com.ar\\\/info\\\/#\\\/schema\\\/person\\\/db12bff64bbcbf6a253710bf0ea37b5d\",\"name\":\"Patagonia Ambiental\",\"description\":\"Andr\u00e9s Nievas T\u00e9cnico en manejo ambiental, consultor Ambiental y escritor para medios locales e internacionales sobre temas de geopolitica y medio ambiente.\",\"sameAs\":[\"http:\\\/\\\/www.patagoniambiental.com.ar\",\"https:\\\/\\\/www.facebook.com\\\/share\\\/1C1V8Gv9BX\\\/?mibextid=qi2Omg\",\"@patagoniambiental\",\"https:\\\/\\\/youtube.com\\\/@patagoniaambiental2023?si=BLt58t0wuXquxlYZ\"]}]}<\/script>\n<!-- \/ Yoast SEO Premium plugin. -->","yoast_head_json":{"title":"Bergman particip\u00f3 de un simposio internacional dedicado al impacto de las Am\u00e9ricas y la biotecnolog\u00eda en el desarrollo regional\u00a0","robots":{"index":"index","follow":"follow","max-snippet":"max-snippet:-1","max-image-preview":"max-image-preview:large","max-video-preview":"max-video-preview:-1"},"canonical":"https:\/\/patagoniambiental.com.ar\/info\/bergman-participo-de-un-simposio-internacional-dedicado-al-impacto-de-las-americas-y-la-biotecnologia-en-el-desarrollo-regional\/","og_locale":"es_ES","og_type":"article","og_title":"Bergman particip\u00f3 de un simposio internacional dedicado al impacto de las Am\u00e9ricas y la biotecnolog\u00eda en el desarrollo regional\u00a0","og_description":"Ciudad Aut\u00f3noma de Buenos Aires, 11 de abril de 2019.-\u00a0El encuentro, realizado en el Anexo de Diputados del Congreso, analiz\u00f3 [&hellip;]","og_url":"https:\/\/patagoniambiental.com.ar\/info\/bergman-participo-de-un-simposio-internacional-dedicado-al-impacto-de-las-americas-y-la-biotecnologia-en-el-desarrollo-regional\/","og_site_name":"Patagonia Ambiental","article_publisher":"https:\/\/www.facebook.com\/patagonia.ambiental","article_author":"https:\/\/www.facebook.com\/share\/1C1V8Gv9BX\/?mibextid=qi2Omg","article_published_time":"2019-04-12T22:00:16+00:00","og_image":[{"width":800,"height":400,"url":"https:\/\/patagoniambiental.com.ar\/info\/wp-content\/uploads\/2018\/03\/bergman8.jpg","type":"image\/jpeg"}],"author":"Patagonia Ambiental","twitter_card":"summary_large_image","twitter_creator":"@PatAmb","twitter_site":"@PatAmb","schema":{"@context":"https:\/\/schema.org","@graph":[{"@type":"Article","@id":"https:\/\/patagoniambiental.com.ar\/info\/bergman-participo-de-un-simposio-internacional-dedicado-al-impacto-de-las-americas-y-la-biotecnologia-en-el-desarrollo-regional\/#article","isPartOf":{"@id":"https:\/\/patagoniambiental.com.ar\/info\/bergman-participo-de-un-simposio-internacional-dedicado-al-impacto-de-las-americas-y-la-biotecnologia-en-el-desarrollo-regional\/"},"author":{"name":"Patagonia Ambiental","@id":"https:\/\/patagoniambiental.com.ar\/info\/#\/schema\/person\/db12bff64bbcbf6a253710bf0ea37b5d"},"headline":"Bergman particip\u00f3 de un simposio internacional dedicado al impacto de las Am\u00e9ricas y la biotecnolog\u00eda en el desarrollo regional\u00a0","datePublished":"2019-04-12T22:00:16+00:00","mainEntityOfPage":{"@id":"https:\/\/patagoniambiental.com.ar\/info\/bergman-participo-de-un-simposio-internacional-dedicado-al-impacto-de-las-americas-y-la-biotecnologia-en-el-desarrollo-regional\/"},"wordCount":494,"commentCount":0,"publisher":{"@id":"https:\/\/patagoniambiental.com.ar\/info\/#organization"},"image":{"@id":"https:\/\/patagoniambiental.com.ar\/info\/bergman-participo-de-un-simposio-internacional-dedicado-al-impacto-de-las-americas-y-la-biotecnologia-en-el-desarrollo-regional\/#primaryimage"},"thumbnailUrl":"https:\/\/patagoniambiental.com.ar\/info\/wp-content\/uploads\/2018\/03\/bergman8.jpg","articleSection":["Agenda Ambiental","Nacionales","Noticias"],"inLanguage":"es","potentialAction":[{"@type":"CommentAction","name":"Comment","target":["https:\/\/patagoniambiental.com.ar\/info\/bergman-participo-de-un-simposio-internacional-dedicado-al-impacto-de-las-americas-y-la-biotecnologia-en-el-desarrollo-regional\/#respond"]}]},{"@type":"WebPage","@id":"https:\/\/patagoniambiental.com.ar\/info\/bergman-participo-de-un-simposio-internacional-dedicado-al-impacto-de-las-americas-y-la-biotecnologia-en-el-desarrollo-regional\/","url":"https:\/\/patagoniambiental.com.ar\/info\/bergman-participo-de-un-simposio-internacional-dedicado-al-impacto-de-las-americas-y-la-biotecnologia-en-el-desarrollo-regional\/","name":"Bergman particip\u00f3 de un simposio internacional dedicado al impacto de las Am\u00e9ricas y la biotecnolog\u00eda en el desarrollo regional\u00a0","isPartOf":{"@id":"https:\/\/patagoniambiental.com.ar\/info\/#website"},"primaryImageOfPage":{"@id":"https:\/\/patagoniambiental.com.ar\/info\/bergman-participo-de-un-simposio-internacional-dedicado-al-impacto-de-las-americas-y-la-biotecnologia-en-el-desarrollo-regional\/#primaryimage"},"image":{"@id":"https:\/\/patagoniambiental.com.ar\/info\/bergman-participo-de-un-simposio-internacional-dedicado-al-impacto-de-las-americas-y-la-biotecnologia-en-el-desarrollo-regional\/#primaryimage"},"thumbnailUrl":"https:\/\/patagoniambiental.com.ar\/info\/wp-content\/uploads\/2018\/03\/bergman8.jpg","datePublished":"2019-04-12T22:00:16+00:00","breadcrumb":{"@id":"https:\/\/patagoniambiental.com.ar\/info\/bergman-participo-de-un-simposio-internacional-dedicado-al-impacto-de-las-americas-y-la-biotecnologia-en-el-desarrollo-regional\/#breadcrumb"},"inLanguage":"es","potentialAction":[{"@type":"ReadAction","target":["https:\/\/patagoniambiental.com.ar\/info\/bergman-participo-de-un-simposio-internacional-dedicado-al-impacto-de-las-americas-y-la-biotecnologia-en-el-desarrollo-regional\/"]}]},{"@type":"ImageObject","inLanguage":"es","@id":"https:\/\/patagoniambiental.com.ar\/info\/bergman-participo-de-un-simposio-internacional-dedicado-al-impacto-de-las-americas-y-la-biotecnologia-en-el-desarrollo-regional\/#primaryimage","url":"https:\/\/patagoniambiental.com.ar\/info\/wp-content\/uploads\/2018\/03\/bergman8.jpg","contentUrl":"https:\/\/patagoniambiental.com.ar\/info\/wp-content\/uploads\/2018\/03\/bergman8.jpg","width":800,"height":400},{"@type":"BreadcrumbList","@id":"https:\/\/patagoniambiental.com.ar\/info\/bergman-participo-de-un-simposio-internacional-dedicado-al-impacto-de-las-americas-y-la-biotecnologia-en-el-desarrollo-regional\/#breadcrumb","itemListElement":[{"@type":"ListItem","position":1,"name":"Inicio","item":"https:\/\/patagoniambiental.com.ar\/info\/"},{"@type":"ListItem","position":2,"name":"Bergman particip\u00f3 de un simposio internacional dedicado al impacto de las Am\u00e9ricas y la biotecnolog\u00eda en el desarrollo regional\u00a0"}]},{"@type":"WebSite","@id":"https:\/\/patagoniambiental.com.ar\/info\/#website","url":"https:\/\/patagoniambiental.com.ar\/info\/","name":"Patagonia Ambiental","description":"Monitoreo y an\u00e1lisis de la situaci\u00f3n geopol\u00edtica en el mundo y su implicancia en la Patagonia","publisher":{"@id":"https:\/\/patagoniambiental.com.ar\/info\/#organization"},"potentialAction":[{"@type":"SearchAction","target":{"@type":"EntryPoint","urlTemplate":"https:\/\/patagoniambiental.com.ar\/info\/?s={search_term_string}"},"query-input":{"@type":"PropertyValueSpecification","valueRequired":true,"valueName":"search_term_string"}}],"inLanguage":"es"},{"@type":"Organization","@id":"https:\/\/patagoniambiental.com.ar\/info\/#organization","name":"Patagonia Ambiental","url":"https:\/\/patagoniambiental.com.ar\/info\/","logo":{"@type":"ImageObject","inLanguage":"es","@id":"https:\/\/patagoniambiental.com.ar\/info\/#\/schema\/logo\/image\/","url":"https:\/\/patagoniambiental.com.ar\/info\/wp-content\/uploads\/2025\/05\/LOGO-PATAGONIA-AMBIENTAL.png","contentUrl":"https:\/\/patagoniambiental.com.ar\/info\/wp-content\/uploads\/2025\/05\/LOGO-PATAGONIA-AMBIENTAL.png","width":433,"height":250,"caption":"Patagonia Ambiental"},"image":{"@id":"https:\/\/patagoniambiental.com.ar\/info\/#\/schema\/logo\/image\/"},"sameAs":["https:\/\/www.facebook.com\/patagonia.ambiental","https:\/\/x.com\/PatAmb"]},{"@type":"Person","@id":"https:\/\/patagoniambiental.com.ar\/info\/#\/schema\/person\/db12bff64bbcbf6a253710bf0ea37b5d","name":"Patagonia Ambiental","description":"Andr\u00e9s Nievas T\u00e9cnico en manejo ambiental, consultor Ambiental y escritor para medios locales e internacionales sobre temas de geopolitica y medio ambiente.","sameAs":["http:\/\/www.patagoniambiental.com.ar","https:\/\/www.facebook.com\/share\/1C1V8Gv9BX\/?mibextid=qi2Omg","@patagoniambiental","https:\/\/youtube.com\/@patagoniaambiental2023?si=BLt58t0wuXquxlYZ"]}]}},"_links":{"self":[{"href":"https:\/\/patagoniambiental.com.ar\/info\/wp-json\/wp\/v2\/posts\/60191","targetHints":{"allow":["GET"]}}],"collection":[{"href":"https:\/\/patagoniambiental.com.ar\/info\/wp-json\/wp\/v2\/posts"}],"about":[{"href":"https:\/\/patagoniambiental.com.ar\/info\/wp-json\/wp\/v2\/types\/post"}],"author":[{"embeddable":true,"href":"https:\/\/patagoniambiental.com.ar\/info\/wp-json\/wp\/v2\/users\/2"}],"replies":[{"embeddable":true,"href":"https:\/\/patagoniambiental.com.ar\/info\/wp-json\/wp\/v2\/comments?post=60191"}],"version-history":[{"count":0,"href":"https:\/\/patagoniambiental.com.ar\/info\/wp-json\/wp\/v2\/posts\/60191\/revisions"}],"wp:featuredmedia":[{"embeddable":true,"href":"https:\/\/patagoniambiental.com.ar\/info\/wp-json\/wp\/v2\/media\/43803"}],"wp:attachment":[{"href":"https:\/\/patagoniambiental.com.ar\/info\/wp-json\/wp\/v2\/media?parent=60191"}],"wp:term":[{"taxonomy":"category","embeddable":true,"href":"https:\/\/patagoniambiental.com.ar\/info\/wp-json\/wp\/v2\/categories?post=60191"},{"taxonomy":"post_tag","embeddable":true,"href":"https:\/\/patagoniambiental.com.ar\/info\/wp-json\/wp\/v2\/tags?post=60191"}],"curies":[{"name":"wp","href":"https:\/\/api.w.org\/{rel}","templated":true}]}}