{"id":60209,"date":"2019-04-14T07:00:36","date_gmt":"2019-04-14T10:00:36","guid":{"rendered":"http:\/\/patagoniambiental.com.ar\/info\/?p=60209"},"modified":"2019-04-12T12:48:01","modified_gmt":"2019-04-12T15:48:01","slug":"imextrade-s-a-presento-plan-de-remediacion-para-la-isla-de-la-ex-indupa","status":"publish","type":"post","link":"https:\/\/patagoniambiental.com.ar\/info\/imextrade-s-a-presento-plan-de-remediacion-para-la-isla-de-la-ex-indupa\/","title":{"rendered":"Imextrade S.A present\u00f3 plan de\u00a0remediaci\u00f3n\u00a0para la Isla de la Ex Indupa"},"content":{"rendered":"<div class=\"_1dwg _1w_m _q7o\">\n<div id=\"js_1aq\" class=\"_5pbx userContent _3576\" data-ft=\"{&quot;tn&quot;:&quot;K&quot;}\">\n<div id=\"id_5cb090fb599aa7706825624\" class=\"text_exposed_root text_exposed\">\n<p>En el marco de las recomendaciones fijadas por la Auditor\u00eda Ambiental, las empresas Imextrade S.A y ERM, presentaron una caracterizaci\u00f3n y propuesta del Plan de Remediaci\u00f3n de Solventes Clorados para el sector de la \u00abIsla\u00bb de la Ex-Indupa.<\/p>\n<p><!--more--><br \/>\nLas empresas expusieron las tareas principales del proyecto, las alternativas de saneamiento y las t\u00e9cnicas pre-seleccionadas, no obstante el plan<span class=\"text_exposed_show\">\u00a0de saneamiento definitivo ser\u00e1 consensuado y aprobado por los distintos organismos provinciales intervinientes.<br \/>\nImextrade S.A es la actual propietaria del predio y encargada de llevar adelante las tareas de saneamiento del pasivo ambiental de la empresa Indupa, y ERM es una consultora externa con trayectoria internacional en el tema, encargada de formular y ejecutar la propuesta t\u00e9cnica de remediaci\u00f3n del sitio.<br \/>\nParticiparon de la reuni\u00f3n personal del \u00c1rea T\u00e9cnica de la Secretar\u00eda de Ambiente y Desarrollo Sustentable (SAyDS) y del Departamento Provincial de Aguas (DPA).<\/span><\/p>\n<\/div>\n<\/div>\n<div class=\"_3x-2\" data-ft=\"{&quot;tn&quot;:&quot;H&quot;}\">\n<div data-ft=\"{&quot;tn&quot;:&quot;H&quot;}\">\n<div class=\"mtm\">\n<div>\n<div class=\"_5cq3 _1ktf\" data-ft=\"{&quot;tn&quot;:&quot;E&quot;}\">\n<div id=\"u_1f_11\" class=\"uiScaledImageContainer _4-ep\"><img fetchpriority=\"high\" decoding=\"async\" class=\"scaledImageFitHeight img\" src=\"https:\/\/scontent.faep16-2.fna.fbcdn.net\/v\/t1.0-0\/p526x296\/56598181_2315011162153250_315987744763412480_n.jpg?_nc_cat=111&amp;_nc_eui2=AeHt_30Mjogel2RfZJRPHtYDbq4BZiPQ5E4fNOqnZvWJOFk2K-RSJTOro_mq2CH5Ewfb5pKwncp2tkBTqTlLmEpxY3SiTFc1S4e3S6Mr8BtuUQ&amp;_nc_ht=scontent.faep16-2.fna&amp;oh=0072da3e9d0ef8a36b2dc84789f30109&amp;oe=5D3B267C\" alt=\"La imagen puede contener: 2 personas, personas sentadas e interior\" width=\"501\" height=\"375\" \/><\/div>\n<\/div>\n<\/div>\n<\/div>\n<\/div>\n<\/div>\n<div><\/div>\n<\/div>\n<p>Fuente: SA y DS de Rio Negro<\/p>\n<div>\n<form id=\"u_1f_1e\" class=\"commentable_item\" action=\"https:\/\/www.facebook.com\/ajax\/ufi\/modify.php\" method=\"post\" data-ft=\"{&quot;tn&quot;:&quot;]&quot;}\">\n<div class=\"_4299\">\n<div class=\"_5vsi\"><\/div>\n<div class=\"_78bu\">\n<div class=\"_68wo\" data-testid=\"fbFeedStoryUFI\/feedbackSummary\">\n<div class=\"_3vum\">\n<div class=\"_66lg\"><\/div>\n<\/div>\n<\/div>\n<\/div>\n<\/div>\n<\/form>\n<\/div>\n","protected":false},"excerpt":{"rendered":"<p>En el marco de las recomendaciones fijadas por la Auditor\u00eda Ambiental, las empresas Imextrade S.A y ERM, presentaron una caracterizaci\u00f3n [&hellip;]<\/p>\n","protected":false},"author":2,"featured_media":60210,"comment_status":"open","ping_status":"open","sticky":false,"template":"","format":"standard","meta":{"site-sidebar-layout":"default","site-content-layout":"","ast-site-content-layout":"default","site-content-style":"default","site-sidebar-style":"default","ast-global-header-display":"","ast-banner-title-visibility":"","ast-main-header-display":"","ast-hfb-above-header-display":"","ast-hfb-below-header-display":"","ast-hfb-mobile-header-display":"","site-post-title":"","ast-breadcrumbs-content":"","ast-featured-img":"","footer-sml-layout":"","ast-disable-related-posts":"","theme-transparent-header-meta":"","adv-header-id-meta":"","stick-header-meta":"","header-above-stick-meta":"","header-main-stick-meta":"","header-below-stick-meta":"","astra-migrate-meta-layouts":"default","ast-page-background-enabled":"default","ast-page-background-meta":{"desktop":{"background-color":"var(--ast-global-color-5)","background-image":"","background-repeat":"repeat","background-position":"center center","background-size":"auto","background-attachment":"scroll","background-type":"","background-media":"","overlay-type":"","overlay-color":"","overlay-opacity":"","overlay-gradient":""},"tablet":{"background-color":"","background-image":"","background-repeat":"repeat","background-position":"center center","background-size":"auto","background-attachment":"scroll","background-type":"","background-media":"","overlay-type":"","overlay-color":"","overlay-opacity":"","overlay-gradient":""},"mobile":{"background-color":"","background-image":"","background-repeat":"repeat","background-position":"center center","background-size":"auto","background-attachment":"scroll","background-type":"","background-media":"","overlay-type":"","overlay-color":"","overlay-opacity":"","overlay-gradient":""}},"ast-content-background-meta":{"desktop":{"background-color":"var(--ast-global-color-4)","background-image":"","background-repeat":"repeat","background-position":"center center","background-size":"auto","background-attachment":"scroll","background-type":"","background-media":"","overlay-type":"","overlay-color":"","overlay-opacity":"","overlay-gradient":""},"tablet":{"background-color":"var(--ast-global-color-4)","background-image":"","background-repeat":"repeat","background-position":"center center","background-size":"auto","background-attachment":"scroll","background-type":"","background-media":"","overlay-type":"","overlay-color":"","overlay-opacity":"","overlay-gradient":""},"mobile":{"background-color":"var(--ast-global-color-4)","background-image":"","background-repeat":"repeat","background-position":"center center","background-size":"auto","background-attachment":"scroll","background-type":"","background-media":"","overlay-type":"","overlay-color":"","overlay-opacity":"","overlay-gradient":""}},"footnotes":""},"categories":[1,13,14],"tags":[],"class_list":["post-60209","post","type-post","status-publish","format-standard","has-post-thumbnail","hentry","category-noticias","category-provinciales","category-rio-negro"],"yoast_head":"<!-- This site is optimized with the Yoast SEO Premium plugin v23.0 (Yoast SEO v27.5) - https:\/\/yoast.com\/product\/yoast-seo-premium-wordpress\/ -->\n<title>Imextrade S.A present\u00f3 plan de\u00a0remediaci\u00f3n\u00a0para la Isla de la Ex Indupa<\/title>\n<meta name=\"robots\" content=\"index, follow, max-snippet:-1, max-image-preview:large, max-video-preview:-1\" \/>\n<link rel=\"canonical\" href=\"https:\/\/patagoniambiental.com.ar\/info\/imextrade-s-a-presento-plan-de-remediacion-para-la-isla-de-la-ex-indupa\/\" \/>\n<meta property=\"og:locale\" content=\"es_ES\" \/>\n<meta property=\"og:type\" content=\"article\" \/>\n<meta property=\"og:title\" content=\"Imextrade S.A present\u00f3 plan de\u00a0remediaci\u00f3n\u00a0para la Isla de la Ex Indupa\" \/>\n<meta property=\"og:description\" content=\"En el marco de las recomendaciones fijadas por la Auditor\u00eda Ambiental, las empresas Imextrade S.A y ERM, presentaron una caracterizaci\u00f3n [&hellip;]\" \/>\n<meta property=\"og:url\" content=\"https:\/\/patagoniambiental.com.ar\/info\/imextrade-s-a-presento-plan-de-remediacion-para-la-isla-de-la-ex-indupa\/\" \/>\n<meta property=\"og:site_name\" content=\"Patagonia Ambiental\" \/>\n<meta property=\"article:publisher\" content=\"https:\/\/www.facebook.com\/patagonia.ambiental\" \/>\n<meta property=\"article:author\" content=\"https:\/\/www.facebook.com\/share\/1C1V8Gv9BX\/?mibextid=qi2Omg\" \/>\n<meta property=\"article:published_time\" content=\"2019-04-14T10:00:36+00:00\" \/>\n<meta property=\"og:image\" content=\"https:\/\/patagoniambiental.com.ar\/info\/wp-content\/uploads\/2019\/04\/56598181_2315011162153250_315987744763412480_n.jpg\" \/>\n\t<meta property=\"og:image:width\" content=\"526\" \/>\n\t<meta property=\"og:image:height\" content=\"394\" \/>\n\t<meta property=\"og:image:type\" content=\"image\/jpeg\" \/>\n<meta name=\"author\" content=\"Patagonia Ambiental\" \/>\n<meta name=\"twitter:card\" content=\"summary_large_image\" \/>\n<meta name=\"twitter:creator\" content=\"@PatAmb\" \/>\n<meta name=\"twitter:site\" content=\"@PatAmb\" \/>\n<script type=\"application\/ld+json\" class=\"yoast-schema-graph\">{\"@context\":\"https:\\\/\\\/schema.org\",\"@graph\":[{\"@type\":\"Article\",\"@id\":\"https:\\\/\\\/patagoniambiental.com.ar\\\/info\\\/imextrade-s-a-presento-plan-de-remediacion-para-la-isla-de-la-ex-indupa\\\/#article\",\"isPartOf\":{\"@id\":\"https:\\\/\\\/patagoniambiental.com.ar\\\/info\\\/imextrade-s-a-presento-plan-de-remediacion-para-la-isla-de-la-ex-indupa\\\/\"},\"author\":{\"name\":\"Patagonia Ambiental\",\"@id\":\"https:\\\/\\\/patagoniambiental.com.ar\\\/info\\\/#\\\/schema\\\/person\\\/db12bff64bbcbf6a253710bf0ea37b5d\"},\"headline\":\"Imextrade S.A present\u00f3 plan de\u00a0remediaci\u00f3n\u00a0para la Isla de la Ex Indupa\",\"datePublished\":\"2019-04-14T10:00:36+00:00\",\"mainEntityOfPage\":{\"@id\":\"https:\\\/\\\/patagoniambiental.com.ar\\\/info\\\/imextrade-s-a-presento-plan-de-remediacion-para-la-isla-de-la-ex-indupa\\\/\"},\"wordCount\":176,\"commentCount\":0,\"publisher\":{\"@id\":\"https:\\\/\\\/patagoniambiental.com.ar\\\/info\\\/#organization\"},\"image\":{\"@id\":\"https:\\\/\\\/patagoniambiental.com.ar\\\/info\\\/imextrade-s-a-presento-plan-de-remediacion-para-la-isla-de-la-ex-indupa\\\/#primaryimage\"},\"thumbnailUrl\":\"https:\\\/\\\/patagoniambiental.com.ar\\\/info\\\/wp-content\\\/uploads\\\/2019\\\/04\\\/56598181_2315011162153250_315987744763412480_n.jpg\",\"articleSection\":[\"Noticias\",\"Provinciales\",\"R\u00edo Negro\"],\"inLanguage\":\"es\",\"potentialAction\":[{\"@type\":\"CommentAction\",\"name\":\"Comment\",\"target\":[\"https:\\\/\\\/patagoniambiental.com.ar\\\/info\\\/imextrade-s-a-presento-plan-de-remediacion-para-la-isla-de-la-ex-indupa\\\/#respond\"]}]},{\"@type\":\"WebPage\",\"@id\":\"https:\\\/\\\/patagoniambiental.com.ar\\\/info\\\/imextrade-s-a-presento-plan-de-remediacion-para-la-isla-de-la-ex-indupa\\\/\",\"url\":\"https:\\\/\\\/patagoniambiental.com.ar\\\/info\\\/imextrade-s-a-presento-plan-de-remediacion-para-la-isla-de-la-ex-indupa\\\/\",\"name\":\"Imextrade S.A present\u00f3 plan de\u00a0remediaci\u00f3n\u00a0para la Isla de la Ex Indupa\",\"isPartOf\":{\"@id\":\"https:\\\/\\\/patagoniambiental.com.ar\\\/info\\\/#website\"},\"primaryImageOfPage\":{\"@id\":\"https:\\\/\\\/patagoniambiental.com.ar\\\/info\\\/imextrade-s-a-presento-plan-de-remediacion-para-la-isla-de-la-ex-indupa\\\/#primaryimage\"},\"image\":{\"@id\":\"https:\\\/\\\/patagoniambiental.com.ar\\\/info\\\/imextrade-s-a-presento-plan-de-remediacion-para-la-isla-de-la-ex-indupa\\\/#primaryimage\"},\"thumbnailUrl\":\"https:\\\/\\\/patagoniambiental.com.ar\\\/info\\\/wp-content\\\/uploads\\\/2019\\\/04\\\/56598181_2315011162153250_315987744763412480_n.jpg\",\"datePublished\":\"2019-04-14T10:00:36+00:00\",\"breadcrumb\":{\"@id\":\"https:\\\/\\\/patagoniambiental.com.ar\\\/info\\\/imextrade-s-a-presento-plan-de-remediacion-para-la-isla-de-la-ex-indupa\\\/#breadcrumb\"},\"inLanguage\":\"es\",\"potentialAction\":[{\"@type\":\"ReadAction\",\"target\":[\"https:\\\/\\\/patagoniambiental.com.ar\\\/info\\\/imextrade-s-a-presento-plan-de-remediacion-para-la-isla-de-la-ex-indupa\\\/\"]}]},{\"@type\":\"ImageObject\",\"inLanguage\":\"es\",\"@id\":\"https:\\\/\\\/patagoniambiental.com.ar\\\/info\\\/imextrade-s-a-presento-plan-de-remediacion-para-la-isla-de-la-ex-indupa\\\/#primaryimage\",\"url\":\"https:\\\/\\\/patagoniambiental.com.ar\\\/info\\\/wp-content\\\/uploads\\\/2019\\\/04\\\/56598181_2315011162153250_315987744763412480_n.jpg\",\"contentUrl\":\"https:\\\/\\\/patagoniambiental.com.ar\\\/info\\\/wp-content\\\/uploads\\\/2019\\\/04\\\/56598181_2315011162153250_315987744763412480_n.jpg\",\"width\":526,\"height\":394},{\"@type\":\"BreadcrumbList\",\"@id\":\"https:\\\/\\\/patagoniambiental.com.ar\\\/info\\\/imextrade-s-a-presento-plan-de-remediacion-para-la-isla-de-la-ex-indupa\\\/#breadcrumb\",\"itemListElement\":[{\"@type\":\"ListItem\",\"position\":1,\"name\":\"Inicio\",\"item\":\"https:\\\/\\\/patagoniambiental.com.ar\\\/info\\\/\"},{\"@type\":\"ListItem\",\"position\":2,\"name\":\"Imextrade S.A present\u00f3 plan de\u00a0remediaci\u00f3n\u00a0para la Isla de la Ex Indupa\"}]},{\"@type\":\"WebSite\",\"@id\":\"https:\\\/\\\/patagoniambiental.com.ar\\\/info\\\/#website\",\"url\":\"https:\\\/\\\/patagoniambiental.com.ar\\\/info\\\/\",\"name\":\"Patagonia Ambiental\",\"description\":\"Monitoreo y an\u00e1lisis de la situaci\u00f3n geopol\u00edtica en el mundo y su implicancia en la Patagonia\",\"publisher\":{\"@id\":\"https:\\\/\\\/patagoniambiental.com.ar\\\/info\\\/#organization\"},\"potentialAction\":[{\"@type\":\"SearchAction\",\"target\":{\"@type\":\"EntryPoint\",\"urlTemplate\":\"https:\\\/\\\/patagoniambiental.com.ar\\\/info\\\/?s={search_term_string}\"},\"query-input\":{\"@type\":\"PropertyValueSpecification\",\"valueRequired\":true,\"valueName\":\"search_term_string\"}}],\"inLanguage\":\"es\"},{\"@type\":\"Organization\",\"@id\":\"https:\\\/\\\/patagoniambiental.com.ar\\\/info\\\/#organization\",\"name\":\"Patagonia Ambiental\",\"url\":\"https:\\\/\\\/patagoniambiental.com.ar\\\/info\\\/\",\"logo\":{\"@type\":\"ImageObject\",\"inLanguage\":\"es\",\"@id\":\"https:\\\/\\\/patagoniambiental.com.ar\\\/info\\\/#\\\/schema\\\/logo\\\/image\\\/\",\"url\":\"https:\\\/\\\/patagoniambiental.com.ar\\\/info\\\/wp-content\\\/uploads\\\/2025\\\/05\\\/LOGO-PATAGONIA-AMBIENTAL.png\",\"contentUrl\":\"https:\\\/\\\/patagoniambiental.com.ar\\\/info\\\/wp-content\\\/uploads\\\/2025\\\/05\\\/LOGO-PATAGONIA-AMBIENTAL.png\",\"width\":433,\"height\":250,\"caption\":\"Patagonia Ambiental\"},\"image\":{\"@id\":\"https:\\\/\\\/patagoniambiental.com.ar\\\/info\\\/#\\\/schema\\\/logo\\\/image\\\/\"},\"sameAs\":[\"https:\\\/\\\/www.facebook.com\\\/patagonia.ambiental\",\"https:\\\/\\\/x.com\\\/PatAmb\"]},{\"@type\":\"Person\",\"@id\":\"https:\\\/\\\/patagoniambiental.com.ar\\\/info\\\/#\\\/schema\\\/person\\\/db12bff64bbcbf6a253710bf0ea37b5d\",\"name\":\"Patagonia Ambiental\",\"description\":\"Andr\u00e9s Nievas T\u00e9cnico en manejo ambiental, consultor Ambiental y escritor para medios locales e internacionales sobre temas de geopolitica y medio ambiente.\",\"sameAs\":[\"http:\\\/\\\/www.patagoniambiental.com.ar\",\"https:\\\/\\\/www.facebook.com\\\/share\\\/1C1V8Gv9BX\\\/?mibextid=qi2Omg\",\"@patagoniambiental\",\"https:\\\/\\\/youtube.com\\\/@patagoniaambiental2023?si=BLt58t0wuXquxlYZ\"]}]}<\/script>\n<!-- \/ Yoast SEO Premium plugin. -->","yoast_head_json":{"title":"Imextrade S.A present\u00f3 plan de\u00a0remediaci\u00f3n\u00a0para la Isla de la Ex Indupa","robots":{"index":"index","follow":"follow","max-snippet":"max-snippet:-1","max-image-preview":"max-image-preview:large","max-video-preview":"max-video-preview:-1"},"canonical":"https:\/\/patagoniambiental.com.ar\/info\/imextrade-s-a-presento-plan-de-remediacion-para-la-isla-de-la-ex-indupa\/","og_locale":"es_ES","og_type":"article","og_title":"Imextrade S.A present\u00f3 plan de\u00a0remediaci\u00f3n\u00a0para la Isla de la Ex Indupa","og_description":"En el marco de las recomendaciones fijadas por la Auditor\u00eda Ambiental, las empresas Imextrade S.A y ERM, presentaron una caracterizaci\u00f3n [&hellip;]","og_url":"https:\/\/patagoniambiental.com.ar\/info\/imextrade-s-a-presento-plan-de-remediacion-para-la-isla-de-la-ex-indupa\/","og_site_name":"Patagonia Ambiental","article_publisher":"https:\/\/www.facebook.com\/patagonia.ambiental","article_author":"https:\/\/www.facebook.com\/share\/1C1V8Gv9BX\/?mibextid=qi2Omg","article_published_time":"2019-04-14T10:00:36+00:00","og_image":[{"width":526,"height":394,"url":"https:\/\/patagoniambiental.com.ar\/info\/wp-content\/uploads\/2019\/04\/56598181_2315011162153250_315987744763412480_n.jpg","type":"image\/jpeg"}],"author":"Patagonia Ambiental","twitter_card":"summary_large_image","twitter_creator":"@PatAmb","twitter_site":"@PatAmb","schema":{"@context":"https:\/\/schema.org","@graph":[{"@type":"Article","@id":"https:\/\/patagoniambiental.com.ar\/info\/imextrade-s-a-presento-plan-de-remediacion-para-la-isla-de-la-ex-indupa\/#article","isPartOf":{"@id":"https:\/\/patagoniambiental.com.ar\/info\/imextrade-s-a-presento-plan-de-remediacion-para-la-isla-de-la-ex-indupa\/"},"author":{"name":"Patagonia Ambiental","@id":"https:\/\/patagoniambiental.com.ar\/info\/#\/schema\/person\/db12bff64bbcbf6a253710bf0ea37b5d"},"headline":"Imextrade S.A present\u00f3 plan de\u00a0remediaci\u00f3n\u00a0para la Isla de la Ex Indupa","datePublished":"2019-04-14T10:00:36+00:00","mainEntityOfPage":{"@id":"https:\/\/patagoniambiental.com.ar\/info\/imextrade-s-a-presento-plan-de-remediacion-para-la-isla-de-la-ex-indupa\/"},"wordCount":176,"commentCount":0,"publisher":{"@id":"https:\/\/patagoniambiental.com.ar\/info\/#organization"},"image":{"@id":"https:\/\/patagoniambiental.com.ar\/info\/imextrade-s-a-presento-plan-de-remediacion-para-la-isla-de-la-ex-indupa\/#primaryimage"},"thumbnailUrl":"https:\/\/patagoniambiental.com.ar\/info\/wp-content\/uploads\/2019\/04\/56598181_2315011162153250_315987744763412480_n.jpg","articleSection":["Noticias","Provinciales","R\u00edo Negro"],"inLanguage":"es","potentialAction":[{"@type":"CommentAction","name":"Comment","target":["https:\/\/patagoniambiental.com.ar\/info\/imextrade-s-a-presento-plan-de-remediacion-para-la-isla-de-la-ex-indupa\/#respond"]}]},{"@type":"WebPage","@id":"https:\/\/patagoniambiental.com.ar\/info\/imextrade-s-a-presento-plan-de-remediacion-para-la-isla-de-la-ex-indupa\/","url":"https:\/\/patagoniambiental.com.ar\/info\/imextrade-s-a-presento-plan-de-remediacion-para-la-isla-de-la-ex-indupa\/","name":"Imextrade S.A present\u00f3 plan de\u00a0remediaci\u00f3n\u00a0para la Isla de la Ex Indupa","isPartOf":{"@id":"https:\/\/patagoniambiental.com.ar\/info\/#website"},"primaryImageOfPage":{"@id":"https:\/\/patagoniambiental.com.ar\/info\/imextrade-s-a-presento-plan-de-remediacion-para-la-isla-de-la-ex-indupa\/#primaryimage"},"image":{"@id":"https:\/\/patagoniambiental.com.ar\/info\/imextrade-s-a-presento-plan-de-remediacion-para-la-isla-de-la-ex-indupa\/#primaryimage"},"thumbnailUrl":"https:\/\/patagoniambiental.com.ar\/info\/wp-content\/uploads\/2019\/04\/56598181_2315011162153250_315987744763412480_n.jpg","datePublished":"2019-04-14T10:00:36+00:00","breadcrumb":{"@id":"https:\/\/patagoniambiental.com.ar\/info\/imextrade-s-a-presento-plan-de-remediacion-para-la-isla-de-la-ex-indupa\/#breadcrumb"},"inLanguage":"es","potentialAction":[{"@type":"ReadAction","target":["https:\/\/patagoniambiental.com.ar\/info\/imextrade-s-a-presento-plan-de-remediacion-para-la-isla-de-la-ex-indupa\/"]}]},{"@type":"ImageObject","inLanguage":"es","@id":"https:\/\/patagoniambiental.com.ar\/info\/imextrade-s-a-presento-plan-de-remediacion-para-la-isla-de-la-ex-indupa\/#primaryimage","url":"https:\/\/patagoniambiental.com.ar\/info\/wp-content\/uploads\/2019\/04\/56598181_2315011162153250_315987744763412480_n.jpg","contentUrl":"https:\/\/patagoniambiental.com.ar\/info\/wp-content\/uploads\/2019\/04\/56598181_2315011162153250_315987744763412480_n.jpg","width":526,"height":394},{"@type":"BreadcrumbList","@id":"https:\/\/patagoniambiental.com.ar\/info\/imextrade-s-a-presento-plan-de-remediacion-para-la-isla-de-la-ex-indupa\/#breadcrumb","itemListElement":[{"@type":"ListItem","position":1,"name":"Inicio","item":"https:\/\/patagoniambiental.com.ar\/info\/"},{"@type":"ListItem","position":2,"name":"Imextrade S.A present\u00f3 plan de\u00a0remediaci\u00f3n\u00a0para la Isla de la Ex Indupa"}]},{"@type":"WebSite","@id":"https:\/\/patagoniambiental.com.ar\/info\/#website","url":"https:\/\/patagoniambiental.com.ar\/info\/","name":"Patagonia Ambiental","description":"Monitoreo y an\u00e1lisis de la situaci\u00f3n geopol\u00edtica en el mundo y su implicancia en la Patagonia","publisher":{"@id":"https:\/\/patagoniambiental.com.ar\/info\/#organization"},"potentialAction":[{"@type":"SearchAction","target":{"@type":"EntryPoint","urlTemplate":"https:\/\/patagoniambiental.com.ar\/info\/?s={search_term_string}"},"query-input":{"@type":"PropertyValueSpecification","valueRequired":true,"valueName":"search_term_string"}}],"inLanguage":"es"},{"@type":"Organization","@id":"https:\/\/patagoniambiental.com.ar\/info\/#organization","name":"Patagonia Ambiental","url":"https:\/\/patagoniambiental.com.ar\/info\/","logo":{"@type":"ImageObject","inLanguage":"es","@id":"https:\/\/patagoniambiental.com.ar\/info\/#\/schema\/logo\/image\/","url":"https:\/\/patagoniambiental.com.ar\/info\/wp-content\/uploads\/2025\/05\/LOGO-PATAGONIA-AMBIENTAL.png","contentUrl":"https:\/\/patagoniambiental.com.ar\/info\/wp-content\/uploads\/2025\/05\/LOGO-PATAGONIA-AMBIENTAL.png","width":433,"height":250,"caption":"Patagonia Ambiental"},"image":{"@id":"https:\/\/patagoniambiental.com.ar\/info\/#\/schema\/logo\/image\/"},"sameAs":["https:\/\/www.facebook.com\/patagonia.ambiental","https:\/\/x.com\/PatAmb"]},{"@type":"Person","@id":"https:\/\/patagoniambiental.com.ar\/info\/#\/schema\/person\/db12bff64bbcbf6a253710bf0ea37b5d","name":"Patagonia Ambiental","description":"Andr\u00e9s Nievas T\u00e9cnico en manejo ambiental, consultor Ambiental y escritor para medios locales e internacionales sobre temas de geopolitica y medio ambiente.","sameAs":["http:\/\/www.patagoniambiental.com.ar","https:\/\/www.facebook.com\/share\/1C1V8Gv9BX\/?mibextid=qi2Omg","@patagoniambiental","https:\/\/youtube.com\/@patagoniaambiental2023?si=BLt58t0wuXquxlYZ"]}]}},"_links":{"self":[{"href":"https:\/\/patagoniambiental.com.ar\/info\/wp-json\/wp\/v2\/posts\/60209","targetHints":{"allow":["GET"]}}],"collection":[{"href":"https:\/\/patagoniambiental.com.ar\/info\/wp-json\/wp\/v2\/posts"}],"about":[{"href":"https:\/\/patagoniambiental.com.ar\/info\/wp-json\/wp\/v2\/types\/post"}],"author":[{"embeddable":true,"href":"https:\/\/patagoniambiental.com.ar\/info\/wp-json\/wp\/v2\/users\/2"}],"replies":[{"embeddable":true,"href":"https:\/\/patagoniambiental.com.ar\/info\/wp-json\/wp\/v2\/comments?post=60209"}],"version-history":[{"count":0,"href":"https:\/\/patagoniambiental.com.ar\/info\/wp-json\/wp\/v2\/posts\/60209\/revisions"}],"wp:featuredmedia":[{"embeddable":true,"href":"https:\/\/patagoniambiental.com.ar\/info\/wp-json\/wp\/v2\/media\/60210"}],"wp:attachment":[{"href":"https:\/\/patagoniambiental.com.ar\/info\/wp-json\/wp\/v2\/media?parent=60209"}],"wp:term":[{"taxonomy":"category","embeddable":true,"href":"https:\/\/patagoniambiental.com.ar\/info\/wp-json\/wp\/v2\/categories?post=60209"},{"taxonomy":"post_tag","embeddable":true,"href":"https:\/\/patagoniambiental.com.ar\/info\/wp-json\/wp\/v2\/tags?post=60209"}],"curies":[{"name":"wp","href":"https:\/\/api.w.org\/{rel}","templated":true}]}}