{"id":60218,"date":"2019-04-15T19:00:37","date_gmt":"2019-04-15T22:00:37","guid":{"rendered":"http:\/\/patagoniambiental.com.ar\/info\/?p=60218"},"modified":"2019-04-15T09:20:29","modified_gmt":"2019-04-15T12:20:29","slug":"hay-un-plan-para-que-no-se-inunde-mas-la-confluencia","status":"publish","type":"post","link":"https:\/\/patagoniambiental.com.ar\/info\/hay-un-plan-para-que-no-se-inunde-mas-la-confluencia\/","title":{"rendered":"Hay un plan para que no se inunde m\u00e1s la Confluencia"},"content":{"rendered":"<article id=\"article-post\" class=\"cat-rojo\">\n<header>\n<div class=\"row\">\n<div class=\"col-xs-12\">\n<p class=\"title\">Neuqu\u00e9n.-Su dise\u00f1o cost\u00f3 5 millones de pesos y corri\u00f3 por cuenta de Recursos H\u00eddricos.<\/p>\n<p><!--more--><\/p>\n<\/div>\n<\/div>\n<\/header>\n<div class=\"head-image thumb-wrap relative\">\n<div id=\"content-gallery\">\n<div id=\"fotogaleria-Object_3184_1797\" class=\"gallery\">\n<div class=\"col2\">\n<div class=\"image itemGallery classid558956\">\n<p><a title=\"\" href=\"https:\/\/media.lmneuquen.com\/adjuntos\/195\/imagenes\/003\/571\/0003571505.jpg\"><img fetchpriority=\"high\" decoding=\"async\" title=\"Hay un plan para que no se inunde m\u00e1s la Confluencia\" src=\"https:\/\/media.lmneuquen.com\/adjuntos\/195\/imagenes\/003\/571\/0003571505.jpg\" alt=\"Hay un plan para que no se inunde m\u00e1s la Confluencia\" width=\"770\" height=\"433\" \/><\/a><\/p>\n<div class=\"gallery-header\"><\/div>\n<\/div>\n<\/div>\n<div class=\"clearfix\"><\/div>\n<\/div>\n<\/div>\n<\/div>\n<div class=\"cuerpo\">\n<p><strong>Alejandro Olivera<\/strong><\/p>\n<p><strong>olivera@lmneuquen.com.ar<\/strong><\/p>\n<p>Neuqu\u00e9n. El plan para evitar inundaciones en la Confluencia ya est\u00e1 dise\u00f1ado. Lo hizo la Subsecretar\u00eda de Recursos H\u00eddricos de la provincia. El trabajo se anunci\u00f3 hace un a\u00f1o y ser\u00e1 presentado en los pr\u00f3ximos d\u00edas. No se sabe a\u00fan c\u00f3mo se financiar\u00e1.<\/p>\n<div class=\"teads-inread teads-display-format\">\n<div id=\"teads0\" class=\"teads-player\">El plan comprende la situaci\u00f3n de Senillosa, Plottier, Centenario y Neuqu\u00e9n. Se desarroll\u00f3 en el marco del programa Desarrollo del \u00c1rea Metropolitana de Interior (DAMI) y en \u00e9l se identificaron las posibles soluciones ante los efectos negativos de las lluvias.<\/div>\n<\/div>\n<\/div>\n<\/article>\n<article id=\"article-post\" class=\"cat-rojo\">\n<div class=\"cuerpo\">\n<p>Daniel Lima, ingeniero de Recursos H\u00eddricos, explic\u00f3 a este medio que los resultados finales sugieren qu\u00e9\u00a0<a class=\"agrupador\" href=\"http:\/\/www.lmneuquen.com\/obras-a699\" rel=\"699\">obras<\/a>\u00a0deber\u00edan encarar los municipios para mejorar el sistema de drenaje de sus respectivas localidades, sin perjudicar a las ciudades vecinas.<\/p>\n<p>La realizaci\u00f3n de estas obras es clave para evitar que, ante una lluvia persistente, se inunden las localidades de la Confluencia.<\/p>\n<p>\u201cEs una jerarquizaci\u00f3n de los trabajos que se tienen que hacer y que, adem\u00e1s, incluye los costos estimativos a precios actuales. S\u00f3lo resta ver si se consigue un financiamiento para todas las tareas o si cada jefe comunal deber\u00e1 hacerse cargo de los gastos de su jurisdicci\u00f3n\u201d, explic\u00f3 el experto.<\/p>\n<p>Si bien sostuvo que es dif\u00edcil precisar cu\u00e1les son los principales problemas de cada lugar, asegur\u00f3 que todos necesitan una fuerte inversi\u00f3n en infraestructura porque las caracter\u00edsticas geogr\u00e1ficas del Alto Valle llevan a que las precipitaciones se conviertan en un gran problema.<\/p>\n<p>Por eso, las principales propuestas para mejorar la capacidad de escurrimiento apuntan a la construcci\u00f3n de canales de conducci\u00f3n y azudes.<\/p>\n<p><strong>Los barrios inc\u00f3modos<\/strong><\/p>\n<p>Lima puntualiz\u00f3 que los avances de la urbanizaci\u00f3n modificaron los cauces naturales, con lo cual aumentaron los riesgos de inundaciones en muchos sectores del \u00c1rea Metropolitana.<\/p>\n<p>Por ejemplo, cit\u00f3 el especialista, \u201cen Centenario se levantaron barrios enteros en la barda. Entonces, el agua que antes corr\u00eda sin obst\u00e1culos hacia el r\u00edo ahora se acumula en las urbanizaciones\u201d.<\/p>\n<p><span id=\"saysCMSEmphasisfs22nxts8i8\" class=\"saysCMSEmphasis\">235 mil\u00edmetros precipitaron en la \u00faltima gran inundaci\u00f3n.<\/span><\/p>\n<p>Se registr\u00f3 durante cinco d\u00edas de abril de 2014. La ca\u00edda fue suficiente para ocasionar la peor inundaci\u00f3n de los \u00faltimos a\u00f1os. El 80 por ciento de las calles de la ciudad resultaron anegadas por la intensidad de las precipitaciones, que no dieron respiro a los neuquinos. Con el plan que se acaba de dise\u00f1ar se espera terminar con el problema.<\/p>\n<p><strong>El rol de los canales de riego<\/strong><\/p>\n<p>Lima agreg\u00f3 que hay canales agr\u00edcolas que, cuando fueron creados, no se pensaron como desag\u00fces pero que en la actualidad descargan el agua de lluvia en otros lugares de la Confluencia, donde producen una importante acumulaci\u00f3n de l\u00edquido y ponen en peligro a los vecinos.<\/p>\n<p>\u201cNuestra idea es ir dividiendo el caudal y hacer salidas previas para que, por ejemplo, los canales de Plottier no tiren todo en las Valentinas\u201d, grafic\u00f3 el experto.<\/p>\n<p>La iniciativa de Recursos H\u00eddricos se plante\u00f3 como objetivo el abordaje integral de los problemas de anegamiento para llevarles beneficios a todos los vecinos de las ciudades involucradas.<\/p>\n<p>El estudio cost\u00f3 unos cinco millones de pesos. Fue financiado por el Banco Interamericano de Desarrollo (BID) en un 90 por ciento, mientras que el gobierno provincial se hizo cargo del 10 por ciento restante.<\/p>\n<p><strong>Las comunas son clave para la ejecuci\u00f3n<\/strong><\/p>\n<p><strong>Neuqu\u00e9n, mejor parada<\/strong><\/p>\n<p>Daniel Lima, ingeniero de la Subsecretar\u00eda de Recursos H\u00eddricos de la Provincia, consider\u00f3 que la ciudad capital est\u00e1 en mejores condiciones para avanzar en el plan. \u201cNeuqu\u00e9n es la ciudad que est\u00e1 m\u00e1s armada para afrontar precipitaciones fuertes, aunque necesita una actualizaci\u00f3n de su plan\u201d, consign\u00f3 el experto del organismo que dise\u00f1\u00f3 el plan de obras para evitar inundaciones.<\/p>\n<p><strong>Ahora deciden los municipios<\/strong><\/p>\n<p>Cada municipalidad debe ahora decidir si avanza o no con las obras del plan. \u201cObviamente, los municipios pueden tomar, rechazar o modificar las sugerencias de este programa, pero la idea es que se planteen soluciones integrales\u201d, advirti\u00f3 el ingeniero Lima, al explicar los alcances del plan dise\u00f1ado por Recursos H\u00eddricos de la provincia con financiamiento internacional y local.<\/p>\n<p>El ingeniero Daniel Lima destac\u00f3 la participaci\u00f3n de los municipios en la apoyatura t\u00e9cnica del proyecto de Recursos H\u00eddricos. Valor\u00f3 el aporte de informaci\u00f3n fundamentalmente.Consider\u00f3 que esto puede facilitar la ejecuci\u00f3n de las obras que necesita la regi\u00f3n en un sentido integral. Es decir, que cada jefe comunal asuma el compromiso de encarar los trabajos que se le sugirieron a trav\u00e9s del estudio del programa DAMI. \u201cHubo participaci\u00f3n y muy buena predisposici\u00f3n. L\u00f3gicamente, todos los equipos t\u00e9cnicos municipales son distintos\u201d, remarc\u00f3 el especialista.<\/p>\n<p>Fuente: La Ma\u00f1ana Neuqu\u00e9n<\/p>\n<\/div>\n<\/article>\n","protected":false},"excerpt":{"rendered":"<p>Neuqu\u00e9n.-Su dise\u00f1o cost\u00f3 5 millones de pesos y corri\u00f3 por cuenta de Recursos H\u00eddricos.<\/p>\n","protected":false},"author":2,"featured_media":60219,"comment_status":"open","ping_status":"open","sticky":false,"template":"","format":"standard","meta":{"site-sidebar-layout":"default","site-content-layout":"","ast-site-content-layout":"default","site-content-style":"default","site-sidebar-style":"default","ast-global-header-display":"","ast-banner-title-visibility":"","ast-main-header-display":"","ast-hfb-above-header-display":"","ast-hfb-below-header-display":"","ast-hfb-mobile-header-display":"","site-post-title":"","ast-breadcrumbs-content":"","ast-featured-img":"","footer-sml-layout":"","ast-disable-related-posts":"","theme-transparent-header-meta":"","adv-header-id-meta":"","stick-header-meta":"","header-above-stick-meta":"","header-main-stick-meta":"","header-below-stick-meta":"","astra-migrate-meta-layouts":"default","ast-page-background-enabled":"default","ast-page-background-meta":{"desktop":{"background-color":"var(--ast-global-color-5)","background-image":"","background-repeat":"repeat","background-position":"center center","background-size":"auto","background-attachment":"scroll","background-type":"","background-media":"","overlay-type":"","overlay-color":"","overlay-opacity":"","overlay-gradient":""},"tablet":{"background-color":"","background-image":"","background-repeat":"repeat","background-position":"center center","background-size":"auto","background-attachment":"scroll","background-type":"","background-media":"","overlay-type":"","overlay-color":"","overlay-opacity":"","overlay-gradient":""},"mobile":{"background-color":"","background-image":"","background-repeat":"repeat","background-position":"center center","background-size":"auto","background-attachment":"scroll","background-type":"","background-media":"","overlay-type":"","overlay-color":"","overlay-opacity":"","overlay-gradient":""}},"ast-content-background-meta":{"desktop":{"background-color":"var(--ast-global-color-4)","background-image":"","background-repeat":"repeat","background-position":"center center","background-size":"auto","background-attachment":"scroll","background-type":"","background-media":"","overlay-type":"","overlay-color":"","overlay-opacity":"","overlay-gradient":""},"tablet":{"background-color":"var(--ast-global-color-4)","background-image":"","background-repeat":"repeat","background-position":"center center","background-size":"auto","background-attachment":"scroll","background-type":"","background-media":"","overlay-type":"","overlay-color":"","overlay-opacity":"","overlay-gradient":""},"mobile":{"background-color":"var(--ast-global-color-4)","background-image":"","background-repeat":"repeat","background-position":"center center","background-size":"auto","background-attachment":"scroll","background-type":"","background-media":"","overlay-type":"","overlay-color":"","overlay-opacity":"","overlay-gradient":""}},"footnotes":""},"categories":[18,1,13],"tags":[],"class_list":["post-60218","post","type-post","status-publish","format-standard","has-post-thumbnail","hentry","category-neuquen","category-noticias","category-provinciales"],"yoast_head":"<!-- This site is optimized with the Yoast SEO Premium plugin v23.0 (Yoast SEO v27.5) - https:\/\/yoast.com\/product\/yoast-seo-premium-wordpress\/ -->\n<title>Hay un plan para que no se inunde m\u00e1s la Confluencia<\/title>\n<meta name=\"robots\" content=\"index, follow, max-snippet:-1, max-image-preview:large, max-video-preview:-1\" \/>\n<link rel=\"canonical\" href=\"https:\/\/patagoniambiental.com.ar\/info\/hay-un-plan-para-que-no-se-inunde-mas-la-confluencia\/\" \/>\n<meta property=\"og:locale\" content=\"es_ES\" \/>\n<meta property=\"og:type\" content=\"article\" \/>\n<meta property=\"og:title\" content=\"Hay un plan para que no se inunde m\u00e1s la Confluencia\" \/>\n<meta property=\"og:description\" content=\"Neuqu\u00e9n.-Su dise\u00f1o cost\u00f3 5 millones de pesos y corri\u00f3 por cuenta de Recursos H\u00eddricos.\" \/>\n<meta property=\"og:url\" content=\"https:\/\/patagoniambiental.com.ar\/info\/hay-un-plan-para-que-no-se-inunde-mas-la-confluencia\/\" \/>\n<meta property=\"og:site_name\" content=\"Patagonia Ambiental\" \/>\n<meta property=\"article:publisher\" content=\"https:\/\/www.facebook.com\/patagonia.ambiental\" \/>\n<meta property=\"article:author\" content=\"https:\/\/www.facebook.com\/share\/1C1V8Gv9BX\/?mibextid=qi2Omg\" \/>\n<meta property=\"article:published_time\" content=\"2019-04-15T22:00:37+00:00\" \/>\n<meta property=\"og:image\" content=\"https:\/\/patagoniambiental.com.ar\/info\/wp-content\/uploads\/2019\/04\/0003571505.jpg\" \/>\n\t<meta property=\"og:image:width\" content=\"770\" \/>\n\t<meta property=\"og:image:height\" content=\"433\" \/>\n\t<meta property=\"og:image:type\" content=\"image\/jpeg\" \/>\n<meta name=\"author\" content=\"Patagonia Ambiental\" \/>\n<meta name=\"twitter:card\" content=\"summary_large_image\" \/>\n<meta name=\"twitter:creator\" content=\"@PatAmb\" \/>\n<meta name=\"twitter:site\" content=\"@PatAmb\" \/>\n<script type=\"application\/ld+json\" class=\"yoast-schema-graph\">{\"@context\":\"https:\\\/\\\/schema.org\",\"@graph\":[{\"@type\":\"Article\",\"@id\":\"https:\\\/\\\/patagoniambiental.com.ar\\\/info\\\/hay-un-plan-para-que-no-se-inunde-mas-la-confluencia\\\/#article\",\"isPartOf\":{\"@id\":\"https:\\\/\\\/patagoniambiental.com.ar\\\/info\\\/hay-un-plan-para-que-no-se-inunde-mas-la-confluencia\\\/\"},\"author\":{\"name\":\"Patagonia Ambiental\",\"@id\":\"https:\\\/\\\/patagoniambiental.com.ar\\\/info\\\/#\\\/schema\\\/person\\\/db12bff64bbcbf6a253710bf0ea37b5d\"},\"headline\":\"Hay un plan para que no se inunde m\u00e1s la Confluencia\",\"datePublished\":\"2019-04-15T22:00:37+00:00\",\"mainEntityOfPage\":{\"@id\":\"https:\\\/\\\/patagoniambiental.com.ar\\\/info\\\/hay-un-plan-para-que-no-se-inunde-mas-la-confluencia\\\/\"},\"wordCount\":839,\"commentCount\":0,\"publisher\":{\"@id\":\"https:\\\/\\\/patagoniambiental.com.ar\\\/info\\\/#organization\"},\"image\":{\"@id\":\"https:\\\/\\\/patagoniambiental.com.ar\\\/info\\\/hay-un-plan-para-que-no-se-inunde-mas-la-confluencia\\\/#primaryimage\"},\"thumbnailUrl\":\"https:\\\/\\\/patagoniambiental.com.ar\\\/info\\\/wp-content\\\/uploads\\\/2019\\\/04\\\/0003571505.jpg\",\"articleSection\":[\"Neuqu\u00e9n\",\"Noticias\",\"Provinciales\"],\"inLanguage\":\"es\",\"potentialAction\":[{\"@type\":\"CommentAction\",\"name\":\"Comment\",\"target\":[\"https:\\\/\\\/patagoniambiental.com.ar\\\/info\\\/hay-un-plan-para-que-no-se-inunde-mas-la-confluencia\\\/#respond\"]}]},{\"@type\":\"WebPage\",\"@id\":\"https:\\\/\\\/patagoniambiental.com.ar\\\/info\\\/hay-un-plan-para-que-no-se-inunde-mas-la-confluencia\\\/\",\"url\":\"https:\\\/\\\/patagoniambiental.com.ar\\\/info\\\/hay-un-plan-para-que-no-se-inunde-mas-la-confluencia\\\/\",\"name\":\"Hay un plan para que no se inunde m\u00e1s la Confluencia\",\"isPartOf\":{\"@id\":\"https:\\\/\\\/patagoniambiental.com.ar\\\/info\\\/#website\"},\"primaryImageOfPage\":{\"@id\":\"https:\\\/\\\/patagoniambiental.com.ar\\\/info\\\/hay-un-plan-para-que-no-se-inunde-mas-la-confluencia\\\/#primaryimage\"},\"image\":{\"@id\":\"https:\\\/\\\/patagoniambiental.com.ar\\\/info\\\/hay-un-plan-para-que-no-se-inunde-mas-la-confluencia\\\/#primaryimage\"},\"thumbnailUrl\":\"https:\\\/\\\/patagoniambiental.com.ar\\\/info\\\/wp-content\\\/uploads\\\/2019\\\/04\\\/0003571505.jpg\",\"datePublished\":\"2019-04-15T22:00:37+00:00\",\"breadcrumb\":{\"@id\":\"https:\\\/\\\/patagoniambiental.com.ar\\\/info\\\/hay-un-plan-para-que-no-se-inunde-mas-la-confluencia\\\/#breadcrumb\"},\"inLanguage\":\"es\",\"potentialAction\":[{\"@type\":\"ReadAction\",\"target\":[\"https:\\\/\\\/patagoniambiental.com.ar\\\/info\\\/hay-un-plan-para-que-no-se-inunde-mas-la-confluencia\\\/\"]}]},{\"@type\":\"ImageObject\",\"inLanguage\":\"es\",\"@id\":\"https:\\\/\\\/patagoniambiental.com.ar\\\/info\\\/hay-un-plan-para-que-no-se-inunde-mas-la-confluencia\\\/#primaryimage\",\"url\":\"https:\\\/\\\/patagoniambiental.com.ar\\\/info\\\/wp-content\\\/uploads\\\/2019\\\/04\\\/0003571505.jpg\",\"contentUrl\":\"https:\\\/\\\/patagoniambiental.com.ar\\\/info\\\/wp-content\\\/uploads\\\/2019\\\/04\\\/0003571505.jpg\",\"width\":770,\"height\":433},{\"@type\":\"BreadcrumbList\",\"@id\":\"https:\\\/\\\/patagoniambiental.com.ar\\\/info\\\/hay-un-plan-para-que-no-se-inunde-mas-la-confluencia\\\/#breadcrumb\",\"itemListElement\":[{\"@type\":\"ListItem\",\"position\":1,\"name\":\"Inicio\",\"item\":\"https:\\\/\\\/patagoniambiental.com.ar\\\/info\\\/\"},{\"@type\":\"ListItem\",\"position\":2,\"name\":\"Hay un plan para que no se inunde m\u00e1s la Confluencia\"}]},{\"@type\":\"WebSite\",\"@id\":\"https:\\\/\\\/patagoniambiental.com.ar\\\/info\\\/#website\",\"url\":\"https:\\\/\\\/patagoniambiental.com.ar\\\/info\\\/\",\"name\":\"Patagonia Ambiental\",\"description\":\"Monitoreo y an\u00e1lisis de la situaci\u00f3n geopol\u00edtica en el mundo y su implicancia en la Patagonia\",\"publisher\":{\"@id\":\"https:\\\/\\\/patagoniambiental.com.ar\\\/info\\\/#organization\"},\"potentialAction\":[{\"@type\":\"SearchAction\",\"target\":{\"@type\":\"EntryPoint\",\"urlTemplate\":\"https:\\\/\\\/patagoniambiental.com.ar\\\/info\\\/?s={search_term_string}\"},\"query-input\":{\"@type\":\"PropertyValueSpecification\",\"valueRequired\":true,\"valueName\":\"search_term_string\"}}],\"inLanguage\":\"es\"},{\"@type\":\"Organization\",\"@id\":\"https:\\\/\\\/patagoniambiental.com.ar\\\/info\\\/#organization\",\"name\":\"Patagonia Ambiental\",\"url\":\"https:\\\/\\\/patagoniambiental.com.ar\\\/info\\\/\",\"logo\":{\"@type\":\"ImageObject\",\"inLanguage\":\"es\",\"@id\":\"https:\\\/\\\/patagoniambiental.com.ar\\\/info\\\/#\\\/schema\\\/logo\\\/image\\\/\",\"url\":\"https:\\\/\\\/patagoniambiental.com.ar\\\/info\\\/wp-content\\\/uploads\\\/2025\\\/05\\\/LOGO-PATAGONIA-AMBIENTAL.png\",\"contentUrl\":\"https:\\\/\\\/patagoniambiental.com.ar\\\/info\\\/wp-content\\\/uploads\\\/2025\\\/05\\\/LOGO-PATAGONIA-AMBIENTAL.png\",\"width\":433,\"height\":250,\"caption\":\"Patagonia Ambiental\"},\"image\":{\"@id\":\"https:\\\/\\\/patagoniambiental.com.ar\\\/info\\\/#\\\/schema\\\/logo\\\/image\\\/\"},\"sameAs\":[\"https:\\\/\\\/www.facebook.com\\\/patagonia.ambiental\",\"https:\\\/\\\/x.com\\\/PatAmb\"]},{\"@type\":\"Person\",\"@id\":\"https:\\\/\\\/patagoniambiental.com.ar\\\/info\\\/#\\\/schema\\\/person\\\/db12bff64bbcbf6a253710bf0ea37b5d\",\"name\":\"Patagonia Ambiental\",\"description\":\"Andr\u00e9s Nievas T\u00e9cnico en manejo ambiental, consultor Ambiental y escritor para medios locales e internacionales sobre temas de geopolitica y medio ambiente.\",\"sameAs\":[\"http:\\\/\\\/www.patagoniambiental.com.ar\",\"https:\\\/\\\/www.facebook.com\\\/share\\\/1C1V8Gv9BX\\\/?mibextid=qi2Omg\",\"@patagoniambiental\",\"https:\\\/\\\/youtube.com\\\/@patagoniaambiental2023?si=BLt58t0wuXquxlYZ\"]}]}<\/script>\n<!-- \/ Yoast SEO Premium plugin. -->","yoast_head_json":{"title":"Hay un plan para que no se inunde m\u00e1s la Confluencia","robots":{"index":"index","follow":"follow","max-snippet":"max-snippet:-1","max-image-preview":"max-image-preview:large","max-video-preview":"max-video-preview:-1"},"canonical":"https:\/\/patagoniambiental.com.ar\/info\/hay-un-plan-para-que-no-se-inunde-mas-la-confluencia\/","og_locale":"es_ES","og_type":"article","og_title":"Hay un plan para que no se inunde m\u00e1s la Confluencia","og_description":"Neuqu\u00e9n.-Su dise\u00f1o cost\u00f3 5 millones de pesos y corri\u00f3 por cuenta de Recursos H\u00eddricos.","og_url":"https:\/\/patagoniambiental.com.ar\/info\/hay-un-plan-para-que-no-se-inunde-mas-la-confluencia\/","og_site_name":"Patagonia Ambiental","article_publisher":"https:\/\/www.facebook.com\/patagonia.ambiental","article_author":"https:\/\/www.facebook.com\/share\/1C1V8Gv9BX\/?mibextid=qi2Omg","article_published_time":"2019-04-15T22:00:37+00:00","og_image":[{"width":770,"height":433,"url":"https:\/\/patagoniambiental.com.ar\/info\/wp-content\/uploads\/2019\/04\/0003571505.jpg","type":"image\/jpeg"}],"author":"Patagonia Ambiental","twitter_card":"summary_large_image","twitter_creator":"@PatAmb","twitter_site":"@PatAmb","schema":{"@context":"https:\/\/schema.org","@graph":[{"@type":"Article","@id":"https:\/\/patagoniambiental.com.ar\/info\/hay-un-plan-para-que-no-se-inunde-mas-la-confluencia\/#article","isPartOf":{"@id":"https:\/\/patagoniambiental.com.ar\/info\/hay-un-plan-para-que-no-se-inunde-mas-la-confluencia\/"},"author":{"name":"Patagonia Ambiental","@id":"https:\/\/patagoniambiental.com.ar\/info\/#\/schema\/person\/db12bff64bbcbf6a253710bf0ea37b5d"},"headline":"Hay un plan para que no se inunde m\u00e1s la Confluencia","datePublished":"2019-04-15T22:00:37+00:00","mainEntityOfPage":{"@id":"https:\/\/patagoniambiental.com.ar\/info\/hay-un-plan-para-que-no-se-inunde-mas-la-confluencia\/"},"wordCount":839,"commentCount":0,"publisher":{"@id":"https:\/\/patagoniambiental.com.ar\/info\/#organization"},"image":{"@id":"https:\/\/patagoniambiental.com.ar\/info\/hay-un-plan-para-que-no-se-inunde-mas-la-confluencia\/#primaryimage"},"thumbnailUrl":"https:\/\/patagoniambiental.com.ar\/info\/wp-content\/uploads\/2019\/04\/0003571505.jpg","articleSection":["Neuqu\u00e9n","Noticias","Provinciales"],"inLanguage":"es","potentialAction":[{"@type":"CommentAction","name":"Comment","target":["https:\/\/patagoniambiental.com.ar\/info\/hay-un-plan-para-que-no-se-inunde-mas-la-confluencia\/#respond"]}]},{"@type":"WebPage","@id":"https:\/\/patagoniambiental.com.ar\/info\/hay-un-plan-para-que-no-se-inunde-mas-la-confluencia\/","url":"https:\/\/patagoniambiental.com.ar\/info\/hay-un-plan-para-que-no-se-inunde-mas-la-confluencia\/","name":"Hay un plan para que no se inunde m\u00e1s la Confluencia","isPartOf":{"@id":"https:\/\/patagoniambiental.com.ar\/info\/#website"},"primaryImageOfPage":{"@id":"https:\/\/patagoniambiental.com.ar\/info\/hay-un-plan-para-que-no-se-inunde-mas-la-confluencia\/#primaryimage"},"image":{"@id":"https:\/\/patagoniambiental.com.ar\/info\/hay-un-plan-para-que-no-se-inunde-mas-la-confluencia\/#primaryimage"},"thumbnailUrl":"https:\/\/patagoniambiental.com.ar\/info\/wp-content\/uploads\/2019\/04\/0003571505.jpg","datePublished":"2019-04-15T22:00:37+00:00","breadcrumb":{"@id":"https:\/\/patagoniambiental.com.ar\/info\/hay-un-plan-para-que-no-se-inunde-mas-la-confluencia\/#breadcrumb"},"inLanguage":"es","potentialAction":[{"@type":"ReadAction","target":["https:\/\/patagoniambiental.com.ar\/info\/hay-un-plan-para-que-no-se-inunde-mas-la-confluencia\/"]}]},{"@type":"ImageObject","inLanguage":"es","@id":"https:\/\/patagoniambiental.com.ar\/info\/hay-un-plan-para-que-no-se-inunde-mas-la-confluencia\/#primaryimage","url":"https:\/\/patagoniambiental.com.ar\/info\/wp-content\/uploads\/2019\/04\/0003571505.jpg","contentUrl":"https:\/\/patagoniambiental.com.ar\/info\/wp-content\/uploads\/2019\/04\/0003571505.jpg","width":770,"height":433},{"@type":"BreadcrumbList","@id":"https:\/\/patagoniambiental.com.ar\/info\/hay-un-plan-para-que-no-se-inunde-mas-la-confluencia\/#breadcrumb","itemListElement":[{"@type":"ListItem","position":1,"name":"Inicio","item":"https:\/\/patagoniambiental.com.ar\/info\/"},{"@type":"ListItem","position":2,"name":"Hay un plan para que no se inunde m\u00e1s la Confluencia"}]},{"@type":"WebSite","@id":"https:\/\/patagoniambiental.com.ar\/info\/#website","url":"https:\/\/patagoniambiental.com.ar\/info\/","name":"Patagonia Ambiental","description":"Monitoreo y an\u00e1lisis de la situaci\u00f3n geopol\u00edtica en el mundo y su implicancia en la Patagonia","publisher":{"@id":"https:\/\/patagoniambiental.com.ar\/info\/#organization"},"potentialAction":[{"@type":"SearchAction","target":{"@type":"EntryPoint","urlTemplate":"https:\/\/patagoniambiental.com.ar\/info\/?s={search_term_string}"},"query-input":{"@type":"PropertyValueSpecification","valueRequired":true,"valueName":"search_term_string"}}],"inLanguage":"es"},{"@type":"Organization","@id":"https:\/\/patagoniambiental.com.ar\/info\/#organization","name":"Patagonia Ambiental","url":"https:\/\/patagoniambiental.com.ar\/info\/","logo":{"@type":"ImageObject","inLanguage":"es","@id":"https:\/\/patagoniambiental.com.ar\/info\/#\/schema\/logo\/image\/","url":"https:\/\/patagoniambiental.com.ar\/info\/wp-content\/uploads\/2025\/05\/LOGO-PATAGONIA-AMBIENTAL.png","contentUrl":"https:\/\/patagoniambiental.com.ar\/info\/wp-content\/uploads\/2025\/05\/LOGO-PATAGONIA-AMBIENTAL.png","width":433,"height":250,"caption":"Patagonia Ambiental"},"image":{"@id":"https:\/\/patagoniambiental.com.ar\/info\/#\/schema\/logo\/image\/"},"sameAs":["https:\/\/www.facebook.com\/patagonia.ambiental","https:\/\/x.com\/PatAmb"]},{"@type":"Person","@id":"https:\/\/patagoniambiental.com.ar\/info\/#\/schema\/person\/db12bff64bbcbf6a253710bf0ea37b5d","name":"Patagonia Ambiental","description":"Andr\u00e9s Nievas T\u00e9cnico en manejo ambiental, consultor Ambiental y escritor para medios locales e internacionales sobre temas de geopolitica y medio ambiente.","sameAs":["http:\/\/www.patagoniambiental.com.ar","https:\/\/www.facebook.com\/share\/1C1V8Gv9BX\/?mibextid=qi2Omg","@patagoniambiental","https:\/\/youtube.com\/@patagoniaambiental2023?si=BLt58t0wuXquxlYZ"]}]}},"_links":{"self":[{"href":"https:\/\/patagoniambiental.com.ar\/info\/wp-json\/wp\/v2\/posts\/60218","targetHints":{"allow":["GET"]}}],"collection":[{"href":"https:\/\/patagoniambiental.com.ar\/info\/wp-json\/wp\/v2\/posts"}],"about":[{"href":"https:\/\/patagoniambiental.com.ar\/info\/wp-json\/wp\/v2\/types\/post"}],"author":[{"embeddable":true,"href":"https:\/\/patagoniambiental.com.ar\/info\/wp-json\/wp\/v2\/users\/2"}],"replies":[{"embeddable":true,"href":"https:\/\/patagoniambiental.com.ar\/info\/wp-json\/wp\/v2\/comments?post=60218"}],"version-history":[{"count":0,"href":"https:\/\/patagoniambiental.com.ar\/info\/wp-json\/wp\/v2\/posts\/60218\/revisions"}],"wp:featuredmedia":[{"embeddable":true,"href":"https:\/\/patagoniambiental.com.ar\/info\/wp-json\/wp\/v2\/media\/60219"}],"wp:attachment":[{"href":"https:\/\/patagoniambiental.com.ar\/info\/wp-json\/wp\/v2\/media?parent=60218"}],"wp:term":[{"taxonomy":"category","embeddable":true,"href":"https:\/\/patagoniambiental.com.ar\/info\/wp-json\/wp\/v2\/categories?post=60218"},{"taxonomy":"post_tag","embeddable":true,"href":"https:\/\/patagoniambiental.com.ar\/info\/wp-json\/wp\/v2\/tags?post=60218"}],"curies":[{"name":"wp","href":"https:\/\/api.w.org\/{rel}","templated":true}]}}