{"id":60234,"date":"2019-04-16T07:00:54","date_gmt":"2019-04-16T10:00:54","guid":{"rendered":"http:\/\/patagoniambiental.com.ar\/info\/?p=60234"},"modified":"2019-04-15T09:56:51","modified_gmt":"2019-04-15T12:56:51","slug":"ambiente-de-catamarca-actualizo-los-precios-para-el-ingreso-a-areas-naturales-protegidas","status":"publish","type":"post","link":"https:\/\/patagoniambiental.com.ar\/info\/ambiente-de-catamarca-actualizo-los-precios-para-el-ingreso-a-areas-naturales-protegidas\/","title":{"rendered":"Ambiente de Catamarca actualiz\u00f3 los precios para el ingreso a \u00c1reas Naturales Protegidas"},"content":{"rendered":"<div class=\"row\">\n<div class=\"col-md-8 columna-principal\">\n<article class=\"main-article\">\n<div class=\"row\">\n<div class=\"col-md-12\">\n<div class=\"main-content-foto\">\n<div class=\"my-gallery main-gallery\" data-pswp-uid=\"1\">\n<figure>\n<div class=\"nfotos\">Catamarca.-Mediante una nueva disposici\u00f3n, el pr\u00f3ximo lunes la Secretar\u00eda de Estado del Ambiente y Desarrollo Sustentable de Catamarca actualizar\u00e1 los valores para el ingreso a las Areas Naturales Protegidas (ANP) que la provincia posee, tanto para el ingreso a personas como para empresas tur\u00edsticas.<\/div>\n<div><!--more--><\/div>\n<\/figure>\n<div><a href=\"https:\/\/www.elesquiu.com\/u\/fotografias\/fotosnoticias\/2019\/4\/14\/300096.jpg\" data-size=\"1280x853\"><img decoding=\"async\" class=\"img-responsive\" src=\"https:\/\/www.elesquiu.com\/u\/fotografias\/m\/2019\/4\/14\/f800x450-300096_351542_15.jpg\" alt=\"Ambiente actualiz\u00f3 los precios para el ingreso a \u00c1reas Naturales Protegidas\" \/><\/a><\/div>\n<\/div>\n<\/div>\n<div id=\"cuerpo-nota\" class=\"cuerpo-nota\">\n<div class=\"txt_contenido\">\n<p>\u201cA partir de los niveles de aumentos de precios y el proceso inflacionario que el pa\u00eds ha transitado desde el 2012, es necesario modificar las tasas de ingresos a las ANP y tasas anuales para empresas por el uso tur\u00edstico en las mismas, establecidos en la resoluci\u00f3n n\u00b0 226\/2012 de la cartera en cuesti\u00f3n\u201c, establece la nueva resoluci\u00f3n de la SEAyDS, que mediante su art\u00edculo n\u00b0 14 faculta a la Direcci\u00f3n Provincial de Bosques Nativos a fijar nuevas tasas que resulten del desarrollo de la actividad tur\u00edstica del SIPANP (Sistema Integrado Provincial de Areas Naturales Protegidas).<\/p>\n<p>\u201cLos ingresos que se incorporan al fondo especial de ANP son redestinados al SIPANP para el sostenimiento de las diferentes unidades de conservaci\u00f3n provincial, a fin de que las presentes y futuras generaciones puedan apreciar y gozar en toda su dimensi\u00f3n la riqueza, belleza y diversidad de la flora y fauna aut\u00f3ctona de las mismas, tal como lo establece el art\u00edculo n\u00b0 41 de la Constituci\u00f3n Nacional\u201d, argumenta el comunicado oficial.<\/p>\n<p>En tanto, las tasas a cobrar por uso tur\u00edstico en el SIPANP, cuyos montos ingresar\u00e1n en el Fondo Especial de ANP, son:<\/p>\n<p>&nbsp;<\/p>\n<p>Tasa anual a empresas tur\u00edsticas (agencias de viajes y excursiones, empresas de transporte)<\/p>\n<p>EMPRESAS NACIONALES\u00a0 \u00a0 \u00a0 $ 4.500.-<\/p>\n<p>EMPRESAS EXTRANJERAS\u00a0\u00a0\u00a0$ 8.500.-<\/p>\n<p>EMPRESAS PROVINCIALES\u00a0 $ 2.500.-<\/p>\n<p>&nbsp;<\/p>\n<p>Tasa de ingreso a personas a las ANP (solamente al de Campo de Piedra P\u00f3mez)<\/p>\n<p>RESIDENTES NACIONALES\u00a0 \u00a0 \u00a0 $ 100.-<\/p>\n<p>RESIDENTES EXTRANJEROS\u00a0 $ 300.-<\/p>\n<p>POBLADORES LOCALES (DONDE SE ENCUENTRE EL ANP)\u00a0 SIN COSTO<\/p>\n<p>&nbsp;<\/p>\n<p>Por \u00faltimo, se recuerda a la poblaci\u00f3n en general que los d\u00edas y horarios de acceso y permanencia en el ANP Campo de Piedra P\u00f3mez, ser\u00e1n de lunes a domingos de 9.00 a 17.00 horas en las estaciones oto\u00f1o-invierno (entre los meses de abril a setiembre), mientras que de lunes a domingos de 8.00 a 18 horas ser\u00e1 en las de primavera-verano (octubre a marzo).<\/p>\n<p>&nbsp;<\/p>\n<\/div>\n<\/div>\n<\/div>\n<\/div>\n<\/article>\n<\/div>\n<\/div>\n<p>Fuente:\u00a0https:\/\/www.elesquiu.com\/sociedad\/2019\/4\/14\/ambiente-actualizo-los-precios-para-el-ingreso-areas-naturales-protegidas-320196.html<\/p>\n","protected":false},"excerpt":{"rendered":"<p>Catamarca.-Mediante una nueva disposici\u00f3n, el pr\u00f3ximo lunes la Secretar\u00eda de Estado del Ambiente y Desarrollo Sustentable de Catamarca actualizar\u00e1 los [&hellip;]<\/p>\n","protected":false},"author":2,"featured_media":60235,"comment_status":"open","ping_status":"open","sticky":false,"template":"","format":"standard","meta":{"site-sidebar-layout":"default","site-content-layout":"","ast-site-content-layout":"default","site-content-style":"default","site-sidebar-style":"default","ast-global-header-display":"","ast-banner-title-visibility":"","ast-main-header-display":"","ast-hfb-above-header-display":"","ast-hfb-below-header-display":"","ast-hfb-mobile-header-display":"","site-post-title":"","ast-breadcrumbs-content":"","ast-featured-img":"","footer-sml-layout":"","ast-disable-related-posts":"","theme-transparent-header-meta":"","adv-header-id-meta":"","stick-header-meta":"","header-above-stick-meta":"","header-main-stick-meta":"","header-below-stick-meta":"","astra-migrate-meta-layouts":"default","ast-page-background-enabled":"default","ast-page-background-meta":{"desktop":{"background-color":"var(--ast-global-color-5)","background-image":"","background-repeat":"repeat","background-position":"center center","background-size":"auto","background-attachment":"scroll","background-type":"","background-media":"","overlay-type":"","overlay-color":"","overlay-opacity":"","overlay-gradient":""},"tablet":{"background-color":"","background-image":"","background-repeat":"repeat","background-position":"center center","background-size":"auto","background-attachment":"scroll","background-type":"","background-media":"","overlay-type":"","overlay-color":"","overlay-opacity":"","overlay-gradient":""},"mobile":{"background-color":"","background-image":"","background-repeat":"repeat","background-position":"center center","background-size":"auto","background-attachment":"scroll","background-type":"","background-media":"","overlay-type":"","overlay-color":"","overlay-opacity":"","overlay-gradient":""}},"ast-content-background-meta":{"desktop":{"background-color":"var(--ast-global-color-4)","background-image":"","background-repeat":"repeat","background-position":"center center","background-size":"auto","background-attachment":"scroll","background-type":"","background-media":"","overlay-type":"","overlay-color":"","overlay-opacity":"","overlay-gradient":""},"tablet":{"background-color":"var(--ast-global-color-4)","background-image":"","background-repeat":"repeat","background-position":"center center","background-size":"auto","background-attachment":"scroll","background-type":"","background-media":"","overlay-type":"","overlay-color":"","overlay-opacity":"","overlay-gradient":""},"mobile":{"background-color":"var(--ast-global-color-4)","background-image":"","background-repeat":"repeat","background-position":"center center","background-size":"auto","background-attachment":"scroll","background-type":"","background-media":"","overlay-type":"","overlay-color":"","overlay-opacity":"","overlay-gradient":""}},"footnotes":""},"categories":[1],"tags":[],"class_list":["post-60234","post","type-post","status-publish","format-standard","has-post-thumbnail","hentry","category-noticias"],"yoast_head":"<!-- This site is optimized with the Yoast SEO Premium plugin v23.0 (Yoast SEO v27.5) - https:\/\/yoast.com\/product\/yoast-seo-premium-wordpress\/ -->\n<title>Ambiente de Catamarca actualiz\u00f3 los precios para el ingreso a \u00c1reas Naturales Protegidas<\/title>\n<meta name=\"robots\" content=\"index, follow, max-snippet:-1, max-image-preview:large, max-video-preview:-1\" \/>\n<link rel=\"canonical\" href=\"https:\/\/patagoniambiental.com.ar\/info\/ambiente-de-catamarca-actualizo-los-precios-para-el-ingreso-a-areas-naturales-protegidas\/\" \/>\n<meta property=\"og:locale\" content=\"es_ES\" \/>\n<meta property=\"og:type\" content=\"article\" \/>\n<meta property=\"og:title\" content=\"Ambiente de Catamarca actualiz\u00f3 los precios para el ingreso a \u00c1reas Naturales Protegidas\" \/>\n<meta property=\"og:description\" content=\"Catamarca.-Mediante una nueva disposici\u00f3n, el pr\u00f3ximo lunes la Secretar\u00eda de Estado del Ambiente y Desarrollo Sustentable de Catamarca actualizar\u00e1 los [&hellip;]\" \/>\n<meta property=\"og:url\" content=\"https:\/\/patagoniambiental.com.ar\/info\/ambiente-de-catamarca-actualizo-los-precios-para-el-ingreso-a-areas-naturales-protegidas\/\" \/>\n<meta property=\"og:site_name\" content=\"Patagonia Ambiental\" \/>\n<meta property=\"article:publisher\" content=\"https:\/\/www.facebook.com\/patagonia.ambiental\" \/>\n<meta property=\"article:author\" content=\"https:\/\/www.facebook.com\/share\/1C1V8Gv9BX\/?mibextid=qi2Omg\" \/>\n<meta property=\"article:published_time\" content=\"2019-04-16T10:00:54+00:00\" \/>\n<meta property=\"og:image\" content=\"https:\/\/patagoniambiental.com.ar\/info\/wp-content\/uploads\/2019\/04\/300096.jpg\" \/>\n\t<meta property=\"og:image:width\" content=\"1280\" \/>\n\t<meta property=\"og:image:height\" content=\"853\" \/>\n\t<meta property=\"og:image:type\" content=\"image\/jpeg\" \/>\n<meta name=\"author\" content=\"Patagonia Ambiental\" \/>\n<meta name=\"twitter:card\" content=\"summary_large_image\" \/>\n<meta name=\"twitter:creator\" content=\"@PatAmb\" \/>\n<meta name=\"twitter:site\" content=\"@PatAmb\" \/>\n<script type=\"application\/ld+json\" class=\"yoast-schema-graph\">{\"@context\":\"https:\\\/\\\/schema.org\",\"@graph\":[{\"@type\":\"Article\",\"@id\":\"https:\\\/\\\/patagoniambiental.com.ar\\\/info\\\/ambiente-de-catamarca-actualizo-los-precios-para-el-ingreso-a-areas-naturales-protegidas\\\/#article\",\"isPartOf\":{\"@id\":\"https:\\\/\\\/patagoniambiental.com.ar\\\/info\\\/ambiente-de-catamarca-actualizo-los-precios-para-el-ingreso-a-areas-naturales-protegidas\\\/\"},\"author\":{\"name\":\"Patagonia Ambiental\",\"@id\":\"https:\\\/\\\/patagoniambiental.com.ar\\\/info\\\/#\\\/schema\\\/person\\\/db12bff64bbcbf6a253710bf0ea37b5d\"},\"headline\":\"Ambiente de Catamarca actualiz\u00f3 los precios para el ingreso a \u00c1reas Naturales Protegidas\",\"datePublished\":\"2019-04-16T10:00:54+00:00\",\"mainEntityOfPage\":{\"@id\":\"https:\\\/\\\/patagoniambiental.com.ar\\\/info\\\/ambiente-de-catamarca-actualizo-los-precios-para-el-ingreso-a-areas-naturales-protegidas\\\/\"},\"wordCount\":394,\"commentCount\":0,\"publisher\":{\"@id\":\"https:\\\/\\\/patagoniambiental.com.ar\\\/info\\\/#organization\"},\"image\":{\"@id\":\"https:\\\/\\\/patagoniambiental.com.ar\\\/info\\\/ambiente-de-catamarca-actualizo-los-precios-para-el-ingreso-a-areas-naturales-protegidas\\\/#primaryimage\"},\"thumbnailUrl\":\"https:\\\/\\\/patagoniambiental.com.ar\\\/info\\\/wp-content\\\/uploads\\\/2019\\\/04\\\/300096.jpg\",\"articleSection\":[\"Noticias\"],\"inLanguage\":\"es\",\"potentialAction\":[{\"@type\":\"CommentAction\",\"name\":\"Comment\",\"target\":[\"https:\\\/\\\/patagoniambiental.com.ar\\\/info\\\/ambiente-de-catamarca-actualizo-los-precios-para-el-ingreso-a-areas-naturales-protegidas\\\/#respond\"]}]},{\"@type\":\"WebPage\",\"@id\":\"https:\\\/\\\/patagoniambiental.com.ar\\\/info\\\/ambiente-de-catamarca-actualizo-los-precios-para-el-ingreso-a-areas-naturales-protegidas\\\/\",\"url\":\"https:\\\/\\\/patagoniambiental.com.ar\\\/info\\\/ambiente-de-catamarca-actualizo-los-precios-para-el-ingreso-a-areas-naturales-protegidas\\\/\",\"name\":\"Ambiente de Catamarca actualiz\u00f3 los precios para el ingreso a \u00c1reas Naturales Protegidas\",\"isPartOf\":{\"@id\":\"https:\\\/\\\/patagoniambiental.com.ar\\\/info\\\/#website\"},\"primaryImageOfPage\":{\"@id\":\"https:\\\/\\\/patagoniambiental.com.ar\\\/info\\\/ambiente-de-catamarca-actualizo-los-precios-para-el-ingreso-a-areas-naturales-protegidas\\\/#primaryimage\"},\"image\":{\"@id\":\"https:\\\/\\\/patagoniambiental.com.ar\\\/info\\\/ambiente-de-catamarca-actualizo-los-precios-para-el-ingreso-a-areas-naturales-protegidas\\\/#primaryimage\"},\"thumbnailUrl\":\"https:\\\/\\\/patagoniambiental.com.ar\\\/info\\\/wp-content\\\/uploads\\\/2019\\\/04\\\/300096.jpg\",\"datePublished\":\"2019-04-16T10:00:54+00:00\",\"breadcrumb\":{\"@id\":\"https:\\\/\\\/patagoniambiental.com.ar\\\/info\\\/ambiente-de-catamarca-actualizo-los-precios-para-el-ingreso-a-areas-naturales-protegidas\\\/#breadcrumb\"},\"inLanguage\":\"es\",\"potentialAction\":[{\"@type\":\"ReadAction\",\"target\":[\"https:\\\/\\\/patagoniambiental.com.ar\\\/info\\\/ambiente-de-catamarca-actualizo-los-precios-para-el-ingreso-a-areas-naturales-protegidas\\\/\"]}]},{\"@type\":\"ImageObject\",\"inLanguage\":\"es\",\"@id\":\"https:\\\/\\\/patagoniambiental.com.ar\\\/info\\\/ambiente-de-catamarca-actualizo-los-precios-para-el-ingreso-a-areas-naturales-protegidas\\\/#primaryimage\",\"url\":\"https:\\\/\\\/patagoniambiental.com.ar\\\/info\\\/wp-content\\\/uploads\\\/2019\\\/04\\\/300096.jpg\",\"contentUrl\":\"https:\\\/\\\/patagoniambiental.com.ar\\\/info\\\/wp-content\\\/uploads\\\/2019\\\/04\\\/300096.jpg\",\"width\":900,\"height\":600},{\"@type\":\"BreadcrumbList\",\"@id\":\"https:\\\/\\\/patagoniambiental.com.ar\\\/info\\\/ambiente-de-catamarca-actualizo-los-precios-para-el-ingreso-a-areas-naturales-protegidas\\\/#breadcrumb\",\"itemListElement\":[{\"@type\":\"ListItem\",\"position\":1,\"name\":\"Inicio\",\"item\":\"https:\\\/\\\/patagoniambiental.com.ar\\\/info\\\/\"},{\"@type\":\"ListItem\",\"position\":2,\"name\":\"Ambiente de Catamarca actualiz\u00f3 los precios para el ingreso a \u00c1reas Naturales Protegidas\"}]},{\"@type\":\"WebSite\",\"@id\":\"https:\\\/\\\/patagoniambiental.com.ar\\\/info\\\/#website\",\"url\":\"https:\\\/\\\/patagoniambiental.com.ar\\\/info\\\/\",\"name\":\"Patagonia Ambiental\",\"description\":\"Monitoreo y an\u00e1lisis de la situaci\u00f3n geopol\u00edtica en el mundo y su implicancia en la Patagonia\",\"publisher\":{\"@id\":\"https:\\\/\\\/patagoniambiental.com.ar\\\/info\\\/#organization\"},\"potentialAction\":[{\"@type\":\"SearchAction\",\"target\":{\"@type\":\"EntryPoint\",\"urlTemplate\":\"https:\\\/\\\/patagoniambiental.com.ar\\\/info\\\/?s={search_term_string}\"},\"query-input\":{\"@type\":\"PropertyValueSpecification\",\"valueRequired\":true,\"valueName\":\"search_term_string\"}}],\"inLanguage\":\"es\"},{\"@type\":\"Organization\",\"@id\":\"https:\\\/\\\/patagoniambiental.com.ar\\\/info\\\/#organization\",\"name\":\"Patagonia Ambiental\",\"url\":\"https:\\\/\\\/patagoniambiental.com.ar\\\/info\\\/\",\"logo\":{\"@type\":\"ImageObject\",\"inLanguage\":\"es\",\"@id\":\"https:\\\/\\\/patagoniambiental.com.ar\\\/info\\\/#\\\/schema\\\/logo\\\/image\\\/\",\"url\":\"https:\\\/\\\/patagoniambiental.com.ar\\\/info\\\/wp-content\\\/uploads\\\/2025\\\/05\\\/LOGO-PATAGONIA-AMBIENTAL.png\",\"contentUrl\":\"https:\\\/\\\/patagoniambiental.com.ar\\\/info\\\/wp-content\\\/uploads\\\/2025\\\/05\\\/LOGO-PATAGONIA-AMBIENTAL.png\",\"width\":433,\"height\":250,\"caption\":\"Patagonia Ambiental\"},\"image\":{\"@id\":\"https:\\\/\\\/patagoniambiental.com.ar\\\/info\\\/#\\\/schema\\\/logo\\\/image\\\/\"},\"sameAs\":[\"https:\\\/\\\/www.facebook.com\\\/patagonia.ambiental\",\"https:\\\/\\\/x.com\\\/PatAmb\"]},{\"@type\":\"Person\",\"@id\":\"https:\\\/\\\/patagoniambiental.com.ar\\\/info\\\/#\\\/schema\\\/person\\\/db12bff64bbcbf6a253710bf0ea37b5d\",\"name\":\"Patagonia Ambiental\",\"description\":\"Andr\u00e9s Nievas T\u00e9cnico en manejo ambiental, consultor Ambiental y escritor para medios locales e internacionales sobre temas de geopolitica y medio ambiente.\",\"sameAs\":[\"http:\\\/\\\/www.patagoniambiental.com.ar\",\"https:\\\/\\\/www.facebook.com\\\/share\\\/1C1V8Gv9BX\\\/?mibextid=qi2Omg\",\"@patagoniambiental\",\"https:\\\/\\\/youtube.com\\\/@patagoniaambiental2023?si=BLt58t0wuXquxlYZ\"]}]}<\/script>\n<!-- \/ Yoast SEO Premium plugin. -->","yoast_head_json":{"title":"Ambiente de Catamarca actualiz\u00f3 los precios para el ingreso a \u00c1reas Naturales Protegidas","robots":{"index":"index","follow":"follow","max-snippet":"max-snippet:-1","max-image-preview":"max-image-preview:large","max-video-preview":"max-video-preview:-1"},"canonical":"https:\/\/patagoniambiental.com.ar\/info\/ambiente-de-catamarca-actualizo-los-precios-para-el-ingreso-a-areas-naturales-protegidas\/","og_locale":"es_ES","og_type":"article","og_title":"Ambiente de Catamarca actualiz\u00f3 los precios para el ingreso a \u00c1reas Naturales Protegidas","og_description":"Catamarca.-Mediante una nueva disposici\u00f3n, el pr\u00f3ximo lunes la Secretar\u00eda de Estado del Ambiente y Desarrollo Sustentable de Catamarca actualizar\u00e1 los [&hellip;]","og_url":"https:\/\/patagoniambiental.com.ar\/info\/ambiente-de-catamarca-actualizo-los-precios-para-el-ingreso-a-areas-naturales-protegidas\/","og_site_name":"Patagonia Ambiental","article_publisher":"https:\/\/www.facebook.com\/patagonia.ambiental","article_author":"https:\/\/www.facebook.com\/share\/1C1V8Gv9BX\/?mibextid=qi2Omg","article_published_time":"2019-04-16T10:00:54+00:00","og_image":[{"width":1280,"height":853,"url":"https:\/\/patagoniambiental.com.ar\/info\/wp-content\/uploads\/2019\/04\/300096.jpg","type":"image\/jpeg"}],"author":"Patagonia Ambiental","twitter_card":"summary_large_image","twitter_creator":"@PatAmb","twitter_site":"@PatAmb","schema":{"@context":"https:\/\/schema.org","@graph":[{"@type":"Article","@id":"https:\/\/patagoniambiental.com.ar\/info\/ambiente-de-catamarca-actualizo-los-precios-para-el-ingreso-a-areas-naturales-protegidas\/#article","isPartOf":{"@id":"https:\/\/patagoniambiental.com.ar\/info\/ambiente-de-catamarca-actualizo-los-precios-para-el-ingreso-a-areas-naturales-protegidas\/"},"author":{"name":"Patagonia Ambiental","@id":"https:\/\/patagoniambiental.com.ar\/info\/#\/schema\/person\/db12bff64bbcbf6a253710bf0ea37b5d"},"headline":"Ambiente de Catamarca actualiz\u00f3 los precios para el ingreso a \u00c1reas Naturales Protegidas","datePublished":"2019-04-16T10:00:54+00:00","mainEntityOfPage":{"@id":"https:\/\/patagoniambiental.com.ar\/info\/ambiente-de-catamarca-actualizo-los-precios-para-el-ingreso-a-areas-naturales-protegidas\/"},"wordCount":394,"commentCount":0,"publisher":{"@id":"https:\/\/patagoniambiental.com.ar\/info\/#organization"},"image":{"@id":"https:\/\/patagoniambiental.com.ar\/info\/ambiente-de-catamarca-actualizo-los-precios-para-el-ingreso-a-areas-naturales-protegidas\/#primaryimage"},"thumbnailUrl":"https:\/\/patagoniambiental.com.ar\/info\/wp-content\/uploads\/2019\/04\/300096.jpg","articleSection":["Noticias"],"inLanguage":"es","potentialAction":[{"@type":"CommentAction","name":"Comment","target":["https:\/\/patagoniambiental.com.ar\/info\/ambiente-de-catamarca-actualizo-los-precios-para-el-ingreso-a-areas-naturales-protegidas\/#respond"]}]},{"@type":"WebPage","@id":"https:\/\/patagoniambiental.com.ar\/info\/ambiente-de-catamarca-actualizo-los-precios-para-el-ingreso-a-areas-naturales-protegidas\/","url":"https:\/\/patagoniambiental.com.ar\/info\/ambiente-de-catamarca-actualizo-los-precios-para-el-ingreso-a-areas-naturales-protegidas\/","name":"Ambiente de Catamarca actualiz\u00f3 los precios para el ingreso a \u00c1reas Naturales Protegidas","isPartOf":{"@id":"https:\/\/patagoniambiental.com.ar\/info\/#website"},"primaryImageOfPage":{"@id":"https:\/\/patagoniambiental.com.ar\/info\/ambiente-de-catamarca-actualizo-los-precios-para-el-ingreso-a-areas-naturales-protegidas\/#primaryimage"},"image":{"@id":"https:\/\/patagoniambiental.com.ar\/info\/ambiente-de-catamarca-actualizo-los-precios-para-el-ingreso-a-areas-naturales-protegidas\/#primaryimage"},"thumbnailUrl":"https:\/\/patagoniambiental.com.ar\/info\/wp-content\/uploads\/2019\/04\/300096.jpg","datePublished":"2019-04-16T10:00:54+00:00","breadcrumb":{"@id":"https:\/\/patagoniambiental.com.ar\/info\/ambiente-de-catamarca-actualizo-los-precios-para-el-ingreso-a-areas-naturales-protegidas\/#breadcrumb"},"inLanguage":"es","potentialAction":[{"@type":"ReadAction","target":["https:\/\/patagoniambiental.com.ar\/info\/ambiente-de-catamarca-actualizo-los-precios-para-el-ingreso-a-areas-naturales-protegidas\/"]}]},{"@type":"ImageObject","inLanguage":"es","@id":"https:\/\/patagoniambiental.com.ar\/info\/ambiente-de-catamarca-actualizo-los-precios-para-el-ingreso-a-areas-naturales-protegidas\/#primaryimage","url":"https:\/\/patagoniambiental.com.ar\/info\/wp-content\/uploads\/2019\/04\/300096.jpg","contentUrl":"https:\/\/patagoniambiental.com.ar\/info\/wp-content\/uploads\/2019\/04\/300096.jpg","width":900,"height":600},{"@type":"BreadcrumbList","@id":"https:\/\/patagoniambiental.com.ar\/info\/ambiente-de-catamarca-actualizo-los-precios-para-el-ingreso-a-areas-naturales-protegidas\/#breadcrumb","itemListElement":[{"@type":"ListItem","position":1,"name":"Inicio","item":"https:\/\/patagoniambiental.com.ar\/info\/"},{"@type":"ListItem","position":2,"name":"Ambiente de Catamarca actualiz\u00f3 los precios para el ingreso a \u00c1reas Naturales Protegidas"}]},{"@type":"WebSite","@id":"https:\/\/patagoniambiental.com.ar\/info\/#website","url":"https:\/\/patagoniambiental.com.ar\/info\/","name":"Patagonia Ambiental","description":"Monitoreo y an\u00e1lisis de la situaci\u00f3n geopol\u00edtica en el mundo y su implicancia en la Patagonia","publisher":{"@id":"https:\/\/patagoniambiental.com.ar\/info\/#organization"},"potentialAction":[{"@type":"SearchAction","target":{"@type":"EntryPoint","urlTemplate":"https:\/\/patagoniambiental.com.ar\/info\/?s={search_term_string}"},"query-input":{"@type":"PropertyValueSpecification","valueRequired":true,"valueName":"search_term_string"}}],"inLanguage":"es"},{"@type":"Organization","@id":"https:\/\/patagoniambiental.com.ar\/info\/#organization","name":"Patagonia Ambiental","url":"https:\/\/patagoniambiental.com.ar\/info\/","logo":{"@type":"ImageObject","inLanguage":"es","@id":"https:\/\/patagoniambiental.com.ar\/info\/#\/schema\/logo\/image\/","url":"https:\/\/patagoniambiental.com.ar\/info\/wp-content\/uploads\/2025\/05\/LOGO-PATAGONIA-AMBIENTAL.png","contentUrl":"https:\/\/patagoniambiental.com.ar\/info\/wp-content\/uploads\/2025\/05\/LOGO-PATAGONIA-AMBIENTAL.png","width":433,"height":250,"caption":"Patagonia Ambiental"},"image":{"@id":"https:\/\/patagoniambiental.com.ar\/info\/#\/schema\/logo\/image\/"},"sameAs":["https:\/\/www.facebook.com\/patagonia.ambiental","https:\/\/x.com\/PatAmb"]},{"@type":"Person","@id":"https:\/\/patagoniambiental.com.ar\/info\/#\/schema\/person\/db12bff64bbcbf6a253710bf0ea37b5d","name":"Patagonia Ambiental","description":"Andr\u00e9s Nievas T\u00e9cnico en manejo ambiental, consultor Ambiental y escritor para medios locales e internacionales sobre temas de geopolitica y medio ambiente.","sameAs":["http:\/\/www.patagoniambiental.com.ar","https:\/\/www.facebook.com\/share\/1C1V8Gv9BX\/?mibextid=qi2Omg","@patagoniambiental","https:\/\/youtube.com\/@patagoniaambiental2023?si=BLt58t0wuXquxlYZ"]}]}},"_links":{"self":[{"href":"https:\/\/patagoniambiental.com.ar\/info\/wp-json\/wp\/v2\/posts\/60234","targetHints":{"allow":["GET"]}}],"collection":[{"href":"https:\/\/patagoniambiental.com.ar\/info\/wp-json\/wp\/v2\/posts"}],"about":[{"href":"https:\/\/patagoniambiental.com.ar\/info\/wp-json\/wp\/v2\/types\/post"}],"author":[{"embeddable":true,"href":"https:\/\/patagoniambiental.com.ar\/info\/wp-json\/wp\/v2\/users\/2"}],"replies":[{"embeddable":true,"href":"https:\/\/patagoniambiental.com.ar\/info\/wp-json\/wp\/v2\/comments?post=60234"}],"version-history":[{"count":0,"href":"https:\/\/patagoniambiental.com.ar\/info\/wp-json\/wp\/v2\/posts\/60234\/revisions"}],"wp:featuredmedia":[{"embeddable":true,"href":"https:\/\/patagoniambiental.com.ar\/info\/wp-json\/wp\/v2\/media\/60235"}],"wp:attachment":[{"href":"https:\/\/patagoniambiental.com.ar\/info\/wp-json\/wp\/v2\/media?parent=60234"}],"wp:term":[{"taxonomy":"category","embeddable":true,"href":"https:\/\/patagoniambiental.com.ar\/info\/wp-json\/wp\/v2\/categories?post=60234"},{"taxonomy":"post_tag","embeddable":true,"href":"https:\/\/patagoniambiental.com.ar\/info\/wp-json\/wp\/v2\/tags?post=60234"}],"curies":[{"name":"wp","href":"https:\/\/api.w.org\/{rel}","templated":true}]}}