{"id":60240,"date":"2019-04-16T07:00:25","date_gmt":"2019-04-16T10:00:25","guid":{"rendered":"http:\/\/patagoniambiental.com.ar\/info\/?p=60240"},"modified":"2019-04-15T10:04:19","modified_gmt":"2019-04-15T13:04:19","slug":"el-ministro-abregu-y-el-diputado-perez-trabajan-con-la-asociacion-rural-sobre-la-problematica-de-los-perros-asilvestrados","status":"publish","type":"post","link":"https:\/\/patagoniambiental.com.ar\/info\/el-ministro-abregu-y-el-diputado-perez-trabajan-con-la-asociacion-rural-sobre-la-problematica-de-los-perros-asilvestrados\/","title":{"rendered":"El ministro Abreg\u00fa y el diputado P\u00e9rez trabajan con la Asociaci\u00f3n Rural sobre la problem\u00e1tica de los perros asilvestrados"},"content":{"rendered":"<div class=\"container\">\n<div class=\"col-md-12 col-sm-12 col-xs-12 margen-section\">\n<p class=\"titulo-noti1 encodeB\">Tierra del Fuego, AIAS.-El ministro de Agricultura, Ganader\u00eda y Pesca Walter Abreg\u00fa, el secretario de Agroindustria y Pesca Kevin Colli, el diputado nacional Mart\u00edn P\u00e9rez, y el presidente de la Asociaci\u00f3n Rural de Tierra del Fuego Fernando Glubich, mantuvieron un encuentro para analizar alternativas que posibiliten dar soluci\u00f3n a la problem\u00e1tica de los perros asilvestrados.<\/p>\n<p><!--more--><\/p>\n<p class=\"titulo-noti1 encodeB\">Adem\u00e1s, el diputado Mart\u00edn P\u00e9rez se encuentra trabajando en un proyecto de ley nacional con el objetivo de crear diversos fondos para atender la situaci\u00f3n que afecta gravemente a la salud p\u00fablica en general y a la producci\u00f3n ganadera de la provincia en particular.<\/p>\n<div class=\"hr5\"><\/div>\n<\/div>\n<\/div>\n<div class=\"container \">\n<div class=\"col-md-8 col-sm-12 col-xs-12 margen-section\">\n<div class=\"col-md-12 col-sm-12\"><img decoding=\"async\" class=\"img-responsive text-center center-img\" src=\"http:\/\/www.sur54.com\/data\/upload\/news\/2621a6ac43e0cef7aad4546bfa9a2fc0-1000perez_abregu.jpg\" \/><\/p>\n<div class=\"space\"><\/div>\n<div class=\"col-md-12 col-sm-12 col-xs-12 text-center\"><\/div>\n<div class=\"sofia copete\">\n<p>Al respecto, Abreg\u00fa coment\u00f3 que \u201c<span class=\"marker\">estamos trabajando en conjunto con distintos actores porque nos vemos inmersos en este problema en toda la parte rural, y tambi\u00e9n en zonas aleda\u00f1as como Chile y toda la Patagonia Sur.<\/span>\u00a0Ojal\u00e1 se pueda concretar este proyecto de ley del diputado P\u00e9rez para solucionar definitivamente este tema\u201d.<\/p>\n<p>&nbsp;<\/p>\n<p>En tal sentido, se\u00f1al\u00f3 que\u00a0<span class=\"marker\">\u201chay distintos sectores con los que tenemos que acordar, incluido el Municipio de R\u00edo Grande, para que todos estemos de acuerdo y en base a eso, trabajar con la Asociaci\u00f3n Rural para evitar todo este tipo de situaciones\u201d.<\/span><\/p>\n<p>&nbsp;<\/p>\n<p>Abreg\u00fa afirm\u00f3 que \u201c<span class=\"marker\">se puede revertir esta situaci\u00f3n si realizamos un trabajo integral, multidisciplinario y sumando voluntades entre todos<\/span>. Erradicarlo de un d\u00eda para el otro va a ser dif\u00edcil, pero se puede solucionar\u201d.<\/p>\n<p>&nbsp;<\/p>\n<p>Por su parte, el diputado nacional Mart\u00edn P\u00e9rez mencion\u00f3 que\u00a0<span class=\"marker\">\u201chemos acercado un borrador de proyecto de ley donde hemos planteado la necesidad de atender a nivel nacional la problem\u00e1tica de los perros asilvestrados\u00a0<\/span>en nuestra provincia y en toda la Patagonia\u201d.<\/p>\n<p>&nbsp;<\/p>\n<p>\u201cEs un problema que trasciende a Tierra del Fuego\u201d sostuvo P\u00e9rez, quien agreg\u00f3 que<span class=\"marker\">\u00a0\u201cel proyecto de ley plantea la necesidad de declarar especie ex\u00f3tica al perro asilvestrado,<\/span>\u00a0crear un fondo de atenci\u00f3n nacional para esta problem\u00e1tica para que el Ministerio de Ambiente de la Naci\u00f3n comience a ocuparse formalmente del tema y, adem\u00e1s, declarar la emergencia socioambiental de nuestra provincia en funci\u00f3n de la enorme problem\u00e1tica que se ha generado en materia de perros asilvestrados\u201d.<\/p>\n<p>&nbsp;<\/p>\n<p>El diputado manifest\u00f3 que\u00a0<span class=\"marker\">\u201centendemos que es un problema de salud p\u00fablica y nos tenemos que ocupar todos del tema.\u00a0<\/span>Si bien hay una ley aprobada en la provincia, que es la N\u00b011.46, se est\u00e1 trabajando en esta problem\u00e1tica, pero tambi\u00e9n entendemos que es un esfuerzo muy importante el que hay que hacer en todos los niveles del Estado\u201d.<\/p>\n<p>&nbsp;<\/p>\n<p><span class=\"marker\">\u201cQueremos poner el tema en la agenda nacional porque hoy es un problema que conocemos los fueguinos, pero de manera nacional no se est\u00e1 atendiendo de manera fehaciente\u201d,\u00a0<\/span>afirm\u00f3 P\u00e9rez, quien anot\u00f3 que \u201cdeclarando al perro asilvestrado como especie ex\u00f3tica, con una clara definici\u00f3n, y sabiendo distinguir un perro asilvestrado de uno de la calle, queremos plantear que el Ministerio de Ambiente de la Naci\u00f3n comience a atender y a fortalecer la protecci\u00f3n de la poblaci\u00f3n civil y animal que reside en el ambiente rural. Con este proyecto de ley pretendemos que se creen fondos para programas, para el control de la poblaci\u00f3n canina de perros asilvestrados, y fondos para la erradicaci\u00f3n de los perros que ya est\u00e1n instalados en gran parte del territorio de nuestra provincia\u201d.<\/p>\n<p>Fuente:\u00a0http:\/\/www.sur54.com\/el_ministro_abregu_y_el_diputado_perez_trabajan_con_la_asociacion_rural_sobre_la_problematica_de_los_perros_asilvestrados<\/p>\n<\/div>\n<\/div>\n<\/div>\n<\/div>\n","protected":false},"excerpt":{"rendered":"<p>Tierra del Fuego, AIAS.-El ministro de Agricultura, Ganader\u00eda y Pesca Walter Abreg\u00fa, el secretario de Agroindustria y Pesca Kevin Colli, [&hellip;]<\/p>\n","protected":false},"author":2,"featured_media":60241,"comment_status":"open","ping_status":"open","sticky":false,"template":"","format":"standard","meta":{"site-sidebar-layout":"default","site-content-layout":"","ast-site-content-layout":"default","site-content-style":"default","site-sidebar-style":"default","ast-global-header-display":"","ast-banner-title-visibility":"","ast-main-header-display":"","ast-hfb-above-header-display":"","ast-hfb-below-header-display":"","ast-hfb-mobile-header-display":"","site-post-title":"","ast-breadcrumbs-content":"","ast-featured-img":"","footer-sml-layout":"","ast-disable-related-posts":"","theme-transparent-header-meta":"","adv-header-id-meta":"","stick-header-meta":"","header-above-stick-meta":"","header-main-stick-meta":"","header-below-stick-meta":"","astra-migrate-meta-layouts":"default","ast-page-background-enabled":"default","ast-page-background-meta":{"desktop":{"background-color":"var(--ast-global-color-5)","background-image":"","background-repeat":"repeat","background-position":"center center","background-size":"auto","background-attachment":"scroll","background-type":"","background-media":"","overlay-type":"","overlay-color":"","overlay-opacity":"","overlay-gradient":""},"tablet":{"background-color":"","background-image":"","background-repeat":"repeat","background-position":"center center","background-size":"auto","background-attachment":"scroll","background-type":"","background-media":"","overlay-type":"","overlay-color":"","overlay-opacity":"","overlay-gradient":""},"mobile":{"background-color":"","background-image":"","background-repeat":"repeat","background-position":"center center","background-size":"auto","background-attachment":"scroll","background-type":"","background-media":"","overlay-type":"","overlay-color":"","overlay-opacity":"","overlay-gradient":""}},"ast-content-background-meta":{"desktop":{"background-color":"var(--ast-global-color-4)","background-image":"","background-repeat":"repeat","background-position":"center center","background-size":"auto","background-attachment":"scroll","background-type":"","background-media":"","overlay-type":"","overlay-color":"","overlay-opacity":"","overlay-gradient":""},"tablet":{"background-color":"var(--ast-global-color-4)","background-image":"","background-repeat":"repeat","background-position":"center center","background-size":"auto","background-attachment":"scroll","background-type":"","background-media":"","overlay-type":"","overlay-color":"","overlay-opacity":"","overlay-gradient":""},"mobile":{"background-color":"var(--ast-global-color-4)","background-image":"","background-repeat":"repeat","background-position":"center center","background-size":"auto","background-attachment":"scroll","background-type":"","background-media":"","overlay-type":"","overlay-color":"","overlay-opacity":"","overlay-gradient":""}},"footnotes":""},"categories":[11,1,13,10,25],"tags":[],"class_list":["post-60240","post","type-post","status-publish","format-standard","has-post-thumbnail","hentry","category-boletin","category-noticias","category-provinciales","category-rotador","category-tierra-del-fuego"],"yoast_head":"<!-- This site is optimized with the Yoast SEO Premium plugin v23.0 (Yoast SEO v27.5) - https:\/\/yoast.com\/product\/yoast-seo-premium-wordpress\/ -->\n<title>El ministro Abreg\u00fa y el diputado P\u00e9rez trabajan con la Asociaci\u00f3n Rural sobre la problem\u00e1tica de los perros asilvestrados<\/title>\n<meta name=\"robots\" content=\"index, follow, max-snippet:-1, max-image-preview:large, max-video-preview:-1\" \/>\n<link rel=\"canonical\" href=\"https:\/\/patagoniambiental.com.ar\/info\/el-ministro-abregu-y-el-diputado-perez-trabajan-con-la-asociacion-rural-sobre-la-problematica-de-los-perros-asilvestrados\/\" \/>\n<meta property=\"og:locale\" content=\"es_ES\" \/>\n<meta property=\"og:type\" content=\"article\" \/>\n<meta property=\"og:title\" content=\"El ministro Abreg\u00fa y el diputado P\u00e9rez trabajan con la Asociaci\u00f3n Rural sobre la problem\u00e1tica de los perros asilvestrados\" \/>\n<meta property=\"og:description\" content=\"Tierra del Fuego, AIAS.-El ministro de Agricultura, Ganader\u00eda y Pesca Walter Abreg\u00fa, el secretario de Agroindustria y Pesca Kevin Colli, [&hellip;]\" \/>\n<meta property=\"og:url\" content=\"https:\/\/patagoniambiental.com.ar\/info\/el-ministro-abregu-y-el-diputado-perez-trabajan-con-la-asociacion-rural-sobre-la-problematica-de-los-perros-asilvestrados\/\" \/>\n<meta property=\"og:site_name\" content=\"Patagonia Ambiental\" \/>\n<meta property=\"article:publisher\" content=\"https:\/\/www.facebook.com\/patagonia.ambiental\" \/>\n<meta property=\"article:author\" content=\"https:\/\/www.facebook.com\/share\/1C1V8Gv9BX\/?mibextid=qi2Omg\" \/>\n<meta property=\"article:published_time\" content=\"2019-04-16T10:00:25+00:00\" \/>\n<meta property=\"og:image\" content=\"https:\/\/patagoniambiental.com.ar\/info\/wp-content\/uploads\/2019\/04\/2621a6ac43e0cef7aad4546bfa9a2fc0-1000perez_abregu.jpg\" \/>\n\t<meta property=\"og:image:width\" content=\"1000\" \/>\n\t<meta property=\"og:image:height\" content=\"666\" \/>\n\t<meta property=\"og:image:type\" content=\"image\/jpeg\" \/>\n<meta name=\"author\" content=\"Patagonia Ambiental\" \/>\n<meta name=\"twitter:card\" content=\"summary_large_image\" \/>\n<meta name=\"twitter:creator\" content=\"@PatAmb\" \/>\n<meta name=\"twitter:site\" content=\"@PatAmb\" \/>\n<script type=\"application\/ld+json\" class=\"yoast-schema-graph\">{\"@context\":\"https:\\\/\\\/schema.org\",\"@graph\":[{\"@type\":\"Article\",\"@id\":\"https:\\\/\\\/patagoniambiental.com.ar\\\/info\\\/el-ministro-abregu-y-el-diputado-perez-trabajan-con-la-asociacion-rural-sobre-la-problematica-de-los-perros-asilvestrados\\\/#article\",\"isPartOf\":{\"@id\":\"https:\\\/\\\/patagoniambiental.com.ar\\\/info\\\/el-ministro-abregu-y-el-diputado-perez-trabajan-con-la-asociacion-rural-sobre-la-problematica-de-los-perros-asilvestrados\\\/\"},\"author\":{\"name\":\"Patagonia Ambiental\",\"@id\":\"https:\\\/\\\/patagoniambiental.com.ar\\\/info\\\/#\\\/schema\\\/person\\\/db12bff64bbcbf6a253710bf0ea37b5d\"},\"headline\":\"El ministro Abreg\u00fa y el diputado P\u00e9rez trabajan con la Asociaci\u00f3n Rural sobre la problem\u00e1tica de los perros asilvestrados\",\"datePublished\":\"2019-04-16T10:00:25+00:00\",\"mainEntityOfPage\":{\"@id\":\"https:\\\/\\\/patagoniambiental.com.ar\\\/info\\\/el-ministro-abregu-y-el-diputado-perez-trabajan-con-la-asociacion-rural-sobre-la-problematica-de-los-perros-asilvestrados\\\/\"},\"wordCount\":629,\"commentCount\":0,\"publisher\":{\"@id\":\"https:\\\/\\\/patagoniambiental.com.ar\\\/info\\\/#organization\"},\"image\":{\"@id\":\"https:\\\/\\\/patagoniambiental.com.ar\\\/info\\\/el-ministro-abregu-y-el-diputado-perez-trabajan-con-la-asociacion-rural-sobre-la-problematica-de-los-perros-asilvestrados\\\/#primaryimage\"},\"thumbnailUrl\":\"https:\\\/\\\/patagoniambiental.com.ar\\\/info\\\/wp-content\\\/uploads\\\/2019\\\/04\\\/2621a6ac43e0cef7aad4546bfa9a2fc0-1000perez_abregu.jpg\",\"articleSection\":[\"Bolet\u00edn\",\"Noticias\",\"Provinciales\",\"Rotador\",\"Tierra del Fuego\"],\"inLanguage\":\"es\",\"potentialAction\":[{\"@type\":\"CommentAction\",\"name\":\"Comment\",\"target\":[\"https:\\\/\\\/patagoniambiental.com.ar\\\/info\\\/el-ministro-abregu-y-el-diputado-perez-trabajan-con-la-asociacion-rural-sobre-la-problematica-de-los-perros-asilvestrados\\\/#respond\"]}]},{\"@type\":\"WebPage\",\"@id\":\"https:\\\/\\\/patagoniambiental.com.ar\\\/info\\\/el-ministro-abregu-y-el-diputado-perez-trabajan-con-la-asociacion-rural-sobre-la-problematica-de-los-perros-asilvestrados\\\/\",\"url\":\"https:\\\/\\\/patagoniambiental.com.ar\\\/info\\\/el-ministro-abregu-y-el-diputado-perez-trabajan-con-la-asociacion-rural-sobre-la-problematica-de-los-perros-asilvestrados\\\/\",\"name\":\"El ministro Abreg\u00fa y el diputado P\u00e9rez trabajan con la Asociaci\u00f3n Rural sobre la problem\u00e1tica de los perros asilvestrados\",\"isPartOf\":{\"@id\":\"https:\\\/\\\/patagoniambiental.com.ar\\\/info\\\/#website\"},\"primaryImageOfPage\":{\"@id\":\"https:\\\/\\\/patagoniambiental.com.ar\\\/info\\\/el-ministro-abregu-y-el-diputado-perez-trabajan-con-la-asociacion-rural-sobre-la-problematica-de-los-perros-asilvestrados\\\/#primaryimage\"},\"image\":{\"@id\":\"https:\\\/\\\/patagoniambiental.com.ar\\\/info\\\/el-ministro-abregu-y-el-diputado-perez-trabajan-con-la-asociacion-rural-sobre-la-problematica-de-los-perros-asilvestrados\\\/#primaryimage\"},\"thumbnailUrl\":\"https:\\\/\\\/patagoniambiental.com.ar\\\/info\\\/wp-content\\\/uploads\\\/2019\\\/04\\\/2621a6ac43e0cef7aad4546bfa9a2fc0-1000perez_abregu.jpg\",\"datePublished\":\"2019-04-16T10:00:25+00:00\",\"breadcrumb\":{\"@id\":\"https:\\\/\\\/patagoniambiental.com.ar\\\/info\\\/el-ministro-abregu-y-el-diputado-perez-trabajan-con-la-asociacion-rural-sobre-la-problematica-de-los-perros-asilvestrados\\\/#breadcrumb\"},\"inLanguage\":\"es\",\"potentialAction\":[{\"@type\":\"ReadAction\",\"target\":[\"https:\\\/\\\/patagoniambiental.com.ar\\\/info\\\/el-ministro-abregu-y-el-diputado-perez-trabajan-con-la-asociacion-rural-sobre-la-problematica-de-los-perros-asilvestrados\\\/\"]}]},{\"@type\":\"ImageObject\",\"inLanguage\":\"es\",\"@id\":\"https:\\\/\\\/patagoniambiental.com.ar\\\/info\\\/el-ministro-abregu-y-el-diputado-perez-trabajan-con-la-asociacion-rural-sobre-la-problematica-de-los-perros-asilvestrados\\\/#primaryimage\",\"url\":\"https:\\\/\\\/patagoniambiental.com.ar\\\/info\\\/wp-content\\\/uploads\\\/2019\\\/04\\\/2621a6ac43e0cef7aad4546bfa9a2fc0-1000perez_abregu.jpg\",\"contentUrl\":\"https:\\\/\\\/patagoniambiental.com.ar\\\/info\\\/wp-content\\\/uploads\\\/2019\\\/04\\\/2621a6ac43e0cef7aad4546bfa9a2fc0-1000perez_abregu.jpg\",\"width\":901,\"height\":600},{\"@type\":\"BreadcrumbList\",\"@id\":\"https:\\\/\\\/patagoniambiental.com.ar\\\/info\\\/el-ministro-abregu-y-el-diputado-perez-trabajan-con-la-asociacion-rural-sobre-la-problematica-de-los-perros-asilvestrados\\\/#breadcrumb\",\"itemListElement\":[{\"@type\":\"ListItem\",\"position\":1,\"name\":\"Inicio\",\"item\":\"https:\\\/\\\/patagoniambiental.com.ar\\\/info\\\/\"},{\"@type\":\"ListItem\",\"position\":2,\"name\":\"El ministro Abreg\u00fa y el diputado P\u00e9rez trabajan con la Asociaci\u00f3n Rural sobre la problem\u00e1tica de los perros asilvestrados\"}]},{\"@type\":\"WebSite\",\"@id\":\"https:\\\/\\\/patagoniambiental.com.ar\\\/info\\\/#website\",\"url\":\"https:\\\/\\\/patagoniambiental.com.ar\\\/info\\\/\",\"name\":\"Patagonia Ambiental\",\"description\":\"Monitoreo y an\u00e1lisis de la situaci\u00f3n geopol\u00edtica en el mundo y su implicancia en la Patagonia\",\"publisher\":{\"@id\":\"https:\\\/\\\/patagoniambiental.com.ar\\\/info\\\/#organization\"},\"potentialAction\":[{\"@type\":\"SearchAction\",\"target\":{\"@type\":\"EntryPoint\",\"urlTemplate\":\"https:\\\/\\\/patagoniambiental.com.ar\\\/info\\\/?s={search_term_string}\"},\"query-input\":{\"@type\":\"PropertyValueSpecification\",\"valueRequired\":true,\"valueName\":\"search_term_string\"}}],\"inLanguage\":\"es\"},{\"@type\":\"Organization\",\"@id\":\"https:\\\/\\\/patagoniambiental.com.ar\\\/info\\\/#organization\",\"name\":\"Patagonia Ambiental\",\"url\":\"https:\\\/\\\/patagoniambiental.com.ar\\\/info\\\/\",\"logo\":{\"@type\":\"ImageObject\",\"inLanguage\":\"es\",\"@id\":\"https:\\\/\\\/patagoniambiental.com.ar\\\/info\\\/#\\\/schema\\\/logo\\\/image\\\/\",\"url\":\"https:\\\/\\\/patagoniambiental.com.ar\\\/info\\\/wp-content\\\/uploads\\\/2025\\\/05\\\/LOGO-PATAGONIA-AMBIENTAL.png\",\"contentUrl\":\"https:\\\/\\\/patagoniambiental.com.ar\\\/info\\\/wp-content\\\/uploads\\\/2025\\\/05\\\/LOGO-PATAGONIA-AMBIENTAL.png\",\"width\":433,\"height\":250,\"caption\":\"Patagonia Ambiental\"},\"image\":{\"@id\":\"https:\\\/\\\/patagoniambiental.com.ar\\\/info\\\/#\\\/schema\\\/logo\\\/image\\\/\"},\"sameAs\":[\"https:\\\/\\\/www.facebook.com\\\/patagonia.ambiental\",\"https:\\\/\\\/x.com\\\/PatAmb\"]},{\"@type\":\"Person\",\"@id\":\"https:\\\/\\\/patagoniambiental.com.ar\\\/info\\\/#\\\/schema\\\/person\\\/db12bff64bbcbf6a253710bf0ea37b5d\",\"name\":\"Patagonia Ambiental\",\"description\":\"Andr\u00e9s Nievas T\u00e9cnico en manejo ambiental, consultor Ambiental y escritor para medios locales e internacionales sobre temas de geopolitica y medio ambiente.\",\"sameAs\":[\"http:\\\/\\\/www.patagoniambiental.com.ar\",\"https:\\\/\\\/www.facebook.com\\\/share\\\/1C1V8Gv9BX\\\/?mibextid=qi2Omg\",\"@patagoniambiental\",\"https:\\\/\\\/youtube.com\\\/@patagoniaambiental2023?si=BLt58t0wuXquxlYZ\"]}]}<\/script>\n<!-- \/ Yoast SEO Premium plugin. -->","yoast_head_json":{"title":"El ministro Abreg\u00fa y el diputado P\u00e9rez trabajan con la Asociaci\u00f3n Rural sobre la problem\u00e1tica de los perros asilvestrados","robots":{"index":"index","follow":"follow","max-snippet":"max-snippet:-1","max-image-preview":"max-image-preview:large","max-video-preview":"max-video-preview:-1"},"canonical":"https:\/\/patagoniambiental.com.ar\/info\/el-ministro-abregu-y-el-diputado-perez-trabajan-con-la-asociacion-rural-sobre-la-problematica-de-los-perros-asilvestrados\/","og_locale":"es_ES","og_type":"article","og_title":"El ministro Abreg\u00fa y el diputado P\u00e9rez trabajan con la Asociaci\u00f3n Rural sobre la problem\u00e1tica de los perros asilvestrados","og_description":"Tierra del Fuego, AIAS.-El ministro de Agricultura, Ganader\u00eda y Pesca Walter Abreg\u00fa, el secretario de Agroindustria y Pesca Kevin Colli, [&hellip;]","og_url":"https:\/\/patagoniambiental.com.ar\/info\/el-ministro-abregu-y-el-diputado-perez-trabajan-con-la-asociacion-rural-sobre-la-problematica-de-los-perros-asilvestrados\/","og_site_name":"Patagonia Ambiental","article_publisher":"https:\/\/www.facebook.com\/patagonia.ambiental","article_author":"https:\/\/www.facebook.com\/share\/1C1V8Gv9BX\/?mibextid=qi2Omg","article_published_time":"2019-04-16T10:00:25+00:00","og_image":[{"width":1000,"height":666,"url":"https:\/\/patagoniambiental.com.ar\/info\/wp-content\/uploads\/2019\/04\/2621a6ac43e0cef7aad4546bfa9a2fc0-1000perez_abregu.jpg","type":"image\/jpeg"}],"author":"Patagonia Ambiental","twitter_card":"summary_large_image","twitter_creator":"@PatAmb","twitter_site":"@PatAmb","schema":{"@context":"https:\/\/schema.org","@graph":[{"@type":"Article","@id":"https:\/\/patagoniambiental.com.ar\/info\/el-ministro-abregu-y-el-diputado-perez-trabajan-con-la-asociacion-rural-sobre-la-problematica-de-los-perros-asilvestrados\/#article","isPartOf":{"@id":"https:\/\/patagoniambiental.com.ar\/info\/el-ministro-abregu-y-el-diputado-perez-trabajan-con-la-asociacion-rural-sobre-la-problematica-de-los-perros-asilvestrados\/"},"author":{"name":"Patagonia Ambiental","@id":"https:\/\/patagoniambiental.com.ar\/info\/#\/schema\/person\/db12bff64bbcbf6a253710bf0ea37b5d"},"headline":"El ministro Abreg\u00fa y el diputado P\u00e9rez trabajan con la Asociaci\u00f3n Rural sobre la problem\u00e1tica de los perros asilvestrados","datePublished":"2019-04-16T10:00:25+00:00","mainEntityOfPage":{"@id":"https:\/\/patagoniambiental.com.ar\/info\/el-ministro-abregu-y-el-diputado-perez-trabajan-con-la-asociacion-rural-sobre-la-problematica-de-los-perros-asilvestrados\/"},"wordCount":629,"commentCount":0,"publisher":{"@id":"https:\/\/patagoniambiental.com.ar\/info\/#organization"},"image":{"@id":"https:\/\/patagoniambiental.com.ar\/info\/el-ministro-abregu-y-el-diputado-perez-trabajan-con-la-asociacion-rural-sobre-la-problematica-de-los-perros-asilvestrados\/#primaryimage"},"thumbnailUrl":"https:\/\/patagoniambiental.com.ar\/info\/wp-content\/uploads\/2019\/04\/2621a6ac43e0cef7aad4546bfa9a2fc0-1000perez_abregu.jpg","articleSection":["Bolet\u00edn","Noticias","Provinciales","Rotador","Tierra del Fuego"],"inLanguage":"es","potentialAction":[{"@type":"CommentAction","name":"Comment","target":["https:\/\/patagoniambiental.com.ar\/info\/el-ministro-abregu-y-el-diputado-perez-trabajan-con-la-asociacion-rural-sobre-la-problematica-de-los-perros-asilvestrados\/#respond"]}]},{"@type":"WebPage","@id":"https:\/\/patagoniambiental.com.ar\/info\/el-ministro-abregu-y-el-diputado-perez-trabajan-con-la-asociacion-rural-sobre-la-problematica-de-los-perros-asilvestrados\/","url":"https:\/\/patagoniambiental.com.ar\/info\/el-ministro-abregu-y-el-diputado-perez-trabajan-con-la-asociacion-rural-sobre-la-problematica-de-los-perros-asilvestrados\/","name":"El ministro Abreg\u00fa y el diputado P\u00e9rez trabajan con la Asociaci\u00f3n Rural sobre la problem\u00e1tica de los perros asilvestrados","isPartOf":{"@id":"https:\/\/patagoniambiental.com.ar\/info\/#website"},"primaryImageOfPage":{"@id":"https:\/\/patagoniambiental.com.ar\/info\/el-ministro-abregu-y-el-diputado-perez-trabajan-con-la-asociacion-rural-sobre-la-problematica-de-los-perros-asilvestrados\/#primaryimage"},"image":{"@id":"https:\/\/patagoniambiental.com.ar\/info\/el-ministro-abregu-y-el-diputado-perez-trabajan-con-la-asociacion-rural-sobre-la-problematica-de-los-perros-asilvestrados\/#primaryimage"},"thumbnailUrl":"https:\/\/patagoniambiental.com.ar\/info\/wp-content\/uploads\/2019\/04\/2621a6ac43e0cef7aad4546bfa9a2fc0-1000perez_abregu.jpg","datePublished":"2019-04-16T10:00:25+00:00","breadcrumb":{"@id":"https:\/\/patagoniambiental.com.ar\/info\/el-ministro-abregu-y-el-diputado-perez-trabajan-con-la-asociacion-rural-sobre-la-problematica-de-los-perros-asilvestrados\/#breadcrumb"},"inLanguage":"es","potentialAction":[{"@type":"ReadAction","target":["https:\/\/patagoniambiental.com.ar\/info\/el-ministro-abregu-y-el-diputado-perez-trabajan-con-la-asociacion-rural-sobre-la-problematica-de-los-perros-asilvestrados\/"]}]},{"@type":"ImageObject","inLanguage":"es","@id":"https:\/\/patagoniambiental.com.ar\/info\/el-ministro-abregu-y-el-diputado-perez-trabajan-con-la-asociacion-rural-sobre-la-problematica-de-los-perros-asilvestrados\/#primaryimage","url":"https:\/\/patagoniambiental.com.ar\/info\/wp-content\/uploads\/2019\/04\/2621a6ac43e0cef7aad4546bfa9a2fc0-1000perez_abregu.jpg","contentUrl":"https:\/\/patagoniambiental.com.ar\/info\/wp-content\/uploads\/2019\/04\/2621a6ac43e0cef7aad4546bfa9a2fc0-1000perez_abregu.jpg","width":901,"height":600},{"@type":"BreadcrumbList","@id":"https:\/\/patagoniambiental.com.ar\/info\/el-ministro-abregu-y-el-diputado-perez-trabajan-con-la-asociacion-rural-sobre-la-problematica-de-los-perros-asilvestrados\/#breadcrumb","itemListElement":[{"@type":"ListItem","position":1,"name":"Inicio","item":"https:\/\/patagoniambiental.com.ar\/info\/"},{"@type":"ListItem","position":2,"name":"El ministro Abreg\u00fa y el diputado P\u00e9rez trabajan con la Asociaci\u00f3n Rural sobre la problem\u00e1tica de los perros asilvestrados"}]},{"@type":"WebSite","@id":"https:\/\/patagoniambiental.com.ar\/info\/#website","url":"https:\/\/patagoniambiental.com.ar\/info\/","name":"Patagonia Ambiental","description":"Monitoreo y an\u00e1lisis de la situaci\u00f3n geopol\u00edtica en el mundo y su implicancia en la Patagonia","publisher":{"@id":"https:\/\/patagoniambiental.com.ar\/info\/#organization"},"potentialAction":[{"@type":"SearchAction","target":{"@type":"EntryPoint","urlTemplate":"https:\/\/patagoniambiental.com.ar\/info\/?s={search_term_string}"},"query-input":{"@type":"PropertyValueSpecification","valueRequired":true,"valueName":"search_term_string"}}],"inLanguage":"es"},{"@type":"Organization","@id":"https:\/\/patagoniambiental.com.ar\/info\/#organization","name":"Patagonia Ambiental","url":"https:\/\/patagoniambiental.com.ar\/info\/","logo":{"@type":"ImageObject","inLanguage":"es","@id":"https:\/\/patagoniambiental.com.ar\/info\/#\/schema\/logo\/image\/","url":"https:\/\/patagoniambiental.com.ar\/info\/wp-content\/uploads\/2025\/05\/LOGO-PATAGONIA-AMBIENTAL.png","contentUrl":"https:\/\/patagoniambiental.com.ar\/info\/wp-content\/uploads\/2025\/05\/LOGO-PATAGONIA-AMBIENTAL.png","width":433,"height":250,"caption":"Patagonia Ambiental"},"image":{"@id":"https:\/\/patagoniambiental.com.ar\/info\/#\/schema\/logo\/image\/"},"sameAs":["https:\/\/www.facebook.com\/patagonia.ambiental","https:\/\/x.com\/PatAmb"]},{"@type":"Person","@id":"https:\/\/patagoniambiental.com.ar\/info\/#\/schema\/person\/db12bff64bbcbf6a253710bf0ea37b5d","name":"Patagonia Ambiental","description":"Andr\u00e9s Nievas T\u00e9cnico en manejo ambiental, consultor Ambiental y escritor para medios locales e internacionales sobre temas de geopolitica y medio ambiente.","sameAs":["http:\/\/www.patagoniambiental.com.ar","https:\/\/www.facebook.com\/share\/1C1V8Gv9BX\/?mibextid=qi2Omg","@patagoniambiental","https:\/\/youtube.com\/@patagoniaambiental2023?si=BLt58t0wuXquxlYZ"]}]}},"_links":{"self":[{"href":"https:\/\/patagoniambiental.com.ar\/info\/wp-json\/wp\/v2\/posts\/60240","targetHints":{"allow":["GET"]}}],"collection":[{"href":"https:\/\/patagoniambiental.com.ar\/info\/wp-json\/wp\/v2\/posts"}],"about":[{"href":"https:\/\/patagoniambiental.com.ar\/info\/wp-json\/wp\/v2\/types\/post"}],"author":[{"embeddable":true,"href":"https:\/\/patagoniambiental.com.ar\/info\/wp-json\/wp\/v2\/users\/2"}],"replies":[{"embeddable":true,"href":"https:\/\/patagoniambiental.com.ar\/info\/wp-json\/wp\/v2\/comments?post=60240"}],"version-history":[{"count":0,"href":"https:\/\/patagoniambiental.com.ar\/info\/wp-json\/wp\/v2\/posts\/60240\/revisions"}],"wp:featuredmedia":[{"embeddable":true,"href":"https:\/\/patagoniambiental.com.ar\/info\/wp-json\/wp\/v2\/media\/60241"}],"wp:attachment":[{"href":"https:\/\/patagoniambiental.com.ar\/info\/wp-json\/wp\/v2\/media?parent=60240"}],"wp:term":[{"taxonomy":"category","embeddable":true,"href":"https:\/\/patagoniambiental.com.ar\/info\/wp-json\/wp\/v2\/categories?post=60240"},{"taxonomy":"post_tag","embeddable":true,"href":"https:\/\/patagoniambiental.com.ar\/info\/wp-json\/wp\/v2\/tags?post=60240"}],"curies":[{"name":"wp","href":"https:\/\/api.w.org\/{rel}","templated":true}]}}