{"id":60435,"date":"2019-04-26T07:00:25","date_gmt":"2019-04-26T10:00:25","guid":{"rendered":"http:\/\/patagoniambiental.com.ar\/info\/?p=60435"},"modified":"2019-04-24T13:42:45","modified_gmt":"2019-04-24T16:42:45","slug":"la-fundacion-patrulla-ecologica-hara-entrega-de-semillas-por-el-dia-de-la-tierra","status":"publish","type":"post","link":"https:\/\/patagoniambiental.com.ar\/info\/la-fundacion-patrulla-ecologica-hara-entrega-de-semillas-por-el-dia-de-la-tierra\/","title":{"rendered":"La Fundaci\u00f3n Patrulla Ecol\u00f3gica har\u00e1 entrega de semillas por el D\u00eda de la Tierra"},"content":{"rendered":"<p>Catriel.-En el marco de las actividades por el D\u00eda Internacional de la Madre Tierra que se celebra mundialmente el 22 de abril, la Fundaci\u00f3n Patrulla Ecol\u00f3gica, con el acompa\u00f1amiento de la Direcci\u00f3n de Medio Ambiente Municipal, har\u00e1 entrega de semillas de huerta a los vecinos de Catriel.<\/p>\n<p><!--more--><\/p>\n<p>La misma se realizar\u00e1 el pr\u00f3ximo s\u00e1bado 27 de abril, a partir de las 10:30hs, en Plaza de la Familia (Roca y San Mart\u00edn).<\/p>\n<p>Adem\u00e1s, en la misma jornada se llevar\u00e1 adelante un operativo de recolecci\u00f3n de materiales y residuos reciclables, al que se invita a los vecinos a sumarse.<\/p>\n<p>El D\u00eda de la Tierra se celebra con la idea de concientizar a todo mundo sobre la necesidad de proteger el medio ambiente y la conservaci\u00f3n de la biodiversidad. Adem\u00e1s de paliar la superpoblaci\u00f3n, la contaminaci\u00f3n y hacer un uso responsable de los recursos naturales.<\/p>\n<p>\u201cEl cambio de mentalidad depende de nosotros. No tenemos que esperar al \u201c22 de abril\u201d para hacer cosas en favor de nuestro planeta. Solo tenemos que cambiar nuestros malos h\u00e1bitos\u201d, indic\u00f3 Jonathan Giangreco Director de Medio Ambiente.<\/p>\n<p>Fuente: Direcci\u00f3n de Prensa | Municipalidad de Catriel<br \/>\nMas info: www.catriel.gob.ar | Facebook: Municipalidad de Catriel<br \/>\nDiego Robba, Director de Prensa, Difusi\u00f3n y Protocolo. Cel: 2994292310<\/p>\n","protected":false},"excerpt":{"rendered":"<p>Catriel.-En el marco de las actividades por el D\u00eda Internacional de la Madre Tierra que se celebra mundialmente el 22 [&hellip;]<\/p>\n","protected":false},"author":2,"featured_media":35858,"comment_status":"open","ping_status":"open","sticky":false,"template":"","format":"standard","meta":{"site-sidebar-layout":"default","site-content-layout":"","ast-site-content-layout":"default","site-content-style":"default","site-sidebar-style":"default","ast-global-header-display":"","ast-banner-title-visibility":"","ast-main-header-display":"","ast-hfb-above-header-display":"","ast-hfb-below-header-display":"","ast-hfb-mobile-header-display":"","site-post-title":"","ast-breadcrumbs-content":"","ast-featured-img":"","footer-sml-layout":"","ast-disable-related-posts":"","theme-transparent-header-meta":"","adv-header-id-meta":"","stick-header-meta":"","header-above-stick-meta":"","header-main-stick-meta":"","header-below-stick-meta":"","astra-migrate-meta-layouts":"default","ast-page-background-enabled":"default","ast-page-background-meta":{"desktop":{"background-color":"var(--ast-global-color-5)","background-image":"","background-repeat":"repeat","background-position":"center center","background-size":"auto","background-attachment":"scroll","background-type":"","background-media":"","overlay-type":"","overlay-color":"","overlay-opacity":"","overlay-gradient":""},"tablet":{"background-color":"","background-image":"","background-repeat":"repeat","background-position":"center center","background-size":"auto","background-attachment":"scroll","background-type":"","background-media":"","overlay-type":"","overlay-color":"","overlay-opacity":"","overlay-gradient":""},"mobile":{"background-color":"","background-image":"","background-repeat":"repeat","background-position":"center center","background-size":"auto","background-attachment":"scroll","background-type":"","background-media":"","overlay-type":"","overlay-color":"","overlay-opacity":"","overlay-gradient":""}},"ast-content-background-meta":{"desktop":{"background-color":"var(--ast-global-color-4)","background-image":"","background-repeat":"repeat","background-position":"center center","background-size":"auto","background-attachment":"scroll","background-type":"","background-media":"","overlay-type":"","overlay-color":"","overlay-opacity":"","overlay-gradient":""},"tablet":{"background-color":"var(--ast-global-color-4)","background-image":"","background-repeat":"repeat","background-position":"center center","background-size":"auto","background-attachment":"scroll","background-type":"","background-media":"","overlay-type":"","overlay-color":"","overlay-opacity":"","overlay-gradient":""},"mobile":{"background-color":"var(--ast-global-color-4)","background-image":"","background-repeat":"repeat","background-position":"center center","background-size":"auto","background-attachment":"scroll","background-type":"","background-media":"","overlay-type":"","overlay-color":"","overlay-opacity":"","overlay-gradient":""}},"footnotes":""},"categories":[12,1,3],"tags":[],"class_list":["post-60435","post","type-post","status-publish","format-standard","has-post-thumbnail","hentry","category-agenda-ambiental","category-noticias","category-ong"],"yoast_head":"<!-- This site is optimized with the Yoast SEO Premium plugin v23.0 (Yoast SEO v27.5) - https:\/\/yoast.com\/product\/yoast-seo-premium-wordpress\/ -->\n<title>La Fundaci\u00f3n Patrulla Ecol\u00f3gica har\u00e1 entrega de semillas por el D\u00eda de la Tierra<\/title>\n<meta name=\"robots\" content=\"index, follow, max-snippet:-1, max-image-preview:large, max-video-preview:-1\" \/>\n<link rel=\"canonical\" href=\"https:\/\/patagoniambiental.com.ar\/info\/la-fundacion-patrulla-ecologica-hara-entrega-de-semillas-por-el-dia-de-la-tierra\/\" \/>\n<meta property=\"og:locale\" content=\"es_ES\" \/>\n<meta property=\"og:type\" content=\"article\" \/>\n<meta property=\"og:title\" content=\"La Fundaci\u00f3n Patrulla Ecol\u00f3gica har\u00e1 entrega de semillas por el D\u00eda de la Tierra\" \/>\n<meta property=\"og:description\" content=\"Catriel.-En el marco de las actividades por el D\u00eda Internacional de la Madre Tierra que se celebra mundialmente el 22 [&hellip;]\" \/>\n<meta property=\"og:url\" content=\"https:\/\/patagoniambiental.com.ar\/info\/la-fundacion-patrulla-ecologica-hara-entrega-de-semillas-por-el-dia-de-la-tierra\/\" \/>\n<meta property=\"og:site_name\" content=\"Patagonia Ambiental\" \/>\n<meta property=\"article:publisher\" content=\"https:\/\/www.facebook.com\/patagonia.ambiental\" \/>\n<meta property=\"article:author\" content=\"https:\/\/www.facebook.com\/share\/1C1V8Gv9BX\/?mibextid=qi2Omg\" \/>\n<meta property=\"article:published_time\" content=\"2019-04-26T10:00:25+00:00\" \/>\n<meta property=\"og:image\" content=\"https:\/\/patagoniambiental.com.ar\/info\/wp-content\/uploads\/2017\/10\/logo-fundacion-patrulla-ecologica.jpg\" \/>\n\t<meta property=\"og:image:width\" content=\"480\" \/>\n\t<meta property=\"og:image:height\" content=\"339\" \/>\n\t<meta property=\"og:image:type\" content=\"image\/jpeg\" \/>\n<meta name=\"author\" content=\"Patagonia Ambiental\" \/>\n<meta name=\"twitter:card\" content=\"summary_large_image\" \/>\n<meta name=\"twitter:creator\" content=\"@PatAmb\" \/>\n<meta name=\"twitter:site\" content=\"@PatAmb\" \/>\n<script type=\"application\/ld+json\" class=\"yoast-schema-graph\">{\"@context\":\"https:\\\/\\\/schema.org\",\"@graph\":[{\"@type\":\"Article\",\"@id\":\"https:\\\/\\\/patagoniambiental.com.ar\\\/info\\\/la-fundacion-patrulla-ecologica-hara-entrega-de-semillas-por-el-dia-de-la-tierra\\\/#article\",\"isPartOf\":{\"@id\":\"https:\\\/\\\/patagoniambiental.com.ar\\\/info\\\/la-fundacion-patrulla-ecologica-hara-entrega-de-semillas-por-el-dia-de-la-tierra\\\/\"},\"author\":{\"name\":\"Patagonia Ambiental\",\"@id\":\"https:\\\/\\\/patagoniambiental.com.ar\\\/info\\\/#\\\/schema\\\/person\\\/db12bff64bbcbf6a253710bf0ea37b5d\"},\"headline\":\"La Fundaci\u00f3n Patrulla Ecol\u00f3gica har\u00e1 entrega de semillas por el D\u00eda de la Tierra\",\"datePublished\":\"2019-04-26T10:00:25+00:00\",\"mainEntityOfPage\":{\"@id\":\"https:\\\/\\\/patagoniambiental.com.ar\\\/info\\\/la-fundacion-patrulla-ecologica-hara-entrega-de-semillas-por-el-dia-de-la-tierra\\\/\"},\"wordCount\":238,\"commentCount\":0,\"publisher\":{\"@id\":\"https:\\\/\\\/patagoniambiental.com.ar\\\/info\\\/#organization\"},\"image\":{\"@id\":\"https:\\\/\\\/patagoniambiental.com.ar\\\/info\\\/la-fundacion-patrulla-ecologica-hara-entrega-de-semillas-por-el-dia-de-la-tierra\\\/#primaryimage\"},\"thumbnailUrl\":\"https:\\\/\\\/patagoniambiental.com.ar\\\/info\\\/wp-content\\\/uploads\\\/2017\\\/10\\\/logo-fundacion-patrulla-ecologica.jpg\",\"articleSection\":[\"Agenda Ambiental\",\"Noticias\",\"ONG\"],\"inLanguage\":\"es\",\"potentialAction\":[{\"@type\":\"CommentAction\",\"name\":\"Comment\",\"target\":[\"https:\\\/\\\/patagoniambiental.com.ar\\\/info\\\/la-fundacion-patrulla-ecologica-hara-entrega-de-semillas-por-el-dia-de-la-tierra\\\/#respond\"]}]},{\"@type\":\"WebPage\",\"@id\":\"https:\\\/\\\/patagoniambiental.com.ar\\\/info\\\/la-fundacion-patrulla-ecologica-hara-entrega-de-semillas-por-el-dia-de-la-tierra\\\/\",\"url\":\"https:\\\/\\\/patagoniambiental.com.ar\\\/info\\\/la-fundacion-patrulla-ecologica-hara-entrega-de-semillas-por-el-dia-de-la-tierra\\\/\",\"name\":\"La Fundaci\u00f3n Patrulla Ecol\u00f3gica har\u00e1 entrega de semillas por el D\u00eda de la Tierra\",\"isPartOf\":{\"@id\":\"https:\\\/\\\/patagoniambiental.com.ar\\\/info\\\/#website\"},\"primaryImageOfPage\":{\"@id\":\"https:\\\/\\\/patagoniambiental.com.ar\\\/info\\\/la-fundacion-patrulla-ecologica-hara-entrega-de-semillas-por-el-dia-de-la-tierra\\\/#primaryimage\"},\"image\":{\"@id\":\"https:\\\/\\\/patagoniambiental.com.ar\\\/info\\\/la-fundacion-patrulla-ecologica-hara-entrega-de-semillas-por-el-dia-de-la-tierra\\\/#primaryimage\"},\"thumbnailUrl\":\"https:\\\/\\\/patagoniambiental.com.ar\\\/info\\\/wp-content\\\/uploads\\\/2017\\\/10\\\/logo-fundacion-patrulla-ecologica.jpg\",\"datePublished\":\"2019-04-26T10:00:25+00:00\",\"breadcrumb\":{\"@id\":\"https:\\\/\\\/patagoniambiental.com.ar\\\/info\\\/la-fundacion-patrulla-ecologica-hara-entrega-de-semillas-por-el-dia-de-la-tierra\\\/#breadcrumb\"},\"inLanguage\":\"es\",\"potentialAction\":[{\"@type\":\"ReadAction\",\"target\":[\"https:\\\/\\\/patagoniambiental.com.ar\\\/info\\\/la-fundacion-patrulla-ecologica-hara-entrega-de-semillas-por-el-dia-de-la-tierra\\\/\"]}]},{\"@type\":\"ImageObject\",\"inLanguage\":\"es\",\"@id\":\"https:\\\/\\\/patagoniambiental.com.ar\\\/info\\\/la-fundacion-patrulla-ecologica-hara-entrega-de-semillas-por-el-dia-de-la-tierra\\\/#primaryimage\",\"url\":\"https:\\\/\\\/patagoniambiental.com.ar\\\/info\\\/wp-content\\\/uploads\\\/2017\\\/10\\\/logo-fundacion-patrulla-ecologica.jpg\",\"contentUrl\":\"https:\\\/\\\/patagoniambiental.com.ar\\\/info\\\/wp-content\\\/uploads\\\/2017\\\/10\\\/logo-fundacion-patrulla-ecologica.jpg\",\"width\":480,\"height\":339},{\"@type\":\"BreadcrumbList\",\"@id\":\"https:\\\/\\\/patagoniambiental.com.ar\\\/info\\\/la-fundacion-patrulla-ecologica-hara-entrega-de-semillas-por-el-dia-de-la-tierra\\\/#breadcrumb\",\"itemListElement\":[{\"@type\":\"ListItem\",\"position\":1,\"name\":\"Inicio\",\"item\":\"https:\\\/\\\/patagoniambiental.com.ar\\\/info\\\/\"},{\"@type\":\"ListItem\",\"position\":2,\"name\":\"La Fundaci\u00f3n Patrulla Ecol\u00f3gica har\u00e1 entrega de semillas por el D\u00eda de la Tierra\"}]},{\"@type\":\"WebSite\",\"@id\":\"https:\\\/\\\/patagoniambiental.com.ar\\\/info\\\/#website\",\"url\":\"https:\\\/\\\/patagoniambiental.com.ar\\\/info\\\/\",\"name\":\"Patagonia Ambiental\",\"description\":\"Monitoreo y an\u00e1lisis de la situaci\u00f3n geopol\u00edtica en el mundo y su implicancia en la Patagonia\",\"publisher\":{\"@id\":\"https:\\\/\\\/patagoniambiental.com.ar\\\/info\\\/#organization\"},\"potentialAction\":[{\"@type\":\"SearchAction\",\"target\":{\"@type\":\"EntryPoint\",\"urlTemplate\":\"https:\\\/\\\/patagoniambiental.com.ar\\\/info\\\/?s={search_term_string}\"},\"query-input\":{\"@type\":\"PropertyValueSpecification\",\"valueRequired\":true,\"valueName\":\"search_term_string\"}}],\"inLanguage\":\"es\"},{\"@type\":\"Organization\",\"@id\":\"https:\\\/\\\/patagoniambiental.com.ar\\\/info\\\/#organization\",\"name\":\"Patagonia Ambiental\",\"url\":\"https:\\\/\\\/patagoniambiental.com.ar\\\/info\\\/\",\"logo\":{\"@type\":\"ImageObject\",\"inLanguage\":\"es\",\"@id\":\"https:\\\/\\\/patagoniambiental.com.ar\\\/info\\\/#\\\/schema\\\/logo\\\/image\\\/\",\"url\":\"https:\\\/\\\/patagoniambiental.com.ar\\\/info\\\/wp-content\\\/uploads\\\/2025\\\/05\\\/LOGO-PATAGONIA-AMBIENTAL.png\",\"contentUrl\":\"https:\\\/\\\/patagoniambiental.com.ar\\\/info\\\/wp-content\\\/uploads\\\/2025\\\/05\\\/LOGO-PATAGONIA-AMBIENTAL.png\",\"width\":433,\"height\":250,\"caption\":\"Patagonia Ambiental\"},\"image\":{\"@id\":\"https:\\\/\\\/patagoniambiental.com.ar\\\/info\\\/#\\\/schema\\\/logo\\\/image\\\/\"},\"sameAs\":[\"https:\\\/\\\/www.facebook.com\\\/patagonia.ambiental\",\"https:\\\/\\\/x.com\\\/PatAmb\"]},{\"@type\":\"Person\",\"@id\":\"https:\\\/\\\/patagoniambiental.com.ar\\\/info\\\/#\\\/schema\\\/person\\\/db12bff64bbcbf6a253710bf0ea37b5d\",\"name\":\"Patagonia Ambiental\",\"description\":\"Andr\u00e9s Nievas T\u00e9cnico en manejo ambiental, consultor Ambiental y escritor para medios locales e internacionales sobre temas de geopolitica y medio ambiente.\",\"sameAs\":[\"http:\\\/\\\/www.patagoniambiental.com.ar\",\"https:\\\/\\\/www.facebook.com\\\/share\\\/1C1V8Gv9BX\\\/?mibextid=qi2Omg\",\"@patagoniambiental\",\"https:\\\/\\\/youtube.com\\\/@patagoniaambiental2023?si=BLt58t0wuXquxlYZ\"]}]}<\/script>\n<!-- \/ Yoast SEO Premium plugin. -->","yoast_head_json":{"title":"La Fundaci\u00f3n Patrulla Ecol\u00f3gica har\u00e1 entrega de semillas por el D\u00eda de la Tierra","robots":{"index":"index","follow":"follow","max-snippet":"max-snippet:-1","max-image-preview":"max-image-preview:large","max-video-preview":"max-video-preview:-1"},"canonical":"https:\/\/patagoniambiental.com.ar\/info\/la-fundacion-patrulla-ecologica-hara-entrega-de-semillas-por-el-dia-de-la-tierra\/","og_locale":"es_ES","og_type":"article","og_title":"La Fundaci\u00f3n Patrulla Ecol\u00f3gica har\u00e1 entrega de semillas por el D\u00eda de la Tierra","og_description":"Catriel.-En el marco de las actividades por el D\u00eda Internacional de la Madre Tierra que se celebra mundialmente el 22 [&hellip;]","og_url":"https:\/\/patagoniambiental.com.ar\/info\/la-fundacion-patrulla-ecologica-hara-entrega-de-semillas-por-el-dia-de-la-tierra\/","og_site_name":"Patagonia Ambiental","article_publisher":"https:\/\/www.facebook.com\/patagonia.ambiental","article_author":"https:\/\/www.facebook.com\/share\/1C1V8Gv9BX\/?mibextid=qi2Omg","article_published_time":"2019-04-26T10:00:25+00:00","og_image":[{"width":480,"height":339,"url":"https:\/\/patagoniambiental.com.ar\/info\/wp-content\/uploads\/2017\/10\/logo-fundacion-patrulla-ecologica.jpg","type":"image\/jpeg"}],"author":"Patagonia Ambiental","twitter_card":"summary_large_image","twitter_creator":"@PatAmb","twitter_site":"@PatAmb","schema":{"@context":"https:\/\/schema.org","@graph":[{"@type":"Article","@id":"https:\/\/patagoniambiental.com.ar\/info\/la-fundacion-patrulla-ecologica-hara-entrega-de-semillas-por-el-dia-de-la-tierra\/#article","isPartOf":{"@id":"https:\/\/patagoniambiental.com.ar\/info\/la-fundacion-patrulla-ecologica-hara-entrega-de-semillas-por-el-dia-de-la-tierra\/"},"author":{"name":"Patagonia Ambiental","@id":"https:\/\/patagoniambiental.com.ar\/info\/#\/schema\/person\/db12bff64bbcbf6a253710bf0ea37b5d"},"headline":"La Fundaci\u00f3n Patrulla Ecol\u00f3gica har\u00e1 entrega de semillas por el D\u00eda de la Tierra","datePublished":"2019-04-26T10:00:25+00:00","mainEntityOfPage":{"@id":"https:\/\/patagoniambiental.com.ar\/info\/la-fundacion-patrulla-ecologica-hara-entrega-de-semillas-por-el-dia-de-la-tierra\/"},"wordCount":238,"commentCount":0,"publisher":{"@id":"https:\/\/patagoniambiental.com.ar\/info\/#organization"},"image":{"@id":"https:\/\/patagoniambiental.com.ar\/info\/la-fundacion-patrulla-ecologica-hara-entrega-de-semillas-por-el-dia-de-la-tierra\/#primaryimage"},"thumbnailUrl":"https:\/\/patagoniambiental.com.ar\/info\/wp-content\/uploads\/2017\/10\/logo-fundacion-patrulla-ecologica.jpg","articleSection":["Agenda Ambiental","Noticias","ONG"],"inLanguage":"es","potentialAction":[{"@type":"CommentAction","name":"Comment","target":["https:\/\/patagoniambiental.com.ar\/info\/la-fundacion-patrulla-ecologica-hara-entrega-de-semillas-por-el-dia-de-la-tierra\/#respond"]}]},{"@type":"WebPage","@id":"https:\/\/patagoniambiental.com.ar\/info\/la-fundacion-patrulla-ecologica-hara-entrega-de-semillas-por-el-dia-de-la-tierra\/","url":"https:\/\/patagoniambiental.com.ar\/info\/la-fundacion-patrulla-ecologica-hara-entrega-de-semillas-por-el-dia-de-la-tierra\/","name":"La Fundaci\u00f3n Patrulla Ecol\u00f3gica har\u00e1 entrega de semillas por el D\u00eda de la Tierra","isPartOf":{"@id":"https:\/\/patagoniambiental.com.ar\/info\/#website"},"primaryImageOfPage":{"@id":"https:\/\/patagoniambiental.com.ar\/info\/la-fundacion-patrulla-ecologica-hara-entrega-de-semillas-por-el-dia-de-la-tierra\/#primaryimage"},"image":{"@id":"https:\/\/patagoniambiental.com.ar\/info\/la-fundacion-patrulla-ecologica-hara-entrega-de-semillas-por-el-dia-de-la-tierra\/#primaryimage"},"thumbnailUrl":"https:\/\/patagoniambiental.com.ar\/info\/wp-content\/uploads\/2017\/10\/logo-fundacion-patrulla-ecologica.jpg","datePublished":"2019-04-26T10:00:25+00:00","breadcrumb":{"@id":"https:\/\/patagoniambiental.com.ar\/info\/la-fundacion-patrulla-ecologica-hara-entrega-de-semillas-por-el-dia-de-la-tierra\/#breadcrumb"},"inLanguage":"es","potentialAction":[{"@type":"ReadAction","target":["https:\/\/patagoniambiental.com.ar\/info\/la-fundacion-patrulla-ecologica-hara-entrega-de-semillas-por-el-dia-de-la-tierra\/"]}]},{"@type":"ImageObject","inLanguage":"es","@id":"https:\/\/patagoniambiental.com.ar\/info\/la-fundacion-patrulla-ecologica-hara-entrega-de-semillas-por-el-dia-de-la-tierra\/#primaryimage","url":"https:\/\/patagoniambiental.com.ar\/info\/wp-content\/uploads\/2017\/10\/logo-fundacion-patrulla-ecologica.jpg","contentUrl":"https:\/\/patagoniambiental.com.ar\/info\/wp-content\/uploads\/2017\/10\/logo-fundacion-patrulla-ecologica.jpg","width":480,"height":339},{"@type":"BreadcrumbList","@id":"https:\/\/patagoniambiental.com.ar\/info\/la-fundacion-patrulla-ecologica-hara-entrega-de-semillas-por-el-dia-de-la-tierra\/#breadcrumb","itemListElement":[{"@type":"ListItem","position":1,"name":"Inicio","item":"https:\/\/patagoniambiental.com.ar\/info\/"},{"@type":"ListItem","position":2,"name":"La Fundaci\u00f3n Patrulla Ecol\u00f3gica har\u00e1 entrega de semillas por el D\u00eda de la Tierra"}]},{"@type":"WebSite","@id":"https:\/\/patagoniambiental.com.ar\/info\/#website","url":"https:\/\/patagoniambiental.com.ar\/info\/","name":"Patagonia Ambiental","description":"Monitoreo y an\u00e1lisis de la situaci\u00f3n geopol\u00edtica en el mundo y su implicancia en la Patagonia","publisher":{"@id":"https:\/\/patagoniambiental.com.ar\/info\/#organization"},"potentialAction":[{"@type":"SearchAction","target":{"@type":"EntryPoint","urlTemplate":"https:\/\/patagoniambiental.com.ar\/info\/?s={search_term_string}"},"query-input":{"@type":"PropertyValueSpecification","valueRequired":true,"valueName":"search_term_string"}}],"inLanguage":"es"},{"@type":"Organization","@id":"https:\/\/patagoniambiental.com.ar\/info\/#organization","name":"Patagonia Ambiental","url":"https:\/\/patagoniambiental.com.ar\/info\/","logo":{"@type":"ImageObject","inLanguage":"es","@id":"https:\/\/patagoniambiental.com.ar\/info\/#\/schema\/logo\/image\/","url":"https:\/\/patagoniambiental.com.ar\/info\/wp-content\/uploads\/2025\/05\/LOGO-PATAGONIA-AMBIENTAL.png","contentUrl":"https:\/\/patagoniambiental.com.ar\/info\/wp-content\/uploads\/2025\/05\/LOGO-PATAGONIA-AMBIENTAL.png","width":433,"height":250,"caption":"Patagonia Ambiental"},"image":{"@id":"https:\/\/patagoniambiental.com.ar\/info\/#\/schema\/logo\/image\/"},"sameAs":["https:\/\/www.facebook.com\/patagonia.ambiental","https:\/\/x.com\/PatAmb"]},{"@type":"Person","@id":"https:\/\/patagoniambiental.com.ar\/info\/#\/schema\/person\/db12bff64bbcbf6a253710bf0ea37b5d","name":"Patagonia Ambiental","description":"Andr\u00e9s Nievas T\u00e9cnico en manejo ambiental, consultor Ambiental y escritor para medios locales e internacionales sobre temas de geopolitica y medio ambiente.","sameAs":["http:\/\/www.patagoniambiental.com.ar","https:\/\/www.facebook.com\/share\/1C1V8Gv9BX\/?mibextid=qi2Omg","@patagoniambiental","https:\/\/youtube.com\/@patagoniaambiental2023?si=BLt58t0wuXquxlYZ"]}]}},"_links":{"self":[{"href":"https:\/\/patagoniambiental.com.ar\/info\/wp-json\/wp\/v2\/posts\/60435","targetHints":{"allow":["GET"]}}],"collection":[{"href":"https:\/\/patagoniambiental.com.ar\/info\/wp-json\/wp\/v2\/posts"}],"about":[{"href":"https:\/\/patagoniambiental.com.ar\/info\/wp-json\/wp\/v2\/types\/post"}],"author":[{"embeddable":true,"href":"https:\/\/patagoniambiental.com.ar\/info\/wp-json\/wp\/v2\/users\/2"}],"replies":[{"embeddable":true,"href":"https:\/\/patagoniambiental.com.ar\/info\/wp-json\/wp\/v2\/comments?post=60435"}],"version-history":[{"count":0,"href":"https:\/\/patagoniambiental.com.ar\/info\/wp-json\/wp\/v2\/posts\/60435\/revisions"}],"wp:featuredmedia":[{"embeddable":true,"href":"https:\/\/patagoniambiental.com.ar\/info\/wp-json\/wp\/v2\/media\/35858"}],"wp:attachment":[{"href":"https:\/\/patagoniambiental.com.ar\/info\/wp-json\/wp\/v2\/media?parent=60435"}],"wp:term":[{"taxonomy":"category","embeddable":true,"href":"https:\/\/patagoniambiental.com.ar\/info\/wp-json\/wp\/v2\/categories?post=60435"},{"taxonomy":"post_tag","embeddable":true,"href":"https:\/\/patagoniambiental.com.ar\/info\/wp-json\/wp\/v2\/tags?post=60435"}],"curies":[{"name":"wp","href":"https:\/\/api.w.org\/{rel}","templated":true}]}}