{"id":60516,"date":"2019-04-26T07:00:51","date_gmt":"2019-04-26T10:00:51","guid":{"rendered":"http:\/\/patagoniambiental.com.ar\/info\/?p=60516"},"modified":"2019-04-25T12:13:32","modified_gmt":"2019-04-25T15:13:32","slug":"pese-a-ser-una-amenaza-para-la-biodiversidad-local-gobierno-desmintio-que-exista-un-plan-de-exterminio-de-perros-asilvestrados-en-tdf","status":"publish","type":"post","link":"https:\/\/patagoniambiental.com.ar\/info\/pese-a-ser-una-amenaza-para-la-biodiversidad-local-gobierno-desmintio-que-exista-un-plan-de-exterminio-de-perros-asilvestrados-en-tdf\/","title":{"rendered":"PESE A SER \u00abUNA AMENAZA\u00bb PARA LA BIODIVERSIDAD LOCAL Gobierno desminti\u00f3 que exista un \u00abplan de exterminio\u00bb de perros asilvestrados en TDF"},"content":{"rendered":"<hgroup class=\"zona-titulo\">\n<h1 class=\"titular\"><strong class=\"bajada\" style=\"font-size: 16px;\">Tierra del Fuego, AIAS.-Si bien se alert\u00f3 sobre la crisis en el sector ganadero por los ataques de manadas, desde el Gobierno provincial se aclar\u00f3 que &#8216;no se tiene previsto&#8217; cualquier modalidad de matanza de canes. <\/strong><\/h1>\n<h1><!--more--><\/h1>\n<h1 class=\"titular\"><strong class=\"bajada\" style=\"font-size: 16px;\">Se indic\u00f3 que la problem\u00e1tica tiene su origen en la &#8216;falta de pol\u00edticas de prevenci\u00f3n local&#8217;, que eviten que los perros abandonados de las ciudades se conviertan en salvajes.<\/strong><\/h1>\n<\/hgroup>\n<p>&nbsp;<\/p>\n<div class=\"row\">\n<div class=\"col-md-1 col-sticky\">\n<div class=\"inner-share-bar cf\">\n<div class=\"item\"><\/div>\n<\/div>\n<\/div>\n<div class=\"col-md-11\">\n<div class=\"main-content-foto\">\n<div class=\"my-gallery main-gallery\" data-pswp-uid=\"1\">\n<figure>\n<div class=\"nfotos\"><\/div>\n<p><a href=\"https:\/\/www.infofueguina.com\/u\/fotografias\/fotosnoticias\/2019\/4\/24\/54111.jpg\" data-size=\"800x450\"><img decoding=\"async\" class=\"img-responsive\" src=\"https:\/\/www.infofueguina.com\/u\/fotografias\/m\/2019\/4\/24\/f800x450-54111_105557_0.jpg\" alt=\"Gobierno desminti\u00f3 que exista un &quot;plan de exterminio&quot; de perros asilvestrados en TDF\" \/><\/a><\/figure>\n<\/div>\n<\/div>\n<div class=\"fecha-y-seccion\">\n<div class=\"fecha\"><\/div>\n<\/div>\n<div id=\"cuerpo-nota\" class=\"cuerpo-nota\">\n<p>El Gobierno de Tierra del Fuego, Ant\u00e1rtida e Islas del Atl\u00e1ntico Sur emiti\u00f3 -anoche- un comunicado, mediante el cual desminti\u00f3 rotundamente que se encuentre vigente un \u00abplan de exterminio\u00bb de perros asilvestrados en la provincia.<\/p>\n<p>&nbsp;<\/p>\n<p>En el documento \u00a0se puso de manifiesto que\u00a0la provincia est\u00e1 \u00abmuy preocupada\u00bb por el asunto, habida cuenta que se ha propiciado una crisis en el sector ganadero mediante ataques de manadas a ovinos, vacunos y otros animales dom\u00e9sticos. Adem\u00e1s, se expuso sobre las enfermedades que se contagian desde los canes a los seres humanos.<\/p>\n<p>&nbsp;<\/p>\n<p>\u00abLas manadas de perros asilvestrados son<strong>\u00a0una amenaza a la biodiversidad de la provincia<\/strong>, ya que ponen en riesgo la supervivencia de otras especies, como las aves migratorias que tienen su paso por la isla de Tierra del Fuego\u00bb, se advirti\u00f3.<\/p>\n<p>&nbsp;<\/p>\n<p>En este sentido, se record\u00f3 que ya existe la Ley 1146 -sancionada en el a\u00f1o 2017-, que declara al perro asilvestrado como \u201cespecie ex\u00f3tica invasora\u201d y que propone un fondo de emergencia para el control de las poblaciones de perros.<\/p>\n<p>&nbsp;<\/p>\n<p>\u00abLa provincia no tiene previsto<strong>\u00a0bajo ning\u00fan aspecto ni modalidad la matanza de animales<\/strong>, ni mucho menos \u201cel extermino\u201d de los perros asilvestrados. Lamentamos esta<strong>\u00a0manipulaci\u00f3n\u00a0<\/strong>de la informaci\u00f3n que se realiza para enga\u00f1ar a mucha gente de buena fe\u00bb, sentencia el comunicado.<\/p>\n<p>Fuente:\u00a0https:\/\/www.infofueguina.com\/tu-ciudad\/2019\/4\/24\/gobierno-desmintio-que-exista-un-plan-de-exterminio-de-perros-asilvestrados-en-tdf-38163.html<\/p>\n<\/div>\n<\/div>\n<\/div>\n","protected":false},"excerpt":{"rendered":"<p>Tierra del Fuego, AIAS.-Si bien se alert\u00f3 sobre la crisis en el sector ganadero por los ataques de manadas, desde [&hellip;]<\/p>\n","protected":false},"author":2,"featured_media":60517,"comment_status":"open","ping_status":"open","sticky":false,"template":"","format":"standard","meta":{"site-sidebar-layout":"default","site-content-layout":"","ast-site-content-layout":"default","site-content-style":"default","site-sidebar-style":"default","ast-global-header-display":"","ast-banner-title-visibility":"","ast-main-header-display":"","ast-hfb-above-header-display":"","ast-hfb-below-header-display":"","ast-hfb-mobile-header-display":"","site-post-title":"","ast-breadcrumbs-content":"","ast-featured-img":"","footer-sml-layout":"","ast-disable-related-posts":"","theme-transparent-header-meta":"","adv-header-id-meta":"","stick-header-meta":"","header-above-stick-meta":"","header-main-stick-meta":"","header-below-stick-meta":"","astra-migrate-meta-layouts":"default","ast-page-background-enabled":"default","ast-page-background-meta":{"desktop":{"background-color":"var(--ast-global-color-5)","background-image":"","background-repeat":"repeat","background-position":"center center","background-size":"auto","background-attachment":"scroll","background-type":"","background-media":"","overlay-type":"","overlay-color":"","overlay-opacity":"","overlay-gradient":""},"tablet":{"background-color":"","background-image":"","background-repeat":"repeat","background-position":"center center","background-size":"auto","background-attachment":"scroll","background-type":"","background-media":"","overlay-type":"","overlay-color":"","overlay-opacity":"","overlay-gradient":""},"mobile":{"background-color":"","background-image":"","background-repeat":"repeat","background-position":"center center","background-size":"auto","background-attachment":"scroll","background-type":"","background-media":"","overlay-type":"","overlay-color":"","overlay-opacity":"","overlay-gradient":""}},"ast-content-background-meta":{"desktop":{"background-color":"var(--ast-global-color-4)","background-image":"","background-repeat":"repeat","background-position":"center center","background-size":"auto","background-attachment":"scroll","background-type":"","background-media":"","overlay-type":"","overlay-color":"","overlay-opacity":"","overlay-gradient":""},"tablet":{"background-color":"var(--ast-global-color-4)","background-image":"","background-repeat":"repeat","background-position":"center center","background-size":"auto","background-attachment":"scroll","background-type":"","background-media":"","overlay-type":"","overlay-color":"","overlay-opacity":"","overlay-gradient":""},"mobile":{"background-color":"var(--ast-global-color-4)","background-image":"","background-repeat":"repeat","background-position":"center center","background-size":"auto","background-attachment":"scroll","background-type":"","background-media":"","overlay-type":"","overlay-color":"","overlay-opacity":"","overlay-gradient":""}},"footnotes":""},"categories":[1,13,25],"tags":[],"class_list":["post-60516","post","type-post","status-publish","format-standard","has-post-thumbnail","hentry","category-noticias","category-provinciales","category-tierra-del-fuego"],"yoast_head":"<!-- This site is optimized with the Yoast SEO Premium plugin v23.0 (Yoast SEO v27.5) - https:\/\/yoast.com\/product\/yoast-seo-premium-wordpress\/ -->\n<title>PESE A SER &quot;UNA AMENAZA&quot; PARA LA BIODIVERSIDAD LOCAL Gobierno desminti\u00f3 que exista un &quot;plan de exterminio&quot; de perros asilvestrados en TDF<\/title>\n<meta name=\"robots\" content=\"index, follow, max-snippet:-1, max-image-preview:large, max-video-preview:-1\" \/>\n<link rel=\"canonical\" href=\"https:\/\/patagoniambiental.com.ar\/info\/pese-a-ser-una-amenaza-para-la-biodiversidad-local-gobierno-desmintio-que-exista-un-plan-de-exterminio-de-perros-asilvestrados-en-tdf\/\" \/>\n<meta property=\"og:locale\" content=\"es_ES\" \/>\n<meta property=\"og:type\" content=\"article\" \/>\n<meta property=\"og:title\" content=\"PESE A SER &quot;UNA AMENAZA&quot; PARA LA BIODIVERSIDAD LOCAL Gobierno desminti\u00f3 que exista un &quot;plan de exterminio&quot; de perros asilvestrados en TDF\" \/>\n<meta property=\"og:description\" content=\"Tierra del Fuego, AIAS.-Si bien se alert\u00f3 sobre la crisis en el sector ganadero por los ataques de manadas, desde [&hellip;]\" \/>\n<meta property=\"og:url\" content=\"https:\/\/patagoniambiental.com.ar\/info\/pese-a-ser-una-amenaza-para-la-biodiversidad-local-gobierno-desmintio-que-exista-un-plan-de-exterminio-de-perros-asilvestrados-en-tdf\/\" \/>\n<meta property=\"og:site_name\" content=\"Patagonia Ambiental\" \/>\n<meta property=\"article:publisher\" content=\"https:\/\/www.facebook.com\/patagonia.ambiental\" \/>\n<meta property=\"article:author\" content=\"https:\/\/www.facebook.com\/share\/1C1V8Gv9BX\/?mibextid=qi2Omg\" \/>\n<meta property=\"article:published_time\" content=\"2019-04-26T10:00:51+00:00\" \/>\n<meta property=\"og:image\" content=\"https:\/\/patagoniambiental.com.ar\/info\/wp-content\/uploads\/2019\/04\/f800x450-54111_105557_0.jpg\" \/>\n\t<meta property=\"og:image:width\" content=\"800\" \/>\n\t<meta property=\"og:image:height\" content=\"450\" \/>\n\t<meta property=\"og:image:type\" content=\"image\/jpeg\" \/>\n<meta name=\"author\" content=\"Patagonia Ambiental\" \/>\n<meta name=\"twitter:card\" content=\"summary_large_image\" \/>\n<meta name=\"twitter:creator\" content=\"@PatAmb\" \/>\n<meta name=\"twitter:site\" content=\"@PatAmb\" \/>\n<script type=\"application\/ld+json\" class=\"yoast-schema-graph\">{\"@context\":\"https:\\\/\\\/schema.org\",\"@graph\":[{\"@type\":\"Article\",\"@id\":\"https:\\\/\\\/patagoniambiental.com.ar\\\/info\\\/pese-a-ser-una-amenaza-para-la-biodiversidad-local-gobierno-desmintio-que-exista-un-plan-de-exterminio-de-perros-asilvestrados-en-tdf\\\/#article\",\"isPartOf\":{\"@id\":\"https:\\\/\\\/patagoniambiental.com.ar\\\/info\\\/pese-a-ser-una-amenaza-para-la-biodiversidad-local-gobierno-desmintio-que-exista-un-plan-de-exterminio-de-perros-asilvestrados-en-tdf\\\/\"},\"author\":{\"name\":\"Patagonia Ambiental\",\"@id\":\"https:\\\/\\\/patagoniambiental.com.ar\\\/info\\\/#\\\/schema\\\/person\\\/db12bff64bbcbf6a253710bf0ea37b5d\"},\"headline\":\"PESE A SER \u00abUNA AMENAZA\u00bb PARA LA BIODIVERSIDAD LOCAL Gobierno desminti\u00f3 que exista un \u00abplan de exterminio\u00bb de perros asilvestrados en TDF\",\"datePublished\":\"2019-04-26T10:00:51+00:00\",\"mainEntityOfPage\":{\"@id\":\"https:\\\/\\\/patagoniambiental.com.ar\\\/info\\\/pese-a-ser-una-amenaza-para-la-biodiversidad-local-gobierno-desmintio-que-exista-un-plan-de-exterminio-de-perros-asilvestrados-en-tdf\\\/\"},\"wordCount\":327,\"commentCount\":0,\"publisher\":{\"@id\":\"https:\\\/\\\/patagoniambiental.com.ar\\\/info\\\/#organization\"},\"image\":{\"@id\":\"https:\\\/\\\/patagoniambiental.com.ar\\\/info\\\/pese-a-ser-una-amenaza-para-la-biodiversidad-local-gobierno-desmintio-que-exista-un-plan-de-exterminio-de-perros-asilvestrados-en-tdf\\\/#primaryimage\"},\"thumbnailUrl\":\"https:\\\/\\\/patagoniambiental.com.ar\\\/info\\\/wp-content\\\/uploads\\\/2019\\\/04\\\/f800x450-54111_105557_0.jpg\",\"articleSection\":[\"Noticias\",\"Provinciales\",\"Tierra del Fuego\"],\"inLanguage\":\"es\",\"potentialAction\":[{\"@type\":\"CommentAction\",\"name\":\"Comment\",\"target\":[\"https:\\\/\\\/patagoniambiental.com.ar\\\/info\\\/pese-a-ser-una-amenaza-para-la-biodiversidad-local-gobierno-desmintio-que-exista-un-plan-de-exterminio-de-perros-asilvestrados-en-tdf\\\/#respond\"]}]},{\"@type\":\"WebPage\",\"@id\":\"https:\\\/\\\/patagoniambiental.com.ar\\\/info\\\/pese-a-ser-una-amenaza-para-la-biodiversidad-local-gobierno-desmintio-que-exista-un-plan-de-exterminio-de-perros-asilvestrados-en-tdf\\\/\",\"url\":\"https:\\\/\\\/patagoniambiental.com.ar\\\/info\\\/pese-a-ser-una-amenaza-para-la-biodiversidad-local-gobierno-desmintio-que-exista-un-plan-de-exterminio-de-perros-asilvestrados-en-tdf\\\/\",\"name\":\"PESE A SER \\\"UNA AMENAZA\\\" PARA LA BIODIVERSIDAD LOCAL Gobierno desminti\u00f3 que exista un \\\"plan de exterminio\\\" de perros asilvestrados en TDF\",\"isPartOf\":{\"@id\":\"https:\\\/\\\/patagoniambiental.com.ar\\\/info\\\/#website\"},\"primaryImageOfPage\":{\"@id\":\"https:\\\/\\\/patagoniambiental.com.ar\\\/info\\\/pese-a-ser-una-amenaza-para-la-biodiversidad-local-gobierno-desmintio-que-exista-un-plan-de-exterminio-de-perros-asilvestrados-en-tdf\\\/#primaryimage\"},\"image\":{\"@id\":\"https:\\\/\\\/patagoniambiental.com.ar\\\/info\\\/pese-a-ser-una-amenaza-para-la-biodiversidad-local-gobierno-desmintio-que-exista-un-plan-de-exterminio-de-perros-asilvestrados-en-tdf\\\/#primaryimage\"},\"thumbnailUrl\":\"https:\\\/\\\/patagoniambiental.com.ar\\\/info\\\/wp-content\\\/uploads\\\/2019\\\/04\\\/f800x450-54111_105557_0.jpg\",\"datePublished\":\"2019-04-26T10:00:51+00:00\",\"breadcrumb\":{\"@id\":\"https:\\\/\\\/patagoniambiental.com.ar\\\/info\\\/pese-a-ser-una-amenaza-para-la-biodiversidad-local-gobierno-desmintio-que-exista-un-plan-de-exterminio-de-perros-asilvestrados-en-tdf\\\/#breadcrumb\"},\"inLanguage\":\"es\",\"potentialAction\":[{\"@type\":\"ReadAction\",\"target\":[\"https:\\\/\\\/patagoniambiental.com.ar\\\/info\\\/pese-a-ser-una-amenaza-para-la-biodiversidad-local-gobierno-desmintio-que-exista-un-plan-de-exterminio-de-perros-asilvestrados-en-tdf\\\/\"]}]},{\"@type\":\"ImageObject\",\"inLanguage\":\"es\",\"@id\":\"https:\\\/\\\/patagoniambiental.com.ar\\\/info\\\/pese-a-ser-una-amenaza-para-la-biodiversidad-local-gobierno-desmintio-que-exista-un-plan-de-exterminio-de-perros-asilvestrados-en-tdf\\\/#primaryimage\",\"url\":\"https:\\\/\\\/patagoniambiental.com.ar\\\/info\\\/wp-content\\\/uploads\\\/2019\\\/04\\\/f800x450-54111_105557_0.jpg\",\"contentUrl\":\"https:\\\/\\\/patagoniambiental.com.ar\\\/info\\\/wp-content\\\/uploads\\\/2019\\\/04\\\/f800x450-54111_105557_0.jpg\",\"width\":800,\"height\":450},{\"@type\":\"BreadcrumbList\",\"@id\":\"https:\\\/\\\/patagoniambiental.com.ar\\\/info\\\/pese-a-ser-una-amenaza-para-la-biodiversidad-local-gobierno-desmintio-que-exista-un-plan-de-exterminio-de-perros-asilvestrados-en-tdf\\\/#breadcrumb\",\"itemListElement\":[{\"@type\":\"ListItem\",\"position\":1,\"name\":\"Inicio\",\"item\":\"https:\\\/\\\/patagoniambiental.com.ar\\\/info\\\/\"},{\"@type\":\"ListItem\",\"position\":2,\"name\":\"PESE A SER \u00abUNA AMENAZA\u00bb PARA LA BIODIVERSIDAD LOCAL Gobierno desminti\u00f3 que exista un \u00abplan de exterminio\u00bb de perros asilvestrados en TDF\"}]},{\"@type\":\"WebSite\",\"@id\":\"https:\\\/\\\/patagoniambiental.com.ar\\\/info\\\/#website\",\"url\":\"https:\\\/\\\/patagoniambiental.com.ar\\\/info\\\/\",\"name\":\"Patagonia Ambiental\",\"description\":\"Monitoreo y an\u00e1lisis de la situaci\u00f3n geopol\u00edtica en el mundo y su implicancia en la Patagonia\",\"publisher\":{\"@id\":\"https:\\\/\\\/patagoniambiental.com.ar\\\/info\\\/#organization\"},\"potentialAction\":[{\"@type\":\"SearchAction\",\"target\":{\"@type\":\"EntryPoint\",\"urlTemplate\":\"https:\\\/\\\/patagoniambiental.com.ar\\\/info\\\/?s={search_term_string}\"},\"query-input\":{\"@type\":\"PropertyValueSpecification\",\"valueRequired\":true,\"valueName\":\"search_term_string\"}}],\"inLanguage\":\"es\"},{\"@type\":\"Organization\",\"@id\":\"https:\\\/\\\/patagoniambiental.com.ar\\\/info\\\/#organization\",\"name\":\"Patagonia Ambiental\",\"url\":\"https:\\\/\\\/patagoniambiental.com.ar\\\/info\\\/\",\"logo\":{\"@type\":\"ImageObject\",\"inLanguage\":\"es\",\"@id\":\"https:\\\/\\\/patagoniambiental.com.ar\\\/info\\\/#\\\/schema\\\/logo\\\/image\\\/\",\"url\":\"https:\\\/\\\/patagoniambiental.com.ar\\\/info\\\/wp-content\\\/uploads\\\/2025\\\/05\\\/LOGO-PATAGONIA-AMBIENTAL.png\",\"contentUrl\":\"https:\\\/\\\/patagoniambiental.com.ar\\\/info\\\/wp-content\\\/uploads\\\/2025\\\/05\\\/LOGO-PATAGONIA-AMBIENTAL.png\",\"width\":433,\"height\":250,\"caption\":\"Patagonia Ambiental\"},\"image\":{\"@id\":\"https:\\\/\\\/patagoniambiental.com.ar\\\/info\\\/#\\\/schema\\\/logo\\\/image\\\/\"},\"sameAs\":[\"https:\\\/\\\/www.facebook.com\\\/patagonia.ambiental\",\"https:\\\/\\\/x.com\\\/PatAmb\"]},{\"@type\":\"Person\",\"@id\":\"https:\\\/\\\/patagoniambiental.com.ar\\\/info\\\/#\\\/schema\\\/person\\\/db12bff64bbcbf6a253710bf0ea37b5d\",\"name\":\"Patagonia Ambiental\",\"description\":\"Andr\u00e9s Nievas T\u00e9cnico en manejo ambiental, consultor Ambiental y escritor para medios locales e internacionales sobre temas de geopolitica y medio ambiente.\",\"sameAs\":[\"http:\\\/\\\/www.patagoniambiental.com.ar\",\"https:\\\/\\\/www.facebook.com\\\/share\\\/1C1V8Gv9BX\\\/?mibextid=qi2Omg\",\"@patagoniambiental\",\"https:\\\/\\\/youtube.com\\\/@patagoniaambiental2023?si=BLt58t0wuXquxlYZ\"]}]}<\/script>\n<!-- \/ Yoast SEO Premium plugin. -->","yoast_head_json":{"title":"PESE A SER \"UNA AMENAZA\" PARA LA BIODIVERSIDAD LOCAL Gobierno desminti\u00f3 que exista un \"plan de exterminio\" de perros asilvestrados en TDF","robots":{"index":"index","follow":"follow","max-snippet":"max-snippet:-1","max-image-preview":"max-image-preview:large","max-video-preview":"max-video-preview:-1"},"canonical":"https:\/\/patagoniambiental.com.ar\/info\/pese-a-ser-una-amenaza-para-la-biodiversidad-local-gobierno-desmintio-que-exista-un-plan-de-exterminio-de-perros-asilvestrados-en-tdf\/","og_locale":"es_ES","og_type":"article","og_title":"PESE A SER \"UNA AMENAZA\" PARA LA BIODIVERSIDAD LOCAL Gobierno desminti\u00f3 que exista un \"plan de exterminio\" de perros asilvestrados en TDF","og_description":"Tierra del Fuego, AIAS.-Si bien se alert\u00f3 sobre la crisis en el sector ganadero por los ataques de manadas, desde [&hellip;]","og_url":"https:\/\/patagoniambiental.com.ar\/info\/pese-a-ser-una-amenaza-para-la-biodiversidad-local-gobierno-desmintio-que-exista-un-plan-de-exterminio-de-perros-asilvestrados-en-tdf\/","og_site_name":"Patagonia Ambiental","article_publisher":"https:\/\/www.facebook.com\/patagonia.ambiental","article_author":"https:\/\/www.facebook.com\/share\/1C1V8Gv9BX\/?mibextid=qi2Omg","article_published_time":"2019-04-26T10:00:51+00:00","og_image":[{"width":800,"height":450,"url":"https:\/\/patagoniambiental.com.ar\/info\/wp-content\/uploads\/2019\/04\/f800x450-54111_105557_0.jpg","type":"image\/jpeg"}],"author":"Patagonia Ambiental","twitter_card":"summary_large_image","twitter_creator":"@PatAmb","twitter_site":"@PatAmb","schema":{"@context":"https:\/\/schema.org","@graph":[{"@type":"Article","@id":"https:\/\/patagoniambiental.com.ar\/info\/pese-a-ser-una-amenaza-para-la-biodiversidad-local-gobierno-desmintio-que-exista-un-plan-de-exterminio-de-perros-asilvestrados-en-tdf\/#article","isPartOf":{"@id":"https:\/\/patagoniambiental.com.ar\/info\/pese-a-ser-una-amenaza-para-la-biodiversidad-local-gobierno-desmintio-que-exista-un-plan-de-exterminio-de-perros-asilvestrados-en-tdf\/"},"author":{"name":"Patagonia Ambiental","@id":"https:\/\/patagoniambiental.com.ar\/info\/#\/schema\/person\/db12bff64bbcbf6a253710bf0ea37b5d"},"headline":"PESE A SER \u00abUNA AMENAZA\u00bb PARA LA BIODIVERSIDAD LOCAL Gobierno desminti\u00f3 que exista un \u00abplan de exterminio\u00bb de perros asilvestrados en TDF","datePublished":"2019-04-26T10:00:51+00:00","mainEntityOfPage":{"@id":"https:\/\/patagoniambiental.com.ar\/info\/pese-a-ser-una-amenaza-para-la-biodiversidad-local-gobierno-desmintio-que-exista-un-plan-de-exterminio-de-perros-asilvestrados-en-tdf\/"},"wordCount":327,"commentCount":0,"publisher":{"@id":"https:\/\/patagoniambiental.com.ar\/info\/#organization"},"image":{"@id":"https:\/\/patagoniambiental.com.ar\/info\/pese-a-ser-una-amenaza-para-la-biodiversidad-local-gobierno-desmintio-que-exista-un-plan-de-exterminio-de-perros-asilvestrados-en-tdf\/#primaryimage"},"thumbnailUrl":"https:\/\/patagoniambiental.com.ar\/info\/wp-content\/uploads\/2019\/04\/f800x450-54111_105557_0.jpg","articleSection":["Noticias","Provinciales","Tierra del Fuego"],"inLanguage":"es","potentialAction":[{"@type":"CommentAction","name":"Comment","target":["https:\/\/patagoniambiental.com.ar\/info\/pese-a-ser-una-amenaza-para-la-biodiversidad-local-gobierno-desmintio-que-exista-un-plan-de-exterminio-de-perros-asilvestrados-en-tdf\/#respond"]}]},{"@type":"WebPage","@id":"https:\/\/patagoniambiental.com.ar\/info\/pese-a-ser-una-amenaza-para-la-biodiversidad-local-gobierno-desmintio-que-exista-un-plan-de-exterminio-de-perros-asilvestrados-en-tdf\/","url":"https:\/\/patagoniambiental.com.ar\/info\/pese-a-ser-una-amenaza-para-la-biodiversidad-local-gobierno-desmintio-que-exista-un-plan-de-exterminio-de-perros-asilvestrados-en-tdf\/","name":"PESE A SER \"UNA AMENAZA\" PARA LA BIODIVERSIDAD LOCAL Gobierno desminti\u00f3 que exista un \"plan de exterminio\" de perros asilvestrados en TDF","isPartOf":{"@id":"https:\/\/patagoniambiental.com.ar\/info\/#website"},"primaryImageOfPage":{"@id":"https:\/\/patagoniambiental.com.ar\/info\/pese-a-ser-una-amenaza-para-la-biodiversidad-local-gobierno-desmintio-que-exista-un-plan-de-exterminio-de-perros-asilvestrados-en-tdf\/#primaryimage"},"image":{"@id":"https:\/\/patagoniambiental.com.ar\/info\/pese-a-ser-una-amenaza-para-la-biodiversidad-local-gobierno-desmintio-que-exista-un-plan-de-exterminio-de-perros-asilvestrados-en-tdf\/#primaryimage"},"thumbnailUrl":"https:\/\/patagoniambiental.com.ar\/info\/wp-content\/uploads\/2019\/04\/f800x450-54111_105557_0.jpg","datePublished":"2019-04-26T10:00:51+00:00","breadcrumb":{"@id":"https:\/\/patagoniambiental.com.ar\/info\/pese-a-ser-una-amenaza-para-la-biodiversidad-local-gobierno-desmintio-que-exista-un-plan-de-exterminio-de-perros-asilvestrados-en-tdf\/#breadcrumb"},"inLanguage":"es","potentialAction":[{"@type":"ReadAction","target":["https:\/\/patagoniambiental.com.ar\/info\/pese-a-ser-una-amenaza-para-la-biodiversidad-local-gobierno-desmintio-que-exista-un-plan-de-exterminio-de-perros-asilvestrados-en-tdf\/"]}]},{"@type":"ImageObject","inLanguage":"es","@id":"https:\/\/patagoniambiental.com.ar\/info\/pese-a-ser-una-amenaza-para-la-biodiversidad-local-gobierno-desmintio-que-exista-un-plan-de-exterminio-de-perros-asilvestrados-en-tdf\/#primaryimage","url":"https:\/\/patagoniambiental.com.ar\/info\/wp-content\/uploads\/2019\/04\/f800x450-54111_105557_0.jpg","contentUrl":"https:\/\/patagoniambiental.com.ar\/info\/wp-content\/uploads\/2019\/04\/f800x450-54111_105557_0.jpg","width":800,"height":450},{"@type":"BreadcrumbList","@id":"https:\/\/patagoniambiental.com.ar\/info\/pese-a-ser-una-amenaza-para-la-biodiversidad-local-gobierno-desmintio-que-exista-un-plan-de-exterminio-de-perros-asilvestrados-en-tdf\/#breadcrumb","itemListElement":[{"@type":"ListItem","position":1,"name":"Inicio","item":"https:\/\/patagoniambiental.com.ar\/info\/"},{"@type":"ListItem","position":2,"name":"PESE A SER \u00abUNA AMENAZA\u00bb PARA LA BIODIVERSIDAD LOCAL Gobierno desminti\u00f3 que exista un \u00abplan de exterminio\u00bb de perros asilvestrados en TDF"}]},{"@type":"WebSite","@id":"https:\/\/patagoniambiental.com.ar\/info\/#website","url":"https:\/\/patagoniambiental.com.ar\/info\/","name":"Patagonia Ambiental","description":"Monitoreo y an\u00e1lisis de la situaci\u00f3n geopol\u00edtica en el mundo y su implicancia en la Patagonia","publisher":{"@id":"https:\/\/patagoniambiental.com.ar\/info\/#organization"},"potentialAction":[{"@type":"SearchAction","target":{"@type":"EntryPoint","urlTemplate":"https:\/\/patagoniambiental.com.ar\/info\/?s={search_term_string}"},"query-input":{"@type":"PropertyValueSpecification","valueRequired":true,"valueName":"search_term_string"}}],"inLanguage":"es"},{"@type":"Organization","@id":"https:\/\/patagoniambiental.com.ar\/info\/#organization","name":"Patagonia Ambiental","url":"https:\/\/patagoniambiental.com.ar\/info\/","logo":{"@type":"ImageObject","inLanguage":"es","@id":"https:\/\/patagoniambiental.com.ar\/info\/#\/schema\/logo\/image\/","url":"https:\/\/patagoniambiental.com.ar\/info\/wp-content\/uploads\/2025\/05\/LOGO-PATAGONIA-AMBIENTAL.png","contentUrl":"https:\/\/patagoniambiental.com.ar\/info\/wp-content\/uploads\/2025\/05\/LOGO-PATAGONIA-AMBIENTAL.png","width":433,"height":250,"caption":"Patagonia Ambiental"},"image":{"@id":"https:\/\/patagoniambiental.com.ar\/info\/#\/schema\/logo\/image\/"},"sameAs":["https:\/\/www.facebook.com\/patagonia.ambiental","https:\/\/x.com\/PatAmb"]},{"@type":"Person","@id":"https:\/\/patagoniambiental.com.ar\/info\/#\/schema\/person\/db12bff64bbcbf6a253710bf0ea37b5d","name":"Patagonia Ambiental","description":"Andr\u00e9s Nievas T\u00e9cnico en manejo ambiental, consultor Ambiental y escritor para medios locales e internacionales sobre temas de geopolitica y medio ambiente.","sameAs":["http:\/\/www.patagoniambiental.com.ar","https:\/\/www.facebook.com\/share\/1C1V8Gv9BX\/?mibextid=qi2Omg","@patagoniambiental","https:\/\/youtube.com\/@patagoniaambiental2023?si=BLt58t0wuXquxlYZ"]}]}},"_links":{"self":[{"href":"https:\/\/patagoniambiental.com.ar\/info\/wp-json\/wp\/v2\/posts\/60516","targetHints":{"allow":["GET"]}}],"collection":[{"href":"https:\/\/patagoniambiental.com.ar\/info\/wp-json\/wp\/v2\/posts"}],"about":[{"href":"https:\/\/patagoniambiental.com.ar\/info\/wp-json\/wp\/v2\/types\/post"}],"author":[{"embeddable":true,"href":"https:\/\/patagoniambiental.com.ar\/info\/wp-json\/wp\/v2\/users\/2"}],"replies":[{"embeddable":true,"href":"https:\/\/patagoniambiental.com.ar\/info\/wp-json\/wp\/v2\/comments?post=60516"}],"version-history":[{"count":0,"href":"https:\/\/patagoniambiental.com.ar\/info\/wp-json\/wp\/v2\/posts\/60516\/revisions"}],"wp:featuredmedia":[{"embeddable":true,"href":"https:\/\/patagoniambiental.com.ar\/info\/wp-json\/wp\/v2\/media\/60517"}],"wp:attachment":[{"href":"https:\/\/patagoniambiental.com.ar\/info\/wp-json\/wp\/v2\/media?parent=60516"}],"wp:term":[{"taxonomy":"category","embeddable":true,"href":"https:\/\/patagoniambiental.com.ar\/info\/wp-json\/wp\/v2\/categories?post=60516"},{"taxonomy":"post_tag","embeddable":true,"href":"https:\/\/patagoniambiental.com.ar\/info\/wp-json\/wp\/v2\/tags?post=60516"}],"curies":[{"name":"wp","href":"https:\/\/api.w.org\/{rel}","templated":true}]}}