{"id":60615,"date":"2019-04-26T07:00:26","date_gmt":"2019-04-26T10:00:26","guid":{"rendered":"http:\/\/patagoniambiental.com.ar\/info\/?p=60615"},"modified":"2019-04-25T13:32:35","modified_gmt":"2019-04-25T16:32:35","slug":"ordenan-al-municipio-de-rio-grande-que-deje-de-contaminar-el-mar","status":"publish","type":"post","link":"https:\/\/patagoniambiental.com.ar\/info\/ordenan-al-municipio-de-rio-grande-que-deje-de-contaminar-el-mar\/","title":{"rendered":"Ordenan al municipio de R\u00edo Grande que deje de contaminar el mar"},"content":{"rendered":"<div class=\"row nd_top\">\n<div class=\"col-lg-12 nopadding\">\n<p class=\"copete\">R\u00edo Grande.-Es por el vertido de efluentes cloacales crudos. El juez Civil Horacio Boccardo hizo lugar a una medida cautelar en el marco de una \u201cacci\u00f3n preventiva de da\u00f1os\u201d. Admiti\u00f3 contaminaci\u00f3n por coliformes fecales y le orden\u00f3 al municipio reparar un emisario submarino, cercar y se\u00f1alizar una zona de descarga y presentar un plan de trabajo para extender los desag\u00fces hasta superar la l\u00ednea de baja marea.<\/p>\n<\/div>\n<\/div>\n<p><!--more--><\/p>\n<div class=\"clear\"><\/div>\n<div class=\"row\">\n<div class=\"col-md-8 nopaddingleft col-central\">\n<div class=\"image\">\n<div class=\"fotonota1\">\n<div id=\"galeria_fotos171457\">\n<div id=\"photos_171457\" class=\"photos_all\">\n<div>\n<div id=\"jahl-newsitem171457\">\n<div id=\"photos_171457_img_1\" class=\"photos_171457_img\"><img decoding=\"async\" id=\"\" src=\"https:\/\/www.tiemposur.com.ar\/uploads\/noticia_galeria\/2019\/04\/25\/file_53972_main1\" alt=\"\" data-u=\"\" \/><\/div>\n<\/div>\n<\/div>\n<\/div>\n<\/div>\n<\/div>\n<\/div>\n<div class=\"redes clearfix\">\n<div class=\"social\">\n<div class=\"social_large_2\"><\/div>\n<\/div>\n<\/div>\n<p>La justicia de Tierra del Fuego le orden\u00f3 al municipio de la ciudad de R\u00edo Grande que adopte una serie de medidas para dejar de contaminar con efluentes cloacales la costa del Mar Argentino, situaci\u00f3n que se produce \u201cdesde hace diez a\u00f1os\u201d y que deriv\u00f3 en un \u201cgrave problema ambiental\u201d y en un \u201criesgo sanitario latente\u201d, informaron ayer fuentes oficiales vinculadas al caso.<\/p>\n<div id=\"hybs-mslot-a343694f-0\" class=\"hybs-mslot\"><\/div>\n<p>El juez Civil de R\u00edo Grande Horacio Boccardo hizo lugar a una medida cautelar, enmarcada en una \u201cacci\u00f3n preventiva de da\u00f1os\u201d, promovida por la Direcci\u00f3n Provincial de Obras y Servicios Sanitarios de la provincia (Dposs) tras constatar que la municipalidad local \u201cvuelca crudas las cloacas tanto al r\u00edo que atraviesa el ejido urbano como al litoral mar\u00edtimo que rodea a la ciudad\u201d.<\/p>\n<div id=\"hybs-mslot-a343694f-1\" class=\"hybs-mslot\"><\/div>\n<p>La resoluci\u00f3n judicial les impuso a las autoridades municipales que \u201cen un plazo de diez d\u00edas\u201d reparen \u201cel emisario submarino de la colectora norte\u201d -que al estar roto vuelca efluentes en la playa- y que cerque el \u201cdesag\u00fce cloacal de la Margen Sur\u201d, donde \u201cdeber\u00e1n instalarse carteles con la inscripci\u00f3n \u201cZona de desag\u00fce cloacal. Prohibido el contacto y la realizaci\u00f3n de actividades recreativas\u201d.<\/p>\n<p>Adem\u00e1s, el municipio deber\u00e1 presentar a la justicia, \u201cen un plazo de 30 d\u00edas\u201d, un plan de trabajo con plazos de ejecuci\u00f3n, para \u201cextender el ca\u00f1o de desag\u00fce de la Margen Sur hasta superar la l\u00ednea de baja marea\u201d, indica el fallo al que accedi\u00f3 EDFM.<br \/>\nPor su parte el presidente de la Dposs, Guillermo Worman, afirm\u00f3 que la decisi\u00f3n judicial \u201cviene a poner fin a una d\u00e9cada infame de contaminaci\u00f3n\u201d, y a \u201cproteger dos derechos fundamentales como son el derecho a un ambiente sano y el derecho a la salud p\u00fablica\u201d.<\/p>\n<div id=\"hybs-mslot-a343694f-2\" class=\"hybs-mslot\"><\/div>\n<p>El funcionario fueguino resalt\u00f3 el rol de la justicia que, aunque todav\u00eda no dict\u00f3 una sentencia definitiva, permite \u201cordenar una situaci\u00f3n grave que afecta la cuenca h\u00eddrica y la calidad de las aguas del mar argentino\u201d, se\u00f1al\u00f3 en dialogo con este medio.<\/p>\n<p>Worman record\u00f3 que un fallo judicial anterior, de 2010, impulsado por la Asociaci\u00f3n de Consumidores y Usuarios de R\u00edo Grande, ya hab\u00eda condenado al municipio por el mismo tema, y sin embargo los estudios de laboratorio realizados por la Dposs a pedido del juez, arrojaron que existe \u201cuna alta concentraci\u00f3n de coliformes fecales, que van de 500 mil a 9 millones de unidades, cuando el m\u00e1ximo permitido es de 5 mil en agua dulce y de 20 mil en agua salada\u201d.<\/p>\n<div id=\"hybs-mslot-a343694f-3\" class=\"hybs-mslot\"><\/div>\n<p>Si bien el municipio relativiz\u00f3 esos resultados, el juez Boccardo entendi\u00f3 que, en cualquier caso, los niveles de bacterias \u201csuperan ampliamente los limites previstos para sectores de descarga\u201d.<br \/>\nSeg\u00fan Worman, los coliformes fecales en el agua \u201cse asocian con la presencia de enfermedades infecciosas urinarias y grastrointestinales, m\u00e1s peligrosas todav\u00eda si quienes las padecen son ni\u00f1os, adultos mayores o pacientes con enfermedades cr\u00f3nicas\u201d, puntualiz\u00f3 el titular de Obras Sanitarias en Tierra del Fuego.<\/p>\n<p>Fuente: El diario del fin del mundo.<\/p>\n<\/div>\n<\/div>\n","protected":false},"excerpt":{"rendered":"<p>R\u00edo Grande.-Es por el vertido de efluentes cloacales crudos. El juez Civil Horacio Boccardo hizo lugar a una medida cautelar [&hellip;]<\/p>\n","protected":false},"author":2,"featured_media":60616,"comment_status":"open","ping_status":"open","sticky":false,"template":"","format":"standard","meta":{"site-sidebar-layout":"default","site-content-layout":"","ast-site-content-layout":"default","site-content-style":"default","site-sidebar-style":"default","ast-global-header-display":"","ast-banner-title-visibility":"","ast-main-header-display":"","ast-hfb-above-header-display":"","ast-hfb-below-header-display":"","ast-hfb-mobile-header-display":"","site-post-title":"","ast-breadcrumbs-content":"","ast-featured-img":"","footer-sml-layout":"","ast-disable-related-posts":"","theme-transparent-header-meta":"","adv-header-id-meta":"","stick-header-meta":"","header-above-stick-meta":"","header-main-stick-meta":"","header-below-stick-meta":"","astra-migrate-meta-layouts":"default","ast-page-background-enabled":"default","ast-page-background-meta":{"desktop":{"background-color":"var(--ast-global-color-5)","background-image":"","background-repeat":"repeat","background-position":"center center","background-size":"auto","background-attachment":"scroll","background-type":"","background-media":"","overlay-type":"","overlay-color":"","overlay-opacity":"","overlay-gradient":""},"tablet":{"background-color":"","background-image":"","background-repeat":"repeat","background-position":"center center","background-size":"auto","background-attachment":"scroll","background-type":"","background-media":"","overlay-type":"","overlay-color":"","overlay-opacity":"","overlay-gradient":""},"mobile":{"background-color":"","background-image":"","background-repeat":"repeat","background-position":"center center","background-size":"auto","background-attachment":"scroll","background-type":"","background-media":"","overlay-type":"","overlay-color":"","overlay-opacity":"","overlay-gradient":""}},"ast-content-background-meta":{"desktop":{"background-color":"var(--ast-global-color-4)","background-image":"","background-repeat":"repeat","background-position":"center center","background-size":"auto","background-attachment":"scroll","background-type":"","background-media":"","overlay-type":"","overlay-color":"","overlay-opacity":"","overlay-gradient":""},"tablet":{"background-color":"var(--ast-global-color-4)","background-image":"","background-repeat":"repeat","background-position":"center center","background-size":"auto","background-attachment":"scroll","background-type":"","background-media":"","overlay-type":"","overlay-color":"","overlay-opacity":"","overlay-gradient":""},"mobile":{"background-color":"var(--ast-global-color-4)","background-image":"","background-repeat":"repeat","background-position":"center center","background-size":"auto","background-attachment":"scroll","background-type":"","background-media":"","overlay-type":"","overlay-color":"","overlay-opacity":"","overlay-gradient":""}},"footnotes":""},"categories":[1,13,25],"tags":[],"class_list":["post-60615","post","type-post","status-publish","format-standard","has-post-thumbnail","hentry","category-noticias","category-provinciales","category-tierra-del-fuego"],"yoast_head":"<!-- This site is optimized with the Yoast SEO Premium plugin v23.0 (Yoast SEO v27.5) - https:\/\/yoast.com\/product\/yoast-seo-premium-wordpress\/ -->\n<title>Ordenan al municipio de R\u00edo Grande que deje de contaminar el mar<\/title>\n<meta name=\"robots\" content=\"index, follow, max-snippet:-1, max-image-preview:large, max-video-preview:-1\" \/>\n<link rel=\"canonical\" href=\"https:\/\/patagoniambiental.com.ar\/info\/ordenan-al-municipio-de-rio-grande-que-deje-de-contaminar-el-mar\/\" \/>\n<meta property=\"og:locale\" content=\"es_ES\" \/>\n<meta property=\"og:type\" content=\"article\" \/>\n<meta property=\"og:title\" content=\"Ordenan al municipio de R\u00edo Grande que deje de contaminar el mar\" \/>\n<meta property=\"og:description\" content=\"R\u00edo Grande.-Es por el vertido de efluentes cloacales crudos. El juez Civil Horacio Boccardo hizo lugar a una medida cautelar [&hellip;]\" \/>\n<meta property=\"og:url\" content=\"https:\/\/patagoniambiental.com.ar\/info\/ordenan-al-municipio-de-rio-grande-que-deje-de-contaminar-el-mar\/\" \/>\n<meta property=\"og:site_name\" content=\"Patagonia Ambiental\" \/>\n<meta property=\"article:publisher\" content=\"https:\/\/www.facebook.com\/patagonia.ambiental\" \/>\n<meta property=\"article:author\" content=\"https:\/\/www.facebook.com\/share\/1C1V8Gv9BX\/?mibextid=qi2Omg\" \/>\n<meta property=\"article:published_time\" content=\"2019-04-26T10:00:26+00:00\" \/>\n<meta property=\"og:image\" content=\"https:\/\/patagoniambiental.com.ar\/info\/wp-content\/uploads\/2019\/04\/Sin-t\u00edtulo-5.jpg\" \/>\n\t<meta property=\"og:image:width\" content=\"779\" \/>\n\t<meta property=\"og:image:height\" content=\"448\" \/>\n\t<meta property=\"og:image:type\" content=\"image\/jpeg\" \/>\n<meta name=\"author\" content=\"Patagonia Ambiental\" \/>\n<meta name=\"twitter:card\" content=\"summary_large_image\" \/>\n<meta name=\"twitter:creator\" content=\"@PatAmb\" \/>\n<meta name=\"twitter:site\" content=\"@PatAmb\" \/>\n<script type=\"application\/ld+json\" class=\"yoast-schema-graph\">{\"@context\":\"https:\\\/\\\/schema.org\",\"@graph\":[{\"@type\":\"Article\",\"@id\":\"https:\\\/\\\/patagoniambiental.com.ar\\\/info\\\/ordenan-al-municipio-de-rio-grande-que-deje-de-contaminar-el-mar\\\/#article\",\"isPartOf\":{\"@id\":\"https:\\\/\\\/patagoniambiental.com.ar\\\/info\\\/ordenan-al-municipio-de-rio-grande-que-deje-de-contaminar-el-mar\\\/\"},\"author\":{\"name\":\"Patagonia Ambiental\",\"@id\":\"https:\\\/\\\/patagoniambiental.com.ar\\\/info\\\/#\\\/schema\\\/person\\\/db12bff64bbcbf6a253710bf0ea37b5d\"},\"headline\":\"Ordenan al municipio de R\u00edo Grande que deje de contaminar el mar\",\"datePublished\":\"2019-04-26T10:00:26+00:00\",\"mainEntityOfPage\":{\"@id\":\"https:\\\/\\\/patagoniambiental.com.ar\\\/info\\\/ordenan-al-municipio-de-rio-grande-que-deje-de-contaminar-el-mar\\\/\"},\"wordCount\":605,\"commentCount\":0,\"publisher\":{\"@id\":\"https:\\\/\\\/patagoniambiental.com.ar\\\/info\\\/#organization\"},\"image\":{\"@id\":\"https:\\\/\\\/patagoniambiental.com.ar\\\/info\\\/ordenan-al-municipio-de-rio-grande-que-deje-de-contaminar-el-mar\\\/#primaryimage\"},\"thumbnailUrl\":\"https:\\\/\\\/patagoniambiental.com.ar\\\/info\\\/wp-content\\\/uploads\\\/2019\\\/04\\\/Sin-t\u00edtulo-5.jpg\",\"articleSection\":[\"Noticias\",\"Provinciales\",\"Tierra del Fuego\"],\"inLanguage\":\"es\",\"potentialAction\":[{\"@type\":\"CommentAction\",\"name\":\"Comment\",\"target\":[\"https:\\\/\\\/patagoniambiental.com.ar\\\/info\\\/ordenan-al-municipio-de-rio-grande-que-deje-de-contaminar-el-mar\\\/#respond\"]}]},{\"@type\":\"WebPage\",\"@id\":\"https:\\\/\\\/patagoniambiental.com.ar\\\/info\\\/ordenan-al-municipio-de-rio-grande-que-deje-de-contaminar-el-mar\\\/\",\"url\":\"https:\\\/\\\/patagoniambiental.com.ar\\\/info\\\/ordenan-al-municipio-de-rio-grande-que-deje-de-contaminar-el-mar\\\/\",\"name\":\"Ordenan al municipio de R\u00edo Grande que deje de contaminar el mar\",\"isPartOf\":{\"@id\":\"https:\\\/\\\/patagoniambiental.com.ar\\\/info\\\/#website\"},\"primaryImageOfPage\":{\"@id\":\"https:\\\/\\\/patagoniambiental.com.ar\\\/info\\\/ordenan-al-municipio-de-rio-grande-que-deje-de-contaminar-el-mar\\\/#primaryimage\"},\"image\":{\"@id\":\"https:\\\/\\\/patagoniambiental.com.ar\\\/info\\\/ordenan-al-municipio-de-rio-grande-que-deje-de-contaminar-el-mar\\\/#primaryimage\"},\"thumbnailUrl\":\"https:\\\/\\\/patagoniambiental.com.ar\\\/info\\\/wp-content\\\/uploads\\\/2019\\\/04\\\/Sin-t\u00edtulo-5.jpg\",\"datePublished\":\"2019-04-26T10:00:26+00:00\",\"breadcrumb\":{\"@id\":\"https:\\\/\\\/patagoniambiental.com.ar\\\/info\\\/ordenan-al-municipio-de-rio-grande-que-deje-de-contaminar-el-mar\\\/#breadcrumb\"},\"inLanguage\":\"es\",\"potentialAction\":[{\"@type\":\"ReadAction\",\"target\":[\"https:\\\/\\\/patagoniambiental.com.ar\\\/info\\\/ordenan-al-municipio-de-rio-grande-que-deje-de-contaminar-el-mar\\\/\"]}]},{\"@type\":\"ImageObject\",\"inLanguage\":\"es\",\"@id\":\"https:\\\/\\\/patagoniambiental.com.ar\\\/info\\\/ordenan-al-municipio-de-rio-grande-que-deje-de-contaminar-el-mar\\\/#primaryimage\",\"url\":\"https:\\\/\\\/patagoniambiental.com.ar\\\/info\\\/wp-content\\\/uploads\\\/2019\\\/04\\\/Sin-t\u00edtulo-5.jpg\",\"contentUrl\":\"https:\\\/\\\/patagoniambiental.com.ar\\\/info\\\/wp-content\\\/uploads\\\/2019\\\/04\\\/Sin-t\u00edtulo-5.jpg\",\"width\":779,\"height\":448},{\"@type\":\"BreadcrumbList\",\"@id\":\"https:\\\/\\\/patagoniambiental.com.ar\\\/info\\\/ordenan-al-municipio-de-rio-grande-que-deje-de-contaminar-el-mar\\\/#breadcrumb\",\"itemListElement\":[{\"@type\":\"ListItem\",\"position\":1,\"name\":\"Inicio\",\"item\":\"https:\\\/\\\/patagoniambiental.com.ar\\\/info\\\/\"},{\"@type\":\"ListItem\",\"position\":2,\"name\":\"Ordenan al municipio de R\u00edo Grande que deje de contaminar el mar\"}]},{\"@type\":\"WebSite\",\"@id\":\"https:\\\/\\\/patagoniambiental.com.ar\\\/info\\\/#website\",\"url\":\"https:\\\/\\\/patagoniambiental.com.ar\\\/info\\\/\",\"name\":\"Patagonia Ambiental\",\"description\":\"Monitoreo y an\u00e1lisis de la situaci\u00f3n geopol\u00edtica en el mundo y su implicancia en la Patagonia\",\"publisher\":{\"@id\":\"https:\\\/\\\/patagoniambiental.com.ar\\\/info\\\/#organization\"},\"potentialAction\":[{\"@type\":\"SearchAction\",\"target\":{\"@type\":\"EntryPoint\",\"urlTemplate\":\"https:\\\/\\\/patagoniambiental.com.ar\\\/info\\\/?s={search_term_string}\"},\"query-input\":{\"@type\":\"PropertyValueSpecification\",\"valueRequired\":true,\"valueName\":\"search_term_string\"}}],\"inLanguage\":\"es\"},{\"@type\":\"Organization\",\"@id\":\"https:\\\/\\\/patagoniambiental.com.ar\\\/info\\\/#organization\",\"name\":\"Patagonia Ambiental\",\"url\":\"https:\\\/\\\/patagoniambiental.com.ar\\\/info\\\/\",\"logo\":{\"@type\":\"ImageObject\",\"inLanguage\":\"es\",\"@id\":\"https:\\\/\\\/patagoniambiental.com.ar\\\/info\\\/#\\\/schema\\\/logo\\\/image\\\/\",\"url\":\"https:\\\/\\\/patagoniambiental.com.ar\\\/info\\\/wp-content\\\/uploads\\\/2025\\\/05\\\/LOGO-PATAGONIA-AMBIENTAL.png\",\"contentUrl\":\"https:\\\/\\\/patagoniambiental.com.ar\\\/info\\\/wp-content\\\/uploads\\\/2025\\\/05\\\/LOGO-PATAGONIA-AMBIENTAL.png\",\"width\":433,\"height\":250,\"caption\":\"Patagonia Ambiental\"},\"image\":{\"@id\":\"https:\\\/\\\/patagoniambiental.com.ar\\\/info\\\/#\\\/schema\\\/logo\\\/image\\\/\"},\"sameAs\":[\"https:\\\/\\\/www.facebook.com\\\/patagonia.ambiental\",\"https:\\\/\\\/x.com\\\/PatAmb\"]},{\"@type\":\"Person\",\"@id\":\"https:\\\/\\\/patagoniambiental.com.ar\\\/info\\\/#\\\/schema\\\/person\\\/db12bff64bbcbf6a253710bf0ea37b5d\",\"name\":\"Patagonia Ambiental\",\"description\":\"Andr\u00e9s Nievas T\u00e9cnico en manejo ambiental, consultor Ambiental y escritor para medios locales e internacionales sobre temas de geopolitica y medio ambiente.\",\"sameAs\":[\"http:\\\/\\\/www.patagoniambiental.com.ar\",\"https:\\\/\\\/www.facebook.com\\\/share\\\/1C1V8Gv9BX\\\/?mibextid=qi2Omg\",\"@patagoniambiental\",\"https:\\\/\\\/youtube.com\\\/@patagoniaambiental2023?si=BLt58t0wuXquxlYZ\"]}]}<\/script>\n<!-- \/ Yoast SEO Premium plugin. -->","yoast_head_json":{"title":"Ordenan al municipio de R\u00edo Grande que deje de contaminar el mar","robots":{"index":"index","follow":"follow","max-snippet":"max-snippet:-1","max-image-preview":"max-image-preview:large","max-video-preview":"max-video-preview:-1"},"canonical":"https:\/\/patagoniambiental.com.ar\/info\/ordenan-al-municipio-de-rio-grande-que-deje-de-contaminar-el-mar\/","og_locale":"es_ES","og_type":"article","og_title":"Ordenan al municipio de R\u00edo Grande que deje de contaminar el mar","og_description":"R\u00edo Grande.-Es por el vertido de efluentes cloacales crudos. El juez Civil Horacio Boccardo hizo lugar a una medida cautelar [&hellip;]","og_url":"https:\/\/patagoniambiental.com.ar\/info\/ordenan-al-municipio-de-rio-grande-que-deje-de-contaminar-el-mar\/","og_site_name":"Patagonia Ambiental","article_publisher":"https:\/\/www.facebook.com\/patagonia.ambiental","article_author":"https:\/\/www.facebook.com\/share\/1C1V8Gv9BX\/?mibextid=qi2Omg","article_published_time":"2019-04-26T10:00:26+00:00","og_image":[{"width":779,"height":448,"url":"https:\/\/patagoniambiental.com.ar\/info\/wp-content\/uploads\/2019\/04\/Sin-t\u00edtulo-5.jpg","type":"image\/jpeg"}],"author":"Patagonia Ambiental","twitter_card":"summary_large_image","twitter_creator":"@PatAmb","twitter_site":"@PatAmb","schema":{"@context":"https:\/\/schema.org","@graph":[{"@type":"Article","@id":"https:\/\/patagoniambiental.com.ar\/info\/ordenan-al-municipio-de-rio-grande-que-deje-de-contaminar-el-mar\/#article","isPartOf":{"@id":"https:\/\/patagoniambiental.com.ar\/info\/ordenan-al-municipio-de-rio-grande-que-deje-de-contaminar-el-mar\/"},"author":{"name":"Patagonia Ambiental","@id":"https:\/\/patagoniambiental.com.ar\/info\/#\/schema\/person\/db12bff64bbcbf6a253710bf0ea37b5d"},"headline":"Ordenan al municipio de R\u00edo Grande que deje de contaminar el mar","datePublished":"2019-04-26T10:00:26+00:00","mainEntityOfPage":{"@id":"https:\/\/patagoniambiental.com.ar\/info\/ordenan-al-municipio-de-rio-grande-que-deje-de-contaminar-el-mar\/"},"wordCount":605,"commentCount":0,"publisher":{"@id":"https:\/\/patagoniambiental.com.ar\/info\/#organization"},"image":{"@id":"https:\/\/patagoniambiental.com.ar\/info\/ordenan-al-municipio-de-rio-grande-que-deje-de-contaminar-el-mar\/#primaryimage"},"thumbnailUrl":"https:\/\/patagoniambiental.com.ar\/info\/wp-content\/uploads\/2019\/04\/Sin-t\u00edtulo-5.jpg","articleSection":["Noticias","Provinciales","Tierra del Fuego"],"inLanguage":"es","potentialAction":[{"@type":"CommentAction","name":"Comment","target":["https:\/\/patagoniambiental.com.ar\/info\/ordenan-al-municipio-de-rio-grande-que-deje-de-contaminar-el-mar\/#respond"]}]},{"@type":"WebPage","@id":"https:\/\/patagoniambiental.com.ar\/info\/ordenan-al-municipio-de-rio-grande-que-deje-de-contaminar-el-mar\/","url":"https:\/\/patagoniambiental.com.ar\/info\/ordenan-al-municipio-de-rio-grande-que-deje-de-contaminar-el-mar\/","name":"Ordenan al municipio de R\u00edo Grande que deje de contaminar el mar","isPartOf":{"@id":"https:\/\/patagoniambiental.com.ar\/info\/#website"},"primaryImageOfPage":{"@id":"https:\/\/patagoniambiental.com.ar\/info\/ordenan-al-municipio-de-rio-grande-que-deje-de-contaminar-el-mar\/#primaryimage"},"image":{"@id":"https:\/\/patagoniambiental.com.ar\/info\/ordenan-al-municipio-de-rio-grande-que-deje-de-contaminar-el-mar\/#primaryimage"},"thumbnailUrl":"https:\/\/patagoniambiental.com.ar\/info\/wp-content\/uploads\/2019\/04\/Sin-t\u00edtulo-5.jpg","datePublished":"2019-04-26T10:00:26+00:00","breadcrumb":{"@id":"https:\/\/patagoniambiental.com.ar\/info\/ordenan-al-municipio-de-rio-grande-que-deje-de-contaminar-el-mar\/#breadcrumb"},"inLanguage":"es","potentialAction":[{"@type":"ReadAction","target":["https:\/\/patagoniambiental.com.ar\/info\/ordenan-al-municipio-de-rio-grande-que-deje-de-contaminar-el-mar\/"]}]},{"@type":"ImageObject","inLanguage":"es","@id":"https:\/\/patagoniambiental.com.ar\/info\/ordenan-al-municipio-de-rio-grande-que-deje-de-contaminar-el-mar\/#primaryimage","url":"https:\/\/patagoniambiental.com.ar\/info\/wp-content\/uploads\/2019\/04\/Sin-t\u00edtulo-5.jpg","contentUrl":"https:\/\/patagoniambiental.com.ar\/info\/wp-content\/uploads\/2019\/04\/Sin-t\u00edtulo-5.jpg","width":779,"height":448},{"@type":"BreadcrumbList","@id":"https:\/\/patagoniambiental.com.ar\/info\/ordenan-al-municipio-de-rio-grande-que-deje-de-contaminar-el-mar\/#breadcrumb","itemListElement":[{"@type":"ListItem","position":1,"name":"Inicio","item":"https:\/\/patagoniambiental.com.ar\/info\/"},{"@type":"ListItem","position":2,"name":"Ordenan al municipio de R\u00edo Grande que deje de contaminar el mar"}]},{"@type":"WebSite","@id":"https:\/\/patagoniambiental.com.ar\/info\/#website","url":"https:\/\/patagoniambiental.com.ar\/info\/","name":"Patagonia Ambiental","description":"Monitoreo y an\u00e1lisis de la situaci\u00f3n geopol\u00edtica en el mundo y su implicancia en la Patagonia","publisher":{"@id":"https:\/\/patagoniambiental.com.ar\/info\/#organization"},"potentialAction":[{"@type":"SearchAction","target":{"@type":"EntryPoint","urlTemplate":"https:\/\/patagoniambiental.com.ar\/info\/?s={search_term_string}"},"query-input":{"@type":"PropertyValueSpecification","valueRequired":true,"valueName":"search_term_string"}}],"inLanguage":"es"},{"@type":"Organization","@id":"https:\/\/patagoniambiental.com.ar\/info\/#organization","name":"Patagonia Ambiental","url":"https:\/\/patagoniambiental.com.ar\/info\/","logo":{"@type":"ImageObject","inLanguage":"es","@id":"https:\/\/patagoniambiental.com.ar\/info\/#\/schema\/logo\/image\/","url":"https:\/\/patagoniambiental.com.ar\/info\/wp-content\/uploads\/2025\/05\/LOGO-PATAGONIA-AMBIENTAL.png","contentUrl":"https:\/\/patagoniambiental.com.ar\/info\/wp-content\/uploads\/2025\/05\/LOGO-PATAGONIA-AMBIENTAL.png","width":433,"height":250,"caption":"Patagonia Ambiental"},"image":{"@id":"https:\/\/patagoniambiental.com.ar\/info\/#\/schema\/logo\/image\/"},"sameAs":["https:\/\/www.facebook.com\/patagonia.ambiental","https:\/\/x.com\/PatAmb"]},{"@type":"Person","@id":"https:\/\/patagoniambiental.com.ar\/info\/#\/schema\/person\/db12bff64bbcbf6a253710bf0ea37b5d","name":"Patagonia Ambiental","description":"Andr\u00e9s Nievas T\u00e9cnico en manejo ambiental, consultor Ambiental y escritor para medios locales e internacionales sobre temas de geopolitica y medio ambiente.","sameAs":["http:\/\/www.patagoniambiental.com.ar","https:\/\/www.facebook.com\/share\/1C1V8Gv9BX\/?mibextid=qi2Omg","@patagoniambiental","https:\/\/youtube.com\/@patagoniaambiental2023?si=BLt58t0wuXquxlYZ"]}]}},"_links":{"self":[{"href":"https:\/\/patagoniambiental.com.ar\/info\/wp-json\/wp\/v2\/posts\/60615","targetHints":{"allow":["GET"]}}],"collection":[{"href":"https:\/\/patagoniambiental.com.ar\/info\/wp-json\/wp\/v2\/posts"}],"about":[{"href":"https:\/\/patagoniambiental.com.ar\/info\/wp-json\/wp\/v2\/types\/post"}],"author":[{"embeddable":true,"href":"https:\/\/patagoniambiental.com.ar\/info\/wp-json\/wp\/v2\/users\/2"}],"replies":[{"embeddable":true,"href":"https:\/\/patagoniambiental.com.ar\/info\/wp-json\/wp\/v2\/comments?post=60615"}],"version-history":[{"count":0,"href":"https:\/\/patagoniambiental.com.ar\/info\/wp-json\/wp\/v2\/posts\/60615\/revisions"}],"wp:featuredmedia":[{"embeddable":true,"href":"https:\/\/patagoniambiental.com.ar\/info\/wp-json\/wp\/v2\/media\/60616"}],"wp:attachment":[{"href":"https:\/\/patagoniambiental.com.ar\/info\/wp-json\/wp\/v2\/media?parent=60615"}],"wp:term":[{"taxonomy":"category","embeddable":true,"href":"https:\/\/patagoniambiental.com.ar\/info\/wp-json\/wp\/v2\/categories?post=60615"},{"taxonomy":"post_tag","embeddable":true,"href":"https:\/\/patagoniambiental.com.ar\/info\/wp-json\/wp\/v2\/tags?post=60615"}],"curies":[{"name":"wp","href":"https:\/\/api.w.org\/{rel}","templated":true}]}}