{"id":60645,"date":"2019-04-26T19:00:00","date_gmt":"2019-04-26T22:00:00","guid":{"rendered":"http:\/\/patagoniambiental.com.ar\/info\/?p=60645"},"modified":"2019-04-26T14:07:18","modified_gmt":"2019-04-26T17:07:18","slug":"viedma-seran-reconocidos-y-compensados-los-particulaes-que-generen-energia","status":"publish","type":"post","link":"https:\/\/patagoniambiental.com.ar\/info\/viedma-seran-reconocidos-y-compensados-los-particulaes-que-generen-energia\/","title":{"rendered":"VIEDMA: SER\u00c1N RECONOCIDOS Y COMPENSADOS LOS PARTICULAES QUE GENEREN ENERG\u00cdA"},"content":{"rendered":"<p class=\"x_MsoNormal\">Viedma.-Luego de compatibilizar varios proyectos, se unificaron criterios y fue aprobada la Ley provincial que va a regular la Generaci\u00f3n Distribuida de Energ\u00eda, que implica reconocer el esfuerzo de los particulares de abastecerse de electricidad mediante mecanismos que aprovechan las fuentes renovables de energ\u00eda, como la solar, e\u00f3lica o hidri\u00e1ulica.<\/p>\n<p><!--more--><\/p>\n<p class=\"x_MsoNormal\">\u201cLa generaci\u00f3n distribuida contribuye a la sustentabilidad del sistema energ\u00e9tico\u201d, destac\u00f3 el Legislador Leandro Tozzi, de Juntos Somos R\u00edo Negro, miembro del bloque oficialista que tuvo a su cargo la presentaci\u00f3n del proyecto, que adem\u00e1s dispone que los nuevos edificios p\u00fablicos de la administraci\u00f3n provincial deben contemplar alguno de estos sistemas de auto abastecimiento el\u00e9ctrico. En relaci\u00f3n a este aspecto, se solicit\u00f3 a los municipios a adherir.<\/p>\n<p class=\"x_MsoNormal\">Las opiniones de los diversos expositores fueron coincidentes respecto de la necesidad de darle un marco legal y un beneficio econ\u00f3mico a quienes resuelven generar energ\u00eda en sus hogares, o establecimientos productivos, para su autoabastecimiento.<\/p>\n<p class=\"x_MsoNormal\">En La pr\u00e1ctica, el particular generador tendr\u00e1 en su propiedad un medidor de doble v\u00eda que registrar\u00e1 el momento de toma de electricidad que provee el mayorista, como as\u00ed tambi\u00e9n cuando el particular tiene excedentes y los inyecta a la red.<\/p>\n<p class=\"x_MsoNormal\">En el texto de la norma se explicita de la siguiente manera: \u201cRecibir del distribuidor del servicio de energ\u00eda el\u00e9ctrica (..), la remuneraci\u00f3n o compensaci\u00f3n que reglamentariamente se establezca y que refleje el volumen de la energ\u00eda inyectada por el usuario-generador a la red\u201d.<\/p>\n<p class=\"x_MsoNormal\">Pero adem\u00e1s se destaca que \u201ca partir de la entrada en vigencia de la presente ley, todo proyecto de construcci\u00f3n de edificios p\u00fablicos provinciales debe contemplar la utilizaci\u00f3n de alg\u00fan sistema de generaci\u00f3n distribuida proveniente de fuentes renovables\u201d.<\/p>\n<p class=\"x_MsoNormal\">Tozzi explic\u00f3 que \u201cse propicia la autogeneraci\u00f3n de energ\u00eda el\u00e9ctrica a escala domiciliaria, permitiendo la inyecci\u00f3n de los excedentes a la red p\u00fablica de distribuci\u00f3n, para su posterior aprovechamiento y compensaci\u00f3n de costos\u201d.<\/p>\n<p class=\"x_MsoNormal\">El Legislador advirti\u00f3 tambi\u00e9n que la nueva Ley implicar\u00e1 \u201cdejar de utilizar sistemas de bater\u00edas para acumularla para un uso posterior. De este modo se evita, no s\u00f3lo un importante porcentaje del costo inicial de la instalaci\u00f3n, sino tambi\u00e9n el pasivo ambiental vinculado a la corta vida \u00fatil y la contaminaci\u00f3n siempre asociada a las bater\u00edas\u201d.<\/p>\n<p class=\"x_MsoNormal\">El proyecto prev\u00e9 una adhesi\u00f3n plena a la ley nacional 27.424, lo que permite que los usuarios\/generadores de R\u00edo Negro puedan acceder al FODIS, fondo nacional destinado al otorgamiento de pr\u00e9stamos e incentivos dirigidos a la implementaci\u00f3n de sistemas de generaci\u00f3n distribuida y tambi\u00e9n al FANSIGED, r\u00e9gimen de fomento a la fabricaci\u00f3n de equipos e insumos para generaci\u00f3n distribuida.<\/p>\n<p class=\"x_MsoNormal\">Al mismo tiempo se exime de impuestos provinciales, por 5 a\u00f1os, a las actividades, bienes y servicios comprendidos en los beneficios, provenientes del Fondo Fiduciario para el Desarrollo de Generaci\u00f3n Distribuida (FODIS) y del R\u00e9gimen de Fomento para la Fabricaci\u00f3n Nacional de Sistemas, Equipos e Insumos para Generaci\u00f3n Distribuida (FASINGED).<\/p>\n<div>Fuente:<\/div>\n<div class=\"x_moz-signature\"><b>\u00c1rea de Comunicaci\u00f3n y Prensa<br \/>\nBloque de Legisladores<br \/>\nJuntos\u00a0Somos R\u00edo Negro<br \/>\n<a class=\"x_moz-txt-link-freetext\" href=\"http:\/\/bloquejsrn.com.ar\/\" target=\"_blank\" rel=\"noopener noreferrer\" data-auth=\"NotApplicable\">http:\/\/bloquejsrn.com.ar<\/a><br \/>\n<a href=\"mailto:bloquejsrn@legisrn.gov.ar\" target=\"_blank\" rel=\"noopener noreferrer\" data-auth=\"NotApplicable\">bloquejsrn@legisrn.gov.ar<\/a><br \/>\n02920-428980 int. 102<\/b><\/div>\n","protected":false},"excerpt":{"rendered":"<p>Viedma.-Luego de compatibilizar varios proyectos, se unificaron criterios y fue aprobada la Ley provincial que va a regular la Generaci\u00f3n [&hellip;]<\/p>\n","protected":false},"author":2,"featured_media":60646,"comment_status":"open","ping_status":"open","sticky":false,"template":"","format":"standard","meta":{"site-sidebar-layout":"default","site-content-layout":"","ast-site-content-layout":"default","site-content-style":"default","site-sidebar-style":"default","ast-global-header-display":"","ast-banner-title-visibility":"","ast-main-header-display":"","ast-hfb-above-header-display":"","ast-hfb-below-header-display":"","ast-hfb-mobile-header-display":"","site-post-title":"","ast-breadcrumbs-content":"","ast-featured-img":"","footer-sml-layout":"","ast-disable-related-posts":"","theme-transparent-header-meta":"","adv-header-id-meta":"","stick-header-meta":"","header-above-stick-meta":"","header-main-stick-meta":"","header-below-stick-meta":"","astra-migrate-meta-layouts":"default","ast-page-background-enabled":"default","ast-page-background-meta":{"desktop":{"background-color":"var(--ast-global-color-5)","background-image":"","background-repeat":"repeat","background-position":"center center","background-size":"auto","background-attachment":"scroll","background-type":"","background-media":"","overlay-type":"","overlay-color":"","overlay-opacity":"","overlay-gradient":""},"tablet":{"background-color":"","background-image":"","background-repeat":"repeat","background-position":"center center","background-size":"auto","background-attachment":"scroll","background-type":"","background-media":"","overlay-type":"","overlay-color":"","overlay-opacity":"","overlay-gradient":""},"mobile":{"background-color":"","background-image":"","background-repeat":"repeat","background-position":"center center","background-size":"auto","background-attachment":"scroll","background-type":"","background-media":"","overlay-type":"","overlay-color":"","overlay-opacity":"","overlay-gradient":""}},"ast-content-background-meta":{"desktop":{"background-color":"var(--ast-global-color-4)","background-image":"","background-repeat":"repeat","background-position":"center center","background-size":"auto","background-attachment":"scroll","background-type":"","background-media":"","overlay-type":"","overlay-color":"","overlay-opacity":"","overlay-gradient":""},"tablet":{"background-color":"var(--ast-global-color-4)","background-image":"","background-repeat":"repeat","background-position":"center center","background-size":"auto","background-attachment":"scroll","background-type":"","background-media":"","overlay-type":"","overlay-color":"","overlay-opacity":"","overlay-gradient":""},"mobile":{"background-color":"var(--ast-global-color-4)","background-image":"","background-repeat":"repeat","background-position":"center center","background-size":"auto","background-attachment":"scroll","background-type":"","background-media":"","overlay-type":"","overlay-color":"","overlay-opacity":"","overlay-gradient":""}},"footnotes":""},"categories":[1,13,14],"tags":[],"class_list":["post-60645","post","type-post","status-publish","format-standard","has-post-thumbnail","hentry","category-noticias","category-provinciales","category-rio-negro"],"yoast_head":"<!-- This site is optimized with the Yoast SEO Premium plugin v23.0 (Yoast SEO v27.5) - https:\/\/yoast.com\/product\/yoast-seo-premium-wordpress\/ -->\n<title>VIEDMA: SER\u00c1N RECONOCIDOS Y COMPENSADOS LOS PARTICULAES QUE GENEREN ENERG\u00cdA<\/title>\n<meta name=\"robots\" content=\"index, follow, max-snippet:-1, max-image-preview:large, max-video-preview:-1\" \/>\n<link rel=\"canonical\" href=\"https:\/\/patagoniambiental.com.ar\/info\/viedma-seran-reconocidos-y-compensados-los-particulaes-que-generen-energia\/\" \/>\n<meta property=\"og:locale\" content=\"es_ES\" \/>\n<meta property=\"og:type\" content=\"article\" \/>\n<meta property=\"og:title\" content=\"VIEDMA: SER\u00c1N RECONOCIDOS Y COMPENSADOS LOS PARTICULAES QUE GENEREN ENERG\u00cdA\" \/>\n<meta property=\"og:description\" content=\"Viedma.-Luego de compatibilizar varios proyectos, se unificaron criterios y fue aprobada la Ley provincial que va a regular la Generaci\u00f3n [&hellip;]\" \/>\n<meta property=\"og:url\" content=\"https:\/\/patagoniambiental.com.ar\/info\/viedma-seran-reconocidos-y-compensados-los-particulaes-que-generen-energia\/\" \/>\n<meta property=\"og:site_name\" content=\"Patagonia Ambiental\" \/>\n<meta property=\"article:publisher\" content=\"https:\/\/www.facebook.com\/patagonia.ambiental\" \/>\n<meta property=\"article:author\" content=\"https:\/\/www.facebook.com\/share\/1C1V8Gv9BX\/?mibextid=qi2Omg\" \/>\n<meta property=\"article:published_time\" content=\"2019-04-26T22:00:00+00:00\" \/>\n<meta property=\"og:image\" content=\"https:\/\/patagoniambiental.com.ar\/info\/wp-content\/uploads\/2019\/04\/thumbnail_DSC_0181.jpg\" \/>\n\t<meta property=\"og:image:width\" content=\"1280\" \/>\n\t<meta property=\"og:image:height\" content=\"855\" \/>\n\t<meta property=\"og:image:type\" content=\"image\/jpeg\" \/>\n<meta name=\"author\" content=\"Patagonia Ambiental\" \/>\n<meta name=\"twitter:card\" content=\"summary_large_image\" \/>\n<meta name=\"twitter:creator\" content=\"@PatAmb\" \/>\n<meta name=\"twitter:site\" content=\"@PatAmb\" \/>\n<script type=\"application\/ld+json\" class=\"yoast-schema-graph\">{\"@context\":\"https:\\\/\\\/schema.org\",\"@graph\":[{\"@type\":\"Article\",\"@id\":\"https:\\\/\\\/patagoniambiental.com.ar\\\/info\\\/viedma-seran-reconocidos-y-compensados-los-particulaes-que-generen-energia\\\/#article\",\"isPartOf\":{\"@id\":\"https:\\\/\\\/patagoniambiental.com.ar\\\/info\\\/viedma-seran-reconocidos-y-compensados-los-particulaes-que-generen-energia\\\/\"},\"author\":{\"name\":\"Patagonia Ambiental\",\"@id\":\"https:\\\/\\\/patagoniambiental.com.ar\\\/info\\\/#\\\/schema\\\/person\\\/db12bff64bbcbf6a253710bf0ea37b5d\"},\"headline\":\"VIEDMA: SER\u00c1N RECONOCIDOS Y COMPENSADOS LOS PARTICULAES QUE GENEREN ENERG\u00cdA\",\"datePublished\":\"2019-04-26T22:00:00+00:00\",\"mainEntityOfPage\":{\"@id\":\"https:\\\/\\\/patagoniambiental.com.ar\\\/info\\\/viedma-seran-reconocidos-y-compensados-los-particulaes-que-generen-energia\\\/\"},\"wordCount\":567,\"commentCount\":0,\"publisher\":{\"@id\":\"https:\\\/\\\/patagoniambiental.com.ar\\\/info\\\/#organization\"},\"image\":{\"@id\":\"https:\\\/\\\/patagoniambiental.com.ar\\\/info\\\/viedma-seran-reconocidos-y-compensados-los-particulaes-que-generen-energia\\\/#primaryimage\"},\"thumbnailUrl\":\"https:\\\/\\\/patagoniambiental.com.ar\\\/info\\\/wp-content\\\/uploads\\\/2019\\\/04\\\/thumbnail_DSC_0181.jpg\",\"articleSection\":[\"Noticias\",\"Provinciales\",\"R\u00edo Negro\"],\"inLanguage\":\"es\",\"potentialAction\":[{\"@type\":\"CommentAction\",\"name\":\"Comment\",\"target\":[\"https:\\\/\\\/patagoniambiental.com.ar\\\/info\\\/viedma-seran-reconocidos-y-compensados-los-particulaes-que-generen-energia\\\/#respond\"]}]},{\"@type\":\"WebPage\",\"@id\":\"https:\\\/\\\/patagoniambiental.com.ar\\\/info\\\/viedma-seran-reconocidos-y-compensados-los-particulaes-que-generen-energia\\\/\",\"url\":\"https:\\\/\\\/patagoniambiental.com.ar\\\/info\\\/viedma-seran-reconocidos-y-compensados-los-particulaes-que-generen-energia\\\/\",\"name\":\"VIEDMA: SER\u00c1N RECONOCIDOS Y COMPENSADOS LOS PARTICULAES QUE GENEREN ENERG\u00cdA\",\"isPartOf\":{\"@id\":\"https:\\\/\\\/patagoniambiental.com.ar\\\/info\\\/#website\"},\"primaryImageOfPage\":{\"@id\":\"https:\\\/\\\/patagoniambiental.com.ar\\\/info\\\/viedma-seran-reconocidos-y-compensados-los-particulaes-que-generen-energia\\\/#primaryimage\"},\"image\":{\"@id\":\"https:\\\/\\\/patagoniambiental.com.ar\\\/info\\\/viedma-seran-reconocidos-y-compensados-los-particulaes-que-generen-energia\\\/#primaryimage\"},\"thumbnailUrl\":\"https:\\\/\\\/patagoniambiental.com.ar\\\/info\\\/wp-content\\\/uploads\\\/2019\\\/04\\\/thumbnail_DSC_0181.jpg\",\"datePublished\":\"2019-04-26T22:00:00+00:00\",\"breadcrumb\":{\"@id\":\"https:\\\/\\\/patagoniambiental.com.ar\\\/info\\\/viedma-seran-reconocidos-y-compensados-los-particulaes-que-generen-energia\\\/#breadcrumb\"},\"inLanguage\":\"es\",\"potentialAction\":[{\"@type\":\"ReadAction\",\"target\":[\"https:\\\/\\\/patagoniambiental.com.ar\\\/info\\\/viedma-seran-reconocidos-y-compensados-los-particulaes-que-generen-energia\\\/\"]}]},{\"@type\":\"ImageObject\",\"inLanguage\":\"es\",\"@id\":\"https:\\\/\\\/patagoniambiental.com.ar\\\/info\\\/viedma-seran-reconocidos-y-compensados-los-particulaes-que-generen-energia\\\/#primaryimage\",\"url\":\"https:\\\/\\\/patagoniambiental.com.ar\\\/info\\\/wp-content\\\/uploads\\\/2019\\\/04\\\/thumbnail_DSC_0181.jpg\",\"contentUrl\":\"https:\\\/\\\/patagoniambiental.com.ar\\\/info\\\/wp-content\\\/uploads\\\/2019\\\/04\\\/thumbnail_DSC_0181.jpg\",\"width\":898,\"height\":600},{\"@type\":\"BreadcrumbList\",\"@id\":\"https:\\\/\\\/patagoniambiental.com.ar\\\/info\\\/viedma-seran-reconocidos-y-compensados-los-particulaes-que-generen-energia\\\/#breadcrumb\",\"itemListElement\":[{\"@type\":\"ListItem\",\"position\":1,\"name\":\"Inicio\",\"item\":\"https:\\\/\\\/patagoniambiental.com.ar\\\/info\\\/\"},{\"@type\":\"ListItem\",\"position\":2,\"name\":\"VIEDMA: SER\u00c1N RECONOCIDOS Y COMPENSADOS LOS PARTICULAES QUE GENEREN ENERG\u00cdA\"}]},{\"@type\":\"WebSite\",\"@id\":\"https:\\\/\\\/patagoniambiental.com.ar\\\/info\\\/#website\",\"url\":\"https:\\\/\\\/patagoniambiental.com.ar\\\/info\\\/\",\"name\":\"Patagonia Ambiental\",\"description\":\"Monitoreo y an\u00e1lisis de la situaci\u00f3n geopol\u00edtica en el mundo y su implicancia en la Patagonia\",\"publisher\":{\"@id\":\"https:\\\/\\\/patagoniambiental.com.ar\\\/info\\\/#organization\"},\"potentialAction\":[{\"@type\":\"SearchAction\",\"target\":{\"@type\":\"EntryPoint\",\"urlTemplate\":\"https:\\\/\\\/patagoniambiental.com.ar\\\/info\\\/?s={search_term_string}\"},\"query-input\":{\"@type\":\"PropertyValueSpecification\",\"valueRequired\":true,\"valueName\":\"search_term_string\"}}],\"inLanguage\":\"es\"},{\"@type\":\"Organization\",\"@id\":\"https:\\\/\\\/patagoniambiental.com.ar\\\/info\\\/#organization\",\"name\":\"Patagonia Ambiental\",\"url\":\"https:\\\/\\\/patagoniambiental.com.ar\\\/info\\\/\",\"logo\":{\"@type\":\"ImageObject\",\"inLanguage\":\"es\",\"@id\":\"https:\\\/\\\/patagoniambiental.com.ar\\\/info\\\/#\\\/schema\\\/logo\\\/image\\\/\",\"url\":\"https:\\\/\\\/patagoniambiental.com.ar\\\/info\\\/wp-content\\\/uploads\\\/2025\\\/05\\\/LOGO-PATAGONIA-AMBIENTAL.png\",\"contentUrl\":\"https:\\\/\\\/patagoniambiental.com.ar\\\/info\\\/wp-content\\\/uploads\\\/2025\\\/05\\\/LOGO-PATAGONIA-AMBIENTAL.png\",\"width\":433,\"height\":250,\"caption\":\"Patagonia Ambiental\"},\"image\":{\"@id\":\"https:\\\/\\\/patagoniambiental.com.ar\\\/info\\\/#\\\/schema\\\/logo\\\/image\\\/\"},\"sameAs\":[\"https:\\\/\\\/www.facebook.com\\\/patagonia.ambiental\",\"https:\\\/\\\/x.com\\\/PatAmb\"]},{\"@type\":\"Person\",\"@id\":\"https:\\\/\\\/patagoniambiental.com.ar\\\/info\\\/#\\\/schema\\\/person\\\/db12bff64bbcbf6a253710bf0ea37b5d\",\"name\":\"Patagonia Ambiental\",\"description\":\"Andr\u00e9s Nievas T\u00e9cnico en manejo ambiental, consultor Ambiental y escritor para medios locales e internacionales sobre temas de geopolitica y medio ambiente.\",\"sameAs\":[\"http:\\\/\\\/www.patagoniambiental.com.ar\",\"https:\\\/\\\/www.facebook.com\\\/share\\\/1C1V8Gv9BX\\\/?mibextid=qi2Omg\",\"@patagoniambiental\",\"https:\\\/\\\/youtube.com\\\/@patagoniaambiental2023?si=BLt58t0wuXquxlYZ\"]}]}<\/script>\n<!-- \/ Yoast SEO Premium plugin. -->","yoast_head_json":{"title":"VIEDMA: SER\u00c1N RECONOCIDOS Y COMPENSADOS LOS PARTICULAES QUE GENEREN ENERG\u00cdA","robots":{"index":"index","follow":"follow","max-snippet":"max-snippet:-1","max-image-preview":"max-image-preview:large","max-video-preview":"max-video-preview:-1"},"canonical":"https:\/\/patagoniambiental.com.ar\/info\/viedma-seran-reconocidos-y-compensados-los-particulaes-que-generen-energia\/","og_locale":"es_ES","og_type":"article","og_title":"VIEDMA: SER\u00c1N RECONOCIDOS Y COMPENSADOS LOS PARTICULAES QUE GENEREN ENERG\u00cdA","og_description":"Viedma.-Luego de compatibilizar varios proyectos, se unificaron criterios y fue aprobada la Ley provincial que va a regular la Generaci\u00f3n [&hellip;]","og_url":"https:\/\/patagoniambiental.com.ar\/info\/viedma-seran-reconocidos-y-compensados-los-particulaes-que-generen-energia\/","og_site_name":"Patagonia Ambiental","article_publisher":"https:\/\/www.facebook.com\/patagonia.ambiental","article_author":"https:\/\/www.facebook.com\/share\/1C1V8Gv9BX\/?mibextid=qi2Omg","article_published_time":"2019-04-26T22:00:00+00:00","og_image":[{"width":1280,"height":855,"url":"https:\/\/patagoniambiental.com.ar\/info\/wp-content\/uploads\/2019\/04\/thumbnail_DSC_0181.jpg","type":"image\/jpeg"}],"author":"Patagonia Ambiental","twitter_card":"summary_large_image","twitter_creator":"@PatAmb","twitter_site":"@PatAmb","schema":{"@context":"https:\/\/schema.org","@graph":[{"@type":"Article","@id":"https:\/\/patagoniambiental.com.ar\/info\/viedma-seran-reconocidos-y-compensados-los-particulaes-que-generen-energia\/#article","isPartOf":{"@id":"https:\/\/patagoniambiental.com.ar\/info\/viedma-seran-reconocidos-y-compensados-los-particulaes-que-generen-energia\/"},"author":{"name":"Patagonia Ambiental","@id":"https:\/\/patagoniambiental.com.ar\/info\/#\/schema\/person\/db12bff64bbcbf6a253710bf0ea37b5d"},"headline":"VIEDMA: SER\u00c1N RECONOCIDOS Y COMPENSADOS LOS PARTICULAES QUE GENEREN ENERG\u00cdA","datePublished":"2019-04-26T22:00:00+00:00","mainEntityOfPage":{"@id":"https:\/\/patagoniambiental.com.ar\/info\/viedma-seran-reconocidos-y-compensados-los-particulaes-que-generen-energia\/"},"wordCount":567,"commentCount":0,"publisher":{"@id":"https:\/\/patagoniambiental.com.ar\/info\/#organization"},"image":{"@id":"https:\/\/patagoniambiental.com.ar\/info\/viedma-seran-reconocidos-y-compensados-los-particulaes-que-generen-energia\/#primaryimage"},"thumbnailUrl":"https:\/\/patagoniambiental.com.ar\/info\/wp-content\/uploads\/2019\/04\/thumbnail_DSC_0181.jpg","articleSection":["Noticias","Provinciales","R\u00edo Negro"],"inLanguage":"es","potentialAction":[{"@type":"CommentAction","name":"Comment","target":["https:\/\/patagoniambiental.com.ar\/info\/viedma-seran-reconocidos-y-compensados-los-particulaes-que-generen-energia\/#respond"]}]},{"@type":"WebPage","@id":"https:\/\/patagoniambiental.com.ar\/info\/viedma-seran-reconocidos-y-compensados-los-particulaes-que-generen-energia\/","url":"https:\/\/patagoniambiental.com.ar\/info\/viedma-seran-reconocidos-y-compensados-los-particulaes-que-generen-energia\/","name":"VIEDMA: SER\u00c1N RECONOCIDOS Y COMPENSADOS LOS PARTICULAES QUE GENEREN ENERG\u00cdA","isPartOf":{"@id":"https:\/\/patagoniambiental.com.ar\/info\/#website"},"primaryImageOfPage":{"@id":"https:\/\/patagoniambiental.com.ar\/info\/viedma-seran-reconocidos-y-compensados-los-particulaes-que-generen-energia\/#primaryimage"},"image":{"@id":"https:\/\/patagoniambiental.com.ar\/info\/viedma-seran-reconocidos-y-compensados-los-particulaes-que-generen-energia\/#primaryimage"},"thumbnailUrl":"https:\/\/patagoniambiental.com.ar\/info\/wp-content\/uploads\/2019\/04\/thumbnail_DSC_0181.jpg","datePublished":"2019-04-26T22:00:00+00:00","breadcrumb":{"@id":"https:\/\/patagoniambiental.com.ar\/info\/viedma-seran-reconocidos-y-compensados-los-particulaes-que-generen-energia\/#breadcrumb"},"inLanguage":"es","potentialAction":[{"@type":"ReadAction","target":["https:\/\/patagoniambiental.com.ar\/info\/viedma-seran-reconocidos-y-compensados-los-particulaes-que-generen-energia\/"]}]},{"@type":"ImageObject","inLanguage":"es","@id":"https:\/\/patagoniambiental.com.ar\/info\/viedma-seran-reconocidos-y-compensados-los-particulaes-que-generen-energia\/#primaryimage","url":"https:\/\/patagoniambiental.com.ar\/info\/wp-content\/uploads\/2019\/04\/thumbnail_DSC_0181.jpg","contentUrl":"https:\/\/patagoniambiental.com.ar\/info\/wp-content\/uploads\/2019\/04\/thumbnail_DSC_0181.jpg","width":898,"height":600},{"@type":"BreadcrumbList","@id":"https:\/\/patagoniambiental.com.ar\/info\/viedma-seran-reconocidos-y-compensados-los-particulaes-que-generen-energia\/#breadcrumb","itemListElement":[{"@type":"ListItem","position":1,"name":"Inicio","item":"https:\/\/patagoniambiental.com.ar\/info\/"},{"@type":"ListItem","position":2,"name":"VIEDMA: SER\u00c1N RECONOCIDOS Y COMPENSADOS LOS PARTICULAES QUE GENEREN ENERG\u00cdA"}]},{"@type":"WebSite","@id":"https:\/\/patagoniambiental.com.ar\/info\/#website","url":"https:\/\/patagoniambiental.com.ar\/info\/","name":"Patagonia Ambiental","description":"Monitoreo y an\u00e1lisis de la situaci\u00f3n geopol\u00edtica en el mundo y su implicancia en la Patagonia","publisher":{"@id":"https:\/\/patagoniambiental.com.ar\/info\/#organization"},"potentialAction":[{"@type":"SearchAction","target":{"@type":"EntryPoint","urlTemplate":"https:\/\/patagoniambiental.com.ar\/info\/?s={search_term_string}"},"query-input":{"@type":"PropertyValueSpecification","valueRequired":true,"valueName":"search_term_string"}}],"inLanguage":"es"},{"@type":"Organization","@id":"https:\/\/patagoniambiental.com.ar\/info\/#organization","name":"Patagonia Ambiental","url":"https:\/\/patagoniambiental.com.ar\/info\/","logo":{"@type":"ImageObject","inLanguage":"es","@id":"https:\/\/patagoniambiental.com.ar\/info\/#\/schema\/logo\/image\/","url":"https:\/\/patagoniambiental.com.ar\/info\/wp-content\/uploads\/2025\/05\/LOGO-PATAGONIA-AMBIENTAL.png","contentUrl":"https:\/\/patagoniambiental.com.ar\/info\/wp-content\/uploads\/2025\/05\/LOGO-PATAGONIA-AMBIENTAL.png","width":433,"height":250,"caption":"Patagonia Ambiental"},"image":{"@id":"https:\/\/patagoniambiental.com.ar\/info\/#\/schema\/logo\/image\/"},"sameAs":["https:\/\/www.facebook.com\/patagonia.ambiental","https:\/\/x.com\/PatAmb"]},{"@type":"Person","@id":"https:\/\/patagoniambiental.com.ar\/info\/#\/schema\/person\/db12bff64bbcbf6a253710bf0ea37b5d","name":"Patagonia Ambiental","description":"Andr\u00e9s Nievas T\u00e9cnico en manejo ambiental, consultor Ambiental y escritor para medios locales e internacionales sobre temas de geopolitica y medio ambiente.","sameAs":["http:\/\/www.patagoniambiental.com.ar","https:\/\/www.facebook.com\/share\/1C1V8Gv9BX\/?mibextid=qi2Omg","@patagoniambiental","https:\/\/youtube.com\/@patagoniaambiental2023?si=BLt58t0wuXquxlYZ"]}]}},"_links":{"self":[{"href":"https:\/\/patagoniambiental.com.ar\/info\/wp-json\/wp\/v2\/posts\/60645","targetHints":{"allow":["GET"]}}],"collection":[{"href":"https:\/\/patagoniambiental.com.ar\/info\/wp-json\/wp\/v2\/posts"}],"about":[{"href":"https:\/\/patagoniambiental.com.ar\/info\/wp-json\/wp\/v2\/types\/post"}],"author":[{"embeddable":true,"href":"https:\/\/patagoniambiental.com.ar\/info\/wp-json\/wp\/v2\/users\/2"}],"replies":[{"embeddable":true,"href":"https:\/\/patagoniambiental.com.ar\/info\/wp-json\/wp\/v2\/comments?post=60645"}],"version-history":[{"count":0,"href":"https:\/\/patagoniambiental.com.ar\/info\/wp-json\/wp\/v2\/posts\/60645\/revisions"}],"wp:featuredmedia":[{"embeddable":true,"href":"https:\/\/patagoniambiental.com.ar\/info\/wp-json\/wp\/v2\/media\/60646"}],"wp:attachment":[{"href":"https:\/\/patagoniambiental.com.ar\/info\/wp-json\/wp\/v2\/media?parent=60645"}],"wp:term":[{"taxonomy":"category","embeddable":true,"href":"https:\/\/patagoniambiental.com.ar\/info\/wp-json\/wp\/v2\/categories?post=60645"},{"taxonomy":"post_tag","embeddable":true,"href":"https:\/\/patagoniambiental.com.ar\/info\/wp-json\/wp\/v2\/tags?post=60645"}],"curies":[{"name":"wp","href":"https:\/\/api.w.org\/{rel}","templated":true}]}}