{"id":60693,"date":"2019-04-30T07:00:34","date_gmt":"2019-04-30T10:00:34","guid":{"rendered":"http:\/\/patagoniambiental.com.ar\/info\/?p=60693"},"modified":"2019-04-29T13:25:54","modified_gmt":"2019-04-29T16:25:54","slug":"gobierno-de-tierra-del-fuego-adquirio-equipamiento-y-tecnologia-para-la-prevencion-de-incendios-forestales-y-la-industrializacion-de-la-lenga","status":"publish","type":"post","link":"https:\/\/patagoniambiental.com.ar\/info\/gobierno-de-tierra-del-fuego-adquirio-equipamiento-y-tecnologia-para-la-prevencion-de-incendios-forestales-y-la-industrializacion-de-la-lenga\/","title":{"rendered":"Gobierno de Tierra del Fuego adquiri\u00f3 equipamiento y tecnolog\u00eda para la prevenci\u00f3n de incendios forestales y la industrializaci\u00f3n de la lenga"},"content":{"rendered":"<div class=\"container\">\n<div class=\"col-md-12 col-sm-12 col-xs-12 margen-section\">\n<p class=\"titulo-noti1 encodeB\">Tierra del Fuego, AIAS.-El secretario de Ambiente Mauro P\u00e9rez Toscani remarc\u00f3 que \u201cseguimos incorporando equipamiento para la lucha contra incendios forestales en toda la provincia y tambi\u00e9n llevamos adelante un amplio trabajo con el Municipio de Tolhuin en proyectos de desarrollo, uso sostenible y conservaci\u00f3n de nuestros bosques nativos como parte de la Pol\u00edtica Ambiental que defini\u00f3 nuestra gobernadora Bertone\u201d.<\/p>\n<\/div>\n<\/div>\n<p><!--more--><\/p>\n<div class=\"container \">\n<div class=\"col-md-8 col-sm-12 col-xs-12 margen-section\">\n<div class=\"col-md-6 col-sm-8 col-xs-12 text-left\"><\/div>\n<div class=\"hr4\"><\/div>\n<div class=\"col-md-12 col-sm-12\"><img decoding=\"async\" class=\"img-responsive text-center center-img\" src=\"http:\/\/www.sur54.com\/data\/upload\/news\/037f495b38bf113066635bbcfd6ade66-1000incendios_forestales_drone.jpg\" \/><\/p>\n<div class=\"space\"><\/div>\n<div class=\"col-md-12 col-sm-12 col-xs-12 text-center\"><\/div>\n<div class=\"sofia copete\">\n<p>En el marco del convenio firmado entre el Gobierno de Tierra del Fuego, a trav\u00e9s de la Secretar\u00eda de Ambiente, Desarrollo sostenible y Cambio Clim\u00e1tico, el Ministerio de Agricultura, Ganader\u00eda y Pesca, el Ministerio de Ciencia y Tecnolog\u00eda y el Ministerio de Producci\u00f3n con el Centro de Investigaci\u00f3n y Extensi\u00f3n Forestal Andino Patag\u00f3nico (CIEFAP), se realiz\u00f3 en la Casa de la Cultura del Municipio de Tolhuin una Mesa de Trabajo para presentar los avances que se est\u00e1n realizando y los prototipos de proyectos vinculados a la incorporaci\u00f3n de tecnolog\u00eda en la prevenci\u00f3n de incendios forestales, como as\u00ed tambi\u00e9n para aumentar el valor agregado en el uso forestal del bosque de lenga.<\/p>\n<p>Estuvieron presentes en la presentaci\u00f3n el secretario de Ambiente Mauro P\u00e9rez Toscani; el ministro de Ciencia y Tecnolog\u00eda Daniel Martinioni y el intendente de Tolhuin Claudio Queno. Adem\u00e1s, participaron en la demostraci\u00f3n del equipo autoridades del CIEFAP: el Dr. Jos\u00e9 Daniel Lencinas, Director Ejecutivo y Msc. Brigitte Van den Hedeen, Subsecretaria de Ciencia y T\u00e9cnica de la provincia de R\u00edo Negro, Coordinadora de Delegaciones provinciales del CIEFAP.<\/p>\n<p>Como parte del Proyecto \u201cTecnolog\u00edas Aplicadas al Monitoreo y Gesti\u00f3n del Riesgo de Incendios Forestales en las provincias de Rio Negro, Neuqu\u00e9n y Tierra del Fuego A.E I.A.S.\u201d, con la coordinaci\u00f3n t\u00e9cnica del CIEFAP; se present\u00f3 el equipamiento gestionado ante el Consejo Federal de Ciencia y T\u00e9cnica (COFECyT) en conjunto por el MCyT y la SADSyCC, ambas carteras del gobierno de Tierra del Fuego.<\/p>\n<p>Este moderno equipamiento posee tecnolog\u00eda que ser\u00e1 de gran utilidad para la detecci\u00f3n temprana de focos de incendio y la actuaci\u00f3n eficiente al momento del evento.\u00a0<span class=\"marker\">Consiste en un drone &#8211; VANT (veh\u00edculo a\u00e9reo no tripulado) F\u00e9nix 3d y radio controles asociados, con c\u00e1mara t\u00e9rmica y \u00f3ptica integrada, una PC port\u00e1til todo terreno\u00a0<\/span>(tipo Dell-Rugged); y una torre de observaci\u00f3n para interfase con c\u00e1mara 360\u00b0 y monitores de visualizaci\u00f3n para el Centro de Control en Tolhuin.<\/p>\n<p>Haciendo uso de las nuevas tecnolog\u00edas de comunicaci\u00f3n en el cuidado de los espacios naturales, y de esta forma lograr una comunicaci\u00f3n proactiva con la ciudadan\u00eda y turistas que visiten los ambientes naturales de nuestra provincia,<span class=\"marker\">\u00a0tambi\u00e9n se present\u00f3 la aplicaci\u00f3n Ambiente TDF (App) para tel\u00e9fonos m\u00f3vil.<\/span>\u00a0Esta App se utilizar\u00e1 para difundir el \u00cdndice de Peligro de Incendios Forestales, sitios habilitados para hacer fuego, informaci\u00f3n de pesca deportiva y \u00a0\u00c1reas Protegidas Provinciales. La App ha sido desarrollada en el marco del \u201cPlan de Prevenci\u00f3n de Incendios Forestales en \u00c1reas Naturales de Uso Recreativo\u201d, \u00a0y la realiz\u00f3 la Secretaria de Ambiente, Desarrollo Sostenible y Cambio Clim\u00e1tico, con fondos de la Ley Nacional de Bosques.<\/p>\n<p>Simult\u00e1neamente,<span class=\"marker\">\u00a0se present\u00f3 el Proyecto de dos prototipos de Viviendas Bioclim\u00e1ticas, bajo dise\u00f1o y construcci\u00f3n sustentable en madera de lenga, con eficiencia energ\u00e9tica y optimizaci\u00f3n de sistema constructivo<\/span>, atendiendo a la demanda del Municipio de Tolhuin, (Subsecretar\u00eda de Producci\u00f3n), quienes ser\u00edan los beneficiarios de los productos obtenidos. Este proyecto se enmarca en un acuerdo de trabajo entre la Universidad Nacional de Tierral del Fuego (UNTDF), el CIEFAP y el Gobierno de Tierra del Fuego a trav\u00e9s de la Secretaria de Ambiente, Desarrollo Sostenible y Cambio Clim\u00e1tico.<\/p>\n<p>Asimismo, se trabaj\u00f3 en la visi\u00f3n estrat\u00e9gica institucional de la Delegaci\u00f3n Tolhuin del CIEFAP, teniendo en cuenta el aumento del empleo y la participaci\u00f3n del sector en el PGB provincial con base en uso sustentable del bosque mediante valor local. De la misma manera, se llevar\u00e1 adelante entre los objetivos; la transferencia tecnol\u00f3gica y el desarrollo e investigaci\u00f3n sobre tecnolog\u00edas para el sector forestal de Tierra del Fuego.<\/p>\n<p><span class=\"marker\">El CIEFAP es el Centro investigaci\u00f3n, Innovaci\u00f3n y Desarrollo Tecnol\u00f3gico m\u00e1s importante de la Patagonia<\/span>. Su objetivo es contribuir al desarrollo sostenible de la regi\u00f3n patag\u00f3nica, poniendo en valor el potencial de su capital humano y sus recursos naturales renovables. Es un organismo aut\u00e1rquico interjurisdiccional creado en 1988, por iniciativa de las Provincias de Neuqu\u00e9n, R\u00edo Negro, Chubut y Tierra del Fuego, la Universidad Nacional de la Patagonia San Juan Bosco (UNPSJB) y la Universidad Nacional del Comahue (UNC).<\/p>\n<p>Fuente:\u00a0http:\/\/www.sur54.com\/gobierno_adquirio_equipamiento_y_tecnologia_para_la_prevencion_de_incendios_forestales_y_la_industrializacion_de_la_lenga?fbclid=IwAR2P8v9sJdMsYM6hEtgUYly2rwYsD48xtx3DAJoXDIQTT57ZZbZlunMx0sU<\/p>\n<\/div>\n<\/div>\n<\/div>\n<\/div>\n","protected":false},"excerpt":{"rendered":"<p>Tierra del Fuego, AIAS.-El secretario de Ambiente Mauro P\u00e9rez Toscani remarc\u00f3 que \u201cseguimos incorporando equipamiento para la lucha contra incendios [&hellip;]<\/p>\n","protected":false},"author":2,"featured_media":60694,"comment_status":"open","ping_status":"open","sticky":false,"template":"","format":"standard","meta":{"site-sidebar-layout":"default","site-content-layout":"","ast-site-content-layout":"default","site-content-style":"default","site-sidebar-style":"default","ast-global-header-display":"","ast-banner-title-visibility":"","ast-main-header-display":"","ast-hfb-above-header-display":"","ast-hfb-below-header-display":"","ast-hfb-mobile-header-display":"","site-post-title":"","ast-breadcrumbs-content":"","ast-featured-img":"","footer-sml-layout":"","ast-disable-related-posts":"","theme-transparent-header-meta":"","adv-header-id-meta":"","stick-header-meta":"","header-above-stick-meta":"","header-main-stick-meta":"","header-below-stick-meta":"","astra-migrate-meta-layouts":"default","ast-page-background-enabled":"default","ast-page-background-meta":{"desktop":{"background-color":"var(--ast-global-color-5)","background-image":"","background-repeat":"repeat","background-position":"center center","background-size":"auto","background-attachment":"scroll","background-type":"","background-media":"","overlay-type":"","overlay-color":"","overlay-opacity":"","overlay-gradient":""},"tablet":{"background-color":"","background-image":"","background-repeat":"repeat","background-position":"center center","background-size":"auto","background-attachment":"scroll","background-type":"","background-media":"","overlay-type":"","overlay-color":"","overlay-opacity":"","overlay-gradient":""},"mobile":{"background-color":"","background-image":"","background-repeat":"repeat","background-position":"center center","background-size":"auto","background-attachment":"scroll","background-type":"","background-media":"","overlay-type":"","overlay-color":"","overlay-opacity":"","overlay-gradient":""}},"ast-content-background-meta":{"desktop":{"background-color":"var(--ast-global-color-4)","background-image":"","background-repeat":"repeat","background-position":"center center","background-size":"auto","background-attachment":"scroll","background-type":"","background-media":"","overlay-type":"","overlay-color":"","overlay-opacity":"","overlay-gradient":""},"tablet":{"background-color":"var(--ast-global-color-4)","background-image":"","background-repeat":"repeat","background-position":"center center","background-size":"auto","background-attachment":"scroll","background-type":"","background-media":"","overlay-type":"","overlay-color":"","overlay-opacity":"","overlay-gradient":""},"mobile":{"background-color":"var(--ast-global-color-4)","background-image":"","background-repeat":"repeat","background-position":"center center","background-size":"auto","background-attachment":"scroll","background-type":"","background-media":"","overlay-type":"","overlay-color":"","overlay-opacity":"","overlay-gradient":""}},"footnotes":""},"categories":[1,13,25],"tags":[],"class_list":["post-60693","post","type-post","status-publish","format-standard","has-post-thumbnail","hentry","category-noticias","category-provinciales","category-tierra-del-fuego"],"yoast_head":"<!-- This site is optimized with the Yoast SEO Premium plugin v23.0 (Yoast SEO v27.5) - https:\/\/yoast.com\/product\/yoast-seo-premium-wordpress\/ -->\n<title>Gobierno de Tierra del Fuego adquiri\u00f3 equipamiento y tecnolog\u00eda para la prevenci\u00f3n de incendios forestales y la industrializaci\u00f3n de la lenga<\/title>\n<meta name=\"robots\" content=\"index, follow, max-snippet:-1, max-image-preview:large, max-video-preview:-1\" \/>\n<link rel=\"canonical\" href=\"https:\/\/patagoniambiental.com.ar\/info\/gobierno-de-tierra-del-fuego-adquirio-equipamiento-y-tecnologia-para-la-prevencion-de-incendios-forestales-y-la-industrializacion-de-la-lenga\/\" \/>\n<meta property=\"og:locale\" content=\"es_ES\" \/>\n<meta property=\"og:type\" content=\"article\" \/>\n<meta property=\"og:title\" content=\"Gobierno de Tierra del Fuego adquiri\u00f3 equipamiento y tecnolog\u00eda para la prevenci\u00f3n de incendios forestales y la industrializaci\u00f3n de la lenga\" \/>\n<meta property=\"og:description\" content=\"Tierra del Fuego, AIAS.-El secretario de Ambiente Mauro P\u00e9rez Toscani remarc\u00f3 que \u201cseguimos incorporando equipamiento para la lucha contra incendios [&hellip;]\" \/>\n<meta property=\"og:url\" content=\"https:\/\/patagoniambiental.com.ar\/info\/gobierno-de-tierra-del-fuego-adquirio-equipamiento-y-tecnologia-para-la-prevencion-de-incendios-forestales-y-la-industrializacion-de-la-lenga\/\" \/>\n<meta property=\"og:site_name\" content=\"Patagonia Ambiental\" \/>\n<meta property=\"article:publisher\" content=\"https:\/\/www.facebook.com\/patagonia.ambiental\" \/>\n<meta property=\"article:author\" content=\"https:\/\/www.facebook.com\/share\/1C1V8Gv9BX\/?mibextid=qi2Omg\" \/>\n<meta property=\"article:published_time\" content=\"2019-04-30T10:00:34+00:00\" \/>\n<meta property=\"og:image\" content=\"https:\/\/patagoniambiental.com.ar\/info\/wp-content\/uploads\/2019\/04\/037f495b38bf113066635bbcfd6ade66-1000incendios_forestales_drone.jpg\" \/>\n\t<meta property=\"og:image:width\" content=\"1000\" \/>\n\t<meta property=\"og:image:height\" content=\"667\" \/>\n\t<meta property=\"og:image:type\" content=\"image\/jpeg\" \/>\n<meta name=\"author\" content=\"Patagonia Ambiental\" \/>\n<meta name=\"twitter:card\" content=\"summary_large_image\" \/>\n<meta name=\"twitter:creator\" content=\"@PatAmb\" \/>\n<meta name=\"twitter:site\" content=\"@PatAmb\" \/>\n<script type=\"application\/ld+json\" class=\"yoast-schema-graph\">{\"@context\":\"https:\\\/\\\/schema.org\",\"@graph\":[{\"@type\":\"Article\",\"@id\":\"https:\\\/\\\/patagoniambiental.com.ar\\\/info\\\/gobierno-de-tierra-del-fuego-adquirio-equipamiento-y-tecnologia-para-la-prevencion-de-incendios-forestales-y-la-industrializacion-de-la-lenga\\\/#article\",\"isPartOf\":{\"@id\":\"https:\\\/\\\/patagoniambiental.com.ar\\\/info\\\/gobierno-de-tierra-del-fuego-adquirio-equipamiento-y-tecnologia-para-la-prevencion-de-incendios-forestales-y-la-industrializacion-de-la-lenga\\\/\"},\"author\":{\"name\":\"Patagonia Ambiental\",\"@id\":\"https:\\\/\\\/patagoniambiental.com.ar\\\/info\\\/#\\\/schema\\\/person\\\/db12bff64bbcbf6a253710bf0ea37b5d\"},\"headline\":\"Gobierno de Tierra del Fuego adquiri\u00f3 equipamiento y tecnolog\u00eda para la prevenci\u00f3n de incendios forestales y la industrializaci\u00f3n de la lenga\",\"datePublished\":\"2019-04-30T10:00:34+00:00\",\"mainEntityOfPage\":{\"@id\":\"https:\\\/\\\/patagoniambiental.com.ar\\\/info\\\/gobierno-de-tierra-del-fuego-adquirio-equipamiento-y-tecnologia-para-la-prevencion-de-incendios-forestales-y-la-industrializacion-de-la-lenga\\\/\"},\"wordCount\":865,\"commentCount\":0,\"publisher\":{\"@id\":\"https:\\\/\\\/patagoniambiental.com.ar\\\/info\\\/#organization\"},\"image\":{\"@id\":\"https:\\\/\\\/patagoniambiental.com.ar\\\/info\\\/gobierno-de-tierra-del-fuego-adquirio-equipamiento-y-tecnologia-para-la-prevencion-de-incendios-forestales-y-la-industrializacion-de-la-lenga\\\/#primaryimage\"},\"thumbnailUrl\":\"https:\\\/\\\/patagoniambiental.com.ar\\\/info\\\/wp-content\\\/uploads\\\/2019\\\/04\\\/037f495b38bf113066635bbcfd6ade66-1000incendios_forestales_drone.jpg\",\"articleSection\":[\"Noticias\",\"Provinciales\",\"Tierra del Fuego\"],\"inLanguage\":\"es\",\"potentialAction\":[{\"@type\":\"CommentAction\",\"name\":\"Comment\",\"target\":[\"https:\\\/\\\/patagoniambiental.com.ar\\\/info\\\/gobierno-de-tierra-del-fuego-adquirio-equipamiento-y-tecnologia-para-la-prevencion-de-incendios-forestales-y-la-industrializacion-de-la-lenga\\\/#respond\"]}]},{\"@type\":\"WebPage\",\"@id\":\"https:\\\/\\\/patagoniambiental.com.ar\\\/info\\\/gobierno-de-tierra-del-fuego-adquirio-equipamiento-y-tecnologia-para-la-prevencion-de-incendios-forestales-y-la-industrializacion-de-la-lenga\\\/\",\"url\":\"https:\\\/\\\/patagoniambiental.com.ar\\\/info\\\/gobierno-de-tierra-del-fuego-adquirio-equipamiento-y-tecnologia-para-la-prevencion-de-incendios-forestales-y-la-industrializacion-de-la-lenga\\\/\",\"name\":\"Gobierno de Tierra del Fuego adquiri\u00f3 equipamiento y tecnolog\u00eda para la prevenci\u00f3n de incendios forestales y la industrializaci\u00f3n de la lenga\",\"isPartOf\":{\"@id\":\"https:\\\/\\\/patagoniambiental.com.ar\\\/info\\\/#website\"},\"primaryImageOfPage\":{\"@id\":\"https:\\\/\\\/patagoniambiental.com.ar\\\/info\\\/gobierno-de-tierra-del-fuego-adquirio-equipamiento-y-tecnologia-para-la-prevencion-de-incendios-forestales-y-la-industrializacion-de-la-lenga\\\/#primaryimage\"},\"image\":{\"@id\":\"https:\\\/\\\/patagoniambiental.com.ar\\\/info\\\/gobierno-de-tierra-del-fuego-adquirio-equipamiento-y-tecnologia-para-la-prevencion-de-incendios-forestales-y-la-industrializacion-de-la-lenga\\\/#primaryimage\"},\"thumbnailUrl\":\"https:\\\/\\\/patagoniambiental.com.ar\\\/info\\\/wp-content\\\/uploads\\\/2019\\\/04\\\/037f495b38bf113066635bbcfd6ade66-1000incendios_forestales_drone.jpg\",\"datePublished\":\"2019-04-30T10:00:34+00:00\",\"breadcrumb\":{\"@id\":\"https:\\\/\\\/patagoniambiental.com.ar\\\/info\\\/gobierno-de-tierra-del-fuego-adquirio-equipamiento-y-tecnologia-para-la-prevencion-de-incendios-forestales-y-la-industrializacion-de-la-lenga\\\/#breadcrumb\"},\"inLanguage\":\"es\",\"potentialAction\":[{\"@type\":\"ReadAction\",\"target\":[\"https:\\\/\\\/patagoniambiental.com.ar\\\/info\\\/gobierno-de-tierra-del-fuego-adquirio-equipamiento-y-tecnologia-para-la-prevencion-de-incendios-forestales-y-la-industrializacion-de-la-lenga\\\/\"]}]},{\"@type\":\"ImageObject\",\"inLanguage\":\"es\",\"@id\":\"https:\\\/\\\/patagoniambiental.com.ar\\\/info\\\/gobierno-de-tierra-del-fuego-adquirio-equipamiento-y-tecnologia-para-la-prevencion-de-incendios-forestales-y-la-industrializacion-de-la-lenga\\\/#primaryimage\",\"url\":\"https:\\\/\\\/patagoniambiental.com.ar\\\/info\\\/wp-content\\\/uploads\\\/2019\\\/04\\\/037f495b38bf113066635bbcfd6ade66-1000incendios_forestales_drone.jpg\",\"contentUrl\":\"https:\\\/\\\/patagoniambiental.com.ar\\\/info\\\/wp-content\\\/uploads\\\/2019\\\/04\\\/037f495b38bf113066635bbcfd6ade66-1000incendios_forestales_drone.jpg\",\"width\":900,\"height\":600},{\"@type\":\"BreadcrumbList\",\"@id\":\"https:\\\/\\\/patagoniambiental.com.ar\\\/info\\\/gobierno-de-tierra-del-fuego-adquirio-equipamiento-y-tecnologia-para-la-prevencion-de-incendios-forestales-y-la-industrializacion-de-la-lenga\\\/#breadcrumb\",\"itemListElement\":[{\"@type\":\"ListItem\",\"position\":1,\"name\":\"Inicio\",\"item\":\"https:\\\/\\\/patagoniambiental.com.ar\\\/info\\\/\"},{\"@type\":\"ListItem\",\"position\":2,\"name\":\"Gobierno de Tierra del Fuego adquiri\u00f3 equipamiento y tecnolog\u00eda para la prevenci\u00f3n de incendios forestales y la industrializaci\u00f3n de la lenga\"}]},{\"@type\":\"WebSite\",\"@id\":\"https:\\\/\\\/patagoniambiental.com.ar\\\/info\\\/#website\",\"url\":\"https:\\\/\\\/patagoniambiental.com.ar\\\/info\\\/\",\"name\":\"Patagonia Ambiental\",\"description\":\"Monitoreo y an\u00e1lisis de la situaci\u00f3n geopol\u00edtica en el mundo y su implicancia en la Patagonia\",\"publisher\":{\"@id\":\"https:\\\/\\\/patagoniambiental.com.ar\\\/info\\\/#organization\"},\"potentialAction\":[{\"@type\":\"SearchAction\",\"target\":{\"@type\":\"EntryPoint\",\"urlTemplate\":\"https:\\\/\\\/patagoniambiental.com.ar\\\/info\\\/?s={search_term_string}\"},\"query-input\":{\"@type\":\"PropertyValueSpecification\",\"valueRequired\":true,\"valueName\":\"search_term_string\"}}],\"inLanguage\":\"es\"},{\"@type\":\"Organization\",\"@id\":\"https:\\\/\\\/patagoniambiental.com.ar\\\/info\\\/#organization\",\"name\":\"Patagonia Ambiental\",\"url\":\"https:\\\/\\\/patagoniambiental.com.ar\\\/info\\\/\",\"logo\":{\"@type\":\"ImageObject\",\"inLanguage\":\"es\",\"@id\":\"https:\\\/\\\/patagoniambiental.com.ar\\\/info\\\/#\\\/schema\\\/logo\\\/image\\\/\",\"url\":\"https:\\\/\\\/patagoniambiental.com.ar\\\/info\\\/wp-content\\\/uploads\\\/2025\\\/05\\\/LOGO-PATAGONIA-AMBIENTAL.png\",\"contentUrl\":\"https:\\\/\\\/patagoniambiental.com.ar\\\/info\\\/wp-content\\\/uploads\\\/2025\\\/05\\\/LOGO-PATAGONIA-AMBIENTAL.png\",\"width\":433,\"height\":250,\"caption\":\"Patagonia Ambiental\"},\"image\":{\"@id\":\"https:\\\/\\\/patagoniambiental.com.ar\\\/info\\\/#\\\/schema\\\/logo\\\/image\\\/\"},\"sameAs\":[\"https:\\\/\\\/www.facebook.com\\\/patagonia.ambiental\",\"https:\\\/\\\/x.com\\\/PatAmb\"]},{\"@type\":\"Person\",\"@id\":\"https:\\\/\\\/patagoniambiental.com.ar\\\/info\\\/#\\\/schema\\\/person\\\/db12bff64bbcbf6a253710bf0ea37b5d\",\"name\":\"Patagonia Ambiental\",\"description\":\"Andr\u00e9s Nievas T\u00e9cnico en manejo ambiental, consultor Ambiental y escritor para medios locales e internacionales sobre temas de geopolitica y medio ambiente.\",\"sameAs\":[\"http:\\\/\\\/www.patagoniambiental.com.ar\",\"https:\\\/\\\/www.facebook.com\\\/share\\\/1C1V8Gv9BX\\\/?mibextid=qi2Omg\",\"@patagoniambiental\",\"https:\\\/\\\/youtube.com\\\/@patagoniaambiental2023?si=BLt58t0wuXquxlYZ\"]}]}<\/script>\n<!-- \/ Yoast SEO Premium plugin. -->","yoast_head_json":{"title":"Gobierno de Tierra del Fuego adquiri\u00f3 equipamiento y tecnolog\u00eda para la prevenci\u00f3n de incendios forestales y la industrializaci\u00f3n de la lenga","robots":{"index":"index","follow":"follow","max-snippet":"max-snippet:-1","max-image-preview":"max-image-preview:large","max-video-preview":"max-video-preview:-1"},"canonical":"https:\/\/patagoniambiental.com.ar\/info\/gobierno-de-tierra-del-fuego-adquirio-equipamiento-y-tecnologia-para-la-prevencion-de-incendios-forestales-y-la-industrializacion-de-la-lenga\/","og_locale":"es_ES","og_type":"article","og_title":"Gobierno de Tierra del Fuego adquiri\u00f3 equipamiento y tecnolog\u00eda para la prevenci\u00f3n de incendios forestales y la industrializaci\u00f3n de la lenga","og_description":"Tierra del Fuego, AIAS.-El secretario de Ambiente Mauro P\u00e9rez Toscani remarc\u00f3 que \u201cseguimos incorporando equipamiento para la lucha contra incendios [&hellip;]","og_url":"https:\/\/patagoniambiental.com.ar\/info\/gobierno-de-tierra-del-fuego-adquirio-equipamiento-y-tecnologia-para-la-prevencion-de-incendios-forestales-y-la-industrializacion-de-la-lenga\/","og_site_name":"Patagonia Ambiental","article_publisher":"https:\/\/www.facebook.com\/patagonia.ambiental","article_author":"https:\/\/www.facebook.com\/share\/1C1V8Gv9BX\/?mibextid=qi2Omg","article_published_time":"2019-04-30T10:00:34+00:00","og_image":[{"width":1000,"height":667,"url":"https:\/\/patagoniambiental.com.ar\/info\/wp-content\/uploads\/2019\/04\/037f495b38bf113066635bbcfd6ade66-1000incendios_forestales_drone.jpg","type":"image\/jpeg"}],"author":"Patagonia Ambiental","twitter_card":"summary_large_image","twitter_creator":"@PatAmb","twitter_site":"@PatAmb","schema":{"@context":"https:\/\/schema.org","@graph":[{"@type":"Article","@id":"https:\/\/patagoniambiental.com.ar\/info\/gobierno-de-tierra-del-fuego-adquirio-equipamiento-y-tecnologia-para-la-prevencion-de-incendios-forestales-y-la-industrializacion-de-la-lenga\/#article","isPartOf":{"@id":"https:\/\/patagoniambiental.com.ar\/info\/gobierno-de-tierra-del-fuego-adquirio-equipamiento-y-tecnologia-para-la-prevencion-de-incendios-forestales-y-la-industrializacion-de-la-lenga\/"},"author":{"name":"Patagonia Ambiental","@id":"https:\/\/patagoniambiental.com.ar\/info\/#\/schema\/person\/db12bff64bbcbf6a253710bf0ea37b5d"},"headline":"Gobierno de Tierra del Fuego adquiri\u00f3 equipamiento y tecnolog\u00eda para la prevenci\u00f3n de incendios forestales y la industrializaci\u00f3n de la lenga","datePublished":"2019-04-30T10:00:34+00:00","mainEntityOfPage":{"@id":"https:\/\/patagoniambiental.com.ar\/info\/gobierno-de-tierra-del-fuego-adquirio-equipamiento-y-tecnologia-para-la-prevencion-de-incendios-forestales-y-la-industrializacion-de-la-lenga\/"},"wordCount":865,"commentCount":0,"publisher":{"@id":"https:\/\/patagoniambiental.com.ar\/info\/#organization"},"image":{"@id":"https:\/\/patagoniambiental.com.ar\/info\/gobierno-de-tierra-del-fuego-adquirio-equipamiento-y-tecnologia-para-la-prevencion-de-incendios-forestales-y-la-industrializacion-de-la-lenga\/#primaryimage"},"thumbnailUrl":"https:\/\/patagoniambiental.com.ar\/info\/wp-content\/uploads\/2019\/04\/037f495b38bf113066635bbcfd6ade66-1000incendios_forestales_drone.jpg","articleSection":["Noticias","Provinciales","Tierra del Fuego"],"inLanguage":"es","potentialAction":[{"@type":"CommentAction","name":"Comment","target":["https:\/\/patagoniambiental.com.ar\/info\/gobierno-de-tierra-del-fuego-adquirio-equipamiento-y-tecnologia-para-la-prevencion-de-incendios-forestales-y-la-industrializacion-de-la-lenga\/#respond"]}]},{"@type":"WebPage","@id":"https:\/\/patagoniambiental.com.ar\/info\/gobierno-de-tierra-del-fuego-adquirio-equipamiento-y-tecnologia-para-la-prevencion-de-incendios-forestales-y-la-industrializacion-de-la-lenga\/","url":"https:\/\/patagoniambiental.com.ar\/info\/gobierno-de-tierra-del-fuego-adquirio-equipamiento-y-tecnologia-para-la-prevencion-de-incendios-forestales-y-la-industrializacion-de-la-lenga\/","name":"Gobierno de Tierra del Fuego adquiri\u00f3 equipamiento y tecnolog\u00eda para la prevenci\u00f3n de incendios forestales y la industrializaci\u00f3n de la lenga","isPartOf":{"@id":"https:\/\/patagoniambiental.com.ar\/info\/#website"},"primaryImageOfPage":{"@id":"https:\/\/patagoniambiental.com.ar\/info\/gobierno-de-tierra-del-fuego-adquirio-equipamiento-y-tecnologia-para-la-prevencion-de-incendios-forestales-y-la-industrializacion-de-la-lenga\/#primaryimage"},"image":{"@id":"https:\/\/patagoniambiental.com.ar\/info\/gobierno-de-tierra-del-fuego-adquirio-equipamiento-y-tecnologia-para-la-prevencion-de-incendios-forestales-y-la-industrializacion-de-la-lenga\/#primaryimage"},"thumbnailUrl":"https:\/\/patagoniambiental.com.ar\/info\/wp-content\/uploads\/2019\/04\/037f495b38bf113066635bbcfd6ade66-1000incendios_forestales_drone.jpg","datePublished":"2019-04-30T10:00:34+00:00","breadcrumb":{"@id":"https:\/\/patagoniambiental.com.ar\/info\/gobierno-de-tierra-del-fuego-adquirio-equipamiento-y-tecnologia-para-la-prevencion-de-incendios-forestales-y-la-industrializacion-de-la-lenga\/#breadcrumb"},"inLanguage":"es","potentialAction":[{"@type":"ReadAction","target":["https:\/\/patagoniambiental.com.ar\/info\/gobierno-de-tierra-del-fuego-adquirio-equipamiento-y-tecnologia-para-la-prevencion-de-incendios-forestales-y-la-industrializacion-de-la-lenga\/"]}]},{"@type":"ImageObject","inLanguage":"es","@id":"https:\/\/patagoniambiental.com.ar\/info\/gobierno-de-tierra-del-fuego-adquirio-equipamiento-y-tecnologia-para-la-prevencion-de-incendios-forestales-y-la-industrializacion-de-la-lenga\/#primaryimage","url":"https:\/\/patagoniambiental.com.ar\/info\/wp-content\/uploads\/2019\/04\/037f495b38bf113066635bbcfd6ade66-1000incendios_forestales_drone.jpg","contentUrl":"https:\/\/patagoniambiental.com.ar\/info\/wp-content\/uploads\/2019\/04\/037f495b38bf113066635bbcfd6ade66-1000incendios_forestales_drone.jpg","width":900,"height":600},{"@type":"BreadcrumbList","@id":"https:\/\/patagoniambiental.com.ar\/info\/gobierno-de-tierra-del-fuego-adquirio-equipamiento-y-tecnologia-para-la-prevencion-de-incendios-forestales-y-la-industrializacion-de-la-lenga\/#breadcrumb","itemListElement":[{"@type":"ListItem","position":1,"name":"Inicio","item":"https:\/\/patagoniambiental.com.ar\/info\/"},{"@type":"ListItem","position":2,"name":"Gobierno de Tierra del Fuego adquiri\u00f3 equipamiento y tecnolog\u00eda para la prevenci\u00f3n de incendios forestales y la industrializaci\u00f3n de la lenga"}]},{"@type":"WebSite","@id":"https:\/\/patagoniambiental.com.ar\/info\/#website","url":"https:\/\/patagoniambiental.com.ar\/info\/","name":"Patagonia Ambiental","description":"Monitoreo y an\u00e1lisis de la situaci\u00f3n geopol\u00edtica en el mundo y su implicancia en la Patagonia","publisher":{"@id":"https:\/\/patagoniambiental.com.ar\/info\/#organization"},"potentialAction":[{"@type":"SearchAction","target":{"@type":"EntryPoint","urlTemplate":"https:\/\/patagoniambiental.com.ar\/info\/?s={search_term_string}"},"query-input":{"@type":"PropertyValueSpecification","valueRequired":true,"valueName":"search_term_string"}}],"inLanguage":"es"},{"@type":"Organization","@id":"https:\/\/patagoniambiental.com.ar\/info\/#organization","name":"Patagonia Ambiental","url":"https:\/\/patagoniambiental.com.ar\/info\/","logo":{"@type":"ImageObject","inLanguage":"es","@id":"https:\/\/patagoniambiental.com.ar\/info\/#\/schema\/logo\/image\/","url":"https:\/\/patagoniambiental.com.ar\/info\/wp-content\/uploads\/2025\/05\/LOGO-PATAGONIA-AMBIENTAL.png","contentUrl":"https:\/\/patagoniambiental.com.ar\/info\/wp-content\/uploads\/2025\/05\/LOGO-PATAGONIA-AMBIENTAL.png","width":433,"height":250,"caption":"Patagonia Ambiental"},"image":{"@id":"https:\/\/patagoniambiental.com.ar\/info\/#\/schema\/logo\/image\/"},"sameAs":["https:\/\/www.facebook.com\/patagonia.ambiental","https:\/\/x.com\/PatAmb"]},{"@type":"Person","@id":"https:\/\/patagoniambiental.com.ar\/info\/#\/schema\/person\/db12bff64bbcbf6a253710bf0ea37b5d","name":"Patagonia Ambiental","description":"Andr\u00e9s Nievas T\u00e9cnico en manejo ambiental, consultor Ambiental y escritor para medios locales e internacionales sobre temas de geopolitica y medio ambiente.","sameAs":["http:\/\/www.patagoniambiental.com.ar","https:\/\/www.facebook.com\/share\/1C1V8Gv9BX\/?mibextid=qi2Omg","@patagoniambiental","https:\/\/youtube.com\/@patagoniaambiental2023?si=BLt58t0wuXquxlYZ"]}]}},"_links":{"self":[{"href":"https:\/\/patagoniambiental.com.ar\/info\/wp-json\/wp\/v2\/posts\/60693","targetHints":{"allow":["GET"]}}],"collection":[{"href":"https:\/\/patagoniambiental.com.ar\/info\/wp-json\/wp\/v2\/posts"}],"about":[{"href":"https:\/\/patagoniambiental.com.ar\/info\/wp-json\/wp\/v2\/types\/post"}],"author":[{"embeddable":true,"href":"https:\/\/patagoniambiental.com.ar\/info\/wp-json\/wp\/v2\/users\/2"}],"replies":[{"embeddable":true,"href":"https:\/\/patagoniambiental.com.ar\/info\/wp-json\/wp\/v2\/comments?post=60693"}],"version-history":[{"count":0,"href":"https:\/\/patagoniambiental.com.ar\/info\/wp-json\/wp\/v2\/posts\/60693\/revisions"}],"wp:featuredmedia":[{"embeddable":true,"href":"https:\/\/patagoniambiental.com.ar\/info\/wp-json\/wp\/v2\/media\/60694"}],"wp:attachment":[{"href":"https:\/\/patagoniambiental.com.ar\/info\/wp-json\/wp\/v2\/media?parent=60693"}],"wp:term":[{"taxonomy":"category","embeddable":true,"href":"https:\/\/patagoniambiental.com.ar\/info\/wp-json\/wp\/v2\/categories?post=60693"},{"taxonomy":"post_tag","embeddable":true,"href":"https:\/\/patagoniambiental.com.ar\/info\/wp-json\/wp\/v2\/tags?post=60693"}],"curies":[{"name":"wp","href":"https:\/\/api.w.org\/{rel}","templated":true}]}}