{"id":60711,"date":"2019-04-30T07:00:44","date_gmt":"2019-04-30T10:00:44","guid":{"rendered":"http:\/\/patagoniambiental.com.ar\/info\/?p=60711"},"modified":"2019-04-29T15:18:26","modified_gmt":"2019-04-29T18:18:26","slug":"las-fundaciones-de-las-universidades-de-cuyo-y-comahue-acuerdan-trabajo-conjunto-para-medio-ambiente-produccion-e-hidrocarburos","status":"publish","type":"post","link":"https:\/\/patagoniambiental.com.ar\/info\/las-fundaciones-de-las-universidades-de-cuyo-y-comahue-acuerdan-trabajo-conjunto-para-medio-ambiente-produccion-e-hidrocarburos\/","title":{"rendered":"Las fundaciones de las universidades de Cuyo y Comahue acuerdan trabajo conjunto para medio ambiente, producci\u00f3n e hidrocarburos"},"content":{"rendered":"<p class=\"x_ydpac7f48d2western\"><span style=\"font-family: Calibri, sans-serif;\"><span style=\"font-size: small;\">Neuqu\u00e9n.-La Fundaci\u00f3n para el Desarrollo Regional de la Universidad Nacional del Comahue (FUNYDER) y la Fundaci\u00f3n de la Universidad Nacional del Cuyo firmaron un convenio de colaboraci\u00f3n para trabajar en forma conjunta en distintas \u00e1reas de inter\u00e9s, como log\u00edstica, hidrocaburos, medio ambiente y producci\u00f3n primaria, entre otras.<\/span><\/span><\/p>\n<p><!--more--><\/p>\n<p><img fetchpriority=\"high\" decoding=\"async\" class=\"size-medium wp-image-60713 alignleft\" src=\"https:\/\/patagoniambiental.com.ar\/info\/wp-content\/uploads\/2019\/04\/thumbnail_Convenio-con-Fundaci\u00f3n-Universidad-de-Cuyo-2-600x450.jpg\" alt=\"\" width=\"600\" height=\"450\" \/><\/p>\n<p class=\"x_ydpac7f48d2western\"><span style=\"font-family: Calibri, sans-serif;\"><span style=\"font-size: small;\">En representaci\u00f3n de la Universidad Nacional de Cuyo, visit\u00f3 Neuqu\u00e9n el ingeniero Eduardo Moreno, quien se reuni\u00f3n con el secretario de Extensi\u00f3n de la Universidad del Comahue y apoderado de la FUNYDER, Mg. Gustavo Ferreyra. Ambas fundaciones proyectan postular en forma conjunta a distintas consultor\u00edas.<\/span><\/span><\/p>\n<p class=\"x_ydpac7f48d2western\"><span style=\"font-family: Calibri, sans-serif;\"><span style=\"font-size: small;\">En el convenio firmado, se establece que \u201cl<\/span><\/span><span style=\"font-family: Calibri, sans-serif;\"><span style=\"font-size: small;\">as partes acuerdan implementar las acciones tendientes a desarrollar, en forma conjunta, proyectos de car\u00e1cter t\u00e9cnico, acad\u00e9mico, cient\u00edfico, social y cultural para beneficio de ambas instituciones\u201d.<\/span><\/span><\/p>\n<p class=\"x_ydpac7f48d2western\"><span style=\"font-family: Calibri, sans-serif;\"><span style=\"font-size: small;\">Tambi\u00e9n se estableci\u00f3 que \u201clos distintos campos de cooperaci\u00f3n, as\u00ed como los t\u00e9rminos, condiciones y procedimientos de ejecuci\u00f3n de cada uno de los proyectos que se implementen, estando las Instituciones en condiciones legales para establecer lazos formales de cooperaci\u00f3n, ser\u00e1n fijados mediante Convenios Espec\u00edficos entre las partes, los cuales detallar\u00e1n en forma particular los alcances y resultados esperados, responsabilidades, plazos de ejecuci\u00f3n, recursos econ\u00f3micos, t\u00e9cnicos, humanos y de infraestructura necesarios y dem\u00e1s aspectos atinentes\u201d.<\/span><\/span><\/p>\n<p class=\"x_ydpac7f48d2western\"><span style=\"font-family: Calibri, sans-serif;\"><span style=\"font-size: small;\">En la reuni\u00f3n realizada en Neuqu\u00e9n participaron los equipos de la Secretar\u00eda de Extensi\u00f3n y de la FUNYDER y se acord\u00f3 realizar una reuni\u00f3n de trabajo en Mendoza, entre los equipos de ambas instituciones.<\/span><\/span><\/p>\n<p>Fuente: Noticias Universitarias<\/p>\n","protected":false},"excerpt":{"rendered":"<p>Neuqu\u00e9n.-La Fundaci\u00f3n para el Desarrollo Regional de la Universidad Nacional del Comahue (FUNYDER) y la Fundaci\u00f3n de la Universidad Nacional [&hellip;]<\/p>\n","protected":false},"author":2,"featured_media":60712,"comment_status":"open","ping_status":"open","sticky":false,"template":"","format":"standard","meta":{"site-sidebar-layout":"default","site-content-layout":"","ast-site-content-layout":"default","site-content-style":"default","site-sidebar-style":"default","ast-global-header-display":"","ast-banner-title-visibility":"","ast-main-header-display":"","ast-hfb-above-header-display":"","ast-hfb-below-header-display":"","ast-hfb-mobile-header-display":"","site-post-title":"","ast-breadcrumbs-content":"","ast-featured-img":"","footer-sml-layout":"","ast-disable-related-posts":"","theme-transparent-header-meta":"","adv-header-id-meta":"","stick-header-meta":"","header-above-stick-meta":"","header-main-stick-meta":"","header-below-stick-meta":"","astra-migrate-meta-layouts":"default","ast-page-background-enabled":"default","ast-page-background-meta":{"desktop":{"background-color":"var(--ast-global-color-5)","background-image":"","background-repeat":"repeat","background-position":"center center","background-size":"auto","background-attachment":"scroll","background-type":"","background-media":"","overlay-type":"","overlay-color":"","overlay-opacity":"","overlay-gradient":""},"tablet":{"background-color":"","background-image":"","background-repeat":"repeat","background-position":"center center","background-size":"auto","background-attachment":"scroll","background-type":"","background-media":"","overlay-type":"","overlay-color":"","overlay-opacity":"","overlay-gradient":""},"mobile":{"background-color":"","background-image":"","background-repeat":"repeat","background-position":"center center","background-size":"auto","background-attachment":"scroll","background-type":"","background-media":"","overlay-type":"","overlay-color":"","overlay-opacity":"","overlay-gradient":""}},"ast-content-background-meta":{"desktop":{"background-color":"var(--ast-global-color-4)","background-image":"","background-repeat":"repeat","background-position":"center center","background-size":"auto","background-attachment":"scroll","background-type":"","background-media":"","overlay-type":"","overlay-color":"","overlay-opacity":"","overlay-gradient":""},"tablet":{"background-color":"var(--ast-global-color-4)","background-image":"","background-repeat":"repeat","background-position":"center center","background-size":"auto","background-attachment":"scroll","background-type":"","background-media":"","overlay-type":"","overlay-color":"","overlay-opacity":"","overlay-gradient":""},"mobile":{"background-color":"var(--ast-global-color-4)","background-image":"","background-repeat":"repeat","background-position":"center center","background-size":"auto","background-attachment":"scroll","background-type":"","background-media":"","overlay-type":"","overlay-color":"","overlay-opacity":"","overlay-gradient":""}},"footnotes":""},"categories":[18,1,13],"tags":[],"class_list":["post-60711","post","type-post","status-publish","format-standard","has-post-thumbnail","hentry","category-neuquen","category-noticias","category-provinciales"],"yoast_head":"<!-- This site is optimized with the Yoast SEO Premium plugin v23.0 (Yoast SEO v27.5) - https:\/\/yoast.com\/product\/yoast-seo-premium-wordpress\/ -->\n<title>Las fundaciones de las universidades de Cuyo y Comahue acuerdan trabajo conjunto para medio ambiente, producci\u00f3n e hidrocarburos<\/title>\n<meta name=\"robots\" content=\"index, follow, max-snippet:-1, max-image-preview:large, max-video-preview:-1\" \/>\n<link rel=\"canonical\" href=\"https:\/\/patagoniambiental.com.ar\/info\/las-fundaciones-de-las-universidades-de-cuyo-y-comahue-acuerdan-trabajo-conjunto-para-medio-ambiente-produccion-e-hidrocarburos\/\" \/>\n<meta property=\"og:locale\" content=\"es_ES\" \/>\n<meta property=\"og:type\" content=\"article\" \/>\n<meta property=\"og:title\" content=\"Las fundaciones de las universidades de Cuyo y Comahue acuerdan trabajo conjunto para medio ambiente, producci\u00f3n e hidrocarburos\" \/>\n<meta property=\"og:description\" content=\"Neuqu\u00e9n.-La Fundaci\u00f3n para el Desarrollo Regional de la Universidad Nacional del Comahue (FUNYDER) y la Fundaci\u00f3n de la Universidad Nacional [&hellip;]\" \/>\n<meta property=\"og:url\" content=\"https:\/\/patagoniambiental.com.ar\/info\/las-fundaciones-de-las-universidades-de-cuyo-y-comahue-acuerdan-trabajo-conjunto-para-medio-ambiente-produccion-e-hidrocarburos\/\" \/>\n<meta property=\"og:site_name\" content=\"Patagonia Ambiental\" \/>\n<meta property=\"article:publisher\" content=\"https:\/\/www.facebook.com\/patagonia.ambiental\" \/>\n<meta property=\"article:author\" content=\"https:\/\/www.facebook.com\/share\/1C1V8Gv9BX\/?mibextid=qi2Omg\" \/>\n<meta property=\"article:published_time\" content=\"2019-04-30T10:00:44+00:00\" \/>\n<meta property=\"og:image\" content=\"https:\/\/patagoniambiental.com.ar\/info\/wp-content\/uploads\/2019\/04\/thumbnail_Convenio-con-Fundaci\u00f3n-Universidad-de-Cuyo-1.jpg\" \/>\n\t<meta property=\"og:image:width\" content=\"1280\" \/>\n\t<meta property=\"og:image:height\" content=\"960\" \/>\n\t<meta property=\"og:image:type\" content=\"image\/jpeg\" \/>\n<meta name=\"author\" content=\"Patagonia Ambiental\" \/>\n<meta name=\"twitter:card\" content=\"summary_large_image\" \/>\n<meta name=\"twitter:creator\" content=\"@PatAmb\" \/>\n<meta name=\"twitter:site\" content=\"@PatAmb\" \/>\n<script type=\"application\/ld+json\" class=\"yoast-schema-graph\">{\"@context\":\"https:\\\/\\\/schema.org\",\"@graph\":[{\"@type\":\"Article\",\"@id\":\"https:\\\/\\\/patagoniambiental.com.ar\\\/info\\\/las-fundaciones-de-las-universidades-de-cuyo-y-comahue-acuerdan-trabajo-conjunto-para-medio-ambiente-produccion-e-hidrocarburos\\\/#article\",\"isPartOf\":{\"@id\":\"https:\\\/\\\/patagoniambiental.com.ar\\\/info\\\/las-fundaciones-de-las-universidades-de-cuyo-y-comahue-acuerdan-trabajo-conjunto-para-medio-ambiente-produccion-e-hidrocarburos\\\/\"},\"author\":{\"name\":\"Patagonia Ambiental\",\"@id\":\"https:\\\/\\\/patagoniambiental.com.ar\\\/info\\\/#\\\/schema\\\/person\\\/db12bff64bbcbf6a253710bf0ea37b5d\"},\"headline\":\"Las fundaciones de las universidades de Cuyo y Comahue acuerdan trabajo conjunto para medio ambiente, producci\u00f3n e hidrocarburos\",\"datePublished\":\"2019-04-30T10:00:44+00:00\",\"mainEntityOfPage\":{\"@id\":\"https:\\\/\\\/patagoniambiental.com.ar\\\/info\\\/las-fundaciones-de-las-universidades-de-cuyo-y-comahue-acuerdan-trabajo-conjunto-para-medio-ambiente-produccion-e-hidrocarburos\\\/\"},\"wordCount\":290,\"commentCount\":0,\"publisher\":{\"@id\":\"https:\\\/\\\/patagoniambiental.com.ar\\\/info\\\/#organization\"},\"image\":{\"@id\":\"https:\\\/\\\/patagoniambiental.com.ar\\\/info\\\/las-fundaciones-de-las-universidades-de-cuyo-y-comahue-acuerdan-trabajo-conjunto-para-medio-ambiente-produccion-e-hidrocarburos\\\/#primaryimage\"},\"thumbnailUrl\":\"https:\\\/\\\/patagoniambiental.com.ar\\\/info\\\/wp-content\\\/uploads\\\/2019\\\/04\\\/thumbnail_Convenio-con-Fundaci\u00f3n-Universidad-de-Cuyo-1.jpg\",\"articleSection\":[\"Neuqu\u00e9n\",\"Noticias\",\"Provinciales\"],\"inLanguage\":\"es\",\"potentialAction\":[{\"@type\":\"CommentAction\",\"name\":\"Comment\",\"target\":[\"https:\\\/\\\/patagoniambiental.com.ar\\\/info\\\/las-fundaciones-de-las-universidades-de-cuyo-y-comahue-acuerdan-trabajo-conjunto-para-medio-ambiente-produccion-e-hidrocarburos\\\/#respond\"]}]},{\"@type\":\"WebPage\",\"@id\":\"https:\\\/\\\/patagoniambiental.com.ar\\\/info\\\/las-fundaciones-de-las-universidades-de-cuyo-y-comahue-acuerdan-trabajo-conjunto-para-medio-ambiente-produccion-e-hidrocarburos\\\/\",\"url\":\"https:\\\/\\\/patagoniambiental.com.ar\\\/info\\\/las-fundaciones-de-las-universidades-de-cuyo-y-comahue-acuerdan-trabajo-conjunto-para-medio-ambiente-produccion-e-hidrocarburos\\\/\",\"name\":\"Las fundaciones de las universidades de Cuyo y Comahue acuerdan trabajo conjunto para medio ambiente, producci\u00f3n e hidrocarburos\",\"isPartOf\":{\"@id\":\"https:\\\/\\\/patagoniambiental.com.ar\\\/info\\\/#website\"},\"primaryImageOfPage\":{\"@id\":\"https:\\\/\\\/patagoniambiental.com.ar\\\/info\\\/las-fundaciones-de-las-universidades-de-cuyo-y-comahue-acuerdan-trabajo-conjunto-para-medio-ambiente-produccion-e-hidrocarburos\\\/#primaryimage\"},\"image\":{\"@id\":\"https:\\\/\\\/patagoniambiental.com.ar\\\/info\\\/las-fundaciones-de-las-universidades-de-cuyo-y-comahue-acuerdan-trabajo-conjunto-para-medio-ambiente-produccion-e-hidrocarburos\\\/#primaryimage\"},\"thumbnailUrl\":\"https:\\\/\\\/patagoniambiental.com.ar\\\/info\\\/wp-content\\\/uploads\\\/2019\\\/04\\\/thumbnail_Convenio-con-Fundaci\u00f3n-Universidad-de-Cuyo-1.jpg\",\"datePublished\":\"2019-04-30T10:00:44+00:00\",\"breadcrumb\":{\"@id\":\"https:\\\/\\\/patagoniambiental.com.ar\\\/info\\\/las-fundaciones-de-las-universidades-de-cuyo-y-comahue-acuerdan-trabajo-conjunto-para-medio-ambiente-produccion-e-hidrocarburos\\\/#breadcrumb\"},\"inLanguage\":\"es\",\"potentialAction\":[{\"@type\":\"ReadAction\",\"target\":[\"https:\\\/\\\/patagoniambiental.com.ar\\\/info\\\/las-fundaciones-de-las-universidades-de-cuyo-y-comahue-acuerdan-trabajo-conjunto-para-medio-ambiente-produccion-e-hidrocarburos\\\/\"]}]},{\"@type\":\"ImageObject\",\"inLanguage\":\"es\",\"@id\":\"https:\\\/\\\/patagoniambiental.com.ar\\\/info\\\/las-fundaciones-de-las-universidades-de-cuyo-y-comahue-acuerdan-trabajo-conjunto-para-medio-ambiente-produccion-e-hidrocarburos\\\/#primaryimage\",\"url\":\"https:\\\/\\\/patagoniambiental.com.ar\\\/info\\\/wp-content\\\/uploads\\\/2019\\\/04\\\/thumbnail_Convenio-con-Fundaci\u00f3n-Universidad-de-Cuyo-1.jpg\",\"contentUrl\":\"https:\\\/\\\/patagoniambiental.com.ar\\\/info\\\/wp-content\\\/uploads\\\/2019\\\/04\\\/thumbnail_Convenio-con-Fundaci\u00f3n-Universidad-de-Cuyo-1.jpg\",\"width\":800,\"height\":600},{\"@type\":\"BreadcrumbList\",\"@id\":\"https:\\\/\\\/patagoniambiental.com.ar\\\/info\\\/las-fundaciones-de-las-universidades-de-cuyo-y-comahue-acuerdan-trabajo-conjunto-para-medio-ambiente-produccion-e-hidrocarburos\\\/#breadcrumb\",\"itemListElement\":[{\"@type\":\"ListItem\",\"position\":1,\"name\":\"Inicio\",\"item\":\"https:\\\/\\\/patagoniambiental.com.ar\\\/info\\\/\"},{\"@type\":\"ListItem\",\"position\":2,\"name\":\"Las fundaciones de las universidades de Cuyo y Comahue acuerdan trabajo conjunto para medio ambiente, producci\u00f3n e hidrocarburos\"}]},{\"@type\":\"WebSite\",\"@id\":\"https:\\\/\\\/patagoniambiental.com.ar\\\/info\\\/#website\",\"url\":\"https:\\\/\\\/patagoniambiental.com.ar\\\/info\\\/\",\"name\":\"Patagonia Ambiental\",\"description\":\"Monitoreo y an\u00e1lisis de la situaci\u00f3n geopol\u00edtica en el mundo y su implicancia en la Patagonia\",\"publisher\":{\"@id\":\"https:\\\/\\\/patagoniambiental.com.ar\\\/info\\\/#organization\"},\"potentialAction\":[{\"@type\":\"SearchAction\",\"target\":{\"@type\":\"EntryPoint\",\"urlTemplate\":\"https:\\\/\\\/patagoniambiental.com.ar\\\/info\\\/?s={search_term_string}\"},\"query-input\":{\"@type\":\"PropertyValueSpecification\",\"valueRequired\":true,\"valueName\":\"search_term_string\"}}],\"inLanguage\":\"es\"},{\"@type\":\"Organization\",\"@id\":\"https:\\\/\\\/patagoniambiental.com.ar\\\/info\\\/#organization\",\"name\":\"Patagonia Ambiental\",\"url\":\"https:\\\/\\\/patagoniambiental.com.ar\\\/info\\\/\",\"logo\":{\"@type\":\"ImageObject\",\"inLanguage\":\"es\",\"@id\":\"https:\\\/\\\/patagoniambiental.com.ar\\\/info\\\/#\\\/schema\\\/logo\\\/image\\\/\",\"url\":\"https:\\\/\\\/patagoniambiental.com.ar\\\/info\\\/wp-content\\\/uploads\\\/2025\\\/05\\\/LOGO-PATAGONIA-AMBIENTAL.png\",\"contentUrl\":\"https:\\\/\\\/patagoniambiental.com.ar\\\/info\\\/wp-content\\\/uploads\\\/2025\\\/05\\\/LOGO-PATAGONIA-AMBIENTAL.png\",\"width\":433,\"height\":250,\"caption\":\"Patagonia Ambiental\"},\"image\":{\"@id\":\"https:\\\/\\\/patagoniambiental.com.ar\\\/info\\\/#\\\/schema\\\/logo\\\/image\\\/\"},\"sameAs\":[\"https:\\\/\\\/www.facebook.com\\\/patagonia.ambiental\",\"https:\\\/\\\/x.com\\\/PatAmb\"]},{\"@type\":\"Person\",\"@id\":\"https:\\\/\\\/patagoniambiental.com.ar\\\/info\\\/#\\\/schema\\\/person\\\/db12bff64bbcbf6a253710bf0ea37b5d\",\"name\":\"Patagonia Ambiental\",\"description\":\"Andr\u00e9s Nievas T\u00e9cnico en manejo ambiental, consultor Ambiental y escritor para medios locales e internacionales sobre temas de geopolitica y medio ambiente.\",\"sameAs\":[\"http:\\\/\\\/www.patagoniambiental.com.ar\",\"https:\\\/\\\/www.facebook.com\\\/share\\\/1C1V8Gv9BX\\\/?mibextid=qi2Omg\",\"@patagoniambiental\",\"https:\\\/\\\/youtube.com\\\/@patagoniaambiental2023?si=BLt58t0wuXquxlYZ\"]}]}<\/script>\n<!-- \/ Yoast SEO Premium plugin. -->","yoast_head_json":{"title":"Las fundaciones de las universidades de Cuyo y Comahue acuerdan trabajo conjunto para medio ambiente, producci\u00f3n e hidrocarburos","robots":{"index":"index","follow":"follow","max-snippet":"max-snippet:-1","max-image-preview":"max-image-preview:large","max-video-preview":"max-video-preview:-1"},"canonical":"https:\/\/patagoniambiental.com.ar\/info\/las-fundaciones-de-las-universidades-de-cuyo-y-comahue-acuerdan-trabajo-conjunto-para-medio-ambiente-produccion-e-hidrocarburos\/","og_locale":"es_ES","og_type":"article","og_title":"Las fundaciones de las universidades de Cuyo y Comahue acuerdan trabajo conjunto para medio ambiente, producci\u00f3n e hidrocarburos","og_description":"Neuqu\u00e9n.-La Fundaci\u00f3n para el Desarrollo Regional de la Universidad Nacional del Comahue (FUNYDER) y la Fundaci\u00f3n de la Universidad Nacional [&hellip;]","og_url":"https:\/\/patagoniambiental.com.ar\/info\/las-fundaciones-de-las-universidades-de-cuyo-y-comahue-acuerdan-trabajo-conjunto-para-medio-ambiente-produccion-e-hidrocarburos\/","og_site_name":"Patagonia Ambiental","article_publisher":"https:\/\/www.facebook.com\/patagonia.ambiental","article_author":"https:\/\/www.facebook.com\/share\/1C1V8Gv9BX\/?mibextid=qi2Omg","article_published_time":"2019-04-30T10:00:44+00:00","og_image":[{"width":1280,"height":960,"url":"https:\/\/patagoniambiental.com.ar\/info\/wp-content\/uploads\/2019\/04\/thumbnail_Convenio-con-Fundaci\u00f3n-Universidad-de-Cuyo-1.jpg","type":"image\/jpeg"}],"author":"Patagonia Ambiental","twitter_card":"summary_large_image","twitter_creator":"@PatAmb","twitter_site":"@PatAmb","schema":{"@context":"https:\/\/schema.org","@graph":[{"@type":"Article","@id":"https:\/\/patagoniambiental.com.ar\/info\/las-fundaciones-de-las-universidades-de-cuyo-y-comahue-acuerdan-trabajo-conjunto-para-medio-ambiente-produccion-e-hidrocarburos\/#article","isPartOf":{"@id":"https:\/\/patagoniambiental.com.ar\/info\/las-fundaciones-de-las-universidades-de-cuyo-y-comahue-acuerdan-trabajo-conjunto-para-medio-ambiente-produccion-e-hidrocarburos\/"},"author":{"name":"Patagonia Ambiental","@id":"https:\/\/patagoniambiental.com.ar\/info\/#\/schema\/person\/db12bff64bbcbf6a253710bf0ea37b5d"},"headline":"Las fundaciones de las universidades de Cuyo y Comahue acuerdan trabajo conjunto para medio ambiente, producci\u00f3n e hidrocarburos","datePublished":"2019-04-30T10:00:44+00:00","mainEntityOfPage":{"@id":"https:\/\/patagoniambiental.com.ar\/info\/las-fundaciones-de-las-universidades-de-cuyo-y-comahue-acuerdan-trabajo-conjunto-para-medio-ambiente-produccion-e-hidrocarburos\/"},"wordCount":290,"commentCount":0,"publisher":{"@id":"https:\/\/patagoniambiental.com.ar\/info\/#organization"},"image":{"@id":"https:\/\/patagoniambiental.com.ar\/info\/las-fundaciones-de-las-universidades-de-cuyo-y-comahue-acuerdan-trabajo-conjunto-para-medio-ambiente-produccion-e-hidrocarburos\/#primaryimage"},"thumbnailUrl":"https:\/\/patagoniambiental.com.ar\/info\/wp-content\/uploads\/2019\/04\/thumbnail_Convenio-con-Fundaci\u00f3n-Universidad-de-Cuyo-1.jpg","articleSection":["Neuqu\u00e9n","Noticias","Provinciales"],"inLanguage":"es","potentialAction":[{"@type":"CommentAction","name":"Comment","target":["https:\/\/patagoniambiental.com.ar\/info\/las-fundaciones-de-las-universidades-de-cuyo-y-comahue-acuerdan-trabajo-conjunto-para-medio-ambiente-produccion-e-hidrocarburos\/#respond"]}]},{"@type":"WebPage","@id":"https:\/\/patagoniambiental.com.ar\/info\/las-fundaciones-de-las-universidades-de-cuyo-y-comahue-acuerdan-trabajo-conjunto-para-medio-ambiente-produccion-e-hidrocarburos\/","url":"https:\/\/patagoniambiental.com.ar\/info\/las-fundaciones-de-las-universidades-de-cuyo-y-comahue-acuerdan-trabajo-conjunto-para-medio-ambiente-produccion-e-hidrocarburos\/","name":"Las fundaciones de las universidades de Cuyo y Comahue acuerdan trabajo conjunto para medio ambiente, producci\u00f3n e hidrocarburos","isPartOf":{"@id":"https:\/\/patagoniambiental.com.ar\/info\/#website"},"primaryImageOfPage":{"@id":"https:\/\/patagoniambiental.com.ar\/info\/las-fundaciones-de-las-universidades-de-cuyo-y-comahue-acuerdan-trabajo-conjunto-para-medio-ambiente-produccion-e-hidrocarburos\/#primaryimage"},"image":{"@id":"https:\/\/patagoniambiental.com.ar\/info\/las-fundaciones-de-las-universidades-de-cuyo-y-comahue-acuerdan-trabajo-conjunto-para-medio-ambiente-produccion-e-hidrocarburos\/#primaryimage"},"thumbnailUrl":"https:\/\/patagoniambiental.com.ar\/info\/wp-content\/uploads\/2019\/04\/thumbnail_Convenio-con-Fundaci\u00f3n-Universidad-de-Cuyo-1.jpg","datePublished":"2019-04-30T10:00:44+00:00","breadcrumb":{"@id":"https:\/\/patagoniambiental.com.ar\/info\/las-fundaciones-de-las-universidades-de-cuyo-y-comahue-acuerdan-trabajo-conjunto-para-medio-ambiente-produccion-e-hidrocarburos\/#breadcrumb"},"inLanguage":"es","potentialAction":[{"@type":"ReadAction","target":["https:\/\/patagoniambiental.com.ar\/info\/las-fundaciones-de-las-universidades-de-cuyo-y-comahue-acuerdan-trabajo-conjunto-para-medio-ambiente-produccion-e-hidrocarburos\/"]}]},{"@type":"ImageObject","inLanguage":"es","@id":"https:\/\/patagoniambiental.com.ar\/info\/las-fundaciones-de-las-universidades-de-cuyo-y-comahue-acuerdan-trabajo-conjunto-para-medio-ambiente-produccion-e-hidrocarburos\/#primaryimage","url":"https:\/\/patagoniambiental.com.ar\/info\/wp-content\/uploads\/2019\/04\/thumbnail_Convenio-con-Fundaci\u00f3n-Universidad-de-Cuyo-1.jpg","contentUrl":"https:\/\/patagoniambiental.com.ar\/info\/wp-content\/uploads\/2019\/04\/thumbnail_Convenio-con-Fundaci\u00f3n-Universidad-de-Cuyo-1.jpg","width":800,"height":600},{"@type":"BreadcrumbList","@id":"https:\/\/patagoniambiental.com.ar\/info\/las-fundaciones-de-las-universidades-de-cuyo-y-comahue-acuerdan-trabajo-conjunto-para-medio-ambiente-produccion-e-hidrocarburos\/#breadcrumb","itemListElement":[{"@type":"ListItem","position":1,"name":"Inicio","item":"https:\/\/patagoniambiental.com.ar\/info\/"},{"@type":"ListItem","position":2,"name":"Las fundaciones de las universidades de Cuyo y Comahue acuerdan trabajo conjunto para medio ambiente, producci\u00f3n e hidrocarburos"}]},{"@type":"WebSite","@id":"https:\/\/patagoniambiental.com.ar\/info\/#website","url":"https:\/\/patagoniambiental.com.ar\/info\/","name":"Patagonia Ambiental","description":"Monitoreo y an\u00e1lisis de la situaci\u00f3n geopol\u00edtica en el mundo y su implicancia en la Patagonia","publisher":{"@id":"https:\/\/patagoniambiental.com.ar\/info\/#organization"},"potentialAction":[{"@type":"SearchAction","target":{"@type":"EntryPoint","urlTemplate":"https:\/\/patagoniambiental.com.ar\/info\/?s={search_term_string}"},"query-input":{"@type":"PropertyValueSpecification","valueRequired":true,"valueName":"search_term_string"}}],"inLanguage":"es"},{"@type":"Organization","@id":"https:\/\/patagoniambiental.com.ar\/info\/#organization","name":"Patagonia Ambiental","url":"https:\/\/patagoniambiental.com.ar\/info\/","logo":{"@type":"ImageObject","inLanguage":"es","@id":"https:\/\/patagoniambiental.com.ar\/info\/#\/schema\/logo\/image\/","url":"https:\/\/patagoniambiental.com.ar\/info\/wp-content\/uploads\/2025\/05\/LOGO-PATAGONIA-AMBIENTAL.png","contentUrl":"https:\/\/patagoniambiental.com.ar\/info\/wp-content\/uploads\/2025\/05\/LOGO-PATAGONIA-AMBIENTAL.png","width":433,"height":250,"caption":"Patagonia Ambiental"},"image":{"@id":"https:\/\/patagoniambiental.com.ar\/info\/#\/schema\/logo\/image\/"},"sameAs":["https:\/\/www.facebook.com\/patagonia.ambiental","https:\/\/x.com\/PatAmb"]},{"@type":"Person","@id":"https:\/\/patagoniambiental.com.ar\/info\/#\/schema\/person\/db12bff64bbcbf6a253710bf0ea37b5d","name":"Patagonia Ambiental","description":"Andr\u00e9s Nievas T\u00e9cnico en manejo ambiental, consultor Ambiental y escritor para medios locales e internacionales sobre temas de geopolitica y medio ambiente.","sameAs":["http:\/\/www.patagoniambiental.com.ar","https:\/\/www.facebook.com\/share\/1C1V8Gv9BX\/?mibextid=qi2Omg","@patagoniambiental","https:\/\/youtube.com\/@patagoniaambiental2023?si=BLt58t0wuXquxlYZ"]}]}},"_links":{"self":[{"href":"https:\/\/patagoniambiental.com.ar\/info\/wp-json\/wp\/v2\/posts\/60711","targetHints":{"allow":["GET"]}}],"collection":[{"href":"https:\/\/patagoniambiental.com.ar\/info\/wp-json\/wp\/v2\/posts"}],"about":[{"href":"https:\/\/patagoniambiental.com.ar\/info\/wp-json\/wp\/v2\/types\/post"}],"author":[{"embeddable":true,"href":"https:\/\/patagoniambiental.com.ar\/info\/wp-json\/wp\/v2\/users\/2"}],"replies":[{"embeddable":true,"href":"https:\/\/patagoniambiental.com.ar\/info\/wp-json\/wp\/v2\/comments?post=60711"}],"version-history":[{"count":0,"href":"https:\/\/patagoniambiental.com.ar\/info\/wp-json\/wp\/v2\/posts\/60711\/revisions"}],"wp:featuredmedia":[{"embeddable":true,"href":"https:\/\/patagoniambiental.com.ar\/info\/wp-json\/wp\/v2\/media\/60712"}],"wp:attachment":[{"href":"https:\/\/patagoniambiental.com.ar\/info\/wp-json\/wp\/v2\/media?parent=60711"}],"wp:term":[{"taxonomy":"category","embeddable":true,"href":"https:\/\/patagoniambiental.com.ar\/info\/wp-json\/wp\/v2\/categories?post=60711"},{"taxonomy":"post_tag","embeddable":true,"href":"https:\/\/patagoniambiental.com.ar\/info\/wp-json\/wp\/v2\/tags?post=60711"}],"curies":[{"name":"wp","href":"https:\/\/api.w.org\/{rel}","templated":true}]}}