{"id":60718,"date":"2019-05-26T07:00:38","date_gmt":"2019-05-26T10:00:38","guid":{"rendered":"http:\/\/patagoniambiental.com.ar\/info\/?p=60718"},"modified":"2019-05-23T10:01:29","modified_gmt":"2019-05-23T13:01:29","slug":"chubut-propuso-abrir-la-zona-de-veda-del-15-de-junio-al-1-de-octubre","status":"publish","type":"post","link":"https:\/\/patagoniambiental.com.ar\/info\/chubut-propuso-abrir-la-zona-de-veda-del-15-de-junio-al-1-de-octubre\/","title":{"rendered":"Chubut propuso abrir la zona de veda del 15 de junio al 1 de octubre"},"content":{"rendered":"<div class=\"single-head\">\n<p class=\"single-title\">Chubut.-En la Comisi\u00f3n de Seguimiento del Langostino el INIDEP ratific\u00f3 una disminuci\u00f3n en el tama\u00f1o de reclutamiento por el atraso en la reproducci\u00f3n. Hubo pedidos para incorporar observadores para la flota fresquera. CAPECA sugiri\u00f3 no hacer prospecciones antes de junio.<\/p>\n<\/div>\n<p><!--more--><\/p>\n<div class=\"single-body\">\n<div class=\"single-content\">\n<div class=\"single-image\">\n<div class=\"picture\"><img decoding=\"async\" title=\"Chubut propuso abrir la zona de veda del 15 de junio al 1 de octubre\" src=\"https:\/\/revistapuerto.com.ar\/wp-content\/uploads\/2019\/04\/Revista-Puerto-Comision-Seguimiento-Langostino-01.jpg\" alt=\"Revista Puerto - Comision Seguimiento Langostino 01\" \/><\/div>\n<div class=\"single-credits\">Por Nelson Saldivia<\/div>\n<\/div>\n<div class=\"single middle-column\">\n<div id=\"text-22\" class=\"widget widget_text\">\n<div class=\"textwidget\">\n<p>El viernes se llev\u00f3 a cabo la reuni\u00f3n de la Comisi\u00f3n de An\u00e1lisis y Seguimiento de la Pesquer\u00eda de Langostino en la que hubo una pormenorizada exposici\u00f3n por parte del INIDEP sobre la evaluaci\u00f3n del estado del recurso.<\/p>\n<\/div>\n<\/div>\n<\/div>\n<div class=\"single-text\">\n<article id=\"post-54635\" class=\"post-54635 post type-post status-publish format-standard has-post-thumbnail hentry category-noticias\">Los investigadores precisaron que lo que se ha encontrado es una disminuci\u00f3n en el tama\u00f1o de reclutamiento que est\u00e1 dado por el atraso en la reproducci\u00f3n. Explicaron que el n\u00famero de individuos es parecido, pero de tallas menores, lo que resulta en una menor biomasa.<\/p>\n<p>Desde CAPECA propusieron hacer la prospecci\u00f3n de un \u00e1rea m\u00e1s amplia, no antes de junio, pero desde el INIDEP se dijo que tienen capacidad limitada para el procesamiento de informaci\u00f3n.<\/p>\n<p>Los representantes de Chubut recomenzaron abrir aguas nacionales para la pesquer\u00eda de langostino, entre el 15 de junio y el 1 de octubre, sobre la base de las recomendaciones de low cient\u00edficos.<\/p>\n<p>El encuentro fue encabezado por el subsecretario de Pesca de la Naci\u00f3n, Juan Manuel Bosch, junto a los integrantes del Consejo Federal Pesquero: Miguel Tezanos Pinto (Buenos Aires), Adri\u00e1n Awstin (Chubut), Carlos Liberman (Santa Cruz), Oscar Fortunato y Ricardo Patterson (PEN), Antonio Trombetta (Ministerio de Relaciones Exteriores y Culto), Antonio De Nichilo y Silvia Giacobbe (Ministerio de Ambiente). Y se cont\u00f3 con la participaci\u00f3n de los representantes del INIDEP Claudia Carozza, Marcelo P\u00e1jaro, Juan de la Garza, Paula Moriondo, Gabriela Irusta y Fernanda Villarino. En tanto, por el sector pesquero asistieron Eduardo Rom\u00e1n (Capeca), Javier Picco (Cafach), Christian C\u00f3rdoba Canosa (Asociaci\u00f3n de Pesca Artesanal de Puerto Rawson), Jos\u00e9 Moscuzza (Cepa), Diego Garc\u00eda Luchetti (Caabpa), Fernando Rivera (Caipa), Leandro Moya (Apc), Diego Gonz\u00e1lez Lernoud (Capip), Mauro Zamboni (Argenova) y Miguel Di Costanzo (Udipa).<\/p>\n<h5>Menor densidad media<\/h5>\n<p>Durante la reuni\u00f3n de trabajo se hicieron dos presentaciones de la Direcci\u00f3n de Planificaci\u00f3n y Gesti\u00f3n de las Pesquer\u00edas en relaci\u00f3n con la evoluci\u00f3n de los desembarques de la pesquer\u00eda y el comercio exterior de la especie desde 2017 a la fecha.<\/p>\n<p>Por su parte, el INIDEP realiz\u00f3 una presentaci\u00f3n sobre la evoluci\u00f3n de la pesquer\u00eda a lo largo de 2018, de donde se destaca que en los mismos a\u00f1os se encuentra operando todas las flotas juntas sobre las mismas concentraciones. Los cient\u00edficos confirmaron que la captura por unidad de esfuerzo (CPUE) promedio anual ha venido cayendo desde 2015. Adem\u00e1s, revelaron que pr\u00e1cticamente no hay observadores en los buques fresqueros, que representan actualmente, m\u00e1s del 50 por ciento de la flota que opera sobre langostino, lo que implica que falta mucha informaci\u00f3n.<\/p>\n<p>En la reuni\u00f3n de la comisi\u00f3n el INIDEP realiz\u00f3 una presentaci\u00f3n de la Campa\u00f1a del Bogavante efectuada en marzo de 2019, con un dato significativo en el que se concluye principalmente que la densidad media fue significativamente menor a las halladas en campa\u00f1as id\u00e9nticas anteriores. Dijeron que solo en un punto de la zona norte del golfo San Jorge se encontraron altas densidades que aument\u00f3 el promedio del \u00e1rea, pero se observaron bajas densidades en todos los dem\u00e1s puntos.<\/p>\n<p>Adem\u00e1s, se dio a conocer por parte del INIDEP que la distribuci\u00f3n de tama\u00f1os muestra que los individuos observados este a\u00f1o son mucho m\u00e1s chicos que los de dos a\u00f1os anteriores (L4, L5, L6). S\u00f3lo se encontraron individuos de tallas comerciales aguas afuera, en zonas a las que se llegaba por primera vez con la campa\u00f1a.<\/p>\n<h5>Al norte de la zona de veda<\/h5>\n<p>Respecto de la temporada 2019 en lo que va del a\u00f1o se ha pescado en la zona al norte de la veda, y se observa que la CPUE ha sido muy variable, con una tendencia a la baja. Cabe destacar que no ha habido cambios en la distribuci\u00f3n de la especie, siempre se ha pescado en esta \u00e1rea, sin embargo, ha habido una mayor abundancia y m\u00e1s barcos fueron a pescar a esa zona. Por otro lado, los investigadores mencionaron que se ha ido ampliando la temporada de pesca en la zona, que este a\u00f1o arranc\u00f3 en febrero, cuando en a\u00f1os anteriores se pescaba solo en abril.<\/p>\n<p>En cuanto a las variables oceanogr\u00e1ficas, el INIDEP aclar\u00f3 que no se ha observado variabilidad extraordinaria en las variables f\u00edsicas ni en las de producci\u00f3n primaria de las \u00e1reas que permitan identificar cambios significativos en las condiciones ambientales.<\/p>\n<h5><em>Bycatch<\/em>\u00a0de merluza<\/h5>\n<p>Posteriormente, el INIDEP realiz\u00f3 una presentaci\u00f3n sobre la captura incidental de merluza en la pesquer\u00eda de langostino, en la que destacaron que a comienzos de las temporadas 2017 y 2018 se observaron altas abundancias de merluza al tiempo que hab\u00eda tambi\u00e9n altas abundancias de langostino, lo que indica que se solaparon ambos recursos. Indicaron que tras la disminuci\u00f3n de los rendimientos de merluza durante los meses e invierno e inicios de primavera, en octubre la relaci\u00f3n merluza\/langostino comenz\u00f3 a aumentar r\u00e1pidamente y las estimaciones preliminares arrojaron un total de 39 mil toneladas de merluza para 2018. Y se indic\u00f3 que en 2019, en el \u00e1rea donde est\u00e1 operando la flota al norte de la zona de veda, los rendimientos de merluza fueron mayores a los de 2018, con tendencia declinante al final del periodo de an\u00e1lisis.<\/p>\n<p>En s\u00edntesis, los investigadores dijeron que lo que se ha encontrado es una disminuci\u00f3n en el tama\u00f1o de reclutamiento que est\u00e1 dado por el atraso en la reproducci\u00f3n. El n\u00famero de individuos es parecido (con cierta disminuci\u00f3n que no es significativa en t\u00e9rminos estad\u00edsticos), pero de tallas menores, lo que resulta en una menor biomasa. No obstante, advirtieron que aun cuando se ve un incremento en la descarga, la captura por unidad de esfuerzo est\u00e1 bajando, lo que quiere decir que cada vez cuesta m\u00e1s pescarlo, y ser\u00eda tambi\u00e9n indicador por la disminuci\u00f3n de abundancia.<\/p>\n<h5>Mantener las vedas hist\u00f3ricas<\/h5>\n<p>El secretario de Pesca de Chubut, Adri\u00e1n Awstin, y el representante de la Asociaci\u00f3n de Pescadores Artesanales de Rawson, Christian C\u00f3rdoba Canosa y el integrante de la Flota Amarilla, Javier Pico, expresaron que lo importante es que se proteja el recurso que todos necesitan y mantener las vedas hist\u00f3ricas, no modificar el esquema de prospecciones (sur-norte) y abrir la temporada del 15 de junio al 1 de octubre, respetando las observaciones presentadas por el INIDEP.<\/p>\n<p>C\u00f3rdoba Canosa mencion\u00f3 que lo planteado por el INIDEP se reflej\u00f3 en la operatoria de barcos, que llegaron a pescar lo mismo que otros a\u00f1os, pero les cost\u00f3 m\u00e1s pescarlo.<\/p>\n<p>Por su parte, CEPA plante\u00f3 que al recurso se lo debe cuidar entre todos y pescar en forma responsable. A su turno la Cafach sostuvo que, sobre la base de lo que se ha visto con respecto al comercio exterior y los precios del producto entero y el no entero, es importante apuntar hacia el mayor valor agregado.<\/p>\n<p>Desde la Subsecretar\u00eda de Pesca de la Naci\u00f3n se propuso trabajar en conjunto para bajar el bycath, para lo cual el CFP ha creado una Comisi\u00f3n de Trabajo que atienda ese tema espec\u00edfico.<\/p>\n<h5>Observadores en fresqueros<\/h5>\n<p>CAPECA expresa que, en coincidencia con las anteriores posiciones, es importante ser responsables en el manejo del recurso. En primera instancia propone retrasar la prospecci\u00f3n con respecto a fechas anteriores al 1 de junio. Proponen hacer la prospecci\u00f3n de un \u00e1rea m\u00e1s amplia, con el compromiso de ofrecer mayor cantidad de barcos que permanezcan en el \u00e1rea que les corresponda prospectar. El INIDEP aclar\u00f3 que las capacidades de procesamiento de la informaci\u00f3n son limitadas.<\/p>\n<p>Finalmente, la Secretar\u00eda de Ambiente y Desarrollo Sustentable recomend\u00f3 la necesidad de que se embarquen observadores en la flota fresquera para contar con informaci\u00f3n m\u00e1s completa.<\/p>\n<p>Fuente:\u00a0https:\/\/revistapuerto.com.ar\/2019\/04\/chubut-propuso-abrir-la-zona-de-veda-del-15-de-junio-al-1-de-octubre\/<\/p>\n<\/article>\n<\/div>\n<\/div>\n<\/div>\n","protected":false},"excerpt":{"rendered":"<p>Chubut.-En la Comisi\u00f3n de Seguimiento del Langostino el INIDEP ratific\u00f3 una disminuci\u00f3n en el tama\u00f1o de reclutamiento por el atraso [&hellip;]<\/p>\n","protected":false},"author":2,"featured_media":60719,"comment_status":"open","ping_status":"open","sticky":false,"template":"","format":"standard","meta":{"site-sidebar-layout":"default","site-content-layout":"","ast-site-content-layout":"default","site-content-style":"default","site-sidebar-style":"default","ast-global-header-display":"","ast-banner-title-visibility":"","ast-main-header-display":"","ast-hfb-above-header-display":"","ast-hfb-below-header-display":"","ast-hfb-mobile-header-display":"","site-post-title":"","ast-breadcrumbs-content":"","ast-featured-img":"","footer-sml-layout":"","ast-disable-related-posts":"","theme-transparent-header-meta":"","adv-header-id-meta":"","stick-header-meta":"","header-above-stick-meta":"","header-main-stick-meta":"","header-below-stick-meta":"","astra-migrate-meta-layouts":"default","ast-page-background-enabled":"default","ast-page-background-meta":{"desktop":{"background-color":"var(--ast-global-color-5)","background-image":"","background-repeat":"repeat","background-position":"center center","background-size":"auto","background-attachment":"scroll","background-type":"","background-media":"","overlay-type":"","overlay-color":"","overlay-opacity":"","overlay-gradient":""},"tablet":{"background-color":"","background-image":"","background-repeat":"repeat","background-position":"center center","background-size":"auto","background-attachment":"scroll","background-type":"","background-media":"","overlay-type":"","overlay-color":"","overlay-opacity":"","overlay-gradient":""},"mobile":{"background-color":"","background-image":"","background-repeat":"repeat","background-position":"center center","background-size":"auto","background-attachment":"scroll","background-type":"","background-media":"","overlay-type":"","overlay-color":"","overlay-opacity":"","overlay-gradient":""}},"ast-content-background-meta":{"desktop":{"background-color":"var(--ast-global-color-4)","background-image":"","background-repeat":"repeat","background-position":"center center","background-size":"auto","background-attachment":"scroll","background-type":"","background-media":"","overlay-type":"","overlay-color":"","overlay-opacity":"","overlay-gradient":""},"tablet":{"background-color":"var(--ast-global-color-4)","background-image":"","background-repeat":"repeat","background-position":"center center","background-size":"auto","background-attachment":"scroll","background-type":"","background-media":"","overlay-type":"","overlay-color":"","overlay-opacity":"","overlay-gradient":""},"mobile":{"background-color":"var(--ast-global-color-4)","background-image":"","background-repeat":"repeat","background-position":"center center","background-size":"auto","background-attachment":"scroll","background-type":"","background-media":"","overlay-type":"","overlay-color":"","overlay-opacity":"","overlay-gradient":""}},"footnotes":""},"categories":[11,26,1,13],"tags":[],"class_list":["post-60718","post","type-post","status-publish","format-standard","has-post-thumbnail","hentry","category-boletin","category-chubut","category-noticias","category-provinciales"],"yoast_head":"<!-- This site is optimized with the Yoast SEO Premium plugin v23.0 (Yoast SEO v27.5) - https:\/\/yoast.com\/product\/yoast-seo-premium-wordpress\/ -->\n<title>Chubut propuso abrir la zona de veda del 15 de junio al 1 de octubre<\/title>\n<meta name=\"robots\" content=\"index, follow, max-snippet:-1, max-image-preview:large, max-video-preview:-1\" \/>\n<link rel=\"canonical\" href=\"https:\/\/patagoniambiental.com.ar\/info\/chubut-propuso-abrir-la-zona-de-veda-del-15-de-junio-al-1-de-octubre\/\" \/>\n<meta property=\"og:locale\" content=\"es_ES\" \/>\n<meta property=\"og:type\" content=\"article\" \/>\n<meta property=\"og:title\" content=\"Chubut propuso abrir la zona de veda del 15 de junio al 1 de octubre\" \/>\n<meta property=\"og:description\" content=\"Chubut.-En la Comisi\u00f3n de Seguimiento del Langostino el INIDEP ratific\u00f3 una disminuci\u00f3n en el tama\u00f1o de reclutamiento por el atraso [&hellip;]\" \/>\n<meta property=\"og:url\" content=\"https:\/\/patagoniambiental.com.ar\/info\/chubut-propuso-abrir-la-zona-de-veda-del-15-de-junio-al-1-de-octubre\/\" \/>\n<meta property=\"og:site_name\" content=\"Patagonia Ambiental\" \/>\n<meta property=\"article:publisher\" content=\"https:\/\/www.facebook.com\/patagonia.ambiental\" \/>\n<meta property=\"article:author\" content=\"https:\/\/www.facebook.com\/share\/1C1V8Gv9BX\/?mibextid=qi2Omg\" \/>\n<meta property=\"article:published_time\" content=\"2019-05-26T10:00:38+00:00\" \/>\n<meta property=\"og:image\" content=\"https:\/\/patagoniambiental.com.ar\/info\/wp-content\/uploads\/2019\/04\/Revista-Puerto-Comision-Seguimiento-Langostino-01.jpg\" \/>\n\t<meta property=\"og:image:width\" content=\"690\" \/>\n\t<meta property=\"og:image:height\" content=\"460\" \/>\n\t<meta property=\"og:image:type\" content=\"image\/jpeg\" \/>\n<meta name=\"author\" content=\"Patagonia Ambiental\" \/>\n<meta name=\"twitter:card\" content=\"summary_large_image\" \/>\n<meta name=\"twitter:creator\" content=\"@PatAmb\" \/>\n<meta name=\"twitter:site\" content=\"@PatAmb\" \/>\n<script type=\"application\/ld+json\" class=\"yoast-schema-graph\">{\"@context\":\"https:\\\/\\\/schema.org\",\"@graph\":[{\"@type\":\"Article\",\"@id\":\"https:\\\/\\\/patagoniambiental.com.ar\\\/info\\\/chubut-propuso-abrir-la-zona-de-veda-del-15-de-junio-al-1-de-octubre\\\/#article\",\"isPartOf\":{\"@id\":\"https:\\\/\\\/patagoniambiental.com.ar\\\/info\\\/chubut-propuso-abrir-la-zona-de-veda-del-15-de-junio-al-1-de-octubre\\\/\"},\"author\":{\"name\":\"Patagonia Ambiental\",\"@id\":\"https:\\\/\\\/patagoniambiental.com.ar\\\/info\\\/#\\\/schema\\\/person\\\/db12bff64bbcbf6a253710bf0ea37b5d\"},\"headline\":\"Chubut propuso abrir la zona de veda del 15 de junio al 1 de octubre\",\"datePublished\":\"2019-05-26T10:00:38+00:00\",\"mainEntityOfPage\":{\"@id\":\"https:\\\/\\\/patagoniambiental.com.ar\\\/info\\\/chubut-propuso-abrir-la-zona-de-veda-del-15-de-junio-al-1-de-octubre\\\/\"},\"wordCount\":1392,\"commentCount\":0,\"publisher\":{\"@id\":\"https:\\\/\\\/patagoniambiental.com.ar\\\/info\\\/#organization\"},\"image\":{\"@id\":\"https:\\\/\\\/patagoniambiental.com.ar\\\/info\\\/chubut-propuso-abrir-la-zona-de-veda-del-15-de-junio-al-1-de-octubre\\\/#primaryimage\"},\"thumbnailUrl\":\"https:\\\/\\\/patagoniambiental.com.ar\\\/info\\\/wp-content\\\/uploads\\\/2019\\\/04\\\/Revista-Puerto-Comision-Seguimiento-Langostino-01.jpg\",\"articleSection\":[\"Bolet\u00edn\",\"Chubut\",\"Noticias\",\"Provinciales\"],\"inLanguage\":\"es\",\"potentialAction\":[{\"@type\":\"CommentAction\",\"name\":\"Comment\",\"target\":[\"https:\\\/\\\/patagoniambiental.com.ar\\\/info\\\/chubut-propuso-abrir-la-zona-de-veda-del-15-de-junio-al-1-de-octubre\\\/#respond\"]}]},{\"@type\":\"WebPage\",\"@id\":\"https:\\\/\\\/patagoniambiental.com.ar\\\/info\\\/chubut-propuso-abrir-la-zona-de-veda-del-15-de-junio-al-1-de-octubre\\\/\",\"url\":\"https:\\\/\\\/patagoniambiental.com.ar\\\/info\\\/chubut-propuso-abrir-la-zona-de-veda-del-15-de-junio-al-1-de-octubre\\\/\",\"name\":\"Chubut propuso abrir la zona de veda del 15 de junio al 1 de octubre\",\"isPartOf\":{\"@id\":\"https:\\\/\\\/patagoniambiental.com.ar\\\/info\\\/#website\"},\"primaryImageOfPage\":{\"@id\":\"https:\\\/\\\/patagoniambiental.com.ar\\\/info\\\/chubut-propuso-abrir-la-zona-de-veda-del-15-de-junio-al-1-de-octubre\\\/#primaryimage\"},\"image\":{\"@id\":\"https:\\\/\\\/patagoniambiental.com.ar\\\/info\\\/chubut-propuso-abrir-la-zona-de-veda-del-15-de-junio-al-1-de-octubre\\\/#primaryimage\"},\"thumbnailUrl\":\"https:\\\/\\\/patagoniambiental.com.ar\\\/info\\\/wp-content\\\/uploads\\\/2019\\\/04\\\/Revista-Puerto-Comision-Seguimiento-Langostino-01.jpg\",\"datePublished\":\"2019-05-26T10:00:38+00:00\",\"breadcrumb\":{\"@id\":\"https:\\\/\\\/patagoniambiental.com.ar\\\/info\\\/chubut-propuso-abrir-la-zona-de-veda-del-15-de-junio-al-1-de-octubre\\\/#breadcrumb\"},\"inLanguage\":\"es\",\"potentialAction\":[{\"@type\":\"ReadAction\",\"target\":[\"https:\\\/\\\/patagoniambiental.com.ar\\\/info\\\/chubut-propuso-abrir-la-zona-de-veda-del-15-de-junio-al-1-de-octubre\\\/\"]}]},{\"@type\":\"ImageObject\",\"inLanguage\":\"es\",\"@id\":\"https:\\\/\\\/patagoniambiental.com.ar\\\/info\\\/chubut-propuso-abrir-la-zona-de-veda-del-15-de-junio-al-1-de-octubre\\\/#primaryimage\",\"url\":\"https:\\\/\\\/patagoniambiental.com.ar\\\/info\\\/wp-content\\\/uploads\\\/2019\\\/04\\\/Revista-Puerto-Comision-Seguimiento-Langostino-01.jpg\",\"contentUrl\":\"https:\\\/\\\/patagoniambiental.com.ar\\\/info\\\/wp-content\\\/uploads\\\/2019\\\/04\\\/Revista-Puerto-Comision-Seguimiento-Langostino-01.jpg\",\"width\":690,\"height\":460},{\"@type\":\"BreadcrumbList\",\"@id\":\"https:\\\/\\\/patagoniambiental.com.ar\\\/info\\\/chubut-propuso-abrir-la-zona-de-veda-del-15-de-junio-al-1-de-octubre\\\/#breadcrumb\",\"itemListElement\":[{\"@type\":\"ListItem\",\"position\":1,\"name\":\"Inicio\",\"item\":\"https:\\\/\\\/patagoniambiental.com.ar\\\/info\\\/\"},{\"@type\":\"ListItem\",\"position\":2,\"name\":\"Chubut propuso abrir la zona de veda del 15 de junio al 1 de octubre\"}]},{\"@type\":\"WebSite\",\"@id\":\"https:\\\/\\\/patagoniambiental.com.ar\\\/info\\\/#website\",\"url\":\"https:\\\/\\\/patagoniambiental.com.ar\\\/info\\\/\",\"name\":\"Patagonia Ambiental\",\"description\":\"Monitoreo y an\u00e1lisis de la situaci\u00f3n geopol\u00edtica en el mundo y su implicancia en la Patagonia\",\"publisher\":{\"@id\":\"https:\\\/\\\/patagoniambiental.com.ar\\\/info\\\/#organization\"},\"potentialAction\":[{\"@type\":\"SearchAction\",\"target\":{\"@type\":\"EntryPoint\",\"urlTemplate\":\"https:\\\/\\\/patagoniambiental.com.ar\\\/info\\\/?s={search_term_string}\"},\"query-input\":{\"@type\":\"PropertyValueSpecification\",\"valueRequired\":true,\"valueName\":\"search_term_string\"}}],\"inLanguage\":\"es\"},{\"@type\":\"Organization\",\"@id\":\"https:\\\/\\\/patagoniambiental.com.ar\\\/info\\\/#organization\",\"name\":\"Patagonia Ambiental\",\"url\":\"https:\\\/\\\/patagoniambiental.com.ar\\\/info\\\/\",\"logo\":{\"@type\":\"ImageObject\",\"inLanguage\":\"es\",\"@id\":\"https:\\\/\\\/patagoniambiental.com.ar\\\/info\\\/#\\\/schema\\\/logo\\\/image\\\/\",\"url\":\"https:\\\/\\\/patagoniambiental.com.ar\\\/info\\\/wp-content\\\/uploads\\\/2025\\\/05\\\/LOGO-PATAGONIA-AMBIENTAL.png\",\"contentUrl\":\"https:\\\/\\\/patagoniambiental.com.ar\\\/info\\\/wp-content\\\/uploads\\\/2025\\\/05\\\/LOGO-PATAGONIA-AMBIENTAL.png\",\"width\":433,\"height\":250,\"caption\":\"Patagonia Ambiental\"},\"image\":{\"@id\":\"https:\\\/\\\/patagoniambiental.com.ar\\\/info\\\/#\\\/schema\\\/logo\\\/image\\\/\"},\"sameAs\":[\"https:\\\/\\\/www.facebook.com\\\/patagonia.ambiental\",\"https:\\\/\\\/x.com\\\/PatAmb\"]},{\"@type\":\"Person\",\"@id\":\"https:\\\/\\\/patagoniambiental.com.ar\\\/info\\\/#\\\/schema\\\/person\\\/db12bff64bbcbf6a253710bf0ea37b5d\",\"name\":\"Patagonia Ambiental\",\"description\":\"Andr\u00e9s Nievas T\u00e9cnico en manejo ambiental, consultor Ambiental y escritor para medios locales e internacionales sobre temas de geopolitica y medio ambiente.\",\"sameAs\":[\"http:\\\/\\\/www.patagoniambiental.com.ar\",\"https:\\\/\\\/www.facebook.com\\\/share\\\/1C1V8Gv9BX\\\/?mibextid=qi2Omg\",\"@patagoniambiental\",\"https:\\\/\\\/youtube.com\\\/@patagoniaambiental2023?si=BLt58t0wuXquxlYZ\"]}]}<\/script>\n<!-- \/ Yoast SEO Premium plugin. -->","yoast_head_json":{"title":"Chubut propuso abrir la zona de veda del 15 de junio al 1 de octubre","robots":{"index":"index","follow":"follow","max-snippet":"max-snippet:-1","max-image-preview":"max-image-preview:large","max-video-preview":"max-video-preview:-1"},"canonical":"https:\/\/patagoniambiental.com.ar\/info\/chubut-propuso-abrir-la-zona-de-veda-del-15-de-junio-al-1-de-octubre\/","og_locale":"es_ES","og_type":"article","og_title":"Chubut propuso abrir la zona de veda del 15 de junio al 1 de octubre","og_description":"Chubut.-En la Comisi\u00f3n de Seguimiento del Langostino el INIDEP ratific\u00f3 una disminuci\u00f3n en el tama\u00f1o de reclutamiento por el atraso [&hellip;]","og_url":"https:\/\/patagoniambiental.com.ar\/info\/chubut-propuso-abrir-la-zona-de-veda-del-15-de-junio-al-1-de-octubre\/","og_site_name":"Patagonia Ambiental","article_publisher":"https:\/\/www.facebook.com\/patagonia.ambiental","article_author":"https:\/\/www.facebook.com\/share\/1C1V8Gv9BX\/?mibextid=qi2Omg","article_published_time":"2019-05-26T10:00:38+00:00","og_image":[{"width":690,"height":460,"url":"https:\/\/patagoniambiental.com.ar\/info\/wp-content\/uploads\/2019\/04\/Revista-Puerto-Comision-Seguimiento-Langostino-01.jpg","type":"image\/jpeg"}],"author":"Patagonia Ambiental","twitter_card":"summary_large_image","twitter_creator":"@PatAmb","twitter_site":"@PatAmb","schema":{"@context":"https:\/\/schema.org","@graph":[{"@type":"Article","@id":"https:\/\/patagoniambiental.com.ar\/info\/chubut-propuso-abrir-la-zona-de-veda-del-15-de-junio-al-1-de-octubre\/#article","isPartOf":{"@id":"https:\/\/patagoniambiental.com.ar\/info\/chubut-propuso-abrir-la-zona-de-veda-del-15-de-junio-al-1-de-octubre\/"},"author":{"name":"Patagonia Ambiental","@id":"https:\/\/patagoniambiental.com.ar\/info\/#\/schema\/person\/db12bff64bbcbf6a253710bf0ea37b5d"},"headline":"Chubut propuso abrir la zona de veda del 15 de junio al 1 de octubre","datePublished":"2019-05-26T10:00:38+00:00","mainEntityOfPage":{"@id":"https:\/\/patagoniambiental.com.ar\/info\/chubut-propuso-abrir-la-zona-de-veda-del-15-de-junio-al-1-de-octubre\/"},"wordCount":1392,"commentCount":0,"publisher":{"@id":"https:\/\/patagoniambiental.com.ar\/info\/#organization"},"image":{"@id":"https:\/\/patagoniambiental.com.ar\/info\/chubut-propuso-abrir-la-zona-de-veda-del-15-de-junio-al-1-de-octubre\/#primaryimage"},"thumbnailUrl":"https:\/\/patagoniambiental.com.ar\/info\/wp-content\/uploads\/2019\/04\/Revista-Puerto-Comision-Seguimiento-Langostino-01.jpg","articleSection":["Bolet\u00edn","Chubut","Noticias","Provinciales"],"inLanguage":"es","potentialAction":[{"@type":"CommentAction","name":"Comment","target":["https:\/\/patagoniambiental.com.ar\/info\/chubut-propuso-abrir-la-zona-de-veda-del-15-de-junio-al-1-de-octubre\/#respond"]}]},{"@type":"WebPage","@id":"https:\/\/patagoniambiental.com.ar\/info\/chubut-propuso-abrir-la-zona-de-veda-del-15-de-junio-al-1-de-octubre\/","url":"https:\/\/patagoniambiental.com.ar\/info\/chubut-propuso-abrir-la-zona-de-veda-del-15-de-junio-al-1-de-octubre\/","name":"Chubut propuso abrir la zona de veda del 15 de junio al 1 de octubre","isPartOf":{"@id":"https:\/\/patagoniambiental.com.ar\/info\/#website"},"primaryImageOfPage":{"@id":"https:\/\/patagoniambiental.com.ar\/info\/chubut-propuso-abrir-la-zona-de-veda-del-15-de-junio-al-1-de-octubre\/#primaryimage"},"image":{"@id":"https:\/\/patagoniambiental.com.ar\/info\/chubut-propuso-abrir-la-zona-de-veda-del-15-de-junio-al-1-de-octubre\/#primaryimage"},"thumbnailUrl":"https:\/\/patagoniambiental.com.ar\/info\/wp-content\/uploads\/2019\/04\/Revista-Puerto-Comision-Seguimiento-Langostino-01.jpg","datePublished":"2019-05-26T10:00:38+00:00","breadcrumb":{"@id":"https:\/\/patagoniambiental.com.ar\/info\/chubut-propuso-abrir-la-zona-de-veda-del-15-de-junio-al-1-de-octubre\/#breadcrumb"},"inLanguage":"es","potentialAction":[{"@type":"ReadAction","target":["https:\/\/patagoniambiental.com.ar\/info\/chubut-propuso-abrir-la-zona-de-veda-del-15-de-junio-al-1-de-octubre\/"]}]},{"@type":"ImageObject","inLanguage":"es","@id":"https:\/\/patagoniambiental.com.ar\/info\/chubut-propuso-abrir-la-zona-de-veda-del-15-de-junio-al-1-de-octubre\/#primaryimage","url":"https:\/\/patagoniambiental.com.ar\/info\/wp-content\/uploads\/2019\/04\/Revista-Puerto-Comision-Seguimiento-Langostino-01.jpg","contentUrl":"https:\/\/patagoniambiental.com.ar\/info\/wp-content\/uploads\/2019\/04\/Revista-Puerto-Comision-Seguimiento-Langostino-01.jpg","width":690,"height":460},{"@type":"BreadcrumbList","@id":"https:\/\/patagoniambiental.com.ar\/info\/chubut-propuso-abrir-la-zona-de-veda-del-15-de-junio-al-1-de-octubre\/#breadcrumb","itemListElement":[{"@type":"ListItem","position":1,"name":"Inicio","item":"https:\/\/patagoniambiental.com.ar\/info\/"},{"@type":"ListItem","position":2,"name":"Chubut propuso abrir la zona de veda del 15 de junio al 1 de octubre"}]},{"@type":"WebSite","@id":"https:\/\/patagoniambiental.com.ar\/info\/#website","url":"https:\/\/patagoniambiental.com.ar\/info\/","name":"Patagonia Ambiental","description":"Monitoreo y an\u00e1lisis de la situaci\u00f3n geopol\u00edtica en el mundo y su implicancia en la Patagonia","publisher":{"@id":"https:\/\/patagoniambiental.com.ar\/info\/#organization"},"potentialAction":[{"@type":"SearchAction","target":{"@type":"EntryPoint","urlTemplate":"https:\/\/patagoniambiental.com.ar\/info\/?s={search_term_string}"},"query-input":{"@type":"PropertyValueSpecification","valueRequired":true,"valueName":"search_term_string"}}],"inLanguage":"es"},{"@type":"Organization","@id":"https:\/\/patagoniambiental.com.ar\/info\/#organization","name":"Patagonia Ambiental","url":"https:\/\/patagoniambiental.com.ar\/info\/","logo":{"@type":"ImageObject","inLanguage":"es","@id":"https:\/\/patagoniambiental.com.ar\/info\/#\/schema\/logo\/image\/","url":"https:\/\/patagoniambiental.com.ar\/info\/wp-content\/uploads\/2025\/05\/LOGO-PATAGONIA-AMBIENTAL.png","contentUrl":"https:\/\/patagoniambiental.com.ar\/info\/wp-content\/uploads\/2025\/05\/LOGO-PATAGONIA-AMBIENTAL.png","width":433,"height":250,"caption":"Patagonia Ambiental"},"image":{"@id":"https:\/\/patagoniambiental.com.ar\/info\/#\/schema\/logo\/image\/"},"sameAs":["https:\/\/www.facebook.com\/patagonia.ambiental","https:\/\/x.com\/PatAmb"]},{"@type":"Person","@id":"https:\/\/patagoniambiental.com.ar\/info\/#\/schema\/person\/db12bff64bbcbf6a253710bf0ea37b5d","name":"Patagonia Ambiental","description":"Andr\u00e9s Nievas T\u00e9cnico en manejo ambiental, consultor Ambiental y escritor para medios locales e internacionales sobre temas de geopolitica y medio ambiente.","sameAs":["http:\/\/www.patagoniambiental.com.ar","https:\/\/www.facebook.com\/share\/1C1V8Gv9BX\/?mibextid=qi2Omg","@patagoniambiental","https:\/\/youtube.com\/@patagoniaambiental2023?si=BLt58t0wuXquxlYZ"]}]}},"_links":{"self":[{"href":"https:\/\/patagoniambiental.com.ar\/info\/wp-json\/wp\/v2\/posts\/60718","targetHints":{"allow":["GET"]}}],"collection":[{"href":"https:\/\/patagoniambiental.com.ar\/info\/wp-json\/wp\/v2\/posts"}],"about":[{"href":"https:\/\/patagoniambiental.com.ar\/info\/wp-json\/wp\/v2\/types\/post"}],"author":[{"embeddable":true,"href":"https:\/\/patagoniambiental.com.ar\/info\/wp-json\/wp\/v2\/users\/2"}],"replies":[{"embeddable":true,"href":"https:\/\/patagoniambiental.com.ar\/info\/wp-json\/wp\/v2\/comments?post=60718"}],"version-history":[{"count":0,"href":"https:\/\/patagoniambiental.com.ar\/info\/wp-json\/wp\/v2\/posts\/60718\/revisions"}],"wp:featuredmedia":[{"embeddable":true,"href":"https:\/\/patagoniambiental.com.ar\/info\/wp-json\/wp\/v2\/media\/60719"}],"wp:attachment":[{"href":"https:\/\/patagoniambiental.com.ar\/info\/wp-json\/wp\/v2\/media?parent=60718"}],"wp:term":[{"taxonomy":"category","embeddable":true,"href":"https:\/\/patagoniambiental.com.ar\/info\/wp-json\/wp\/v2\/categories?post=60718"},{"taxonomy":"post_tag","embeddable":true,"href":"https:\/\/patagoniambiental.com.ar\/info\/wp-json\/wp\/v2\/tags?post=60718"}],"curies":[{"name":"wp","href":"https:\/\/api.w.org\/{rel}","templated":true}]}}