{"id":60738,"date":"2019-04-30T19:00:25","date_gmt":"2019-04-30T22:00:25","guid":{"rendered":"http:\/\/patagoniambiental.com.ar\/info\/?p=60738"},"modified":"2019-04-30T12:45:17","modified_gmt":"2019-04-30T15:45:17","slug":"instalaron-un-molino-eolico-en-queupu-niyeu","status":"publish","type":"post","link":"https:\/\/patagoniambiental.com.ar\/info\/instalaron-un-molino-eolico-en-queupu-niyeu\/","title":{"rendered":"Instalaron un molino e\u00f3lico en Queupu Niyeu"},"content":{"rendered":"<section id=\"leerNoticia\">\n<article>Mediante un trabajo coordinado, entre el Municipio de Sierra Colorada, el Ente de Desarrollo de la Regi\u00f3n Sur y la Universidad de Rio Negro, se instal\u00f3 un prototipo de molino e\u00f3lico \u201cSavonius\u201d en el paraje.<\/p>\n<p><!--more--><\/p>\n<div class=\"contenido\">\n<div class=\"img\">\n<figure style=\"width: 552px\" class=\"wp-caption alignleft\"><img fetchpriority=\"high\" decoding=\"async\" id=\"imagenNoticia\" src=\"http:\/\/www.choiquenet.com.ar\/download\/post.imagen.bf87031624b7cdf2.6d6f6c696e6f2e6a7067.jpg\" alt=\"imagenIlustraci\u00f3n\" width=\"552\" height=\"414\" \/><figcaption class=\"wp-caption-text\">Foto(Municipalidad de Sierra Colorada)<\/figcaption><\/figure>\n<\/div>\n<p>Se trata de un proyecto extensivo de la Universidad de Rio Negro, correspondiente a la carrera de T\u00e9cnico en Mantenimiento Industrial de la Universidad Nacional de Rio Negro, con sede en General Roca, ejecutado con organizaciones regionales. En este caso, intervino el Ente de Desarrollo de la Regi\u00f3n Sur y la Municipalidad de Sierra Colorada.<\/p>\n<p>El molino e\u00f3lico \u00abSavonius\u00bb esta pensado para extraer agua de pozos para bebederos de animales, riego de plantas y huertas.<\/p>\n<p>En cuanto a la construcci\u00f3n del molino son una de las turbinas m\u00e1s simples. Aerodin\u00e1micamente, son dispositivos de arrastre o resistencia que constan de dos o tres palas. Mirando el rotor desde arriba, las palas forman la figura de una S. Debido a la curvatura, las palas experimentan menos resistencia cuando se mueven en contra del viento que a favor de \u00e9l. Esta diferencia causa que la turbina Savonius gire. Como es un artefacto de arrastre, la Savonius extrae mucho menos de la fuerza del viento que las turbinas de sustentaci\u00f3n con similar tama\u00f1o. Por otro lado, no necesitan orientarse en la direcci\u00f3n del viento, soportan mejor las turbulencias y pueden empezar a girar con vientos de baja velocidad. Es una de las turbinas m\u00e1s econ\u00f3micas y m\u00e1s f\u00e1ciles de usar.<\/p>\n<p>El intendente de Sierra Colorada, Fabi\u00e1n Pilquinao, estuvo acompa\u00f1ando el proceso de instalaci\u00f3n del molino en el campo del vecino Quito Uriz, destacando la importancia que tiene este tipo de proyectos para el desarrollo de \u00a0zonas rurales de la regi\u00f3n.<\/p>\n<p><img decoding=\"async\" src=\"https:\/\/scontent.fbrc1-1.fna.fbcdn.net\/v\/t1.0-9\/58669607_469242490550712_6742159332487462912_n.jpg?_nc_cat=107&amp;_nc_ht=scontent.fbrc1-1.fna&amp;oh=8bb11332018b1a11efbf27c2c9aae9ed&amp;oe=5D6F37BB\" alt=\"\" \/><\/p>\n<div><\/div>\n<\/div>\n<\/article>\n<\/section>\n<p>&nbsp;<\/p>\n<section id=\"suscripciones\">\n<div>\n<article>\n<h3>Tu aporte es fundamental para sostener este proyecto&#8230;<\/h3>\n<p><b>Choiquenet<\/b>\u00a0no recibe aportes de empresarios ni de pautas publicitarias oficiales. En tiempos de ajustes y represi\u00f3n, se hace necesario fortalecer un medio que reproduzca las voces de los sectores vulnerables.<\/p>\n<p>Suscribite a Choiquenet con un m\u00f3dico aporte mensual y sumate para que sigamos sosteniendo juntos este apasionante desaf\u00edo period\u00edstico.<\/p>\n<p>Fuente: Choiquenet<\/article>\n<\/div>\n<\/section>\n","protected":false},"excerpt":{"rendered":"<p>Mediante un trabajo coordinado, entre el Municipio de Sierra Colorada, el Ente de Desarrollo de la Regi\u00f3n Sur y la [&hellip;]<\/p>\n","protected":false},"author":2,"featured_media":60739,"comment_status":"open","ping_status":"open","sticky":false,"template":"","format":"standard","meta":{"site-sidebar-layout":"default","site-content-layout":"","ast-site-content-layout":"default","site-content-style":"default","site-sidebar-style":"default","ast-global-header-display":"","ast-banner-title-visibility":"","ast-main-header-display":"","ast-hfb-above-header-display":"","ast-hfb-below-header-display":"","ast-hfb-mobile-header-display":"","site-post-title":"","ast-breadcrumbs-content":"","ast-featured-img":"","footer-sml-layout":"","ast-disable-related-posts":"","theme-transparent-header-meta":"","adv-header-id-meta":"","stick-header-meta":"","header-above-stick-meta":"","header-main-stick-meta":"","header-below-stick-meta":"","astra-migrate-meta-layouts":"default","ast-page-background-enabled":"default","ast-page-background-meta":{"desktop":{"background-color":"var(--ast-global-color-5)","background-image":"","background-repeat":"repeat","background-position":"center center","background-size":"auto","background-attachment":"scroll","background-type":"","background-media":"","overlay-type":"","overlay-color":"","overlay-opacity":"","overlay-gradient":""},"tablet":{"background-color":"","background-image":"","background-repeat":"repeat","background-position":"center center","background-size":"auto","background-attachment":"scroll","background-type":"","background-media":"","overlay-type":"","overlay-color":"","overlay-opacity":"","overlay-gradient":""},"mobile":{"background-color":"","background-image":"","background-repeat":"repeat","background-position":"center center","background-size":"auto","background-attachment":"scroll","background-type":"","background-media":"","overlay-type":"","overlay-color":"","overlay-opacity":"","overlay-gradient":""}},"ast-content-background-meta":{"desktop":{"background-color":"var(--ast-global-color-4)","background-image":"","background-repeat":"repeat","background-position":"center center","background-size":"auto","background-attachment":"scroll","background-type":"","background-media":"","overlay-type":"","overlay-color":"","overlay-opacity":"","overlay-gradient":""},"tablet":{"background-color":"var(--ast-global-color-4)","background-image":"","background-repeat":"repeat","background-position":"center center","background-size":"auto","background-attachment":"scroll","background-type":"","background-media":"","overlay-type":"","overlay-color":"","overlay-opacity":"","overlay-gradient":""},"mobile":{"background-color":"var(--ast-global-color-4)","background-image":"","background-repeat":"repeat","background-position":"center center","background-size":"auto","background-attachment":"scroll","background-type":"","background-media":"","overlay-type":"","overlay-color":"","overlay-opacity":"","overlay-gradient":""}},"footnotes":""},"categories":[1,13,14],"tags":[],"class_list":["post-60738","post","type-post","status-publish","format-standard","has-post-thumbnail","hentry","category-noticias","category-provinciales","category-rio-negro"],"yoast_head":"<!-- This site is optimized with the Yoast SEO Premium plugin v23.0 (Yoast SEO v27.5) - https:\/\/yoast.com\/product\/yoast-seo-premium-wordpress\/ -->\n<title>Instalaron un molino e\u00f3lico en Queupu Niyeu<\/title>\n<meta name=\"robots\" content=\"index, follow, max-snippet:-1, max-image-preview:large, max-video-preview:-1\" \/>\n<link rel=\"canonical\" href=\"https:\/\/patagoniambiental.com.ar\/info\/instalaron-un-molino-eolico-en-queupu-niyeu\/\" \/>\n<meta property=\"og:locale\" content=\"es_ES\" \/>\n<meta property=\"og:type\" content=\"article\" \/>\n<meta property=\"og:title\" content=\"Instalaron un molino e\u00f3lico en Queupu Niyeu\" \/>\n<meta property=\"og:description\" content=\"Mediante un trabajo coordinado, entre el Municipio de Sierra Colorada, el Ente de Desarrollo de la Regi\u00f3n Sur y la [&hellip;]\" \/>\n<meta property=\"og:url\" content=\"https:\/\/patagoniambiental.com.ar\/info\/instalaron-un-molino-eolico-en-queupu-niyeu\/\" \/>\n<meta property=\"og:site_name\" content=\"Patagonia Ambiental\" \/>\n<meta property=\"article:publisher\" content=\"https:\/\/www.facebook.com\/patagonia.ambiental\" \/>\n<meta property=\"article:author\" content=\"https:\/\/www.facebook.com\/share\/1C1V8Gv9BX\/?mibextid=qi2Omg\" \/>\n<meta property=\"article:published_time\" content=\"2019-04-30T22:00:25+00:00\" \/>\n<meta property=\"og:image\" content=\"https:\/\/patagoniambiental.com.ar\/info\/wp-content\/uploads\/2019\/04\/molino.jpg\" \/>\n\t<meta property=\"og:image:width\" content=\"552\" \/>\n\t<meta property=\"og:image:height\" content=\"414\" \/>\n\t<meta property=\"og:image:type\" content=\"image\/jpeg\" \/>\n<meta name=\"author\" content=\"Patagonia Ambiental\" \/>\n<meta name=\"twitter:card\" content=\"summary_large_image\" \/>\n<meta name=\"twitter:creator\" content=\"@PatAmb\" \/>\n<meta name=\"twitter:site\" content=\"@PatAmb\" \/>\n<script type=\"application\/ld+json\" class=\"yoast-schema-graph\">{\"@context\":\"https:\\\/\\\/schema.org\",\"@graph\":[{\"@type\":\"Article\",\"@id\":\"https:\\\/\\\/patagoniambiental.com.ar\\\/info\\\/instalaron-un-molino-eolico-en-queupu-niyeu\\\/#article\",\"isPartOf\":{\"@id\":\"https:\\\/\\\/patagoniambiental.com.ar\\\/info\\\/instalaron-un-molino-eolico-en-queupu-niyeu\\\/\"},\"author\":{\"name\":\"Patagonia Ambiental\",\"@id\":\"https:\\\/\\\/patagoniambiental.com.ar\\\/info\\\/#\\\/schema\\\/person\\\/db12bff64bbcbf6a253710bf0ea37b5d\"},\"headline\":\"Instalaron un molino e\u00f3lico en Queupu Niyeu\",\"datePublished\":\"2019-04-30T22:00:25+00:00\",\"mainEntityOfPage\":{\"@id\":\"https:\\\/\\\/patagoniambiental.com.ar\\\/info\\\/instalaron-un-molino-eolico-en-queupu-niyeu\\\/\"},\"wordCount\":384,\"commentCount\":0,\"publisher\":{\"@id\":\"https:\\\/\\\/patagoniambiental.com.ar\\\/info\\\/#organization\"},\"image\":{\"@id\":\"https:\\\/\\\/patagoniambiental.com.ar\\\/info\\\/instalaron-un-molino-eolico-en-queupu-niyeu\\\/#primaryimage\"},\"thumbnailUrl\":\"https:\\\/\\\/patagoniambiental.com.ar\\\/info\\\/wp-content\\\/uploads\\\/2019\\\/04\\\/molino.jpg\",\"articleSection\":[\"Noticias\",\"Provinciales\",\"R\u00edo Negro\"],\"inLanguage\":\"es\",\"potentialAction\":[{\"@type\":\"CommentAction\",\"name\":\"Comment\",\"target\":[\"https:\\\/\\\/patagoniambiental.com.ar\\\/info\\\/instalaron-un-molino-eolico-en-queupu-niyeu\\\/#respond\"]}]},{\"@type\":\"WebPage\",\"@id\":\"https:\\\/\\\/patagoniambiental.com.ar\\\/info\\\/instalaron-un-molino-eolico-en-queupu-niyeu\\\/\",\"url\":\"https:\\\/\\\/patagoniambiental.com.ar\\\/info\\\/instalaron-un-molino-eolico-en-queupu-niyeu\\\/\",\"name\":\"Instalaron un molino e\u00f3lico en Queupu Niyeu\",\"isPartOf\":{\"@id\":\"https:\\\/\\\/patagoniambiental.com.ar\\\/info\\\/#website\"},\"primaryImageOfPage\":{\"@id\":\"https:\\\/\\\/patagoniambiental.com.ar\\\/info\\\/instalaron-un-molino-eolico-en-queupu-niyeu\\\/#primaryimage\"},\"image\":{\"@id\":\"https:\\\/\\\/patagoniambiental.com.ar\\\/info\\\/instalaron-un-molino-eolico-en-queupu-niyeu\\\/#primaryimage\"},\"thumbnailUrl\":\"https:\\\/\\\/patagoniambiental.com.ar\\\/info\\\/wp-content\\\/uploads\\\/2019\\\/04\\\/molino.jpg\",\"datePublished\":\"2019-04-30T22:00:25+00:00\",\"breadcrumb\":{\"@id\":\"https:\\\/\\\/patagoniambiental.com.ar\\\/info\\\/instalaron-un-molino-eolico-en-queupu-niyeu\\\/#breadcrumb\"},\"inLanguage\":\"es\",\"potentialAction\":[{\"@type\":\"ReadAction\",\"target\":[\"https:\\\/\\\/patagoniambiental.com.ar\\\/info\\\/instalaron-un-molino-eolico-en-queupu-niyeu\\\/\"]}]},{\"@type\":\"ImageObject\",\"inLanguage\":\"es\",\"@id\":\"https:\\\/\\\/patagoniambiental.com.ar\\\/info\\\/instalaron-un-molino-eolico-en-queupu-niyeu\\\/#primaryimage\",\"url\":\"https:\\\/\\\/patagoniambiental.com.ar\\\/info\\\/wp-content\\\/uploads\\\/2019\\\/04\\\/molino.jpg\",\"contentUrl\":\"https:\\\/\\\/patagoniambiental.com.ar\\\/info\\\/wp-content\\\/uploads\\\/2019\\\/04\\\/molino.jpg\",\"width\":552,\"height\":414},{\"@type\":\"BreadcrumbList\",\"@id\":\"https:\\\/\\\/patagoniambiental.com.ar\\\/info\\\/instalaron-un-molino-eolico-en-queupu-niyeu\\\/#breadcrumb\",\"itemListElement\":[{\"@type\":\"ListItem\",\"position\":1,\"name\":\"Inicio\",\"item\":\"https:\\\/\\\/patagoniambiental.com.ar\\\/info\\\/\"},{\"@type\":\"ListItem\",\"position\":2,\"name\":\"Instalaron un molino e\u00f3lico en Queupu Niyeu\"}]},{\"@type\":\"WebSite\",\"@id\":\"https:\\\/\\\/patagoniambiental.com.ar\\\/info\\\/#website\",\"url\":\"https:\\\/\\\/patagoniambiental.com.ar\\\/info\\\/\",\"name\":\"Patagonia Ambiental\",\"description\":\"Monitoreo y an\u00e1lisis de la situaci\u00f3n geopol\u00edtica en el mundo y su implicancia en la Patagonia\",\"publisher\":{\"@id\":\"https:\\\/\\\/patagoniambiental.com.ar\\\/info\\\/#organization\"},\"potentialAction\":[{\"@type\":\"SearchAction\",\"target\":{\"@type\":\"EntryPoint\",\"urlTemplate\":\"https:\\\/\\\/patagoniambiental.com.ar\\\/info\\\/?s={search_term_string}\"},\"query-input\":{\"@type\":\"PropertyValueSpecification\",\"valueRequired\":true,\"valueName\":\"search_term_string\"}}],\"inLanguage\":\"es\"},{\"@type\":\"Organization\",\"@id\":\"https:\\\/\\\/patagoniambiental.com.ar\\\/info\\\/#organization\",\"name\":\"Patagonia Ambiental\",\"url\":\"https:\\\/\\\/patagoniambiental.com.ar\\\/info\\\/\",\"logo\":{\"@type\":\"ImageObject\",\"inLanguage\":\"es\",\"@id\":\"https:\\\/\\\/patagoniambiental.com.ar\\\/info\\\/#\\\/schema\\\/logo\\\/image\\\/\",\"url\":\"https:\\\/\\\/patagoniambiental.com.ar\\\/info\\\/wp-content\\\/uploads\\\/2025\\\/05\\\/LOGO-PATAGONIA-AMBIENTAL.png\",\"contentUrl\":\"https:\\\/\\\/patagoniambiental.com.ar\\\/info\\\/wp-content\\\/uploads\\\/2025\\\/05\\\/LOGO-PATAGONIA-AMBIENTAL.png\",\"width\":433,\"height\":250,\"caption\":\"Patagonia Ambiental\"},\"image\":{\"@id\":\"https:\\\/\\\/patagoniambiental.com.ar\\\/info\\\/#\\\/schema\\\/logo\\\/image\\\/\"},\"sameAs\":[\"https:\\\/\\\/www.facebook.com\\\/patagonia.ambiental\",\"https:\\\/\\\/x.com\\\/PatAmb\"]},{\"@type\":\"Person\",\"@id\":\"https:\\\/\\\/patagoniambiental.com.ar\\\/info\\\/#\\\/schema\\\/person\\\/db12bff64bbcbf6a253710bf0ea37b5d\",\"name\":\"Patagonia Ambiental\",\"description\":\"Andr\u00e9s Nievas T\u00e9cnico en manejo ambiental, consultor Ambiental y escritor para medios locales e internacionales sobre temas de geopolitica y medio ambiente.\",\"sameAs\":[\"http:\\\/\\\/www.patagoniambiental.com.ar\",\"https:\\\/\\\/www.facebook.com\\\/share\\\/1C1V8Gv9BX\\\/?mibextid=qi2Omg\",\"@patagoniambiental\",\"https:\\\/\\\/youtube.com\\\/@patagoniaambiental2023?si=BLt58t0wuXquxlYZ\"]}]}<\/script>\n<!-- \/ Yoast SEO Premium plugin. -->","yoast_head_json":{"title":"Instalaron un molino e\u00f3lico en Queupu Niyeu","robots":{"index":"index","follow":"follow","max-snippet":"max-snippet:-1","max-image-preview":"max-image-preview:large","max-video-preview":"max-video-preview:-1"},"canonical":"https:\/\/patagoniambiental.com.ar\/info\/instalaron-un-molino-eolico-en-queupu-niyeu\/","og_locale":"es_ES","og_type":"article","og_title":"Instalaron un molino e\u00f3lico en Queupu Niyeu","og_description":"Mediante un trabajo coordinado, entre el Municipio de Sierra Colorada, el Ente de Desarrollo de la Regi\u00f3n Sur y la [&hellip;]","og_url":"https:\/\/patagoniambiental.com.ar\/info\/instalaron-un-molino-eolico-en-queupu-niyeu\/","og_site_name":"Patagonia Ambiental","article_publisher":"https:\/\/www.facebook.com\/patagonia.ambiental","article_author":"https:\/\/www.facebook.com\/share\/1C1V8Gv9BX\/?mibextid=qi2Omg","article_published_time":"2019-04-30T22:00:25+00:00","og_image":[{"width":552,"height":414,"url":"https:\/\/patagoniambiental.com.ar\/info\/wp-content\/uploads\/2019\/04\/molino.jpg","type":"image\/jpeg"}],"author":"Patagonia Ambiental","twitter_card":"summary_large_image","twitter_creator":"@PatAmb","twitter_site":"@PatAmb","schema":{"@context":"https:\/\/schema.org","@graph":[{"@type":"Article","@id":"https:\/\/patagoniambiental.com.ar\/info\/instalaron-un-molino-eolico-en-queupu-niyeu\/#article","isPartOf":{"@id":"https:\/\/patagoniambiental.com.ar\/info\/instalaron-un-molino-eolico-en-queupu-niyeu\/"},"author":{"name":"Patagonia Ambiental","@id":"https:\/\/patagoniambiental.com.ar\/info\/#\/schema\/person\/db12bff64bbcbf6a253710bf0ea37b5d"},"headline":"Instalaron un molino e\u00f3lico en Queupu Niyeu","datePublished":"2019-04-30T22:00:25+00:00","mainEntityOfPage":{"@id":"https:\/\/patagoniambiental.com.ar\/info\/instalaron-un-molino-eolico-en-queupu-niyeu\/"},"wordCount":384,"commentCount":0,"publisher":{"@id":"https:\/\/patagoniambiental.com.ar\/info\/#organization"},"image":{"@id":"https:\/\/patagoniambiental.com.ar\/info\/instalaron-un-molino-eolico-en-queupu-niyeu\/#primaryimage"},"thumbnailUrl":"https:\/\/patagoniambiental.com.ar\/info\/wp-content\/uploads\/2019\/04\/molino.jpg","articleSection":["Noticias","Provinciales","R\u00edo Negro"],"inLanguage":"es","potentialAction":[{"@type":"CommentAction","name":"Comment","target":["https:\/\/patagoniambiental.com.ar\/info\/instalaron-un-molino-eolico-en-queupu-niyeu\/#respond"]}]},{"@type":"WebPage","@id":"https:\/\/patagoniambiental.com.ar\/info\/instalaron-un-molino-eolico-en-queupu-niyeu\/","url":"https:\/\/patagoniambiental.com.ar\/info\/instalaron-un-molino-eolico-en-queupu-niyeu\/","name":"Instalaron un molino e\u00f3lico en Queupu Niyeu","isPartOf":{"@id":"https:\/\/patagoniambiental.com.ar\/info\/#website"},"primaryImageOfPage":{"@id":"https:\/\/patagoniambiental.com.ar\/info\/instalaron-un-molino-eolico-en-queupu-niyeu\/#primaryimage"},"image":{"@id":"https:\/\/patagoniambiental.com.ar\/info\/instalaron-un-molino-eolico-en-queupu-niyeu\/#primaryimage"},"thumbnailUrl":"https:\/\/patagoniambiental.com.ar\/info\/wp-content\/uploads\/2019\/04\/molino.jpg","datePublished":"2019-04-30T22:00:25+00:00","breadcrumb":{"@id":"https:\/\/patagoniambiental.com.ar\/info\/instalaron-un-molino-eolico-en-queupu-niyeu\/#breadcrumb"},"inLanguage":"es","potentialAction":[{"@type":"ReadAction","target":["https:\/\/patagoniambiental.com.ar\/info\/instalaron-un-molino-eolico-en-queupu-niyeu\/"]}]},{"@type":"ImageObject","inLanguage":"es","@id":"https:\/\/patagoniambiental.com.ar\/info\/instalaron-un-molino-eolico-en-queupu-niyeu\/#primaryimage","url":"https:\/\/patagoniambiental.com.ar\/info\/wp-content\/uploads\/2019\/04\/molino.jpg","contentUrl":"https:\/\/patagoniambiental.com.ar\/info\/wp-content\/uploads\/2019\/04\/molino.jpg","width":552,"height":414},{"@type":"BreadcrumbList","@id":"https:\/\/patagoniambiental.com.ar\/info\/instalaron-un-molino-eolico-en-queupu-niyeu\/#breadcrumb","itemListElement":[{"@type":"ListItem","position":1,"name":"Inicio","item":"https:\/\/patagoniambiental.com.ar\/info\/"},{"@type":"ListItem","position":2,"name":"Instalaron un molino e\u00f3lico en Queupu Niyeu"}]},{"@type":"WebSite","@id":"https:\/\/patagoniambiental.com.ar\/info\/#website","url":"https:\/\/patagoniambiental.com.ar\/info\/","name":"Patagonia Ambiental","description":"Monitoreo y an\u00e1lisis de la situaci\u00f3n geopol\u00edtica en el mundo y su implicancia en la Patagonia","publisher":{"@id":"https:\/\/patagoniambiental.com.ar\/info\/#organization"},"potentialAction":[{"@type":"SearchAction","target":{"@type":"EntryPoint","urlTemplate":"https:\/\/patagoniambiental.com.ar\/info\/?s={search_term_string}"},"query-input":{"@type":"PropertyValueSpecification","valueRequired":true,"valueName":"search_term_string"}}],"inLanguage":"es"},{"@type":"Organization","@id":"https:\/\/patagoniambiental.com.ar\/info\/#organization","name":"Patagonia Ambiental","url":"https:\/\/patagoniambiental.com.ar\/info\/","logo":{"@type":"ImageObject","inLanguage":"es","@id":"https:\/\/patagoniambiental.com.ar\/info\/#\/schema\/logo\/image\/","url":"https:\/\/patagoniambiental.com.ar\/info\/wp-content\/uploads\/2025\/05\/LOGO-PATAGONIA-AMBIENTAL.png","contentUrl":"https:\/\/patagoniambiental.com.ar\/info\/wp-content\/uploads\/2025\/05\/LOGO-PATAGONIA-AMBIENTAL.png","width":433,"height":250,"caption":"Patagonia Ambiental"},"image":{"@id":"https:\/\/patagoniambiental.com.ar\/info\/#\/schema\/logo\/image\/"},"sameAs":["https:\/\/www.facebook.com\/patagonia.ambiental","https:\/\/x.com\/PatAmb"]},{"@type":"Person","@id":"https:\/\/patagoniambiental.com.ar\/info\/#\/schema\/person\/db12bff64bbcbf6a253710bf0ea37b5d","name":"Patagonia Ambiental","description":"Andr\u00e9s Nievas T\u00e9cnico en manejo ambiental, consultor Ambiental y escritor para medios locales e internacionales sobre temas de geopolitica y medio ambiente.","sameAs":["http:\/\/www.patagoniambiental.com.ar","https:\/\/www.facebook.com\/share\/1C1V8Gv9BX\/?mibextid=qi2Omg","@patagoniambiental","https:\/\/youtube.com\/@patagoniaambiental2023?si=BLt58t0wuXquxlYZ"]}]}},"_links":{"self":[{"href":"https:\/\/patagoniambiental.com.ar\/info\/wp-json\/wp\/v2\/posts\/60738","targetHints":{"allow":["GET"]}}],"collection":[{"href":"https:\/\/patagoniambiental.com.ar\/info\/wp-json\/wp\/v2\/posts"}],"about":[{"href":"https:\/\/patagoniambiental.com.ar\/info\/wp-json\/wp\/v2\/types\/post"}],"author":[{"embeddable":true,"href":"https:\/\/patagoniambiental.com.ar\/info\/wp-json\/wp\/v2\/users\/2"}],"replies":[{"embeddable":true,"href":"https:\/\/patagoniambiental.com.ar\/info\/wp-json\/wp\/v2\/comments?post=60738"}],"version-history":[{"count":0,"href":"https:\/\/patagoniambiental.com.ar\/info\/wp-json\/wp\/v2\/posts\/60738\/revisions"}],"wp:featuredmedia":[{"embeddable":true,"href":"https:\/\/patagoniambiental.com.ar\/info\/wp-json\/wp\/v2\/media\/60739"}],"wp:attachment":[{"href":"https:\/\/patagoniambiental.com.ar\/info\/wp-json\/wp\/v2\/media?parent=60738"}],"wp:term":[{"taxonomy":"category","embeddable":true,"href":"https:\/\/patagoniambiental.com.ar\/info\/wp-json\/wp\/v2\/categories?post=60738"},{"taxonomy":"post_tag","embeddable":true,"href":"https:\/\/patagoniambiental.com.ar\/info\/wp-json\/wp\/v2\/tags?post=60738"}],"curies":[{"name":"wp","href":"https:\/\/api.w.org\/{rel}","templated":true}]}}