{"id":60760,"date":"2019-05-02T19:00:43","date_gmt":"2019-05-02T22:00:43","guid":{"rendered":"http:\/\/patagoniambiental.com.ar\/info\/?p=60760"},"modified":"2019-05-02T10:54:40","modified_gmt":"2019-05-02T13:54:40","slug":"arcando-la-ley-malvinas-fue-creada-para-que-no-se-avasallen-nuestros-derechos-soberanos-sobre-las-islas","status":"publish","type":"post","link":"https:\/\/patagoniambiental.com.ar\/info\/arcando-la-ley-malvinas-fue-creada-para-que-no-se-avasallen-nuestros-derechos-soberanos-sobre-las-islas\/","title":{"rendered":"Arcando: \u201cLa Ley Malvinas, fue creada para que no se avasallen nuestros derechos soberanos sobre las islas\u201d"},"content":{"rendered":"<article class=\"news-box main inside\">\n<p class=\"news-title\">Tierra del Fuego, AIAS.-El Vicegobernador, Juan Carlos Arcando, fue entrevistado por el medio \u201cPal`Sur\u201d, en la nota verti\u00f3 varios conceptos sobre la \u201cCuesti\u00f3n Malvinas\u201d. Explic\u00f3 que la Ley Malvinas, \u201cfue creada para que no se avasallen nuestros derechos soberanos sobre nuestras islas\u201d.<\/p>\n<p><!--more--><\/p>\n<figure class=\"news-image\"><img decoding=\"async\" src=\"https:\/\/www.notitdf.com\/media\/noticias\/ampl_arcando--ley-malvinas-fue-creada-para-que-avasallen-nuestros-derechos-soberanos-sobre-nuestras-islas_33079.png\" alt=\"Arcando: \u201cLa Ley Malvinas, fue creada para que no se avasallen nuestros derechos soberanos sobre las islas\u201d\" \/><\/figure>\n<p class=\"news-text\">\n<div class=\"news-text nobotmargin\">Al referirse a la postura en torno a la soberan\u00eda en el Atl\u00e1ntico Sur que viene llevando adelante el gobierno nacional, Arcando sostuvo que es errada, inicialmente orientada en su momento a que la Canciller Malcorra pueda acceder a ser Secretaria General de las Naciones Unidas. \u201cEso lo pagamos caros todos los argentinos. Ah\u00ed nace el Foradori-Duncan, la entrega de nuestros recursos naturales (pesca y petr\u00f3leo). Ah\u00ed se dejo de hablar de soberan\u00eda. El Costo de esto fue muy alto y la verdad me doli\u00f3 much\u00edsimo como argentino\u201d, sentenci\u00f3.<\/p>\n<p>Se mostr\u00f3 critic\u00f3 a aquellos que quieren hacer aprovechamiento pol\u00edtico de la Causa: \u201cLo que m\u00e1s me preocupa muchas veces es la pelea interna nuestra, la pelea entre sectores para ver qui\u00e9n es m\u00e1s malvinizador que el otro, o quien tiene un discurso m\u00e1s duro que el otro. En la Cuesti\u00f3n Malvinas debemos tirar todos del mismo carro, porque si nos peleanos entre hermanos nos devoran los de afuera\u201d.<\/p>\n<p>Coment\u00f3 que existe una necesidad de divulgaci\u00f3n de la Cuesti\u00f3n Malvinas a lo largo de todo el pa\u00eds, as\u00ed como tambi\u00e9n de la importancia de nuestra provincia, como la m\u00e1s grande y la que se encuentra en el centro de nuestro pa\u00eds. \u201cLa \u00fanica provincia bicontinental\u201d.<\/p>\n<p>Al referirse a la Ley Malvinas, expuso que \u201cfue creada para que no se avasallen nuestros derechos soberanos sobre nuestras islas. Hoy el gobierno nacional celebr\u00f3 un acuerdo (Foradori-Duncan) que omiti\u00f3 al Congreso de la Naci\u00f3n, siendo el que tiene que intervenir para darle aprobaci\u00f3n, tal cual lo estipula en la propia constituci\u00f3n nacional\u201d.<\/p>\n<p>\u201cLos Acuerdos deben ser ratificados por el Congreso, que es donde est\u00e1n los representantes del pueblo. Y eso es lo que nosotros reclamamos. Para que no tengamos una entrega de nuestros recursos naturales, como lo viene haciendo este gobierno\u201d.<\/p>\n<p>Incluso resalta que \u201choy el gobierno nacional lamentablemente patrulla el litoral mar\u00edtimo con el usurpador y as\u00ed protege la explotaci\u00f3n ileg\u00edtima de los recursos argentinos en el Atl\u00e1ntico sur. \u201cNosotros no podemos seguir entregando as\u00ed, lisa y llanamente nuestros recursos. Para que esto no vuelva a ocurrir es que presenta esta ley\u201d.<\/p>\n<p>\u201cPara que este proyecto sea aprobado, hay que trabajar como se trabaj\u00f3 para lograr la provincializaci\u00f3n y que dej\u00e1ramos de ser un territorio nacional\u201d.<\/p>\n<p>Comenta que, seg\u00fan su entender, en el nacimiento de Tierra del Fuego, Ant\u00e1rtida e islas del Atl\u00e1ntico Sur fue la primera reivindicaci\u00f3n como provincia de nuestros derechos soberanos. Cuando se plante\u00f3 el debate de la provincia chica o grande y dio surgimiento a una Provincia Grande, y cuando se aprob\u00f3 la Ley 27.775.<\/p>\n<p><strong>VIDEO de Entrevista sobre Malvinas:<\/strong><\/p>\n<div class=\"media_embed\"><iframe src=\"https:\/\/www.youtube.com\/embed\/ZWuYGdLu7YU\" width=\"560\" height=\"315\" frameborder=\"0\" allowfullscreen=\"allowfullscreen\" data-mce-fragment=\"1\"><\/iframe><\/div>\n<\/div>\n<\/article>\n<p>&nbsp;<\/p>\n<article class=\"share-box-inside\"><\/article>\n<p>&nbsp;<\/p>\n","protected":false},"excerpt":{"rendered":"<p>Tierra del Fuego, AIAS.-El Vicegobernador, Juan Carlos Arcando, fue entrevistado por el medio \u201cPal`Sur\u201d, en la nota verti\u00f3 varios conceptos [&hellip;]<\/p>\n","protected":false},"author":2,"featured_media":60761,"comment_status":"open","ping_status":"open","sticky":false,"template":"","format":"video","meta":{"site-sidebar-layout":"default","site-content-layout":"","ast-site-content-layout":"default","site-content-style":"default","site-sidebar-style":"default","ast-global-header-display":"","ast-banner-title-visibility":"","ast-main-header-display":"","ast-hfb-above-header-display":"","ast-hfb-below-header-display":"","ast-hfb-mobile-header-display":"","site-post-title":"","ast-breadcrumbs-content":"","ast-featured-img":"","footer-sml-layout":"","ast-disable-related-posts":"","theme-transparent-header-meta":"","adv-header-id-meta":"","stick-header-meta":"","header-above-stick-meta":"","header-main-stick-meta":"","header-below-stick-meta":"","astra-migrate-meta-layouts":"default","ast-page-background-enabled":"default","ast-page-background-meta":{"desktop":{"background-color":"var(--ast-global-color-5)","background-image":"","background-repeat":"repeat","background-position":"center center","background-size":"auto","background-attachment":"scroll","background-type":"","background-media":"","overlay-type":"","overlay-color":"","overlay-opacity":"","overlay-gradient":""},"tablet":{"background-color":"","background-image":"","background-repeat":"repeat","background-position":"center center","background-size":"auto","background-attachment":"scroll","background-type":"","background-media":"","overlay-type":"","overlay-color":"","overlay-opacity":"","overlay-gradient":""},"mobile":{"background-color":"","background-image":"","background-repeat":"repeat","background-position":"center center","background-size":"auto","background-attachment":"scroll","background-type":"","background-media":"","overlay-type":"","overlay-color":"","overlay-opacity":"","overlay-gradient":""}},"ast-content-background-meta":{"desktop":{"background-color":"var(--ast-global-color-4)","background-image":"","background-repeat":"repeat","background-position":"center center","background-size":"auto","background-attachment":"scroll","background-type":"","background-media":"","overlay-type":"","overlay-color":"","overlay-opacity":"","overlay-gradient":""},"tablet":{"background-color":"var(--ast-global-color-4)","background-image":"","background-repeat":"repeat","background-position":"center center","background-size":"auto","background-attachment":"scroll","background-type":"","background-media":"","overlay-type":"","overlay-color":"","overlay-opacity":"","overlay-gradient":""},"mobile":{"background-color":"var(--ast-global-color-4)","background-image":"","background-repeat":"repeat","background-position":"center center","background-size":"auto","background-attachment":"scroll","background-type":"","background-media":"","overlay-type":"","overlay-color":"","overlay-opacity":"","overlay-gradient":""}},"footnotes":""},"categories":[1,13,25],"tags":[],"class_list":["post-60760","post","type-post","status-publish","format-video","has-post-thumbnail","hentry","category-noticias","category-provinciales","category-tierra-del-fuego","post_format-post-format-video"],"yoast_head":"<!-- This site is optimized with the Yoast SEO Premium plugin v23.0 (Yoast SEO v27.5) - https:\/\/yoast.com\/product\/yoast-seo-premium-wordpress\/ -->\n<title>Arcando: \u201cLa Ley Malvinas, fue creada para que no se avasallen nuestros derechos soberanos sobre las islas\u201d<\/title>\n<meta name=\"robots\" content=\"index, follow, max-snippet:-1, max-image-preview:large, max-video-preview:-1\" \/>\n<link rel=\"canonical\" href=\"https:\/\/patagoniambiental.com.ar\/info\/arcando-la-ley-malvinas-fue-creada-para-que-no-se-avasallen-nuestros-derechos-soberanos-sobre-las-islas\/\" \/>\n<meta property=\"og:locale\" content=\"es_ES\" \/>\n<meta property=\"og:type\" content=\"article\" \/>\n<meta property=\"og:title\" content=\"Arcando: \u201cLa Ley Malvinas, fue creada para que no se avasallen nuestros derechos soberanos sobre las islas\u201d\" \/>\n<meta property=\"og:description\" content=\"Tierra del Fuego, AIAS.-El Vicegobernador, Juan Carlos Arcando, fue entrevistado por el medio \u201cPal`Sur\u201d, en la nota verti\u00f3 varios conceptos [&hellip;]\" \/>\n<meta property=\"og:url\" content=\"https:\/\/patagoniambiental.com.ar\/info\/arcando-la-ley-malvinas-fue-creada-para-que-no-se-avasallen-nuestros-derechos-soberanos-sobre-las-islas\/\" \/>\n<meta property=\"og:site_name\" content=\"Patagonia Ambiental\" \/>\n<meta property=\"article:publisher\" content=\"https:\/\/www.facebook.com\/patagonia.ambiental\" \/>\n<meta property=\"article:author\" content=\"https:\/\/www.facebook.com\/share\/1C1V8Gv9BX\/?mibextid=qi2Omg\" \/>\n<meta property=\"article:published_time\" content=\"2019-05-02T22:00:43+00:00\" \/>\n<meta property=\"og:image\" content=\"https:\/\/patagoniambiental.com.ar\/info\/wp-content\/uploads\/2019\/05\/ampl_arcando-ley-malvinas-fue-creada-para-que-avasallen-nuestros-derechos-soberanos-sobre-nuestras-islas_33079.jpg\" \/>\n\t<meta property=\"og:image:width\" content=\"756\" \/>\n\t<meta property=\"og:image:height\" content=\"386\" \/>\n\t<meta property=\"og:image:type\" content=\"image\/jpeg\" \/>\n<meta name=\"author\" content=\"Patagonia Ambiental\" \/>\n<meta name=\"twitter:card\" content=\"summary_large_image\" \/>\n<meta name=\"twitter:creator\" content=\"@PatAmb\" \/>\n<meta name=\"twitter:site\" content=\"@PatAmb\" \/>\n<script type=\"application\/ld+json\" class=\"yoast-schema-graph\">{\"@context\":\"https:\\\/\\\/schema.org\",\"@graph\":[{\"@type\":\"Article\",\"@id\":\"https:\\\/\\\/patagoniambiental.com.ar\\\/info\\\/arcando-la-ley-malvinas-fue-creada-para-que-no-se-avasallen-nuestros-derechos-soberanos-sobre-las-islas\\\/#article\",\"isPartOf\":{\"@id\":\"https:\\\/\\\/patagoniambiental.com.ar\\\/info\\\/arcando-la-ley-malvinas-fue-creada-para-que-no-se-avasallen-nuestros-derechos-soberanos-sobre-las-islas\\\/\"},\"author\":{\"name\":\"Patagonia Ambiental\",\"@id\":\"https:\\\/\\\/patagoniambiental.com.ar\\\/info\\\/#\\\/schema\\\/person\\\/db12bff64bbcbf6a253710bf0ea37b5d\"},\"headline\":\"Arcando: \u201cLa Ley Malvinas, fue creada para que no se avasallen nuestros derechos soberanos sobre las islas\u201d\",\"datePublished\":\"2019-05-02T22:00:43+00:00\",\"mainEntityOfPage\":{\"@id\":\"https:\\\/\\\/patagoniambiental.com.ar\\\/info\\\/arcando-la-ley-malvinas-fue-creada-para-que-no-se-avasallen-nuestros-derechos-soberanos-sobre-las-islas\\\/\"},\"wordCount\":525,\"commentCount\":0,\"publisher\":{\"@id\":\"https:\\\/\\\/patagoniambiental.com.ar\\\/info\\\/#organization\"},\"image\":{\"@id\":\"https:\\\/\\\/patagoniambiental.com.ar\\\/info\\\/arcando-la-ley-malvinas-fue-creada-para-que-no-se-avasallen-nuestros-derechos-soberanos-sobre-las-islas\\\/#primaryimage\"},\"thumbnailUrl\":\"https:\\\/\\\/patagoniambiental.com.ar\\\/info\\\/wp-content\\\/uploads\\\/2019\\\/05\\\/ampl_arcando-ley-malvinas-fue-creada-para-que-avasallen-nuestros-derechos-soberanos-sobre-nuestras-islas_33079.jpg\",\"articleSection\":[\"Noticias\",\"Provinciales\",\"Tierra del Fuego\"],\"inLanguage\":\"es\",\"potentialAction\":[{\"@type\":\"CommentAction\",\"name\":\"Comment\",\"target\":[\"https:\\\/\\\/patagoniambiental.com.ar\\\/info\\\/arcando-la-ley-malvinas-fue-creada-para-que-no-se-avasallen-nuestros-derechos-soberanos-sobre-las-islas\\\/#respond\"]}]},{\"@type\":\"WebPage\",\"@id\":\"https:\\\/\\\/patagoniambiental.com.ar\\\/info\\\/arcando-la-ley-malvinas-fue-creada-para-que-no-se-avasallen-nuestros-derechos-soberanos-sobre-las-islas\\\/\",\"url\":\"https:\\\/\\\/patagoniambiental.com.ar\\\/info\\\/arcando-la-ley-malvinas-fue-creada-para-que-no-se-avasallen-nuestros-derechos-soberanos-sobre-las-islas\\\/\",\"name\":\"Arcando: \u201cLa Ley Malvinas, fue creada para que no se avasallen nuestros derechos soberanos sobre las islas\u201d\",\"isPartOf\":{\"@id\":\"https:\\\/\\\/patagoniambiental.com.ar\\\/info\\\/#website\"},\"primaryImageOfPage\":{\"@id\":\"https:\\\/\\\/patagoniambiental.com.ar\\\/info\\\/arcando-la-ley-malvinas-fue-creada-para-que-no-se-avasallen-nuestros-derechos-soberanos-sobre-las-islas\\\/#primaryimage\"},\"image\":{\"@id\":\"https:\\\/\\\/patagoniambiental.com.ar\\\/info\\\/arcando-la-ley-malvinas-fue-creada-para-que-no-se-avasallen-nuestros-derechos-soberanos-sobre-las-islas\\\/#primaryimage\"},\"thumbnailUrl\":\"https:\\\/\\\/patagoniambiental.com.ar\\\/info\\\/wp-content\\\/uploads\\\/2019\\\/05\\\/ampl_arcando-ley-malvinas-fue-creada-para-que-avasallen-nuestros-derechos-soberanos-sobre-nuestras-islas_33079.jpg\",\"datePublished\":\"2019-05-02T22:00:43+00:00\",\"breadcrumb\":{\"@id\":\"https:\\\/\\\/patagoniambiental.com.ar\\\/info\\\/arcando-la-ley-malvinas-fue-creada-para-que-no-se-avasallen-nuestros-derechos-soberanos-sobre-las-islas\\\/#breadcrumb\"},\"inLanguage\":\"es\",\"potentialAction\":[{\"@type\":\"ReadAction\",\"target\":[\"https:\\\/\\\/patagoniambiental.com.ar\\\/info\\\/arcando-la-ley-malvinas-fue-creada-para-que-no-se-avasallen-nuestros-derechos-soberanos-sobre-las-islas\\\/\"]}]},{\"@type\":\"ImageObject\",\"inLanguage\":\"es\",\"@id\":\"https:\\\/\\\/patagoniambiental.com.ar\\\/info\\\/arcando-la-ley-malvinas-fue-creada-para-que-no-se-avasallen-nuestros-derechos-soberanos-sobre-las-islas\\\/#primaryimage\",\"url\":\"https:\\\/\\\/patagoniambiental.com.ar\\\/info\\\/wp-content\\\/uploads\\\/2019\\\/05\\\/ampl_arcando-ley-malvinas-fue-creada-para-que-avasallen-nuestros-derechos-soberanos-sobre-nuestras-islas_33079.jpg\",\"contentUrl\":\"https:\\\/\\\/patagoniambiental.com.ar\\\/info\\\/wp-content\\\/uploads\\\/2019\\\/05\\\/ampl_arcando-ley-malvinas-fue-creada-para-que-avasallen-nuestros-derechos-soberanos-sobre-nuestras-islas_33079.jpg\",\"width\":756,\"height\":386},{\"@type\":\"BreadcrumbList\",\"@id\":\"https:\\\/\\\/patagoniambiental.com.ar\\\/info\\\/arcando-la-ley-malvinas-fue-creada-para-que-no-se-avasallen-nuestros-derechos-soberanos-sobre-las-islas\\\/#breadcrumb\",\"itemListElement\":[{\"@type\":\"ListItem\",\"position\":1,\"name\":\"Inicio\",\"item\":\"https:\\\/\\\/patagoniambiental.com.ar\\\/info\\\/\"},{\"@type\":\"ListItem\",\"position\":2,\"name\":\"Arcando: \u201cLa Ley Malvinas, fue creada para que no se avasallen nuestros derechos soberanos sobre las islas\u201d\"}]},{\"@type\":\"WebSite\",\"@id\":\"https:\\\/\\\/patagoniambiental.com.ar\\\/info\\\/#website\",\"url\":\"https:\\\/\\\/patagoniambiental.com.ar\\\/info\\\/\",\"name\":\"Patagonia Ambiental\",\"description\":\"Monitoreo y an\u00e1lisis de la situaci\u00f3n geopol\u00edtica en el mundo y su implicancia en la Patagonia\",\"publisher\":{\"@id\":\"https:\\\/\\\/patagoniambiental.com.ar\\\/info\\\/#organization\"},\"potentialAction\":[{\"@type\":\"SearchAction\",\"target\":{\"@type\":\"EntryPoint\",\"urlTemplate\":\"https:\\\/\\\/patagoniambiental.com.ar\\\/info\\\/?s={search_term_string}\"},\"query-input\":{\"@type\":\"PropertyValueSpecification\",\"valueRequired\":true,\"valueName\":\"search_term_string\"}}],\"inLanguage\":\"es\"},{\"@type\":\"Organization\",\"@id\":\"https:\\\/\\\/patagoniambiental.com.ar\\\/info\\\/#organization\",\"name\":\"Patagonia Ambiental\",\"url\":\"https:\\\/\\\/patagoniambiental.com.ar\\\/info\\\/\",\"logo\":{\"@type\":\"ImageObject\",\"inLanguage\":\"es\",\"@id\":\"https:\\\/\\\/patagoniambiental.com.ar\\\/info\\\/#\\\/schema\\\/logo\\\/image\\\/\",\"url\":\"https:\\\/\\\/patagoniambiental.com.ar\\\/info\\\/wp-content\\\/uploads\\\/2025\\\/05\\\/LOGO-PATAGONIA-AMBIENTAL.png\",\"contentUrl\":\"https:\\\/\\\/patagoniambiental.com.ar\\\/info\\\/wp-content\\\/uploads\\\/2025\\\/05\\\/LOGO-PATAGONIA-AMBIENTAL.png\",\"width\":433,\"height\":250,\"caption\":\"Patagonia Ambiental\"},\"image\":{\"@id\":\"https:\\\/\\\/patagoniambiental.com.ar\\\/info\\\/#\\\/schema\\\/logo\\\/image\\\/\"},\"sameAs\":[\"https:\\\/\\\/www.facebook.com\\\/patagonia.ambiental\",\"https:\\\/\\\/x.com\\\/PatAmb\"]},{\"@type\":\"Person\",\"@id\":\"https:\\\/\\\/patagoniambiental.com.ar\\\/info\\\/#\\\/schema\\\/person\\\/db12bff64bbcbf6a253710bf0ea37b5d\",\"name\":\"Patagonia Ambiental\",\"description\":\"Andr\u00e9s Nievas T\u00e9cnico en manejo ambiental, consultor Ambiental y escritor para medios locales e internacionales sobre temas de geopolitica y medio ambiente.\",\"sameAs\":[\"http:\\\/\\\/www.patagoniambiental.com.ar\",\"https:\\\/\\\/www.facebook.com\\\/share\\\/1C1V8Gv9BX\\\/?mibextid=qi2Omg\",\"@patagoniambiental\",\"https:\\\/\\\/youtube.com\\\/@patagoniaambiental2023?si=BLt58t0wuXquxlYZ\"]}]}<\/script>\n<!-- \/ Yoast SEO Premium plugin. -->","yoast_head_json":{"title":"Arcando: \u201cLa Ley Malvinas, fue creada para que no se avasallen nuestros derechos soberanos sobre las islas\u201d","robots":{"index":"index","follow":"follow","max-snippet":"max-snippet:-1","max-image-preview":"max-image-preview:large","max-video-preview":"max-video-preview:-1"},"canonical":"https:\/\/patagoniambiental.com.ar\/info\/arcando-la-ley-malvinas-fue-creada-para-que-no-se-avasallen-nuestros-derechos-soberanos-sobre-las-islas\/","og_locale":"es_ES","og_type":"article","og_title":"Arcando: \u201cLa Ley Malvinas, fue creada para que no se avasallen nuestros derechos soberanos sobre las islas\u201d","og_description":"Tierra del Fuego, AIAS.-El Vicegobernador, Juan Carlos Arcando, fue entrevistado por el medio \u201cPal`Sur\u201d, en la nota verti\u00f3 varios conceptos [&hellip;]","og_url":"https:\/\/patagoniambiental.com.ar\/info\/arcando-la-ley-malvinas-fue-creada-para-que-no-se-avasallen-nuestros-derechos-soberanos-sobre-las-islas\/","og_site_name":"Patagonia Ambiental","article_publisher":"https:\/\/www.facebook.com\/patagonia.ambiental","article_author":"https:\/\/www.facebook.com\/share\/1C1V8Gv9BX\/?mibextid=qi2Omg","article_published_time":"2019-05-02T22:00:43+00:00","og_image":[{"width":756,"height":386,"url":"https:\/\/patagoniambiental.com.ar\/info\/wp-content\/uploads\/2019\/05\/ampl_arcando-ley-malvinas-fue-creada-para-que-avasallen-nuestros-derechos-soberanos-sobre-nuestras-islas_33079.jpg","type":"image\/jpeg"}],"author":"Patagonia Ambiental","twitter_card":"summary_large_image","twitter_creator":"@PatAmb","twitter_site":"@PatAmb","schema":{"@context":"https:\/\/schema.org","@graph":[{"@type":"Article","@id":"https:\/\/patagoniambiental.com.ar\/info\/arcando-la-ley-malvinas-fue-creada-para-que-no-se-avasallen-nuestros-derechos-soberanos-sobre-las-islas\/#article","isPartOf":{"@id":"https:\/\/patagoniambiental.com.ar\/info\/arcando-la-ley-malvinas-fue-creada-para-que-no-se-avasallen-nuestros-derechos-soberanos-sobre-las-islas\/"},"author":{"name":"Patagonia Ambiental","@id":"https:\/\/patagoniambiental.com.ar\/info\/#\/schema\/person\/db12bff64bbcbf6a253710bf0ea37b5d"},"headline":"Arcando: \u201cLa Ley Malvinas, fue creada para que no se avasallen nuestros derechos soberanos sobre las islas\u201d","datePublished":"2019-05-02T22:00:43+00:00","mainEntityOfPage":{"@id":"https:\/\/patagoniambiental.com.ar\/info\/arcando-la-ley-malvinas-fue-creada-para-que-no-se-avasallen-nuestros-derechos-soberanos-sobre-las-islas\/"},"wordCount":525,"commentCount":0,"publisher":{"@id":"https:\/\/patagoniambiental.com.ar\/info\/#organization"},"image":{"@id":"https:\/\/patagoniambiental.com.ar\/info\/arcando-la-ley-malvinas-fue-creada-para-que-no-se-avasallen-nuestros-derechos-soberanos-sobre-las-islas\/#primaryimage"},"thumbnailUrl":"https:\/\/patagoniambiental.com.ar\/info\/wp-content\/uploads\/2019\/05\/ampl_arcando-ley-malvinas-fue-creada-para-que-avasallen-nuestros-derechos-soberanos-sobre-nuestras-islas_33079.jpg","articleSection":["Noticias","Provinciales","Tierra del Fuego"],"inLanguage":"es","potentialAction":[{"@type":"CommentAction","name":"Comment","target":["https:\/\/patagoniambiental.com.ar\/info\/arcando-la-ley-malvinas-fue-creada-para-que-no-se-avasallen-nuestros-derechos-soberanos-sobre-las-islas\/#respond"]}]},{"@type":"WebPage","@id":"https:\/\/patagoniambiental.com.ar\/info\/arcando-la-ley-malvinas-fue-creada-para-que-no-se-avasallen-nuestros-derechos-soberanos-sobre-las-islas\/","url":"https:\/\/patagoniambiental.com.ar\/info\/arcando-la-ley-malvinas-fue-creada-para-que-no-se-avasallen-nuestros-derechos-soberanos-sobre-las-islas\/","name":"Arcando: \u201cLa Ley Malvinas, fue creada para que no se avasallen nuestros derechos soberanos sobre las islas\u201d","isPartOf":{"@id":"https:\/\/patagoniambiental.com.ar\/info\/#website"},"primaryImageOfPage":{"@id":"https:\/\/patagoniambiental.com.ar\/info\/arcando-la-ley-malvinas-fue-creada-para-que-no-se-avasallen-nuestros-derechos-soberanos-sobre-las-islas\/#primaryimage"},"image":{"@id":"https:\/\/patagoniambiental.com.ar\/info\/arcando-la-ley-malvinas-fue-creada-para-que-no-se-avasallen-nuestros-derechos-soberanos-sobre-las-islas\/#primaryimage"},"thumbnailUrl":"https:\/\/patagoniambiental.com.ar\/info\/wp-content\/uploads\/2019\/05\/ampl_arcando-ley-malvinas-fue-creada-para-que-avasallen-nuestros-derechos-soberanos-sobre-nuestras-islas_33079.jpg","datePublished":"2019-05-02T22:00:43+00:00","breadcrumb":{"@id":"https:\/\/patagoniambiental.com.ar\/info\/arcando-la-ley-malvinas-fue-creada-para-que-no-se-avasallen-nuestros-derechos-soberanos-sobre-las-islas\/#breadcrumb"},"inLanguage":"es","potentialAction":[{"@type":"ReadAction","target":["https:\/\/patagoniambiental.com.ar\/info\/arcando-la-ley-malvinas-fue-creada-para-que-no-se-avasallen-nuestros-derechos-soberanos-sobre-las-islas\/"]}]},{"@type":"ImageObject","inLanguage":"es","@id":"https:\/\/patagoniambiental.com.ar\/info\/arcando-la-ley-malvinas-fue-creada-para-que-no-se-avasallen-nuestros-derechos-soberanos-sobre-las-islas\/#primaryimage","url":"https:\/\/patagoniambiental.com.ar\/info\/wp-content\/uploads\/2019\/05\/ampl_arcando-ley-malvinas-fue-creada-para-que-avasallen-nuestros-derechos-soberanos-sobre-nuestras-islas_33079.jpg","contentUrl":"https:\/\/patagoniambiental.com.ar\/info\/wp-content\/uploads\/2019\/05\/ampl_arcando-ley-malvinas-fue-creada-para-que-avasallen-nuestros-derechos-soberanos-sobre-nuestras-islas_33079.jpg","width":756,"height":386},{"@type":"BreadcrumbList","@id":"https:\/\/patagoniambiental.com.ar\/info\/arcando-la-ley-malvinas-fue-creada-para-que-no-se-avasallen-nuestros-derechos-soberanos-sobre-las-islas\/#breadcrumb","itemListElement":[{"@type":"ListItem","position":1,"name":"Inicio","item":"https:\/\/patagoniambiental.com.ar\/info\/"},{"@type":"ListItem","position":2,"name":"Arcando: \u201cLa Ley Malvinas, fue creada para que no se avasallen nuestros derechos soberanos sobre las islas\u201d"}]},{"@type":"WebSite","@id":"https:\/\/patagoniambiental.com.ar\/info\/#website","url":"https:\/\/patagoniambiental.com.ar\/info\/","name":"Patagonia Ambiental","description":"Monitoreo y an\u00e1lisis de la situaci\u00f3n geopol\u00edtica en el mundo y su implicancia en la Patagonia","publisher":{"@id":"https:\/\/patagoniambiental.com.ar\/info\/#organization"},"potentialAction":[{"@type":"SearchAction","target":{"@type":"EntryPoint","urlTemplate":"https:\/\/patagoniambiental.com.ar\/info\/?s={search_term_string}"},"query-input":{"@type":"PropertyValueSpecification","valueRequired":true,"valueName":"search_term_string"}}],"inLanguage":"es"},{"@type":"Organization","@id":"https:\/\/patagoniambiental.com.ar\/info\/#organization","name":"Patagonia Ambiental","url":"https:\/\/patagoniambiental.com.ar\/info\/","logo":{"@type":"ImageObject","inLanguage":"es","@id":"https:\/\/patagoniambiental.com.ar\/info\/#\/schema\/logo\/image\/","url":"https:\/\/patagoniambiental.com.ar\/info\/wp-content\/uploads\/2025\/05\/LOGO-PATAGONIA-AMBIENTAL.png","contentUrl":"https:\/\/patagoniambiental.com.ar\/info\/wp-content\/uploads\/2025\/05\/LOGO-PATAGONIA-AMBIENTAL.png","width":433,"height":250,"caption":"Patagonia Ambiental"},"image":{"@id":"https:\/\/patagoniambiental.com.ar\/info\/#\/schema\/logo\/image\/"},"sameAs":["https:\/\/www.facebook.com\/patagonia.ambiental","https:\/\/x.com\/PatAmb"]},{"@type":"Person","@id":"https:\/\/patagoniambiental.com.ar\/info\/#\/schema\/person\/db12bff64bbcbf6a253710bf0ea37b5d","name":"Patagonia Ambiental","description":"Andr\u00e9s Nievas T\u00e9cnico en manejo ambiental, consultor Ambiental y escritor para medios locales e internacionales sobre temas de geopolitica y medio ambiente.","sameAs":["http:\/\/www.patagoniambiental.com.ar","https:\/\/www.facebook.com\/share\/1C1V8Gv9BX\/?mibextid=qi2Omg","@patagoniambiental","https:\/\/youtube.com\/@patagoniaambiental2023?si=BLt58t0wuXquxlYZ"]}]}},"_links":{"self":[{"href":"https:\/\/patagoniambiental.com.ar\/info\/wp-json\/wp\/v2\/posts\/60760","targetHints":{"allow":["GET"]}}],"collection":[{"href":"https:\/\/patagoniambiental.com.ar\/info\/wp-json\/wp\/v2\/posts"}],"about":[{"href":"https:\/\/patagoniambiental.com.ar\/info\/wp-json\/wp\/v2\/types\/post"}],"author":[{"embeddable":true,"href":"https:\/\/patagoniambiental.com.ar\/info\/wp-json\/wp\/v2\/users\/2"}],"replies":[{"embeddable":true,"href":"https:\/\/patagoniambiental.com.ar\/info\/wp-json\/wp\/v2\/comments?post=60760"}],"version-history":[{"count":0,"href":"https:\/\/patagoniambiental.com.ar\/info\/wp-json\/wp\/v2\/posts\/60760\/revisions"}],"wp:featuredmedia":[{"embeddable":true,"href":"https:\/\/patagoniambiental.com.ar\/info\/wp-json\/wp\/v2\/media\/60761"}],"wp:attachment":[{"href":"https:\/\/patagoniambiental.com.ar\/info\/wp-json\/wp\/v2\/media?parent=60760"}],"wp:term":[{"taxonomy":"category","embeddable":true,"href":"https:\/\/patagoniambiental.com.ar\/info\/wp-json\/wp\/v2\/categories?post=60760"},{"taxonomy":"post_tag","embeddable":true,"href":"https:\/\/patagoniambiental.com.ar\/info\/wp-json\/wp\/v2\/tags?post=60760"}],"curies":[{"name":"wp","href":"https:\/\/api.w.org\/{rel}","templated":true}]}}