{"id":60780,"date":"2019-05-02T19:00:12","date_gmt":"2019-05-02T22:00:12","guid":{"rendered":"http:\/\/patagoniambiental.com.ar\/info\/?p=60780"},"modified":"2019-05-02T14:34:13","modified_gmt":"2019-05-02T17:34:13","slug":"gutierrez-se-reunio-con-representantes-de-la-comunidad-mapuche-antinir-pilquinan","status":"publish","type":"post","link":"https:\/\/patagoniambiental.com.ar\/info\/gutierrez-se-reunio-con-representantes-de-la-comunidad-mapuche-antinir-pilquinan\/","title":{"rendered":"Guti\u00e9rrez se reuni\u00f3 con representantes de la comunidad Mapuche Anti\u00f1ir \u2013 Pilqui\u00f1\u00e1n"},"content":{"rendered":"<div class=\"td-post-header td-container\">\n<div class=\"td-post-header-holder sombra\">\n<header class=\"td-post-title\">\n<div class=\"td-module-meta-info\">Neuqu\u00e9n.-Junto al intendente de los Miches, V\u00edctor Ortega, el mandatario dio respuesta a temas como la construcci\u00f3n y refacci\u00f3n de viviendas; el sal\u00f3n de usos m\u00faltiples y la ampliaci\u00f3n del cupo de bonos gas\u00edferos y tierras para la invernada y veranada.<!--more--><\/div>\n<div><\/div>\n<div class=\"td-module-meta-info\">Las obras destinadas a comunidades mapuches en el departamento Picunches ascienden a 4,3 millones de pesos.<\/div>\n<\/header>\n<\/div>\n<\/div>\n<p>El gobernador del Neuqu\u00e9n, Omar Guti\u00e9rrez, se reuni\u00f3 el 30 de abril junto al intendente de Los Miches, V\u00edctor Ortega, con las autoridades de la comunidad Anti\u00f1ir \u2013 Pilqui\u00f1\u00e1n, con quienes analiz\u00f3 y comprometi\u00f3 la acci\u00f3n del gobierno provincial en temas tan diversos como la construcci\u00f3n y refacci\u00f3n de viviendas, el sal\u00f3n de usos m\u00faltiples (SUM), la ampliaci\u00f3n del cupo de bonos gas\u00edferos, la necesidad de tierras para separar la invernada de la veranada y la adquisici\u00f3n de un tractor y una enfardadora. En la reuni\u00f3n, se puso de relieve que la inversi\u00f3n en obras que se ejecutan y a realizar en la zona\u00a0asciende a 4,3 millones de pesos.<\/p>\n<div class=\"td-container\">\n<div class=\"td-pb-row\">\n<div class=\"td-pb-span8 td-main-content\" role=\"main\">\n<div class=\"td-ss-main-content\">\n<div class=\"td-post-content\">\n<p>Refiri\u00e9ndose a la ampliaci\u00f3n y mejoramiento de viviendas, el mandatario expres\u00f3 que \u201cvamos a llevar adelante entre 10 y 12 ampliaciones y refacciones de viviendas que ya estamos haciendo y vamos a empezar a hacer. Por otro lado, la demanda de 10 nuevas viviendas de las cuales nos comprometemos, con la t\u00e9cnica de estos SUM de madera, una primera etapa de cinco\u201d.<\/p>\n<figure id=\"attachment_130678\" class=\"wp-caption aligncenter\"><img fetchpriority=\"high\" decoding=\"async\" class=\"wp-image-130678 size-full\" src=\"https:\/\/www.neuqueninforma.gob.ar\/wp-content\/uploads\/2019\/04\/WEB-gutierrez-miches-cmunidad-5-1.jpg\" sizes=\"(max-width: 1403px) 100vw, 1403px\" srcset=\"https:\/\/www.neuqueninforma.gob.ar\/wp-content\/uploads\/2019\/04\/WEB-gutierrez-miches-cmunidad-5-1.jpg 1403w, https:\/\/www.neuqueninforma.gob.ar\/wp-content\/uploads\/2019\/04\/WEB-gutierrez-miches-cmunidad-5-1-300x148.jpg 300w, https:\/\/www.neuqueninforma.gob.ar\/wp-content\/uploads\/2019\/04\/WEB-gutierrez-miches-cmunidad-5-1-1024x506.jpg 1024w, https:\/\/www.neuqueninforma.gob.ar\/wp-content\/uploads\/2019\/04\/WEB-gutierrez-miches-cmunidad-5-1-324x160.jpg 324w, https:\/\/www.neuqueninforma.gob.ar\/wp-content\/uploads\/2019\/04\/WEB-gutierrez-miches-cmunidad-5-1-696x344.jpg 696w, https:\/\/www.neuqueninforma.gob.ar\/wp-content\/uploads\/2019\/04\/WEB-gutierrez-miches-cmunidad-5-1-1068x528.jpg 1068w, https:\/\/www.neuqueninforma.gob.ar\/wp-content\/uploads\/2019\/04\/WEB-gutierrez-miches-cmunidad-5-1-850x420.jpg 850w, https:\/\/www.neuqueninforma.gob.ar\/wp-content\/uploads\/2019\/04\/WEB-gutierrez-miches-cmunidad-5-1-1320x652.jpg 1320w\" alt=\"\" width=\"1403\" height=\"693\" \/><figcaption class=\"wp-caption-text\">El gobernador Guti\u00e9rrez comprometi\u00f3 la entrega de un tractor, una enfardadora y una cortadora de pasto autom\u00e1tica. \u00a0<\/figcaption><\/figure>\n<p>El mandatario manifest\u00f3 que la refacci\u00f3n y ampliaci\u00f3n del sal\u00f3n comunitario tiene una inversi\u00f3n de 700 mil pesos con la mano de obra incorporada por el municipio de Los Miches y cuyos trabajos esperan comenzar antes de que se intensifiquen los fr\u00edos. Tambi\u00e9n comprometi\u00f3 la construcci\u00f3n de un SUM que va a llevar adelante el ministerio de Desarrollo Territorial y Ambiente junto a la unidad ejecutora.<\/p>\n<p>Refiri\u00e9ndose al SUM que se construir\u00e1, el mandatario destac\u00f3 que la t\u00e9cnica constructiva es similar al sal\u00f3n que se realiza para la escuela o el que se encuentra camino al gimnasio. \u201cEs un SUM \u2013dijo\u2013 con paneles de ladrillos de madera implantada de nuestros bosques y con el trabajo de CORFONE\u201d. Guti\u00e9rrez consider\u00f3 estas estructuras como \u201cun sistema novedoso y r\u00e1pido que en dos meses, con la platea incluida, ya est\u00e1 funcionando\u201d.<\/p>\n<p>\u201cEntonces -agreg\u00f3 Guti\u00e9rrez- aquellos que est\u00e1n buscando un puesto de trabajo, est\u00e1 la posibilidad de que se formen y se capaciten cuadrillas para trabajar en la construcci\u00f3n de esta t\u00e9cnica que nos permite hacer aulas, postas sanitarias, SUM, escuelas, centros de encuentro comunitario y salas velatorias\u201d.<\/p>\n<figure id=\"attachment_130679\" class=\"wp-caption aligncenter\"><img decoding=\"async\" class=\"wp-image-130679 size-full\" src=\"https:\/\/www.neuqueninforma.gob.ar\/wp-content\/uploads\/2019\/04\/WEB-LOS-MICHES-COMUNIDAD-MAPUCHE-GOBERNADOR-OMAR-GUTIERREZ-3-copia.jpg\" sizes=\"(max-width: 1403px) 100vw, 1403px\" srcset=\"https:\/\/www.neuqueninforma.gob.ar\/wp-content\/uploads\/2019\/04\/WEB-LOS-MICHES-COMUNIDAD-MAPUCHE-GOBERNADOR-OMAR-GUTIERREZ-3-copia.jpg 1403w, https:\/\/www.neuqueninforma.gob.ar\/wp-content\/uploads\/2019\/04\/WEB-LOS-MICHES-COMUNIDAD-MAPUCHE-GOBERNADOR-OMAR-GUTIERREZ-3-copia-300x148.jpg 300w, https:\/\/www.neuqueninforma.gob.ar\/wp-content\/uploads\/2019\/04\/WEB-LOS-MICHES-COMUNIDAD-MAPUCHE-GOBERNADOR-OMAR-GUTIERREZ-3-copia-1024x506.jpg 1024w, https:\/\/www.neuqueninforma.gob.ar\/wp-content\/uploads\/2019\/04\/WEB-LOS-MICHES-COMUNIDAD-MAPUCHE-GOBERNADOR-OMAR-GUTIERREZ-3-copia-324x160.jpg 324w, https:\/\/www.neuqueninforma.gob.ar\/wp-content\/uploads\/2019\/04\/WEB-LOS-MICHES-COMUNIDAD-MAPUCHE-GOBERNADOR-OMAR-GUTIERREZ-3-copia-696x344.jpg 696w, https:\/\/www.neuqueninforma.gob.ar\/wp-content\/uploads\/2019\/04\/WEB-LOS-MICHES-COMUNIDAD-MAPUCHE-GOBERNADOR-OMAR-GUTIERREZ-3-copia-1068x528.jpg 1068w, https:\/\/www.neuqueninforma.gob.ar\/wp-content\/uploads\/2019\/04\/WEB-LOS-MICHES-COMUNIDAD-MAPUCHE-GOBERNADOR-OMAR-GUTIERREZ-3-copia-850x420.jpg 850w, https:\/\/www.neuqueninforma.gob.ar\/wp-content\/uploads\/2019\/04\/WEB-LOS-MICHES-COMUNIDAD-MAPUCHE-GOBERNADOR-OMAR-GUTIERREZ-3-copia-1320x652.jpg 1320w\" alt=\"\" width=\"1403\" height=\"693\" \/><figcaption class=\"wp-caption-text\">Guti\u00e9rrez comprometi\u00f3 la acci\u00f3n del gobierno provincial en temas como la construcci\u00f3n y refacci\u00f3n de viviendas, el sal\u00f3n de usos m\u00faltiples (SUM) y la ampliaci\u00f3n del cupo de bonos gas\u00edferos.<\/figcaption><\/figure>\n<p>Respecto de los bonos gas\u00edferos \u2013sobre lo cual la comunidad solicit\u00f3 la ampliaci\u00f3n del cupo\u2013, el gobernador asever\u00f3 que \u201cpersonalmente voy a hacer las gestiones en YPF para que no se repitan las dificultades y problemas que tuvimos el a\u00f1o pasado. Y si no, vamos a estructurar un plan de ayuda, no con bonos sino en efectivo para que puedan adquirir el otro bono. Y aqu\u00ed vamos a ampliar de 90 ayudas de estos bonos gas\u00edferos a las 120 familias que lo necesitan. Vamos a buscar las dos ayudas: una con bono o las dos con bonos, una con bono y la otra en efectivo para que tengan cubierto un mayor tiempo en este invierno\u201d.<\/p>\n<p>Otro de los temas planteados al mandatario neuquino es la falta de tierra para separar la veranada de la invernada. El mandatario consider\u00f3 que el problema \u201cest\u00e1 vinculado a la limitaci\u00f3n de la provisi\u00f3n de forraje y a la no siembra de forrajes aqu\u00ed\u201d. La respuesta de Guti\u00e9rrez al planteo de la comunidad es que \u201cpor un lado le vamos a hacer llegar la semilla para que siembren forrajes ac\u00e1, vamos en este invierno a traerles forrajes para que tengan para encarar la invernada, y vamos a trabajar la posibilidad de ubicar alguna tierra, dado que aparentemente no habr\u00eda m\u00e1s tierra fiscal, que permita poder separar la veranada de la invernada. Pero a priori lo que necesitamos es mejorar la utilizaci\u00f3n intensiva sembrando y trayendo forrajes y viendo la posibilidad de que la tierra a partir de una utilizaci\u00f3n intensiva, les sea de mayor productividad\u201d.<\/p>\n<p>Finalmente, el gobernador Guti\u00e9rrez comprometi\u00f3 la entrega de un tractor, una enfardadora y una cortadora de pasto autom\u00e1tica.<\/p>\n<p>Fuente: Neuqu\u00e9n Informa<\/p>\n<\/div>\n<\/div>\n<\/div>\n<\/div>\n<\/div>\n","protected":false},"excerpt":{"rendered":"<p>Neuqu\u00e9n.-Junto al intendente de los Miches, V\u00edctor Ortega, el mandatario dio respuesta a temas como la construcci\u00f3n y refacci\u00f3n de [&hellip;]<\/p>\n","protected":false},"author":2,"featured_media":60781,"comment_status":"open","ping_status":"open","sticky":false,"template":"","format":"standard","meta":{"site-sidebar-layout":"default","site-content-layout":"","ast-site-content-layout":"default","site-content-style":"default","site-sidebar-style":"default","ast-global-header-display":"","ast-banner-title-visibility":"","ast-main-header-display":"","ast-hfb-above-header-display":"","ast-hfb-below-header-display":"","ast-hfb-mobile-header-display":"","site-post-title":"","ast-breadcrumbs-content":"","ast-featured-img":"","footer-sml-layout":"","ast-disable-related-posts":"","theme-transparent-header-meta":"","adv-header-id-meta":"","stick-header-meta":"","header-above-stick-meta":"","header-main-stick-meta":"","header-below-stick-meta":"","astra-migrate-meta-layouts":"default","ast-page-background-enabled":"default","ast-page-background-meta":{"desktop":{"background-color":"var(--ast-global-color-5)","background-image":"","background-repeat":"repeat","background-position":"center center","background-size":"auto","background-attachment":"scroll","background-type":"","background-media":"","overlay-type":"","overlay-color":"","overlay-opacity":"","overlay-gradient":""},"tablet":{"background-color":"","background-image":"","background-repeat":"repeat","background-position":"center center","background-size":"auto","background-attachment":"scroll","background-type":"","background-media":"","overlay-type":"","overlay-color":"","overlay-opacity":"","overlay-gradient":""},"mobile":{"background-color":"","background-image":"","background-repeat":"repeat","background-position":"center center","background-size":"auto","background-attachment":"scroll","background-type":"","background-media":"","overlay-type":"","overlay-color":"","overlay-opacity":"","overlay-gradient":""}},"ast-content-background-meta":{"desktop":{"background-color":"var(--ast-global-color-4)","background-image":"","background-repeat":"repeat","background-position":"center center","background-size":"auto","background-attachment":"scroll","background-type":"","background-media":"","overlay-type":"","overlay-color":"","overlay-opacity":"","overlay-gradient":""},"tablet":{"background-color":"var(--ast-global-color-4)","background-image":"","background-repeat":"repeat","background-position":"center center","background-size":"auto","background-attachment":"scroll","background-type":"","background-media":"","overlay-type":"","overlay-color":"","overlay-opacity":"","overlay-gradient":""},"mobile":{"background-color":"var(--ast-global-color-4)","background-image":"","background-repeat":"repeat","background-position":"center center","background-size":"auto","background-attachment":"scroll","background-type":"","background-media":"","overlay-type":"","overlay-color":"","overlay-opacity":"","overlay-gradient":""}},"footnotes":""},"categories":[18,1,13],"tags":[],"class_list":["post-60780","post","type-post","status-publish","format-standard","has-post-thumbnail","hentry","category-neuquen","category-noticias","category-provinciales"],"yoast_head":"<!-- This site is optimized with the Yoast SEO Premium plugin v23.0 (Yoast SEO v27.5) - https:\/\/yoast.com\/product\/yoast-seo-premium-wordpress\/ -->\n<title>Guti\u00e9rrez se reuni\u00f3 con representantes de la comunidad Mapuche Anti\u00f1ir \u2013 Pilqui\u00f1\u00e1n<\/title>\n<meta name=\"robots\" content=\"index, follow, max-snippet:-1, max-image-preview:large, max-video-preview:-1\" \/>\n<link rel=\"canonical\" href=\"https:\/\/patagoniambiental.com.ar\/info\/gutierrez-se-reunio-con-representantes-de-la-comunidad-mapuche-antinir-pilquinan\/\" \/>\n<meta property=\"og:locale\" content=\"es_ES\" \/>\n<meta property=\"og:type\" content=\"article\" \/>\n<meta property=\"og:title\" content=\"Guti\u00e9rrez se reuni\u00f3 con representantes de la comunidad Mapuche Anti\u00f1ir \u2013 Pilqui\u00f1\u00e1n\" \/>\n<meta property=\"og:description\" content=\"Neuqu\u00e9n.-Junto al intendente de los Miches, V\u00edctor Ortega, el mandatario dio respuesta a temas como la construcci\u00f3n y refacci\u00f3n de [&hellip;]\" \/>\n<meta property=\"og:url\" content=\"https:\/\/patagoniambiental.com.ar\/info\/gutierrez-se-reunio-con-representantes-de-la-comunidad-mapuche-antinir-pilquinan\/\" \/>\n<meta property=\"og:site_name\" content=\"Patagonia Ambiental\" \/>\n<meta property=\"article:publisher\" content=\"https:\/\/www.facebook.com\/patagonia.ambiental\" \/>\n<meta property=\"article:author\" content=\"https:\/\/www.facebook.com\/share\/1C1V8Gv9BX\/?mibextid=qi2Omg\" \/>\n<meta property=\"article:published_time\" content=\"2019-05-02T22:00:12+00:00\" \/>\n<meta property=\"og:image\" content=\"https:\/\/patagoniambiental.com.ar\/info\/wp-content\/uploads\/2019\/05\/WEB-gutierrez-miches-cmunidad-5-1-850x420.jpg\" \/>\n\t<meta property=\"og:image:width\" content=\"850\" \/>\n\t<meta property=\"og:image:height\" content=\"420\" \/>\n\t<meta property=\"og:image:type\" content=\"image\/jpeg\" \/>\n<meta name=\"author\" content=\"Patagonia Ambiental\" \/>\n<meta name=\"twitter:card\" content=\"summary_large_image\" \/>\n<meta name=\"twitter:creator\" content=\"@PatAmb\" \/>\n<meta name=\"twitter:site\" content=\"@PatAmb\" \/>\n<script type=\"application\/ld+json\" class=\"yoast-schema-graph\">{\"@context\":\"https:\\\/\\\/schema.org\",\"@graph\":[{\"@type\":\"Article\",\"@id\":\"https:\\\/\\\/patagoniambiental.com.ar\\\/info\\\/gutierrez-se-reunio-con-representantes-de-la-comunidad-mapuche-antinir-pilquinan\\\/#article\",\"isPartOf\":{\"@id\":\"https:\\\/\\\/patagoniambiental.com.ar\\\/info\\\/gutierrez-se-reunio-con-representantes-de-la-comunidad-mapuche-antinir-pilquinan\\\/\"},\"author\":{\"name\":\"Patagonia Ambiental\",\"@id\":\"https:\\\/\\\/patagoniambiental.com.ar\\\/info\\\/#\\\/schema\\\/person\\\/db12bff64bbcbf6a253710bf0ea37b5d\"},\"headline\":\"Guti\u00e9rrez se reuni\u00f3 con representantes de la comunidad Mapuche Anti\u00f1ir \u2013 Pilqui\u00f1\u00e1n\",\"datePublished\":\"2019-05-02T22:00:12+00:00\",\"mainEntityOfPage\":{\"@id\":\"https:\\\/\\\/patagoniambiental.com.ar\\\/info\\\/gutierrez-se-reunio-con-representantes-de-la-comunidad-mapuche-antinir-pilquinan\\\/\"},\"wordCount\":812,\"commentCount\":0,\"publisher\":{\"@id\":\"https:\\\/\\\/patagoniambiental.com.ar\\\/info\\\/#organization\"},\"image\":{\"@id\":\"https:\\\/\\\/patagoniambiental.com.ar\\\/info\\\/gutierrez-se-reunio-con-representantes-de-la-comunidad-mapuche-antinir-pilquinan\\\/#primaryimage\"},\"thumbnailUrl\":\"https:\\\/\\\/patagoniambiental.com.ar\\\/info\\\/wp-content\\\/uploads\\\/2019\\\/05\\\/WEB-gutierrez-miches-cmunidad-5-1-850x420.jpg\",\"articleSection\":[\"Neuqu\u00e9n\",\"Noticias\",\"Provinciales\"],\"inLanguage\":\"es\",\"potentialAction\":[{\"@type\":\"CommentAction\",\"name\":\"Comment\",\"target\":[\"https:\\\/\\\/patagoniambiental.com.ar\\\/info\\\/gutierrez-se-reunio-con-representantes-de-la-comunidad-mapuche-antinir-pilquinan\\\/#respond\"]}]},{\"@type\":\"WebPage\",\"@id\":\"https:\\\/\\\/patagoniambiental.com.ar\\\/info\\\/gutierrez-se-reunio-con-representantes-de-la-comunidad-mapuche-antinir-pilquinan\\\/\",\"url\":\"https:\\\/\\\/patagoniambiental.com.ar\\\/info\\\/gutierrez-se-reunio-con-representantes-de-la-comunidad-mapuche-antinir-pilquinan\\\/\",\"name\":\"Guti\u00e9rrez se reuni\u00f3 con representantes de la comunidad Mapuche Anti\u00f1ir \u2013 Pilqui\u00f1\u00e1n\",\"isPartOf\":{\"@id\":\"https:\\\/\\\/patagoniambiental.com.ar\\\/info\\\/#website\"},\"primaryImageOfPage\":{\"@id\":\"https:\\\/\\\/patagoniambiental.com.ar\\\/info\\\/gutierrez-se-reunio-con-representantes-de-la-comunidad-mapuche-antinir-pilquinan\\\/#primaryimage\"},\"image\":{\"@id\":\"https:\\\/\\\/patagoniambiental.com.ar\\\/info\\\/gutierrez-se-reunio-con-representantes-de-la-comunidad-mapuche-antinir-pilquinan\\\/#primaryimage\"},\"thumbnailUrl\":\"https:\\\/\\\/patagoniambiental.com.ar\\\/info\\\/wp-content\\\/uploads\\\/2019\\\/05\\\/WEB-gutierrez-miches-cmunidad-5-1-850x420.jpg\",\"datePublished\":\"2019-05-02T22:00:12+00:00\",\"breadcrumb\":{\"@id\":\"https:\\\/\\\/patagoniambiental.com.ar\\\/info\\\/gutierrez-se-reunio-con-representantes-de-la-comunidad-mapuche-antinir-pilquinan\\\/#breadcrumb\"},\"inLanguage\":\"es\",\"potentialAction\":[{\"@type\":\"ReadAction\",\"target\":[\"https:\\\/\\\/patagoniambiental.com.ar\\\/info\\\/gutierrez-se-reunio-con-representantes-de-la-comunidad-mapuche-antinir-pilquinan\\\/\"]}]},{\"@type\":\"ImageObject\",\"inLanguage\":\"es\",\"@id\":\"https:\\\/\\\/patagoniambiental.com.ar\\\/info\\\/gutierrez-se-reunio-con-representantes-de-la-comunidad-mapuche-antinir-pilquinan\\\/#primaryimage\",\"url\":\"https:\\\/\\\/patagoniambiental.com.ar\\\/info\\\/wp-content\\\/uploads\\\/2019\\\/05\\\/WEB-gutierrez-miches-cmunidad-5-1-850x420.jpg\",\"contentUrl\":\"https:\\\/\\\/patagoniambiental.com.ar\\\/info\\\/wp-content\\\/uploads\\\/2019\\\/05\\\/WEB-gutierrez-miches-cmunidad-5-1-850x420.jpg\",\"width\":850,\"height\":420},{\"@type\":\"BreadcrumbList\",\"@id\":\"https:\\\/\\\/patagoniambiental.com.ar\\\/info\\\/gutierrez-se-reunio-con-representantes-de-la-comunidad-mapuche-antinir-pilquinan\\\/#breadcrumb\",\"itemListElement\":[{\"@type\":\"ListItem\",\"position\":1,\"name\":\"Inicio\",\"item\":\"https:\\\/\\\/patagoniambiental.com.ar\\\/info\\\/\"},{\"@type\":\"ListItem\",\"position\":2,\"name\":\"Guti\u00e9rrez se reuni\u00f3 con representantes de la comunidad Mapuche Anti\u00f1ir \u2013 Pilqui\u00f1\u00e1n\"}]},{\"@type\":\"WebSite\",\"@id\":\"https:\\\/\\\/patagoniambiental.com.ar\\\/info\\\/#website\",\"url\":\"https:\\\/\\\/patagoniambiental.com.ar\\\/info\\\/\",\"name\":\"Patagonia Ambiental\",\"description\":\"Monitoreo y an\u00e1lisis de la situaci\u00f3n geopol\u00edtica en el mundo y su implicancia en la Patagonia\",\"publisher\":{\"@id\":\"https:\\\/\\\/patagoniambiental.com.ar\\\/info\\\/#organization\"},\"potentialAction\":[{\"@type\":\"SearchAction\",\"target\":{\"@type\":\"EntryPoint\",\"urlTemplate\":\"https:\\\/\\\/patagoniambiental.com.ar\\\/info\\\/?s={search_term_string}\"},\"query-input\":{\"@type\":\"PropertyValueSpecification\",\"valueRequired\":true,\"valueName\":\"search_term_string\"}}],\"inLanguage\":\"es\"},{\"@type\":\"Organization\",\"@id\":\"https:\\\/\\\/patagoniambiental.com.ar\\\/info\\\/#organization\",\"name\":\"Patagonia Ambiental\",\"url\":\"https:\\\/\\\/patagoniambiental.com.ar\\\/info\\\/\",\"logo\":{\"@type\":\"ImageObject\",\"inLanguage\":\"es\",\"@id\":\"https:\\\/\\\/patagoniambiental.com.ar\\\/info\\\/#\\\/schema\\\/logo\\\/image\\\/\",\"url\":\"https:\\\/\\\/patagoniambiental.com.ar\\\/info\\\/wp-content\\\/uploads\\\/2025\\\/05\\\/LOGO-PATAGONIA-AMBIENTAL.png\",\"contentUrl\":\"https:\\\/\\\/patagoniambiental.com.ar\\\/info\\\/wp-content\\\/uploads\\\/2025\\\/05\\\/LOGO-PATAGONIA-AMBIENTAL.png\",\"width\":433,\"height\":250,\"caption\":\"Patagonia Ambiental\"},\"image\":{\"@id\":\"https:\\\/\\\/patagoniambiental.com.ar\\\/info\\\/#\\\/schema\\\/logo\\\/image\\\/\"},\"sameAs\":[\"https:\\\/\\\/www.facebook.com\\\/patagonia.ambiental\",\"https:\\\/\\\/x.com\\\/PatAmb\"]},{\"@type\":\"Person\",\"@id\":\"https:\\\/\\\/patagoniambiental.com.ar\\\/info\\\/#\\\/schema\\\/person\\\/db12bff64bbcbf6a253710bf0ea37b5d\",\"name\":\"Patagonia Ambiental\",\"description\":\"Andr\u00e9s Nievas T\u00e9cnico en manejo ambiental, consultor Ambiental y escritor para medios locales e internacionales sobre temas de geopolitica y medio ambiente.\",\"sameAs\":[\"http:\\\/\\\/www.patagoniambiental.com.ar\",\"https:\\\/\\\/www.facebook.com\\\/share\\\/1C1V8Gv9BX\\\/?mibextid=qi2Omg\",\"@patagoniambiental\",\"https:\\\/\\\/youtube.com\\\/@patagoniaambiental2023?si=BLt58t0wuXquxlYZ\"]}]}<\/script>\n<!-- \/ Yoast SEO Premium plugin. -->","yoast_head_json":{"title":"Guti\u00e9rrez se reuni\u00f3 con representantes de la comunidad Mapuche Anti\u00f1ir \u2013 Pilqui\u00f1\u00e1n","robots":{"index":"index","follow":"follow","max-snippet":"max-snippet:-1","max-image-preview":"max-image-preview:large","max-video-preview":"max-video-preview:-1"},"canonical":"https:\/\/patagoniambiental.com.ar\/info\/gutierrez-se-reunio-con-representantes-de-la-comunidad-mapuche-antinir-pilquinan\/","og_locale":"es_ES","og_type":"article","og_title":"Guti\u00e9rrez se reuni\u00f3 con representantes de la comunidad Mapuche Anti\u00f1ir \u2013 Pilqui\u00f1\u00e1n","og_description":"Neuqu\u00e9n.-Junto al intendente de los Miches, V\u00edctor Ortega, el mandatario dio respuesta a temas como la construcci\u00f3n y refacci\u00f3n de [&hellip;]","og_url":"https:\/\/patagoniambiental.com.ar\/info\/gutierrez-se-reunio-con-representantes-de-la-comunidad-mapuche-antinir-pilquinan\/","og_site_name":"Patagonia Ambiental","article_publisher":"https:\/\/www.facebook.com\/patagonia.ambiental","article_author":"https:\/\/www.facebook.com\/share\/1C1V8Gv9BX\/?mibextid=qi2Omg","article_published_time":"2019-05-02T22:00:12+00:00","og_image":[{"width":850,"height":420,"url":"https:\/\/patagoniambiental.com.ar\/info\/wp-content\/uploads\/2019\/05\/WEB-gutierrez-miches-cmunidad-5-1-850x420.jpg","type":"image\/jpeg"}],"author":"Patagonia Ambiental","twitter_card":"summary_large_image","twitter_creator":"@PatAmb","twitter_site":"@PatAmb","schema":{"@context":"https:\/\/schema.org","@graph":[{"@type":"Article","@id":"https:\/\/patagoniambiental.com.ar\/info\/gutierrez-se-reunio-con-representantes-de-la-comunidad-mapuche-antinir-pilquinan\/#article","isPartOf":{"@id":"https:\/\/patagoniambiental.com.ar\/info\/gutierrez-se-reunio-con-representantes-de-la-comunidad-mapuche-antinir-pilquinan\/"},"author":{"name":"Patagonia Ambiental","@id":"https:\/\/patagoniambiental.com.ar\/info\/#\/schema\/person\/db12bff64bbcbf6a253710bf0ea37b5d"},"headline":"Guti\u00e9rrez se reuni\u00f3 con representantes de la comunidad Mapuche Anti\u00f1ir \u2013 Pilqui\u00f1\u00e1n","datePublished":"2019-05-02T22:00:12+00:00","mainEntityOfPage":{"@id":"https:\/\/patagoniambiental.com.ar\/info\/gutierrez-se-reunio-con-representantes-de-la-comunidad-mapuche-antinir-pilquinan\/"},"wordCount":812,"commentCount":0,"publisher":{"@id":"https:\/\/patagoniambiental.com.ar\/info\/#organization"},"image":{"@id":"https:\/\/patagoniambiental.com.ar\/info\/gutierrez-se-reunio-con-representantes-de-la-comunidad-mapuche-antinir-pilquinan\/#primaryimage"},"thumbnailUrl":"https:\/\/patagoniambiental.com.ar\/info\/wp-content\/uploads\/2019\/05\/WEB-gutierrez-miches-cmunidad-5-1-850x420.jpg","articleSection":["Neuqu\u00e9n","Noticias","Provinciales"],"inLanguage":"es","potentialAction":[{"@type":"CommentAction","name":"Comment","target":["https:\/\/patagoniambiental.com.ar\/info\/gutierrez-se-reunio-con-representantes-de-la-comunidad-mapuche-antinir-pilquinan\/#respond"]}]},{"@type":"WebPage","@id":"https:\/\/patagoniambiental.com.ar\/info\/gutierrez-se-reunio-con-representantes-de-la-comunidad-mapuche-antinir-pilquinan\/","url":"https:\/\/patagoniambiental.com.ar\/info\/gutierrez-se-reunio-con-representantes-de-la-comunidad-mapuche-antinir-pilquinan\/","name":"Guti\u00e9rrez se reuni\u00f3 con representantes de la comunidad Mapuche Anti\u00f1ir \u2013 Pilqui\u00f1\u00e1n","isPartOf":{"@id":"https:\/\/patagoniambiental.com.ar\/info\/#website"},"primaryImageOfPage":{"@id":"https:\/\/patagoniambiental.com.ar\/info\/gutierrez-se-reunio-con-representantes-de-la-comunidad-mapuche-antinir-pilquinan\/#primaryimage"},"image":{"@id":"https:\/\/patagoniambiental.com.ar\/info\/gutierrez-se-reunio-con-representantes-de-la-comunidad-mapuche-antinir-pilquinan\/#primaryimage"},"thumbnailUrl":"https:\/\/patagoniambiental.com.ar\/info\/wp-content\/uploads\/2019\/05\/WEB-gutierrez-miches-cmunidad-5-1-850x420.jpg","datePublished":"2019-05-02T22:00:12+00:00","breadcrumb":{"@id":"https:\/\/patagoniambiental.com.ar\/info\/gutierrez-se-reunio-con-representantes-de-la-comunidad-mapuche-antinir-pilquinan\/#breadcrumb"},"inLanguage":"es","potentialAction":[{"@type":"ReadAction","target":["https:\/\/patagoniambiental.com.ar\/info\/gutierrez-se-reunio-con-representantes-de-la-comunidad-mapuche-antinir-pilquinan\/"]}]},{"@type":"ImageObject","inLanguage":"es","@id":"https:\/\/patagoniambiental.com.ar\/info\/gutierrez-se-reunio-con-representantes-de-la-comunidad-mapuche-antinir-pilquinan\/#primaryimage","url":"https:\/\/patagoniambiental.com.ar\/info\/wp-content\/uploads\/2019\/05\/WEB-gutierrez-miches-cmunidad-5-1-850x420.jpg","contentUrl":"https:\/\/patagoniambiental.com.ar\/info\/wp-content\/uploads\/2019\/05\/WEB-gutierrez-miches-cmunidad-5-1-850x420.jpg","width":850,"height":420},{"@type":"BreadcrumbList","@id":"https:\/\/patagoniambiental.com.ar\/info\/gutierrez-se-reunio-con-representantes-de-la-comunidad-mapuche-antinir-pilquinan\/#breadcrumb","itemListElement":[{"@type":"ListItem","position":1,"name":"Inicio","item":"https:\/\/patagoniambiental.com.ar\/info\/"},{"@type":"ListItem","position":2,"name":"Guti\u00e9rrez se reuni\u00f3 con representantes de la comunidad Mapuche Anti\u00f1ir \u2013 Pilqui\u00f1\u00e1n"}]},{"@type":"WebSite","@id":"https:\/\/patagoniambiental.com.ar\/info\/#website","url":"https:\/\/patagoniambiental.com.ar\/info\/","name":"Patagonia Ambiental","description":"Monitoreo y an\u00e1lisis de la situaci\u00f3n geopol\u00edtica en el mundo y su implicancia en la Patagonia","publisher":{"@id":"https:\/\/patagoniambiental.com.ar\/info\/#organization"},"potentialAction":[{"@type":"SearchAction","target":{"@type":"EntryPoint","urlTemplate":"https:\/\/patagoniambiental.com.ar\/info\/?s={search_term_string}"},"query-input":{"@type":"PropertyValueSpecification","valueRequired":true,"valueName":"search_term_string"}}],"inLanguage":"es"},{"@type":"Organization","@id":"https:\/\/patagoniambiental.com.ar\/info\/#organization","name":"Patagonia Ambiental","url":"https:\/\/patagoniambiental.com.ar\/info\/","logo":{"@type":"ImageObject","inLanguage":"es","@id":"https:\/\/patagoniambiental.com.ar\/info\/#\/schema\/logo\/image\/","url":"https:\/\/patagoniambiental.com.ar\/info\/wp-content\/uploads\/2025\/05\/LOGO-PATAGONIA-AMBIENTAL.png","contentUrl":"https:\/\/patagoniambiental.com.ar\/info\/wp-content\/uploads\/2025\/05\/LOGO-PATAGONIA-AMBIENTAL.png","width":433,"height":250,"caption":"Patagonia Ambiental"},"image":{"@id":"https:\/\/patagoniambiental.com.ar\/info\/#\/schema\/logo\/image\/"},"sameAs":["https:\/\/www.facebook.com\/patagonia.ambiental","https:\/\/x.com\/PatAmb"]},{"@type":"Person","@id":"https:\/\/patagoniambiental.com.ar\/info\/#\/schema\/person\/db12bff64bbcbf6a253710bf0ea37b5d","name":"Patagonia Ambiental","description":"Andr\u00e9s Nievas T\u00e9cnico en manejo ambiental, consultor Ambiental y escritor para medios locales e internacionales sobre temas de geopolitica y medio ambiente.","sameAs":["http:\/\/www.patagoniambiental.com.ar","https:\/\/www.facebook.com\/share\/1C1V8Gv9BX\/?mibextid=qi2Omg","@patagoniambiental","https:\/\/youtube.com\/@patagoniaambiental2023?si=BLt58t0wuXquxlYZ"]}]}},"_links":{"self":[{"href":"https:\/\/patagoniambiental.com.ar\/info\/wp-json\/wp\/v2\/posts\/60780","targetHints":{"allow":["GET"]}}],"collection":[{"href":"https:\/\/patagoniambiental.com.ar\/info\/wp-json\/wp\/v2\/posts"}],"about":[{"href":"https:\/\/patagoniambiental.com.ar\/info\/wp-json\/wp\/v2\/types\/post"}],"author":[{"embeddable":true,"href":"https:\/\/patagoniambiental.com.ar\/info\/wp-json\/wp\/v2\/users\/2"}],"replies":[{"embeddable":true,"href":"https:\/\/patagoniambiental.com.ar\/info\/wp-json\/wp\/v2\/comments?post=60780"}],"version-history":[{"count":0,"href":"https:\/\/patagoniambiental.com.ar\/info\/wp-json\/wp\/v2\/posts\/60780\/revisions"}],"wp:featuredmedia":[{"embeddable":true,"href":"https:\/\/patagoniambiental.com.ar\/info\/wp-json\/wp\/v2\/media\/60781"}],"wp:attachment":[{"href":"https:\/\/patagoniambiental.com.ar\/info\/wp-json\/wp\/v2\/media?parent=60780"}],"wp:term":[{"taxonomy":"category","embeddable":true,"href":"https:\/\/patagoniambiental.com.ar\/info\/wp-json\/wp\/v2\/categories?post=60780"},{"taxonomy":"post_tag","embeddable":true,"href":"https:\/\/patagoniambiental.com.ar\/info\/wp-json\/wp\/v2\/tags?post=60780"}],"curies":[{"name":"wp","href":"https:\/\/api.w.org\/{rel}","templated":true}]}}