{"id":60803,"date":"2019-05-06T07:00:59","date_gmt":"2019-05-06T10:00:59","guid":{"rendered":"http:\/\/patagoniambiental.com.ar\/info\/?p=60803"},"modified":"2019-05-03T09:07:45","modified_gmt":"2019-05-03T12:07:45","slug":"national-geographic-presentara-en-ushuaia-el-documental-yaganes","status":"publish","type":"post","link":"https:\/\/patagoniambiental.com.ar\/info\/national-geographic-presentara-en-ushuaia-el-documental-yaganes\/","title":{"rendered":"National Geographic presentar\u00e1 en Ushuaia el documental \u00abYaganes\u00bb"},"content":{"rendered":"<header>\n<div class=\"info\"><\/div>\n<div class=\"detalle\">Ushuaia.-El reconocido medio dar\u00e1 a conocer el documental sobre la creaci\u00f3n del Parque Nacional Marino \u00abYaganes\u00bb en el Hotel Las Hayas.<\/div>\n<\/header>\n<p><!--more--><\/p>\n<div class=\"imagen-principal fullpost__imagen_principal\"><\/div>\n<div class=\"cuerpo fullpost__cuerpo\">\n<p>El pr\u00f3ximo\u00a0jueves 9 de mayo se estrenar\u00e1 en Ushuaia el documental Yaganes, producido por\u00a0National Geographic\u00a0y su programa\u00a0Pristine Seas.<\/p>\n<p>El documental ser\u00e1 presentado en el Hotel Las Hayas a las 20 horas, lugar en donde tambi\u00e9n los organizadores se expresar\u00e1n con el hastag\u00a0un\u00a0#CanalBeagleSinSalmoneras.<\/p>\n<p>\u00abEl documental es una ventana a la expedici\u00f3n \u00e9pica realizada por\u00a0National Geographic Pristine Seas\u00a0a Tierra del Fuego, Isla de los Estados y la cuenca de Yaganes. Estas zonas costeras hoy est\u00e1n amenazadas por la posible instalaci\u00f3n de los primeros centros de cultivo de salm\u00f3n, que\u00a0impactar\u00edan grave e irreversible este ecosistema\u00a0y la actividad tur\u00edstica que promueve\u00bb, explicaron.<\/p>\n<p>Durante el evento, representantes de organizaciones locales tendr\u00e1n la palabra para exigir que se cuide su medioambiente.<\/p>\n<\/div>\n<div class=\"etiquetas\">Fuente:\u00a0https:\/\/ushuaia24.com.ar\/noticia\/5450\/national-geographic-presentara-en-ushuaia-el-documental-yaganes<\/div>\n","protected":false},"excerpt":{"rendered":"<p>Ushuaia.-El reconocido medio dar\u00e1 a conocer el documental sobre la creaci\u00f3n del Parque Nacional Marino \u00abYaganes\u00bb en el Hotel Las [&hellip;]<\/p>\n","protected":false},"author":2,"featured_media":60804,"comment_status":"open","ping_status":"open","sticky":false,"template":"","format":"standard","meta":{"site-sidebar-layout":"default","site-content-layout":"","ast-site-content-layout":"default","site-content-style":"default","site-sidebar-style":"default","ast-global-header-display":"","ast-banner-title-visibility":"","ast-main-header-display":"","ast-hfb-above-header-display":"","ast-hfb-below-header-display":"","ast-hfb-mobile-header-display":"","site-post-title":"","ast-breadcrumbs-content":"","ast-featured-img":"","footer-sml-layout":"","ast-disable-related-posts":"","theme-transparent-header-meta":"","adv-header-id-meta":"","stick-header-meta":"","header-above-stick-meta":"","header-main-stick-meta":"","header-below-stick-meta":"","astra-migrate-meta-layouts":"default","ast-page-background-enabled":"default","ast-page-background-meta":{"desktop":{"background-color":"var(--ast-global-color-5)","background-image":"","background-repeat":"repeat","background-position":"center center","background-size":"auto","background-attachment":"scroll","background-type":"","background-media":"","overlay-type":"","overlay-color":"","overlay-opacity":"","overlay-gradient":""},"tablet":{"background-color":"","background-image":"","background-repeat":"repeat","background-position":"center center","background-size":"auto","background-attachment":"scroll","background-type":"","background-media":"","overlay-type":"","overlay-color":"","overlay-opacity":"","overlay-gradient":""},"mobile":{"background-color":"","background-image":"","background-repeat":"repeat","background-position":"center center","background-size":"auto","background-attachment":"scroll","background-type":"","background-media":"","overlay-type":"","overlay-color":"","overlay-opacity":"","overlay-gradient":""}},"ast-content-background-meta":{"desktop":{"background-color":"var(--ast-global-color-4)","background-image":"","background-repeat":"repeat","background-position":"center center","background-size":"auto","background-attachment":"scroll","background-type":"","background-media":"","overlay-type":"","overlay-color":"","overlay-opacity":"","overlay-gradient":""},"tablet":{"background-color":"var(--ast-global-color-4)","background-image":"","background-repeat":"repeat","background-position":"center center","background-size":"auto","background-attachment":"scroll","background-type":"","background-media":"","overlay-type":"","overlay-color":"","overlay-opacity":"","overlay-gradient":""},"mobile":{"background-color":"var(--ast-global-color-4)","background-image":"","background-repeat":"repeat","background-position":"center center","background-size":"auto","background-attachment":"scroll","background-type":"","background-media":"","overlay-type":"","overlay-color":"","overlay-opacity":"","overlay-gradient":""}},"footnotes":""},"categories":[12,1,10],"tags":[],"class_list":["post-60803","post","type-post","status-publish","format-standard","has-post-thumbnail","hentry","category-agenda-ambiental","category-noticias","category-rotador"],"yoast_head":"<!-- This site is optimized with the Yoast SEO Premium plugin v23.0 (Yoast SEO v27.5) - https:\/\/yoast.com\/product\/yoast-seo-premium-wordpress\/ -->\n<title>National Geographic presentar\u00e1 en Ushuaia el documental &quot;Yaganes&quot;<\/title>\n<meta name=\"robots\" content=\"index, follow, max-snippet:-1, max-image-preview:large, max-video-preview:-1\" \/>\n<link rel=\"canonical\" href=\"https:\/\/patagoniambiental.com.ar\/info\/national-geographic-presentara-en-ushuaia-el-documental-yaganes\/\" \/>\n<meta property=\"og:locale\" content=\"es_ES\" \/>\n<meta property=\"og:type\" content=\"article\" \/>\n<meta property=\"og:title\" content=\"National Geographic presentar\u00e1 en Ushuaia el documental &quot;Yaganes&quot;\" \/>\n<meta property=\"og:description\" content=\"Ushuaia.-El reconocido medio dar\u00e1 a conocer el documental sobre la creaci\u00f3n del Parque Nacional Marino \u00abYaganes\u00bb en el Hotel Las [&hellip;]\" \/>\n<meta property=\"og:url\" content=\"https:\/\/patagoniambiental.com.ar\/info\/national-geographic-presentara-en-ushuaia-el-documental-yaganes\/\" \/>\n<meta property=\"og:site_name\" content=\"Patagonia Ambiental\" \/>\n<meta property=\"article:publisher\" content=\"https:\/\/www.facebook.com\/patagonia.ambiental\" \/>\n<meta property=\"article:author\" content=\"https:\/\/www.facebook.com\/share\/1C1V8Gv9BX\/?mibextid=qi2Omg\" \/>\n<meta property=\"article:published_time\" content=\"2019-05-06T10:00:59+00:00\" \/>\n<meta property=\"og:image\" content=\"https:\/\/patagoniambiental.com.ar\/info\/wp-content\/uploads\/2019\/05\/multimedia.normal.bca0b0beda103e9b.61626331202832295f6e6f726d616c2e6a7067.jpg\" \/>\n\t<meta property=\"og:image:width\" content=\"714\" \/>\n\t<meta property=\"og:image:height\" content=\"1000\" \/>\n\t<meta property=\"og:image:type\" content=\"image\/jpeg\" \/>\n<meta name=\"author\" content=\"Patagonia Ambiental\" \/>\n<meta name=\"twitter:card\" content=\"summary_large_image\" \/>\n<meta name=\"twitter:creator\" content=\"@PatAmb\" \/>\n<meta name=\"twitter:site\" content=\"@PatAmb\" \/>\n<script type=\"application\/ld+json\" class=\"yoast-schema-graph\">{\"@context\":\"https:\\\/\\\/schema.org\",\"@graph\":[{\"@type\":\"Article\",\"@id\":\"https:\\\/\\\/patagoniambiental.com.ar\\\/info\\\/national-geographic-presentara-en-ushuaia-el-documental-yaganes\\\/#article\",\"isPartOf\":{\"@id\":\"https:\\\/\\\/patagoniambiental.com.ar\\\/info\\\/national-geographic-presentara-en-ushuaia-el-documental-yaganes\\\/\"},\"author\":{\"name\":\"Patagonia Ambiental\",\"@id\":\"https:\\\/\\\/patagoniambiental.com.ar\\\/info\\\/#\\\/schema\\\/person\\\/db12bff64bbcbf6a253710bf0ea37b5d\"},\"headline\":\"National Geographic presentar\u00e1 en Ushuaia el documental \u00abYaganes\u00bb\",\"datePublished\":\"2019-05-06T10:00:59+00:00\",\"mainEntityOfPage\":{\"@id\":\"https:\\\/\\\/patagoniambiental.com.ar\\\/info\\\/national-geographic-presentara-en-ushuaia-el-documental-yaganes\\\/\"},\"wordCount\":171,\"commentCount\":0,\"publisher\":{\"@id\":\"https:\\\/\\\/patagoniambiental.com.ar\\\/info\\\/#organization\"},\"image\":{\"@id\":\"https:\\\/\\\/patagoniambiental.com.ar\\\/info\\\/national-geographic-presentara-en-ushuaia-el-documental-yaganes\\\/#primaryimage\"},\"thumbnailUrl\":\"https:\\\/\\\/patagoniambiental.com.ar\\\/info\\\/wp-content\\\/uploads\\\/2019\\\/05\\\/multimedia.normal.bca0b0beda103e9b.61626331202832295f6e6f726d616c2e6a7067.jpg\",\"articleSection\":[\"Agenda Ambiental\",\"Noticias\",\"Rotador\"],\"inLanguage\":\"es\",\"potentialAction\":[{\"@type\":\"CommentAction\",\"name\":\"Comment\",\"target\":[\"https:\\\/\\\/patagoniambiental.com.ar\\\/info\\\/national-geographic-presentara-en-ushuaia-el-documental-yaganes\\\/#respond\"]}]},{\"@type\":\"WebPage\",\"@id\":\"https:\\\/\\\/patagoniambiental.com.ar\\\/info\\\/national-geographic-presentara-en-ushuaia-el-documental-yaganes\\\/\",\"url\":\"https:\\\/\\\/patagoniambiental.com.ar\\\/info\\\/national-geographic-presentara-en-ushuaia-el-documental-yaganes\\\/\",\"name\":\"National Geographic presentar\u00e1 en Ushuaia el documental \\\"Yaganes\\\"\",\"isPartOf\":{\"@id\":\"https:\\\/\\\/patagoniambiental.com.ar\\\/info\\\/#website\"},\"primaryImageOfPage\":{\"@id\":\"https:\\\/\\\/patagoniambiental.com.ar\\\/info\\\/national-geographic-presentara-en-ushuaia-el-documental-yaganes\\\/#primaryimage\"},\"image\":{\"@id\":\"https:\\\/\\\/patagoniambiental.com.ar\\\/info\\\/national-geographic-presentara-en-ushuaia-el-documental-yaganes\\\/#primaryimage\"},\"thumbnailUrl\":\"https:\\\/\\\/patagoniambiental.com.ar\\\/info\\\/wp-content\\\/uploads\\\/2019\\\/05\\\/multimedia.normal.bca0b0beda103e9b.61626331202832295f6e6f726d616c2e6a7067.jpg\",\"datePublished\":\"2019-05-06T10:00:59+00:00\",\"breadcrumb\":{\"@id\":\"https:\\\/\\\/patagoniambiental.com.ar\\\/info\\\/national-geographic-presentara-en-ushuaia-el-documental-yaganes\\\/#breadcrumb\"},\"inLanguage\":\"es\",\"potentialAction\":[{\"@type\":\"ReadAction\",\"target\":[\"https:\\\/\\\/patagoniambiental.com.ar\\\/info\\\/national-geographic-presentara-en-ushuaia-el-documental-yaganes\\\/\"]}]},{\"@type\":\"ImageObject\",\"inLanguage\":\"es\",\"@id\":\"https:\\\/\\\/patagoniambiental.com.ar\\\/info\\\/national-geographic-presentara-en-ushuaia-el-documental-yaganes\\\/#primaryimage\",\"url\":\"https:\\\/\\\/patagoniambiental.com.ar\\\/info\\\/wp-content\\\/uploads\\\/2019\\\/05\\\/multimedia.normal.bca0b0beda103e9b.61626331202832295f6e6f726d616c2e6a7067.jpg\",\"contentUrl\":\"https:\\\/\\\/patagoniambiental.com.ar\\\/info\\\/wp-content\\\/uploads\\\/2019\\\/05\\\/multimedia.normal.bca0b0beda103e9b.61626331202832295f6e6f726d616c2e6a7067.jpg\",\"width\":428,\"height\":600},{\"@type\":\"BreadcrumbList\",\"@id\":\"https:\\\/\\\/patagoniambiental.com.ar\\\/info\\\/national-geographic-presentara-en-ushuaia-el-documental-yaganes\\\/#breadcrumb\",\"itemListElement\":[{\"@type\":\"ListItem\",\"position\":1,\"name\":\"Inicio\",\"item\":\"https:\\\/\\\/patagoniambiental.com.ar\\\/info\\\/\"},{\"@type\":\"ListItem\",\"position\":2,\"name\":\"National Geographic presentar\u00e1 en Ushuaia el documental \u00abYaganes\u00bb\"}]},{\"@type\":\"WebSite\",\"@id\":\"https:\\\/\\\/patagoniambiental.com.ar\\\/info\\\/#website\",\"url\":\"https:\\\/\\\/patagoniambiental.com.ar\\\/info\\\/\",\"name\":\"Patagonia Ambiental\",\"description\":\"Monitoreo y an\u00e1lisis de la situaci\u00f3n geopol\u00edtica en el mundo y su implicancia en la Patagonia\",\"publisher\":{\"@id\":\"https:\\\/\\\/patagoniambiental.com.ar\\\/info\\\/#organization\"},\"potentialAction\":[{\"@type\":\"SearchAction\",\"target\":{\"@type\":\"EntryPoint\",\"urlTemplate\":\"https:\\\/\\\/patagoniambiental.com.ar\\\/info\\\/?s={search_term_string}\"},\"query-input\":{\"@type\":\"PropertyValueSpecification\",\"valueRequired\":true,\"valueName\":\"search_term_string\"}}],\"inLanguage\":\"es\"},{\"@type\":\"Organization\",\"@id\":\"https:\\\/\\\/patagoniambiental.com.ar\\\/info\\\/#organization\",\"name\":\"Patagonia Ambiental\",\"url\":\"https:\\\/\\\/patagoniambiental.com.ar\\\/info\\\/\",\"logo\":{\"@type\":\"ImageObject\",\"inLanguage\":\"es\",\"@id\":\"https:\\\/\\\/patagoniambiental.com.ar\\\/info\\\/#\\\/schema\\\/logo\\\/image\\\/\",\"url\":\"https:\\\/\\\/patagoniambiental.com.ar\\\/info\\\/wp-content\\\/uploads\\\/2025\\\/05\\\/LOGO-PATAGONIA-AMBIENTAL.png\",\"contentUrl\":\"https:\\\/\\\/patagoniambiental.com.ar\\\/info\\\/wp-content\\\/uploads\\\/2025\\\/05\\\/LOGO-PATAGONIA-AMBIENTAL.png\",\"width\":433,\"height\":250,\"caption\":\"Patagonia Ambiental\"},\"image\":{\"@id\":\"https:\\\/\\\/patagoniambiental.com.ar\\\/info\\\/#\\\/schema\\\/logo\\\/image\\\/\"},\"sameAs\":[\"https:\\\/\\\/www.facebook.com\\\/patagonia.ambiental\",\"https:\\\/\\\/x.com\\\/PatAmb\"]},{\"@type\":\"Person\",\"@id\":\"https:\\\/\\\/patagoniambiental.com.ar\\\/info\\\/#\\\/schema\\\/person\\\/db12bff64bbcbf6a253710bf0ea37b5d\",\"name\":\"Patagonia Ambiental\",\"description\":\"Andr\u00e9s Nievas T\u00e9cnico en manejo ambiental, consultor Ambiental y escritor para medios locales e internacionales sobre temas de geopolitica y medio ambiente.\",\"sameAs\":[\"http:\\\/\\\/www.patagoniambiental.com.ar\",\"https:\\\/\\\/www.facebook.com\\\/share\\\/1C1V8Gv9BX\\\/?mibextid=qi2Omg\",\"@patagoniambiental\",\"https:\\\/\\\/youtube.com\\\/@patagoniaambiental2023?si=BLt58t0wuXquxlYZ\"]}]}<\/script>\n<!-- \/ Yoast SEO Premium plugin. -->","yoast_head_json":{"title":"National Geographic presentar\u00e1 en Ushuaia el documental \"Yaganes\"","robots":{"index":"index","follow":"follow","max-snippet":"max-snippet:-1","max-image-preview":"max-image-preview:large","max-video-preview":"max-video-preview:-1"},"canonical":"https:\/\/patagoniambiental.com.ar\/info\/national-geographic-presentara-en-ushuaia-el-documental-yaganes\/","og_locale":"es_ES","og_type":"article","og_title":"National Geographic presentar\u00e1 en Ushuaia el documental \"Yaganes\"","og_description":"Ushuaia.-El reconocido medio dar\u00e1 a conocer el documental sobre la creaci\u00f3n del Parque Nacional Marino \u00abYaganes\u00bb en el Hotel Las [&hellip;]","og_url":"https:\/\/patagoniambiental.com.ar\/info\/national-geographic-presentara-en-ushuaia-el-documental-yaganes\/","og_site_name":"Patagonia Ambiental","article_publisher":"https:\/\/www.facebook.com\/patagonia.ambiental","article_author":"https:\/\/www.facebook.com\/share\/1C1V8Gv9BX\/?mibextid=qi2Omg","article_published_time":"2019-05-06T10:00:59+00:00","og_image":[{"width":714,"height":1000,"url":"https:\/\/patagoniambiental.com.ar\/info\/wp-content\/uploads\/2019\/05\/multimedia.normal.bca0b0beda103e9b.61626331202832295f6e6f726d616c2e6a7067.jpg","type":"image\/jpeg"}],"author":"Patagonia Ambiental","twitter_card":"summary_large_image","twitter_creator":"@PatAmb","twitter_site":"@PatAmb","schema":{"@context":"https:\/\/schema.org","@graph":[{"@type":"Article","@id":"https:\/\/patagoniambiental.com.ar\/info\/national-geographic-presentara-en-ushuaia-el-documental-yaganes\/#article","isPartOf":{"@id":"https:\/\/patagoniambiental.com.ar\/info\/national-geographic-presentara-en-ushuaia-el-documental-yaganes\/"},"author":{"name":"Patagonia Ambiental","@id":"https:\/\/patagoniambiental.com.ar\/info\/#\/schema\/person\/db12bff64bbcbf6a253710bf0ea37b5d"},"headline":"National Geographic presentar\u00e1 en Ushuaia el documental \u00abYaganes\u00bb","datePublished":"2019-05-06T10:00:59+00:00","mainEntityOfPage":{"@id":"https:\/\/patagoniambiental.com.ar\/info\/national-geographic-presentara-en-ushuaia-el-documental-yaganes\/"},"wordCount":171,"commentCount":0,"publisher":{"@id":"https:\/\/patagoniambiental.com.ar\/info\/#organization"},"image":{"@id":"https:\/\/patagoniambiental.com.ar\/info\/national-geographic-presentara-en-ushuaia-el-documental-yaganes\/#primaryimage"},"thumbnailUrl":"https:\/\/patagoniambiental.com.ar\/info\/wp-content\/uploads\/2019\/05\/multimedia.normal.bca0b0beda103e9b.61626331202832295f6e6f726d616c2e6a7067.jpg","articleSection":["Agenda Ambiental","Noticias","Rotador"],"inLanguage":"es","potentialAction":[{"@type":"CommentAction","name":"Comment","target":["https:\/\/patagoniambiental.com.ar\/info\/national-geographic-presentara-en-ushuaia-el-documental-yaganes\/#respond"]}]},{"@type":"WebPage","@id":"https:\/\/patagoniambiental.com.ar\/info\/national-geographic-presentara-en-ushuaia-el-documental-yaganes\/","url":"https:\/\/patagoniambiental.com.ar\/info\/national-geographic-presentara-en-ushuaia-el-documental-yaganes\/","name":"National Geographic presentar\u00e1 en Ushuaia el documental \"Yaganes\"","isPartOf":{"@id":"https:\/\/patagoniambiental.com.ar\/info\/#website"},"primaryImageOfPage":{"@id":"https:\/\/patagoniambiental.com.ar\/info\/national-geographic-presentara-en-ushuaia-el-documental-yaganes\/#primaryimage"},"image":{"@id":"https:\/\/patagoniambiental.com.ar\/info\/national-geographic-presentara-en-ushuaia-el-documental-yaganes\/#primaryimage"},"thumbnailUrl":"https:\/\/patagoniambiental.com.ar\/info\/wp-content\/uploads\/2019\/05\/multimedia.normal.bca0b0beda103e9b.61626331202832295f6e6f726d616c2e6a7067.jpg","datePublished":"2019-05-06T10:00:59+00:00","breadcrumb":{"@id":"https:\/\/patagoniambiental.com.ar\/info\/national-geographic-presentara-en-ushuaia-el-documental-yaganes\/#breadcrumb"},"inLanguage":"es","potentialAction":[{"@type":"ReadAction","target":["https:\/\/patagoniambiental.com.ar\/info\/national-geographic-presentara-en-ushuaia-el-documental-yaganes\/"]}]},{"@type":"ImageObject","inLanguage":"es","@id":"https:\/\/patagoniambiental.com.ar\/info\/national-geographic-presentara-en-ushuaia-el-documental-yaganes\/#primaryimage","url":"https:\/\/patagoniambiental.com.ar\/info\/wp-content\/uploads\/2019\/05\/multimedia.normal.bca0b0beda103e9b.61626331202832295f6e6f726d616c2e6a7067.jpg","contentUrl":"https:\/\/patagoniambiental.com.ar\/info\/wp-content\/uploads\/2019\/05\/multimedia.normal.bca0b0beda103e9b.61626331202832295f6e6f726d616c2e6a7067.jpg","width":428,"height":600},{"@type":"BreadcrumbList","@id":"https:\/\/patagoniambiental.com.ar\/info\/national-geographic-presentara-en-ushuaia-el-documental-yaganes\/#breadcrumb","itemListElement":[{"@type":"ListItem","position":1,"name":"Inicio","item":"https:\/\/patagoniambiental.com.ar\/info\/"},{"@type":"ListItem","position":2,"name":"National Geographic presentar\u00e1 en Ushuaia el documental \u00abYaganes\u00bb"}]},{"@type":"WebSite","@id":"https:\/\/patagoniambiental.com.ar\/info\/#website","url":"https:\/\/patagoniambiental.com.ar\/info\/","name":"Patagonia Ambiental","description":"Monitoreo y an\u00e1lisis de la situaci\u00f3n geopol\u00edtica en el mundo y su implicancia en la Patagonia","publisher":{"@id":"https:\/\/patagoniambiental.com.ar\/info\/#organization"},"potentialAction":[{"@type":"SearchAction","target":{"@type":"EntryPoint","urlTemplate":"https:\/\/patagoniambiental.com.ar\/info\/?s={search_term_string}"},"query-input":{"@type":"PropertyValueSpecification","valueRequired":true,"valueName":"search_term_string"}}],"inLanguage":"es"},{"@type":"Organization","@id":"https:\/\/patagoniambiental.com.ar\/info\/#organization","name":"Patagonia Ambiental","url":"https:\/\/patagoniambiental.com.ar\/info\/","logo":{"@type":"ImageObject","inLanguage":"es","@id":"https:\/\/patagoniambiental.com.ar\/info\/#\/schema\/logo\/image\/","url":"https:\/\/patagoniambiental.com.ar\/info\/wp-content\/uploads\/2025\/05\/LOGO-PATAGONIA-AMBIENTAL.png","contentUrl":"https:\/\/patagoniambiental.com.ar\/info\/wp-content\/uploads\/2025\/05\/LOGO-PATAGONIA-AMBIENTAL.png","width":433,"height":250,"caption":"Patagonia Ambiental"},"image":{"@id":"https:\/\/patagoniambiental.com.ar\/info\/#\/schema\/logo\/image\/"},"sameAs":["https:\/\/www.facebook.com\/patagonia.ambiental","https:\/\/x.com\/PatAmb"]},{"@type":"Person","@id":"https:\/\/patagoniambiental.com.ar\/info\/#\/schema\/person\/db12bff64bbcbf6a253710bf0ea37b5d","name":"Patagonia Ambiental","description":"Andr\u00e9s Nievas T\u00e9cnico en manejo ambiental, consultor Ambiental y escritor para medios locales e internacionales sobre temas de geopolitica y medio ambiente.","sameAs":["http:\/\/www.patagoniambiental.com.ar","https:\/\/www.facebook.com\/share\/1C1V8Gv9BX\/?mibextid=qi2Omg","@patagoniambiental","https:\/\/youtube.com\/@patagoniaambiental2023?si=BLt58t0wuXquxlYZ"]}]}},"_links":{"self":[{"href":"https:\/\/patagoniambiental.com.ar\/info\/wp-json\/wp\/v2\/posts\/60803","targetHints":{"allow":["GET"]}}],"collection":[{"href":"https:\/\/patagoniambiental.com.ar\/info\/wp-json\/wp\/v2\/posts"}],"about":[{"href":"https:\/\/patagoniambiental.com.ar\/info\/wp-json\/wp\/v2\/types\/post"}],"author":[{"embeddable":true,"href":"https:\/\/patagoniambiental.com.ar\/info\/wp-json\/wp\/v2\/users\/2"}],"replies":[{"embeddable":true,"href":"https:\/\/patagoniambiental.com.ar\/info\/wp-json\/wp\/v2\/comments?post=60803"}],"version-history":[{"count":0,"href":"https:\/\/patagoniambiental.com.ar\/info\/wp-json\/wp\/v2\/posts\/60803\/revisions"}],"wp:featuredmedia":[{"embeddable":true,"href":"https:\/\/patagoniambiental.com.ar\/info\/wp-json\/wp\/v2\/media\/60804"}],"wp:attachment":[{"href":"https:\/\/patagoniambiental.com.ar\/info\/wp-json\/wp\/v2\/media?parent=60803"}],"wp:term":[{"taxonomy":"category","embeddable":true,"href":"https:\/\/patagoniambiental.com.ar\/info\/wp-json\/wp\/v2\/categories?post=60803"},{"taxonomy":"post_tag","embeddable":true,"href":"https:\/\/patagoniambiental.com.ar\/info\/wp-json\/wp\/v2\/tags?post=60803"}],"curies":[{"name":"wp","href":"https:\/\/api.w.org\/{rel}","templated":true}]}}