{"id":60839,"date":"2019-05-04T07:00:25","date_gmt":"2019-05-04T10:00:25","guid":{"rendered":"http:\/\/patagoniambiental.com.ar\/info\/?p=60839"},"modified":"2019-05-03T14:04:54","modified_gmt":"2019-05-03T17:04:54","slug":"ambiente-piden-informes-sobre-avance-de-acuerdo-con-la-fao-sobre-el-castor","status":"publish","type":"post","link":"https:\/\/patagoniambiental.com.ar\/info\/ambiente-piden-informes-sobre-avance-de-acuerdo-con-la-fao-sobre-el-castor\/","title":{"rendered":"AMBIENTE: Piden informes sobre avance de acuerdo con la FAO sobre el castor"},"content":{"rendered":"<header class=\"article-header entry-header\">\n<p class=\"entry-author author\">Ushuaia, viernes 3 de mayo de 2019, Por\u00a0Armando Cabral.- La Legislatura fueguina, aprob\u00f3 una resoluci\u00f3n donde pide informes al Poder ejecutivo sobre el estado de avance de la especia ex\u00f3tica invasora castor.<\/p>\n<p><!--more--><\/p>\n<p class=\"entry-author author\">Basado en el decreto provincial N\u00ba 0783\/17 sobre la carta acuerdo entre nuestra Provincia y la Organizaci\u00f3n de las Naciones Unidas para la Alimentaci\u00f3n y la Agricultura (FAO). El pedido de informes fue aprobado por unanimidad.<\/p>\n<div class=\"entry-thumb cf\"><img fetchpriority=\"high\" decoding=\"async\" class=\"attachment-full size-full wp-post-image\" src=\"http:\/\/www.lalicuadoratdf.com.ar\/wp-content\/uploads\/2019\/05\/castor.jpg\" sizes=\"(max-width: 652px) 100vw, 652px\" srcset=\"http:\/\/www.lalicuadoratdf.com.ar\/wp-content\/uploads\/2019\/05\/castor.jpg 652w, http:\/\/www.lalicuadoratdf.com.ar\/wp-content\/uploads\/2019\/05\/castor-620x441.jpg 620w\" alt=\"\" width=\"652\" height=\"464\" \/><\/div>\n<\/header>\n<p>&nbsp;<\/p>\n<section class=\"entry-content cf\">\n<div class=\"entry-share\">\n<div class=\"a2a_kit a2a_kit_size_32 addtoany_list\" data-a2a-url=\"http:\/\/www.lalicuadoratdf.com.ar\/2019\/05\/ambiente-piden-informes-sobre-avance-de-acuerdo-con-la-fao-sobre-el-castor\/\" data-a2a-title=\"AMBIENTE: Piden informes sobre avance de acuerdo con la FAO sobre el castor\"><\/div>\n<\/div>\n<p>A trav\u00e9s de la organizaci\u00f3n internacional, se accede a recursos del Fondo para el Medio Ambiente Mundial (GEF) desde donde se puede \u201cpropender a la residencia de los ambientes invadidos en Tierra del Fuego\u201d por el castor canadensis, nombre del roedor. El programa buscaba asimismo la \u201cprotecci\u00f3n efectiva de la biodiversidad contra los impactos de las Especies Ex\u00f3ticas Invasoras (EEI)\u201d<\/p>\n<p>&nbsp;<\/p>\n<p>La carta acuerdo tuvo un periodo de vigencia entre el 1 de mayo de 2017 y el 30 de abril del a\u00f1o pasado y el funcionario responsable de la administraci\u00f3n fue el Dr. Adri\u00e1n Schiavini . El objetivo principal de contribuir a la implementaci\u00f3n de los planes operativos de las \u00c1reas Piloto para liberar esas \u00e1reas de la presencia de castor y la evaluaci\u00f3n de la recuperaci\u00f3n de los ambientes degradados. El acta fue suscripta por el titular de la Secretar\u00eda de Ambiente, lic. Mauro P\u00e9rez Toscani y el representante en Argentina de la organizaci\u00f3n internacional, Ren\u00e9 Mauricio Valdes.<\/p>\n<p>&nbsp;<\/p>\n<p>Entre las actividades descriptas en la Carta, se articul\u00f3: \u201cContratar a los operarios restauradores de la biodiversidad, a los jefes de operaciones y a los encargados de log\u00edstica; proveer acceso a las \u00e1reas piloto para los equipos de restauraci\u00f3n y log\u00edstica; realizar el cuidado y participar en la realizaci\u00f3n de las evaluaciones de las condiciones de recuperaci\u00f3n de la biodiversidad establecidas\u201d, entre otras.<\/p>\n<p>&nbsp;<\/p>\n<p>El acuerdo determinaba lograr una capacidad operativa de restauraci\u00f3n de los ambientes afectados por el castor \u201cque sea operativa por al duraci\u00f3n del proyecto\u201d e inclu\u00eda actividades sustentadas con el personal de la Provincia; sus medios de transporte; infraestructura; comunicaciones, y dem\u00e1s acciones.<\/p>\n<p>&nbsp;<\/p>\n<p>Los sitios pilotos designados para la elaboraci\u00f3n del plan se determin\u00f3 en la cuenca del r\u00edo Esmeralda; cabecera del r\u00edo Lasifashaj; zona sur del Parque Nacional Tierra del Fuego (Ushuaia); cuencas de los r\u00edos Mimica, Inn, Indio \u2013de la reserva Coraz\u00f3n de la Isla-; \u00a0la cuenca del r\u00edo Malag\u00fce\u00f1a en la zona de Pen\u00ednsula Mitre; cuenca del arrollo Asturiana en la zona de estancias Rolito y Pirinaica (Tolhuin); cuenca del arroyo Gamma y Grande (R\u00edo Grande).<\/p>\n<p>&nbsp;<\/p>\n<p>En nuestro pa\u00eds, las acciones forman parte del componente Castor del\u00a0<a href=\"https:\/\/www.argentina.gob.ar\/ambiente\/biodiversidad\/especiesinvasoras\/proyecto\" target=\"_blank\" rel=\"noopener\" data-saferedirecturl=\"https:\/\/www.google.com\/url?q=https:\/\/www.argentina.gob.ar\/ambiente\/biodiversidad\/especiesinvasoras\/proyecto&amp;source=gmail&amp;ust=1556982442983000&amp;usg=AFQjCNEZe3cJ2a1tzxkOFFQCPhudZABMcQ\">Proyecto Fortalecimiento de la gobernanza para la protecci\u00f3n de la biodiversidad mediante la formulaci\u00f3n e implementaci\u00f3n de la Estrategia Nacional sobre Especies Ex\u00f3ticas Invasoras (ENEEI) \u2013 (GCP\/ARG\/023\/GFF)<\/a>, que lleva adelante el Ministerio de Ambiente y Desarrollo Sustentable de la Naci\u00f3n (MAyDS) junto a la provincia de Tierra del Fuego y otros organismos como la Administraci\u00f3n de Parques Nacionales. En Chile, el proceso es liderado por el Ministerio del Medio Ambiente de ese pa\u00eds.<\/p>\n<p>Finalmente, desde la FAO sostienen que nuestra sociedad tiene un alto conocimiento de la problem\u00e1tica, \u201cpor lo que el proyecto castor promueve la participaci\u00f3n ciudadana\u201d.<\/p>\n<p>&nbsp;<\/p>\n<p>Cabe agregar que el Sistema Nacional de Informaci\u00f3n sobre Especies Ex\u00f3ticas Invasoras logr\u00f3 el registro de 716 especies invasoras. A partir de la informaci\u00f3n provista por colaboradores de todo el pa\u00eds se sumaron 650 nuevas localidades de ocurrencia que, sumadas a las anteriores, hacen un total de 5850 localidades de ocurrencia en la base de datos.<\/p>\n<p>Fuente: http:\/\/www.lalicuadoratdf.com.ar\/2019\/05\/ambiente-piden-informes-sobre-avance-de-acuerdo-con-la-fao-sobre-el-castor\/<\/p>\n<\/section>\n","protected":false},"excerpt":{"rendered":"<p>Ushuaia, viernes 3 de mayo de 2019, Por\u00a0Armando Cabral.- La Legislatura fueguina, aprob\u00f3 una resoluci\u00f3n donde pide informes al Poder [&hellip;]<\/p>\n","protected":false},"author":2,"featured_media":60840,"comment_status":"open","ping_status":"open","sticky":false,"template":"","format":"standard","meta":{"site-sidebar-layout":"default","site-content-layout":"","ast-site-content-layout":"default","site-content-style":"default","site-sidebar-style":"default","ast-global-header-display":"","ast-banner-title-visibility":"","ast-main-header-display":"","ast-hfb-above-header-display":"","ast-hfb-below-header-display":"","ast-hfb-mobile-header-display":"","site-post-title":"","ast-breadcrumbs-content":"","ast-featured-img":"","footer-sml-layout":"","ast-disable-related-posts":"","theme-transparent-header-meta":"","adv-header-id-meta":"","stick-header-meta":"","header-above-stick-meta":"","header-main-stick-meta":"","header-below-stick-meta":"","astra-migrate-meta-layouts":"default","ast-page-background-enabled":"default","ast-page-background-meta":{"desktop":{"background-color":"var(--ast-global-color-5)","background-image":"","background-repeat":"repeat","background-position":"center center","background-size":"auto","background-attachment":"scroll","background-type":"","background-media":"","overlay-type":"","overlay-color":"","overlay-opacity":"","overlay-gradient":""},"tablet":{"background-color":"","background-image":"","background-repeat":"repeat","background-position":"center center","background-size":"auto","background-attachment":"scroll","background-type":"","background-media":"","overlay-type":"","overlay-color":"","overlay-opacity":"","overlay-gradient":""},"mobile":{"background-color":"","background-image":"","background-repeat":"repeat","background-position":"center center","background-size":"auto","background-attachment":"scroll","background-type":"","background-media":"","overlay-type":"","overlay-color":"","overlay-opacity":"","overlay-gradient":""}},"ast-content-background-meta":{"desktop":{"background-color":"var(--ast-global-color-4)","background-image":"","background-repeat":"repeat","background-position":"center center","background-size":"auto","background-attachment":"scroll","background-type":"","background-media":"","overlay-type":"","overlay-color":"","overlay-opacity":"","overlay-gradient":""},"tablet":{"background-color":"var(--ast-global-color-4)","background-image":"","background-repeat":"repeat","background-position":"center center","background-size":"auto","background-attachment":"scroll","background-type":"","background-media":"","overlay-type":"","overlay-color":"","overlay-opacity":"","overlay-gradient":""},"mobile":{"background-color":"var(--ast-global-color-4)","background-image":"","background-repeat":"repeat","background-position":"center center","background-size":"auto","background-attachment":"scroll","background-type":"","background-media":"","overlay-type":"","overlay-color":"","overlay-opacity":"","overlay-gradient":""}},"footnotes":""},"categories":[1,13,25],"tags":[],"class_list":["post-60839","post","type-post","status-publish","format-standard","has-post-thumbnail","hentry","category-noticias","category-provinciales","category-tierra-del-fuego"],"yoast_head":"<!-- This site is optimized with the Yoast SEO Premium plugin v23.0 (Yoast SEO v27.5) - https:\/\/yoast.com\/product\/yoast-seo-premium-wordpress\/ -->\n<title>AMBIENTE: Piden informes sobre avance de acuerdo con la FAO sobre el castor<\/title>\n<meta name=\"robots\" content=\"index, follow, max-snippet:-1, max-image-preview:large, max-video-preview:-1\" \/>\n<link rel=\"canonical\" href=\"https:\/\/patagoniambiental.com.ar\/info\/ambiente-piden-informes-sobre-avance-de-acuerdo-con-la-fao-sobre-el-castor\/\" \/>\n<meta property=\"og:locale\" content=\"es_ES\" \/>\n<meta property=\"og:type\" content=\"article\" \/>\n<meta property=\"og:title\" content=\"AMBIENTE: Piden informes sobre avance de acuerdo con la FAO sobre el castor\" \/>\n<meta property=\"og:description\" content=\"Ushuaia, viernes 3 de mayo de 2019, Por\u00a0Armando Cabral.- La Legislatura fueguina, aprob\u00f3 una resoluci\u00f3n donde pide informes al Poder [&hellip;]\" \/>\n<meta property=\"og:url\" content=\"https:\/\/patagoniambiental.com.ar\/info\/ambiente-piden-informes-sobre-avance-de-acuerdo-con-la-fao-sobre-el-castor\/\" \/>\n<meta property=\"og:site_name\" content=\"Patagonia Ambiental\" \/>\n<meta property=\"article:publisher\" content=\"https:\/\/www.facebook.com\/patagonia.ambiental\" \/>\n<meta property=\"article:author\" content=\"https:\/\/www.facebook.com\/share\/1C1V8Gv9BX\/?mibextid=qi2Omg\" \/>\n<meta property=\"article:published_time\" content=\"2019-05-04T10:00:25+00:00\" \/>\n<meta property=\"og:image\" content=\"https:\/\/patagoniambiental.com.ar\/info\/wp-content\/uploads\/2019\/05\/castor.jpg\" \/>\n\t<meta property=\"og:image:width\" content=\"652\" \/>\n\t<meta property=\"og:image:height\" content=\"464\" \/>\n\t<meta property=\"og:image:type\" content=\"image\/jpeg\" \/>\n<meta name=\"author\" content=\"Patagonia Ambiental\" \/>\n<meta name=\"twitter:card\" content=\"summary_large_image\" \/>\n<meta name=\"twitter:creator\" content=\"@PatAmb\" \/>\n<meta name=\"twitter:site\" content=\"@PatAmb\" \/>\n<script type=\"application\/ld+json\" class=\"yoast-schema-graph\">{\"@context\":\"https:\\\/\\\/schema.org\",\"@graph\":[{\"@type\":\"Article\",\"@id\":\"https:\\\/\\\/patagoniambiental.com.ar\\\/info\\\/ambiente-piden-informes-sobre-avance-de-acuerdo-con-la-fao-sobre-el-castor\\\/#article\",\"isPartOf\":{\"@id\":\"https:\\\/\\\/patagoniambiental.com.ar\\\/info\\\/ambiente-piden-informes-sobre-avance-de-acuerdo-con-la-fao-sobre-el-castor\\\/\"},\"author\":{\"name\":\"Patagonia Ambiental\",\"@id\":\"https:\\\/\\\/patagoniambiental.com.ar\\\/info\\\/#\\\/schema\\\/person\\\/db12bff64bbcbf6a253710bf0ea37b5d\"},\"headline\":\"AMBIENTE: Piden informes sobre avance de acuerdo con la FAO sobre el castor\",\"datePublished\":\"2019-05-04T10:00:25+00:00\",\"mainEntityOfPage\":{\"@id\":\"https:\\\/\\\/patagoniambiental.com.ar\\\/info\\\/ambiente-piden-informes-sobre-avance-de-acuerdo-con-la-fao-sobre-el-castor\\\/\"},\"wordCount\":644,\"commentCount\":0,\"publisher\":{\"@id\":\"https:\\\/\\\/patagoniambiental.com.ar\\\/info\\\/#organization\"},\"image\":{\"@id\":\"https:\\\/\\\/patagoniambiental.com.ar\\\/info\\\/ambiente-piden-informes-sobre-avance-de-acuerdo-con-la-fao-sobre-el-castor\\\/#primaryimage\"},\"thumbnailUrl\":\"https:\\\/\\\/patagoniambiental.com.ar\\\/info\\\/wp-content\\\/uploads\\\/2019\\\/05\\\/castor.jpg\",\"articleSection\":[\"Noticias\",\"Provinciales\",\"Tierra del Fuego\"],\"inLanguage\":\"es\",\"potentialAction\":[{\"@type\":\"CommentAction\",\"name\":\"Comment\",\"target\":[\"https:\\\/\\\/patagoniambiental.com.ar\\\/info\\\/ambiente-piden-informes-sobre-avance-de-acuerdo-con-la-fao-sobre-el-castor\\\/#respond\"]}]},{\"@type\":\"WebPage\",\"@id\":\"https:\\\/\\\/patagoniambiental.com.ar\\\/info\\\/ambiente-piden-informes-sobre-avance-de-acuerdo-con-la-fao-sobre-el-castor\\\/\",\"url\":\"https:\\\/\\\/patagoniambiental.com.ar\\\/info\\\/ambiente-piden-informes-sobre-avance-de-acuerdo-con-la-fao-sobre-el-castor\\\/\",\"name\":\"AMBIENTE: Piden informes sobre avance de acuerdo con la FAO sobre el castor\",\"isPartOf\":{\"@id\":\"https:\\\/\\\/patagoniambiental.com.ar\\\/info\\\/#website\"},\"primaryImageOfPage\":{\"@id\":\"https:\\\/\\\/patagoniambiental.com.ar\\\/info\\\/ambiente-piden-informes-sobre-avance-de-acuerdo-con-la-fao-sobre-el-castor\\\/#primaryimage\"},\"image\":{\"@id\":\"https:\\\/\\\/patagoniambiental.com.ar\\\/info\\\/ambiente-piden-informes-sobre-avance-de-acuerdo-con-la-fao-sobre-el-castor\\\/#primaryimage\"},\"thumbnailUrl\":\"https:\\\/\\\/patagoniambiental.com.ar\\\/info\\\/wp-content\\\/uploads\\\/2019\\\/05\\\/castor.jpg\",\"datePublished\":\"2019-05-04T10:00:25+00:00\",\"breadcrumb\":{\"@id\":\"https:\\\/\\\/patagoniambiental.com.ar\\\/info\\\/ambiente-piden-informes-sobre-avance-de-acuerdo-con-la-fao-sobre-el-castor\\\/#breadcrumb\"},\"inLanguage\":\"es\",\"potentialAction\":[{\"@type\":\"ReadAction\",\"target\":[\"https:\\\/\\\/patagoniambiental.com.ar\\\/info\\\/ambiente-piden-informes-sobre-avance-de-acuerdo-con-la-fao-sobre-el-castor\\\/\"]}]},{\"@type\":\"ImageObject\",\"inLanguage\":\"es\",\"@id\":\"https:\\\/\\\/patagoniambiental.com.ar\\\/info\\\/ambiente-piden-informes-sobre-avance-de-acuerdo-con-la-fao-sobre-el-castor\\\/#primaryimage\",\"url\":\"https:\\\/\\\/patagoniambiental.com.ar\\\/info\\\/wp-content\\\/uploads\\\/2019\\\/05\\\/castor.jpg\",\"contentUrl\":\"https:\\\/\\\/patagoniambiental.com.ar\\\/info\\\/wp-content\\\/uploads\\\/2019\\\/05\\\/castor.jpg\",\"width\":652,\"height\":464},{\"@type\":\"BreadcrumbList\",\"@id\":\"https:\\\/\\\/patagoniambiental.com.ar\\\/info\\\/ambiente-piden-informes-sobre-avance-de-acuerdo-con-la-fao-sobre-el-castor\\\/#breadcrumb\",\"itemListElement\":[{\"@type\":\"ListItem\",\"position\":1,\"name\":\"Inicio\",\"item\":\"https:\\\/\\\/patagoniambiental.com.ar\\\/info\\\/\"},{\"@type\":\"ListItem\",\"position\":2,\"name\":\"AMBIENTE: Piden informes sobre avance de acuerdo con la FAO sobre el castor\"}]},{\"@type\":\"WebSite\",\"@id\":\"https:\\\/\\\/patagoniambiental.com.ar\\\/info\\\/#website\",\"url\":\"https:\\\/\\\/patagoniambiental.com.ar\\\/info\\\/\",\"name\":\"Patagonia Ambiental\",\"description\":\"Monitoreo y an\u00e1lisis de la situaci\u00f3n geopol\u00edtica en el mundo y su implicancia en la Patagonia\",\"publisher\":{\"@id\":\"https:\\\/\\\/patagoniambiental.com.ar\\\/info\\\/#organization\"},\"potentialAction\":[{\"@type\":\"SearchAction\",\"target\":{\"@type\":\"EntryPoint\",\"urlTemplate\":\"https:\\\/\\\/patagoniambiental.com.ar\\\/info\\\/?s={search_term_string}\"},\"query-input\":{\"@type\":\"PropertyValueSpecification\",\"valueRequired\":true,\"valueName\":\"search_term_string\"}}],\"inLanguage\":\"es\"},{\"@type\":\"Organization\",\"@id\":\"https:\\\/\\\/patagoniambiental.com.ar\\\/info\\\/#organization\",\"name\":\"Patagonia Ambiental\",\"url\":\"https:\\\/\\\/patagoniambiental.com.ar\\\/info\\\/\",\"logo\":{\"@type\":\"ImageObject\",\"inLanguage\":\"es\",\"@id\":\"https:\\\/\\\/patagoniambiental.com.ar\\\/info\\\/#\\\/schema\\\/logo\\\/image\\\/\",\"url\":\"https:\\\/\\\/patagoniambiental.com.ar\\\/info\\\/wp-content\\\/uploads\\\/2025\\\/05\\\/LOGO-PATAGONIA-AMBIENTAL.png\",\"contentUrl\":\"https:\\\/\\\/patagoniambiental.com.ar\\\/info\\\/wp-content\\\/uploads\\\/2025\\\/05\\\/LOGO-PATAGONIA-AMBIENTAL.png\",\"width\":433,\"height\":250,\"caption\":\"Patagonia Ambiental\"},\"image\":{\"@id\":\"https:\\\/\\\/patagoniambiental.com.ar\\\/info\\\/#\\\/schema\\\/logo\\\/image\\\/\"},\"sameAs\":[\"https:\\\/\\\/www.facebook.com\\\/patagonia.ambiental\",\"https:\\\/\\\/x.com\\\/PatAmb\"]},{\"@type\":\"Person\",\"@id\":\"https:\\\/\\\/patagoniambiental.com.ar\\\/info\\\/#\\\/schema\\\/person\\\/db12bff64bbcbf6a253710bf0ea37b5d\",\"name\":\"Patagonia Ambiental\",\"description\":\"Andr\u00e9s Nievas T\u00e9cnico en manejo ambiental, consultor Ambiental y escritor para medios locales e internacionales sobre temas de geopolitica y medio ambiente.\",\"sameAs\":[\"http:\\\/\\\/www.patagoniambiental.com.ar\",\"https:\\\/\\\/www.facebook.com\\\/share\\\/1C1V8Gv9BX\\\/?mibextid=qi2Omg\",\"@patagoniambiental\",\"https:\\\/\\\/youtube.com\\\/@patagoniaambiental2023?si=BLt58t0wuXquxlYZ\"]}]}<\/script>\n<!-- \/ Yoast SEO Premium plugin. -->","yoast_head_json":{"title":"AMBIENTE: Piden informes sobre avance de acuerdo con la FAO sobre el castor","robots":{"index":"index","follow":"follow","max-snippet":"max-snippet:-1","max-image-preview":"max-image-preview:large","max-video-preview":"max-video-preview:-1"},"canonical":"https:\/\/patagoniambiental.com.ar\/info\/ambiente-piden-informes-sobre-avance-de-acuerdo-con-la-fao-sobre-el-castor\/","og_locale":"es_ES","og_type":"article","og_title":"AMBIENTE: Piden informes sobre avance de acuerdo con la FAO sobre el castor","og_description":"Ushuaia, viernes 3 de mayo de 2019, Por\u00a0Armando Cabral.- La Legislatura fueguina, aprob\u00f3 una resoluci\u00f3n donde pide informes al Poder [&hellip;]","og_url":"https:\/\/patagoniambiental.com.ar\/info\/ambiente-piden-informes-sobre-avance-de-acuerdo-con-la-fao-sobre-el-castor\/","og_site_name":"Patagonia Ambiental","article_publisher":"https:\/\/www.facebook.com\/patagonia.ambiental","article_author":"https:\/\/www.facebook.com\/share\/1C1V8Gv9BX\/?mibextid=qi2Omg","article_published_time":"2019-05-04T10:00:25+00:00","og_image":[{"width":652,"height":464,"url":"https:\/\/patagoniambiental.com.ar\/info\/wp-content\/uploads\/2019\/05\/castor.jpg","type":"image\/jpeg"}],"author":"Patagonia Ambiental","twitter_card":"summary_large_image","twitter_creator":"@PatAmb","twitter_site":"@PatAmb","schema":{"@context":"https:\/\/schema.org","@graph":[{"@type":"Article","@id":"https:\/\/patagoniambiental.com.ar\/info\/ambiente-piden-informes-sobre-avance-de-acuerdo-con-la-fao-sobre-el-castor\/#article","isPartOf":{"@id":"https:\/\/patagoniambiental.com.ar\/info\/ambiente-piden-informes-sobre-avance-de-acuerdo-con-la-fao-sobre-el-castor\/"},"author":{"name":"Patagonia Ambiental","@id":"https:\/\/patagoniambiental.com.ar\/info\/#\/schema\/person\/db12bff64bbcbf6a253710bf0ea37b5d"},"headline":"AMBIENTE: Piden informes sobre avance de acuerdo con la FAO sobre el castor","datePublished":"2019-05-04T10:00:25+00:00","mainEntityOfPage":{"@id":"https:\/\/patagoniambiental.com.ar\/info\/ambiente-piden-informes-sobre-avance-de-acuerdo-con-la-fao-sobre-el-castor\/"},"wordCount":644,"commentCount":0,"publisher":{"@id":"https:\/\/patagoniambiental.com.ar\/info\/#organization"},"image":{"@id":"https:\/\/patagoniambiental.com.ar\/info\/ambiente-piden-informes-sobre-avance-de-acuerdo-con-la-fao-sobre-el-castor\/#primaryimage"},"thumbnailUrl":"https:\/\/patagoniambiental.com.ar\/info\/wp-content\/uploads\/2019\/05\/castor.jpg","articleSection":["Noticias","Provinciales","Tierra del Fuego"],"inLanguage":"es","potentialAction":[{"@type":"CommentAction","name":"Comment","target":["https:\/\/patagoniambiental.com.ar\/info\/ambiente-piden-informes-sobre-avance-de-acuerdo-con-la-fao-sobre-el-castor\/#respond"]}]},{"@type":"WebPage","@id":"https:\/\/patagoniambiental.com.ar\/info\/ambiente-piden-informes-sobre-avance-de-acuerdo-con-la-fao-sobre-el-castor\/","url":"https:\/\/patagoniambiental.com.ar\/info\/ambiente-piden-informes-sobre-avance-de-acuerdo-con-la-fao-sobre-el-castor\/","name":"AMBIENTE: Piden informes sobre avance de acuerdo con la FAO sobre el castor","isPartOf":{"@id":"https:\/\/patagoniambiental.com.ar\/info\/#website"},"primaryImageOfPage":{"@id":"https:\/\/patagoniambiental.com.ar\/info\/ambiente-piden-informes-sobre-avance-de-acuerdo-con-la-fao-sobre-el-castor\/#primaryimage"},"image":{"@id":"https:\/\/patagoniambiental.com.ar\/info\/ambiente-piden-informes-sobre-avance-de-acuerdo-con-la-fao-sobre-el-castor\/#primaryimage"},"thumbnailUrl":"https:\/\/patagoniambiental.com.ar\/info\/wp-content\/uploads\/2019\/05\/castor.jpg","datePublished":"2019-05-04T10:00:25+00:00","breadcrumb":{"@id":"https:\/\/patagoniambiental.com.ar\/info\/ambiente-piden-informes-sobre-avance-de-acuerdo-con-la-fao-sobre-el-castor\/#breadcrumb"},"inLanguage":"es","potentialAction":[{"@type":"ReadAction","target":["https:\/\/patagoniambiental.com.ar\/info\/ambiente-piden-informes-sobre-avance-de-acuerdo-con-la-fao-sobre-el-castor\/"]}]},{"@type":"ImageObject","inLanguage":"es","@id":"https:\/\/patagoniambiental.com.ar\/info\/ambiente-piden-informes-sobre-avance-de-acuerdo-con-la-fao-sobre-el-castor\/#primaryimage","url":"https:\/\/patagoniambiental.com.ar\/info\/wp-content\/uploads\/2019\/05\/castor.jpg","contentUrl":"https:\/\/patagoniambiental.com.ar\/info\/wp-content\/uploads\/2019\/05\/castor.jpg","width":652,"height":464},{"@type":"BreadcrumbList","@id":"https:\/\/patagoniambiental.com.ar\/info\/ambiente-piden-informes-sobre-avance-de-acuerdo-con-la-fao-sobre-el-castor\/#breadcrumb","itemListElement":[{"@type":"ListItem","position":1,"name":"Inicio","item":"https:\/\/patagoniambiental.com.ar\/info\/"},{"@type":"ListItem","position":2,"name":"AMBIENTE: Piden informes sobre avance de acuerdo con la FAO sobre el castor"}]},{"@type":"WebSite","@id":"https:\/\/patagoniambiental.com.ar\/info\/#website","url":"https:\/\/patagoniambiental.com.ar\/info\/","name":"Patagonia Ambiental","description":"Monitoreo y an\u00e1lisis de la situaci\u00f3n geopol\u00edtica en el mundo y su implicancia en la Patagonia","publisher":{"@id":"https:\/\/patagoniambiental.com.ar\/info\/#organization"},"potentialAction":[{"@type":"SearchAction","target":{"@type":"EntryPoint","urlTemplate":"https:\/\/patagoniambiental.com.ar\/info\/?s={search_term_string}"},"query-input":{"@type":"PropertyValueSpecification","valueRequired":true,"valueName":"search_term_string"}}],"inLanguage":"es"},{"@type":"Organization","@id":"https:\/\/patagoniambiental.com.ar\/info\/#organization","name":"Patagonia Ambiental","url":"https:\/\/patagoniambiental.com.ar\/info\/","logo":{"@type":"ImageObject","inLanguage":"es","@id":"https:\/\/patagoniambiental.com.ar\/info\/#\/schema\/logo\/image\/","url":"https:\/\/patagoniambiental.com.ar\/info\/wp-content\/uploads\/2025\/05\/LOGO-PATAGONIA-AMBIENTAL.png","contentUrl":"https:\/\/patagoniambiental.com.ar\/info\/wp-content\/uploads\/2025\/05\/LOGO-PATAGONIA-AMBIENTAL.png","width":433,"height":250,"caption":"Patagonia Ambiental"},"image":{"@id":"https:\/\/patagoniambiental.com.ar\/info\/#\/schema\/logo\/image\/"},"sameAs":["https:\/\/www.facebook.com\/patagonia.ambiental","https:\/\/x.com\/PatAmb"]},{"@type":"Person","@id":"https:\/\/patagoniambiental.com.ar\/info\/#\/schema\/person\/db12bff64bbcbf6a253710bf0ea37b5d","name":"Patagonia Ambiental","description":"Andr\u00e9s Nievas T\u00e9cnico en manejo ambiental, consultor Ambiental y escritor para medios locales e internacionales sobre temas de geopolitica y medio ambiente.","sameAs":["http:\/\/www.patagoniambiental.com.ar","https:\/\/www.facebook.com\/share\/1C1V8Gv9BX\/?mibextid=qi2Omg","@patagoniambiental","https:\/\/youtube.com\/@patagoniaambiental2023?si=BLt58t0wuXquxlYZ"]}]}},"_links":{"self":[{"href":"https:\/\/patagoniambiental.com.ar\/info\/wp-json\/wp\/v2\/posts\/60839","targetHints":{"allow":["GET"]}}],"collection":[{"href":"https:\/\/patagoniambiental.com.ar\/info\/wp-json\/wp\/v2\/posts"}],"about":[{"href":"https:\/\/patagoniambiental.com.ar\/info\/wp-json\/wp\/v2\/types\/post"}],"author":[{"embeddable":true,"href":"https:\/\/patagoniambiental.com.ar\/info\/wp-json\/wp\/v2\/users\/2"}],"replies":[{"embeddable":true,"href":"https:\/\/patagoniambiental.com.ar\/info\/wp-json\/wp\/v2\/comments?post=60839"}],"version-history":[{"count":0,"href":"https:\/\/patagoniambiental.com.ar\/info\/wp-json\/wp\/v2\/posts\/60839\/revisions"}],"wp:featuredmedia":[{"embeddable":true,"href":"https:\/\/patagoniambiental.com.ar\/info\/wp-json\/wp\/v2\/media\/60840"}],"wp:attachment":[{"href":"https:\/\/patagoniambiental.com.ar\/info\/wp-json\/wp\/v2\/media?parent=60839"}],"wp:term":[{"taxonomy":"category","embeddable":true,"href":"https:\/\/patagoniambiental.com.ar\/info\/wp-json\/wp\/v2\/categories?post=60839"},{"taxonomy":"post_tag","embeddable":true,"href":"https:\/\/patagoniambiental.com.ar\/info\/wp-json\/wp\/v2\/tags?post=60839"}],"curies":[{"name":"wp","href":"https:\/\/api.w.org\/{rel}","templated":true}]}}