{"id":60853,"date":"2019-05-07T07:00:48","date_gmt":"2019-05-07T10:00:48","guid":{"rendered":"http:\/\/patagoniambiental.com.ar\/info\/?p=60853"},"modified":"2019-05-06T16:22:22","modified_gmt":"2019-05-06T19:22:22","slug":"sustentabilidad-del-sistema-usuarios-rionegrinos-pueden-inyectar-energia-a-la-red-electrica","status":"publish","type":"post","link":"https:\/\/patagoniambiental.com.ar\/info\/sustentabilidad-del-sistema-usuarios-rionegrinos-pueden-inyectar-energia-a-la-red-electrica\/","title":{"rendered":"Sustentabilidad del sistema: usuarios rionegrinos pueden inyectar energ\u00eda a la red el\u00e9ctrica"},"content":{"rendered":"<div>Viedma.-Con la adhesi\u00f3n de R\u00edo Negro a la Ley Nacional N\u00ba 27.424, usuarios del servicio el\u00e9ctrico pueden inyectar los excedentes energ\u00e9ticos que autogenere con alguna fuente renovable a la red el\u00e9ctrica de distribuci\u00f3n.<\/div>\n<p><!--more--><\/p>\n<div id=\"x_cuerpo\">\n<p>La norma establece el \u201cR\u00e9gimen de Fomento a la Generaci\u00f3n Distribuida de Energ\u00eda Renovable integrada a la Red El\u00e9ctrica P\u00fablica\u201d.<\/p>\n<p>Se trata de una metodolog\u00eda que avanza en muchos pa\u00edses y cuyas condiciones fueron reglamentadas en R\u00edo Negro en 2017, antes de la sanci\u00f3n de una ley nacional, que reci\u00e9n en marzo de este a\u00f1o tuvo su reglamentaci\u00f3n.<\/p>\n<p>El viernes pasado, la Legislatura de R\u00edo Negro aprob\u00f3 un proyecto de adhesi\u00f3n a esa normativa nacional, que fue trabajado en comisiones con los t\u00e9cnicos gubernamentales que son competentes en la metodolog\u00eda provincial; la cual seguir\u00e1 vigente ya que no posee contradicciones o diferencias esenciales que pudiera generar alg\u00fan tipo de conflicto.<\/p>\n<p>La secretaria de Energ\u00eda El\u00e9ctrica, Andrea Confini, destac\u00f3 el trabajo legislativo conjunto que de inmediato se gener\u00f3 en torno al tema y valor\u00f3 la tarea del legislador Leandro Tozzi, quien fue uno de los que llev\u00f3 la iniciativa al recinto.<\/p>\n<p>\u201cComo en su momento no pod\u00edamos esperar y es una realidad que poco a poco va haci\u00e9ndose visible es que tuvimos la necesidad de avanzar en el establecimiento de las pautas de conexi\u00f3n. Tenemos nueve usuarios particulares que ya est\u00e1n conectados en Bariloche, Cipolletti, Cinco Saltos, R\u00edo Colorado y El Bols\u00f3n, adem\u00e1s de algunas dependencias p\u00fablicas\u201d, repas\u00f3 la funcionaria.<\/p>\n<p>Confini se\u00f1al\u00f3 que \u201cla generaci\u00f3n distribuida contribuye a la sustentabilidad del sistema y su esp\u00edritu coincide con el paradigma que ubica al usuario en un rol m\u00e1s activo, el de administrar la energ\u00eda que consume, generar y compartir en la red p\u00fablica sus excedentes. Lo que se hizo en su momento con la reglamentaci\u00f3n fue facilitar ese aspecto como un derecho\u201d, rese\u00f1\u00f3.<\/p>\n<p>El tr\u00e1mite formalmente se inicia ante las distribuidoras con el aval de un profesional matriculado y con equipos debidamente empadronados. All\u00ed se analiza internamente y se hace participar al EPRE para la revisi\u00f3n de las condiciones en las que se proyecta hacer la conexi\u00f3n a la red de distribuci\u00f3n.<\/p>\n<p>Sobre la adhesi\u00f3n a la ley nacional, Confini mencion\u00f3 que \u201cnos permitir\u00e1 acceder a beneficios promocionales para que cada vez haya m\u00e1s experiencias, como puede ser a trav\u00e9s de fondos de fomento a tasas subsidiadas para la adquisici\u00f3n de los equipos o tambi\u00e9n para fabricantes dedicados al rubro de estos equipos y maquinarias\u201d.<\/p>\n<p>&nbsp;<\/p>\n<p><strong>Experiencias oficiales en R\u00edo Negro<\/strong><\/p>\n<p>&nbsp;<\/p>\n<p>El Gobierno Provincial cuenta con tres experiencias en marcha de generaci\u00f3n solar, a partir de un convenio asociativo con la Universidad Nacional de San Mart\u00edn y el Departamento de Energ\u00eda Solar de la Comisi\u00f3n Nacional de Energ\u00eda At\u00f3mica (CNEA), en Bariloche, Catriel y Cipolletti.<\/p>\n<p>Son m\u00f3dulos de generaci\u00f3n que est\u00e1n funcionando en el CET 21 de Catriel, en el Centro Administrativo Provincial de Bariloche y en la oficina que la Secretar\u00eda de Energ\u00eda El\u00e9ctrica tiene en Cipolletti. Tres puntos clave de la latitud provincial, que permiti\u00f3 medir c\u00f3mo se comporta la radiaci\u00f3n solar tanto en los extremos de nuestra geograf\u00eda como en la zona central. Adem\u00e1s, sirvi\u00f3 para debatir y consensuar las cuestiones regulatorias y t\u00e9cnicas entre la Secretar\u00eda de Energ\u00eda El\u00e9ctrica, el EPRE y las tres distribuidoras que operan en el territorio provincial.<\/p>\n<p>&nbsp;<\/p>\n<\/div>\n<p>Fuente:\u00a0\u00a0<a id=\"LPlnk499837\" href=\"http:\/\/www.rionegro.gov.ar\/?contID=51654\" target=\"_blank\" rel=\"noopener noreferrer\" data-auth=\"NotApplicable\">http:\/\/www.rionegro.gov.ar\/?contID=51654<\/a><\/p>\n","protected":false},"excerpt":{"rendered":"<p>Viedma.-Con la adhesi\u00f3n de R\u00edo Negro a la Ley Nacional N\u00ba 27.424, usuarios del servicio el\u00e9ctrico pueden inyectar los excedentes [&hellip;]<\/p>\n","protected":false},"author":2,"featured_media":60854,"comment_status":"open","ping_status":"open","sticky":false,"template":"","format":"standard","meta":{"site-sidebar-layout":"default","site-content-layout":"","ast-site-content-layout":"default","site-content-style":"default","site-sidebar-style":"default","ast-global-header-display":"","ast-banner-title-visibility":"","ast-main-header-display":"","ast-hfb-above-header-display":"","ast-hfb-below-header-display":"","ast-hfb-mobile-header-display":"","site-post-title":"","ast-breadcrumbs-content":"","ast-featured-img":"","footer-sml-layout":"","ast-disable-related-posts":"","theme-transparent-header-meta":"","adv-header-id-meta":"","stick-header-meta":"","header-above-stick-meta":"","header-main-stick-meta":"","header-below-stick-meta":"","astra-migrate-meta-layouts":"default","ast-page-background-enabled":"default","ast-page-background-meta":{"desktop":{"background-color":"var(--ast-global-color-5)","background-image":"","background-repeat":"repeat","background-position":"center center","background-size":"auto","background-attachment":"scroll","background-type":"","background-media":"","overlay-type":"","overlay-color":"","overlay-opacity":"","overlay-gradient":""},"tablet":{"background-color":"","background-image":"","background-repeat":"repeat","background-position":"center center","background-size":"auto","background-attachment":"scroll","background-type":"","background-media":"","overlay-type":"","overlay-color":"","overlay-opacity":"","overlay-gradient":""},"mobile":{"background-color":"","background-image":"","background-repeat":"repeat","background-position":"center center","background-size":"auto","background-attachment":"scroll","background-type":"","background-media":"","overlay-type":"","overlay-color":"","overlay-opacity":"","overlay-gradient":""}},"ast-content-background-meta":{"desktop":{"background-color":"var(--ast-global-color-4)","background-image":"","background-repeat":"repeat","background-position":"center center","background-size":"auto","background-attachment":"scroll","background-type":"","background-media":"","overlay-type":"","overlay-color":"","overlay-opacity":"","overlay-gradient":""},"tablet":{"background-color":"var(--ast-global-color-4)","background-image":"","background-repeat":"repeat","background-position":"center center","background-size":"auto","background-attachment":"scroll","background-type":"","background-media":"","overlay-type":"","overlay-color":"","overlay-opacity":"","overlay-gradient":""},"mobile":{"background-color":"var(--ast-global-color-4)","background-image":"","background-repeat":"repeat","background-position":"center center","background-size":"auto","background-attachment":"scroll","background-type":"","background-media":"","overlay-type":"","overlay-color":"","overlay-opacity":"","overlay-gradient":""}},"footnotes":""},"categories":[11,1,13,14],"tags":[],"class_list":["post-60853","post","type-post","status-publish","format-standard","has-post-thumbnail","hentry","category-boletin","category-noticias","category-provinciales","category-rio-negro"],"yoast_head":"<!-- This site is optimized with the Yoast SEO Premium plugin v23.0 (Yoast SEO v27.5) - https:\/\/yoast.com\/product\/yoast-seo-premium-wordpress\/ -->\n<title>Sustentabilidad del sistema: usuarios rionegrinos pueden inyectar energ\u00eda a la red el\u00e9ctrica<\/title>\n<meta name=\"robots\" content=\"index, follow, max-snippet:-1, max-image-preview:large, max-video-preview:-1\" \/>\n<link rel=\"canonical\" href=\"https:\/\/patagoniambiental.com.ar\/info\/sustentabilidad-del-sistema-usuarios-rionegrinos-pueden-inyectar-energia-a-la-red-electrica\/\" \/>\n<meta property=\"og:locale\" content=\"es_ES\" \/>\n<meta property=\"og:type\" content=\"article\" \/>\n<meta property=\"og:title\" content=\"Sustentabilidad del sistema: usuarios rionegrinos pueden inyectar energ\u00eda a la red el\u00e9ctrica\" \/>\n<meta property=\"og:description\" content=\"Viedma.-Con la adhesi\u00f3n de R\u00edo Negro a la Ley Nacional N\u00ba 27.424, usuarios del servicio el\u00e9ctrico pueden inyectar los excedentes [&hellip;]\" \/>\n<meta property=\"og:url\" content=\"https:\/\/patagoniambiental.com.ar\/info\/sustentabilidad-del-sistema-usuarios-rionegrinos-pueden-inyectar-energia-a-la-red-electrica\/\" \/>\n<meta property=\"og:site_name\" content=\"Patagonia Ambiental\" \/>\n<meta property=\"article:publisher\" content=\"https:\/\/www.facebook.com\/patagonia.ambiental\" \/>\n<meta property=\"article:author\" content=\"https:\/\/www.facebook.com\/share\/1C1V8Gv9BX\/?mibextid=qi2Omg\" \/>\n<meta property=\"article:published_time\" content=\"2019-05-07T10:00:48+00:00\" \/>\n<meta property=\"og:image\" content=\"https:\/\/patagoniambiental.com.ar\/info\/wp-content\/uploads\/2019\/05\/00042095.jpg\" \/>\n\t<meta property=\"og:image:width\" content=\"924\" \/>\n\t<meta property=\"og:image:height\" content=\"616\" \/>\n\t<meta property=\"og:image:type\" content=\"image\/jpeg\" \/>\n<meta name=\"author\" content=\"Patagonia Ambiental\" \/>\n<meta name=\"twitter:card\" content=\"summary_large_image\" \/>\n<meta name=\"twitter:creator\" content=\"@PatAmb\" \/>\n<meta name=\"twitter:site\" content=\"@PatAmb\" \/>\n<script type=\"application\/ld+json\" class=\"yoast-schema-graph\">{\"@context\":\"https:\\\/\\\/schema.org\",\"@graph\":[{\"@type\":\"Article\",\"@id\":\"https:\\\/\\\/patagoniambiental.com.ar\\\/info\\\/sustentabilidad-del-sistema-usuarios-rionegrinos-pueden-inyectar-energia-a-la-red-electrica\\\/#article\",\"isPartOf\":{\"@id\":\"https:\\\/\\\/patagoniambiental.com.ar\\\/info\\\/sustentabilidad-del-sistema-usuarios-rionegrinos-pueden-inyectar-energia-a-la-red-electrica\\\/\"},\"author\":{\"name\":\"Patagonia Ambiental\",\"@id\":\"https:\\\/\\\/patagoniambiental.com.ar\\\/info\\\/#\\\/schema\\\/person\\\/db12bff64bbcbf6a253710bf0ea37b5d\"},\"headline\":\"Sustentabilidad del sistema: usuarios rionegrinos pueden inyectar energ\u00eda a la red el\u00e9ctrica\",\"datePublished\":\"2019-05-07T10:00:48+00:00\",\"mainEntityOfPage\":{\"@id\":\"https:\\\/\\\/patagoniambiental.com.ar\\\/info\\\/sustentabilidad-del-sistema-usuarios-rionegrinos-pueden-inyectar-energia-a-la-red-electrica\\\/\"},\"wordCount\":637,\"commentCount\":0,\"publisher\":{\"@id\":\"https:\\\/\\\/patagoniambiental.com.ar\\\/info\\\/#organization\"},\"image\":{\"@id\":\"https:\\\/\\\/patagoniambiental.com.ar\\\/info\\\/sustentabilidad-del-sistema-usuarios-rionegrinos-pueden-inyectar-energia-a-la-red-electrica\\\/#primaryimage\"},\"thumbnailUrl\":\"https:\\\/\\\/patagoniambiental.com.ar\\\/info\\\/wp-content\\\/uploads\\\/2019\\\/05\\\/00042095.jpg\",\"articleSection\":[\"Bolet\u00edn\",\"Noticias\",\"Provinciales\",\"R\u00edo Negro\"],\"inLanguage\":\"es\",\"potentialAction\":[{\"@type\":\"CommentAction\",\"name\":\"Comment\",\"target\":[\"https:\\\/\\\/patagoniambiental.com.ar\\\/info\\\/sustentabilidad-del-sistema-usuarios-rionegrinos-pueden-inyectar-energia-a-la-red-electrica\\\/#respond\"]}]},{\"@type\":\"WebPage\",\"@id\":\"https:\\\/\\\/patagoniambiental.com.ar\\\/info\\\/sustentabilidad-del-sistema-usuarios-rionegrinos-pueden-inyectar-energia-a-la-red-electrica\\\/\",\"url\":\"https:\\\/\\\/patagoniambiental.com.ar\\\/info\\\/sustentabilidad-del-sistema-usuarios-rionegrinos-pueden-inyectar-energia-a-la-red-electrica\\\/\",\"name\":\"Sustentabilidad del sistema: usuarios rionegrinos pueden inyectar energ\u00eda a la red el\u00e9ctrica\",\"isPartOf\":{\"@id\":\"https:\\\/\\\/patagoniambiental.com.ar\\\/info\\\/#website\"},\"primaryImageOfPage\":{\"@id\":\"https:\\\/\\\/patagoniambiental.com.ar\\\/info\\\/sustentabilidad-del-sistema-usuarios-rionegrinos-pueden-inyectar-energia-a-la-red-electrica\\\/#primaryimage\"},\"image\":{\"@id\":\"https:\\\/\\\/patagoniambiental.com.ar\\\/info\\\/sustentabilidad-del-sistema-usuarios-rionegrinos-pueden-inyectar-energia-a-la-red-electrica\\\/#primaryimage\"},\"thumbnailUrl\":\"https:\\\/\\\/patagoniambiental.com.ar\\\/info\\\/wp-content\\\/uploads\\\/2019\\\/05\\\/00042095.jpg\",\"datePublished\":\"2019-05-07T10:00:48+00:00\",\"breadcrumb\":{\"@id\":\"https:\\\/\\\/patagoniambiental.com.ar\\\/info\\\/sustentabilidad-del-sistema-usuarios-rionegrinos-pueden-inyectar-energia-a-la-red-electrica\\\/#breadcrumb\"},\"inLanguage\":\"es\",\"potentialAction\":[{\"@type\":\"ReadAction\",\"target\":[\"https:\\\/\\\/patagoniambiental.com.ar\\\/info\\\/sustentabilidad-del-sistema-usuarios-rionegrinos-pueden-inyectar-energia-a-la-red-electrica\\\/\"]}]},{\"@type\":\"ImageObject\",\"inLanguage\":\"es\",\"@id\":\"https:\\\/\\\/patagoniambiental.com.ar\\\/info\\\/sustentabilidad-del-sistema-usuarios-rionegrinos-pueden-inyectar-energia-a-la-red-electrica\\\/#primaryimage\",\"url\":\"https:\\\/\\\/patagoniambiental.com.ar\\\/info\\\/wp-content\\\/uploads\\\/2019\\\/05\\\/00042095.jpg\",\"contentUrl\":\"https:\\\/\\\/patagoniambiental.com.ar\\\/info\\\/wp-content\\\/uploads\\\/2019\\\/05\\\/00042095.jpg\",\"width\":900,\"height\":600},{\"@type\":\"BreadcrumbList\",\"@id\":\"https:\\\/\\\/patagoniambiental.com.ar\\\/info\\\/sustentabilidad-del-sistema-usuarios-rionegrinos-pueden-inyectar-energia-a-la-red-electrica\\\/#breadcrumb\",\"itemListElement\":[{\"@type\":\"ListItem\",\"position\":1,\"name\":\"Inicio\",\"item\":\"https:\\\/\\\/patagoniambiental.com.ar\\\/info\\\/\"},{\"@type\":\"ListItem\",\"position\":2,\"name\":\"Sustentabilidad del sistema: usuarios rionegrinos pueden inyectar energ\u00eda a la red el\u00e9ctrica\"}]},{\"@type\":\"WebSite\",\"@id\":\"https:\\\/\\\/patagoniambiental.com.ar\\\/info\\\/#website\",\"url\":\"https:\\\/\\\/patagoniambiental.com.ar\\\/info\\\/\",\"name\":\"Patagonia Ambiental\",\"description\":\"Monitoreo y an\u00e1lisis de la situaci\u00f3n geopol\u00edtica en el mundo y su implicancia en la Patagonia\",\"publisher\":{\"@id\":\"https:\\\/\\\/patagoniambiental.com.ar\\\/info\\\/#organization\"},\"potentialAction\":[{\"@type\":\"SearchAction\",\"target\":{\"@type\":\"EntryPoint\",\"urlTemplate\":\"https:\\\/\\\/patagoniambiental.com.ar\\\/info\\\/?s={search_term_string}\"},\"query-input\":{\"@type\":\"PropertyValueSpecification\",\"valueRequired\":true,\"valueName\":\"search_term_string\"}}],\"inLanguage\":\"es\"},{\"@type\":\"Organization\",\"@id\":\"https:\\\/\\\/patagoniambiental.com.ar\\\/info\\\/#organization\",\"name\":\"Patagonia Ambiental\",\"url\":\"https:\\\/\\\/patagoniambiental.com.ar\\\/info\\\/\",\"logo\":{\"@type\":\"ImageObject\",\"inLanguage\":\"es\",\"@id\":\"https:\\\/\\\/patagoniambiental.com.ar\\\/info\\\/#\\\/schema\\\/logo\\\/image\\\/\",\"url\":\"https:\\\/\\\/patagoniambiental.com.ar\\\/info\\\/wp-content\\\/uploads\\\/2025\\\/05\\\/LOGO-PATAGONIA-AMBIENTAL.png\",\"contentUrl\":\"https:\\\/\\\/patagoniambiental.com.ar\\\/info\\\/wp-content\\\/uploads\\\/2025\\\/05\\\/LOGO-PATAGONIA-AMBIENTAL.png\",\"width\":433,\"height\":250,\"caption\":\"Patagonia Ambiental\"},\"image\":{\"@id\":\"https:\\\/\\\/patagoniambiental.com.ar\\\/info\\\/#\\\/schema\\\/logo\\\/image\\\/\"},\"sameAs\":[\"https:\\\/\\\/www.facebook.com\\\/patagonia.ambiental\",\"https:\\\/\\\/x.com\\\/PatAmb\"]},{\"@type\":\"Person\",\"@id\":\"https:\\\/\\\/patagoniambiental.com.ar\\\/info\\\/#\\\/schema\\\/person\\\/db12bff64bbcbf6a253710bf0ea37b5d\",\"name\":\"Patagonia Ambiental\",\"description\":\"Andr\u00e9s Nievas T\u00e9cnico en manejo ambiental, consultor Ambiental y escritor para medios locales e internacionales sobre temas de geopolitica y medio ambiente.\",\"sameAs\":[\"http:\\\/\\\/www.patagoniambiental.com.ar\",\"https:\\\/\\\/www.facebook.com\\\/share\\\/1C1V8Gv9BX\\\/?mibextid=qi2Omg\",\"@patagoniambiental\",\"https:\\\/\\\/youtube.com\\\/@patagoniaambiental2023?si=BLt58t0wuXquxlYZ\"]}]}<\/script>\n<!-- \/ Yoast SEO Premium plugin. -->","yoast_head_json":{"title":"Sustentabilidad del sistema: usuarios rionegrinos pueden inyectar energ\u00eda a la red el\u00e9ctrica","robots":{"index":"index","follow":"follow","max-snippet":"max-snippet:-1","max-image-preview":"max-image-preview:large","max-video-preview":"max-video-preview:-1"},"canonical":"https:\/\/patagoniambiental.com.ar\/info\/sustentabilidad-del-sistema-usuarios-rionegrinos-pueden-inyectar-energia-a-la-red-electrica\/","og_locale":"es_ES","og_type":"article","og_title":"Sustentabilidad del sistema: usuarios rionegrinos pueden inyectar energ\u00eda a la red el\u00e9ctrica","og_description":"Viedma.-Con la adhesi\u00f3n de R\u00edo Negro a la Ley Nacional N\u00ba 27.424, usuarios del servicio el\u00e9ctrico pueden inyectar los excedentes [&hellip;]","og_url":"https:\/\/patagoniambiental.com.ar\/info\/sustentabilidad-del-sistema-usuarios-rionegrinos-pueden-inyectar-energia-a-la-red-electrica\/","og_site_name":"Patagonia Ambiental","article_publisher":"https:\/\/www.facebook.com\/patagonia.ambiental","article_author":"https:\/\/www.facebook.com\/share\/1C1V8Gv9BX\/?mibextid=qi2Omg","article_published_time":"2019-05-07T10:00:48+00:00","og_image":[{"width":924,"height":616,"url":"https:\/\/patagoniambiental.com.ar\/info\/wp-content\/uploads\/2019\/05\/00042095.jpg","type":"image\/jpeg"}],"author":"Patagonia Ambiental","twitter_card":"summary_large_image","twitter_creator":"@PatAmb","twitter_site":"@PatAmb","schema":{"@context":"https:\/\/schema.org","@graph":[{"@type":"Article","@id":"https:\/\/patagoniambiental.com.ar\/info\/sustentabilidad-del-sistema-usuarios-rionegrinos-pueden-inyectar-energia-a-la-red-electrica\/#article","isPartOf":{"@id":"https:\/\/patagoniambiental.com.ar\/info\/sustentabilidad-del-sistema-usuarios-rionegrinos-pueden-inyectar-energia-a-la-red-electrica\/"},"author":{"name":"Patagonia Ambiental","@id":"https:\/\/patagoniambiental.com.ar\/info\/#\/schema\/person\/db12bff64bbcbf6a253710bf0ea37b5d"},"headline":"Sustentabilidad del sistema: usuarios rionegrinos pueden inyectar energ\u00eda a la red el\u00e9ctrica","datePublished":"2019-05-07T10:00:48+00:00","mainEntityOfPage":{"@id":"https:\/\/patagoniambiental.com.ar\/info\/sustentabilidad-del-sistema-usuarios-rionegrinos-pueden-inyectar-energia-a-la-red-electrica\/"},"wordCount":637,"commentCount":0,"publisher":{"@id":"https:\/\/patagoniambiental.com.ar\/info\/#organization"},"image":{"@id":"https:\/\/patagoniambiental.com.ar\/info\/sustentabilidad-del-sistema-usuarios-rionegrinos-pueden-inyectar-energia-a-la-red-electrica\/#primaryimage"},"thumbnailUrl":"https:\/\/patagoniambiental.com.ar\/info\/wp-content\/uploads\/2019\/05\/00042095.jpg","articleSection":["Bolet\u00edn","Noticias","Provinciales","R\u00edo Negro"],"inLanguage":"es","potentialAction":[{"@type":"CommentAction","name":"Comment","target":["https:\/\/patagoniambiental.com.ar\/info\/sustentabilidad-del-sistema-usuarios-rionegrinos-pueden-inyectar-energia-a-la-red-electrica\/#respond"]}]},{"@type":"WebPage","@id":"https:\/\/patagoniambiental.com.ar\/info\/sustentabilidad-del-sistema-usuarios-rionegrinos-pueden-inyectar-energia-a-la-red-electrica\/","url":"https:\/\/patagoniambiental.com.ar\/info\/sustentabilidad-del-sistema-usuarios-rionegrinos-pueden-inyectar-energia-a-la-red-electrica\/","name":"Sustentabilidad del sistema: usuarios rionegrinos pueden inyectar energ\u00eda a la red el\u00e9ctrica","isPartOf":{"@id":"https:\/\/patagoniambiental.com.ar\/info\/#website"},"primaryImageOfPage":{"@id":"https:\/\/patagoniambiental.com.ar\/info\/sustentabilidad-del-sistema-usuarios-rionegrinos-pueden-inyectar-energia-a-la-red-electrica\/#primaryimage"},"image":{"@id":"https:\/\/patagoniambiental.com.ar\/info\/sustentabilidad-del-sistema-usuarios-rionegrinos-pueden-inyectar-energia-a-la-red-electrica\/#primaryimage"},"thumbnailUrl":"https:\/\/patagoniambiental.com.ar\/info\/wp-content\/uploads\/2019\/05\/00042095.jpg","datePublished":"2019-05-07T10:00:48+00:00","breadcrumb":{"@id":"https:\/\/patagoniambiental.com.ar\/info\/sustentabilidad-del-sistema-usuarios-rionegrinos-pueden-inyectar-energia-a-la-red-electrica\/#breadcrumb"},"inLanguage":"es","potentialAction":[{"@type":"ReadAction","target":["https:\/\/patagoniambiental.com.ar\/info\/sustentabilidad-del-sistema-usuarios-rionegrinos-pueden-inyectar-energia-a-la-red-electrica\/"]}]},{"@type":"ImageObject","inLanguage":"es","@id":"https:\/\/patagoniambiental.com.ar\/info\/sustentabilidad-del-sistema-usuarios-rionegrinos-pueden-inyectar-energia-a-la-red-electrica\/#primaryimage","url":"https:\/\/patagoniambiental.com.ar\/info\/wp-content\/uploads\/2019\/05\/00042095.jpg","contentUrl":"https:\/\/patagoniambiental.com.ar\/info\/wp-content\/uploads\/2019\/05\/00042095.jpg","width":900,"height":600},{"@type":"BreadcrumbList","@id":"https:\/\/patagoniambiental.com.ar\/info\/sustentabilidad-del-sistema-usuarios-rionegrinos-pueden-inyectar-energia-a-la-red-electrica\/#breadcrumb","itemListElement":[{"@type":"ListItem","position":1,"name":"Inicio","item":"https:\/\/patagoniambiental.com.ar\/info\/"},{"@type":"ListItem","position":2,"name":"Sustentabilidad del sistema: usuarios rionegrinos pueden inyectar energ\u00eda a la red el\u00e9ctrica"}]},{"@type":"WebSite","@id":"https:\/\/patagoniambiental.com.ar\/info\/#website","url":"https:\/\/patagoniambiental.com.ar\/info\/","name":"Patagonia Ambiental","description":"Monitoreo y an\u00e1lisis de la situaci\u00f3n geopol\u00edtica en el mundo y su implicancia en la Patagonia","publisher":{"@id":"https:\/\/patagoniambiental.com.ar\/info\/#organization"},"potentialAction":[{"@type":"SearchAction","target":{"@type":"EntryPoint","urlTemplate":"https:\/\/patagoniambiental.com.ar\/info\/?s={search_term_string}"},"query-input":{"@type":"PropertyValueSpecification","valueRequired":true,"valueName":"search_term_string"}}],"inLanguage":"es"},{"@type":"Organization","@id":"https:\/\/patagoniambiental.com.ar\/info\/#organization","name":"Patagonia Ambiental","url":"https:\/\/patagoniambiental.com.ar\/info\/","logo":{"@type":"ImageObject","inLanguage":"es","@id":"https:\/\/patagoniambiental.com.ar\/info\/#\/schema\/logo\/image\/","url":"https:\/\/patagoniambiental.com.ar\/info\/wp-content\/uploads\/2025\/05\/LOGO-PATAGONIA-AMBIENTAL.png","contentUrl":"https:\/\/patagoniambiental.com.ar\/info\/wp-content\/uploads\/2025\/05\/LOGO-PATAGONIA-AMBIENTAL.png","width":433,"height":250,"caption":"Patagonia Ambiental"},"image":{"@id":"https:\/\/patagoniambiental.com.ar\/info\/#\/schema\/logo\/image\/"},"sameAs":["https:\/\/www.facebook.com\/patagonia.ambiental","https:\/\/x.com\/PatAmb"]},{"@type":"Person","@id":"https:\/\/patagoniambiental.com.ar\/info\/#\/schema\/person\/db12bff64bbcbf6a253710bf0ea37b5d","name":"Patagonia Ambiental","description":"Andr\u00e9s Nievas T\u00e9cnico en manejo ambiental, consultor Ambiental y escritor para medios locales e internacionales sobre temas de geopolitica y medio ambiente.","sameAs":["http:\/\/www.patagoniambiental.com.ar","https:\/\/www.facebook.com\/share\/1C1V8Gv9BX\/?mibextid=qi2Omg","@patagoniambiental","https:\/\/youtube.com\/@patagoniaambiental2023?si=BLt58t0wuXquxlYZ"]}]}},"_links":{"self":[{"href":"https:\/\/patagoniambiental.com.ar\/info\/wp-json\/wp\/v2\/posts\/60853","targetHints":{"allow":["GET"]}}],"collection":[{"href":"https:\/\/patagoniambiental.com.ar\/info\/wp-json\/wp\/v2\/posts"}],"about":[{"href":"https:\/\/patagoniambiental.com.ar\/info\/wp-json\/wp\/v2\/types\/post"}],"author":[{"embeddable":true,"href":"https:\/\/patagoniambiental.com.ar\/info\/wp-json\/wp\/v2\/users\/2"}],"replies":[{"embeddable":true,"href":"https:\/\/patagoniambiental.com.ar\/info\/wp-json\/wp\/v2\/comments?post=60853"}],"version-history":[{"count":0,"href":"https:\/\/patagoniambiental.com.ar\/info\/wp-json\/wp\/v2\/posts\/60853\/revisions"}],"wp:featuredmedia":[{"embeddable":true,"href":"https:\/\/patagoniambiental.com.ar\/info\/wp-json\/wp\/v2\/media\/60854"}],"wp:attachment":[{"href":"https:\/\/patagoniambiental.com.ar\/info\/wp-json\/wp\/v2\/media?parent=60853"}],"wp:term":[{"taxonomy":"category","embeddable":true,"href":"https:\/\/patagoniambiental.com.ar\/info\/wp-json\/wp\/v2\/categories?post=60853"},{"taxonomy":"post_tag","embeddable":true,"href":"https:\/\/patagoniambiental.com.ar\/info\/wp-json\/wp\/v2\/tags?post=60853"}],"curies":[{"name":"wp","href":"https:\/\/api.w.org\/{rel}","templated":true}]}}