{"id":60929,"date":"2019-05-08T07:00:40","date_gmt":"2019-05-08T10:00:40","guid":{"rendered":"http:\/\/patagoniambiental.com.ar\/info\/?p=60929"},"modified":"2019-05-07T13:24:33","modified_gmt":"2019-05-07T16:24:33","slug":"chubut-promocionan-actividades-de-turismo-sustentable-en-las-comunidades-de-lago-rosario-y-sierra-colorada","status":"publish","type":"post","link":"https:\/\/patagoniambiental.com.ar\/info\/chubut-promocionan-actividades-de-turismo-sustentable-en-las-comunidades-de-lago-rosario-y-sierra-colorada\/","title":{"rendered":"Chubut: Promocionan actividades de Turismo Sustentable en las comunidades de lago Rosario y Sierra Colorada"},"content":{"rendered":"<div id=\"js_10\" class=\"_5pbx userContent _3576\" data-testid=\"post_message\" data-ft=\"{&quot;tn&quot;:&quot;K&quot;}\">\n<p>Trevel\u00edn.-Este lunes por la ma\u00f1ana se llev\u00f3 a cabo una conferencia de prensa en el Sal\u00f3n Blanco del centro C\u00edvico en el marco de la Promoci\u00f3n de Turismo Sustentable y el Proyecto \u201cFORMACI\u00d3N Y FORTALECIMIENTO DE COMUNIDADES DE LAGO ROSARIO Y SIERRA COLORADA\u201d que lleva adelante la Fundaci\u00f3n Bosques de la Patagonia con la asistencia y el acompa\u00f1amiento de la Municipalidad de Trevelin.<\/p>\n<p><!--more--><\/p>\n<p>Estuvieron presentes el Secretario de Gobierno Eduardo P\u00e9rez, el Licenciado Juan Manuel Peralta de la Fundaci\u00f3n Bosques de la Patagonia, la Capacitadora en Turismo Sustentable Cintia Goicoechea y Liliana Vitale de la Comunidad de Lago Rosario.<\/p>\n<p><img fetchpriority=\"high\" decoding=\"async\" class=\"scaledImageFitHeight img alignleft\" src=\"https:\/\/scontent.faep16-1.fna.fbcdn.net\/v\/t1.0-0\/p261x260\/59573415_883526341983577_883525504940900352_n.jpg?_nc_cat=104&amp;_nc_pt=1&amp;_nc_ht=scontent.faep16-1.fna&amp;oh=2212f96a9dc1b6b11358a3052ad94398&amp;oe=5D650B97\" alt=\"La imagen puede contener: 4 personas, personas sentadas\" width=\"332\" height=\"249\" \/><br \/>\nEn representaci\u00f3n de la Fundaci\u00f3n Bosques de la Patagonia, el Licenciado Juan Manuel Peralta brindo detalles del proyecto que est\u00e1 en marcha en las comunidades mapuches, al respecto indic\u00f3 \u201choy podemos contar los importantes avances en los cuatro ejes de trabajo que tenemos en Lago Rosario y Sierra Colorada, en lo que respecta al proyecto de Turismo Sustentable estamos invitando a la jornada de propuesta tur\u00edstica para el pr\u00f3ximo 12 de mayo, que contempla el trabajo de los grupos de vecinos que est\u00e1n trabajando con el turismo y la cultura con la idea es que la gente vaya y conozca las comunidades\u201d.<\/p>\n<p>A su vez remarco el acompa\u00f1amiento del Ministerio de Desarrollo Social de Naci\u00f3n que envi\u00f3 m\u00e1s de 3 millones de pesos para poder llevar a cabo los proyectos en ambas comunidades que constan en poner en marcha el aserradero m\u00f3vil, turismo sustentable, capacitaci\u00f3n y adquisici\u00f3n de m\u00e1quinas y capacitaci\u00f3n en construcci\u00f3n en adobe.<\/p>\n<p>Por su parte el Secretario de Gobierno Eduardo P\u00e9rez comento \u201cvenimos acompa\u00f1ando el trabajo de la Fundaci\u00f3n Bosques de la Patagonia, estuvimos reunidos con gente de Naci\u00f3n y los productores de los parajes, hemos estado en contacto con la gente que est\u00e1 trabajando con el aserradero m\u00f3vil, como asi tambien las mujeres que estan capacit\u00e1ndose con las m\u00e1quinas de coser, vemos que hay mucho entusiasmo y que la gente est\u00e1 trabajando seriamente en ofrecer el producto tur\u00edstico con un trabajo en conjunto entre ambas comunidades, eso es muy beneficioso para la comunidad\u201d.<\/p>\n<p>Por \u00faltimo el funcionario remarco la importancia de la aprobaci\u00f3n de la ordenanza de acceso p\u00fablico en el Lago Rosario, ya que desde hace muchos a\u00f1os se ven\u00eda reclamando y con la propuesta del poder ejecutivo y el acompa\u00f1amiento del Concejo Deliberante se aprob\u00f3 y es una realidad, habr\u00e1 un acceso p\u00fablico para poder ingresar al Lago Rosario\u201d-.<\/p>\n<p>Por su parte Liliana Vitale pobladora del Paraje Lago Rosario brindo detalles de la actividad que tendr\u00e1 lugar el d\u00eda 12 de mayo y que ofrece una variada oferta tur\u00edstica en ambos parajes, al respecto indico \u201cestamos trabajando en turismo, para el d\u00eda 12 de mayo tenemos para ofrecer un paquete de actividades para realizar en las comunidades, al respecto indico \u201ctendremos cabalgatas, caminatas y un almuerzo con comidas t\u00edpicas del lugar en Sierra Colorada, posteriormente se trasladaran a Lago Rosario para realizar un recorrido por el Museo Hist\u00f3rico, visitaremos la Casa de la Artesana en la cual se podr\u00e1 apreciar el trabajo de nuestra artesanas que confeccionan telares y todo tipo de productos a base de lana\u201d.<\/p>\n<p>Por \u00faltimo la Capacitadora del Proyecto Turismo Sustentable Cintia Goicoechea remarco la importancia del trabajo que se est\u00e1 realizando en los parajes de Trevelin, menciono \u201cla importancia del turismo es el entramado de relaciones que se da y el efecto multiplicador que tiene en el destino tur\u00edstico, tenemos tres meses de capacitaci\u00f3n y estamos transitando el \u00faltimo mes, la recepci\u00f3n ha sido muy buena y con mucha predisposici\u00f3n de la gente, como capacitadoras tenemos la predisposici\u00f3n de trabajar en conjunto con la poblaci\u00f3n de los parajes\u201d.<\/p>\n<p><img decoding=\"async\" class=\"scaledImageFitWidth img alignleft\" src=\"https:\/\/scontent.faep16-2.fna.fbcdn.net\/v\/t1.0-0\/p526x296\/59473943_883526268650251_7504542944087506944_n.jpg?_nc_cat=108&amp;_nc_pt=1&amp;_nc_ht=scontent.faep16-2.fna&amp;oh=858ea51703e16f340f667a347a852306&amp;oe=5D64A2EE\" alt=\"La imagen puede contener: 4 personas, personas sonriendo, personas sentadas, tabla e interior\" width=\"500\" height=\"375\" \/><\/p>\n<p>PROGRAMA DE ACTIVIDADES PARA EL DIA 12 DE MAYO<\/p>\n<p>En el marco de la capacitaci\u00f3n en Turismo Sustentable del proyecto \u201cFORMACION Y FORTALECIMIENTO DE COMUNIDADES DE LAGO ROSARIO Y SIERRA COLORADA\u201d llevado adelante por la Fundaci\u00f3n Bosques de la Patagonia, se ofrecer\u00e1 la siguiente propuesta tur\u00edstica;<\/p>\n<p>Inicio a las 10hs en Sierra Colorada. Finaliza a las 17hs en lago Rosario<br \/>\n*Sierra Colorada<br \/>\nHora de inicio: 10hs<br \/>\nHora de finalizaci\u00f3n: 14hs<br \/>\nIncluye:<br \/>\nCabalgata de 30 minutos en Sierra<br \/>\nCaminata de 30 minutos en Sierra (dificultad baja)<br \/>\nAlmuerzo en Sierra: Guiso de trigo mote<br \/>\n*Lago Rosario<br \/>\nHora de inicio: 14:30hs<br \/>\nHora de finalizaci\u00f3n: 17hs<br \/>\nIncluye: entrada al museo<br \/>\nCaminata: 1hs (dificultad baja)<br \/>\nVisita casa de Cheuquehuala presentaci\u00f3n y venta de instrumentos de la cultura mapuche<br \/>\nVisita casa de In\u00e9s para compartir una degustaci\u00f3n de merienda con productos t\u00edpicos de la comunidad (\u00f1aco, trigo; torta frita, tortilla rescoldo, mates)<br \/>\nVisita casa de artesanas: donde se compartir\u00e1 un t\u00e9 de hiervas + una porci\u00f3n de pan con dulce caseros y una porci\u00f3n de tarta de manzanas silvestres.<br \/>\nUn souvenir sorpresa hecho a mano.<br \/>\nTanto en Sierra como en Lago Rosario se realizar\u00e1 la venta de productos caseros y hecho a mano.<br \/>\nContrataci\u00f3n a trav\u00e9s de agencias: Meraki, Limits Adventure Y Gales al Sur.<br \/>\nCOSTO POR PERSONA $800.-<\/p>\n<p>PRENSA MUNICIPALIDAD DE TREVELIN.<\/p>\n<\/div>\n<p>&nbsp;<\/p>\n<div class=\"_3x-2\" data-ft=\"{&quot;tn&quot;:&quot;H&quot;}\">\n<div data-ft=\"{&quot;tn&quot;:&quot;H&quot;}\">\n<div class=\"mtm\">\n<div class=\"_2a2q _65sr\">\n<div class=\"uiScaledImageContainer\"><\/div>\n<div class=\"uiScaledImageContainer\"><\/div>\n<\/div>\n<\/div>\n<\/div>\n<\/div>\n","protected":false},"excerpt":{"rendered":"<p>Trevel\u00edn.-Este lunes por la ma\u00f1ana se llev\u00f3 a cabo una conferencia de prensa en el Sal\u00f3n Blanco del centro C\u00edvico [&hellip;]<\/p>\n","protected":false},"author":2,"featured_media":0,"comment_status":"open","ping_status":"open","sticky":false,"template":"","format":"standard","meta":{"site-sidebar-layout":"default","site-content-layout":"","ast-site-content-layout":"default","site-content-style":"default","site-sidebar-style":"default","ast-global-header-display":"","ast-banner-title-visibility":"","ast-main-header-display":"","ast-hfb-above-header-display":"","ast-hfb-below-header-display":"","ast-hfb-mobile-header-display":"","site-post-title":"","ast-breadcrumbs-content":"","ast-featured-img":"","footer-sml-layout":"","ast-disable-related-posts":"","theme-transparent-header-meta":"","adv-header-id-meta":"","stick-header-meta":"","header-above-stick-meta":"","header-main-stick-meta":"","header-below-stick-meta":"","astra-migrate-meta-layouts":"default","ast-page-background-enabled":"default","ast-page-background-meta":{"desktop":{"background-color":"var(--ast-global-color-5)","background-image":"","background-repeat":"repeat","background-position":"center center","background-size":"auto","background-attachment":"scroll","background-type":"","background-media":"","overlay-type":"","overlay-color":"","overlay-opacity":"","overlay-gradient":""},"tablet":{"background-color":"","background-image":"","background-repeat":"repeat","background-position":"center center","background-size":"auto","background-attachment":"scroll","background-type":"","background-media":"","overlay-type":"","overlay-color":"","overlay-opacity":"","overlay-gradient":""},"mobile":{"background-color":"","background-image":"","background-repeat":"repeat","background-position":"center center","background-size":"auto","background-attachment":"scroll","background-type":"","background-media":"","overlay-type":"","overlay-color":"","overlay-opacity":"","overlay-gradient":""}},"ast-content-background-meta":{"desktop":{"background-color":"var(--ast-global-color-4)","background-image":"","background-repeat":"repeat","background-position":"center center","background-size":"auto","background-attachment":"scroll","background-type":"","background-media":"","overlay-type":"","overlay-color":"","overlay-opacity":"","overlay-gradient":""},"tablet":{"background-color":"var(--ast-global-color-4)","background-image":"","background-repeat":"repeat","background-position":"center center","background-size":"auto","background-attachment":"scroll","background-type":"","background-media":"","overlay-type":"","overlay-color":"","overlay-opacity":"","overlay-gradient":""},"mobile":{"background-color":"var(--ast-global-color-4)","background-image":"","background-repeat":"repeat","background-position":"center center","background-size":"auto","background-attachment":"scroll","background-type":"","background-media":"","overlay-type":"","overlay-color":"","overlay-opacity":"","overlay-gradient":""}},"footnotes":""},"categories":[1],"tags":[],"class_list":["post-60929","post","type-post","status-publish","format-standard","hentry","category-noticias"],"yoast_head":"<!-- This site is optimized with the Yoast SEO Premium plugin v23.0 (Yoast SEO v27.5) - https:\/\/yoast.com\/product\/yoast-seo-premium-wordpress\/ -->\n<title>Chubut: Promocionan actividades de Turismo Sustentable en las comunidades de lago Rosario y Sierra Colorada<\/title>\n<meta name=\"robots\" content=\"index, follow, max-snippet:-1, max-image-preview:large, max-video-preview:-1\" \/>\n<link rel=\"canonical\" href=\"https:\/\/patagoniambiental.com.ar\/info\/chubut-promocionan-actividades-de-turismo-sustentable-en-las-comunidades-de-lago-rosario-y-sierra-colorada\/\" \/>\n<meta property=\"og:locale\" content=\"es_ES\" \/>\n<meta property=\"og:type\" content=\"article\" \/>\n<meta property=\"og:title\" content=\"Chubut: Promocionan actividades de Turismo Sustentable en las comunidades de lago Rosario y Sierra Colorada\" \/>\n<meta property=\"og:description\" content=\"Trevel\u00edn.-Este lunes por la ma\u00f1ana se llev\u00f3 a cabo una conferencia de prensa en el Sal\u00f3n Blanco del centro C\u00edvico [&hellip;]\" \/>\n<meta property=\"og:url\" content=\"https:\/\/patagoniambiental.com.ar\/info\/chubut-promocionan-actividades-de-turismo-sustentable-en-las-comunidades-de-lago-rosario-y-sierra-colorada\/\" \/>\n<meta property=\"og:site_name\" content=\"Patagonia Ambiental\" \/>\n<meta property=\"article:publisher\" content=\"https:\/\/www.facebook.com\/patagonia.ambiental\" \/>\n<meta property=\"article:author\" content=\"https:\/\/www.facebook.com\/share\/1C1V8Gv9BX\/?mibextid=qi2Omg\" \/>\n<meta property=\"article:published_time\" content=\"2019-05-08T10:00:40+00:00\" \/>\n<meta property=\"og:image\" content=\"https:\/\/scontent.faep16-1.fna.fbcdn.net\/v\/t1.0-0\/p261x260\/59573415_883526341983577_883525504940900352_n.jpg?_nc_cat=104&amp;_nc_pt=1&amp;_nc_ht=scontent.faep16-1.fna&amp;oh=2212f96a9dc1b6b11358a3052ad94398&amp;oe=5D650B97\" \/>\n<meta name=\"author\" content=\"Patagonia Ambiental\" \/>\n<meta name=\"twitter:card\" content=\"summary_large_image\" \/>\n<meta name=\"twitter:creator\" content=\"@PatAmb\" \/>\n<meta name=\"twitter:site\" content=\"@PatAmb\" \/>\n<script type=\"application\/ld+json\" class=\"yoast-schema-graph\">{\"@context\":\"https:\\\/\\\/schema.org\",\"@graph\":[{\"@type\":\"Article\",\"@id\":\"https:\\\/\\\/patagoniambiental.com.ar\\\/info\\\/chubut-promocionan-actividades-de-turismo-sustentable-en-las-comunidades-de-lago-rosario-y-sierra-colorada\\\/#article\",\"isPartOf\":{\"@id\":\"https:\\\/\\\/patagoniambiental.com.ar\\\/info\\\/chubut-promocionan-actividades-de-turismo-sustentable-en-las-comunidades-de-lago-rosario-y-sierra-colorada\\\/\"},\"author\":{\"name\":\"Patagonia Ambiental\",\"@id\":\"https:\\\/\\\/patagoniambiental.com.ar\\\/info\\\/#\\\/schema\\\/person\\\/db12bff64bbcbf6a253710bf0ea37b5d\"},\"headline\":\"Chubut: Promocionan actividades de Turismo Sustentable en las comunidades de lago Rosario y Sierra Colorada\",\"datePublished\":\"2019-05-08T10:00:40+00:00\",\"mainEntityOfPage\":{\"@id\":\"https:\\\/\\\/patagoniambiental.com.ar\\\/info\\\/chubut-promocionan-actividades-de-turismo-sustentable-en-las-comunidades-de-lago-rosario-y-sierra-colorada\\\/\"},\"wordCount\":897,\"commentCount\":0,\"publisher\":{\"@id\":\"https:\\\/\\\/patagoniambiental.com.ar\\\/info\\\/#organization\"},\"image\":{\"@id\":\"https:\\\/\\\/patagoniambiental.com.ar\\\/info\\\/chubut-promocionan-actividades-de-turismo-sustentable-en-las-comunidades-de-lago-rosario-y-sierra-colorada\\\/#primaryimage\"},\"thumbnailUrl\":\"https:\\\/\\\/scontent.faep16-1.fna.fbcdn.net\\\/v\\\/t1.0-0\\\/p261x260\\\/59573415_883526341983577_883525504940900352_n.jpg?_nc_cat=104&amp;_nc_pt=1&amp;_nc_ht=scontent.faep16-1.fna&amp;oh=2212f96a9dc1b6b11358a3052ad94398&amp;oe=5D650B97\",\"articleSection\":[\"Noticias\"],\"inLanguage\":\"es\",\"potentialAction\":[{\"@type\":\"CommentAction\",\"name\":\"Comment\",\"target\":[\"https:\\\/\\\/patagoniambiental.com.ar\\\/info\\\/chubut-promocionan-actividades-de-turismo-sustentable-en-las-comunidades-de-lago-rosario-y-sierra-colorada\\\/#respond\"]}]},{\"@type\":\"WebPage\",\"@id\":\"https:\\\/\\\/patagoniambiental.com.ar\\\/info\\\/chubut-promocionan-actividades-de-turismo-sustentable-en-las-comunidades-de-lago-rosario-y-sierra-colorada\\\/\",\"url\":\"https:\\\/\\\/patagoniambiental.com.ar\\\/info\\\/chubut-promocionan-actividades-de-turismo-sustentable-en-las-comunidades-de-lago-rosario-y-sierra-colorada\\\/\",\"name\":\"Chubut: Promocionan actividades de Turismo Sustentable en las comunidades de lago Rosario y Sierra Colorada\",\"isPartOf\":{\"@id\":\"https:\\\/\\\/patagoniambiental.com.ar\\\/info\\\/#website\"},\"primaryImageOfPage\":{\"@id\":\"https:\\\/\\\/patagoniambiental.com.ar\\\/info\\\/chubut-promocionan-actividades-de-turismo-sustentable-en-las-comunidades-de-lago-rosario-y-sierra-colorada\\\/#primaryimage\"},\"image\":{\"@id\":\"https:\\\/\\\/patagoniambiental.com.ar\\\/info\\\/chubut-promocionan-actividades-de-turismo-sustentable-en-las-comunidades-de-lago-rosario-y-sierra-colorada\\\/#primaryimage\"},\"thumbnailUrl\":\"https:\\\/\\\/scontent.faep16-1.fna.fbcdn.net\\\/v\\\/t1.0-0\\\/p261x260\\\/59573415_883526341983577_883525504940900352_n.jpg?_nc_cat=104&amp;_nc_pt=1&amp;_nc_ht=scontent.faep16-1.fna&amp;oh=2212f96a9dc1b6b11358a3052ad94398&amp;oe=5D650B97\",\"datePublished\":\"2019-05-08T10:00:40+00:00\",\"breadcrumb\":{\"@id\":\"https:\\\/\\\/patagoniambiental.com.ar\\\/info\\\/chubut-promocionan-actividades-de-turismo-sustentable-en-las-comunidades-de-lago-rosario-y-sierra-colorada\\\/#breadcrumb\"},\"inLanguage\":\"es\",\"potentialAction\":[{\"@type\":\"ReadAction\",\"target\":[\"https:\\\/\\\/patagoniambiental.com.ar\\\/info\\\/chubut-promocionan-actividades-de-turismo-sustentable-en-las-comunidades-de-lago-rosario-y-sierra-colorada\\\/\"]}]},{\"@type\":\"ImageObject\",\"inLanguage\":\"es\",\"@id\":\"https:\\\/\\\/patagoniambiental.com.ar\\\/info\\\/chubut-promocionan-actividades-de-turismo-sustentable-en-las-comunidades-de-lago-rosario-y-sierra-colorada\\\/#primaryimage\",\"url\":\"https:\\\/\\\/scontent.faep16-1.fna.fbcdn.net\\\/v\\\/t1.0-0\\\/p261x260\\\/59573415_883526341983577_883525504940900352_n.jpg?_nc_cat=104&amp;_nc_pt=1&amp;_nc_ht=scontent.faep16-1.fna&amp;oh=2212f96a9dc1b6b11358a3052ad94398&amp;oe=5D650B97\",\"contentUrl\":\"https:\\\/\\\/scontent.faep16-1.fna.fbcdn.net\\\/v\\\/t1.0-0\\\/p261x260\\\/59573415_883526341983577_883525504940900352_n.jpg?_nc_cat=104&amp;_nc_pt=1&amp;_nc_ht=scontent.faep16-1.fna&amp;oh=2212f96a9dc1b6b11358a3052ad94398&amp;oe=5D650B97\"},{\"@type\":\"BreadcrumbList\",\"@id\":\"https:\\\/\\\/patagoniambiental.com.ar\\\/info\\\/chubut-promocionan-actividades-de-turismo-sustentable-en-las-comunidades-de-lago-rosario-y-sierra-colorada\\\/#breadcrumb\",\"itemListElement\":[{\"@type\":\"ListItem\",\"position\":1,\"name\":\"Inicio\",\"item\":\"https:\\\/\\\/patagoniambiental.com.ar\\\/info\\\/\"},{\"@type\":\"ListItem\",\"position\":2,\"name\":\"Chubut: Promocionan actividades de Turismo Sustentable en las comunidades de lago Rosario y Sierra Colorada\"}]},{\"@type\":\"WebSite\",\"@id\":\"https:\\\/\\\/patagoniambiental.com.ar\\\/info\\\/#website\",\"url\":\"https:\\\/\\\/patagoniambiental.com.ar\\\/info\\\/\",\"name\":\"Patagonia Ambiental\",\"description\":\"Monitoreo y an\u00e1lisis de la situaci\u00f3n geopol\u00edtica en el mundo y su implicancia en la Patagonia\",\"publisher\":{\"@id\":\"https:\\\/\\\/patagoniambiental.com.ar\\\/info\\\/#organization\"},\"potentialAction\":[{\"@type\":\"SearchAction\",\"target\":{\"@type\":\"EntryPoint\",\"urlTemplate\":\"https:\\\/\\\/patagoniambiental.com.ar\\\/info\\\/?s={search_term_string}\"},\"query-input\":{\"@type\":\"PropertyValueSpecification\",\"valueRequired\":true,\"valueName\":\"search_term_string\"}}],\"inLanguage\":\"es\"},{\"@type\":\"Organization\",\"@id\":\"https:\\\/\\\/patagoniambiental.com.ar\\\/info\\\/#organization\",\"name\":\"Patagonia Ambiental\",\"url\":\"https:\\\/\\\/patagoniambiental.com.ar\\\/info\\\/\",\"logo\":{\"@type\":\"ImageObject\",\"inLanguage\":\"es\",\"@id\":\"https:\\\/\\\/patagoniambiental.com.ar\\\/info\\\/#\\\/schema\\\/logo\\\/image\\\/\",\"url\":\"https:\\\/\\\/patagoniambiental.com.ar\\\/info\\\/wp-content\\\/uploads\\\/2025\\\/05\\\/LOGO-PATAGONIA-AMBIENTAL.png\",\"contentUrl\":\"https:\\\/\\\/patagoniambiental.com.ar\\\/info\\\/wp-content\\\/uploads\\\/2025\\\/05\\\/LOGO-PATAGONIA-AMBIENTAL.png\",\"width\":433,\"height\":250,\"caption\":\"Patagonia Ambiental\"},\"image\":{\"@id\":\"https:\\\/\\\/patagoniambiental.com.ar\\\/info\\\/#\\\/schema\\\/logo\\\/image\\\/\"},\"sameAs\":[\"https:\\\/\\\/www.facebook.com\\\/patagonia.ambiental\",\"https:\\\/\\\/x.com\\\/PatAmb\"]},{\"@type\":\"Person\",\"@id\":\"https:\\\/\\\/patagoniambiental.com.ar\\\/info\\\/#\\\/schema\\\/person\\\/db12bff64bbcbf6a253710bf0ea37b5d\",\"name\":\"Patagonia Ambiental\",\"description\":\"Andr\u00e9s Nievas T\u00e9cnico en manejo ambiental, consultor Ambiental y escritor para medios locales e internacionales sobre temas de geopolitica y medio ambiente.\",\"sameAs\":[\"http:\\\/\\\/www.patagoniambiental.com.ar\",\"https:\\\/\\\/www.facebook.com\\\/share\\\/1C1V8Gv9BX\\\/?mibextid=qi2Omg\",\"@patagoniambiental\",\"https:\\\/\\\/youtube.com\\\/@patagoniaambiental2023?si=BLt58t0wuXquxlYZ\"]}]}<\/script>\n<!-- \/ Yoast SEO Premium plugin. -->","yoast_head_json":{"title":"Chubut: Promocionan actividades de Turismo Sustentable en las comunidades de lago Rosario y Sierra Colorada","robots":{"index":"index","follow":"follow","max-snippet":"max-snippet:-1","max-image-preview":"max-image-preview:large","max-video-preview":"max-video-preview:-1"},"canonical":"https:\/\/patagoniambiental.com.ar\/info\/chubut-promocionan-actividades-de-turismo-sustentable-en-las-comunidades-de-lago-rosario-y-sierra-colorada\/","og_locale":"es_ES","og_type":"article","og_title":"Chubut: Promocionan actividades de Turismo Sustentable en las comunidades de lago Rosario y Sierra Colorada","og_description":"Trevel\u00edn.-Este lunes por la ma\u00f1ana se llev\u00f3 a cabo una conferencia de prensa en el Sal\u00f3n Blanco del centro C\u00edvico [&hellip;]","og_url":"https:\/\/patagoniambiental.com.ar\/info\/chubut-promocionan-actividades-de-turismo-sustentable-en-las-comunidades-de-lago-rosario-y-sierra-colorada\/","og_site_name":"Patagonia Ambiental","article_publisher":"https:\/\/www.facebook.com\/patagonia.ambiental","article_author":"https:\/\/www.facebook.com\/share\/1C1V8Gv9BX\/?mibextid=qi2Omg","article_published_time":"2019-05-08T10:00:40+00:00","og_image":[{"url":"https:\/\/scontent.faep16-1.fna.fbcdn.net\/v\/t1.0-0\/p261x260\/59573415_883526341983577_883525504940900352_n.jpg?_nc_cat=104&amp;_nc_pt=1&amp;_nc_ht=scontent.faep16-1.fna&amp;oh=2212f96a9dc1b6b11358a3052ad94398&amp;oe=5D650B97","type":"","width":"","height":""}],"author":"Patagonia Ambiental","twitter_card":"summary_large_image","twitter_creator":"@PatAmb","twitter_site":"@PatAmb","schema":{"@context":"https:\/\/schema.org","@graph":[{"@type":"Article","@id":"https:\/\/patagoniambiental.com.ar\/info\/chubut-promocionan-actividades-de-turismo-sustentable-en-las-comunidades-de-lago-rosario-y-sierra-colorada\/#article","isPartOf":{"@id":"https:\/\/patagoniambiental.com.ar\/info\/chubut-promocionan-actividades-de-turismo-sustentable-en-las-comunidades-de-lago-rosario-y-sierra-colorada\/"},"author":{"name":"Patagonia Ambiental","@id":"https:\/\/patagoniambiental.com.ar\/info\/#\/schema\/person\/db12bff64bbcbf6a253710bf0ea37b5d"},"headline":"Chubut: Promocionan actividades de Turismo Sustentable en las comunidades de lago Rosario y Sierra Colorada","datePublished":"2019-05-08T10:00:40+00:00","mainEntityOfPage":{"@id":"https:\/\/patagoniambiental.com.ar\/info\/chubut-promocionan-actividades-de-turismo-sustentable-en-las-comunidades-de-lago-rosario-y-sierra-colorada\/"},"wordCount":897,"commentCount":0,"publisher":{"@id":"https:\/\/patagoniambiental.com.ar\/info\/#organization"},"image":{"@id":"https:\/\/patagoniambiental.com.ar\/info\/chubut-promocionan-actividades-de-turismo-sustentable-en-las-comunidades-de-lago-rosario-y-sierra-colorada\/#primaryimage"},"thumbnailUrl":"https:\/\/scontent.faep16-1.fna.fbcdn.net\/v\/t1.0-0\/p261x260\/59573415_883526341983577_883525504940900352_n.jpg?_nc_cat=104&amp;_nc_pt=1&amp;_nc_ht=scontent.faep16-1.fna&amp;oh=2212f96a9dc1b6b11358a3052ad94398&amp;oe=5D650B97","articleSection":["Noticias"],"inLanguage":"es","potentialAction":[{"@type":"CommentAction","name":"Comment","target":["https:\/\/patagoniambiental.com.ar\/info\/chubut-promocionan-actividades-de-turismo-sustentable-en-las-comunidades-de-lago-rosario-y-sierra-colorada\/#respond"]}]},{"@type":"WebPage","@id":"https:\/\/patagoniambiental.com.ar\/info\/chubut-promocionan-actividades-de-turismo-sustentable-en-las-comunidades-de-lago-rosario-y-sierra-colorada\/","url":"https:\/\/patagoniambiental.com.ar\/info\/chubut-promocionan-actividades-de-turismo-sustentable-en-las-comunidades-de-lago-rosario-y-sierra-colorada\/","name":"Chubut: Promocionan actividades de Turismo Sustentable en las comunidades de lago Rosario y Sierra Colorada","isPartOf":{"@id":"https:\/\/patagoniambiental.com.ar\/info\/#website"},"primaryImageOfPage":{"@id":"https:\/\/patagoniambiental.com.ar\/info\/chubut-promocionan-actividades-de-turismo-sustentable-en-las-comunidades-de-lago-rosario-y-sierra-colorada\/#primaryimage"},"image":{"@id":"https:\/\/patagoniambiental.com.ar\/info\/chubut-promocionan-actividades-de-turismo-sustentable-en-las-comunidades-de-lago-rosario-y-sierra-colorada\/#primaryimage"},"thumbnailUrl":"https:\/\/scontent.faep16-1.fna.fbcdn.net\/v\/t1.0-0\/p261x260\/59573415_883526341983577_883525504940900352_n.jpg?_nc_cat=104&amp;_nc_pt=1&amp;_nc_ht=scontent.faep16-1.fna&amp;oh=2212f96a9dc1b6b11358a3052ad94398&amp;oe=5D650B97","datePublished":"2019-05-08T10:00:40+00:00","breadcrumb":{"@id":"https:\/\/patagoniambiental.com.ar\/info\/chubut-promocionan-actividades-de-turismo-sustentable-en-las-comunidades-de-lago-rosario-y-sierra-colorada\/#breadcrumb"},"inLanguage":"es","potentialAction":[{"@type":"ReadAction","target":["https:\/\/patagoniambiental.com.ar\/info\/chubut-promocionan-actividades-de-turismo-sustentable-en-las-comunidades-de-lago-rosario-y-sierra-colorada\/"]}]},{"@type":"ImageObject","inLanguage":"es","@id":"https:\/\/patagoniambiental.com.ar\/info\/chubut-promocionan-actividades-de-turismo-sustentable-en-las-comunidades-de-lago-rosario-y-sierra-colorada\/#primaryimage","url":"https:\/\/scontent.faep16-1.fna.fbcdn.net\/v\/t1.0-0\/p261x260\/59573415_883526341983577_883525504940900352_n.jpg?_nc_cat=104&amp;_nc_pt=1&amp;_nc_ht=scontent.faep16-1.fna&amp;oh=2212f96a9dc1b6b11358a3052ad94398&amp;oe=5D650B97","contentUrl":"https:\/\/scontent.faep16-1.fna.fbcdn.net\/v\/t1.0-0\/p261x260\/59573415_883526341983577_883525504940900352_n.jpg?_nc_cat=104&amp;_nc_pt=1&amp;_nc_ht=scontent.faep16-1.fna&amp;oh=2212f96a9dc1b6b11358a3052ad94398&amp;oe=5D650B97"},{"@type":"BreadcrumbList","@id":"https:\/\/patagoniambiental.com.ar\/info\/chubut-promocionan-actividades-de-turismo-sustentable-en-las-comunidades-de-lago-rosario-y-sierra-colorada\/#breadcrumb","itemListElement":[{"@type":"ListItem","position":1,"name":"Inicio","item":"https:\/\/patagoniambiental.com.ar\/info\/"},{"@type":"ListItem","position":2,"name":"Chubut: Promocionan actividades de Turismo Sustentable en las comunidades de lago Rosario y Sierra Colorada"}]},{"@type":"WebSite","@id":"https:\/\/patagoniambiental.com.ar\/info\/#website","url":"https:\/\/patagoniambiental.com.ar\/info\/","name":"Patagonia Ambiental","description":"Monitoreo y an\u00e1lisis de la situaci\u00f3n geopol\u00edtica en el mundo y su implicancia en la Patagonia","publisher":{"@id":"https:\/\/patagoniambiental.com.ar\/info\/#organization"},"potentialAction":[{"@type":"SearchAction","target":{"@type":"EntryPoint","urlTemplate":"https:\/\/patagoniambiental.com.ar\/info\/?s={search_term_string}"},"query-input":{"@type":"PropertyValueSpecification","valueRequired":true,"valueName":"search_term_string"}}],"inLanguage":"es"},{"@type":"Organization","@id":"https:\/\/patagoniambiental.com.ar\/info\/#organization","name":"Patagonia Ambiental","url":"https:\/\/patagoniambiental.com.ar\/info\/","logo":{"@type":"ImageObject","inLanguage":"es","@id":"https:\/\/patagoniambiental.com.ar\/info\/#\/schema\/logo\/image\/","url":"https:\/\/patagoniambiental.com.ar\/info\/wp-content\/uploads\/2025\/05\/LOGO-PATAGONIA-AMBIENTAL.png","contentUrl":"https:\/\/patagoniambiental.com.ar\/info\/wp-content\/uploads\/2025\/05\/LOGO-PATAGONIA-AMBIENTAL.png","width":433,"height":250,"caption":"Patagonia Ambiental"},"image":{"@id":"https:\/\/patagoniambiental.com.ar\/info\/#\/schema\/logo\/image\/"},"sameAs":["https:\/\/www.facebook.com\/patagonia.ambiental","https:\/\/x.com\/PatAmb"]},{"@type":"Person","@id":"https:\/\/patagoniambiental.com.ar\/info\/#\/schema\/person\/db12bff64bbcbf6a253710bf0ea37b5d","name":"Patagonia Ambiental","description":"Andr\u00e9s Nievas T\u00e9cnico en manejo ambiental, consultor Ambiental y escritor para medios locales e internacionales sobre temas de geopolitica y medio ambiente.","sameAs":["http:\/\/www.patagoniambiental.com.ar","https:\/\/www.facebook.com\/share\/1C1V8Gv9BX\/?mibextid=qi2Omg","@patagoniambiental","https:\/\/youtube.com\/@patagoniaambiental2023?si=BLt58t0wuXquxlYZ"]}]}},"_links":{"self":[{"href":"https:\/\/patagoniambiental.com.ar\/info\/wp-json\/wp\/v2\/posts\/60929","targetHints":{"allow":["GET"]}}],"collection":[{"href":"https:\/\/patagoniambiental.com.ar\/info\/wp-json\/wp\/v2\/posts"}],"about":[{"href":"https:\/\/patagoniambiental.com.ar\/info\/wp-json\/wp\/v2\/types\/post"}],"author":[{"embeddable":true,"href":"https:\/\/patagoniambiental.com.ar\/info\/wp-json\/wp\/v2\/users\/2"}],"replies":[{"embeddable":true,"href":"https:\/\/patagoniambiental.com.ar\/info\/wp-json\/wp\/v2\/comments?post=60929"}],"version-history":[{"count":0,"href":"https:\/\/patagoniambiental.com.ar\/info\/wp-json\/wp\/v2\/posts\/60929\/revisions"}],"wp:attachment":[{"href":"https:\/\/patagoniambiental.com.ar\/info\/wp-json\/wp\/v2\/media?parent=60929"}],"wp:term":[{"taxonomy":"category","embeddable":true,"href":"https:\/\/patagoniambiental.com.ar\/info\/wp-json\/wp\/v2\/categories?post=60929"},{"taxonomy":"post_tag","embeddable":true,"href":"https:\/\/patagoniambiental.com.ar\/info\/wp-json\/wp\/v2\/tags?post=60929"}],"curies":[{"name":"wp","href":"https:\/\/api.w.org\/{rel}","templated":true}]}}