{"id":60975,"date":"2019-05-09T19:00:27","date_gmt":"2019-05-09T22:00:27","guid":{"rendered":"http:\/\/patagoniambiental.com.ar\/info\/?p=60975"},"modified":"2019-05-09T09:21:24","modified_gmt":"2019-05-09T12:21:24","slug":"preservacion-del-rio-el-dpa-trabaja-para-mejorar-el-sistema-de-desagues-pluviales-en-viedma","status":"publish","type":"post","link":"https:\/\/patagoniambiental.com.ar\/info\/preservacion-del-rio-el-dpa-trabaja-para-mejorar-el-sistema-de-desagues-pluviales-en-viedma\/","title":{"rendered":"\u00a0Preservaci\u00f3n\u00a0del\u00a0r\u00edo: el\u00a0DPA\u00a0trabaja para mejorar el\u00a0sistema de\u00a0desag\u00fces\u00a0pluviales\u00a0en Viedma"},"content":{"rendered":"<div id=\"js_p\" class=\"_5pbx userContent _3576\" data-testid=\"post_message\" data-ft=\"{&quot;tn&quot;:&quot;K&quot;}\">\n<div id=\"id_5cd4186b737605115965254\" class=\"text_exposed_root text_exposed\">\n<p>Viedma.-Para garantizar un r\u00edo totalmente limpio, se suma a la nueva planta cloacal que se construye en la capital provincial, la realizaci\u00f3n de rejas para ser instaladas en el sistema pluvial ubicado en boulevard Ayacucho e Ituizang\u00f3.<\/p>\n<p><!--more--><\/p>\n<p>\u201cYa estamos finalizando las rejas que lograr\u00e1n contener toda la basura que viene desde la ciudad y en d\u00eda de lluvias va a parar al r\u00edo\u201d, explic\u00f3 el t<span class=\"text_exposed_show\">itular del DPA, Fernando Curetti. Adem\u00e1s, a\u00f1adi\u00f3: \u201cEn poco tiempo haremos entrega de ellas al municipio para que ya puedan instalarlas y dar fin a la llegada de basura a trav\u00e9s de los pluviales\u201d, enfatiz\u00f3.<\/span><\/p>\n<p><img fetchpriority=\"high\" decoding=\"async\" class=\"size-medium wp-image-60977 alignleft\" src=\"https:\/\/patagoniambiental.com.ar\/info\/wp-content\/uploads\/2019\/05\/60154811_2333859303601769_8841465155507191808_n-600x583.jpg\" alt=\"\" width=\"600\" height=\"583\" \/><\/p>\n<div class=\"text_exposed_show\">\n<p>Asimismo, destac\u00f3 que \u201cestamos trabajando firmemente en proteger y preservar el r\u00edo Negro, ya sea de los desechos cloacales con la importante obra de cloacas que tenemos en marcha con vuelco cero; y ahora nos ocupamos de eliminar la llegada de residuos s\u00f3lidos\u201d. En este sentido remarc\u00f3 que \u201ctambi\u00e9n necesitamos el compromiso de la comunidad que debe dejar de tirar basura en la calle, porque esto tarde o temprano llega al r\u00edo. Creemos que si trabajamos juntos vamos a lograrlo\u201d, finaliz\u00f3.<\/p>\n<p>Las acciones se dan en el marco de un relevamiento realizado en conjunto con la municipalidad, para tomar las dimensiones de las tareas a realizar. En tanto desde la Direcci\u00f3n de Proyectos Hidr\u00e1ulicos del DPA, se realiz\u00f3 el proyecto, dise\u00f1o y el detalle de los materiales necesarios, para la construcci\u00f3n y reposici\u00f3n de las rejas de las c\u00e1maras de carga, previas a las estaciones de bombeo.<\/p>\n<p>Para esto, se realiz\u00f3 una contrataci\u00f3n directa de la totalidad de materiales necesarios. Entre ellos, incluye materiales de perfilar\u00eda met\u00e1lica, elementos consumibles y pinturas para protecci\u00f3n de la corrosi\u00f3n.<\/p>\n<p>Fuente: SA y DS de Rio Negro<\/p>\n<\/div>\n<\/div>\n<\/div>\n<p>&nbsp;<\/p>\n<div class=\"_3x-2\" data-ft=\"{&quot;tn&quot;:&quot;H&quot;}\">\n<div data-ft=\"{&quot;tn&quot;:&quot;H&quot;}\">\n<div class=\"mtm\">\n<div class=\"_2a2q _65sr\"><\/div>\n<\/div>\n<\/div>\n<\/div>\n","protected":false},"excerpt":{"rendered":"<p>Viedma.-Para garantizar un r\u00edo totalmente limpio, se suma a la nueva planta cloacal que se construye en la capital provincial, [&hellip;]<\/p>\n","protected":false},"author":2,"featured_media":60976,"comment_status":"open","ping_status":"open","sticky":false,"template":"","format":"standard","meta":{"site-sidebar-layout":"default","site-content-layout":"","ast-site-content-layout":"default","site-content-style":"default","site-sidebar-style":"default","ast-global-header-display":"","ast-banner-title-visibility":"","ast-main-header-display":"","ast-hfb-above-header-display":"","ast-hfb-below-header-display":"","ast-hfb-mobile-header-display":"","site-post-title":"","ast-breadcrumbs-content":"","ast-featured-img":"","footer-sml-layout":"","ast-disable-related-posts":"","theme-transparent-header-meta":"","adv-header-id-meta":"","stick-header-meta":"","header-above-stick-meta":"","header-main-stick-meta":"","header-below-stick-meta":"","astra-migrate-meta-layouts":"default","ast-page-background-enabled":"default","ast-page-background-meta":{"desktop":{"background-color":"var(--ast-global-color-5)","background-image":"","background-repeat":"repeat","background-position":"center center","background-size":"auto","background-attachment":"scroll","background-type":"","background-media":"","overlay-type":"","overlay-color":"","overlay-opacity":"","overlay-gradient":""},"tablet":{"background-color":"","background-image":"","background-repeat":"repeat","background-position":"center center","background-size":"auto","background-attachment":"scroll","background-type":"","background-media":"","overlay-type":"","overlay-color":"","overlay-opacity":"","overlay-gradient":""},"mobile":{"background-color":"","background-image":"","background-repeat":"repeat","background-position":"center center","background-size":"auto","background-attachment":"scroll","background-type":"","background-media":"","overlay-type":"","overlay-color":"","overlay-opacity":"","overlay-gradient":""}},"ast-content-background-meta":{"desktop":{"background-color":"var(--ast-global-color-4)","background-image":"","background-repeat":"repeat","background-position":"center center","background-size":"auto","background-attachment":"scroll","background-type":"","background-media":"","overlay-type":"","overlay-color":"","overlay-opacity":"","overlay-gradient":""},"tablet":{"background-color":"var(--ast-global-color-4)","background-image":"","background-repeat":"repeat","background-position":"center center","background-size":"auto","background-attachment":"scroll","background-type":"","background-media":"","overlay-type":"","overlay-color":"","overlay-opacity":"","overlay-gradient":""},"mobile":{"background-color":"var(--ast-global-color-4)","background-image":"","background-repeat":"repeat","background-position":"center center","background-size":"auto","background-attachment":"scroll","background-type":"","background-media":"","overlay-type":"","overlay-color":"","overlay-opacity":"","overlay-gradient":""}},"footnotes":""},"categories":[1,13,14],"tags":[],"class_list":["post-60975","post","type-post","status-publish","format-standard","has-post-thumbnail","hentry","category-noticias","category-provinciales","category-rio-negro"],"yoast_head":"<!-- This site is optimized with the Yoast SEO Premium plugin v23.0 (Yoast SEO v27.5) - https:\/\/yoast.com\/product\/yoast-seo-premium-wordpress\/ -->\n<title>\u00a0Preservaci\u00f3n\u00a0del\u00a0r\u00edo: el\u00a0DPA\u00a0trabaja para mejorar el\u00a0sistema de\u00a0desag\u00fces\u00a0pluviales\u00a0en Viedma<\/title>\n<meta name=\"robots\" content=\"index, follow, max-snippet:-1, max-image-preview:large, max-video-preview:-1\" \/>\n<link rel=\"canonical\" href=\"https:\/\/patagoniambiental.com.ar\/info\/preservacion-del-rio-el-dpa-trabaja-para-mejorar-el-sistema-de-desagues-pluviales-en-viedma\/\" \/>\n<meta property=\"og:locale\" content=\"es_ES\" \/>\n<meta property=\"og:type\" content=\"article\" \/>\n<meta property=\"og:title\" content=\"\u00a0Preservaci\u00f3n\u00a0del\u00a0r\u00edo: el\u00a0DPA\u00a0trabaja para mejorar el\u00a0sistema de\u00a0desag\u00fces\u00a0pluviales\u00a0en Viedma\" \/>\n<meta property=\"og:description\" content=\"Viedma.-Para garantizar un r\u00edo totalmente limpio, se suma a la nueva planta cloacal que se construye en la capital provincial, [&hellip;]\" \/>\n<meta property=\"og:url\" content=\"https:\/\/patagoniambiental.com.ar\/info\/preservacion-del-rio-el-dpa-trabaja-para-mejorar-el-sistema-de-desagues-pluviales-en-viedma\/\" \/>\n<meta property=\"og:site_name\" content=\"Patagonia Ambiental\" \/>\n<meta property=\"article:publisher\" content=\"https:\/\/www.facebook.com\/patagonia.ambiental\" \/>\n<meta property=\"article:author\" content=\"https:\/\/www.facebook.com\/share\/1C1V8Gv9BX\/?mibextid=qi2Omg\" \/>\n<meta property=\"article:published_time\" content=\"2019-05-09T22:00:27+00:00\" \/>\n<meta property=\"og:image\" content=\"https:\/\/patagoniambiental.com.ar\/info\/wp-content\/uploads\/2019\/05\/59837464_2333858776935155_1851649676495814656_n.jpg\" \/>\n\t<meta property=\"og:image:width\" content=\"960\" \/>\n\t<meta property=\"og:image:height\" content=\"540\" \/>\n\t<meta property=\"og:image:type\" content=\"image\/jpeg\" \/>\n<meta name=\"author\" content=\"Patagonia Ambiental\" \/>\n<meta name=\"twitter:card\" content=\"summary_large_image\" \/>\n<meta name=\"twitter:creator\" content=\"@PatAmb\" \/>\n<meta name=\"twitter:site\" content=\"@PatAmb\" \/>\n<script type=\"application\/ld+json\" class=\"yoast-schema-graph\">{\"@context\":\"https:\\\/\\\/schema.org\",\"@graph\":[{\"@type\":\"Article\",\"@id\":\"https:\\\/\\\/patagoniambiental.com.ar\\\/info\\\/preservacion-del-rio-el-dpa-trabaja-para-mejorar-el-sistema-de-desagues-pluviales-en-viedma\\\/#article\",\"isPartOf\":{\"@id\":\"https:\\\/\\\/patagoniambiental.com.ar\\\/info\\\/preservacion-del-rio-el-dpa-trabaja-para-mejorar-el-sistema-de-desagues-pluviales-en-viedma\\\/\"},\"author\":{\"name\":\"Patagonia Ambiental\",\"@id\":\"https:\\\/\\\/patagoniambiental.com.ar\\\/info\\\/#\\\/schema\\\/person\\\/db12bff64bbcbf6a253710bf0ea37b5d\"},\"headline\":\"\u00a0Preservaci\u00f3n\u00a0del\u00a0r\u00edo: el\u00a0DPA\u00a0trabaja para mejorar el\u00a0sistema de\u00a0desag\u00fces\u00a0pluviales\u00a0en Viedma\",\"datePublished\":\"2019-05-09T22:00:27+00:00\",\"mainEntityOfPage\":{\"@id\":\"https:\\\/\\\/patagoniambiental.com.ar\\\/info\\\/preservacion-del-rio-el-dpa-trabaja-para-mejorar-el-sistema-de-desagues-pluviales-en-viedma\\\/\"},\"wordCount\":326,\"commentCount\":0,\"publisher\":{\"@id\":\"https:\\\/\\\/patagoniambiental.com.ar\\\/info\\\/#organization\"},\"image\":{\"@id\":\"https:\\\/\\\/patagoniambiental.com.ar\\\/info\\\/preservacion-del-rio-el-dpa-trabaja-para-mejorar-el-sistema-de-desagues-pluviales-en-viedma\\\/#primaryimage\"},\"thumbnailUrl\":\"https:\\\/\\\/patagoniambiental.com.ar\\\/info\\\/wp-content\\\/uploads\\\/2019\\\/05\\\/59837464_2333858776935155_1851649676495814656_n.jpg\",\"articleSection\":[\"Noticias\",\"Provinciales\",\"R\u00edo Negro\"],\"inLanguage\":\"es\",\"potentialAction\":[{\"@type\":\"CommentAction\",\"name\":\"Comment\",\"target\":[\"https:\\\/\\\/patagoniambiental.com.ar\\\/info\\\/preservacion-del-rio-el-dpa-trabaja-para-mejorar-el-sistema-de-desagues-pluviales-en-viedma\\\/#respond\"]}]},{\"@type\":\"WebPage\",\"@id\":\"https:\\\/\\\/patagoniambiental.com.ar\\\/info\\\/preservacion-del-rio-el-dpa-trabaja-para-mejorar-el-sistema-de-desagues-pluviales-en-viedma\\\/\",\"url\":\"https:\\\/\\\/patagoniambiental.com.ar\\\/info\\\/preservacion-del-rio-el-dpa-trabaja-para-mejorar-el-sistema-de-desagues-pluviales-en-viedma\\\/\",\"name\":\"\u00a0Preservaci\u00f3n\u00a0del\u00a0r\u00edo: el\u00a0DPA\u00a0trabaja para mejorar el\u00a0sistema de\u00a0desag\u00fces\u00a0pluviales\u00a0en Viedma\",\"isPartOf\":{\"@id\":\"https:\\\/\\\/patagoniambiental.com.ar\\\/info\\\/#website\"},\"primaryImageOfPage\":{\"@id\":\"https:\\\/\\\/patagoniambiental.com.ar\\\/info\\\/preservacion-del-rio-el-dpa-trabaja-para-mejorar-el-sistema-de-desagues-pluviales-en-viedma\\\/#primaryimage\"},\"image\":{\"@id\":\"https:\\\/\\\/patagoniambiental.com.ar\\\/info\\\/preservacion-del-rio-el-dpa-trabaja-para-mejorar-el-sistema-de-desagues-pluviales-en-viedma\\\/#primaryimage\"},\"thumbnailUrl\":\"https:\\\/\\\/patagoniambiental.com.ar\\\/info\\\/wp-content\\\/uploads\\\/2019\\\/05\\\/59837464_2333858776935155_1851649676495814656_n.jpg\",\"datePublished\":\"2019-05-09T22:00:27+00:00\",\"breadcrumb\":{\"@id\":\"https:\\\/\\\/patagoniambiental.com.ar\\\/info\\\/preservacion-del-rio-el-dpa-trabaja-para-mejorar-el-sistema-de-desagues-pluviales-en-viedma\\\/#breadcrumb\"},\"inLanguage\":\"es\",\"potentialAction\":[{\"@type\":\"ReadAction\",\"target\":[\"https:\\\/\\\/patagoniambiental.com.ar\\\/info\\\/preservacion-del-rio-el-dpa-trabaja-para-mejorar-el-sistema-de-desagues-pluviales-en-viedma\\\/\"]}]},{\"@type\":\"ImageObject\",\"inLanguage\":\"es\",\"@id\":\"https:\\\/\\\/patagoniambiental.com.ar\\\/info\\\/preservacion-del-rio-el-dpa-trabaja-para-mejorar-el-sistema-de-desagues-pluviales-en-viedma\\\/#primaryimage\",\"url\":\"https:\\\/\\\/patagoniambiental.com.ar\\\/info\\\/wp-content\\\/uploads\\\/2019\\\/05\\\/59837464_2333858776935155_1851649676495814656_n.jpg\",\"contentUrl\":\"https:\\\/\\\/patagoniambiental.com.ar\\\/info\\\/wp-content\\\/uploads\\\/2019\\\/05\\\/59837464_2333858776935155_1851649676495814656_n.jpg\",\"width\":960,\"height\":540},{\"@type\":\"BreadcrumbList\",\"@id\":\"https:\\\/\\\/patagoniambiental.com.ar\\\/info\\\/preservacion-del-rio-el-dpa-trabaja-para-mejorar-el-sistema-de-desagues-pluviales-en-viedma\\\/#breadcrumb\",\"itemListElement\":[{\"@type\":\"ListItem\",\"position\":1,\"name\":\"Inicio\",\"item\":\"https:\\\/\\\/patagoniambiental.com.ar\\\/info\\\/\"},{\"@type\":\"ListItem\",\"position\":2,\"name\":\"\u00a0Preservaci\u00f3n\u00a0del\u00a0r\u00edo: el\u00a0DPA\u00a0trabaja para mejorar el\u00a0sistema de\u00a0desag\u00fces\u00a0pluviales\u00a0en Viedma\"}]},{\"@type\":\"WebSite\",\"@id\":\"https:\\\/\\\/patagoniambiental.com.ar\\\/info\\\/#website\",\"url\":\"https:\\\/\\\/patagoniambiental.com.ar\\\/info\\\/\",\"name\":\"Patagonia Ambiental\",\"description\":\"Monitoreo y an\u00e1lisis de la situaci\u00f3n geopol\u00edtica en el mundo y su implicancia en la Patagonia\",\"publisher\":{\"@id\":\"https:\\\/\\\/patagoniambiental.com.ar\\\/info\\\/#organization\"},\"potentialAction\":[{\"@type\":\"SearchAction\",\"target\":{\"@type\":\"EntryPoint\",\"urlTemplate\":\"https:\\\/\\\/patagoniambiental.com.ar\\\/info\\\/?s={search_term_string}\"},\"query-input\":{\"@type\":\"PropertyValueSpecification\",\"valueRequired\":true,\"valueName\":\"search_term_string\"}}],\"inLanguage\":\"es\"},{\"@type\":\"Organization\",\"@id\":\"https:\\\/\\\/patagoniambiental.com.ar\\\/info\\\/#organization\",\"name\":\"Patagonia Ambiental\",\"url\":\"https:\\\/\\\/patagoniambiental.com.ar\\\/info\\\/\",\"logo\":{\"@type\":\"ImageObject\",\"inLanguage\":\"es\",\"@id\":\"https:\\\/\\\/patagoniambiental.com.ar\\\/info\\\/#\\\/schema\\\/logo\\\/image\\\/\",\"url\":\"https:\\\/\\\/patagoniambiental.com.ar\\\/info\\\/wp-content\\\/uploads\\\/2025\\\/05\\\/LOGO-PATAGONIA-AMBIENTAL.png\",\"contentUrl\":\"https:\\\/\\\/patagoniambiental.com.ar\\\/info\\\/wp-content\\\/uploads\\\/2025\\\/05\\\/LOGO-PATAGONIA-AMBIENTAL.png\",\"width\":433,\"height\":250,\"caption\":\"Patagonia Ambiental\"},\"image\":{\"@id\":\"https:\\\/\\\/patagoniambiental.com.ar\\\/info\\\/#\\\/schema\\\/logo\\\/image\\\/\"},\"sameAs\":[\"https:\\\/\\\/www.facebook.com\\\/patagonia.ambiental\",\"https:\\\/\\\/x.com\\\/PatAmb\"]},{\"@type\":\"Person\",\"@id\":\"https:\\\/\\\/patagoniambiental.com.ar\\\/info\\\/#\\\/schema\\\/person\\\/db12bff64bbcbf6a253710bf0ea37b5d\",\"name\":\"Patagonia Ambiental\",\"description\":\"Andr\u00e9s Nievas T\u00e9cnico en manejo ambiental, consultor Ambiental y escritor para medios locales e internacionales sobre temas de geopolitica y medio ambiente.\",\"sameAs\":[\"http:\\\/\\\/www.patagoniambiental.com.ar\",\"https:\\\/\\\/www.facebook.com\\\/share\\\/1C1V8Gv9BX\\\/?mibextid=qi2Omg\",\"@patagoniambiental\",\"https:\\\/\\\/youtube.com\\\/@patagoniaambiental2023?si=BLt58t0wuXquxlYZ\"]}]}<\/script>\n<!-- \/ Yoast SEO Premium plugin. -->","yoast_head_json":{"title":"\u00a0Preservaci\u00f3n\u00a0del\u00a0r\u00edo: el\u00a0DPA\u00a0trabaja para mejorar el\u00a0sistema de\u00a0desag\u00fces\u00a0pluviales\u00a0en Viedma","robots":{"index":"index","follow":"follow","max-snippet":"max-snippet:-1","max-image-preview":"max-image-preview:large","max-video-preview":"max-video-preview:-1"},"canonical":"https:\/\/patagoniambiental.com.ar\/info\/preservacion-del-rio-el-dpa-trabaja-para-mejorar-el-sistema-de-desagues-pluviales-en-viedma\/","og_locale":"es_ES","og_type":"article","og_title":"\u00a0Preservaci\u00f3n\u00a0del\u00a0r\u00edo: el\u00a0DPA\u00a0trabaja para mejorar el\u00a0sistema de\u00a0desag\u00fces\u00a0pluviales\u00a0en Viedma","og_description":"Viedma.-Para garantizar un r\u00edo totalmente limpio, se suma a la nueva planta cloacal que se construye en la capital provincial, [&hellip;]","og_url":"https:\/\/patagoniambiental.com.ar\/info\/preservacion-del-rio-el-dpa-trabaja-para-mejorar-el-sistema-de-desagues-pluviales-en-viedma\/","og_site_name":"Patagonia Ambiental","article_publisher":"https:\/\/www.facebook.com\/patagonia.ambiental","article_author":"https:\/\/www.facebook.com\/share\/1C1V8Gv9BX\/?mibextid=qi2Omg","article_published_time":"2019-05-09T22:00:27+00:00","og_image":[{"width":960,"height":540,"url":"https:\/\/patagoniambiental.com.ar\/info\/wp-content\/uploads\/2019\/05\/59837464_2333858776935155_1851649676495814656_n.jpg","type":"image\/jpeg"}],"author":"Patagonia Ambiental","twitter_card":"summary_large_image","twitter_creator":"@PatAmb","twitter_site":"@PatAmb","schema":{"@context":"https:\/\/schema.org","@graph":[{"@type":"Article","@id":"https:\/\/patagoniambiental.com.ar\/info\/preservacion-del-rio-el-dpa-trabaja-para-mejorar-el-sistema-de-desagues-pluviales-en-viedma\/#article","isPartOf":{"@id":"https:\/\/patagoniambiental.com.ar\/info\/preservacion-del-rio-el-dpa-trabaja-para-mejorar-el-sistema-de-desagues-pluviales-en-viedma\/"},"author":{"name":"Patagonia Ambiental","@id":"https:\/\/patagoniambiental.com.ar\/info\/#\/schema\/person\/db12bff64bbcbf6a253710bf0ea37b5d"},"headline":"\u00a0Preservaci\u00f3n\u00a0del\u00a0r\u00edo: el\u00a0DPA\u00a0trabaja para mejorar el\u00a0sistema de\u00a0desag\u00fces\u00a0pluviales\u00a0en Viedma","datePublished":"2019-05-09T22:00:27+00:00","mainEntityOfPage":{"@id":"https:\/\/patagoniambiental.com.ar\/info\/preservacion-del-rio-el-dpa-trabaja-para-mejorar-el-sistema-de-desagues-pluviales-en-viedma\/"},"wordCount":326,"commentCount":0,"publisher":{"@id":"https:\/\/patagoniambiental.com.ar\/info\/#organization"},"image":{"@id":"https:\/\/patagoniambiental.com.ar\/info\/preservacion-del-rio-el-dpa-trabaja-para-mejorar-el-sistema-de-desagues-pluviales-en-viedma\/#primaryimage"},"thumbnailUrl":"https:\/\/patagoniambiental.com.ar\/info\/wp-content\/uploads\/2019\/05\/59837464_2333858776935155_1851649676495814656_n.jpg","articleSection":["Noticias","Provinciales","R\u00edo Negro"],"inLanguage":"es","potentialAction":[{"@type":"CommentAction","name":"Comment","target":["https:\/\/patagoniambiental.com.ar\/info\/preservacion-del-rio-el-dpa-trabaja-para-mejorar-el-sistema-de-desagues-pluviales-en-viedma\/#respond"]}]},{"@type":"WebPage","@id":"https:\/\/patagoniambiental.com.ar\/info\/preservacion-del-rio-el-dpa-trabaja-para-mejorar-el-sistema-de-desagues-pluviales-en-viedma\/","url":"https:\/\/patagoniambiental.com.ar\/info\/preservacion-del-rio-el-dpa-trabaja-para-mejorar-el-sistema-de-desagues-pluviales-en-viedma\/","name":"\u00a0Preservaci\u00f3n\u00a0del\u00a0r\u00edo: el\u00a0DPA\u00a0trabaja para mejorar el\u00a0sistema de\u00a0desag\u00fces\u00a0pluviales\u00a0en Viedma","isPartOf":{"@id":"https:\/\/patagoniambiental.com.ar\/info\/#website"},"primaryImageOfPage":{"@id":"https:\/\/patagoniambiental.com.ar\/info\/preservacion-del-rio-el-dpa-trabaja-para-mejorar-el-sistema-de-desagues-pluviales-en-viedma\/#primaryimage"},"image":{"@id":"https:\/\/patagoniambiental.com.ar\/info\/preservacion-del-rio-el-dpa-trabaja-para-mejorar-el-sistema-de-desagues-pluviales-en-viedma\/#primaryimage"},"thumbnailUrl":"https:\/\/patagoniambiental.com.ar\/info\/wp-content\/uploads\/2019\/05\/59837464_2333858776935155_1851649676495814656_n.jpg","datePublished":"2019-05-09T22:00:27+00:00","breadcrumb":{"@id":"https:\/\/patagoniambiental.com.ar\/info\/preservacion-del-rio-el-dpa-trabaja-para-mejorar-el-sistema-de-desagues-pluviales-en-viedma\/#breadcrumb"},"inLanguage":"es","potentialAction":[{"@type":"ReadAction","target":["https:\/\/patagoniambiental.com.ar\/info\/preservacion-del-rio-el-dpa-trabaja-para-mejorar-el-sistema-de-desagues-pluviales-en-viedma\/"]}]},{"@type":"ImageObject","inLanguage":"es","@id":"https:\/\/patagoniambiental.com.ar\/info\/preservacion-del-rio-el-dpa-trabaja-para-mejorar-el-sistema-de-desagues-pluviales-en-viedma\/#primaryimage","url":"https:\/\/patagoniambiental.com.ar\/info\/wp-content\/uploads\/2019\/05\/59837464_2333858776935155_1851649676495814656_n.jpg","contentUrl":"https:\/\/patagoniambiental.com.ar\/info\/wp-content\/uploads\/2019\/05\/59837464_2333858776935155_1851649676495814656_n.jpg","width":960,"height":540},{"@type":"BreadcrumbList","@id":"https:\/\/patagoniambiental.com.ar\/info\/preservacion-del-rio-el-dpa-trabaja-para-mejorar-el-sistema-de-desagues-pluviales-en-viedma\/#breadcrumb","itemListElement":[{"@type":"ListItem","position":1,"name":"Inicio","item":"https:\/\/patagoniambiental.com.ar\/info\/"},{"@type":"ListItem","position":2,"name":"\u00a0Preservaci\u00f3n\u00a0del\u00a0r\u00edo: el\u00a0DPA\u00a0trabaja para mejorar el\u00a0sistema de\u00a0desag\u00fces\u00a0pluviales\u00a0en Viedma"}]},{"@type":"WebSite","@id":"https:\/\/patagoniambiental.com.ar\/info\/#website","url":"https:\/\/patagoniambiental.com.ar\/info\/","name":"Patagonia Ambiental","description":"Monitoreo y an\u00e1lisis de la situaci\u00f3n geopol\u00edtica en el mundo y su implicancia en la Patagonia","publisher":{"@id":"https:\/\/patagoniambiental.com.ar\/info\/#organization"},"potentialAction":[{"@type":"SearchAction","target":{"@type":"EntryPoint","urlTemplate":"https:\/\/patagoniambiental.com.ar\/info\/?s={search_term_string}"},"query-input":{"@type":"PropertyValueSpecification","valueRequired":true,"valueName":"search_term_string"}}],"inLanguage":"es"},{"@type":"Organization","@id":"https:\/\/patagoniambiental.com.ar\/info\/#organization","name":"Patagonia Ambiental","url":"https:\/\/patagoniambiental.com.ar\/info\/","logo":{"@type":"ImageObject","inLanguage":"es","@id":"https:\/\/patagoniambiental.com.ar\/info\/#\/schema\/logo\/image\/","url":"https:\/\/patagoniambiental.com.ar\/info\/wp-content\/uploads\/2025\/05\/LOGO-PATAGONIA-AMBIENTAL.png","contentUrl":"https:\/\/patagoniambiental.com.ar\/info\/wp-content\/uploads\/2025\/05\/LOGO-PATAGONIA-AMBIENTAL.png","width":433,"height":250,"caption":"Patagonia Ambiental"},"image":{"@id":"https:\/\/patagoniambiental.com.ar\/info\/#\/schema\/logo\/image\/"},"sameAs":["https:\/\/www.facebook.com\/patagonia.ambiental","https:\/\/x.com\/PatAmb"]},{"@type":"Person","@id":"https:\/\/patagoniambiental.com.ar\/info\/#\/schema\/person\/db12bff64bbcbf6a253710bf0ea37b5d","name":"Patagonia Ambiental","description":"Andr\u00e9s Nievas T\u00e9cnico en manejo ambiental, consultor Ambiental y escritor para medios locales e internacionales sobre temas de geopolitica y medio ambiente.","sameAs":["http:\/\/www.patagoniambiental.com.ar","https:\/\/www.facebook.com\/share\/1C1V8Gv9BX\/?mibextid=qi2Omg","@patagoniambiental","https:\/\/youtube.com\/@patagoniaambiental2023?si=BLt58t0wuXquxlYZ"]}]}},"_links":{"self":[{"href":"https:\/\/patagoniambiental.com.ar\/info\/wp-json\/wp\/v2\/posts\/60975","targetHints":{"allow":["GET"]}}],"collection":[{"href":"https:\/\/patagoniambiental.com.ar\/info\/wp-json\/wp\/v2\/posts"}],"about":[{"href":"https:\/\/patagoniambiental.com.ar\/info\/wp-json\/wp\/v2\/types\/post"}],"author":[{"embeddable":true,"href":"https:\/\/patagoniambiental.com.ar\/info\/wp-json\/wp\/v2\/users\/2"}],"replies":[{"embeddable":true,"href":"https:\/\/patagoniambiental.com.ar\/info\/wp-json\/wp\/v2\/comments?post=60975"}],"version-history":[{"count":0,"href":"https:\/\/patagoniambiental.com.ar\/info\/wp-json\/wp\/v2\/posts\/60975\/revisions"}],"wp:featuredmedia":[{"embeddable":true,"href":"https:\/\/patagoniambiental.com.ar\/info\/wp-json\/wp\/v2\/media\/60976"}],"wp:attachment":[{"href":"https:\/\/patagoniambiental.com.ar\/info\/wp-json\/wp\/v2\/media?parent=60975"}],"wp:term":[{"taxonomy":"category","embeddable":true,"href":"https:\/\/patagoniambiental.com.ar\/info\/wp-json\/wp\/v2\/categories?post=60975"},{"taxonomy":"post_tag","embeddable":true,"href":"https:\/\/patagoniambiental.com.ar\/info\/wp-json\/wp\/v2\/tags?post=60975"}],"curies":[{"name":"wp","href":"https:\/\/api.w.org\/{rel}","templated":true}]}}