{"id":61006,"date":"2019-05-10T07:00:13","date_gmt":"2019-05-10T10:00:13","guid":{"rendered":"http:\/\/patagoniambiental.com.ar\/info\/?p=61006"},"modified":"2019-05-09T14:38:18","modified_gmt":"2019-05-09T17:38:18","slug":"la-pampa-diputados-trataran-una-ley-para-los-residuos-urbanos","status":"publish","type":"post","link":"https:\/\/patagoniambiental.com.ar\/info\/la-pampa-diputados-trataran-una-ley-para-los-residuos-urbanos\/","title":{"rendered":"La Pampa: Diputados tratar\u00e1n una ley para los residuos urbanos"},"content":{"rendered":"<div class=\"td_block_wrap tdb_title td_uid_10_5cd463ffbd10f_rand tdb-single-title td-pb-border-top td_block_template_9\" data-td-block-uid=\"td_uid_10_5cd463ffbd10f\">\n<div class=\"tdb-block-inner td-fix-index\">Santa Rosa\/La Pampa.-Para afrontar la problem\u00e1tica de los residuos s\u00f3lidos urbanos en La Pampa, el diputado provincial Mart\u00edn Berhongaray propuso a trav\u00e9s de un proyecto de ley la adhesi\u00f3n de la Provincia a la ley nacional de \u00abPresupuestos M\u00ednimos de Protecci\u00f3n Ambiental para la Gesti\u00f3n Integral de Residuos Domiciliarios\u00bb.<\/div>\n<\/div>\n<p><!--more--><\/p>\n<div class=\"td_block_wrap tdb_single_content td_uid_16_5cd463ffbe62b_rand td-pb-border-top td_block_template_9 td-post-content\" data-td-block-uid=\"td_uid_16_5cd463ffbe62b\">\n<div class=\"tdb-block-inner td-fix-index\">\n<p>Esto establece principios, obligaciones y responsabilidades en esa l\u00ednea, apuntando a la reducci\u00f3n progresiva de la disposici\u00f3n final de los residuos, por medio de la adopci\u00f3n de medidas orientadas con ese fin y la separaci\u00f3n selectiva, la recuperaci\u00f3n, la valorizaci\u00f3n y el reciclado.<br \/>\nSanta Rosa acumula m\u00e1s de 120 toneladas de basura diarios si se consideran los estudios realizados en el pa\u00eds sobre el promedio de generaci\u00f3n de desechos per c\u00e1pita. Por ahora, en la ciudad siguen vigentes los lamentables minibasurales que son focos infecciosos para cada barriada.<br \/>\nLa problem\u00e1tica de los residuos s\u00f3lidos urbanos en el pa\u00eds conlleva una serie de aspectos negativos: la aparici\u00f3n de basurales a cielo abierto, problemas serios originados a la salud de la poblaci\u00f3n y su incidencia en los costos asociados a los aspectos sanitarios, marginaci\u00f3n, trabajo infantil y degradaci\u00f3n ambiental.<br \/>\n\u00abLas medidas adoptadas a lo largo del tiempo para resolver esta problem\u00e1tica no han resultado, en la generalidad de los casos, de car\u00e1cter integral y por lo tanto no se ha podido brindar soluci\u00f3n a todos los factores directa o indirectamente implicados\u00bb, manifest\u00f3 Berhongaray.<br \/>\nAdem\u00e1s, explic\u00f3 que \u00abfrente a este problema, es necesario explorar soluciones efectivas mediante el empleo de gestiones capaces de resultar implementadas y con fundamento en los mejores sistemas aplicados internacionalmente\u00bb.<br \/>\nDijo que \u00absi bien es cierto que generalmente se asigna a los municipios la responsabilidad directa en la gesti\u00f3n integral de los residuos s\u00f3lidos urbanos, enfrentar la problem\u00e1tica requiere de una perspectiva m\u00e1s amplia que la exclusivamente local, involucrando a la Provincia en la planificaci\u00f3n del manejo\u00bb.<\/p>\n<p>Disposici\u00f3n final.<br \/>\nEl diputado Berhongaray se\u00f1al\u00f3 que \u00abLa Pampa no cuenta con una ley que determine los lineamientos m\u00ednimos para la gesti\u00f3n de los residuos s\u00f3lidos urbanos. Como antecedente, cabe resaltar el proyecto de Ley 20\/2010. Bajo esta tem\u00e1tica, est\u00e1 la Ley Provincial 1986 de Aprobaci\u00f3n de la carta acuerdo de cooperaci\u00f3n t\u00e9cnica no reembolsable para el proyecto de gesti\u00f3n integral de residuos en la provincia\u00bb.<br \/>\nLa normativa apunt\u00f3 a usar recursos del Fondo del Reino Unido de Cooperaci\u00f3n T\u00e9cnica, para otorgar una cooperaci\u00f3n no reembolsable destinada a la contrataci\u00f3n de servicios de consultor\u00eda para apoyar la ejecuci\u00f3n del proyecto de Gesti\u00f3n Integral de Residuos en La Pampa, elaborado oportunamente por el Consorcio Provincial para la Basura, integrado por Municipios, Cooperativas y la Subsecretar\u00eda de Ecolog\u00eda.<br \/>\nExaminando el estudio realizado por la Secretar\u00eda de Ambiente y Desarrollo Sustentable de la Naci\u00f3n, respecto a \u00abMapa Cr\u00edtico de Gesti\u00f3n Integral de los Residuos S\u00f3lidos Urbanos\u00bb en su actualizaci\u00f3n 2016, donde participaron cuatro localidades pampeanas: Santa Rosa, General Pico, Eduardo Castex e Ingeniero Luiggi, puede determinarse que La Pampa posee un 18% de disposici\u00f3n final adecuada de residuos, \u00edndice que la coloca entre las provincias que m\u00e1s necesitan de una mejora en esta fase de la GRSU, explic\u00f3 el legislador en el proyecto.<br \/>\nLa gesti\u00f3n de residuos urbanos \u00abderiva en la preservaci\u00f3n de la salud humana y la mejora de la calidad de vida de la poblaci\u00f3n, como as\u00ed tambi\u00e9n el cuidado del ambiente y la conservaci\u00f3n de los recursos naturales\u00bb, destac\u00f3.<\/p>\n<p>Fuente: Diario La Arena<\/p>\n<\/div>\n<\/div>\n","protected":false},"excerpt":{"rendered":"<p>Santa Rosa\/La Pampa.-Para afrontar la problem\u00e1tica de los residuos s\u00f3lidos urbanos en La Pampa, el diputado provincial Mart\u00edn Berhongaray propuso [&hellip;]<\/p>\n","protected":false},"author":2,"featured_media":46124,"comment_status":"open","ping_status":"open","sticky":false,"template":"","format":"standard","meta":{"site-sidebar-layout":"default","site-content-layout":"","ast-site-content-layout":"default","site-content-style":"default","site-sidebar-style":"default","ast-global-header-display":"","ast-banner-title-visibility":"","ast-main-header-display":"","ast-hfb-above-header-display":"","ast-hfb-below-header-display":"","ast-hfb-mobile-header-display":"","site-post-title":"","ast-breadcrumbs-content":"","ast-featured-img":"","footer-sml-layout":"","ast-disable-related-posts":"","theme-transparent-header-meta":"","adv-header-id-meta":"","stick-header-meta":"","header-above-stick-meta":"","header-main-stick-meta":"","header-below-stick-meta":"","astra-migrate-meta-layouts":"default","ast-page-background-enabled":"default","ast-page-background-meta":{"desktop":{"background-color":"var(--ast-global-color-5)","background-image":"","background-repeat":"repeat","background-position":"center center","background-size":"auto","background-attachment":"scroll","background-type":"","background-media":"","overlay-type":"","overlay-color":"","overlay-opacity":"","overlay-gradient":""},"tablet":{"background-color":"","background-image":"","background-repeat":"repeat","background-position":"center center","background-size":"auto","background-attachment":"scroll","background-type":"","background-media":"","overlay-type":"","overlay-color":"","overlay-opacity":"","overlay-gradient":""},"mobile":{"background-color":"","background-image":"","background-repeat":"repeat","background-position":"center center","background-size":"auto","background-attachment":"scroll","background-type":"","background-media":"","overlay-type":"","overlay-color":"","overlay-opacity":"","overlay-gradient":""}},"ast-content-background-meta":{"desktop":{"background-color":"var(--ast-global-color-4)","background-image":"","background-repeat":"repeat","background-position":"center center","background-size":"auto","background-attachment":"scroll","background-type":"","background-media":"","overlay-type":"","overlay-color":"","overlay-opacity":"","overlay-gradient":""},"tablet":{"background-color":"var(--ast-global-color-4)","background-image":"","background-repeat":"repeat","background-position":"center center","background-size":"auto","background-attachment":"scroll","background-type":"","background-media":"","overlay-type":"","overlay-color":"","overlay-opacity":"","overlay-gradient":""},"mobile":{"background-color":"var(--ast-global-color-4)","background-image":"","background-repeat":"repeat","background-position":"center center","background-size":"auto","background-attachment":"scroll","background-type":"","background-media":"","overlay-type":"","overlay-color":"","overlay-opacity":"","overlay-gradient":""}},"footnotes":""},"categories":[3357,59,1,13],"tags":[],"class_list":["post-61006","post","type-post","status-publish","format-standard","has-post-thumbnail","hentry","category-girsu","category-la-pampa","category-noticias","category-provinciales"],"yoast_head":"<!-- This site is optimized with the Yoast SEO Premium plugin v23.0 (Yoast SEO v27.5) - https:\/\/yoast.com\/product\/yoast-seo-premium-wordpress\/ -->\n<title>La Pampa: Diputados tratar\u00e1n una ley para los residuos urbanos<\/title>\n<meta name=\"robots\" content=\"index, follow, max-snippet:-1, max-image-preview:large, max-video-preview:-1\" \/>\n<link rel=\"canonical\" href=\"https:\/\/patagoniambiental.com.ar\/info\/la-pampa-diputados-trataran-una-ley-para-los-residuos-urbanos\/\" \/>\n<meta property=\"og:locale\" content=\"es_ES\" \/>\n<meta property=\"og:type\" content=\"article\" \/>\n<meta property=\"og:title\" content=\"La Pampa: Diputados tratar\u00e1n una ley para los residuos urbanos\" \/>\n<meta property=\"og:description\" content=\"Santa Rosa\/La Pampa.-Para afrontar la problem\u00e1tica de los residuos s\u00f3lidos urbanos en La Pampa, el diputado provincial Mart\u00edn Berhongaray propuso [&hellip;]\" \/>\n<meta property=\"og:url\" content=\"https:\/\/patagoniambiental.com.ar\/info\/la-pampa-diputados-trataran-una-ley-para-los-residuos-urbanos\/\" \/>\n<meta property=\"og:site_name\" content=\"Patagonia Ambiental\" \/>\n<meta property=\"article:publisher\" content=\"https:\/\/www.facebook.com\/patagonia.ambiental\" \/>\n<meta property=\"article:author\" content=\"https:\/\/www.facebook.com\/share\/1C1V8Gv9BX\/?mibextid=qi2Omg\" \/>\n<meta property=\"article:published_time\" content=\"2019-05-10T10:00:13+00:00\" \/>\n<meta property=\"og:image\" content=\"https:\/\/patagoniambiental.com.ar\/info\/wp-content\/uploads\/2018\/05\/basural1.jpg\" \/>\n\t<meta property=\"og:image:width\" content=\"800\" \/>\n\t<meta property=\"og:image:height\" content=\"457\" \/>\n\t<meta property=\"og:image:type\" content=\"image\/jpeg\" \/>\n<meta name=\"author\" content=\"Patagonia Ambiental\" \/>\n<meta name=\"twitter:card\" content=\"summary_large_image\" \/>\n<meta name=\"twitter:creator\" content=\"@PatAmb\" \/>\n<meta name=\"twitter:site\" content=\"@PatAmb\" \/>\n<script type=\"application\/ld+json\" class=\"yoast-schema-graph\">{\"@context\":\"https:\\\/\\\/schema.org\",\"@graph\":[{\"@type\":\"Article\",\"@id\":\"https:\\\/\\\/patagoniambiental.com.ar\\\/info\\\/la-pampa-diputados-trataran-una-ley-para-los-residuos-urbanos\\\/#article\",\"isPartOf\":{\"@id\":\"https:\\\/\\\/patagoniambiental.com.ar\\\/info\\\/la-pampa-diputados-trataran-una-ley-para-los-residuos-urbanos\\\/\"},\"author\":{\"name\":\"Patagonia Ambiental\",\"@id\":\"https:\\\/\\\/patagoniambiental.com.ar\\\/info\\\/#\\\/schema\\\/person\\\/db12bff64bbcbf6a253710bf0ea37b5d\"},\"headline\":\"La Pampa: Diputados tratar\u00e1n una ley para los residuos urbanos\",\"datePublished\":\"2019-05-10T10:00:13+00:00\",\"mainEntityOfPage\":{\"@id\":\"https:\\\/\\\/patagoniambiental.com.ar\\\/info\\\/la-pampa-diputados-trataran-una-ley-para-los-residuos-urbanos\\\/\"},\"wordCount\":635,\"commentCount\":0,\"publisher\":{\"@id\":\"https:\\\/\\\/patagoniambiental.com.ar\\\/info\\\/#organization\"},\"image\":{\"@id\":\"https:\\\/\\\/patagoniambiental.com.ar\\\/info\\\/la-pampa-diputados-trataran-una-ley-para-los-residuos-urbanos\\\/#primaryimage\"},\"thumbnailUrl\":\"https:\\\/\\\/patagoniambiental.com.ar\\\/info\\\/wp-content\\\/uploads\\\/2018\\\/05\\\/basural1.jpg\",\"articleSection\":[\"GIRSU\",\"La Pampa\",\"Noticias\",\"Provinciales\"],\"inLanguage\":\"es\",\"potentialAction\":[{\"@type\":\"CommentAction\",\"name\":\"Comment\",\"target\":[\"https:\\\/\\\/patagoniambiental.com.ar\\\/info\\\/la-pampa-diputados-trataran-una-ley-para-los-residuos-urbanos\\\/#respond\"]}]},{\"@type\":\"WebPage\",\"@id\":\"https:\\\/\\\/patagoniambiental.com.ar\\\/info\\\/la-pampa-diputados-trataran-una-ley-para-los-residuos-urbanos\\\/\",\"url\":\"https:\\\/\\\/patagoniambiental.com.ar\\\/info\\\/la-pampa-diputados-trataran-una-ley-para-los-residuos-urbanos\\\/\",\"name\":\"La Pampa: Diputados tratar\u00e1n una ley para los residuos urbanos\",\"isPartOf\":{\"@id\":\"https:\\\/\\\/patagoniambiental.com.ar\\\/info\\\/#website\"},\"primaryImageOfPage\":{\"@id\":\"https:\\\/\\\/patagoniambiental.com.ar\\\/info\\\/la-pampa-diputados-trataran-una-ley-para-los-residuos-urbanos\\\/#primaryimage\"},\"image\":{\"@id\":\"https:\\\/\\\/patagoniambiental.com.ar\\\/info\\\/la-pampa-diputados-trataran-una-ley-para-los-residuos-urbanos\\\/#primaryimage\"},\"thumbnailUrl\":\"https:\\\/\\\/patagoniambiental.com.ar\\\/info\\\/wp-content\\\/uploads\\\/2018\\\/05\\\/basural1.jpg\",\"datePublished\":\"2019-05-10T10:00:13+00:00\",\"breadcrumb\":{\"@id\":\"https:\\\/\\\/patagoniambiental.com.ar\\\/info\\\/la-pampa-diputados-trataran-una-ley-para-los-residuos-urbanos\\\/#breadcrumb\"},\"inLanguage\":\"es\",\"potentialAction\":[{\"@type\":\"ReadAction\",\"target\":[\"https:\\\/\\\/patagoniambiental.com.ar\\\/info\\\/la-pampa-diputados-trataran-una-ley-para-los-residuos-urbanos\\\/\"]}]},{\"@type\":\"ImageObject\",\"inLanguage\":\"es\",\"@id\":\"https:\\\/\\\/patagoniambiental.com.ar\\\/info\\\/la-pampa-diputados-trataran-una-ley-para-los-residuos-urbanos\\\/#primaryimage\",\"url\":\"https:\\\/\\\/patagoniambiental.com.ar\\\/info\\\/wp-content\\\/uploads\\\/2018\\\/05\\\/basural1.jpg\",\"contentUrl\":\"https:\\\/\\\/patagoniambiental.com.ar\\\/info\\\/wp-content\\\/uploads\\\/2018\\\/05\\\/basural1.jpg\",\"width\":800,\"height\":457},{\"@type\":\"BreadcrumbList\",\"@id\":\"https:\\\/\\\/patagoniambiental.com.ar\\\/info\\\/la-pampa-diputados-trataran-una-ley-para-los-residuos-urbanos\\\/#breadcrumb\",\"itemListElement\":[{\"@type\":\"ListItem\",\"position\":1,\"name\":\"Inicio\",\"item\":\"https:\\\/\\\/patagoniambiental.com.ar\\\/info\\\/\"},{\"@type\":\"ListItem\",\"position\":2,\"name\":\"La Pampa: Diputados tratar\u00e1n una ley para los residuos urbanos\"}]},{\"@type\":\"WebSite\",\"@id\":\"https:\\\/\\\/patagoniambiental.com.ar\\\/info\\\/#website\",\"url\":\"https:\\\/\\\/patagoniambiental.com.ar\\\/info\\\/\",\"name\":\"Patagonia Ambiental\",\"description\":\"Monitoreo y an\u00e1lisis de la situaci\u00f3n geopol\u00edtica en el mundo y su implicancia en la Patagonia\",\"publisher\":{\"@id\":\"https:\\\/\\\/patagoniambiental.com.ar\\\/info\\\/#organization\"},\"potentialAction\":[{\"@type\":\"SearchAction\",\"target\":{\"@type\":\"EntryPoint\",\"urlTemplate\":\"https:\\\/\\\/patagoniambiental.com.ar\\\/info\\\/?s={search_term_string}\"},\"query-input\":{\"@type\":\"PropertyValueSpecification\",\"valueRequired\":true,\"valueName\":\"search_term_string\"}}],\"inLanguage\":\"es\"},{\"@type\":\"Organization\",\"@id\":\"https:\\\/\\\/patagoniambiental.com.ar\\\/info\\\/#organization\",\"name\":\"Patagonia Ambiental\",\"url\":\"https:\\\/\\\/patagoniambiental.com.ar\\\/info\\\/\",\"logo\":{\"@type\":\"ImageObject\",\"inLanguage\":\"es\",\"@id\":\"https:\\\/\\\/patagoniambiental.com.ar\\\/info\\\/#\\\/schema\\\/logo\\\/image\\\/\",\"url\":\"https:\\\/\\\/patagoniambiental.com.ar\\\/info\\\/wp-content\\\/uploads\\\/2025\\\/05\\\/LOGO-PATAGONIA-AMBIENTAL.png\",\"contentUrl\":\"https:\\\/\\\/patagoniambiental.com.ar\\\/info\\\/wp-content\\\/uploads\\\/2025\\\/05\\\/LOGO-PATAGONIA-AMBIENTAL.png\",\"width\":433,\"height\":250,\"caption\":\"Patagonia Ambiental\"},\"image\":{\"@id\":\"https:\\\/\\\/patagoniambiental.com.ar\\\/info\\\/#\\\/schema\\\/logo\\\/image\\\/\"},\"sameAs\":[\"https:\\\/\\\/www.facebook.com\\\/patagonia.ambiental\",\"https:\\\/\\\/x.com\\\/PatAmb\"]},{\"@type\":\"Person\",\"@id\":\"https:\\\/\\\/patagoniambiental.com.ar\\\/info\\\/#\\\/schema\\\/person\\\/db12bff64bbcbf6a253710bf0ea37b5d\",\"name\":\"Patagonia Ambiental\",\"description\":\"Andr\u00e9s Nievas T\u00e9cnico en manejo ambiental, consultor Ambiental y escritor para medios locales e internacionales sobre temas de geopolitica y medio ambiente.\",\"sameAs\":[\"http:\\\/\\\/www.patagoniambiental.com.ar\",\"https:\\\/\\\/www.facebook.com\\\/share\\\/1C1V8Gv9BX\\\/?mibextid=qi2Omg\",\"@patagoniambiental\",\"https:\\\/\\\/youtube.com\\\/@patagoniaambiental2023?si=BLt58t0wuXquxlYZ\"]}]}<\/script>\n<!-- \/ Yoast SEO Premium plugin. -->","yoast_head_json":{"title":"La Pampa: Diputados tratar\u00e1n una ley para los residuos urbanos","robots":{"index":"index","follow":"follow","max-snippet":"max-snippet:-1","max-image-preview":"max-image-preview:large","max-video-preview":"max-video-preview:-1"},"canonical":"https:\/\/patagoniambiental.com.ar\/info\/la-pampa-diputados-trataran-una-ley-para-los-residuos-urbanos\/","og_locale":"es_ES","og_type":"article","og_title":"La Pampa: Diputados tratar\u00e1n una ley para los residuos urbanos","og_description":"Santa Rosa\/La Pampa.-Para afrontar la problem\u00e1tica de los residuos s\u00f3lidos urbanos en La Pampa, el diputado provincial Mart\u00edn Berhongaray propuso [&hellip;]","og_url":"https:\/\/patagoniambiental.com.ar\/info\/la-pampa-diputados-trataran-una-ley-para-los-residuos-urbanos\/","og_site_name":"Patagonia Ambiental","article_publisher":"https:\/\/www.facebook.com\/patagonia.ambiental","article_author":"https:\/\/www.facebook.com\/share\/1C1V8Gv9BX\/?mibextid=qi2Omg","article_published_time":"2019-05-10T10:00:13+00:00","og_image":[{"width":800,"height":457,"url":"https:\/\/patagoniambiental.com.ar\/info\/wp-content\/uploads\/2018\/05\/basural1.jpg","type":"image\/jpeg"}],"author":"Patagonia Ambiental","twitter_card":"summary_large_image","twitter_creator":"@PatAmb","twitter_site":"@PatAmb","schema":{"@context":"https:\/\/schema.org","@graph":[{"@type":"Article","@id":"https:\/\/patagoniambiental.com.ar\/info\/la-pampa-diputados-trataran-una-ley-para-los-residuos-urbanos\/#article","isPartOf":{"@id":"https:\/\/patagoniambiental.com.ar\/info\/la-pampa-diputados-trataran-una-ley-para-los-residuos-urbanos\/"},"author":{"name":"Patagonia Ambiental","@id":"https:\/\/patagoniambiental.com.ar\/info\/#\/schema\/person\/db12bff64bbcbf6a253710bf0ea37b5d"},"headline":"La Pampa: Diputados tratar\u00e1n una ley para los residuos urbanos","datePublished":"2019-05-10T10:00:13+00:00","mainEntityOfPage":{"@id":"https:\/\/patagoniambiental.com.ar\/info\/la-pampa-diputados-trataran-una-ley-para-los-residuos-urbanos\/"},"wordCount":635,"commentCount":0,"publisher":{"@id":"https:\/\/patagoniambiental.com.ar\/info\/#organization"},"image":{"@id":"https:\/\/patagoniambiental.com.ar\/info\/la-pampa-diputados-trataran-una-ley-para-los-residuos-urbanos\/#primaryimage"},"thumbnailUrl":"https:\/\/patagoniambiental.com.ar\/info\/wp-content\/uploads\/2018\/05\/basural1.jpg","articleSection":["GIRSU","La Pampa","Noticias","Provinciales"],"inLanguage":"es","potentialAction":[{"@type":"CommentAction","name":"Comment","target":["https:\/\/patagoniambiental.com.ar\/info\/la-pampa-diputados-trataran-una-ley-para-los-residuos-urbanos\/#respond"]}]},{"@type":"WebPage","@id":"https:\/\/patagoniambiental.com.ar\/info\/la-pampa-diputados-trataran-una-ley-para-los-residuos-urbanos\/","url":"https:\/\/patagoniambiental.com.ar\/info\/la-pampa-diputados-trataran-una-ley-para-los-residuos-urbanos\/","name":"La Pampa: Diputados tratar\u00e1n una ley para los residuos urbanos","isPartOf":{"@id":"https:\/\/patagoniambiental.com.ar\/info\/#website"},"primaryImageOfPage":{"@id":"https:\/\/patagoniambiental.com.ar\/info\/la-pampa-diputados-trataran-una-ley-para-los-residuos-urbanos\/#primaryimage"},"image":{"@id":"https:\/\/patagoniambiental.com.ar\/info\/la-pampa-diputados-trataran-una-ley-para-los-residuos-urbanos\/#primaryimage"},"thumbnailUrl":"https:\/\/patagoniambiental.com.ar\/info\/wp-content\/uploads\/2018\/05\/basural1.jpg","datePublished":"2019-05-10T10:00:13+00:00","breadcrumb":{"@id":"https:\/\/patagoniambiental.com.ar\/info\/la-pampa-diputados-trataran-una-ley-para-los-residuos-urbanos\/#breadcrumb"},"inLanguage":"es","potentialAction":[{"@type":"ReadAction","target":["https:\/\/patagoniambiental.com.ar\/info\/la-pampa-diputados-trataran-una-ley-para-los-residuos-urbanos\/"]}]},{"@type":"ImageObject","inLanguage":"es","@id":"https:\/\/patagoniambiental.com.ar\/info\/la-pampa-diputados-trataran-una-ley-para-los-residuos-urbanos\/#primaryimage","url":"https:\/\/patagoniambiental.com.ar\/info\/wp-content\/uploads\/2018\/05\/basural1.jpg","contentUrl":"https:\/\/patagoniambiental.com.ar\/info\/wp-content\/uploads\/2018\/05\/basural1.jpg","width":800,"height":457},{"@type":"BreadcrumbList","@id":"https:\/\/patagoniambiental.com.ar\/info\/la-pampa-diputados-trataran-una-ley-para-los-residuos-urbanos\/#breadcrumb","itemListElement":[{"@type":"ListItem","position":1,"name":"Inicio","item":"https:\/\/patagoniambiental.com.ar\/info\/"},{"@type":"ListItem","position":2,"name":"La Pampa: Diputados tratar\u00e1n una ley para los residuos urbanos"}]},{"@type":"WebSite","@id":"https:\/\/patagoniambiental.com.ar\/info\/#website","url":"https:\/\/patagoniambiental.com.ar\/info\/","name":"Patagonia Ambiental","description":"Monitoreo y an\u00e1lisis de la situaci\u00f3n geopol\u00edtica en el mundo y su implicancia en la Patagonia","publisher":{"@id":"https:\/\/patagoniambiental.com.ar\/info\/#organization"},"potentialAction":[{"@type":"SearchAction","target":{"@type":"EntryPoint","urlTemplate":"https:\/\/patagoniambiental.com.ar\/info\/?s={search_term_string}"},"query-input":{"@type":"PropertyValueSpecification","valueRequired":true,"valueName":"search_term_string"}}],"inLanguage":"es"},{"@type":"Organization","@id":"https:\/\/patagoniambiental.com.ar\/info\/#organization","name":"Patagonia Ambiental","url":"https:\/\/patagoniambiental.com.ar\/info\/","logo":{"@type":"ImageObject","inLanguage":"es","@id":"https:\/\/patagoniambiental.com.ar\/info\/#\/schema\/logo\/image\/","url":"https:\/\/patagoniambiental.com.ar\/info\/wp-content\/uploads\/2025\/05\/LOGO-PATAGONIA-AMBIENTAL.png","contentUrl":"https:\/\/patagoniambiental.com.ar\/info\/wp-content\/uploads\/2025\/05\/LOGO-PATAGONIA-AMBIENTAL.png","width":433,"height":250,"caption":"Patagonia Ambiental"},"image":{"@id":"https:\/\/patagoniambiental.com.ar\/info\/#\/schema\/logo\/image\/"},"sameAs":["https:\/\/www.facebook.com\/patagonia.ambiental","https:\/\/x.com\/PatAmb"]},{"@type":"Person","@id":"https:\/\/patagoniambiental.com.ar\/info\/#\/schema\/person\/db12bff64bbcbf6a253710bf0ea37b5d","name":"Patagonia Ambiental","description":"Andr\u00e9s Nievas T\u00e9cnico en manejo ambiental, consultor Ambiental y escritor para medios locales e internacionales sobre temas de geopolitica y medio ambiente.","sameAs":["http:\/\/www.patagoniambiental.com.ar","https:\/\/www.facebook.com\/share\/1C1V8Gv9BX\/?mibextid=qi2Omg","@patagoniambiental","https:\/\/youtube.com\/@patagoniaambiental2023?si=BLt58t0wuXquxlYZ"]}]}},"_links":{"self":[{"href":"https:\/\/patagoniambiental.com.ar\/info\/wp-json\/wp\/v2\/posts\/61006","targetHints":{"allow":["GET"]}}],"collection":[{"href":"https:\/\/patagoniambiental.com.ar\/info\/wp-json\/wp\/v2\/posts"}],"about":[{"href":"https:\/\/patagoniambiental.com.ar\/info\/wp-json\/wp\/v2\/types\/post"}],"author":[{"embeddable":true,"href":"https:\/\/patagoniambiental.com.ar\/info\/wp-json\/wp\/v2\/users\/2"}],"replies":[{"embeddable":true,"href":"https:\/\/patagoniambiental.com.ar\/info\/wp-json\/wp\/v2\/comments?post=61006"}],"version-history":[{"count":0,"href":"https:\/\/patagoniambiental.com.ar\/info\/wp-json\/wp\/v2\/posts\/61006\/revisions"}],"wp:featuredmedia":[{"embeddable":true,"href":"https:\/\/patagoniambiental.com.ar\/info\/wp-json\/wp\/v2\/media\/46124"}],"wp:attachment":[{"href":"https:\/\/patagoniambiental.com.ar\/info\/wp-json\/wp\/v2\/media?parent=61006"}],"wp:term":[{"taxonomy":"category","embeddable":true,"href":"https:\/\/patagoniambiental.com.ar\/info\/wp-json\/wp\/v2\/categories?post=61006"},{"taxonomy":"post_tag","embeddable":true,"href":"https:\/\/patagoniambiental.com.ar\/info\/wp-json\/wp\/v2\/tags?post=61006"}],"curies":[{"name":"wp","href":"https:\/\/api.w.org\/{rel}","templated":true}]}}