{"id":61009,"date":"2019-05-10T07:00:40","date_gmt":"2019-05-10T10:00:40","guid":{"rendered":"http:\/\/patagoniambiental.com.ar\/info\/?p=61009"},"modified":"2019-05-09T14:45:12","modified_gmt":"2019-05-09T17:45:12","slug":"rubinos-tenemos-que-seguir-trabajando-en-recuperar-y-mantener-la-costa-de-ushuaia","status":"publish","type":"post","link":"https:\/\/patagoniambiental.com.ar\/info\/rubinos-tenemos-que-seguir-trabajando-en-recuperar-y-mantener-la-costa-de-ushuaia\/","title":{"rendered":"Rubinos: \u201cTenemos que seguir trabajando en recuperar y mantener la costa de Ushuaia\u201d"},"content":{"rendered":"<div class=\"col-md-12 content-wrap\">\n<div class=\"df-header-bg\">\n<div class=\"df-post-header layout2\">\n<div class=\"df-post-header-inner\">\n<p class=\"entry-title\">Tierra del Fuego, AIAS.-El referente del radicalismo y actual legislador Oscar Rubinos recorri\u00f3 hoy la Plata de incautamiento municipal y expres\u00f3 que \u201cvimos con gran preocupaci\u00f3n que hay alrededor de 100 autos chatarra que generan un riesgo ambiental para el sector.<\/p>\n<p><!--more--><\/p>\n<p class=\"entry-title\">Estamos avanzando en promover actividades productivas que generen un desarrollo sustentable y en forma amigable con el ambiente y nos encontramos con estas situaciones sumamente peligrosas en las que debemos trabajar y solucionar r\u00e1pidamente\u201d.<\/p>\n<\/div>\n<\/div>\n<\/div>\n<\/div>\n<p>&nbsp;<\/p>\n<div class=\"content-single-wrap container no-padding\">\n<div class=\"df-single-post df-content-sticky push-top-4 col-md-12\">\n<div class=\"df-post-content\">\n<article id=\"post-7079\" class=\"post-7079 post type-post status-publish format-standard has-post-thumbnail category-actualidad\">\n<div class=\"entry-content\">\n<p data-originalfontsize=\"11pt\" data-originalcomputedfontsize=\"14.666666984558105\">\u201cEn Tierra del Fuego hemos avanzado en reconocer los derechos ambientales de la ciudadan\u00eda, protegiendo \u00e1reas como la Reserva Costera. Nuestro trabajo tambi\u00e9n tiene que ser preventivo, \u00a0y con una mirada a mediano y largo plazo\u201d, asegur\u00f3 el legislador radical.<\/p>\n<p data-originalfontsize=\"11pt\" data-originalcomputedfontsize=\"14.666666984558105\">\u201cEn referencia a los veh\u00edculos que encontramos en la playa de incautamiento, la ordenanza 5122 marca que los autos deben ser sometidos a un proceso de descontaminaci\u00f3n, cosa que no sucede en estos 100 autos. Se trata de autos abandonados que no tienen uso y que son sacados de la v\u00eda p\u00fablica por su condici\u00f3n de peligrosidad pero que son trasladados a la costa, un lugar muy expuesto y que esta preservado como Reserva Costera, al lado de la Planta Procesadora de Crust\u00e1ceos\u201d, manifest\u00f3 Rubinos.<\/p>\n<p>Plan de Manejo de la Reserva Costa de Mar<\/p>\n<p data-originalfontsize=\"11pt\" data-originalcomputedfontsize=\"14.666666984558105\">Rubinos marc\u00f3 que \u201cpara la Reserva de Costa de Mar existe un plan de manejo establecido donde entre otras cosas se deja en claro qu\u00e9 y c\u00f3mo se puede proceder al momento de generar un impacto. Lindante al \u00e1rea de la Reserva de Costa de Mar est\u00e1 ubicada la planta procesadora de crust\u00e1ceos, donde los pescadores artesanales llegan en sus embarcaciones para procesar la pesca del d\u00eda y despu\u00e9s destinarla al mercado local. Son emprendedores que se dedican a producir comidas envasadas y congeladas en base a productos de mar. Estos emprendedores constantemente tienen fiscalizaciones sanitarias que garantizan la seguridad de los alimentos para que la salud p\u00fablica no se vea afectada\u201d.<\/p>\n<p data-originalfontsize=\"11pt\" data-originalcomputedfontsize=\"14.666666984558105\">\u201cConozco en primera persona el trabajo impecable y el compromiso que tienen los miembros del Cluster de Pesca en la planta procesadora de crust\u00e1ceos, porque trabajamos juntos durante a\u00f1os poni\u00e9ndola en funcionamiento. Sin embargo, hoy existe un potencial riesgo de contaminaci\u00f3n para su actividad, que no es en manera alguna atribuible a ellos, y contra el cual estoy convencido que tenemos que actuar proactivamente\u201d, afirma el referente radical.<\/p>\n<p data-originalfontsize=\"11pt\" data-originalcomputedfontsize=\"14.666666984558105\">Hoy, una de las principales fuentes potenciales de contaminaci\u00f3n de esos alimentos frescos es la playa de incautamiento de veh\u00edculos que la Municipalidad de Ushuaia instal\u00f3 -en principio de forma transitoria- para poner los veh\u00edculos que retienen en los controles de tr\u00e1nsito o porque son autos abandonados en la v\u00eda p\u00fablica.<\/p>\n<p data-originalfontsize=\"11pt\" data-originalcomputedfontsize=\"14.666666984558105\">\u201cLo que en principio era temporario parece haberse convertido en algo permanente. Si pasan por ah\u00ed, van a ver que los veh\u00edculos se convirtieron en chatarra y que ninguno est\u00e1 en condiciones para transitar por la ciudad. M\u00e1s a\u00fan, Si est\u00e1n ah\u00ed, significa que no est\u00e1n recibiendo el tratamiento que corresponde de descontaminaci\u00f3n, desguace y destrucci\u00f3n\u201d, asegura Rubinos.<\/p>\n<p data-originalfontsize=\"11pt\" data-originalcomputedfontsize=\"14.666666984558105\">Los veh\u00edculos desprenden metales pesados como el plomo o ars\u00e9nico que est\u00e1n presentes en las naftas, las bater\u00edas, y otros componentes y podr\u00edan afectar a la costa, el agua que se utiliza en la planta procesadora, en el muelle de amarre o en la banquina de ventas. Una exposici\u00f3n prolongada a estos metales pesados podr\u00eda impactar negativamente en nuestra salud.<\/p>\n<p data-originalfontsize=\"11pt\" data-originalcomputedfontsize=\"14.666666984558105\">Finalmente, Rubinos dijo que \u201ccreemos que estamos a tiempo de prevenir que la salud p\u00fablica se vea afectada y estamos seguros que nuestras acciones tienen mejores resultados cuando trabajamos en la prevenci\u00f3n. Accionar con estos resguardos es una forma de incidir positivamente en la producci\u00f3n local de alimentos, especialmente en este caso que est\u00e1 vinculado a nuestro historia y cultura local, velando que se haga con procesos sustentables y saludables\u201d.<\/p>\n<\/div>\n<p>Fuente:\u00a0http:\/\/ushuaianoticias.com\/actualidad\/rubinos-tenemos-que-seguir-trabajando-en-recuperar-y-mantener-la-costa-de-ushuaia\/<\/p>\n<\/article>\n<\/div>\n<\/div>\n<\/div>\n","protected":false},"excerpt":{"rendered":"<p>Tierra del Fuego, AIAS.-El referente del radicalismo y actual legislador Oscar Rubinos recorri\u00f3 hoy la Plata de incautamiento municipal y [&hellip;]<\/p>\n","protected":false},"author":2,"featured_media":61010,"comment_status":"open","ping_status":"open","sticky":false,"template":"","format":"standard","meta":{"site-sidebar-layout":"default","site-content-layout":"","ast-site-content-layout":"default","site-content-style":"default","site-sidebar-style":"default","ast-global-header-display":"","ast-banner-title-visibility":"","ast-main-header-display":"","ast-hfb-above-header-display":"","ast-hfb-below-header-display":"","ast-hfb-mobile-header-display":"","site-post-title":"","ast-breadcrumbs-content":"","ast-featured-img":"","footer-sml-layout":"","ast-disable-related-posts":"","theme-transparent-header-meta":"","adv-header-id-meta":"","stick-header-meta":"","header-above-stick-meta":"","header-main-stick-meta":"","header-below-stick-meta":"","astra-migrate-meta-layouts":"default","ast-page-background-enabled":"default","ast-page-background-meta":{"desktop":{"background-color":"var(--ast-global-color-5)","background-image":"","background-repeat":"repeat","background-position":"center center","background-size":"auto","background-attachment":"scroll","background-type":"","background-media":"","overlay-type":"","overlay-color":"","overlay-opacity":"","overlay-gradient":""},"tablet":{"background-color":"","background-image":"","background-repeat":"repeat","background-position":"center center","background-size":"auto","background-attachment":"scroll","background-type":"","background-media":"","overlay-type":"","overlay-color":"","overlay-opacity":"","overlay-gradient":""},"mobile":{"background-color":"","background-image":"","background-repeat":"repeat","background-position":"center center","background-size":"auto","background-attachment":"scroll","background-type":"","background-media":"","overlay-type":"","overlay-color":"","overlay-opacity":"","overlay-gradient":""}},"ast-content-background-meta":{"desktop":{"background-color":"var(--ast-global-color-4)","background-image":"","background-repeat":"repeat","background-position":"center center","background-size":"auto","background-attachment":"scroll","background-type":"","background-media":"","overlay-type":"","overlay-color":"","overlay-opacity":"","overlay-gradient":""},"tablet":{"background-color":"var(--ast-global-color-4)","background-image":"","background-repeat":"repeat","background-position":"center center","background-size":"auto","background-attachment":"scroll","background-type":"","background-media":"","overlay-type":"","overlay-color":"","overlay-opacity":"","overlay-gradient":""},"mobile":{"background-color":"var(--ast-global-color-4)","background-image":"","background-repeat":"repeat","background-position":"center center","background-size":"auto","background-attachment":"scroll","background-type":"","background-media":"","overlay-type":"","overlay-color":"","overlay-opacity":"","overlay-gradient":""}},"footnotes":""},"categories":[1,13,25],"tags":[],"class_list":["post-61009","post","type-post","status-publish","format-standard","has-post-thumbnail","hentry","category-noticias","category-provinciales","category-tierra-del-fuego"],"yoast_head":"<!-- This site is optimized with the Yoast SEO Premium plugin v23.0 (Yoast SEO v27.5) - https:\/\/yoast.com\/product\/yoast-seo-premium-wordpress\/ -->\n<title>Rubinos: \u201cTenemos que seguir trabajando en recuperar y mantener la costa de Ushuaia\u201d<\/title>\n<meta name=\"robots\" content=\"index, follow, max-snippet:-1, max-image-preview:large, max-video-preview:-1\" \/>\n<link rel=\"canonical\" href=\"https:\/\/patagoniambiental.com.ar\/info\/rubinos-tenemos-que-seguir-trabajando-en-recuperar-y-mantener-la-costa-de-ushuaia\/\" \/>\n<meta property=\"og:locale\" content=\"es_ES\" \/>\n<meta property=\"og:type\" content=\"article\" \/>\n<meta property=\"og:title\" content=\"Rubinos: \u201cTenemos que seguir trabajando en recuperar y mantener la costa de Ushuaia\u201d\" \/>\n<meta property=\"og:description\" content=\"Tierra del Fuego, AIAS.-El referente del radicalismo y actual legislador Oscar Rubinos recorri\u00f3 hoy la Plata de incautamiento municipal y [&hellip;]\" \/>\n<meta property=\"og:url\" content=\"https:\/\/patagoniambiental.com.ar\/info\/rubinos-tenemos-que-seguir-trabajando-en-recuperar-y-mantener-la-costa-de-ushuaia\/\" \/>\n<meta property=\"og:site_name\" content=\"Patagonia Ambiental\" \/>\n<meta property=\"article:publisher\" content=\"https:\/\/www.facebook.com\/patagonia.ambiental\" \/>\n<meta property=\"article:author\" content=\"https:\/\/www.facebook.com\/share\/1C1V8Gv9BX\/?mibextid=qi2Omg\" \/>\n<meta property=\"article:published_time\" content=\"2019-05-10T10:00:40+00:00\" \/>\n<meta property=\"og:image\" content=\"https:\/\/patagoniambiental.com.ar\/info\/wp-content\/uploads\/2019\/05\/Sin-t\u00edtulo-2.jpg\" \/>\n\t<meta property=\"og:image:width\" content=\"1030\" \/>\n\t<meta property=\"og:image:height\" content=\"455\" \/>\n\t<meta property=\"og:image:type\" content=\"image\/jpeg\" \/>\n<meta name=\"author\" content=\"Patagonia Ambiental\" \/>\n<meta name=\"twitter:card\" content=\"summary_large_image\" \/>\n<meta name=\"twitter:creator\" content=\"@PatAmb\" \/>\n<meta name=\"twitter:site\" content=\"@PatAmb\" \/>\n<script type=\"application\/ld+json\" class=\"yoast-schema-graph\">{\"@context\":\"https:\\\/\\\/schema.org\",\"@graph\":[{\"@type\":\"Article\",\"@id\":\"https:\\\/\\\/patagoniambiental.com.ar\\\/info\\\/rubinos-tenemos-que-seguir-trabajando-en-recuperar-y-mantener-la-costa-de-ushuaia\\\/#article\",\"isPartOf\":{\"@id\":\"https:\\\/\\\/patagoniambiental.com.ar\\\/info\\\/rubinos-tenemos-que-seguir-trabajando-en-recuperar-y-mantener-la-costa-de-ushuaia\\\/\"},\"author\":{\"name\":\"Patagonia Ambiental\",\"@id\":\"https:\\\/\\\/patagoniambiental.com.ar\\\/info\\\/#\\\/schema\\\/person\\\/db12bff64bbcbf6a253710bf0ea37b5d\"},\"headline\":\"Rubinos: \u201cTenemos que seguir trabajando en recuperar y mantener la costa de Ushuaia\u201d\",\"datePublished\":\"2019-05-10T10:00:40+00:00\",\"mainEntityOfPage\":{\"@id\":\"https:\\\/\\\/patagoniambiental.com.ar\\\/info\\\/rubinos-tenemos-que-seguir-trabajando-en-recuperar-y-mantener-la-costa-de-ushuaia\\\/\"},\"wordCount\":688,\"commentCount\":0,\"publisher\":{\"@id\":\"https:\\\/\\\/patagoniambiental.com.ar\\\/info\\\/#organization\"},\"image\":{\"@id\":\"https:\\\/\\\/patagoniambiental.com.ar\\\/info\\\/rubinos-tenemos-que-seguir-trabajando-en-recuperar-y-mantener-la-costa-de-ushuaia\\\/#primaryimage\"},\"thumbnailUrl\":\"https:\\\/\\\/patagoniambiental.com.ar\\\/info\\\/wp-content\\\/uploads\\\/2019\\\/05\\\/Sin-t\u00edtulo-2.jpg\",\"articleSection\":[\"Noticias\",\"Provinciales\",\"Tierra del Fuego\"],\"inLanguage\":\"es\",\"potentialAction\":[{\"@type\":\"CommentAction\",\"name\":\"Comment\",\"target\":[\"https:\\\/\\\/patagoniambiental.com.ar\\\/info\\\/rubinos-tenemos-que-seguir-trabajando-en-recuperar-y-mantener-la-costa-de-ushuaia\\\/#respond\"]}]},{\"@type\":\"WebPage\",\"@id\":\"https:\\\/\\\/patagoniambiental.com.ar\\\/info\\\/rubinos-tenemos-que-seguir-trabajando-en-recuperar-y-mantener-la-costa-de-ushuaia\\\/\",\"url\":\"https:\\\/\\\/patagoniambiental.com.ar\\\/info\\\/rubinos-tenemos-que-seguir-trabajando-en-recuperar-y-mantener-la-costa-de-ushuaia\\\/\",\"name\":\"Rubinos: \u201cTenemos que seguir trabajando en recuperar y mantener la costa de Ushuaia\u201d\",\"isPartOf\":{\"@id\":\"https:\\\/\\\/patagoniambiental.com.ar\\\/info\\\/#website\"},\"primaryImageOfPage\":{\"@id\":\"https:\\\/\\\/patagoniambiental.com.ar\\\/info\\\/rubinos-tenemos-que-seguir-trabajando-en-recuperar-y-mantener-la-costa-de-ushuaia\\\/#primaryimage\"},\"image\":{\"@id\":\"https:\\\/\\\/patagoniambiental.com.ar\\\/info\\\/rubinos-tenemos-que-seguir-trabajando-en-recuperar-y-mantener-la-costa-de-ushuaia\\\/#primaryimage\"},\"thumbnailUrl\":\"https:\\\/\\\/patagoniambiental.com.ar\\\/info\\\/wp-content\\\/uploads\\\/2019\\\/05\\\/Sin-t\u00edtulo-2.jpg\",\"datePublished\":\"2019-05-10T10:00:40+00:00\",\"breadcrumb\":{\"@id\":\"https:\\\/\\\/patagoniambiental.com.ar\\\/info\\\/rubinos-tenemos-que-seguir-trabajando-en-recuperar-y-mantener-la-costa-de-ushuaia\\\/#breadcrumb\"},\"inLanguage\":\"es\",\"potentialAction\":[{\"@type\":\"ReadAction\",\"target\":[\"https:\\\/\\\/patagoniambiental.com.ar\\\/info\\\/rubinos-tenemos-que-seguir-trabajando-en-recuperar-y-mantener-la-costa-de-ushuaia\\\/\"]}]},{\"@type\":\"ImageObject\",\"inLanguage\":\"es\",\"@id\":\"https:\\\/\\\/patagoniambiental.com.ar\\\/info\\\/rubinos-tenemos-que-seguir-trabajando-en-recuperar-y-mantener-la-costa-de-ushuaia\\\/#primaryimage\",\"url\":\"https:\\\/\\\/patagoniambiental.com.ar\\\/info\\\/wp-content\\\/uploads\\\/2019\\\/05\\\/Sin-t\u00edtulo-2.jpg\",\"contentUrl\":\"https:\\\/\\\/patagoniambiental.com.ar\\\/info\\\/wp-content\\\/uploads\\\/2019\\\/05\\\/Sin-t\u00edtulo-2.jpg\",\"width\":1030,\"height\":455},{\"@type\":\"BreadcrumbList\",\"@id\":\"https:\\\/\\\/patagoniambiental.com.ar\\\/info\\\/rubinos-tenemos-que-seguir-trabajando-en-recuperar-y-mantener-la-costa-de-ushuaia\\\/#breadcrumb\",\"itemListElement\":[{\"@type\":\"ListItem\",\"position\":1,\"name\":\"Inicio\",\"item\":\"https:\\\/\\\/patagoniambiental.com.ar\\\/info\\\/\"},{\"@type\":\"ListItem\",\"position\":2,\"name\":\"Rubinos: \u201cTenemos que seguir trabajando en recuperar y mantener la costa de Ushuaia\u201d\"}]},{\"@type\":\"WebSite\",\"@id\":\"https:\\\/\\\/patagoniambiental.com.ar\\\/info\\\/#website\",\"url\":\"https:\\\/\\\/patagoniambiental.com.ar\\\/info\\\/\",\"name\":\"Patagonia Ambiental\",\"description\":\"Monitoreo y an\u00e1lisis de la situaci\u00f3n geopol\u00edtica en el mundo y su implicancia en la Patagonia\",\"publisher\":{\"@id\":\"https:\\\/\\\/patagoniambiental.com.ar\\\/info\\\/#organization\"},\"potentialAction\":[{\"@type\":\"SearchAction\",\"target\":{\"@type\":\"EntryPoint\",\"urlTemplate\":\"https:\\\/\\\/patagoniambiental.com.ar\\\/info\\\/?s={search_term_string}\"},\"query-input\":{\"@type\":\"PropertyValueSpecification\",\"valueRequired\":true,\"valueName\":\"search_term_string\"}}],\"inLanguage\":\"es\"},{\"@type\":\"Organization\",\"@id\":\"https:\\\/\\\/patagoniambiental.com.ar\\\/info\\\/#organization\",\"name\":\"Patagonia Ambiental\",\"url\":\"https:\\\/\\\/patagoniambiental.com.ar\\\/info\\\/\",\"logo\":{\"@type\":\"ImageObject\",\"inLanguage\":\"es\",\"@id\":\"https:\\\/\\\/patagoniambiental.com.ar\\\/info\\\/#\\\/schema\\\/logo\\\/image\\\/\",\"url\":\"https:\\\/\\\/patagoniambiental.com.ar\\\/info\\\/wp-content\\\/uploads\\\/2025\\\/05\\\/LOGO-PATAGONIA-AMBIENTAL.png\",\"contentUrl\":\"https:\\\/\\\/patagoniambiental.com.ar\\\/info\\\/wp-content\\\/uploads\\\/2025\\\/05\\\/LOGO-PATAGONIA-AMBIENTAL.png\",\"width\":433,\"height\":250,\"caption\":\"Patagonia Ambiental\"},\"image\":{\"@id\":\"https:\\\/\\\/patagoniambiental.com.ar\\\/info\\\/#\\\/schema\\\/logo\\\/image\\\/\"},\"sameAs\":[\"https:\\\/\\\/www.facebook.com\\\/patagonia.ambiental\",\"https:\\\/\\\/x.com\\\/PatAmb\"]},{\"@type\":\"Person\",\"@id\":\"https:\\\/\\\/patagoniambiental.com.ar\\\/info\\\/#\\\/schema\\\/person\\\/db12bff64bbcbf6a253710bf0ea37b5d\",\"name\":\"Patagonia Ambiental\",\"description\":\"Andr\u00e9s Nievas T\u00e9cnico en manejo ambiental, consultor Ambiental y escritor para medios locales e internacionales sobre temas de geopolitica y medio ambiente.\",\"sameAs\":[\"http:\\\/\\\/www.patagoniambiental.com.ar\",\"https:\\\/\\\/www.facebook.com\\\/share\\\/1C1V8Gv9BX\\\/?mibextid=qi2Omg\",\"@patagoniambiental\",\"https:\\\/\\\/youtube.com\\\/@patagoniaambiental2023?si=BLt58t0wuXquxlYZ\"]}]}<\/script>\n<!-- \/ Yoast SEO Premium plugin. -->","yoast_head_json":{"title":"Rubinos: \u201cTenemos que seguir trabajando en recuperar y mantener la costa de Ushuaia\u201d","robots":{"index":"index","follow":"follow","max-snippet":"max-snippet:-1","max-image-preview":"max-image-preview:large","max-video-preview":"max-video-preview:-1"},"canonical":"https:\/\/patagoniambiental.com.ar\/info\/rubinos-tenemos-que-seguir-trabajando-en-recuperar-y-mantener-la-costa-de-ushuaia\/","og_locale":"es_ES","og_type":"article","og_title":"Rubinos: \u201cTenemos que seguir trabajando en recuperar y mantener la costa de Ushuaia\u201d","og_description":"Tierra del Fuego, AIAS.-El referente del radicalismo y actual legislador Oscar Rubinos recorri\u00f3 hoy la Plata de incautamiento municipal y [&hellip;]","og_url":"https:\/\/patagoniambiental.com.ar\/info\/rubinos-tenemos-que-seguir-trabajando-en-recuperar-y-mantener-la-costa-de-ushuaia\/","og_site_name":"Patagonia Ambiental","article_publisher":"https:\/\/www.facebook.com\/patagonia.ambiental","article_author":"https:\/\/www.facebook.com\/share\/1C1V8Gv9BX\/?mibextid=qi2Omg","article_published_time":"2019-05-10T10:00:40+00:00","og_image":[{"width":1030,"height":455,"url":"https:\/\/patagoniambiental.com.ar\/info\/wp-content\/uploads\/2019\/05\/Sin-t\u00edtulo-2.jpg","type":"image\/jpeg"}],"author":"Patagonia Ambiental","twitter_card":"summary_large_image","twitter_creator":"@PatAmb","twitter_site":"@PatAmb","schema":{"@context":"https:\/\/schema.org","@graph":[{"@type":"Article","@id":"https:\/\/patagoniambiental.com.ar\/info\/rubinos-tenemos-que-seguir-trabajando-en-recuperar-y-mantener-la-costa-de-ushuaia\/#article","isPartOf":{"@id":"https:\/\/patagoniambiental.com.ar\/info\/rubinos-tenemos-que-seguir-trabajando-en-recuperar-y-mantener-la-costa-de-ushuaia\/"},"author":{"name":"Patagonia Ambiental","@id":"https:\/\/patagoniambiental.com.ar\/info\/#\/schema\/person\/db12bff64bbcbf6a253710bf0ea37b5d"},"headline":"Rubinos: \u201cTenemos que seguir trabajando en recuperar y mantener la costa de Ushuaia\u201d","datePublished":"2019-05-10T10:00:40+00:00","mainEntityOfPage":{"@id":"https:\/\/patagoniambiental.com.ar\/info\/rubinos-tenemos-que-seguir-trabajando-en-recuperar-y-mantener-la-costa-de-ushuaia\/"},"wordCount":688,"commentCount":0,"publisher":{"@id":"https:\/\/patagoniambiental.com.ar\/info\/#organization"},"image":{"@id":"https:\/\/patagoniambiental.com.ar\/info\/rubinos-tenemos-que-seguir-trabajando-en-recuperar-y-mantener-la-costa-de-ushuaia\/#primaryimage"},"thumbnailUrl":"https:\/\/patagoniambiental.com.ar\/info\/wp-content\/uploads\/2019\/05\/Sin-t\u00edtulo-2.jpg","articleSection":["Noticias","Provinciales","Tierra del Fuego"],"inLanguage":"es","potentialAction":[{"@type":"CommentAction","name":"Comment","target":["https:\/\/patagoniambiental.com.ar\/info\/rubinos-tenemos-que-seguir-trabajando-en-recuperar-y-mantener-la-costa-de-ushuaia\/#respond"]}]},{"@type":"WebPage","@id":"https:\/\/patagoniambiental.com.ar\/info\/rubinos-tenemos-que-seguir-trabajando-en-recuperar-y-mantener-la-costa-de-ushuaia\/","url":"https:\/\/patagoniambiental.com.ar\/info\/rubinos-tenemos-que-seguir-trabajando-en-recuperar-y-mantener-la-costa-de-ushuaia\/","name":"Rubinos: \u201cTenemos que seguir trabajando en recuperar y mantener la costa de Ushuaia\u201d","isPartOf":{"@id":"https:\/\/patagoniambiental.com.ar\/info\/#website"},"primaryImageOfPage":{"@id":"https:\/\/patagoniambiental.com.ar\/info\/rubinos-tenemos-que-seguir-trabajando-en-recuperar-y-mantener-la-costa-de-ushuaia\/#primaryimage"},"image":{"@id":"https:\/\/patagoniambiental.com.ar\/info\/rubinos-tenemos-que-seguir-trabajando-en-recuperar-y-mantener-la-costa-de-ushuaia\/#primaryimage"},"thumbnailUrl":"https:\/\/patagoniambiental.com.ar\/info\/wp-content\/uploads\/2019\/05\/Sin-t\u00edtulo-2.jpg","datePublished":"2019-05-10T10:00:40+00:00","breadcrumb":{"@id":"https:\/\/patagoniambiental.com.ar\/info\/rubinos-tenemos-que-seguir-trabajando-en-recuperar-y-mantener-la-costa-de-ushuaia\/#breadcrumb"},"inLanguage":"es","potentialAction":[{"@type":"ReadAction","target":["https:\/\/patagoniambiental.com.ar\/info\/rubinos-tenemos-que-seguir-trabajando-en-recuperar-y-mantener-la-costa-de-ushuaia\/"]}]},{"@type":"ImageObject","inLanguage":"es","@id":"https:\/\/patagoniambiental.com.ar\/info\/rubinos-tenemos-que-seguir-trabajando-en-recuperar-y-mantener-la-costa-de-ushuaia\/#primaryimage","url":"https:\/\/patagoniambiental.com.ar\/info\/wp-content\/uploads\/2019\/05\/Sin-t\u00edtulo-2.jpg","contentUrl":"https:\/\/patagoniambiental.com.ar\/info\/wp-content\/uploads\/2019\/05\/Sin-t\u00edtulo-2.jpg","width":1030,"height":455},{"@type":"BreadcrumbList","@id":"https:\/\/patagoniambiental.com.ar\/info\/rubinos-tenemos-que-seguir-trabajando-en-recuperar-y-mantener-la-costa-de-ushuaia\/#breadcrumb","itemListElement":[{"@type":"ListItem","position":1,"name":"Inicio","item":"https:\/\/patagoniambiental.com.ar\/info\/"},{"@type":"ListItem","position":2,"name":"Rubinos: \u201cTenemos que seguir trabajando en recuperar y mantener la costa de Ushuaia\u201d"}]},{"@type":"WebSite","@id":"https:\/\/patagoniambiental.com.ar\/info\/#website","url":"https:\/\/patagoniambiental.com.ar\/info\/","name":"Patagonia Ambiental","description":"Monitoreo y an\u00e1lisis de la situaci\u00f3n geopol\u00edtica en el mundo y su implicancia en la Patagonia","publisher":{"@id":"https:\/\/patagoniambiental.com.ar\/info\/#organization"},"potentialAction":[{"@type":"SearchAction","target":{"@type":"EntryPoint","urlTemplate":"https:\/\/patagoniambiental.com.ar\/info\/?s={search_term_string}"},"query-input":{"@type":"PropertyValueSpecification","valueRequired":true,"valueName":"search_term_string"}}],"inLanguage":"es"},{"@type":"Organization","@id":"https:\/\/patagoniambiental.com.ar\/info\/#organization","name":"Patagonia Ambiental","url":"https:\/\/patagoniambiental.com.ar\/info\/","logo":{"@type":"ImageObject","inLanguage":"es","@id":"https:\/\/patagoniambiental.com.ar\/info\/#\/schema\/logo\/image\/","url":"https:\/\/patagoniambiental.com.ar\/info\/wp-content\/uploads\/2025\/05\/LOGO-PATAGONIA-AMBIENTAL.png","contentUrl":"https:\/\/patagoniambiental.com.ar\/info\/wp-content\/uploads\/2025\/05\/LOGO-PATAGONIA-AMBIENTAL.png","width":433,"height":250,"caption":"Patagonia Ambiental"},"image":{"@id":"https:\/\/patagoniambiental.com.ar\/info\/#\/schema\/logo\/image\/"},"sameAs":["https:\/\/www.facebook.com\/patagonia.ambiental","https:\/\/x.com\/PatAmb"]},{"@type":"Person","@id":"https:\/\/patagoniambiental.com.ar\/info\/#\/schema\/person\/db12bff64bbcbf6a253710bf0ea37b5d","name":"Patagonia Ambiental","description":"Andr\u00e9s Nievas T\u00e9cnico en manejo ambiental, consultor Ambiental y escritor para medios locales e internacionales sobre temas de geopolitica y medio ambiente.","sameAs":["http:\/\/www.patagoniambiental.com.ar","https:\/\/www.facebook.com\/share\/1C1V8Gv9BX\/?mibextid=qi2Omg","@patagoniambiental","https:\/\/youtube.com\/@patagoniaambiental2023?si=BLt58t0wuXquxlYZ"]}]}},"_links":{"self":[{"href":"https:\/\/patagoniambiental.com.ar\/info\/wp-json\/wp\/v2\/posts\/61009","targetHints":{"allow":["GET"]}}],"collection":[{"href":"https:\/\/patagoniambiental.com.ar\/info\/wp-json\/wp\/v2\/posts"}],"about":[{"href":"https:\/\/patagoniambiental.com.ar\/info\/wp-json\/wp\/v2\/types\/post"}],"author":[{"embeddable":true,"href":"https:\/\/patagoniambiental.com.ar\/info\/wp-json\/wp\/v2\/users\/2"}],"replies":[{"embeddable":true,"href":"https:\/\/patagoniambiental.com.ar\/info\/wp-json\/wp\/v2\/comments?post=61009"}],"version-history":[{"count":0,"href":"https:\/\/patagoniambiental.com.ar\/info\/wp-json\/wp\/v2\/posts\/61009\/revisions"}],"wp:featuredmedia":[{"embeddable":true,"href":"https:\/\/patagoniambiental.com.ar\/info\/wp-json\/wp\/v2\/media\/61010"}],"wp:attachment":[{"href":"https:\/\/patagoniambiental.com.ar\/info\/wp-json\/wp\/v2\/media?parent=61009"}],"wp:term":[{"taxonomy":"category","embeddable":true,"href":"https:\/\/patagoniambiental.com.ar\/info\/wp-json\/wp\/v2\/categories?post=61009"},{"taxonomy":"post_tag","embeddable":true,"href":"https:\/\/patagoniambiental.com.ar\/info\/wp-json\/wp\/v2\/tags?post=61009"}],"curies":[{"name":"wp","href":"https:\/\/api.w.org\/{rel}","templated":true}]}}