{"id":61071,"date":"2019-05-12T07:00:00","date_gmt":"2019-05-12T10:00:00","guid":{"rendered":"http:\/\/patagoniambiental.com.ar\/info\/?p=61071"},"modified":"2019-05-10T15:54:57","modified_gmt":"2019-05-10T18:54:57","slug":"rechazamos-categoricamente-la-salmonicultura-en-el-canal-beagle-remarco-la-concejal-colazo","status":"publish","type":"post","link":"https:\/\/patagoniambiental.com.ar\/info\/rechazamos-categoricamente-la-salmonicultura-en-el-canal-beagle-remarco-la-concejal-colazo\/","title":{"rendered":"\u201dRechazamos categ\u00f3ricamente la salmonicultura en el canal Beagle\u201d, remarc\u00f3 la concejal Colazo"},"content":{"rendered":"<div class=\"container\">\n<div class=\"col-md-12 col-sm-12 col-xs-12 margen-section\">\n<p class=\"titulo-noti1 encodeB\">Tierra del Fuego, AIAS.-La concejal y candidata a Legisladora por el Partido Verde, Laura Colazo, expres\u00f3 el jueves pasado el rechazo del sector que representa ante los planes de la industria salmonera de expandirse hacia el Canal Beagle, y la necesidad de generar herramientas legislativas que proh\u00edban la instalaci\u00f3n de salmoneras en todo el litoral mar\u00edtimo provincial.<\/p>\n<\/div>\n<\/div>\n<p><!--more--><\/p>\n<div class=\"container \">\n<div class=\"col-md-8 col-sm-12 col-xs-12 margen-section\">\n<div class=\"col-md-6 col-sm-8 col-xs-12 text-left\"><\/div>\n<div class=\"hr4\"><\/div>\n<div class=\"col-md-12 col-sm-12\"><img decoding=\"async\" class=\"img-responsive text-center center-img\" src=\"http:\/\/www.sur54.com\/data\/upload\/news\/0fad414ebdafb6e72730928c8c372e1e-1000colazo_laura_perfil.jpg\" \/><\/p>\n<div class=\"space\"><\/div>\n<div class=\"col-md-12 col-sm-12 col-xs-12 text-center\"><\/div>\n<div class=\"sofia copete\">\n<p><span class=\"marker\">\u00abDebemos proteger el ambiente, los recursos naturales y las fuentes de empleo de las 17 mil personas que est\u00e1n afectadas a la industria del turismo,<\/span>\u00a0una de las principales industrias de Tierra del Fuego, que se ver\u00eda seriamente afectada por la instalaci\u00f3n de las salmoneras\u00bb, afirm\u00f3.<\/p>\n<p>&nbsp;<\/p>\n<p><span class=\"marker\">La preocupaci\u00f3n cobra mayor dimensi\u00f3n ante la autorizaci\u00f3n de la justicia chilena para que una empresa pesquera de ese pa\u00eds pueda avanzar con cuatro salmoneras en el canal Beagle cuya autorizaci\u00f3n obtuvo en 2005<\/span>, tras dejar sin efecto esta semana un recurso de protecci\u00f3n para \u00abno innovar\u00bb en su producci\u00f3n, que hab\u00eda sido presentado por Greenpeace Pac\u00edfico Sur.<\/p>\n<p>&nbsp;<\/p>\n<p>La clave es que se teme que el avance trasandino de esos capitales noruegos reavive el proyecto para la instalaci\u00f3n de salmoneras del lado argentino. Sin embargo -explic\u00f3 la edil- lo que se debe es\u00a0<span class=\"marker\">\u00abevitar su instalaci\u00f3n en estas aguas marinas de ambos lados y a actuar conjuntamente para su conservaci\u00f3n<\/span>\u00bb entendiendo que la naturaleza y la importancia de la conservaci\u00f3n del canal Beagle \u00abtrasciende los l\u00edmites pol\u00edticos\u00bb.<\/p>\n<p>&nbsp;<\/p>\n<p><span class=\"marker\">\u00abLa decisi\u00f3n de la Justicia chilena preocupa, el salm\u00f3n es una especie ex\u00f3tica que depreda la biodiversidad nativa de peces\u00bb,\u00a0<\/span>afirm\u00f3 Colazo y sostuvo que la actividad es \u00abpeligrosa\u00bb para el ecosistema de toda la zona.<\/p>\n<p>&nbsp;<\/p>\n<p>En este orden consider\u00f3 que el impacto de esta industria sobre el canal y las especies que all\u00ed habitan ser\u00e1 \u00abcatastr\u00f3fico\u00bb.\u00a0<span class=\"marker\">\u00abTomando como ejemplo el caso de Chile con las fugas de salmones, el abuso de antibi\u00f3ticos, algas t\u00f3xicas y residuos industriales en el fondo marino ser\u00e1n algunas de las consecuencias que esta actividad tendr\u00e1 en el canal Beagle\u00bb<\/span>\u00a0dijo.<\/p>\n<p>&nbsp;<\/p>\n<p>Colazo destac\u00f3 que desde la Legislatura, el Partido Verde apuntar\u00e1<span class=\"marker\">\u00a0a \u00abadoptar medidas para la protecci\u00f3n del medioambiente tambi\u00e9n haciendo una valoraci\u00f3n del desarrollo sostenible que no es solo ambiental sino tambi\u00e9n social y econ\u00f3mico,<\/span>\u00a0teniendo muy en cuenta los puestos laborales actuales que viven del turismo\u00bb apuntando a promover \u00abtodas las medidas legales y administrativas necesarias para evitar su emplazamiento en estas aguas marinas\u00bb.<\/p>\n<p>&nbsp;<\/p>\n<p>Finalmente plante\u00f3 la necesidad de propiciar herramientas de conservaci\u00f3n como la creaci\u00f3n de \u00c1reas Marinas Protegidas para garantizar que las actividades humanas en el canal Beagle sean sostenibles y aseguren la conservaci\u00f3n del ecosistema.<\/p>\n<p>Fuente:\u00a0http:\/\/www.sur54.com\/rechazamos_categoricamente_la_salmonicultura_en_el_canal_beagle_remarco_la_concejal_colazo<\/p>\n<\/div>\n<\/div>\n<\/div>\n<\/div>\n","protected":false},"excerpt":{"rendered":"<p>Tierra del Fuego, AIAS.-La concejal y candidata a Legisladora por el Partido Verde, Laura Colazo, expres\u00f3 el jueves pasado el [&hellip;]<\/p>\n","protected":false},"author":2,"featured_media":61072,"comment_status":"open","ping_status":"open","sticky":false,"template":"","format":"standard","meta":{"site-sidebar-layout":"default","site-content-layout":"","ast-site-content-layout":"default","site-content-style":"default","site-sidebar-style":"default","ast-global-header-display":"","ast-banner-title-visibility":"","ast-main-header-display":"","ast-hfb-above-header-display":"","ast-hfb-below-header-display":"","ast-hfb-mobile-header-display":"","site-post-title":"","ast-breadcrumbs-content":"","ast-featured-img":"","footer-sml-layout":"","ast-disable-related-posts":"","theme-transparent-header-meta":"","adv-header-id-meta":"","stick-header-meta":"","header-above-stick-meta":"","header-main-stick-meta":"","header-below-stick-meta":"","astra-migrate-meta-layouts":"default","ast-page-background-enabled":"default","ast-page-background-meta":{"desktop":{"background-color":"var(--ast-global-color-5)","background-image":"","background-repeat":"repeat","background-position":"center center","background-size":"auto","background-attachment":"scroll","background-type":"","background-media":"","overlay-type":"","overlay-color":"","overlay-opacity":"","overlay-gradient":""},"tablet":{"background-color":"","background-image":"","background-repeat":"repeat","background-position":"center center","background-size":"auto","background-attachment":"scroll","background-type":"","background-media":"","overlay-type":"","overlay-color":"","overlay-opacity":"","overlay-gradient":""},"mobile":{"background-color":"","background-image":"","background-repeat":"repeat","background-position":"center center","background-size":"auto","background-attachment":"scroll","background-type":"","background-media":"","overlay-type":"","overlay-color":"","overlay-opacity":"","overlay-gradient":""}},"ast-content-background-meta":{"desktop":{"background-color":"var(--ast-global-color-4)","background-image":"","background-repeat":"repeat","background-position":"center center","background-size":"auto","background-attachment":"scroll","background-type":"","background-media":"","overlay-type":"","overlay-color":"","overlay-opacity":"","overlay-gradient":""},"tablet":{"background-color":"var(--ast-global-color-4)","background-image":"","background-repeat":"repeat","background-position":"center center","background-size":"auto","background-attachment":"scroll","background-type":"","background-media":"","overlay-type":"","overlay-color":"","overlay-opacity":"","overlay-gradient":""},"mobile":{"background-color":"var(--ast-global-color-4)","background-image":"","background-repeat":"repeat","background-position":"center center","background-size":"auto","background-attachment":"scroll","background-type":"","background-media":"","overlay-type":"","overlay-color":"","overlay-opacity":"","overlay-gradient":""}},"footnotes":""},"categories":[1,13,25],"tags":[],"class_list":["post-61071","post","type-post","status-publish","format-standard","has-post-thumbnail","hentry","category-noticias","category-provinciales","category-tierra-del-fuego"],"yoast_head":"<!-- This site is optimized with the Yoast SEO Premium plugin v23.0 (Yoast SEO v27.5) - https:\/\/yoast.com\/product\/yoast-seo-premium-wordpress\/ -->\n<title>\u201dRechazamos categ\u00f3ricamente la salmonicultura en el canal Beagle\u201d, remarc\u00f3 la concejal Colazo<\/title>\n<meta name=\"robots\" content=\"index, follow, max-snippet:-1, max-image-preview:large, max-video-preview:-1\" \/>\n<link rel=\"canonical\" href=\"https:\/\/patagoniambiental.com.ar\/info\/rechazamos-categoricamente-la-salmonicultura-en-el-canal-beagle-remarco-la-concejal-colazo\/\" \/>\n<meta property=\"og:locale\" content=\"es_ES\" \/>\n<meta property=\"og:type\" content=\"article\" \/>\n<meta property=\"og:title\" content=\"\u201dRechazamos categ\u00f3ricamente la salmonicultura en el canal Beagle\u201d, remarc\u00f3 la concejal Colazo\" \/>\n<meta property=\"og:description\" content=\"Tierra del Fuego, AIAS.-La concejal y candidata a Legisladora por el Partido Verde, Laura Colazo, expres\u00f3 el jueves pasado el [&hellip;]\" \/>\n<meta property=\"og:url\" content=\"https:\/\/patagoniambiental.com.ar\/info\/rechazamos-categoricamente-la-salmonicultura-en-el-canal-beagle-remarco-la-concejal-colazo\/\" \/>\n<meta property=\"og:site_name\" content=\"Patagonia Ambiental\" \/>\n<meta property=\"article:publisher\" content=\"https:\/\/www.facebook.com\/patagonia.ambiental\" \/>\n<meta property=\"article:author\" content=\"https:\/\/www.facebook.com\/share\/1C1V8Gv9BX\/?mibextid=qi2Omg\" \/>\n<meta property=\"article:published_time\" content=\"2019-05-12T10:00:00+00:00\" \/>\n<meta property=\"og:image\" content=\"https:\/\/patagoniambiental.com.ar\/info\/wp-content\/uploads\/2019\/05\/0fad414ebdafb6e72730928c8c372e1e-1000colazo_laura_perfil.jpg\" \/>\n\t<meta property=\"og:image:width\" content=\"1000\" \/>\n\t<meta property=\"og:image:height\" content=\"666\" \/>\n\t<meta property=\"og:image:type\" content=\"image\/jpeg\" \/>\n<meta name=\"author\" content=\"Patagonia Ambiental\" \/>\n<meta name=\"twitter:card\" content=\"summary_large_image\" \/>\n<meta name=\"twitter:creator\" content=\"@PatAmb\" \/>\n<meta name=\"twitter:site\" content=\"@PatAmb\" \/>\n<script type=\"application\/ld+json\" class=\"yoast-schema-graph\">{\"@context\":\"https:\\\/\\\/schema.org\",\"@graph\":[{\"@type\":\"Article\",\"@id\":\"https:\\\/\\\/patagoniambiental.com.ar\\\/info\\\/rechazamos-categoricamente-la-salmonicultura-en-el-canal-beagle-remarco-la-concejal-colazo\\\/#article\",\"isPartOf\":{\"@id\":\"https:\\\/\\\/patagoniambiental.com.ar\\\/info\\\/rechazamos-categoricamente-la-salmonicultura-en-el-canal-beagle-remarco-la-concejal-colazo\\\/\"},\"author\":{\"name\":\"Patagonia Ambiental\",\"@id\":\"https:\\\/\\\/patagoniambiental.com.ar\\\/info\\\/#\\\/schema\\\/person\\\/db12bff64bbcbf6a253710bf0ea37b5d\"},\"headline\":\"\u201dRechazamos categ\u00f3ricamente la salmonicultura en el canal Beagle\u201d, remarc\u00f3 la concejal Colazo\",\"datePublished\":\"2019-05-12T10:00:00+00:00\",\"mainEntityOfPage\":{\"@id\":\"https:\\\/\\\/patagoniambiental.com.ar\\\/info\\\/rechazamos-categoricamente-la-salmonicultura-en-el-canal-beagle-remarco-la-concejal-colazo\\\/\"},\"wordCount\":496,\"commentCount\":0,\"publisher\":{\"@id\":\"https:\\\/\\\/patagoniambiental.com.ar\\\/info\\\/#organization\"},\"image\":{\"@id\":\"https:\\\/\\\/patagoniambiental.com.ar\\\/info\\\/rechazamos-categoricamente-la-salmonicultura-en-el-canal-beagle-remarco-la-concejal-colazo\\\/#primaryimage\"},\"thumbnailUrl\":\"https:\\\/\\\/patagoniambiental.com.ar\\\/info\\\/wp-content\\\/uploads\\\/2019\\\/05\\\/0fad414ebdafb6e72730928c8c372e1e-1000colazo_laura_perfil.jpg\",\"articleSection\":[\"Noticias\",\"Provinciales\",\"Tierra del Fuego\"],\"inLanguage\":\"es\",\"potentialAction\":[{\"@type\":\"CommentAction\",\"name\":\"Comment\",\"target\":[\"https:\\\/\\\/patagoniambiental.com.ar\\\/info\\\/rechazamos-categoricamente-la-salmonicultura-en-el-canal-beagle-remarco-la-concejal-colazo\\\/#respond\"]}]},{\"@type\":\"WebPage\",\"@id\":\"https:\\\/\\\/patagoniambiental.com.ar\\\/info\\\/rechazamos-categoricamente-la-salmonicultura-en-el-canal-beagle-remarco-la-concejal-colazo\\\/\",\"url\":\"https:\\\/\\\/patagoniambiental.com.ar\\\/info\\\/rechazamos-categoricamente-la-salmonicultura-en-el-canal-beagle-remarco-la-concejal-colazo\\\/\",\"name\":\"\u201dRechazamos categ\u00f3ricamente la salmonicultura en el canal Beagle\u201d, remarc\u00f3 la concejal Colazo\",\"isPartOf\":{\"@id\":\"https:\\\/\\\/patagoniambiental.com.ar\\\/info\\\/#website\"},\"primaryImageOfPage\":{\"@id\":\"https:\\\/\\\/patagoniambiental.com.ar\\\/info\\\/rechazamos-categoricamente-la-salmonicultura-en-el-canal-beagle-remarco-la-concejal-colazo\\\/#primaryimage\"},\"image\":{\"@id\":\"https:\\\/\\\/patagoniambiental.com.ar\\\/info\\\/rechazamos-categoricamente-la-salmonicultura-en-el-canal-beagle-remarco-la-concejal-colazo\\\/#primaryimage\"},\"thumbnailUrl\":\"https:\\\/\\\/patagoniambiental.com.ar\\\/info\\\/wp-content\\\/uploads\\\/2019\\\/05\\\/0fad414ebdafb6e72730928c8c372e1e-1000colazo_laura_perfil.jpg\",\"datePublished\":\"2019-05-12T10:00:00+00:00\",\"breadcrumb\":{\"@id\":\"https:\\\/\\\/patagoniambiental.com.ar\\\/info\\\/rechazamos-categoricamente-la-salmonicultura-en-el-canal-beagle-remarco-la-concejal-colazo\\\/#breadcrumb\"},\"inLanguage\":\"es\",\"potentialAction\":[{\"@type\":\"ReadAction\",\"target\":[\"https:\\\/\\\/patagoniambiental.com.ar\\\/info\\\/rechazamos-categoricamente-la-salmonicultura-en-el-canal-beagle-remarco-la-concejal-colazo\\\/\"]}]},{\"@type\":\"ImageObject\",\"inLanguage\":\"es\",\"@id\":\"https:\\\/\\\/patagoniambiental.com.ar\\\/info\\\/rechazamos-categoricamente-la-salmonicultura-en-el-canal-beagle-remarco-la-concejal-colazo\\\/#primaryimage\",\"url\":\"https:\\\/\\\/patagoniambiental.com.ar\\\/info\\\/wp-content\\\/uploads\\\/2019\\\/05\\\/0fad414ebdafb6e72730928c8c372e1e-1000colazo_laura_perfil.jpg\",\"contentUrl\":\"https:\\\/\\\/patagoniambiental.com.ar\\\/info\\\/wp-content\\\/uploads\\\/2019\\\/05\\\/0fad414ebdafb6e72730928c8c372e1e-1000colazo_laura_perfil.jpg\",\"width\":901,\"height\":600},{\"@type\":\"BreadcrumbList\",\"@id\":\"https:\\\/\\\/patagoniambiental.com.ar\\\/info\\\/rechazamos-categoricamente-la-salmonicultura-en-el-canal-beagle-remarco-la-concejal-colazo\\\/#breadcrumb\",\"itemListElement\":[{\"@type\":\"ListItem\",\"position\":1,\"name\":\"Inicio\",\"item\":\"https:\\\/\\\/patagoniambiental.com.ar\\\/info\\\/\"},{\"@type\":\"ListItem\",\"position\":2,\"name\":\"\u201dRechazamos categ\u00f3ricamente la salmonicultura en el canal Beagle\u201d, remarc\u00f3 la concejal Colazo\"}]},{\"@type\":\"WebSite\",\"@id\":\"https:\\\/\\\/patagoniambiental.com.ar\\\/info\\\/#website\",\"url\":\"https:\\\/\\\/patagoniambiental.com.ar\\\/info\\\/\",\"name\":\"Patagonia Ambiental\",\"description\":\"Monitoreo y an\u00e1lisis de la situaci\u00f3n geopol\u00edtica en el mundo y su implicancia en la Patagonia\",\"publisher\":{\"@id\":\"https:\\\/\\\/patagoniambiental.com.ar\\\/info\\\/#organization\"},\"potentialAction\":[{\"@type\":\"SearchAction\",\"target\":{\"@type\":\"EntryPoint\",\"urlTemplate\":\"https:\\\/\\\/patagoniambiental.com.ar\\\/info\\\/?s={search_term_string}\"},\"query-input\":{\"@type\":\"PropertyValueSpecification\",\"valueRequired\":true,\"valueName\":\"search_term_string\"}}],\"inLanguage\":\"es\"},{\"@type\":\"Organization\",\"@id\":\"https:\\\/\\\/patagoniambiental.com.ar\\\/info\\\/#organization\",\"name\":\"Patagonia Ambiental\",\"url\":\"https:\\\/\\\/patagoniambiental.com.ar\\\/info\\\/\",\"logo\":{\"@type\":\"ImageObject\",\"inLanguage\":\"es\",\"@id\":\"https:\\\/\\\/patagoniambiental.com.ar\\\/info\\\/#\\\/schema\\\/logo\\\/image\\\/\",\"url\":\"https:\\\/\\\/patagoniambiental.com.ar\\\/info\\\/wp-content\\\/uploads\\\/2025\\\/05\\\/LOGO-PATAGONIA-AMBIENTAL.png\",\"contentUrl\":\"https:\\\/\\\/patagoniambiental.com.ar\\\/info\\\/wp-content\\\/uploads\\\/2025\\\/05\\\/LOGO-PATAGONIA-AMBIENTAL.png\",\"width\":433,\"height\":250,\"caption\":\"Patagonia Ambiental\"},\"image\":{\"@id\":\"https:\\\/\\\/patagoniambiental.com.ar\\\/info\\\/#\\\/schema\\\/logo\\\/image\\\/\"},\"sameAs\":[\"https:\\\/\\\/www.facebook.com\\\/patagonia.ambiental\",\"https:\\\/\\\/x.com\\\/PatAmb\"]},{\"@type\":\"Person\",\"@id\":\"https:\\\/\\\/patagoniambiental.com.ar\\\/info\\\/#\\\/schema\\\/person\\\/db12bff64bbcbf6a253710bf0ea37b5d\",\"name\":\"Patagonia Ambiental\",\"description\":\"Andr\u00e9s Nievas T\u00e9cnico en manejo ambiental, consultor Ambiental y escritor para medios locales e internacionales sobre temas de geopolitica y medio ambiente.\",\"sameAs\":[\"http:\\\/\\\/www.patagoniambiental.com.ar\",\"https:\\\/\\\/www.facebook.com\\\/share\\\/1C1V8Gv9BX\\\/?mibextid=qi2Omg\",\"@patagoniambiental\",\"https:\\\/\\\/youtube.com\\\/@patagoniaambiental2023?si=BLt58t0wuXquxlYZ\"]}]}<\/script>\n<!-- \/ Yoast SEO Premium plugin. -->","yoast_head_json":{"title":"\u201dRechazamos categ\u00f3ricamente la salmonicultura en el canal Beagle\u201d, remarc\u00f3 la concejal Colazo","robots":{"index":"index","follow":"follow","max-snippet":"max-snippet:-1","max-image-preview":"max-image-preview:large","max-video-preview":"max-video-preview:-1"},"canonical":"https:\/\/patagoniambiental.com.ar\/info\/rechazamos-categoricamente-la-salmonicultura-en-el-canal-beagle-remarco-la-concejal-colazo\/","og_locale":"es_ES","og_type":"article","og_title":"\u201dRechazamos categ\u00f3ricamente la salmonicultura en el canal Beagle\u201d, remarc\u00f3 la concejal Colazo","og_description":"Tierra del Fuego, AIAS.-La concejal y candidata a Legisladora por el Partido Verde, Laura Colazo, expres\u00f3 el jueves pasado el [&hellip;]","og_url":"https:\/\/patagoniambiental.com.ar\/info\/rechazamos-categoricamente-la-salmonicultura-en-el-canal-beagle-remarco-la-concejal-colazo\/","og_site_name":"Patagonia Ambiental","article_publisher":"https:\/\/www.facebook.com\/patagonia.ambiental","article_author":"https:\/\/www.facebook.com\/share\/1C1V8Gv9BX\/?mibextid=qi2Omg","article_published_time":"2019-05-12T10:00:00+00:00","og_image":[{"width":1000,"height":666,"url":"https:\/\/patagoniambiental.com.ar\/info\/wp-content\/uploads\/2019\/05\/0fad414ebdafb6e72730928c8c372e1e-1000colazo_laura_perfil.jpg","type":"image\/jpeg"}],"author":"Patagonia Ambiental","twitter_card":"summary_large_image","twitter_creator":"@PatAmb","twitter_site":"@PatAmb","schema":{"@context":"https:\/\/schema.org","@graph":[{"@type":"Article","@id":"https:\/\/patagoniambiental.com.ar\/info\/rechazamos-categoricamente-la-salmonicultura-en-el-canal-beagle-remarco-la-concejal-colazo\/#article","isPartOf":{"@id":"https:\/\/patagoniambiental.com.ar\/info\/rechazamos-categoricamente-la-salmonicultura-en-el-canal-beagle-remarco-la-concejal-colazo\/"},"author":{"name":"Patagonia Ambiental","@id":"https:\/\/patagoniambiental.com.ar\/info\/#\/schema\/person\/db12bff64bbcbf6a253710bf0ea37b5d"},"headline":"\u201dRechazamos categ\u00f3ricamente la salmonicultura en el canal Beagle\u201d, remarc\u00f3 la concejal Colazo","datePublished":"2019-05-12T10:00:00+00:00","mainEntityOfPage":{"@id":"https:\/\/patagoniambiental.com.ar\/info\/rechazamos-categoricamente-la-salmonicultura-en-el-canal-beagle-remarco-la-concejal-colazo\/"},"wordCount":496,"commentCount":0,"publisher":{"@id":"https:\/\/patagoniambiental.com.ar\/info\/#organization"},"image":{"@id":"https:\/\/patagoniambiental.com.ar\/info\/rechazamos-categoricamente-la-salmonicultura-en-el-canal-beagle-remarco-la-concejal-colazo\/#primaryimage"},"thumbnailUrl":"https:\/\/patagoniambiental.com.ar\/info\/wp-content\/uploads\/2019\/05\/0fad414ebdafb6e72730928c8c372e1e-1000colazo_laura_perfil.jpg","articleSection":["Noticias","Provinciales","Tierra del Fuego"],"inLanguage":"es","potentialAction":[{"@type":"CommentAction","name":"Comment","target":["https:\/\/patagoniambiental.com.ar\/info\/rechazamos-categoricamente-la-salmonicultura-en-el-canal-beagle-remarco-la-concejal-colazo\/#respond"]}]},{"@type":"WebPage","@id":"https:\/\/patagoniambiental.com.ar\/info\/rechazamos-categoricamente-la-salmonicultura-en-el-canal-beagle-remarco-la-concejal-colazo\/","url":"https:\/\/patagoniambiental.com.ar\/info\/rechazamos-categoricamente-la-salmonicultura-en-el-canal-beagle-remarco-la-concejal-colazo\/","name":"\u201dRechazamos categ\u00f3ricamente la salmonicultura en el canal Beagle\u201d, remarc\u00f3 la concejal Colazo","isPartOf":{"@id":"https:\/\/patagoniambiental.com.ar\/info\/#website"},"primaryImageOfPage":{"@id":"https:\/\/patagoniambiental.com.ar\/info\/rechazamos-categoricamente-la-salmonicultura-en-el-canal-beagle-remarco-la-concejal-colazo\/#primaryimage"},"image":{"@id":"https:\/\/patagoniambiental.com.ar\/info\/rechazamos-categoricamente-la-salmonicultura-en-el-canal-beagle-remarco-la-concejal-colazo\/#primaryimage"},"thumbnailUrl":"https:\/\/patagoniambiental.com.ar\/info\/wp-content\/uploads\/2019\/05\/0fad414ebdafb6e72730928c8c372e1e-1000colazo_laura_perfil.jpg","datePublished":"2019-05-12T10:00:00+00:00","breadcrumb":{"@id":"https:\/\/patagoniambiental.com.ar\/info\/rechazamos-categoricamente-la-salmonicultura-en-el-canal-beagle-remarco-la-concejal-colazo\/#breadcrumb"},"inLanguage":"es","potentialAction":[{"@type":"ReadAction","target":["https:\/\/patagoniambiental.com.ar\/info\/rechazamos-categoricamente-la-salmonicultura-en-el-canal-beagle-remarco-la-concejal-colazo\/"]}]},{"@type":"ImageObject","inLanguage":"es","@id":"https:\/\/patagoniambiental.com.ar\/info\/rechazamos-categoricamente-la-salmonicultura-en-el-canal-beagle-remarco-la-concejal-colazo\/#primaryimage","url":"https:\/\/patagoniambiental.com.ar\/info\/wp-content\/uploads\/2019\/05\/0fad414ebdafb6e72730928c8c372e1e-1000colazo_laura_perfil.jpg","contentUrl":"https:\/\/patagoniambiental.com.ar\/info\/wp-content\/uploads\/2019\/05\/0fad414ebdafb6e72730928c8c372e1e-1000colazo_laura_perfil.jpg","width":901,"height":600},{"@type":"BreadcrumbList","@id":"https:\/\/patagoniambiental.com.ar\/info\/rechazamos-categoricamente-la-salmonicultura-en-el-canal-beagle-remarco-la-concejal-colazo\/#breadcrumb","itemListElement":[{"@type":"ListItem","position":1,"name":"Inicio","item":"https:\/\/patagoniambiental.com.ar\/info\/"},{"@type":"ListItem","position":2,"name":"\u201dRechazamos categ\u00f3ricamente la salmonicultura en el canal Beagle\u201d, remarc\u00f3 la concejal Colazo"}]},{"@type":"WebSite","@id":"https:\/\/patagoniambiental.com.ar\/info\/#website","url":"https:\/\/patagoniambiental.com.ar\/info\/","name":"Patagonia Ambiental","description":"Monitoreo y an\u00e1lisis de la situaci\u00f3n geopol\u00edtica en el mundo y su implicancia en la Patagonia","publisher":{"@id":"https:\/\/patagoniambiental.com.ar\/info\/#organization"},"potentialAction":[{"@type":"SearchAction","target":{"@type":"EntryPoint","urlTemplate":"https:\/\/patagoniambiental.com.ar\/info\/?s={search_term_string}"},"query-input":{"@type":"PropertyValueSpecification","valueRequired":true,"valueName":"search_term_string"}}],"inLanguage":"es"},{"@type":"Organization","@id":"https:\/\/patagoniambiental.com.ar\/info\/#organization","name":"Patagonia Ambiental","url":"https:\/\/patagoniambiental.com.ar\/info\/","logo":{"@type":"ImageObject","inLanguage":"es","@id":"https:\/\/patagoniambiental.com.ar\/info\/#\/schema\/logo\/image\/","url":"https:\/\/patagoniambiental.com.ar\/info\/wp-content\/uploads\/2025\/05\/LOGO-PATAGONIA-AMBIENTAL.png","contentUrl":"https:\/\/patagoniambiental.com.ar\/info\/wp-content\/uploads\/2025\/05\/LOGO-PATAGONIA-AMBIENTAL.png","width":433,"height":250,"caption":"Patagonia Ambiental"},"image":{"@id":"https:\/\/patagoniambiental.com.ar\/info\/#\/schema\/logo\/image\/"},"sameAs":["https:\/\/www.facebook.com\/patagonia.ambiental","https:\/\/x.com\/PatAmb"]},{"@type":"Person","@id":"https:\/\/patagoniambiental.com.ar\/info\/#\/schema\/person\/db12bff64bbcbf6a253710bf0ea37b5d","name":"Patagonia Ambiental","description":"Andr\u00e9s Nievas T\u00e9cnico en manejo ambiental, consultor Ambiental y escritor para medios locales e internacionales sobre temas de geopolitica y medio ambiente.","sameAs":["http:\/\/www.patagoniambiental.com.ar","https:\/\/www.facebook.com\/share\/1C1V8Gv9BX\/?mibextid=qi2Omg","@patagoniambiental","https:\/\/youtube.com\/@patagoniaambiental2023?si=BLt58t0wuXquxlYZ"]}]}},"_links":{"self":[{"href":"https:\/\/patagoniambiental.com.ar\/info\/wp-json\/wp\/v2\/posts\/61071","targetHints":{"allow":["GET"]}}],"collection":[{"href":"https:\/\/patagoniambiental.com.ar\/info\/wp-json\/wp\/v2\/posts"}],"about":[{"href":"https:\/\/patagoniambiental.com.ar\/info\/wp-json\/wp\/v2\/types\/post"}],"author":[{"embeddable":true,"href":"https:\/\/patagoniambiental.com.ar\/info\/wp-json\/wp\/v2\/users\/2"}],"replies":[{"embeddable":true,"href":"https:\/\/patagoniambiental.com.ar\/info\/wp-json\/wp\/v2\/comments?post=61071"}],"version-history":[{"count":0,"href":"https:\/\/patagoniambiental.com.ar\/info\/wp-json\/wp\/v2\/posts\/61071\/revisions"}],"wp:featuredmedia":[{"embeddable":true,"href":"https:\/\/patagoniambiental.com.ar\/info\/wp-json\/wp\/v2\/media\/61072"}],"wp:attachment":[{"href":"https:\/\/patagoniambiental.com.ar\/info\/wp-json\/wp\/v2\/media?parent=61071"}],"wp:term":[{"taxonomy":"category","embeddable":true,"href":"https:\/\/patagoniambiental.com.ar\/info\/wp-json\/wp\/v2\/categories?post=61071"},{"taxonomy":"post_tag","embeddable":true,"href":"https:\/\/patagoniambiental.com.ar\/info\/wp-json\/wp\/v2\/tags?post=61071"}],"curies":[{"name":"wp","href":"https:\/\/api.w.org\/{rel}","templated":true}]}}