{"id":61106,"date":"2019-05-14T19:00:09","date_gmt":"2019-05-14T22:00:09","guid":{"rendered":"http:\/\/patagoniambiental.com.ar\/info\/?p=61106"},"modified":"2019-05-14T11:54:37","modified_gmt":"2019-05-14T14:54:37","slug":"la-localidad-balnearia-manifestaron-su-preocupacion-por-la-falta-de-obras-rada-tilly-y-comodoro-rivadavia-podrian-compartir-la-planta-de-residuos","status":"publish","type":"post","link":"https:\/\/patagoniambiental.com.ar\/info\/la-localidad-balnearia-manifestaron-su-preocupacion-por-la-falta-de-obras-rada-tilly-y-comodoro-rivadavia-podrian-compartir-la-planta-de-residuos\/","title":{"rendered":"Rada Tilly y Comodoro Rivadavia podr\u00edan compartir la planta de residuos por falta de obras"},"content":{"rendered":"<div class=\"post-content\">\n<p>Rada Tilly.-Un grupo de vecinos del barrio El Mirador de la localidad de Rada Tilly se reunieron durante el fin de semana con el gobernador de Chubut, Mariano Arcioni, a quien le expresaron su preocupaci\u00f3n por algunas situaciones puntuales, entre las que afirmaron que \u201cno llegan las obras al barrio y es muy necesaria la educaci\u00f3n ambiental para generar conciencia\u201d.<\/p>\n<p><!--more--><\/p>\n<p><img fetchpriority=\"high\" decoding=\"async\" class=\"alignright size-full wp-image-205050\" src=\"https:\/\/www.eldiariodemadryn.com\/wp-content\/uploads\/2019\/05\/Ce.jpg\" alt=\"\" width=\"400\" height=\"225\" \/><\/p>\n<p>Estas declaraciones tambi\u00e9n fueron dirigidas hacia el candidato a intendente de Rada Tilly, Mart\u00edn Cerd\u00e1, dejando en evidencia la preocupaci\u00f3n por la problem\u00e1tica ambiental que afecta a la localidad. La demanda se centra en la erradicaci\u00f3n de la Escombrera y la recuperaci\u00f3n de espacios destinados al saneamiento.<br \/>\n\u201cLos vecinos de los barrios no nos sentimos representados. No llegan las obras al barrio y es muy necesaria la educaci\u00f3n ambiental para generar conciencia\u201d, resumieron los residentes en este sector de la villa balnearia remarcando el riesgo sanitario y la falta de acuerdos entre los municipios de Rada Tilly y Comodoro Rivadavia.<br \/>\nAl respecto, cabe aclarar que Arcioni y Cerd\u00e1 tambi\u00e9n estuvieron acompa\u00f1ados por los candidatos a concejales Mar\u00eda Eugenia Spinassi, Carlos Barrios Daporta, Bruno English y Marta Morej\u00f3n. En dicha oportunidad recibieron de parte de los vecinos, pedidos y propuestas para avanzar entre otros temas, con el saneamiento de la zona denominada \u201cLa Escombrera\u201d, la adhesi\u00f3n a la ley para prohibir el uso de bolsas pl\u00e1sticas en supermercados y profilaxis animal.<br \/>\nLuego del encuentro, Cerd\u00e1 manifest\u00f3 que \u201cla preocupaci\u00f3n est\u00e1 y estamos trabajando fuerte para demostrar que nuestra propuesta en cuanto al medio ambiente es muy superadora respecto a lo que hoy tiene la ciudad. Nos focalizaremos en la reubicaci\u00f3n del basural de la ciudad, proyectamos una Planta de Tratamiento de Residuos que sea sacada del ejido y estamos avanzando sobre tierras fiscales que tenemos en Provincia. Hay que evaluar la distancia y localizaci\u00f3n, pero la Planta nos permitir\u00eda resolver un grave problema y a la vez, generar valor agregado\u201d.<br \/>\n\u201cEn este lapso, los dos municipios involucrados podr\u00edan llegar a un acuerdo para que se pueda utilizar la actual Planta que tiene Comodoro mediante un acuerdo y el pago de los c\u00e1nones que se considere\u201d, agreg\u00f3.<br \/>\nCerd\u00e1 se\u00f1al\u00f3 que \u201ces una soluci\u00f3n que con gesti\u00f3n se puede llevar adelante. Tenemos que cuidar nuestro entorno, las playas y los circuitos que hoy se utilizan para caminar o realizar pr\u00e1cticas deportivas. Hay que estar atentos para que eso no se contamine y no se da\u00f1e porque es un recurso que los radatilenses deben valorizar\u201d.<br \/>\nLos vecinos de El Mirador expresaron la necesidad de que el Gobierno provincial intervenga con eventuales sanciones y gestiones efectivas para lograr el saneamiento del basural radatilense. \u201cEl tema no es nuevo, viene de mucho tiempo sin resolverse. Tener un basural a cielo abierto ya no pasa en ninguna ciudad de la Argentina pero pas\u00f3 hace poco en Comodoro que finalmente se erradic\u00f3. Hay que trabajar para que eso mismo ocurra en Rada Tilly. Es l\u00f3gico el malestar de los vecinos y sobre todo los que est\u00e1n en \u00e9ste barrio que es el m\u00e1s impactado ya que sufrieron a los roedores y la constante contaminaci\u00f3n\u201d, concluy\u00f3.<\/p>\n<p>Fuente: El Diario de Madryn<\/p>\n<div class=\"w780px floatRight padTop10px\"><\/div>\n<\/div>\n<p>&nbsp;<\/p>\n","protected":false},"excerpt":{"rendered":"<p>Rada Tilly.-Un grupo de vecinos del barrio El Mirador de la localidad de Rada Tilly se reunieron durante el fin [&hellip;]<\/p>\n","protected":false},"author":2,"featured_media":61107,"comment_status":"open","ping_status":"open","sticky":false,"template":"","format":"standard","meta":{"site-sidebar-layout":"default","site-content-layout":"","ast-site-content-layout":"default","site-content-style":"default","site-sidebar-style":"default","ast-global-header-display":"","ast-banner-title-visibility":"","ast-main-header-display":"","ast-hfb-above-header-display":"","ast-hfb-below-header-display":"","ast-hfb-mobile-header-display":"","site-post-title":"","ast-breadcrumbs-content":"","ast-featured-img":"","footer-sml-layout":"","ast-disable-related-posts":"","theme-transparent-header-meta":"","adv-header-id-meta":"","stick-header-meta":"","header-above-stick-meta":"","header-main-stick-meta":"","header-below-stick-meta":"","astra-migrate-meta-layouts":"default","ast-page-background-enabled":"default","ast-page-background-meta":{"desktop":{"background-color":"var(--ast-global-color-5)","background-image":"","background-repeat":"repeat","background-position":"center center","background-size":"auto","background-attachment":"scroll","background-type":"","background-media":"","overlay-type":"","overlay-color":"","overlay-opacity":"","overlay-gradient":""},"tablet":{"background-color":"","background-image":"","background-repeat":"repeat","background-position":"center center","background-size":"auto","background-attachment":"scroll","background-type":"","background-media":"","overlay-type":"","overlay-color":"","overlay-opacity":"","overlay-gradient":""},"mobile":{"background-color":"","background-image":"","background-repeat":"repeat","background-position":"center center","background-size":"auto","background-attachment":"scroll","background-type":"","background-media":"","overlay-type":"","overlay-color":"","overlay-opacity":"","overlay-gradient":""}},"ast-content-background-meta":{"desktop":{"background-color":"var(--ast-global-color-4)","background-image":"","background-repeat":"repeat","background-position":"center center","background-size":"auto","background-attachment":"scroll","background-type":"","background-media":"","overlay-type":"","overlay-color":"","overlay-opacity":"","overlay-gradient":""},"tablet":{"background-color":"var(--ast-global-color-4)","background-image":"","background-repeat":"repeat","background-position":"center center","background-size":"auto","background-attachment":"scroll","background-type":"","background-media":"","overlay-type":"","overlay-color":"","overlay-opacity":"","overlay-gradient":""},"mobile":{"background-color":"var(--ast-global-color-4)","background-image":"","background-repeat":"repeat","background-position":"center center","background-size":"auto","background-attachment":"scroll","background-type":"","background-media":"","overlay-type":"","overlay-color":"","overlay-opacity":"","overlay-gradient":""}},"footnotes":""},"categories":[3357,16,1],"tags":[],"class_list":["post-61106","post","type-post","status-publish","format-standard","has-post-thumbnail","hentry","category-girsu","category-municipales","category-noticias"],"yoast_head":"<!-- This site is optimized with the Yoast SEO Premium plugin v23.0 (Yoast SEO v27.5) - https:\/\/yoast.com\/product\/yoast-seo-premium-wordpress\/ -->\n<title>Rada Tilly y Comodoro Rivadavia podr\u00edan compartir la planta de residuos por falta de obras<\/title>\n<meta name=\"robots\" content=\"index, follow, max-snippet:-1, max-image-preview:large, max-video-preview:-1\" \/>\n<link rel=\"canonical\" href=\"https:\/\/patagoniambiental.com.ar\/info\/la-localidad-balnearia-manifestaron-su-preocupacion-por-la-falta-de-obras-rada-tilly-y-comodoro-rivadavia-podrian-compartir-la-planta-de-residuos\/\" \/>\n<meta property=\"og:locale\" content=\"es_ES\" \/>\n<meta property=\"og:type\" content=\"article\" \/>\n<meta property=\"og:title\" content=\"Rada Tilly y Comodoro Rivadavia podr\u00edan compartir la planta de residuos por falta de obras\" \/>\n<meta property=\"og:description\" content=\"Rada Tilly.-Un grupo de vecinos del barrio El Mirador de la localidad de Rada Tilly se reunieron durante el fin [&hellip;]\" \/>\n<meta property=\"og:url\" content=\"https:\/\/patagoniambiental.com.ar\/info\/la-localidad-balnearia-manifestaron-su-preocupacion-por-la-falta-de-obras-rada-tilly-y-comodoro-rivadavia-podrian-compartir-la-planta-de-residuos\/\" \/>\n<meta property=\"og:site_name\" content=\"Patagonia Ambiental\" \/>\n<meta property=\"article:publisher\" content=\"https:\/\/www.facebook.com\/patagonia.ambiental\" \/>\n<meta property=\"article:author\" content=\"https:\/\/www.facebook.com\/share\/1C1V8Gv9BX\/?mibextid=qi2Omg\" \/>\n<meta property=\"article:published_time\" content=\"2019-05-14T22:00:09+00:00\" \/>\n<meta property=\"og:image\" content=\"https:\/\/patagoniambiental.com.ar\/info\/wp-content\/uploads\/2019\/05\/Ce.jpg\" \/>\n\t<meta property=\"og:image:width\" content=\"400\" \/>\n\t<meta property=\"og:image:height\" content=\"225\" \/>\n\t<meta property=\"og:image:type\" content=\"image\/jpeg\" \/>\n<meta name=\"author\" content=\"Patagonia Ambiental\" \/>\n<meta name=\"twitter:card\" content=\"summary_large_image\" \/>\n<meta name=\"twitter:creator\" content=\"@PatAmb\" \/>\n<meta name=\"twitter:site\" content=\"@PatAmb\" \/>\n<script type=\"application\/ld+json\" class=\"yoast-schema-graph\">{\"@context\":\"https:\\\/\\\/schema.org\",\"@graph\":[{\"@type\":\"Article\",\"@id\":\"https:\\\/\\\/patagoniambiental.com.ar\\\/info\\\/la-localidad-balnearia-manifestaron-su-preocupacion-por-la-falta-de-obras-rada-tilly-y-comodoro-rivadavia-podrian-compartir-la-planta-de-residuos\\\/#article\",\"isPartOf\":{\"@id\":\"https:\\\/\\\/patagoniambiental.com.ar\\\/info\\\/la-localidad-balnearia-manifestaron-su-preocupacion-por-la-falta-de-obras-rada-tilly-y-comodoro-rivadavia-podrian-compartir-la-planta-de-residuos\\\/\"},\"author\":{\"name\":\"Patagonia Ambiental\",\"@id\":\"https:\\\/\\\/patagoniambiental.com.ar\\\/info\\\/#\\\/schema\\\/person\\\/db12bff64bbcbf6a253710bf0ea37b5d\"},\"headline\":\"Rada Tilly y Comodoro Rivadavia podr\u00edan compartir la planta de residuos por falta de obras\",\"datePublished\":\"2019-05-14T22:00:09+00:00\",\"mainEntityOfPage\":{\"@id\":\"https:\\\/\\\/patagoniambiental.com.ar\\\/info\\\/la-localidad-balnearia-manifestaron-su-preocupacion-por-la-falta-de-obras-rada-tilly-y-comodoro-rivadavia-podrian-compartir-la-planta-de-residuos\\\/\"},\"wordCount\":570,\"commentCount\":0,\"publisher\":{\"@id\":\"https:\\\/\\\/patagoniambiental.com.ar\\\/info\\\/#organization\"},\"image\":{\"@id\":\"https:\\\/\\\/patagoniambiental.com.ar\\\/info\\\/la-localidad-balnearia-manifestaron-su-preocupacion-por-la-falta-de-obras-rada-tilly-y-comodoro-rivadavia-podrian-compartir-la-planta-de-residuos\\\/#primaryimage\"},\"thumbnailUrl\":\"https:\\\/\\\/patagoniambiental.com.ar\\\/info\\\/wp-content\\\/uploads\\\/2019\\\/05\\\/Ce.jpg\",\"articleSection\":[\"GIRSU\",\"Municipales\",\"Noticias\"],\"inLanguage\":\"es\",\"potentialAction\":[{\"@type\":\"CommentAction\",\"name\":\"Comment\",\"target\":[\"https:\\\/\\\/patagoniambiental.com.ar\\\/info\\\/la-localidad-balnearia-manifestaron-su-preocupacion-por-la-falta-de-obras-rada-tilly-y-comodoro-rivadavia-podrian-compartir-la-planta-de-residuos\\\/#respond\"]}]},{\"@type\":\"WebPage\",\"@id\":\"https:\\\/\\\/patagoniambiental.com.ar\\\/info\\\/la-localidad-balnearia-manifestaron-su-preocupacion-por-la-falta-de-obras-rada-tilly-y-comodoro-rivadavia-podrian-compartir-la-planta-de-residuos\\\/\",\"url\":\"https:\\\/\\\/patagoniambiental.com.ar\\\/info\\\/la-localidad-balnearia-manifestaron-su-preocupacion-por-la-falta-de-obras-rada-tilly-y-comodoro-rivadavia-podrian-compartir-la-planta-de-residuos\\\/\",\"name\":\"Rada Tilly y Comodoro Rivadavia podr\u00edan compartir la planta de residuos por falta de obras\",\"isPartOf\":{\"@id\":\"https:\\\/\\\/patagoniambiental.com.ar\\\/info\\\/#website\"},\"primaryImageOfPage\":{\"@id\":\"https:\\\/\\\/patagoniambiental.com.ar\\\/info\\\/la-localidad-balnearia-manifestaron-su-preocupacion-por-la-falta-de-obras-rada-tilly-y-comodoro-rivadavia-podrian-compartir-la-planta-de-residuos\\\/#primaryimage\"},\"image\":{\"@id\":\"https:\\\/\\\/patagoniambiental.com.ar\\\/info\\\/la-localidad-balnearia-manifestaron-su-preocupacion-por-la-falta-de-obras-rada-tilly-y-comodoro-rivadavia-podrian-compartir-la-planta-de-residuos\\\/#primaryimage\"},\"thumbnailUrl\":\"https:\\\/\\\/patagoniambiental.com.ar\\\/info\\\/wp-content\\\/uploads\\\/2019\\\/05\\\/Ce.jpg\",\"datePublished\":\"2019-05-14T22:00:09+00:00\",\"breadcrumb\":{\"@id\":\"https:\\\/\\\/patagoniambiental.com.ar\\\/info\\\/la-localidad-balnearia-manifestaron-su-preocupacion-por-la-falta-de-obras-rada-tilly-y-comodoro-rivadavia-podrian-compartir-la-planta-de-residuos\\\/#breadcrumb\"},\"inLanguage\":\"es\",\"potentialAction\":[{\"@type\":\"ReadAction\",\"target\":[\"https:\\\/\\\/patagoniambiental.com.ar\\\/info\\\/la-localidad-balnearia-manifestaron-su-preocupacion-por-la-falta-de-obras-rada-tilly-y-comodoro-rivadavia-podrian-compartir-la-planta-de-residuos\\\/\"]}]},{\"@type\":\"ImageObject\",\"inLanguage\":\"es\",\"@id\":\"https:\\\/\\\/patagoniambiental.com.ar\\\/info\\\/la-localidad-balnearia-manifestaron-su-preocupacion-por-la-falta-de-obras-rada-tilly-y-comodoro-rivadavia-podrian-compartir-la-planta-de-residuos\\\/#primaryimage\",\"url\":\"https:\\\/\\\/patagoniambiental.com.ar\\\/info\\\/wp-content\\\/uploads\\\/2019\\\/05\\\/Ce.jpg\",\"contentUrl\":\"https:\\\/\\\/patagoniambiental.com.ar\\\/info\\\/wp-content\\\/uploads\\\/2019\\\/05\\\/Ce.jpg\",\"width\":400,\"height\":225},{\"@type\":\"BreadcrumbList\",\"@id\":\"https:\\\/\\\/patagoniambiental.com.ar\\\/info\\\/la-localidad-balnearia-manifestaron-su-preocupacion-por-la-falta-de-obras-rada-tilly-y-comodoro-rivadavia-podrian-compartir-la-planta-de-residuos\\\/#breadcrumb\",\"itemListElement\":[{\"@type\":\"ListItem\",\"position\":1,\"name\":\"Inicio\",\"item\":\"https:\\\/\\\/patagoniambiental.com.ar\\\/info\\\/\"},{\"@type\":\"ListItem\",\"position\":2,\"name\":\"Rada Tilly y Comodoro Rivadavia podr\u00edan compartir la planta de residuos por falta de obras\"}]},{\"@type\":\"WebSite\",\"@id\":\"https:\\\/\\\/patagoniambiental.com.ar\\\/info\\\/#website\",\"url\":\"https:\\\/\\\/patagoniambiental.com.ar\\\/info\\\/\",\"name\":\"Patagonia Ambiental\",\"description\":\"Monitoreo y an\u00e1lisis de la situaci\u00f3n geopol\u00edtica en el mundo y su implicancia en la Patagonia\",\"publisher\":{\"@id\":\"https:\\\/\\\/patagoniambiental.com.ar\\\/info\\\/#organization\"},\"potentialAction\":[{\"@type\":\"SearchAction\",\"target\":{\"@type\":\"EntryPoint\",\"urlTemplate\":\"https:\\\/\\\/patagoniambiental.com.ar\\\/info\\\/?s={search_term_string}\"},\"query-input\":{\"@type\":\"PropertyValueSpecification\",\"valueRequired\":true,\"valueName\":\"search_term_string\"}}],\"inLanguage\":\"es\"},{\"@type\":\"Organization\",\"@id\":\"https:\\\/\\\/patagoniambiental.com.ar\\\/info\\\/#organization\",\"name\":\"Patagonia Ambiental\",\"url\":\"https:\\\/\\\/patagoniambiental.com.ar\\\/info\\\/\",\"logo\":{\"@type\":\"ImageObject\",\"inLanguage\":\"es\",\"@id\":\"https:\\\/\\\/patagoniambiental.com.ar\\\/info\\\/#\\\/schema\\\/logo\\\/image\\\/\",\"url\":\"https:\\\/\\\/patagoniambiental.com.ar\\\/info\\\/wp-content\\\/uploads\\\/2025\\\/05\\\/LOGO-PATAGONIA-AMBIENTAL.png\",\"contentUrl\":\"https:\\\/\\\/patagoniambiental.com.ar\\\/info\\\/wp-content\\\/uploads\\\/2025\\\/05\\\/LOGO-PATAGONIA-AMBIENTAL.png\",\"width\":433,\"height\":250,\"caption\":\"Patagonia Ambiental\"},\"image\":{\"@id\":\"https:\\\/\\\/patagoniambiental.com.ar\\\/info\\\/#\\\/schema\\\/logo\\\/image\\\/\"},\"sameAs\":[\"https:\\\/\\\/www.facebook.com\\\/patagonia.ambiental\",\"https:\\\/\\\/x.com\\\/PatAmb\"]},{\"@type\":\"Person\",\"@id\":\"https:\\\/\\\/patagoniambiental.com.ar\\\/info\\\/#\\\/schema\\\/person\\\/db12bff64bbcbf6a253710bf0ea37b5d\",\"name\":\"Patagonia Ambiental\",\"description\":\"Andr\u00e9s Nievas T\u00e9cnico en manejo ambiental, consultor Ambiental y escritor para medios locales e internacionales sobre temas de geopolitica y medio ambiente.\",\"sameAs\":[\"http:\\\/\\\/www.patagoniambiental.com.ar\",\"https:\\\/\\\/www.facebook.com\\\/share\\\/1C1V8Gv9BX\\\/?mibextid=qi2Omg\",\"@patagoniambiental\",\"https:\\\/\\\/youtube.com\\\/@patagoniaambiental2023?si=BLt58t0wuXquxlYZ\"]}]}<\/script>\n<!-- \/ Yoast SEO Premium plugin. -->","yoast_head_json":{"title":"Rada Tilly y Comodoro Rivadavia podr\u00edan compartir la planta de residuos por falta de obras","robots":{"index":"index","follow":"follow","max-snippet":"max-snippet:-1","max-image-preview":"max-image-preview:large","max-video-preview":"max-video-preview:-1"},"canonical":"https:\/\/patagoniambiental.com.ar\/info\/la-localidad-balnearia-manifestaron-su-preocupacion-por-la-falta-de-obras-rada-tilly-y-comodoro-rivadavia-podrian-compartir-la-planta-de-residuos\/","og_locale":"es_ES","og_type":"article","og_title":"Rada Tilly y Comodoro Rivadavia podr\u00edan compartir la planta de residuos por falta de obras","og_description":"Rada Tilly.-Un grupo de vecinos del barrio El Mirador de la localidad de Rada Tilly se reunieron durante el fin [&hellip;]","og_url":"https:\/\/patagoniambiental.com.ar\/info\/la-localidad-balnearia-manifestaron-su-preocupacion-por-la-falta-de-obras-rada-tilly-y-comodoro-rivadavia-podrian-compartir-la-planta-de-residuos\/","og_site_name":"Patagonia Ambiental","article_publisher":"https:\/\/www.facebook.com\/patagonia.ambiental","article_author":"https:\/\/www.facebook.com\/share\/1C1V8Gv9BX\/?mibextid=qi2Omg","article_published_time":"2019-05-14T22:00:09+00:00","og_image":[{"width":400,"height":225,"url":"https:\/\/patagoniambiental.com.ar\/info\/wp-content\/uploads\/2019\/05\/Ce.jpg","type":"image\/jpeg"}],"author":"Patagonia Ambiental","twitter_card":"summary_large_image","twitter_creator":"@PatAmb","twitter_site":"@PatAmb","schema":{"@context":"https:\/\/schema.org","@graph":[{"@type":"Article","@id":"https:\/\/patagoniambiental.com.ar\/info\/la-localidad-balnearia-manifestaron-su-preocupacion-por-la-falta-de-obras-rada-tilly-y-comodoro-rivadavia-podrian-compartir-la-planta-de-residuos\/#article","isPartOf":{"@id":"https:\/\/patagoniambiental.com.ar\/info\/la-localidad-balnearia-manifestaron-su-preocupacion-por-la-falta-de-obras-rada-tilly-y-comodoro-rivadavia-podrian-compartir-la-planta-de-residuos\/"},"author":{"name":"Patagonia Ambiental","@id":"https:\/\/patagoniambiental.com.ar\/info\/#\/schema\/person\/db12bff64bbcbf6a253710bf0ea37b5d"},"headline":"Rada Tilly y Comodoro Rivadavia podr\u00edan compartir la planta de residuos por falta de obras","datePublished":"2019-05-14T22:00:09+00:00","mainEntityOfPage":{"@id":"https:\/\/patagoniambiental.com.ar\/info\/la-localidad-balnearia-manifestaron-su-preocupacion-por-la-falta-de-obras-rada-tilly-y-comodoro-rivadavia-podrian-compartir-la-planta-de-residuos\/"},"wordCount":570,"commentCount":0,"publisher":{"@id":"https:\/\/patagoniambiental.com.ar\/info\/#organization"},"image":{"@id":"https:\/\/patagoniambiental.com.ar\/info\/la-localidad-balnearia-manifestaron-su-preocupacion-por-la-falta-de-obras-rada-tilly-y-comodoro-rivadavia-podrian-compartir-la-planta-de-residuos\/#primaryimage"},"thumbnailUrl":"https:\/\/patagoniambiental.com.ar\/info\/wp-content\/uploads\/2019\/05\/Ce.jpg","articleSection":["GIRSU","Municipales","Noticias"],"inLanguage":"es","potentialAction":[{"@type":"CommentAction","name":"Comment","target":["https:\/\/patagoniambiental.com.ar\/info\/la-localidad-balnearia-manifestaron-su-preocupacion-por-la-falta-de-obras-rada-tilly-y-comodoro-rivadavia-podrian-compartir-la-planta-de-residuos\/#respond"]}]},{"@type":"WebPage","@id":"https:\/\/patagoniambiental.com.ar\/info\/la-localidad-balnearia-manifestaron-su-preocupacion-por-la-falta-de-obras-rada-tilly-y-comodoro-rivadavia-podrian-compartir-la-planta-de-residuos\/","url":"https:\/\/patagoniambiental.com.ar\/info\/la-localidad-balnearia-manifestaron-su-preocupacion-por-la-falta-de-obras-rada-tilly-y-comodoro-rivadavia-podrian-compartir-la-planta-de-residuos\/","name":"Rada Tilly y Comodoro Rivadavia podr\u00edan compartir la planta de residuos por falta de obras","isPartOf":{"@id":"https:\/\/patagoniambiental.com.ar\/info\/#website"},"primaryImageOfPage":{"@id":"https:\/\/patagoniambiental.com.ar\/info\/la-localidad-balnearia-manifestaron-su-preocupacion-por-la-falta-de-obras-rada-tilly-y-comodoro-rivadavia-podrian-compartir-la-planta-de-residuos\/#primaryimage"},"image":{"@id":"https:\/\/patagoniambiental.com.ar\/info\/la-localidad-balnearia-manifestaron-su-preocupacion-por-la-falta-de-obras-rada-tilly-y-comodoro-rivadavia-podrian-compartir-la-planta-de-residuos\/#primaryimage"},"thumbnailUrl":"https:\/\/patagoniambiental.com.ar\/info\/wp-content\/uploads\/2019\/05\/Ce.jpg","datePublished":"2019-05-14T22:00:09+00:00","breadcrumb":{"@id":"https:\/\/patagoniambiental.com.ar\/info\/la-localidad-balnearia-manifestaron-su-preocupacion-por-la-falta-de-obras-rada-tilly-y-comodoro-rivadavia-podrian-compartir-la-planta-de-residuos\/#breadcrumb"},"inLanguage":"es","potentialAction":[{"@type":"ReadAction","target":["https:\/\/patagoniambiental.com.ar\/info\/la-localidad-balnearia-manifestaron-su-preocupacion-por-la-falta-de-obras-rada-tilly-y-comodoro-rivadavia-podrian-compartir-la-planta-de-residuos\/"]}]},{"@type":"ImageObject","inLanguage":"es","@id":"https:\/\/patagoniambiental.com.ar\/info\/la-localidad-balnearia-manifestaron-su-preocupacion-por-la-falta-de-obras-rada-tilly-y-comodoro-rivadavia-podrian-compartir-la-planta-de-residuos\/#primaryimage","url":"https:\/\/patagoniambiental.com.ar\/info\/wp-content\/uploads\/2019\/05\/Ce.jpg","contentUrl":"https:\/\/patagoniambiental.com.ar\/info\/wp-content\/uploads\/2019\/05\/Ce.jpg","width":400,"height":225},{"@type":"BreadcrumbList","@id":"https:\/\/patagoniambiental.com.ar\/info\/la-localidad-balnearia-manifestaron-su-preocupacion-por-la-falta-de-obras-rada-tilly-y-comodoro-rivadavia-podrian-compartir-la-planta-de-residuos\/#breadcrumb","itemListElement":[{"@type":"ListItem","position":1,"name":"Inicio","item":"https:\/\/patagoniambiental.com.ar\/info\/"},{"@type":"ListItem","position":2,"name":"Rada Tilly y Comodoro Rivadavia podr\u00edan compartir la planta de residuos por falta de obras"}]},{"@type":"WebSite","@id":"https:\/\/patagoniambiental.com.ar\/info\/#website","url":"https:\/\/patagoniambiental.com.ar\/info\/","name":"Patagonia Ambiental","description":"Monitoreo y an\u00e1lisis de la situaci\u00f3n geopol\u00edtica en el mundo y su implicancia en la Patagonia","publisher":{"@id":"https:\/\/patagoniambiental.com.ar\/info\/#organization"},"potentialAction":[{"@type":"SearchAction","target":{"@type":"EntryPoint","urlTemplate":"https:\/\/patagoniambiental.com.ar\/info\/?s={search_term_string}"},"query-input":{"@type":"PropertyValueSpecification","valueRequired":true,"valueName":"search_term_string"}}],"inLanguage":"es"},{"@type":"Organization","@id":"https:\/\/patagoniambiental.com.ar\/info\/#organization","name":"Patagonia Ambiental","url":"https:\/\/patagoniambiental.com.ar\/info\/","logo":{"@type":"ImageObject","inLanguage":"es","@id":"https:\/\/patagoniambiental.com.ar\/info\/#\/schema\/logo\/image\/","url":"https:\/\/patagoniambiental.com.ar\/info\/wp-content\/uploads\/2025\/05\/LOGO-PATAGONIA-AMBIENTAL.png","contentUrl":"https:\/\/patagoniambiental.com.ar\/info\/wp-content\/uploads\/2025\/05\/LOGO-PATAGONIA-AMBIENTAL.png","width":433,"height":250,"caption":"Patagonia Ambiental"},"image":{"@id":"https:\/\/patagoniambiental.com.ar\/info\/#\/schema\/logo\/image\/"},"sameAs":["https:\/\/www.facebook.com\/patagonia.ambiental","https:\/\/x.com\/PatAmb"]},{"@type":"Person","@id":"https:\/\/patagoniambiental.com.ar\/info\/#\/schema\/person\/db12bff64bbcbf6a253710bf0ea37b5d","name":"Patagonia Ambiental","description":"Andr\u00e9s Nievas T\u00e9cnico en manejo ambiental, consultor Ambiental y escritor para medios locales e internacionales sobre temas de geopolitica y medio ambiente.","sameAs":["http:\/\/www.patagoniambiental.com.ar","https:\/\/www.facebook.com\/share\/1C1V8Gv9BX\/?mibextid=qi2Omg","@patagoniambiental","https:\/\/youtube.com\/@patagoniaambiental2023?si=BLt58t0wuXquxlYZ"]}]}},"_links":{"self":[{"href":"https:\/\/patagoniambiental.com.ar\/info\/wp-json\/wp\/v2\/posts\/61106","targetHints":{"allow":["GET"]}}],"collection":[{"href":"https:\/\/patagoniambiental.com.ar\/info\/wp-json\/wp\/v2\/posts"}],"about":[{"href":"https:\/\/patagoniambiental.com.ar\/info\/wp-json\/wp\/v2\/types\/post"}],"author":[{"embeddable":true,"href":"https:\/\/patagoniambiental.com.ar\/info\/wp-json\/wp\/v2\/users\/2"}],"replies":[{"embeddable":true,"href":"https:\/\/patagoniambiental.com.ar\/info\/wp-json\/wp\/v2\/comments?post=61106"}],"version-history":[{"count":0,"href":"https:\/\/patagoniambiental.com.ar\/info\/wp-json\/wp\/v2\/posts\/61106\/revisions"}],"wp:featuredmedia":[{"embeddable":true,"href":"https:\/\/patagoniambiental.com.ar\/info\/wp-json\/wp\/v2\/media\/61107"}],"wp:attachment":[{"href":"https:\/\/patagoniambiental.com.ar\/info\/wp-json\/wp\/v2\/media?parent=61106"}],"wp:term":[{"taxonomy":"category","embeddable":true,"href":"https:\/\/patagoniambiental.com.ar\/info\/wp-json\/wp\/v2\/categories?post=61106"},{"taxonomy":"post_tag","embeddable":true,"href":"https:\/\/patagoniambiental.com.ar\/info\/wp-json\/wp\/v2\/tags?post=61106"}],"curies":[{"name":"wp","href":"https:\/\/api.w.org\/{rel}","templated":true}]}}